{"id":4259,"date":"2024-03-06T11:18:26","date_gmt":"2024-03-06T15:18:26","guid":{"rendered":"https:\/\/www.manaus.am.gov.br\/semtepi\/sem-categoria\/casa-de-praia-zezinho-correa-programacao-dia-da-mulher\/"},"modified":"2024-03-06T12:14:03","modified_gmt":"2024-03-06T16:14:03","slug":"casa-de-praia-zezinho-correa-programacao-dia-da-mulher","status":"publish","type":"post","link":"https:\/\/www.manaus.am.gov.br\/semtepi\/homenagem\/casa-de-praia-zezinho-correa-programacao-dia-da-mulher\/","title":{"rendered":"Casa de Praia Zezinho Corr\u00eaa recebe programa\u00e7\u00e3o especial em homenagem \u00e0s mulheres nesta sexta-feira, 8\/3"},"content":{"rendered":"\n<p>Em comemora\u00e7\u00e3o ao Dia Internacional da Mulher, a Casa de Praia Zezinho Corr\u00eaa, administrada pela Prefeitura de Manaus, por meio da Secretaria Municipal do Trabalho, Empreendedorismo e Inova\u00e7\u00e3o (Semtepi), recebe, nesta sexta-feira, 8\/3, a partir das 18h, uma programa\u00e7\u00e3o especial e gratuita para o p\u00fablico feminino com tr\u00eas atra\u00e7\u00f5es locais. O espa\u00e7o fica localizado na avenida Coronel Teixeira, no complexo tur\u00edstico Ponta Negra, zona Oeste da cidade.<\/p>\n\n\n\n<p>A programa\u00e7\u00e3o inicia com o pr\u00e9-show da cantora Nara da Mata, trazendo as melhores can\u00e7\u00f5es da M\u00fasica Popular Brasileira (MPB) e demais g\u00eaneros. A artista tamb\u00e9m \u00e9 conhecida por se apresentar em v\u00e1rios bares, restaurantes e eventos na cidade.<\/p>\n\n\n\n<p>\u201cEstamos promovendo este evento como forma de homenagear as mulheres, bem como fazer ressalva ao talento e empoderamento feminino, visando fortalecer o valor social delas na cidade, al\u00e9m de fomentar o empreendedorismo e turismo locais. Convido a todos para participarem deste evento especial\u201d, disse o secret\u00e1rio da Semtepi, Radyr J\u00fanior.<\/p>\n\n\n\n<p>Na sequ\u00eancia, a cantora F\u00e1tima Silva subir\u00e1 ao palco Murilo Rayol para dar continuidade aos shows musicais. Com mais de 20 anos de carreira, a int\u00e9rprete se apresentar\u00e1 com um repert\u00f3rio de m\u00fasicas produzidas no Amazonas.<\/p>\n\n\n\n<p>Para encerrar o happy hour especial dedicado \u00e0s mulheres, o show do cantor amazonense M\u00e1rcio Cigano vai trazer muitas m\u00fasicas do cen\u00e1rio sertanejo e forr\u00f3 para agitar a noite dos manauaras.<\/p>\n\n\n\n<p>Al\u00e9m da estrutura para shows, a casa de praia tamb\u00e9m oferece servi\u00e7os gastron\u00f4micos com v\u00e1rios restaurantes de sabor amaz\u00f4nico, playground para crian\u00e7as e espa\u00e7o para toda a fam\u00edlia curtir a cultura local.<\/p>\n\n\n\n<p>&#8212; &#8212; &#8212;<\/p>\n\n\n\n<p><strong>Texto \u2013 <\/strong>Fabiane Monteiro \/ Semtepi<\/p>\n\n\n\n<p><strong>Foto \u2013 <\/strong>Arquivo \/ Semcom<\/p>\n","protected":false},"excerpt":{"rendered":"","protected":false},"author":39,"featured_media":4134,"comment_status":"closed","ping_status":"closed","sticky":false,"template":"","format":"standard","meta":{"footnotes":""},"categories":[48],"tags":[987,988,989,8,990,9,991],"acf":[],"yoast_head":"<!-- This site is optimized with the Yoast SEO plugin v23.0 - https:\/\/yoast.com\/wordpress\/plugins\/seo\/ -->\n<title>Programa\u00e7\u00e3o especial em homenagem \u00e0s mulheres<\/title>\n<meta name=\"description\" content=\"Casa de Praia Zezinho Corr\u00eaa recebe programa\u00e7\u00e3o especial em homenagem \u00e0s mulheres nesta sexta-feira, 8\/3, com atra\u00e7\u00f5es locais.\" \/>\n<meta name=\"robots\" content=\"noindex, follow\" \/>\n<meta property=\"og:locale\" content=\"pt_BR\" \/>\n<meta property=\"og:type\" content=\"article\" \/>\n<meta property=\"og:title\" content=\"Programa\u00e7\u00e3o especial em homenagem \u00e0s mulheres\" \/>\n<meta property=\"og:description\" content=\"Casa de Praia Zezinho Corr\u00eaa recebe programa\u00e7\u00e3o especial em homenagem \u00e0s mulheres nesta sexta-feira, 8\/3, com atra\u00e7\u00f5es locais.\" \/>\n<meta property=\"og:url\" content=\"https:\/\/www.manaus.am.gov.br\/semtepi\/homenagem\/casa-de-praia-zezinho-correa-programacao-dia-da-mulher\/\" \/>\n<meta property=\"og:site_name\" content=\"SEMTEPI\" \/>\n<meta property=\"article:published_time\" content=\"2024-03-06T15:18:26+00:00\" \/>\n<meta property=\"article:modified_time\" content=\"2024-03-06T16:14:03+00:00\" \/>\n<meta property=\"og:image\" content=\"https:\/\/www.manaus.am.gov.br\/semtepi\/wp-content\/uploads\/sites\/20\/2024\/02\/Casa-de-Praia-Zezinho-Correa-1.jpg\" \/>\n\t<meta property=\"og:image:width\" content=\"2048\" \/>\n\t<meta property=\"og:image:height\" content=\"1152\" \/>\n\t<meta property=\"og:image:type\" content=\"image\/jpeg\" \/>\n<meta name=\"author\" content=\"Bruna Greco\" \/>\n<meta name=\"twitter:card\" content=\"summary_large_image\" \/>\n<meta name=\"twitter:label1\" content=\"Written by\" \/>\n\t<meta name=\"twitter:data1\" content=\"Bruna Greco\" \/>\n\t<meta name=\"twitter:label2\" content=\"Est. reading time\" \/>\n\t<meta name=\"twitter:data2\" content=\"2 minutos\" \/>\n<script type=\"application\/ld+json\" class=\"yoast-schema-graph\">{\"@context\":\"https:\/\/schema.org\",\"@graph\":[{\"@type\":\"Article\",\"@id\":\"https:\/\/www.manaus.am.gov.br\/semtepi\/homenagem\/casa-de-praia-zezinho-correa-programacao-dia-da-mulher\/#article\",\"isPartOf\":{\"@id\":\"https:\/\/www.manaus.am.gov.br\/semtepi\/homenagem\/casa-de-praia-zezinho-correa-programacao-dia-da-mulher\/\"},\"author\":{\"name\":\"Bruna Greco\",\"@id\":\"https:\/\/www.manaus.am.gov.br\/semtepi\/#\/schema\/person\/05d223aea2bf115f9883a6ff3683d81b\"},\"headline\":\"Casa de Praia Zezinho Corr\u00eaa recebe programa\u00e7\u00e3o especial em homenagem \u00e0s mulheres nesta sexta-feira, 8\/3\",\"datePublished\":\"2024-03-06T15:18:26+00:00\",\"dateModified\":\"2024-03-06T16:14:03+00:00\",\"mainEntityOfPage\":{\"@id\":\"https:\/\/www.manaus.am.gov.br\/semtepi\/homenagem\/casa-de-praia-zezinho-correa-programacao-dia-da-mulher\/\"},\"wordCount\":314,\"publisher\":{\"@id\":\"https:\/\/www.manaus.am.gov.br\/semtepi\/#organization\"},\"image\":{\"@id\":\"https:\/\/www.manaus.am.gov.br\/semtepi\/homenagem\/casa-de-praia-zezinho-correa-programacao-dia-da-mulher\/#primaryimage\"},\"thumbnailUrl\":\"https:\/\/www.manaus.am.gov.br\/semtepi\/wp-content\/uploads\/sites\/20\/2024\/02\/Casa-de-Praia-Zezinho-Correa-1.jpg\",\"keywords\":[\"8 de mar\u00e7o\",\"dia internacional da mulher\",\"homenagem \u00e0s mulheres\",\"prefeitura de manaus\",\"programa\u00e7\u00e3o especial\",\"Semtepi\",\"tr\u00eas atra\u00e7\u00f5es locais\"],\"articleSection\":[\"Homenagem\"],\"inLanguage\":\"pt-BR\"},{\"@type\":\"WebPage\",\"@id\":\"https:\/\/www.manaus.am.gov.br\/semtepi\/homenagem\/casa-de-praia-zezinho-correa-programacao-dia-da-mulher\/\",\"url\":\"https:\/\/www.manaus.am.gov.br\/semtepi\/homenagem\/casa-de-praia-zezinho-correa-programacao-dia-da-mulher\/\",\"name\":\"Programa\u00e7\u00e3o especial em homenagem \u00e0s mulheres\",\"isPartOf\":{\"@id\":\"https:\/\/www.manaus.am.gov.br\/semtepi\/#website\"},\"primaryImageOfPage\":{\"@id\":\"https:\/\/www.manaus.am.gov.br\/semtepi\/homenagem\/casa-de-praia-zezinho-correa-programacao-dia-da-mulher\/#primaryimage\"},\"image\":{\"@id\":\"https:\/\/www.manaus.am.gov.br\/semtepi\/homenagem\/casa-de-praia-zezinho-correa-programacao-dia-da-mulher\/#primaryimage\"},\"thumbnailUrl\":\"https:\/\/www.manaus.am.gov.br\/semtepi\/wp-content\/uploads\/sites\/20\/2024\/02\/Casa-de-Praia-Zezinho-Correa-1.jpg\",\"datePublished\":\"2024-03-06T15:18:26+00:00\",\"dateModified\":\"2024-03-06T16:14:03+00:00\",\"description\":\"Casa de Praia Zezinho Corr\u00eaa recebe programa\u00e7\u00e3o especial em homenagem \u00e0s mulheres nesta sexta-feira, 8\/3, com atra\u00e7\u00f5es locais.\",\"breadcrumb\":{\"@id\":\"https:\/\/www.manaus.am.gov.br\/semtepi\/homenagem\/casa-de-praia-zezinho-correa-programacao-dia-da-mulher\/#breadcrumb\"},\"inLanguage\":\"pt-BR\",\"potentialAction\":[{\"@type\":\"ReadAction\",\"target\":[\"https:\/\/www.manaus.am.gov.br\/semtepi\/homenagem\/casa-de-praia-zezinho-correa-programacao-dia-da-mulher\/\"]}]},{\"@type\":\"ImageObject\",\"inLanguage\":\"pt-BR\",\"@id\":\"https:\/\/www.manaus.am.gov.br\/semtepi\/homenagem\/casa-de-praia-zezinho-correa-programacao-dia-da-mulher\/#primaryimage\",\"url\":\"https:\/\/www.manaus.am.gov.br\/semtepi\/wp-content\/uploads\/sites\/20\/2024\/02\/Casa-de-Praia-Zezinho-Correa-1.jpg\",\"contentUrl\":\"https:\/\/www.manaus.am.gov.br\/semtepi\/wp-content\/uploads\/sites\/20\/2024\/02\/Casa-de-Praia-Zezinho-Correa-1.jpg\",\"width\":2048,\"height\":1152,\"caption\":\"#paratodosverem - Imagem a\u00e9rea da Casa de Praia Zezinho Corr\u00eaa no complexo tur\u00edstico Ponta Negra\"},{\"@type\":\"BreadcrumbList\",\"@id\":\"https:\/\/www.manaus.am.gov.br\/semtepi\/homenagem\/casa-de-praia-zezinho-correa-programacao-dia-da-mulher\/#breadcrumb\",\"itemListElement\":[{\"@type\":\"ListItem\",\"position\":1,\"name\":\"Home\",\"item\":\"https:\/\/www.manaus.am.gov.br\/semtepi\/\"},{\"@type\":\"ListItem\",\"position\":2,\"name\":\"Casa de Praia Zezinho Corr\u00eaa recebe programa\u00e7\u00e3o especial em homenagem \u00e0s mulheres nesta sexta-feira, 8\/3\"}]},{\"@type\":\"WebSite\",\"@id\":\"https:\/\/www.manaus.am.gov.br\/semtepi\/#website\",\"url\":\"https:\/\/www.manaus.am.gov.br\/semtepi\/\",\"name\":\"SEMTEPI\",\"description\":\"Prefeitura de Manaus\",\"publisher\":{\"@id\":\"https:\/\/www.manaus.am.gov.br\/semtepi\/#organization\"},\"alternateName\":\"Secretaria Municipal do Trabalho, Empreendedorismo e Inova\u00e7\u00e3o\",\"potentialAction\":[{\"@type\":\"SearchAction\",\"target\":{\"@type\":\"EntryPoint\",\"urlTemplate\":\"https:\/\/www.manaus.am.gov.br\/semtepi\/?s={search_term_string}\"},\"query-input\":\"required name=search_term_string\"}],\"inLanguage\":\"pt-BR\"},{\"@type\":\"Organization\",\"@id\":\"https:\/\/www.manaus.am.gov.br\/semtepi\/#organization\",\"name\":\"Prefeitura Municipal de Manaus\",\"alternateName\":\"Prefeitura de Manaus\",\"url\":\"https:\/\/www.manaus.am.gov.br\/semtepi\/\",\"logo\":{\"@type\":\"ImageObject\",\"inLanguage\":\"pt-BR\",\"@id\":\"https:\/\/www.manaus.am.gov.br\/semtepi\/#\/schema\/logo\/image\/\",\"url\":\"https:\/\/www.manaus.am.gov.br\/semtepi\/wp-content\/uploads\/sites\/20\/2024\/07\/favicon.png\",\"contentUrl\":\"https:\/\/www.manaus.am.gov.br\/semtepi\/wp-content\/uploads\/sites\/20\/2024\/07\/favicon.png\",\"width\":300,\"height\":300,\"caption\":\"Prefeitura Municipal de Manaus\"},\"image\":{\"@id\":\"https:\/\/www.manaus.am.gov.br\/semtepi\/#\/schema\/logo\/image\/\"}},{\"@type\":\"Person\",\"@id\":\"https:\/\/www.manaus.am.gov.br\/semtepi\/#\/schema\/person\/05d223aea2bf115f9883a6ff3683d81b\",\"name\":\"Bruna Greco\",\"image\":{\"@type\":\"ImageObject\",\"inLanguage\":\"pt-BR\",\"@id\":\"https:\/\/www.manaus.am.gov.br\/semtepi\/#\/schema\/person\/image\/\",\"url\":\"https:\/\/secure.gravatar.com\/avatar\/9c877d1a6adc2a055330e5c09a8653ce?s=96&d=mm&r=g\",\"contentUrl\":\"https:\/\/secure.gravatar.com\/avatar\/9c877d1a6adc2a055330e5c09a8653ce?s=96&d=mm&r=g\",\"caption\":\"Bruna Greco\"}}]}<\/script>\n<!-- \/ Yoast SEO plugin. -->","yoast_head_json":{"title":"Programa\u00e7\u00e3o especial em homenagem \u00e0s mulheres","description":"Casa de Praia Zezinho Corr\u00eaa recebe programa\u00e7\u00e3o especial em homenagem \u00e0s mulheres nesta sexta-feira, 8\/3, com atra\u00e7\u00f5es locais.","robots":{"index":"noindex","follow":"follow"},"og_locale":"pt_BR","og_type":"article","og_title":"Programa\u00e7\u00e3o especial em homenagem \u00e0s mulheres","og_description":"Casa de Praia Zezinho Corr\u00eaa recebe programa\u00e7\u00e3o especial em homenagem \u00e0s mulheres nesta sexta-feira, 8\/3, com atra\u00e7\u00f5es locais.","og_url":"https:\/\/www.manaus.am.gov.br\/semtepi\/homenagem\/casa-de-praia-zezinho-correa-programacao-dia-da-mulher\/","og_site_name":"SEMTEPI","article_published_time":"2024-03-06T15:18:26+00:00","article_modified_time":"2024-03-06T16:14:03+00:00","og_image":[{"width":2048,"height":1152,"url":"https:\/\/www.manaus.am.gov.br\/semtepi\/wp-content\/uploads\/sites\/20\/2024\/02\/Casa-de-Praia-Zezinho-Correa-1.jpg","type":"image\/jpeg"}],"author":"Bruna Greco","twitter_card":"summary_large_image","twitter_misc":{"Written by":"Bruna Greco","Est. reading time":"2 minutos"},"schema":{"@context":"https:\/\/schema.org","@graph":[{"@type":"Article","@id":"https:\/\/www.manaus.am.gov.br\/semtepi\/homenagem\/casa-de-praia-zezinho-correa-programacao-dia-da-mulher\/#article","isPartOf":{"@id":"https:\/\/www.manaus.am.gov.br\/semtepi\/homenagem\/casa-de-praia-zezinho-correa-programacao-dia-da-mulher\/"},"author":{"name":"Bruna Greco","@id":"https:\/\/www.manaus.am.gov.br\/semtepi\/#\/schema\/person\/05d223aea2bf115f9883a6ff3683d81b"},"headline":"Casa de Praia Zezinho Corr\u00eaa recebe programa\u00e7\u00e3o especial em homenagem \u00e0s mulheres nesta sexta-feira, 8\/3","datePublished":"2024-03-06T15:18:26+00:00","dateModified":"2024-03-06T16:14:03+00:00","mainEntityOfPage":{"@id":"https:\/\/www.manaus.am.gov.br\/semtepi\/homenagem\/casa-de-praia-zezinho-correa-programacao-dia-da-mulher\/"},"wordCount":314,"publisher":{"@id":"https:\/\/www.manaus.am.gov.br\/semtepi\/#organization"},"image":{"@id":"https:\/\/www.manaus.am.gov.br\/semtepi\/homenagem\/casa-de-praia-zezinho-correa-programacao-dia-da-mulher\/#primaryimage"},"thumbnailUrl":"https:\/\/www.manaus.am.gov.br\/semtepi\/wp-content\/uploads\/sites\/20\/2024\/02\/Casa-de-Praia-Zezinho-Correa-1.jpg","keywords":["8 de mar\u00e7o","dia internacional da mulher","homenagem \u00e0s mulheres","prefeitura de manaus","programa\u00e7\u00e3o especial","Semtepi","tr\u00eas atra\u00e7\u00f5es locais"],"articleSection":["Homenagem"],"inLanguage":"pt-BR"},{"@type":"WebPage","@id":"https:\/\/www.manaus.am.gov.br\/semtepi\/homenagem\/casa-de-praia-zezinho-correa-programacao-dia-da-mulher\/","url":"https:\/\/www.manaus.am.gov.br\/semtepi\/homenagem\/casa-de-praia-zezinho-correa-programacao-dia-da-mulher\/","name":"Programa\u00e7\u00e3o especial em homenagem \u00e0s mulheres","isPartOf":{"@id":"https:\/\/www.manaus.am.gov.br\/semtepi\/#website"},"primaryImageOfPage":{"@id":"https:\/\/www.manaus.am.gov.br\/semtepi\/homenagem\/casa-de-praia-zezinho-correa-programacao-dia-da-mulher\/#primaryimage"},"image":{"@id":"https:\/\/www.manaus.am.gov.br\/semtepi\/homenagem\/casa-de-praia-zezinho-correa-programacao-dia-da-mulher\/#primaryimage"},"thumbnailUrl":"https:\/\/www.manaus.am.gov.br\/semtepi\/wp-content\/uploads\/sites\/20\/2024\/02\/Casa-de-Praia-Zezinho-Correa-1.jpg","datePublished":"2024-03-06T15:18:26+00:00","dateModified":"2024-03-06T16:14:03+00:00","description":"Casa de Praia Zezinho Corr\u00eaa recebe programa\u00e7\u00e3o especial em homenagem \u00e0s mulheres nesta sexta-feira, 8\/3, com atra\u00e7\u00f5es locais.","breadcrumb":{"@id":"https:\/\/www.manaus.am.gov.br\/semtepi\/homenagem\/casa-de-praia-zezinho-correa-programacao-dia-da-mulher\/#breadcrumb"},"inLanguage":"pt-BR","potentialAction":[{"@type":"ReadAction","target":["https:\/\/www.manaus.am.gov.br\/semtepi\/homenagem\/casa-de-praia-zezinho-correa-programacao-dia-da-mulher\/"]}]},{"@type":"ImageObject","inLanguage":"pt-BR","@id":"https:\/\/www.manaus.am.gov.br\/semtepi\/homenagem\/casa-de-praia-zezinho-correa-programacao-dia-da-mulher\/#primaryimage","url":"https:\/\/www.manaus.am.gov.br\/semtepi\/wp-content\/uploads\/sites\/20\/2024\/02\/Casa-de-Praia-Zezinho-Correa-1.jpg","contentUrl":"https:\/\/www.manaus.am.gov.br\/semtepi\/wp-content\/uploads\/sites\/20\/2024\/02\/Casa-de-Praia-Zezinho-Correa-1.jpg","width":2048,"height":1152,"caption":"#paratodosverem - Imagem a\u00e9rea da Casa de Praia Zezinho Corr\u00eaa no complexo tur\u00edstico Ponta Negra"},{"@type":"BreadcrumbList","@id":"https:\/\/www.manaus.am.gov.br\/semtepi\/homenagem\/casa-de-praia-zezinho-correa-programacao-dia-da-mulher\/#breadcrumb","itemListElement":[{"@type":"ListItem","position":1,"name":"Home","item":"https:\/\/www.manaus.am.gov.br\/semtepi\/"},{"@type":"ListItem","position":2,"name":"Casa de Praia Zezinho Corr\u00eaa recebe programa\u00e7\u00e3o especial em homenagem \u00e0s mulheres nesta sexta-feira, 8\/3"}]},{"@type":"WebSite","@id":"https:\/\/www.manaus.am.gov.br\/semtepi\/#website","url":"https:\/\/www.manaus.am.gov.br\/semtepi\/","name":"SEMTEPI","description":"Prefeitura de Manaus","publisher":{"@id":"https:\/\/www.manaus.am.gov.br\/semtepi\/#organization"},"alternateName":"Secretaria Municipal do Trabalho, Empreendedorismo e Inova\u00e7\u00e3o","potentialAction":[{"@type":"SearchAction","target":{"@type":"EntryPoint","urlTemplate":"https:\/\/www.manaus.am.gov.br\/semtepi\/?s={search_term_string}"},"query-input":"required name=search_term_string"}],"inLanguage":"pt-BR"},{"@type":"Organization","@id":"https:\/\/www.manaus.am.gov.br\/semtepi\/#organization","name":"Prefeitura Municipal de Manaus","alternateName":"Prefeitura de Manaus","url":"https:\/\/www.manaus.am.gov.br\/semtepi\/","logo":{"@type":"ImageObject","inLanguage":"pt-BR","@id":"https:\/\/www.manaus.am.gov.br\/semtepi\/#\/schema\/logo\/image\/","url":"https:\/\/www.manaus.am.gov.br\/semtepi\/wp-content\/uploads\/sites\/20\/2024\/07\/favicon.png","contentUrl":"https:\/\/www.manaus.am.gov.br\/semtepi\/wp-content\/uploads\/sites\/20\/2024\/07\/favicon.png","width":300,"height":300,"caption":"Prefeitura Municipal de Manaus"},"image":{"@id":"https:\/\/www.manaus.am.gov.br\/semtepi\/#\/schema\/logo\/image\/"}},{"@type":"Person","@id":"https:\/\/www.manaus.am.gov.br\/semtepi\/#\/schema\/person\/05d223aea2bf115f9883a6ff3683d81b","name":"Bruna Greco","image":{"@type":"ImageObject","inLanguage":"pt-BR","@id":"https:\/\/www.manaus.am.gov.br\/semtepi\/#\/schema\/person\/image\/","url":"https:\/\/secure.gravatar.com\/avatar\/9c877d1a6adc2a055330e5c09a8653ce?s=96&d=mm&r=g","contentUrl":"https:\/\/secure.gravatar.com\/avatar\/9c877d1a6adc2a055330e5c09a8653ce?s=96&d=mm&r=g","caption":"Bruna Greco"}}]}},"_links":{"self":[{"href":"https:\/\/www.manaus.am.gov.br\/semtepi\/wp-json\/wp\/v2\/posts\/4259"}],"collection":[{"href":"https:\/\/www.manaus.am.gov.br\/semtepi\/wp-json\/wp\/v2\/posts"}],"about":[{"href":"https:\/\/www.manaus.am.gov.br\/semtepi\/wp-json\/wp\/v2\/types\/post"}],"author":[{"embeddable":true,"href":"https:\/\/www.manaus.am.gov.br\/semtepi\/wp-json\/wp\/v2\/users\/39"}],"replies":[{"embeddable":true,"href":"https:\/\/www.manaus.am.gov.br\/semtepi\/wp-json\/wp\/v2\/comments?post=4259"}],"version-history":[{"count":2,"href":"https:\/\/www.manaus.am.gov.br\/semtepi\/wp-json\/wp\/v2\/posts\/4259\/revisions"}],"predecessor-version":[{"id":4263,"href":"https:\/\/www.manaus.am.gov.br\/semtepi\/wp-json\/wp\/v2\/posts\/4259\/revisions\/4263"}],"wp:featuredmedia":[{"embeddable":true,"href":"https:\/\/www.manaus.am.gov.br\/semtepi\/wp-json\/wp\/v2\/media\/4134"}],"wp:attachment":[{"href":"https:\/\/www.manaus.am.gov.br\/semtepi\/wp-json\/wp\/v2\/media?parent=4259"}],"wp:term":[{"taxonomy":"category","embeddable":true,"href":"https:\/\/www.manaus.am.gov.br\/semtepi\/wp-json\/wp\/v2\/categories?post=4259"},{"taxonomy":"post_tag","embeddable":true,"href":"https:\/\/www.manaus.am.gov.br\/semtepi\/wp-json\/wp\/v2\/tags?post=4259"}],"curies":[{"name":"wp","href":"https:\/\/api.w.org\/{rel}","templated":true}]}}