{"id":4225,"date":"2024-02-29T17:06:42","date_gmt":"2024-02-29T21:06:42","guid":{"rendered":"https:\/\/www.manaus.am.gov.br\/semtepi\/sem-categoria\/prefeitura-de-manaus-certifica-turma-de-63-alunos-do-curso-de-tbo\/"},"modified":"2024-02-29T17:15:06","modified_gmt":"2024-02-29T21:15:06","slug":"certifica-turma-curso-tbo","status":"publish","type":"post","link":"https:\/\/www.manaus.am.gov.br\/semtepi\/capacitacao\/certifica-turma-curso-tbo\/","title":{"rendered":"Prefeitura de Manaus certifica turma de 63 alunos do curso de TBO"},"content":{"rendered":"\n<p>Em busca de qualificar a popula\u00e7\u00e3o, a Prefeitura de Manaus, por meio da Secretaria Municipal do Trabalho, Empreendedorismo e Inova\u00e7\u00e3o (Semtepi), em parceria com o instituto UniSaberMais, certificou, na tarde desta quinta-feira, 29\/2, 63 alunos participantes do curso de Treinamento B\u00e1sico Operacional (TBO). A certifica\u00e7\u00e3o aconteceu na Sala de Qualifica\u00e7\u00e3o Profissional da Central do Empreendedor, no shopping Phelippe Daou, bairro Cidade de Deus, zona Norte da cidade, mesmo local de realiza\u00e7\u00e3o das aulas.<\/p>\n\n\n\n<p>Com foco no trabalhador, o curso atingiu a capacidade m\u00e1xima de participantes, com a proposta de formar candidatos aptos para trabalhar com demandas do Distrito Industrial de Manaus, permitindo oportunidades de emprego na regi\u00e3o, al\u00e9m de fortalecer a qualifica\u00e7\u00e3o e a empregabilidade para toda a popula\u00e7\u00e3o.<\/p>\n\n\n\n<p>\u201cParab\u00e9ns aos certificados. Muitas pessoas desejariam estar no lugar que voc\u00eas ocupam hoje, para se qualificar, aprender e poder se candidatar a uma vaga de emprego. A partir desse curso, fa\u00e7am valer a pena todo o conhecimento que adquiriram ao longo desses tr\u00eas dias\u201d, frisou secret\u00e1rio da Semtepi, Radyr J\u00fanior.<\/p>\n\n\n\n<p>De acordo com a participante Gabriela Tarizes, o curso foi crucial para desenvolver suas habilidades na \u00e1rea. Desempregada h\u00e1 dois anos, a aluna j\u00e1 se candidatou para uma das vagas de emprego ofertadas pelo Sine Manaus e foi encaminhada para entrevista.<\/p>\n\n\n\n<p>\u201cAgrade\u00e7o \u00e0 Prefeitura de Manaus que, por meio da Semtepi e do instituto UniSaberMais, me concedeu a oportunidade \u00fanica e gratuita de participar deste curso. Por interm\u00e9dio dele, pude aprender sobre o TBO e sua relev\u00e2ncia, al\u00e9m de explorar informa\u00e7\u00f5es cruciais sobre o Distrito Industrial da nossa cidade e suas \u00e1reas de atua\u00e7\u00e3o na montagem e produ\u00e7\u00e3o. Esse conhecimento adquirido foi fundamental para me preparar e participar da entrevista de emprego\u201d, descreve Gabriela.<\/p>\n\n\n\n<p>&#8212; &#8212; &#8212;<\/p>\n\n\n\n<p><strong>Texto<\/strong> \u2013 Fabiane Monteiro \/ Semtepi<\/p>\n\n\n\n<p><strong>Fotos<\/strong> \u2013 Divulga\u00e7\u00e3o \/ Semtepi<\/p>\n","protected":false},"excerpt":{"rendered":"","protected":false},"author":61,"featured_media":4226,"comment_status":"closed","ping_status":"closed","sticky":false,"template":"","format":"standard","meta":{"footnotes":""},"categories":[51],"tags":[252,8,9,968],"acf":[],"yoast_head":"<!-- This site is optimized with the Yoast SEO plugin v23.0 - https:\/\/yoast.com\/wordpress\/plugins\/seo\/ -->\n<title>Prefeitura de Manaus certifica turma de 63 alunos do curso de TBO<\/title>\n<meta name=\"description\" content=\"A Prefeitura de Manaus certificou, na tarde desta quinta-feira, 29\/2, 63 alunos participantes do curso de Treinamento B\u00e1sico Operacional.\" \/>\n<meta name=\"robots\" content=\"noindex, follow\" \/>\n<meta property=\"og:locale\" content=\"pt_BR\" \/>\n<meta property=\"og:type\" content=\"article\" \/>\n<meta property=\"og:title\" content=\"Prefeitura de Manaus certifica turma de 63 alunos do curso de TBO\" \/>\n<meta property=\"og:description\" content=\"A Prefeitura de Manaus certificou, na tarde desta quinta-feira, 29\/2, 63 alunos participantes do curso de Treinamento B\u00e1sico Operacional.\" \/>\n<meta property=\"og:url\" content=\"https:\/\/www.manaus.am.gov.br\/semtepi\/capacitacao\/prefeitura-de-manaus-certifica-turma-de-63-alunos-do-curso-de-tbo\/\" \/>\n<meta property=\"og:site_name\" content=\"SEMTEPI\" \/>\n<meta property=\"article:published_time\" content=\"2024-02-29T21:06:42+00:00\" \/>\n<meta property=\"article:modified_time\" content=\"2024-02-29T21:15:06+00:00\" \/>\n<meta property=\"og:image\" content=\"https:\/\/www.manaus.am.gov.br\/semtepi\/wp-content\/uploads\/sites\/20\/2024\/02\/Curso-TBO-1.jpeg\" \/>\n\t<meta property=\"og:image:width\" content=\"1449\" \/>\n\t<meta property=\"og:image:height\" content=\"868\" \/>\n\t<meta property=\"og:image:type\" content=\"image\/jpeg\" \/>\n<meta name=\"author\" content=\"smonteiro\" \/>\n<meta name=\"twitter:card\" content=\"summary_large_image\" \/>\n<meta name=\"twitter:label1\" content=\"Written by\" \/>\n\t<meta name=\"twitter:data1\" content=\"smonteiro\" \/>\n\t<meta name=\"twitter:label2\" content=\"Est. reading time\" \/>\n\t<meta name=\"twitter:data2\" content=\"2 minutos\" \/>\n<script type=\"application\/ld+json\" class=\"yoast-schema-graph\">{\"@context\":\"https:\/\/schema.org\",\"@graph\":[{\"@type\":\"Article\",\"@id\":\"https:\/\/www.manaus.am.gov.br\/semtepi\/capacitacao\/prefeitura-de-manaus-certifica-turma-de-63-alunos-do-curso-de-tbo\/#article\",\"isPartOf\":{\"@id\":\"https:\/\/www.manaus.am.gov.br\/semtepi\/capacitacao\/prefeitura-de-manaus-certifica-turma-de-63-alunos-do-curso-de-tbo\/\"},\"author\":{\"name\":\"smonteiro\",\"@id\":\"https:\/\/www.manaus.am.gov.br\/semtepi\/#\/schema\/person\/ab4dcf766a54dff74e8d267f5c591961\"},\"headline\":\"Prefeitura de Manaus certifica turma de 63 alunos do curso de TBO\",\"datePublished\":\"2024-02-29T21:06:42+00:00\",\"dateModified\":\"2024-02-29T21:15:06+00:00\",\"mainEntityOfPage\":{\"@id\":\"https:\/\/www.manaus.am.gov.br\/semtepi\/capacitacao\/prefeitura-de-manaus-certifica-turma-de-63-alunos-do-curso-de-tbo\/\"},\"wordCount\":326,\"publisher\":{\"@id\":\"https:\/\/www.manaus.am.gov.br\/semtepi\/#organization\"},\"image\":{\"@id\":\"https:\/\/www.manaus.am.gov.br\/semtepi\/capacitacao\/prefeitura-de-manaus-certifica-turma-de-63-alunos-do-curso-de-tbo\/#primaryimage\"},\"thumbnailUrl\":\"https:\/\/www.manaus.am.gov.br\/semtepi\/wp-content\/uploads\/sites\/20\/2024\/02\/Curso-TBO-1.jpeg\",\"keywords\":[\"curso\",\"prefeitura de manaus\",\"Semtepi\",\"TBO\"],\"articleSection\":[\"Capacita\u00e7\u00e3o\"],\"inLanguage\":\"pt-BR\"},{\"@type\":\"WebPage\",\"@id\":\"https:\/\/www.manaus.am.gov.br\/semtepi\/capacitacao\/prefeitura-de-manaus-certifica-turma-de-63-alunos-do-curso-de-tbo\/\",\"url\":\"https:\/\/www.manaus.am.gov.br\/semtepi\/capacitacao\/prefeitura-de-manaus-certifica-turma-de-63-alunos-do-curso-de-tbo\/\",\"name\":\"Prefeitura de Manaus certifica turma de 63 alunos do curso de TBO\",\"isPartOf\":{\"@id\":\"https:\/\/www.manaus.am.gov.br\/semtepi\/#website\"},\"primaryImageOfPage\":{\"@id\":\"https:\/\/www.manaus.am.gov.br\/semtepi\/capacitacao\/prefeitura-de-manaus-certifica-turma-de-63-alunos-do-curso-de-tbo\/#primaryimage\"},\"image\":{\"@id\":\"https:\/\/www.manaus.am.gov.br\/semtepi\/capacitacao\/prefeitura-de-manaus-certifica-turma-de-63-alunos-do-curso-de-tbo\/#primaryimage\"},\"thumbnailUrl\":\"https:\/\/www.manaus.am.gov.br\/semtepi\/wp-content\/uploads\/sites\/20\/2024\/02\/Curso-TBO-1.jpeg\",\"datePublished\":\"2024-02-29T21:06:42+00:00\",\"dateModified\":\"2024-02-29T21:15:06+00:00\",\"description\":\"A Prefeitura de Manaus certificou, na tarde desta quinta-feira, 29\/2, 63 alunos participantes do curso de Treinamento B\u00e1sico Operacional.\",\"breadcrumb\":{\"@id\":\"https:\/\/www.manaus.am.gov.br\/semtepi\/capacitacao\/prefeitura-de-manaus-certifica-turma-de-63-alunos-do-curso-de-tbo\/#breadcrumb\"},\"inLanguage\":\"pt-BR\",\"potentialAction\":[{\"@type\":\"ReadAction\",\"target\":[\"https:\/\/www.manaus.am.gov.br\/semtepi\/capacitacao\/prefeitura-de-manaus-certifica-turma-de-63-alunos-do-curso-de-tbo\/\"]}]},{\"@type\":\"ImageObject\",\"inLanguage\":\"pt-BR\",\"@id\":\"https:\/\/www.manaus.am.gov.br\/semtepi\/capacitacao\/prefeitura-de-manaus-certifica-turma-de-63-alunos-do-curso-de-tbo\/#primaryimage\",\"url\":\"https:\/\/www.manaus.am.gov.br\/semtepi\/wp-content\/uploads\/sites\/20\/2024\/02\/Curso-TBO-1.jpeg\",\"contentUrl\":\"https:\/\/www.manaus.am.gov.br\/semtepi\/wp-content\/uploads\/sites\/20\/2024\/02\/Curso-TBO-1.jpeg\",\"width\":1449,\"height\":868,\"caption\":\"#paratodosverem - alunos do curso de TBO mostram seus certificados\"},{\"@type\":\"BreadcrumbList\",\"@id\":\"https:\/\/www.manaus.am.gov.br\/semtepi\/capacitacao\/prefeitura-de-manaus-certifica-turma-de-63-alunos-do-curso-de-tbo\/#breadcrumb\",\"itemListElement\":[{\"@type\":\"ListItem\",\"position\":1,\"name\":\"Home\",\"item\":\"https:\/\/www.manaus.am.gov.br\/semtepi\/\"},{\"@type\":\"ListItem\",\"position\":2,\"name\":\"Prefeitura de Manaus certifica turma de 63 alunos do curso de TBO\"}]},{\"@type\":\"WebSite\",\"@id\":\"https:\/\/www.manaus.am.gov.br\/semtepi\/#website\",\"url\":\"https:\/\/www.manaus.am.gov.br\/semtepi\/\",\"name\":\"SEMTEPI\",\"description\":\"Prefeitura de Manaus\",\"publisher\":{\"@id\":\"https:\/\/www.manaus.am.gov.br\/semtepi\/#organization\"},\"alternateName\":\"Secretaria Municipal do Trabalho, Empreendedorismo e Inova\u00e7\u00e3o\",\"potentialAction\":[{\"@type\":\"SearchAction\",\"target\":{\"@type\":\"EntryPoint\",\"urlTemplate\":\"https:\/\/www.manaus.am.gov.br\/semtepi\/?s={search_term_string}\"},\"query-input\":\"required name=search_term_string\"}],\"inLanguage\":\"pt-BR\"},{\"@type\":\"Organization\",\"@id\":\"https:\/\/www.manaus.am.gov.br\/semtepi\/#organization\",\"name\":\"Prefeitura Municipal de Manaus\",\"alternateName\":\"Prefeitura de Manaus\",\"url\":\"https:\/\/www.manaus.am.gov.br\/semtepi\/\",\"logo\":{\"@type\":\"ImageObject\",\"inLanguage\":\"pt-BR\",\"@id\":\"https:\/\/www.manaus.am.gov.br\/semtepi\/#\/schema\/logo\/image\/\",\"url\":\"https:\/\/www.manaus.am.gov.br\/semtepi\/wp-content\/uploads\/sites\/20\/2024\/07\/favicon.png\",\"contentUrl\":\"https:\/\/www.manaus.am.gov.br\/semtepi\/wp-content\/uploads\/sites\/20\/2024\/07\/favicon.png\",\"width\":300,\"height\":300,\"caption\":\"Prefeitura Municipal de Manaus\"},\"image\":{\"@id\":\"https:\/\/www.manaus.am.gov.br\/semtepi\/#\/schema\/logo\/image\/\"}},{\"@type\":\"Person\",\"@id\":\"https:\/\/www.manaus.am.gov.br\/semtepi\/#\/schema\/person\/ab4dcf766a54dff74e8d267f5c591961\",\"name\":\"smonteiro\",\"image\":{\"@type\":\"ImageObject\",\"inLanguage\":\"pt-BR\",\"@id\":\"https:\/\/www.manaus.am.gov.br\/semtepi\/#\/schema\/person\/image\/\",\"url\":\"https:\/\/secure.gravatar.com\/avatar\/21c8776ef61d9272c73322052e042d77?s=96&d=mm&r=g\",\"contentUrl\":\"https:\/\/secure.gravatar.com\/avatar\/21c8776ef61d9272c73322052e042d77?s=96&d=mm&r=g\",\"caption\":\"smonteiro\"}}]}<\/script>\n<!-- \/ Yoast SEO plugin. -->","yoast_head_json":{"title":"Prefeitura de Manaus certifica turma de 63 alunos do curso de TBO","description":"A Prefeitura de Manaus certificou, na tarde desta quinta-feira, 29\/2, 63 alunos participantes do curso de Treinamento B\u00e1sico Operacional.","robots":{"index":"noindex","follow":"follow"},"og_locale":"pt_BR","og_type":"article","og_title":"Prefeitura de Manaus certifica turma de 63 alunos do curso de TBO","og_description":"A Prefeitura de Manaus certificou, na tarde desta quinta-feira, 29\/2, 63 alunos participantes do curso de Treinamento B\u00e1sico Operacional.","og_url":"https:\/\/www.manaus.am.gov.br\/semtepi\/capacitacao\/prefeitura-de-manaus-certifica-turma-de-63-alunos-do-curso-de-tbo\/","og_site_name":"SEMTEPI","article_published_time":"2024-02-29T21:06:42+00:00","article_modified_time":"2024-02-29T21:15:06+00:00","og_image":[{"width":1449,"height":868,"url":"https:\/\/www.manaus.am.gov.br\/semtepi\/wp-content\/uploads\/sites\/20\/2024\/02\/Curso-TBO-1.jpeg","type":"image\/jpeg"}],"author":"smonteiro","twitter_card":"summary_large_image","twitter_misc":{"Written by":"smonteiro","Est. reading time":"2 minutos"},"schema":{"@context":"https:\/\/schema.org","@graph":[{"@type":"Article","@id":"https:\/\/www.manaus.am.gov.br\/semtepi\/capacitacao\/prefeitura-de-manaus-certifica-turma-de-63-alunos-do-curso-de-tbo\/#article","isPartOf":{"@id":"https:\/\/www.manaus.am.gov.br\/semtepi\/capacitacao\/prefeitura-de-manaus-certifica-turma-de-63-alunos-do-curso-de-tbo\/"},"author":{"name":"smonteiro","@id":"https:\/\/www.manaus.am.gov.br\/semtepi\/#\/schema\/person\/ab4dcf766a54dff74e8d267f5c591961"},"headline":"Prefeitura de Manaus certifica turma de 63 alunos do curso de TBO","datePublished":"2024-02-29T21:06:42+00:00","dateModified":"2024-02-29T21:15:06+00:00","mainEntityOfPage":{"@id":"https:\/\/www.manaus.am.gov.br\/semtepi\/capacitacao\/prefeitura-de-manaus-certifica-turma-de-63-alunos-do-curso-de-tbo\/"},"wordCount":326,"publisher":{"@id":"https:\/\/www.manaus.am.gov.br\/semtepi\/#organization"},"image":{"@id":"https:\/\/www.manaus.am.gov.br\/semtepi\/capacitacao\/prefeitura-de-manaus-certifica-turma-de-63-alunos-do-curso-de-tbo\/#primaryimage"},"thumbnailUrl":"https:\/\/www.manaus.am.gov.br\/semtepi\/wp-content\/uploads\/sites\/20\/2024\/02\/Curso-TBO-1.jpeg","keywords":["curso","prefeitura de manaus","Semtepi","TBO"],"articleSection":["Capacita\u00e7\u00e3o"],"inLanguage":"pt-BR"},{"@type":"WebPage","@id":"https:\/\/www.manaus.am.gov.br\/semtepi\/capacitacao\/prefeitura-de-manaus-certifica-turma-de-63-alunos-do-curso-de-tbo\/","url":"https:\/\/www.manaus.am.gov.br\/semtepi\/capacitacao\/prefeitura-de-manaus-certifica-turma-de-63-alunos-do-curso-de-tbo\/","name":"Prefeitura de Manaus certifica turma de 63 alunos do curso de TBO","isPartOf":{"@id":"https:\/\/www.manaus.am.gov.br\/semtepi\/#website"},"primaryImageOfPage":{"@id":"https:\/\/www.manaus.am.gov.br\/semtepi\/capacitacao\/prefeitura-de-manaus-certifica-turma-de-63-alunos-do-curso-de-tbo\/#primaryimage"},"image":{"@id":"https:\/\/www.manaus.am.gov.br\/semtepi\/capacitacao\/prefeitura-de-manaus-certifica-turma-de-63-alunos-do-curso-de-tbo\/#primaryimage"},"thumbnailUrl":"https:\/\/www.manaus.am.gov.br\/semtepi\/wp-content\/uploads\/sites\/20\/2024\/02\/Curso-TBO-1.jpeg","datePublished":"2024-02-29T21:06:42+00:00","dateModified":"2024-02-29T21:15:06+00:00","description":"A Prefeitura de Manaus certificou, na tarde desta quinta-feira, 29\/2, 63 alunos participantes do curso de Treinamento B\u00e1sico Operacional.","breadcrumb":{"@id":"https:\/\/www.manaus.am.gov.br\/semtepi\/capacitacao\/prefeitura-de-manaus-certifica-turma-de-63-alunos-do-curso-de-tbo\/#breadcrumb"},"inLanguage":"pt-BR","potentialAction":[{"@type":"ReadAction","target":["https:\/\/www.manaus.am.gov.br\/semtepi\/capacitacao\/prefeitura-de-manaus-certifica-turma-de-63-alunos-do-curso-de-tbo\/"]}]},{"@type":"ImageObject","inLanguage":"pt-BR","@id":"https:\/\/www.manaus.am.gov.br\/semtepi\/capacitacao\/prefeitura-de-manaus-certifica-turma-de-63-alunos-do-curso-de-tbo\/#primaryimage","url":"https:\/\/www.manaus.am.gov.br\/semtepi\/wp-content\/uploads\/sites\/20\/2024\/02\/Curso-TBO-1.jpeg","contentUrl":"https:\/\/www.manaus.am.gov.br\/semtepi\/wp-content\/uploads\/sites\/20\/2024\/02\/Curso-TBO-1.jpeg","width":1449,"height":868,"caption":"#paratodosverem - alunos do curso de TBO mostram seus certificados"},{"@type":"BreadcrumbList","@id":"https:\/\/www.manaus.am.gov.br\/semtepi\/capacitacao\/prefeitura-de-manaus-certifica-turma-de-63-alunos-do-curso-de-tbo\/#breadcrumb","itemListElement":[{"@type":"ListItem","position":1,"name":"Home","item":"https:\/\/www.manaus.am.gov.br\/semtepi\/"},{"@type":"ListItem","position":2,"name":"Prefeitura de Manaus certifica turma de 63 alunos do curso de TBO"}]},{"@type":"WebSite","@id":"https:\/\/www.manaus.am.gov.br\/semtepi\/#website","url":"https:\/\/www.manaus.am.gov.br\/semtepi\/","name":"SEMTEPI","description":"Prefeitura de Manaus","publisher":{"@id":"https:\/\/www.manaus.am.gov.br\/semtepi\/#organization"},"alternateName":"Secretaria Municipal do Trabalho, Empreendedorismo e Inova\u00e7\u00e3o","potentialAction":[{"@type":"SearchAction","target":{"@type":"EntryPoint","urlTemplate":"https:\/\/www.manaus.am.gov.br\/semtepi\/?s={search_term_string}"},"query-input":"required name=search_term_string"}],"inLanguage":"pt-BR"},{"@type":"Organization","@id":"https:\/\/www.manaus.am.gov.br\/semtepi\/#organization","name":"Prefeitura Municipal de Manaus","alternateName":"Prefeitura de Manaus","url":"https:\/\/www.manaus.am.gov.br\/semtepi\/","logo":{"@type":"ImageObject","inLanguage":"pt-BR","@id":"https:\/\/www.manaus.am.gov.br\/semtepi\/#\/schema\/logo\/image\/","url":"https:\/\/www.manaus.am.gov.br\/semtepi\/wp-content\/uploads\/sites\/20\/2024\/07\/favicon.png","contentUrl":"https:\/\/www.manaus.am.gov.br\/semtepi\/wp-content\/uploads\/sites\/20\/2024\/07\/favicon.png","width":300,"height":300,"caption":"Prefeitura Municipal de Manaus"},"image":{"@id":"https:\/\/www.manaus.am.gov.br\/semtepi\/#\/schema\/logo\/image\/"}},{"@type":"Person","@id":"https:\/\/www.manaus.am.gov.br\/semtepi\/#\/schema\/person\/ab4dcf766a54dff74e8d267f5c591961","name":"smonteiro","image":{"@type":"ImageObject","inLanguage":"pt-BR","@id":"https:\/\/www.manaus.am.gov.br\/semtepi\/#\/schema\/person\/image\/","url":"https:\/\/secure.gravatar.com\/avatar\/21c8776ef61d9272c73322052e042d77?s=96&d=mm&r=g","contentUrl":"https:\/\/secure.gravatar.com\/avatar\/21c8776ef61d9272c73322052e042d77?s=96&d=mm&r=g","caption":"smonteiro"}}]}},"_links":{"self":[{"href":"https:\/\/www.manaus.am.gov.br\/semtepi\/wp-json\/wp\/v2\/posts\/4225"}],"collection":[{"href":"https:\/\/www.manaus.am.gov.br\/semtepi\/wp-json\/wp\/v2\/posts"}],"about":[{"href":"https:\/\/www.manaus.am.gov.br\/semtepi\/wp-json\/wp\/v2\/types\/post"}],"author":[{"embeddable":true,"href":"https:\/\/www.manaus.am.gov.br\/semtepi\/wp-json\/wp\/v2\/users\/61"}],"replies":[{"embeddable":true,"href":"https:\/\/www.manaus.am.gov.br\/semtepi\/wp-json\/wp\/v2\/comments?post=4225"}],"version-history":[{"count":1,"href":"https:\/\/www.manaus.am.gov.br\/semtepi\/wp-json\/wp\/v2\/posts\/4225\/revisions"}],"predecessor-version":[{"id":4227,"href":"https:\/\/www.manaus.am.gov.br\/semtepi\/wp-json\/wp\/v2\/posts\/4225\/revisions\/4227"}],"wp:featuredmedia":[{"embeddable":true,"href":"https:\/\/www.manaus.am.gov.br\/semtepi\/wp-json\/wp\/v2\/media\/4226"}],"wp:attachment":[{"href":"https:\/\/www.manaus.am.gov.br\/semtepi\/wp-json\/wp\/v2\/media?parent=4225"}],"wp:term":[{"taxonomy":"category","embeddable":true,"href":"https:\/\/www.manaus.am.gov.br\/semtepi\/wp-json\/wp\/v2\/categories?post=4225"},{"taxonomy":"post_tag","embeddable":true,"href":"https:\/\/www.manaus.am.gov.br\/semtepi\/wp-json\/wp\/v2\/tags?post=4225"}],"curies":[{"name":"wp","href":"https:\/\/api.w.org\/{rel}","templated":true}]}}