{"id":4158,"date":"2024-02-22T10:28:32","date_gmt":"2024-02-22T14:28:32","guid":{"rendered":"https:\/\/www.manaus.am.gov.br\/semtepi\/sem-categoria\/85-vagas-curso-treinamento-vendas\/"},"modified":"2024-02-22T10:28:34","modified_gmt":"2024-02-22T14:28:34","slug":"85-vagas-curso-treinamento-vendas","status":"publish","type":"post","link":"https:\/\/www.manaus.am.gov.br\/semtepi\/qualificacao\/85-vagas-curso-treinamento-vendas\/","title":{"rendered":"Prefeitura de Manaus abre 85 vagas para curso de treinamento em vendas"},"content":{"rendered":"\n<p>A Prefeitura de Manaus, por meio da Secretaria Municipal do Trabalho, Empreendedorismo e Inova\u00e7\u00e3o (Semtepi), em parceria com o instituto Talp, oferta, nesta quinta-feira, 22\/2, 85 vagas gratuitas para o curso de \u201cForma\u00e7\u00e3o em Vendas e Rela\u00e7\u00f5es Interpessoais\u201d. As aulas acontecem de 26\/2 a 1\u00ba\/3, na Central do Empreendedor, localizada nas depend\u00eancias do shopping Phelippe Daou, na avenida Camapu\u00e3, n\u00ba 2.939, bairro Cidade de Deus, zona Norte.<\/p>\n\n\n\n<p>Com o objetivo de capacitar os profissionais a serem mais eficazes em suas fun\u00e7\u00f5es de vendas, o curso ser\u00e1 ministrado pelo empres\u00e1rio e hipnoterapeuta Rodrigo Loureiro, que vai focar no desenvolvimento de habilidades essenciais para construir relacionamentos s\u00f3lidos com os clientes e alcan\u00e7ar o sucesso nos neg\u00f3cios por interm\u00e9dio da Programa\u00e7\u00e3o Neurolingu\u00edstica (PNL).<\/p>\n\n\n\n<p>\u201cO empreendedorismo n\u00e3o est\u00e1 ligado \u00e0 sorte, mas sim \u00e0 qualifica\u00e7\u00e3o do profissional. Aprender t\u00e9cnicas, apurar, analisar e se atualizar s\u00e3o tra\u00e7os que revelam o verdadeiro sucesso de qualquer empreendedor. Convido a todos os manauaras, que desejam se qualificar para o mercado de trabalho, a participarem deste curso gratuito que a Prefeitura de Manaus oferece\u201d, frisou o secret\u00e1rio da Semtepi, Radyr J\u00fanior.<\/p>\n\n\n\n<p>O curso ser\u00e1 dividido em duas turmas: a primeira acontece de 9h \u00e0s 12h, ofertando 25 vagas; e a segunda, das 14h \u00e0s 17h, com disponibilidade de 60 vagas. A lista de selecionados ser\u00e1 divulgada nesta sexta-feira, 23\/2.<\/p>\n\n\n\n<p>Os interessados em participar devem se inscrever pelo link:&nbsp;<a href=\"https:\/\/bitly.ws\/3dBdr\" target=\"_blank\" rel=\"noreferrer noopener\">https:\/\/bitly.ws\/3dBdr<\/a>, que encerra \u00e0s 16h desta quinta-feira.<\/p>\n\n\n\n<p>&#8212; &#8212; &#8212;<\/p>\n\n\n\n<p><strong>Texto \u2013 <\/strong>Fabiane Monteiro \/ Semtepi<\/p>\n\n\n\n<p><strong>Foto \u2013 <\/strong>Jo\u00e3o Viana \/ Arquivo Semcom<\/p>\n","protected":false},"excerpt":{"rendered":"","protected":false},"author":39,"featured_media":4159,"comment_status":"closed","ping_status":"closed","sticky":false,"template":"","format":"standard","meta":{"footnotes":""},"categories":[82],"tags":[971,972,885,973,8,974,9],"acf":[],"yoast_head":"<!-- This site is optimized with the Yoast SEO plugin v23.0 - https:\/\/yoast.com\/wordpress\/plugins\/seo\/ -->\n<title>85 vagas para curso de treinamento em vendas<\/title>\n<meta name=\"description\" content=\"Prefeitura, por meio da Semtepi, em parceria com o instituto Talp, oferta 85 vagas para \u201cForma\u00e7\u00e3o em Vendas e Rela\u00e7\u00f5es Interpessoais\u201d.\" \/>\n<meta name=\"robots\" content=\"noindex, follow\" \/>\n<meta property=\"og:locale\" content=\"pt_BR\" \/>\n<meta property=\"og:type\" content=\"article\" \/>\n<meta property=\"og:title\" content=\"85 vagas para curso de treinamento em vendas\" \/>\n<meta property=\"og:description\" content=\"Prefeitura, por meio da Semtepi, em parceria com o instituto Talp, oferta 85 vagas para \u201cForma\u00e7\u00e3o em Vendas e Rela\u00e7\u00f5es Interpessoais\u201d.\" \/>\n<meta property=\"og:url\" content=\"https:\/\/www.manaus.am.gov.br\/semtepi\/qualificacao\/85-vagas-curso-treinamento-vendas\/\" \/>\n<meta property=\"og:site_name\" content=\"SEMTEPI\" \/>\n<meta property=\"article:published_time\" content=\"2024-02-22T14:28:32+00:00\" \/>\n<meta property=\"article:modified_time\" content=\"2024-02-22T14:28:34+00:00\" \/>\n<meta property=\"og:image\" content=\"https:\/\/www.manaus.am.gov.br\/semtepi\/wp-content\/uploads\/sites\/20\/2024\/02\/53218064423_e26beb631a_k.jpg\" \/>\n\t<meta property=\"og:image:width\" content=\"2047\" \/>\n\t<meta property=\"og:image:height\" content=\"1365\" \/>\n\t<meta property=\"og:image:type\" content=\"image\/jpeg\" \/>\n<meta name=\"author\" content=\"Bruna Greco\" \/>\n<meta name=\"twitter:card\" content=\"summary_large_image\" \/>\n<meta name=\"twitter:label1\" content=\"Written by\" \/>\n\t<meta name=\"twitter:data1\" content=\"Bruna Greco\" \/>\n\t<meta name=\"twitter:label2\" content=\"Est. reading time\" \/>\n\t<meta name=\"twitter:data2\" content=\"2 minutos\" \/>\n<script type=\"application\/ld+json\" class=\"yoast-schema-graph\">{\"@context\":\"https:\/\/schema.org\",\"@graph\":[{\"@type\":\"Article\",\"@id\":\"https:\/\/www.manaus.am.gov.br\/semtepi\/qualificacao\/85-vagas-curso-treinamento-vendas\/#article\",\"isPartOf\":{\"@id\":\"https:\/\/www.manaus.am.gov.br\/semtepi\/qualificacao\/85-vagas-curso-treinamento-vendas\/\"},\"author\":{\"name\":\"Bruna Greco\",\"@id\":\"https:\/\/www.manaus.am.gov.br\/semtepi\/#\/schema\/person\/05d223aea2bf115f9883a6ff3683d81b\"},\"headline\":\"Prefeitura de Manaus abre 85 vagas para curso de treinamento em vendas\",\"datePublished\":\"2024-02-22T14:28:32+00:00\",\"dateModified\":\"2024-02-22T14:28:34+00:00\",\"mainEntityOfPage\":{\"@id\":\"https:\/\/www.manaus.am.gov.br\/semtepi\/qualificacao\/85-vagas-curso-treinamento-vendas\/\"},\"wordCount\":273,\"publisher\":{\"@id\":\"https:\/\/www.manaus.am.gov.br\/semtepi\/#organization\"},\"image\":{\"@id\":\"https:\/\/www.manaus.am.gov.br\/semtepi\/qualificacao\/85-vagas-curso-treinamento-vendas\/#primaryimage\"},\"thumbnailUrl\":\"https:\/\/www.manaus.am.gov.br\/semtepi\/wp-content\/uploads\/sites\/20\/2024\/02\/53218064423_e26beb631a_k.jpg\",\"keywords\":[\"26\/2 a 1\u00ba\/3\",\"85 vagas gratuitas\",\"Central do Empreendedor\",\"curso de \u201cForma\u00e7\u00e3o em Vendas e Rela\u00e7\u00f5es Interpessoais\u201d\",\"prefeitura de manaus\",\"Programa\u00e7\u00e3o Neurolingu\u00edstica (PNL)\",\"Semtepi\"],\"articleSection\":[\"Qualifica\u00e7\u00e3o\"],\"inLanguage\":\"pt-BR\"},{\"@type\":\"WebPage\",\"@id\":\"https:\/\/www.manaus.am.gov.br\/semtepi\/qualificacao\/85-vagas-curso-treinamento-vendas\/\",\"url\":\"https:\/\/www.manaus.am.gov.br\/semtepi\/qualificacao\/85-vagas-curso-treinamento-vendas\/\",\"name\":\"85 vagas para curso de treinamento em vendas\",\"isPartOf\":{\"@id\":\"https:\/\/www.manaus.am.gov.br\/semtepi\/#website\"},\"primaryImageOfPage\":{\"@id\":\"https:\/\/www.manaus.am.gov.br\/semtepi\/qualificacao\/85-vagas-curso-treinamento-vendas\/#primaryimage\"},\"image\":{\"@id\":\"https:\/\/www.manaus.am.gov.br\/semtepi\/qualificacao\/85-vagas-curso-treinamento-vendas\/#primaryimage\"},\"thumbnailUrl\":\"https:\/\/www.manaus.am.gov.br\/semtepi\/wp-content\/uploads\/sites\/20\/2024\/02\/53218064423_e26beb631a_k.jpg\",\"datePublished\":\"2024-02-22T14:28:32+00:00\",\"dateModified\":\"2024-02-22T14:28:34+00:00\",\"description\":\"Prefeitura, por meio da Semtepi, em parceria com o instituto Talp, oferta 85 vagas para \u201cForma\u00e7\u00e3o em Vendas e Rela\u00e7\u00f5es Interpessoais\u201d.\",\"breadcrumb\":{\"@id\":\"https:\/\/www.manaus.am.gov.br\/semtepi\/qualificacao\/85-vagas-curso-treinamento-vendas\/#breadcrumb\"},\"inLanguage\":\"pt-BR\",\"potentialAction\":[{\"@type\":\"ReadAction\",\"target\":[\"https:\/\/www.manaus.am.gov.br\/semtepi\/qualificacao\/85-vagas-curso-treinamento-vendas\/\"]}]},{\"@type\":\"ImageObject\",\"inLanguage\":\"pt-BR\",\"@id\":\"https:\/\/www.manaus.am.gov.br\/semtepi\/qualificacao\/85-vagas-curso-treinamento-vendas\/#primaryimage\",\"url\":\"https:\/\/www.manaus.am.gov.br\/semtepi\/wp-content\/uploads\/sites\/20\/2024\/02\/53218064423_e26beb631a_k.jpg\",\"contentUrl\":\"https:\/\/www.manaus.am.gov.br\/semtepi\/wp-content\/uploads\/sites\/20\/2024\/02\/53218064423_e26beb631a_k.jpg\",\"width\":2047,\"height\":1365,\"caption\":\"#paratodosverem - Homem sentado com papel e caneta nas m\u00e3os participando de curso da Semtepi\"},{\"@type\":\"BreadcrumbList\",\"@id\":\"https:\/\/www.manaus.am.gov.br\/semtepi\/qualificacao\/85-vagas-curso-treinamento-vendas\/#breadcrumb\",\"itemListElement\":[{\"@type\":\"ListItem\",\"position\":1,\"name\":\"Home\",\"item\":\"https:\/\/www.manaus.am.gov.br\/semtepi\/\"},{\"@type\":\"ListItem\",\"position\":2,\"name\":\"Prefeitura de Manaus abre 85 vagas para curso de treinamento em vendas\"}]},{\"@type\":\"WebSite\",\"@id\":\"https:\/\/www.manaus.am.gov.br\/semtepi\/#website\",\"url\":\"https:\/\/www.manaus.am.gov.br\/semtepi\/\",\"name\":\"SEMTEPI\",\"description\":\"Prefeitura de Manaus\",\"publisher\":{\"@id\":\"https:\/\/www.manaus.am.gov.br\/semtepi\/#organization\"},\"alternateName\":\"Secretaria Municipal do Trabalho, Empreendedorismo e Inova\u00e7\u00e3o\",\"potentialAction\":[{\"@type\":\"SearchAction\",\"target\":{\"@type\":\"EntryPoint\",\"urlTemplate\":\"https:\/\/www.manaus.am.gov.br\/semtepi\/?s={search_term_string}\"},\"query-input\":\"required name=search_term_string\"}],\"inLanguage\":\"pt-BR\"},{\"@type\":\"Organization\",\"@id\":\"https:\/\/www.manaus.am.gov.br\/semtepi\/#organization\",\"name\":\"Prefeitura Municipal de Manaus\",\"alternateName\":\"Prefeitura de Manaus\",\"url\":\"https:\/\/www.manaus.am.gov.br\/semtepi\/\",\"logo\":{\"@type\":\"ImageObject\",\"inLanguage\":\"pt-BR\",\"@id\":\"https:\/\/www.manaus.am.gov.br\/semtepi\/#\/schema\/logo\/image\/\",\"url\":\"https:\/\/www.manaus.am.gov.br\/semtepi\/wp-content\/uploads\/sites\/20\/2024\/07\/favicon.png\",\"contentUrl\":\"https:\/\/www.manaus.am.gov.br\/semtepi\/wp-content\/uploads\/sites\/20\/2024\/07\/favicon.png\",\"width\":300,\"height\":300,\"caption\":\"Prefeitura Municipal de Manaus\"},\"image\":{\"@id\":\"https:\/\/www.manaus.am.gov.br\/semtepi\/#\/schema\/logo\/image\/\"}},{\"@type\":\"Person\",\"@id\":\"https:\/\/www.manaus.am.gov.br\/semtepi\/#\/schema\/person\/05d223aea2bf115f9883a6ff3683d81b\",\"name\":\"Bruna Greco\",\"image\":{\"@type\":\"ImageObject\",\"inLanguage\":\"pt-BR\",\"@id\":\"https:\/\/www.manaus.am.gov.br\/semtepi\/#\/schema\/person\/image\/\",\"url\":\"https:\/\/secure.gravatar.com\/avatar\/9c877d1a6adc2a055330e5c09a8653ce?s=96&d=mm&r=g\",\"contentUrl\":\"https:\/\/secure.gravatar.com\/avatar\/9c877d1a6adc2a055330e5c09a8653ce?s=96&d=mm&r=g\",\"caption\":\"Bruna Greco\"}}]}<\/script>\n<!-- \/ Yoast SEO plugin. -->","yoast_head_json":{"title":"85 vagas para curso de treinamento em vendas","description":"Prefeitura, por meio da Semtepi, em parceria com o instituto Talp, oferta 85 vagas para \u201cForma\u00e7\u00e3o em Vendas e Rela\u00e7\u00f5es Interpessoais\u201d.","robots":{"index":"noindex","follow":"follow"},"og_locale":"pt_BR","og_type":"article","og_title":"85 vagas para curso de treinamento em vendas","og_description":"Prefeitura, por meio da Semtepi, em parceria com o instituto Talp, oferta 85 vagas para \u201cForma\u00e7\u00e3o em Vendas e Rela\u00e7\u00f5es Interpessoais\u201d.","og_url":"https:\/\/www.manaus.am.gov.br\/semtepi\/qualificacao\/85-vagas-curso-treinamento-vendas\/","og_site_name":"SEMTEPI","article_published_time":"2024-02-22T14:28:32+00:00","article_modified_time":"2024-02-22T14:28:34+00:00","og_image":[{"width":2047,"height":1365,"url":"https:\/\/www.manaus.am.gov.br\/semtepi\/wp-content\/uploads\/sites\/20\/2024\/02\/53218064423_e26beb631a_k.jpg","type":"image\/jpeg"}],"author":"Bruna Greco","twitter_card":"summary_large_image","twitter_misc":{"Written by":"Bruna Greco","Est. reading time":"2 minutos"},"schema":{"@context":"https:\/\/schema.org","@graph":[{"@type":"Article","@id":"https:\/\/www.manaus.am.gov.br\/semtepi\/qualificacao\/85-vagas-curso-treinamento-vendas\/#article","isPartOf":{"@id":"https:\/\/www.manaus.am.gov.br\/semtepi\/qualificacao\/85-vagas-curso-treinamento-vendas\/"},"author":{"name":"Bruna Greco","@id":"https:\/\/www.manaus.am.gov.br\/semtepi\/#\/schema\/person\/05d223aea2bf115f9883a6ff3683d81b"},"headline":"Prefeitura de Manaus abre 85 vagas para curso de treinamento em vendas","datePublished":"2024-02-22T14:28:32+00:00","dateModified":"2024-02-22T14:28:34+00:00","mainEntityOfPage":{"@id":"https:\/\/www.manaus.am.gov.br\/semtepi\/qualificacao\/85-vagas-curso-treinamento-vendas\/"},"wordCount":273,"publisher":{"@id":"https:\/\/www.manaus.am.gov.br\/semtepi\/#organization"},"image":{"@id":"https:\/\/www.manaus.am.gov.br\/semtepi\/qualificacao\/85-vagas-curso-treinamento-vendas\/#primaryimage"},"thumbnailUrl":"https:\/\/www.manaus.am.gov.br\/semtepi\/wp-content\/uploads\/sites\/20\/2024\/02\/53218064423_e26beb631a_k.jpg","keywords":["26\/2 a 1\u00ba\/3","85 vagas gratuitas","Central do Empreendedor","curso de \u201cForma\u00e7\u00e3o em Vendas e Rela\u00e7\u00f5es Interpessoais\u201d","prefeitura de manaus","Programa\u00e7\u00e3o Neurolingu\u00edstica (PNL)","Semtepi"],"articleSection":["Qualifica\u00e7\u00e3o"],"inLanguage":"pt-BR"},{"@type":"WebPage","@id":"https:\/\/www.manaus.am.gov.br\/semtepi\/qualificacao\/85-vagas-curso-treinamento-vendas\/","url":"https:\/\/www.manaus.am.gov.br\/semtepi\/qualificacao\/85-vagas-curso-treinamento-vendas\/","name":"85 vagas para curso de treinamento em vendas","isPartOf":{"@id":"https:\/\/www.manaus.am.gov.br\/semtepi\/#website"},"primaryImageOfPage":{"@id":"https:\/\/www.manaus.am.gov.br\/semtepi\/qualificacao\/85-vagas-curso-treinamento-vendas\/#primaryimage"},"image":{"@id":"https:\/\/www.manaus.am.gov.br\/semtepi\/qualificacao\/85-vagas-curso-treinamento-vendas\/#primaryimage"},"thumbnailUrl":"https:\/\/www.manaus.am.gov.br\/semtepi\/wp-content\/uploads\/sites\/20\/2024\/02\/53218064423_e26beb631a_k.jpg","datePublished":"2024-02-22T14:28:32+00:00","dateModified":"2024-02-22T14:28:34+00:00","description":"Prefeitura, por meio da Semtepi, em parceria com o instituto Talp, oferta 85 vagas para \u201cForma\u00e7\u00e3o em Vendas e Rela\u00e7\u00f5es Interpessoais\u201d.","breadcrumb":{"@id":"https:\/\/www.manaus.am.gov.br\/semtepi\/qualificacao\/85-vagas-curso-treinamento-vendas\/#breadcrumb"},"inLanguage":"pt-BR","potentialAction":[{"@type":"ReadAction","target":["https:\/\/www.manaus.am.gov.br\/semtepi\/qualificacao\/85-vagas-curso-treinamento-vendas\/"]}]},{"@type":"ImageObject","inLanguage":"pt-BR","@id":"https:\/\/www.manaus.am.gov.br\/semtepi\/qualificacao\/85-vagas-curso-treinamento-vendas\/#primaryimage","url":"https:\/\/www.manaus.am.gov.br\/semtepi\/wp-content\/uploads\/sites\/20\/2024\/02\/53218064423_e26beb631a_k.jpg","contentUrl":"https:\/\/www.manaus.am.gov.br\/semtepi\/wp-content\/uploads\/sites\/20\/2024\/02\/53218064423_e26beb631a_k.jpg","width":2047,"height":1365,"caption":"#paratodosverem - Homem sentado com papel e caneta nas m\u00e3os participando de curso da Semtepi"},{"@type":"BreadcrumbList","@id":"https:\/\/www.manaus.am.gov.br\/semtepi\/qualificacao\/85-vagas-curso-treinamento-vendas\/#breadcrumb","itemListElement":[{"@type":"ListItem","position":1,"name":"Home","item":"https:\/\/www.manaus.am.gov.br\/semtepi\/"},{"@type":"ListItem","position":2,"name":"Prefeitura de Manaus abre 85 vagas para curso de treinamento em vendas"}]},{"@type":"WebSite","@id":"https:\/\/www.manaus.am.gov.br\/semtepi\/#website","url":"https:\/\/www.manaus.am.gov.br\/semtepi\/","name":"SEMTEPI","description":"Prefeitura de Manaus","publisher":{"@id":"https:\/\/www.manaus.am.gov.br\/semtepi\/#organization"},"alternateName":"Secretaria Municipal do Trabalho, Empreendedorismo e Inova\u00e7\u00e3o","potentialAction":[{"@type":"SearchAction","target":{"@type":"EntryPoint","urlTemplate":"https:\/\/www.manaus.am.gov.br\/semtepi\/?s={search_term_string}"},"query-input":"required name=search_term_string"}],"inLanguage":"pt-BR"},{"@type":"Organization","@id":"https:\/\/www.manaus.am.gov.br\/semtepi\/#organization","name":"Prefeitura Municipal de Manaus","alternateName":"Prefeitura de Manaus","url":"https:\/\/www.manaus.am.gov.br\/semtepi\/","logo":{"@type":"ImageObject","inLanguage":"pt-BR","@id":"https:\/\/www.manaus.am.gov.br\/semtepi\/#\/schema\/logo\/image\/","url":"https:\/\/www.manaus.am.gov.br\/semtepi\/wp-content\/uploads\/sites\/20\/2024\/07\/favicon.png","contentUrl":"https:\/\/www.manaus.am.gov.br\/semtepi\/wp-content\/uploads\/sites\/20\/2024\/07\/favicon.png","width":300,"height":300,"caption":"Prefeitura Municipal de Manaus"},"image":{"@id":"https:\/\/www.manaus.am.gov.br\/semtepi\/#\/schema\/logo\/image\/"}},{"@type":"Person","@id":"https:\/\/www.manaus.am.gov.br\/semtepi\/#\/schema\/person\/05d223aea2bf115f9883a6ff3683d81b","name":"Bruna Greco","image":{"@type":"ImageObject","inLanguage":"pt-BR","@id":"https:\/\/www.manaus.am.gov.br\/semtepi\/#\/schema\/person\/image\/","url":"https:\/\/secure.gravatar.com\/avatar\/9c877d1a6adc2a055330e5c09a8653ce?s=96&d=mm&r=g","contentUrl":"https:\/\/secure.gravatar.com\/avatar\/9c877d1a6adc2a055330e5c09a8653ce?s=96&d=mm&r=g","caption":"Bruna Greco"}}]}},"_links":{"self":[{"href":"https:\/\/www.manaus.am.gov.br\/semtepi\/wp-json\/wp\/v2\/posts\/4158"}],"collection":[{"href":"https:\/\/www.manaus.am.gov.br\/semtepi\/wp-json\/wp\/v2\/posts"}],"about":[{"href":"https:\/\/www.manaus.am.gov.br\/semtepi\/wp-json\/wp\/v2\/types\/post"}],"author":[{"embeddable":true,"href":"https:\/\/www.manaus.am.gov.br\/semtepi\/wp-json\/wp\/v2\/users\/39"}],"replies":[{"embeddable":true,"href":"https:\/\/www.manaus.am.gov.br\/semtepi\/wp-json\/wp\/v2\/comments?post=4158"}],"version-history":[{"count":0,"href":"https:\/\/www.manaus.am.gov.br\/semtepi\/wp-json\/wp\/v2\/posts\/4158\/revisions"}],"wp:featuredmedia":[{"embeddable":true,"href":"https:\/\/www.manaus.am.gov.br\/semtepi\/wp-json\/wp\/v2\/media\/4159"}],"wp:attachment":[{"href":"https:\/\/www.manaus.am.gov.br\/semtepi\/wp-json\/wp\/v2\/media?parent=4158"}],"wp:term":[{"taxonomy":"category","embeddable":true,"href":"https:\/\/www.manaus.am.gov.br\/semtepi\/wp-json\/wp\/v2\/categories?post=4158"},{"taxonomy":"post_tag","embeddable":true,"href":"https:\/\/www.manaus.am.gov.br\/semtepi\/wp-json\/wp\/v2\/tags?post=4158"}],"curies":[{"name":"wp","href":"https:\/\/api.w.org\/{rel}","templated":true}]}}