{"id":4151,"date":"2024-02-20T16:00:56","date_gmt":"2024-02-20T20:00:56","guid":{"rendered":"https:\/\/www.manaus.am.gov.br\/semtepi\/sem-categoria\/sine-oferta-vagas-emprego\/"},"modified":"2024-02-20T16:00:57","modified_gmt":"2024-02-20T20:00:57","slug":"sine-oferta-vagas-emprego","status":"publish","type":"post","link":"https:\/\/www.manaus.am.gov.br\/semtepi\/emprego\/sine-oferta-vagas-emprego\/","title":{"rendered":"Sine Manaus oferta 313 vagas de emprego nesta quarta-feira, 21\/2"},"content":{"rendered":"\n<p>A Prefeitura de Manaus, por meio do Sine Manaus, oferta 313 vagas de emprego em v\u00e1rias \u00e1reas de atua\u00e7\u00e3o, nesta quarta-feira, 21\/2, de 8h \u00e0s 16h. O candidato precisa validar a Carteira Digital e Previd\u00eancia Social (CTPS) no aplicativo \u201cCarteira de Trabalho Digital\u201d ou acessar o site http:\/\/gov.br\/trabalho e para concorrer \u00e0s vagas, deve acessar o site http:\/\/empregabrasil.mte.gov.br para fazer a solicita\u00e7\u00e3o de cadastro.<\/p>\n\n\n\n<p>Para participar da pr\u00e9-sele\u00e7\u00e3o e concorrer a uma das vagas dispon\u00edveis, ou receber orienta\u00e7\u00e3o de cadastro, Carteira de Trabalho Digital e seguro-desemprego, os candidatos devem comparecer a um dos postos do Sine Manaus: na avenida Constantino Nery, n\u00ba 1.272, bairro S\u00e3o Geraldo, zona Centro-Sul; ou no shopping Phelippe Daou, na avenida Camapu\u00e3, n\u00ba 2.939, bairro Cidade de Deus, zona Leste.<\/p>\n\n\n\n<p>Os interessados devem estar munidos do comprovante de vacina\u00e7\u00e3o (Covid-19), curr\u00edculo e documentos pessoais (RG, CPF, PIS, CTPS, comprovante de escolaridade e resid\u00eancia). N\u00e3o \u00e9 necess\u00e1rio apresentar c\u00f3pias, somente os documentos originais.<\/p>\n\n\n\n<p>A Semtepi ressalta que, obedecendo ao disposto no artigo 5\u00ba, da Constitui\u00e7\u00e3o Federal, e ao artigo 373-A, da Consolida\u00e7\u00e3o das Leis Trabalhistas (CLT), crit\u00e9rios referentes a sexo, idade, cor ou situa\u00e7\u00e3o familiar, n\u00e3o s\u00e3o informados na divulga\u00e7\u00e3o das vagas disponibilizadas.<\/p>\n\n\n\n<p>Vagas Novas \u2013 109<\/p>\n\n\n\n<p>2 vagas \u2013 Repositor de Mercadorias \u2013 vagas exclusivas para Pessoas com Defici\u00eancia (PcD)<br>Escolaridade \u2013 ensino m\u00e9dio completo;<br>Experi\u00eancia \u2013 seis meses na Carteira de Trabalho;<br>Atividades \u2013 realizar reposi\u00e7\u00e3o de produtos e mercadorias nas prateleiras e g\u00f4ndolas, mantendo os corredores organizados e abastecidos, observando a validade dos produtos e mantendo o superior imediato informado.<br>Dispon\u00edvel at\u00e9 21\/02\/2024 ou encerramento da vaga.<\/p>\n\n\n\n<p>2 vagas \u2013 Confeiteiro<br>Escolaridade \u2013 ensino fundamental completo;<br>Experi\u00eancia \u2013 seis meses na Carteira de Trabalho;<br>Atividades \u2013 supervisionar e executar produ\u00e7\u00e3o de bolos, tortas, biscoitos, salgados e outros; criar e testar novas receitas para diversificar o card\u00e1pio.<br>Dispon\u00edvel at\u00e9 21\/02\/2024 ou encerramento da vaga.<\/p>\n\n\n\n<p>2 vagas \u2013 Vendedora e-Commerce<br>Escolaridade \u2013 ensino fundamental completo;<br>Experi\u00eancia \u2013 seis meses na Carteira de Trabalho;<br>Requisitos obrigat\u00f3rios \u2013 ter disponibilidade de hor\u00e1rio e experi\u00eancia em vendas;<br>Atividades \u2013 prestar bom atendimento online, vender produtos por e-commerce e atender clientes via WhatsApp, para fechamento de pedidos online ou d\u00favidas em geral.<br>Dispon\u00edvel at\u00e9 21\/02\/2024 ou encerramento da vaga.<\/p>\n\n\n\n<p>25 vagas \u2013 Auxiliar de Produ\u00e7\u00e3o<br>Escolaridade \u2013 ensino m\u00e9dio completo;<br>Experi\u00eancia \u2013 primeiro emprego;<br>Requisitos obrigat\u00f3rios \u2013 ter curso de Leitura de Componentes Eletr\u00f4nicos ou TBO; ter disponibilidade para trabalho bra\u00e7al; residir nos bairros: Alvorada, Amazonino Mendes, Aparecida, Armando Mendes, Bet\u00e2nia, Cidade de Deus, Cidade Nova, Col\u00f4nia Machado, Col\u00f4nia Santo Ant\u00f4nio, Compensa, Crespo, Distrito Industrial, Educandos, Gl\u00f3ria, Japiim, Jorge Teixeira, L\u00edrio do Vale, Morro da Liberdade, Nova Cidade, Novo Aleixo, Paz, Petr\u00f3polis, Raiz, Reden\u00e7\u00e3o, Santa Luzia, Santo Ant\u00f4nio, S\u00e3o Francisco, S\u00e3o Jorge, S\u00e3o Jos\u00e9, S\u00e3o L\u00e1zaro, S\u00e3o Raimundo, Tancredo Neves, Vila da Prata ou Zumbi;<br>Atividades \u2013 atuar na montagem de produtos nas linhas de produ\u00e7\u00e3o, como corte de pr\u00e9-formas dos componentes utilizados na montagem e na inser\u00e7\u00e3o em geral, revis\u00e3o geral de componentes e de solda, parafusos, montagem de gabinetes e componentes.<br>Dispon\u00edvel at\u00e9 21\/02\/2024 ou encerramento da vaga.<\/p>\n\n\n\n<p>25 vagas \u2013 Auxiliar de Produ\u00e7\u00e3o<br>Escolaridade \u2013 ensino m\u00e9dio completo;<br>Experi\u00eancia \u2013 seis meses na Carteira de Trabalho;<br>Requisitos obrigat\u00f3rios \u2013 ter experi\u00eancia no ramo eletr\u00f4nico; ter curso de Leitura de Componentes Eletr\u00f4nicos ou TBO; ter disponibilidade para trabalho bra\u00e7al; residir nos bairros: Alvorada, Amazonino Mendes, Aparecida, Armando Mendes, Bet\u00e2nia, Cidade de Deus, Cidade Nova, Col\u00f4nia Machado, Col\u00f4nia Santo Ant\u00f4nio, Compensa, Crespo, Distrito Industrial, Educandos, Gl\u00f3ria, Japiim, Jorge Teixeira, L\u00edrio do Vale, Morro da Liberdade, Nova Cidade, Novo Aleixo, Paz, Petr\u00f3polis, Raiz, Reden\u00e7\u00e3o, Santa Luzia, Santo Ant\u00f4nio, S\u00e3o Francisco, S\u00e3o Jorge, S\u00e3o Jos\u00e9, S\u00e3o L\u00e1zaro, S\u00e3o Raimundo, Tancredo Neves, Vila da Prata ou Zumbi;<br>Atividades \u2013 atuar na montagem de produtos nas linhas de produ\u00e7\u00e3o, como corte de pr\u00e9-formas dos componentes utilizados na montagem e na inser\u00e7\u00e3o em geral, revis\u00e3o geral de componentes e de solda, parafusos, montagem de gabinetes e componentes.<br>Dispon\u00edvel at\u00e9 21\/02\/2024 ou encerramento da vaga.<\/p>\n\n\n\n<p>10 vagas \u2013 Pedreiro de Fachada<br>Escolaridade \u2013 ensino fundamental completo;<br>Experi\u00eancia \u2013 seis meses na Carteira de Trabalho;<br>Atividades \u2013 organizar e preparar o local de trabalho na obra; construir funda\u00e7\u00f5es e estruturas de alvenaria; aplicar revestimentos e contrapisos.<br>Dispon\u00edvel at\u00e9 21\/02\/2024 ou encerramento da vaga.<\/p>\n\n\n\n<p>10 vagas \u2013 Azulejista<br>Escolaridade \u2013 ensino fundamental completo;<br>Experi\u00eancia \u2013 seis meses na Carteira de Trabalho;<br>Atividades \u2013 planejar o trabalho e preparar o local de trabalho; estabelecer os pontos de refer\u00eancia dos revestimentos; executar revestimentos em paredes, pavimentos, muros e outras partes de edifica\u00e7\u00f5es, utilizando ladrilhos, pastilhas, m\u00e1rmores, granitos, ard\u00f3sia ou material similar, tacos e t\u00e1buas de madeira; fazer polimento e lustrar revestimentos.<br>Dispon\u00edvel at\u00e9 21\/02\/2024 ou encerramento da vaga.<\/p>\n\n\n\n<p>1 vaga \u2013 Auxiliar de Limpeza<br>Escolaridade \u2013 ensino fundamental completo;<br>Experi\u00eancia \u2013 seis meses na Carteira de Trabalho;<br>Requisitos obrigat\u00f3rios \u2013 ter Carteira Nacional de Habilita\u00e7\u00e3o categoria \u201cA\u201d dentro do prazo de validade;<br>Atividades \u2013 limpar e conservar banheiros e demais ambientes internos e externos, executando limpeza \u00famida e seca; realizar coleta de lixo comum e recicl\u00e1vel; limpar portas e janelas de vidro, paredes e teto; cuidar dos vasos de plantas internas; varrer ambientes externos, coletando folhas secas e buscando contribuir para manter o ambiente agrad\u00e1vel; limpar cozinhas, \u00e1rea de servi\u00e7o, garagens, p\u00e1tios, assoalhos, m\u00f3veis, carpetes e tapetes, abastecendo os ambientes com materiais; executar outras tarefas relacionadas \u00e0 \u00e1rea.<br>Dispon\u00edvel at\u00e9 21\/02\/2024 ou encerramento da vaga.<\/p>\n\n\n\n<p>1 vaga \u2013 Supervisor de Cozinha<br>Escolaridade \u2013 ensino superior completo;<br>Experi\u00eancia \u2013 seis meses na Carteira de Trabalho;<br>Requisitos obrigat\u00f3rios \u2013 ter disponibilidade para viajar;<br>Atividades \u2013 supervisionar a brigada de cozinha e planejar as rotinas de trabalho.<br>Dispon\u00edvel at\u00e9 21\/02\/2024 ou encerramento da vaga.<\/p>\n\n\n\n<p>1 vaga \u2013 Encarregado de Manuten\u00e7\u00e3o<br>Escolaridade \u2013 ensino m\u00e9dio completo;<br>Experi\u00eancia \u2013 seis meses na Carteira de Trabalho;<br>Atividades \u2013 acompanhar e orientar as atividades de manuten\u00e7\u00e3o corretiva e preventiva de equipamentos e infraestruturas prediais; distribuir servi\u00e7os aos funcion\u00e1rios; elaborar escalas de trabalho; acompanhar ordem de servi\u00e7os.<br>Dispon\u00edvel at\u00e9 21\/02\/2024 ou encerramento da vaga.<\/p>\n\n\n\n<p>1 vaga \u2013 Auxiliar Administrativo<br>Escolaridade \u2013 ensino superior completo ou cursando administra\u00e7\u00e3o;<br>Experi\u00eancia \u2013 seis meses na Carteira de Trabalho;<br>Requisitos obrigat\u00f3rios \u2013 ter curso de inform\u00e1tica b\u00e1sica\/avan\u00e7ada; ter conhecimento em rotinas administrativas em geral e em documentos financeiros e nota fiscal;<br>Atividades \u2013 receber e responder chamadas telef\u00f4nicas e correspond\u00eancias, organizar e arquivar documentos, gerenciar agendas e agendamentos, coordenar reuni\u00f5es e preparar documenta\u00e7\u00f5es.<br>Dispon\u00edvel at\u00e9 21\/02\/2024 ou encerramento da vaga.<\/p>\n\n\n\n<p>1 vaga \u2013 Recepcionista<br>Escolaridade \u2013 ensino m\u00e9dio completo;<br>Experi\u00eancia \u2013 seis meses na Carteira de Trabalho;<br>Requisitos obrigat\u00f3rios \u2013 ter curso de inform\u00e1tica b\u00e1sica;<br>Atividades \u2013 atender e filtrar liga\u00e7\u00f5es; anotar recados e receber visitas e clientes; gerenciar correspond\u00eancias, arquivos e e-mails; prestar suporte \u00e0 \u00e1rea administrativa; monitorar agenda da diretoria; controlar e comprar material de expediente.<br>Dispon\u00edvel at\u00e9 21\/02\/2024 ou encerramento da vaga.<\/p>\n\n\n\n<p>1 vaga \u2013 Encarregado de Turma<br>Escolaridade \u2013 ensino fundamental completo;<br>Experi\u00eancia \u2013 seis meses na Carteira de Trabalho;<br>Atividades \u2013 acompanhar o desempenho dos demais operadores na linha de produ\u00e7\u00e3o, fazendo orienta\u00e7\u00f5es, quando necess\u00e1rio, para que mantenham o ritmo e a produtividade de trabalho.<br>Dispon\u00edvel at\u00e9 21\/02\/2024 ou encerramento da vaga.<\/p>\n\n\n\n<p>1 vaga \u2013 Auxiliar de Mec\u00e2nico<br>Escolaridade \u2013 ensino fundamental completo;<br>Experi\u00eancia \u2013 seis meses na Carteira de Trabalho;<br>Requisitos obrigat\u00f3rios \u2013 ter experi\u00eancia com troca de \u00f3leo, filtros e servi\u00e7os automotivos;<br>Atividades \u2013 realizar consertos mec\u00e2nicos ou el\u00e9tricos; fazer troca de \u00f3leo e limpeza de motores; lavar pe\u00e7as e outros componentes de motores e equipamentos.<br>Dispon\u00edvel at\u00e9 21\/02\/2024 ou encerramento da vaga.<\/p>\n\n\n\n<p>1 vaga \u2013 Auxiliar de Limpeza \u2013 vaga exclusiva para Pessoa com Defici\u00eancia (PcD)<br>Escolaridade \u2013 ensino fundamental incompleto;<br>Experi\u00eancia \u2013 seis meses na Carteira de Trabalho;<br>Atividades \u2013 realizar servi\u00e7os de limpeza e conserva\u00e7\u00e3o das \u00e1reas internas e externas, entre outras atividades correlatas \u00e0 fun\u00e7\u00e3o.<br>Dispon\u00edvel at\u00e9 21\/02\/2024 ou encerramento da vaga.<\/p>\n\n\n\n<p>1 vaga \u2013 Alinhador de Pneus<br>Escolaridade \u2013 ensino fundamental completo;<br>Experi\u00eancia \u2013 seis meses na Carteira de Trabalho;<br>Atividades \u2013 analisar e inspecionar ve\u00edculos; realizar processos necess\u00e1rios para alinhamento de ve\u00edculos.<br>Dispon\u00edvel at\u00e9 21\/02\/2024 ou encerramento da vaga.<\/p>\n\n\n\n<p>2 vagas \u2013 Art\u00edfice<br>Escolaridade \u2013 ensino m\u00e9dio completo;<br>Experi\u00eancia \u2013 registrada na Carteira de Trabalho;<br>Atividades \u2013 auxiliar na manuten\u00e7\u00e3o preventiva e corretiva de pintura, carpintaria e outras atividades inerentes \u00e0 fun\u00e7\u00e3o; realizar trabalhos de manuten\u00e7\u00e3o corretiva de pr\u00e9dios, cal\u00e7adas e estruturas semelhantes; realizar a manuten\u00e7\u00e3o preventiva e corretiva de rede el\u00e9trica, hidr\u00e1ulica, hidro sanit\u00e1ria, de pintura e alvenaria.<br>Dispon\u00edvel at\u00e9 21\/02\/2024 ou encerramento da vaga.<\/p>\n\n\n\n<p>2 vagas \u2013 Vigia<br>Escolaridade \u2013 ensino m\u00e9dio completo;<br>Experi\u00eancia \u2013 registrada na Carteira de Trabalho;<br>Atividades \u2013 vigiar, zelar e guardar o patrim\u00f4nio, com o objetivo de inibir ou detectar tentativas de crimes.<br>Dispon\u00edvel at\u00e9 21\/02\/2024 ou encerramento da vaga.<\/p>\n\n\n\n<p>2 vagas \u2013 Agente de Portaria<br>Escolaridade \u2013 ensino m\u00e9dio completo;<br>Experi\u00eancia \u2013 registrada na Carteira de Trabalho;<br>Atividades \u2013 monitorar e controlar o acesso de pessoas e ve\u00edculos; registrar informa\u00e7\u00f5es; verificar documentos e autoriza\u00e7\u00f5es; prestar atendimento e encaminhamento de visitantes, garantindo a seguran\u00e7a e cumprimento das regras.<br>Dispon\u00edvel at\u00e9 21\/02\/2024 ou encerramento da vaga.<\/p>\n\n\n\n<p>16 vagas \u2013 Auxiliar de Linha de Produ\u00e7\u00e3o<br>Escolaridade \u2013 ensino m\u00e9dio completo;<br>Experi\u00eancia \u2013 seis meses na Carteira de Trabalho;<br>Requisitos obrigat\u00f3rios \u2013 ter experi\u00eancia no segmento de ar-condicionado e linha branca; residir nos bairros: Compensa, Novo Israel, Parque Riachuelo, S\u00e3o Jorge, Manoa, Parque S\u00e3o Pedro, Nova Esperan\u00e7a, Riacho Doce, Santa Etelvina, L\u00edrio do Vale, Osvaldo Frota, Nova Cidade, Dom Pedro, Canaranas, Cidade de Deus, Alvorada, Cidade Nova (n\u00facleos 11, 12, 13, 14, 15, 16, 21 e 23); Bairro da Paz, Reden\u00e7\u00e3o, Novo Aleixo ou Conjunto Hil\u00e9ia;<br>Atividades \u2013 realizar tarefas relacionadas ao processo de produ\u00e7\u00e3o, como inspe\u00e7\u00e3o, carregamento e descarregamento de mercadorias, embalagem, separa\u00e7\u00e3o e montagem de pe\u00e7as.<br>Dispon\u00edvel at\u00e9 21\/02\/2024 ou encerramento da vaga.<\/p>\n\n\n\n<p>1 vaga \u2013 Cozinheiro Geral<br>Escolaridade \u2013 ensino m\u00e9dio completo;<br>Experi\u00eancia \u2013 seis meses na Carteira de Trabalho;<br>Requisitos obrigat\u00f3rios \u2013 residir na zona Oeste de Manaus;<br>Atividades \u2013 preparar alimentos sob supervis\u00e3o de nutricionista, de modo que assegure a qualidade, higiene, sabor, aroma e apresenta\u00e7\u00e3o da refei\u00e7\u00e3o a ser servida; inspecionar a higieniza\u00e7\u00e3o de equipamentos e utens\u00edlios; auxiliar na requisi\u00e7\u00e3o do material necess\u00e1rio para a prepara\u00e7\u00e3o dos alimentos.<br>Dispon\u00edvel at\u00e9 21\/02\/2024 ou encerramento da vaga.<\/p>\n\n\n\n<p>1 vaga \u2013 Montador de M\u00f3veis<br>Escolaridade \u2013 ensino m\u00e9dio completo;<br>Experi\u00eancia \u2013 seis meses na Carteira de Trabalho;<br>Atividades \u2013 realizar montagem de m\u00f3veis para escrit\u00f3rio.<br>Dispon\u00edvel at\u00e9 21\/02\/2024 ou encerramento da vaga.<\/p>\n\n\n\n<p>Vagas no Com\u00e9rcio \u2013 26<\/p>\n\n\n\n<p>1 vaga \u2013 Vendedor Interno<br>Escolaridade \u2013 ensino m\u00e9dio completo;<br>Experi\u00eancia \u2013 tr\u00eas meses na Carteira de Trabalho;<br>Atividades \u2013 respons\u00e1vel por fechar novos neg\u00f3cios e trazer receita; prospectar clientes, apresentar solu\u00e7\u00f5es, fazer follow-up, negociar e fechar vendas.<br>Dispon\u00edvel at\u00e9 21\/02\/2024 ou encerramento da vaga.<\/p>\n\n\n\n<p>2 vagas \u2013 Gerente de Loja<br>Escolaridade \u2013 ensino superior completo ou cursando;<br>Experi\u00eancia \u2013 seis meses na Carteira de Trabalho;<br>Requisitos obrigat\u00f3rios \u2013 ter experi\u00eancia na \u00e1rea comercial e como gerente de atividades exercidas com gest\u00e3o de pessoas e vendas;<br>Atividades \u2013 realizar abertura e fechamento de loja e caixa, recrutamento e sele\u00e7\u00e3o de colaboradores.<br>Dispon\u00edvel at\u00e9 21\/02\/2024 ou encerramento da vaga.<\/p>\n\n\n\n<p>1 vaga \u2013 L\u00edder de Cozinha<br>Escolaridade \u2013 ensino superior completo ou cursando gastronomia;<br>Experi\u00eancia \u2013 seis meses na Carteira de Trabalho;<br>Requisitos obrigat\u00f3rios \u2013 ter Carteira Nacional de Habilita\u00e7\u00e3o categoria \u201cAB\u201d dentro do prazo de validade;<br>Atividades \u2013 supervisionar o preparo e montagem de pratos em restaurantes; orientar e verificar a elabora\u00e7\u00e3o de receitas; controlar o estoque de alimentos.<br>Dispon\u00edvel at\u00e9 21\/02\/2024 ou encerramento da vaga.<\/p>\n\n\n\n<p>8 vagas \u2013 Promotor de Vendas<br>Escolaridade \u2013 ensino fundamental completo;<br>Experi\u00eancia \u2013 seis meses na Carteira de Trabalho;<br>Requisitos obrigat\u00f3rios \u2013 ter curso de Inform\u00e1tica b\u00e1sica, Carteira Nacional de Habilita\u00e7\u00e3o categoria \u201cA\u201d dentro do prazo de validade e ve\u00edculo pr\u00f3prio (moto);<br>Atividades \u2013 promover produtos e fechar vendas.<br>Dispon\u00edvel at\u00e9 21\/02\/2024 ou encerramento da vaga.<\/p>\n\n\n\n<p>1 vaga \u2013 Almoxarife<br>Escolaridade \u2013 ensino superior completo;<br>Experi\u00eancia \u2013 seis meses na Carteira de Trabalho;<br>Requisitos obrigat\u00f3rios \u2013 residir na zona Norte de Manaus; ter Carteira Nacional de Habilita\u00e7\u00e3o categoria \u201cB\u201d dentro do prazo de validade;<br>Atividades \u2013 organizar o almoxarifado; atuar no recebimento, estocagem, distribui\u00e7\u00e3o, registro e invent\u00e1rio de mat\u00e9rias-primas e mercadorias adquiridas ou confeccionadas na universidade; utilizar recursos de inform\u00e1tica; executar outras tarefas de mesma natureza e n\u00edvel de complexidade associadas ao ambiente organizacional.<br>Dispon\u00edvel at\u00e9 21\/02\/2024 ou encerramento da vaga.<\/p>\n\n\n\n<p>1 vaga \u2013 Vendedor Externo<br>Escolaridade \u2013 ensino m\u00e9dio completo;<br>Experi\u00eancia \u2013 seis meses na Carteira de Trabalho;<br>Requisitos obrigat\u00f3rios \u2013 ter Carteira Nacional de Habilita\u00e7\u00e3o categoria \u201cA\u201d dentro do prazo de validade;<br>Atividades \u2013 vender produtos e servi\u00e7os em resid\u00eancias e escrit\u00f3rios; planejar e discutir metas e estrat\u00e9gias de vendas; contatar, visitar e entrevistar clientes; demonstrar produtos, avaliar o perfil dos clientes e fechar contratos de vendas; orientar, informar e visitar clientes no p\u00f3s-venda; acompanhar entrega de produtos e requisitar manuten\u00e7\u00e3o de produtos; relacionar-se com setores da empresa.<br>Dispon\u00edvel at\u00e9 21\/02\/2024 ou encerramento da vaga.<\/p>\n\n\n\n<p>1 vaga \u2013 Confeiteiro<br>Escolaridade \u2013 ensino fundamental completo;<br>Experi\u00eancia \u2013 seis meses na Carteira de Trabalho ou avulsa;<br>Atividades \u2013 planejar a produ\u00e7\u00e3o e preparar massas de p\u00e3o, macarr\u00e3o e similares; fazer p\u00e3es, bolachas e biscoitos; fabricar macarr\u00e3o; confeitar doces, preparar recheios e confeccionar salgados. Trabalhar em conformidade a normas e procedimentos t\u00e9cnicos e de qualidade, seguran\u00e7a, higiene, sa\u00fade e preserva\u00e7\u00e3o ambiental.<br>Dispon\u00edvel at\u00e9 21\/02\/2024 ou encerramento da vaga.<\/p>\n\n\n\n<p>2 vagas \u2013 Auxiliar de Compras<br>Escolaridade \u2013 ensino m\u00e9dio completo;<br>Experi\u00eancia \u2013 registrada na Carteira de Trabalho;<br>Atividades \u2013 executar servi\u00e7os de apoio nas \u00e1reas de recursos humanos, administra\u00e7\u00e3o, finan\u00e7as e log\u00edstica; atender fornecedores e clientes, prestando e recebendo informa\u00e7\u00f5es sobre produtos e servi\u00e7os; gerenciar documentos variados, cumprindo todo o procedimento necess\u00e1rio; preparar relat\u00f3rios e planilhas; executar servi\u00e7os gerais de escrit\u00f3rios.<br>Dispon\u00edvel at\u00e9 21\/02\/2024 ou encerramento da vaga.<\/p>\n\n\n\n<p>4 vagas \u2013 Auxiliar de Escritura\u00e7\u00e3o Fiscal<br>Escolaridade \u2013 ensino m\u00e9dio completo;<br>Experi\u00eancia \u2013 registrada na Carteira de Trabalho;<br>Requisitos obrigat\u00f3rios \u2013 ter curso de Excel avan\u00e7ado;<br>Atividades \u2013 realizar apura\u00e7\u00e3o e declara\u00e7\u00e3o de impostos diretos e indiretos e escritura\u00e7\u00e3o fiscal; atender fiscaliza\u00e7\u00f5es e participar na an\u00e1lise dos procedimentos tribut\u00e1rios da empresa.<br>Dispon\u00edvel at\u00e9 21\/02\/2024 ou encerramento da vaga.<\/p>\n\n\n\n<p>1 vaga \u2013 Carregador de M\u00f3veis<br>Escolaridade \u2013 ensino m\u00e9dio completo;<br>Experi\u00eancia \u2013 seis meses na Carteira de Trabalho;<br>Atividades \u2013 realizar carregamento e descarregamento de m\u00f3veis.<br>Dispon\u00edvel at\u00e9 21\/02\/2024 ou encerramento da vaga.<\/p>\n\n\n\n<p>2 vagas \u2013 Recepcionista de Hotel<br>Escolaridade \u2013 ensino m\u00e9dio completo;<br>Experi\u00eancia \u2013 seis meses na Carteira de Trabalho;<br>Requisitos obrigat\u00f3rios \u2013 ser fluente no idioma ingl\u00eas;<br>Atividades \u2013 identificar e orientar h\u00f3spedes sobre os servi\u00e7os de hospedagem; realizar check-in, checkout, cadastro e reservas; prestar assessoria aos clientes sobre pontos tur\u00edsticos e demais d\u00favidas.<br>Dispon\u00edvel at\u00e9 21\/02\/2024 ou encerramento da vaga.<\/p>\n\n\n\n<p>1 vaga \u2013 Chapeiro<br>Escolaridade \u2013 ensino fundamental completo;<br>Experi\u00eancia \u2013 seis meses na Carteira de Trabalho;<br>Atividades \u2013 atuar na produ\u00e7\u00e3o de sandu\u00edches, limpeza, organiza\u00e7\u00e3o e levantamento da mat\u00e9ria prima necess\u00e1ria para produ\u00e7\u00e3o.<br>Dispon\u00edvel at\u00e9 21\/02\/2024 ou encerramento da vaga.<\/p>\n\n\n\n<p>1 vaga \u2013 Churrasqueiro<br>Escolaridade \u2013 ensino fundamental completo;<br>Experi\u00eancia \u2013 seis meses na Carteira de Trabalho;<br>Atividades \u2013 preparar, cortar e assar carnes bovinas e su\u00ednas, realizar a manuten\u00e7\u00e3o da churrasqueira e organizar o local de trabalho.<br>Dispon\u00edvel at\u00e9 21\/02\/2024 ou encerramento da vaga.<\/p>\n\n\n\n<p>Vagas na Ind\u00fastria \u2013 51<\/p>\n\n\n\n<p>50 vagas \u2013 Auxiliar Operacional<br>Escolaridade \u2013 ensino fundamental completo;<br>Experi\u00eancia \u2013 n\u00e3o \u00e9 necess\u00e1rio;<br>Requisitos obrigat\u00f3rios \u2013 vaga direcionada a candidatos que buscam novos desafios, com atua\u00e7\u00e3o no munic\u00edpio de V\u00e1rzea Grande (MT);<br>Atividades \u2013 respons\u00e1vel por executar atividades operacionais em setores de apoio ou produ\u00e7\u00e3o de frios, visando garantir a manuten\u00e7\u00e3o, organiza\u00e7\u00e3o, limpeza ou opera\u00e7\u00e3o de atividades na unidade.<br>Dispon\u00edvel at\u00e9 21\/02\/2024 ou encerramento da vaga.<\/p>\n\n\n\n<p>1 vaga \u2013 Est\u00e1gio de T\u00e9cnico Qu\u00edmico<br>Escolaridade \u2013 ensino superior incompleto em qu\u00edmica;<br>Experi\u00eancia \u2013 n\u00e3o \u00e9 necess\u00e1rio;<br>Atividades \u2013 propor alternativas para solu\u00e7\u00e3o de problemas e melhorias no processo de fabrica\u00e7\u00e3o de produtos; resolver problemas t\u00e9cnicos; utilizar recursos de inform\u00e1tica; executar outras tarefas de mesma natureza e n\u00edvel de complexidade associadas ao ambiente organizacional.<br>Dispon\u00edvel at\u00e9 21\/02\/2024 ou encerramento da vaga.<\/p>\n\n\n\n<p>Vagas em Servi\u00e7os \u2013 95<\/p>\n\n\n\n<p>6 vagas \u2013 Motorista de Micro-\u00d4nibus<br>Escolaridade \u2013 ensino fundamental completo;<br>Experi\u00eancia \u2013 tr\u00eas meses na Carteira de Trabalho;<br>Requisitos obrigat\u00f3rios \u2013 ter cursos de dire\u00e7\u00e3o defensiva e transporte coletivo de Passageiros; ter Carteira Nacional de Habilita\u00e7\u00e3o categoria \u201cD\u201d dentro do prazo de validade;<br>Atividades \u2013 conduzir o embarque e desembarque de passageiros; orientar quanto aos procedimentos internos do ve\u00edculo; executar procedimento para garantir a seguran\u00e7a e conforto dos passageiros.<br>Dispon\u00edvel at\u00e9 21\/02\/2024 ou encerramento da vaga.<\/p>\n\n\n\n<p>1 vaga \u2013 Jardineiro<br>Escolaridade \u2013 ensino fundamental completo;<br>Experi\u00eancia \u2013 seis meses na Carteira de Trabalho;<br>Atividades \u2013 preparar, conservar e limpar jardins: capina, corte, replantio, aduba\u00e7\u00e3o peri\u00f3dica, irriga\u00e7\u00e3o, varredura, pulveriza\u00e7\u00e3o simples e polvilhamento; preparar sementes; fazer a repicagem e o transplante das mudas, incluindo desmate, transporte e embalagem; requisitar material necess\u00e1rio ao trabalho.<br>Dispon\u00edvel at\u00e9 21\/02\/2024 ou encerramento da vaga.<\/p>\n\n\n\n<p>1 vaga \u2013 Motorista Carreteiro<br>Escolaridade \u2013 ensino m\u00e9dio completo;<br>Experi\u00eancia \u2013 registrada na Carteira de Trabalho;<br>Requisitos obrigat\u00f3rios \u2013 ter cursos de NR-11, NR-12, Dire\u00e7\u00e3o Defensiva e exame toxicol\u00f3gico atualizados;<br>Atividades \u2013 movimentar cargas volumosas e pesadas; operar equipamentos; realizar inspe\u00e7\u00f5es e reparos em ve\u00edculos; vistoriar e verificar documenta\u00e7\u00e3o de ve\u00edculos e de cargas.<br>Dispon\u00edvel at\u00e9 21\/02\/2024 ou encerramento da vaga.<\/p>\n\n\n\n<p>7 vagas \u2013 Mec\u00e2nico de Refrigera\u00e7\u00e3o<br>Escolaridade \u2013 ensino m\u00e9dio completo;<br>Experi\u00eancia \u2013 registrada na Carteira de Trabalho;<br>Requisitos obrigat\u00f3rios \u2013 ter curso de mec\u00e2nico de refrigera\u00e7\u00e3o;<br>Atividades \u2013 realizar instala\u00e7\u00e3o e manuten\u00e7\u00e3o em equipamentos de refrigera\u00e7\u00e3o e climatiza\u00e7\u00e3o comercial, respeitando legisla\u00e7\u00f5es, normas t\u00e9cnicas, ambientais, de qualidade, sa\u00fade e seguran\u00e7a.<br>Dispon\u00edvel at\u00e9 21\/02\/2024 ou encerramento da vaga.<\/p>\n\n\n\n<p>7 vagas \u2013 Auxiliar de Refrigera\u00e7\u00e3o<br>Escolaridade \u2013 ensino m\u00e9dio completo;<br>Experi\u00eancia \u2013 seis meses na Carteira de Trabalho;<br>Requisitos obrigat\u00f3rios \u2013 ter curso de mec\u00e2nico de refrigera\u00e7\u00e3o;<br>Atividades \u2013 auxiliar na instala\u00e7\u00e3o, manuten\u00e7\u00e3o preventiva e corretiva de sistemas de refrigera\u00e7\u00e3o e ventila\u00e7\u00e3o; montar tubula\u00e7\u00f5es, avaliar o dimensionamento de locais para instala\u00e7\u00e3o de equipamento e realizar testes finais nos equipamentos.<br>Dispon\u00edvel at\u00e9 21\/02\/2024 ou encerramento da vaga.<\/p>\n\n\n\n<p>2 vagas \u2013 Motorista Carreteiro<br>Escolaridade \u2013 ensino m\u00e9dio completo;<br>Experi\u00eancia \u2013 seis meses na Carteira de Trabalho;<br>Requisitos obrigat\u00f3rios \u2013 ter Carteira Nacional de Habilita\u00e7\u00e3o categoria \u201cE\u201d dentro do prazo de validade; ter curso de MOPP;<br>Atividades \u2013 movimentar cargas volumosas e pesadas; operar equipamentos; realizar inspe\u00e7\u00f5es e reparos em ve\u00edculos; vistoriar e verificar documenta\u00e7\u00e3o de ve\u00edculos e cargas; definir rotas e assegurar a regularidade do transporte.<br>Dispon\u00edvel at\u00e9 21\/02\/2024 ou encerramento da vaga.<\/p>\n\n\n\n<p>2 vagas \u2013 Motorista de Caminh\u00e3o<br>Escolaridade \u2013 ensino m\u00e9dio completo;<br>Experi\u00eancia \u2013 seis meses na Carteira de Trabalho;<br>Requisitos obrigat\u00f3rios \u2013 ter Carteira Nacional de Habilita\u00e7\u00e3o categoria \u201cD\u201d dentro do prazo de validade; ter curso de MOPP;<br>Atividades \u2013 transportar, coletar e entregar cargas no Polo Industrial de Manaus.<br>Dispon\u00edvel at\u00e9 21\/02\/2024 ou encerramento da vaga.<\/p>\n\n\n\n<p>2 vagas \u2013 Mec\u00e2nico de Autos<br>Escolaridade \u2013 ensino m\u00e9dio completo;<br>Experi\u00eancia \u2013 seis meses na Carteira de Trabalho;<br>Requisitos obrigat\u00f3rios \u2013 ter Carteira Nacional de Habilita\u00e7\u00e3o categoria \u201cAB\u201d dentro do prazo de validade;<br>Atividades \u2013 dirigir e manobrar ve\u00edculos; transportar pessoas, cargas ou valores; realizar verifica\u00e7\u00f5es e manuten\u00e7\u00f5es b\u00e1sicas do ve\u00edculo.<br>Dispon\u00edvel at\u00e9 21\/02\/2024 ou encerramento da vaga.<\/p>\n\n\n\n<p>1 vaga \u2013 Consultor de Vendas<br>Escolaridade \u2013 ensino m\u00e9dio completo;<br>Experi\u00eancia \u2013 seis meses na Carteira de Trabalho;<br>Atividades \u2013 respons\u00e1vel por contatar, visitar e entrevistar clientes; negociar pre\u00e7os, prazos, condi\u00e7\u00f5es de pagamento e descontos de produtos e servi\u00e7os.<br>Dispon\u00edvel at\u00e9 21\/02\/2024 ou encerramento da vaga.<\/p>\n\n\n\n<p>3 vagas \u2013 T\u00e9cnico Instalador de Internet<br>Escolaridade \u2013 ensino m\u00e9dio completo;<br>Experi\u00eancia \u2013 n\u00e3o \u00e9 necess\u00e1rio;<br>Requisitos obrigat\u00f3rios \u2013 ter Carteira Nacional de Habilita\u00e7\u00e3o categoria \u201cB\u201d dentro do prazo de validade; ter disponibilidade de hor\u00e1rio e para viagens;<br>Atividades \u2013 realizar servi\u00e7os de instala\u00e7\u00e3o de fibra \u00f3tica e el\u00e9trica, conectoriza\u00e7\u00e3o, passagem de cabos e instala\u00e7\u00e3o.<br>Dispon\u00edvel at\u00e9 21\/02\/2024 ou encerramento da vaga.<\/p>\n\n\n\n<p>1 vaga \u2013 Vendedor Interno<br>Escolaridade \u2013 ensino m\u00e9dio completo;<br>Experi\u00eancia \u2013 seis meses na Carteira de Trabalho;<br>Atividades \u2013 prospectar clientes, apresentar solu\u00e7\u00f5es, fazer follow-up, negociar e fechar vendas.<br>Dispon\u00edvel at\u00e9 21\/02\/2024 ou encerramento da vaga.<\/p>\n\n\n\n<p>10 vagas \u2013 Motorista Carreteiro<br>Escolaridade \u2013 ensino fundamental completo;<br>Experi\u00eancia \u2013 seis meses na Carteira de Trabalho;<br>Requisitos obrigat\u00f3rios \u2013 ter Carteira Nacional de Habilita\u00e7\u00e3o categoria \u201cE\u201d dentro do prazo de validade; ter cursos de MOPP e Dire\u00e7\u00e3o Defensiva;<br>Atividades \u2013 movimentar cargas volumosas e pesadas; operar equipamentos; realizar inspe\u00e7\u00f5es e reparos em ve\u00edculos; vistoriar cargas e verificar documenta\u00e7\u00e3o de ve\u00edculos e cargas; definir rotas e assegurar a regularidade do transporte.<br>Dispon\u00edvel at\u00e9 21\/02\/2024 ou encerramento da vaga.<\/p>\n\n\n\n<p>2 vagas \u2013 Auxiliar de Cozinha<br>Escolaridade \u2013 ensino fundamental completo;<br>Experi\u00eancia \u2013 registrada na Carteira de Trabalho;<br>Atividades \u2013 preparar receitas para almo\u00e7o, jantar, lanches e caf\u00e9s; varrer, limpar e administrar o estoque de alimentos.<br>Dispon\u00edvel at\u00e9 21\/02\/2024 ou encerramento da vaga.<\/p>\n\n\n\n<p>5 vagas \u2013 Vendedor Externo (PAP)<br>Escolaridade \u2013 ensino m\u00e9dio completo;<br>Experi\u00eancia \u2013 tr\u00eas meses na Carteira de Trabalho;<br>Requisitos obrigat\u00f3rios \u2013 ter conhecimento em redes sociais;<br>Atividades \u2013 vender produtos ou servi\u00e7os diretamente aos consumidores.<br>Dispon\u00edvel at\u00e9 21\/02\/2024 ou encerramento da vaga.<\/p>\n\n\n\n<p>4 vagas \u2013 Cozinheiro Industrial<br>Escolaridade \u2013 ensino m\u00e9dio completo;<br>Experi\u00eancia \u2013 registrada na Carteira de Trabalho;<br>Atividades \u2013 preparar alimentos sob supervis\u00e3o de nutricionista, de modo que assegure a qualidade, higiene, sabor, aroma e apresenta\u00e7\u00e3o da refei\u00e7\u00e3o a ser servida; inspecionar a higieniza\u00e7\u00e3o de equipamentos e utens\u00edlios; auxiliar na requisi\u00e7\u00e3o do material necess\u00e1rio para a prepara\u00e7\u00e3o dos alimentos.<br>Dispon\u00edvel at\u00e9 21\/02\/2024 ou encerramento da vaga.<\/p>\n\n\n\n<p>10 vagas \u2013 Auxiliar de Cozinha<br>Escolaridade \u2013 ensino m\u00e9dio completo;<br>Experi\u00eancia \u2013 registrada na Carteira de Trabalho;<br>Requisitos obrigat\u00f3rios \u2013 ter experi\u00eancia em cozinha industrial;<br>Atividades \u2013 atuar na prepara\u00e7\u00e3o de alimentos, limpeza e conserva\u00e7\u00e3o das depend\u00eancias do restaurante, lanchonete e equipamentos; auxiliar no preparo de refei\u00e7\u00f5es, sobremesas e lanches; manter a ordem e a limpeza da cozinha, realizando a coleta e a lavagem de bandejas e talheres.<br>Dispon\u00edvel at\u00e9 21\/02\/2024 ou encerramento da vaga.<\/p>\n\n\n\n<p>8 vagas \u2013 Copeiro<br>Escolaridade \u2013 ensino m\u00e9dio completo;<br>Experi\u00eancia \u2013 seis meses na Carteira de Trabalho;<br>Requisitos obrigat\u00f3rios \u2013 ter experi\u00eancia em cozinha industrial;<br>Atividades \u2013 preparar e servir bebidas; cuidar da organiza\u00e7\u00e3o e limpeza dos utens\u00edlios e equipamentos da copa; abastecer os estoques de produtos e alimentos; realizar o controle de estoque; auxiliar no preparo de alimentos simples.<br>Dispon\u00edvel at\u00e9 21\/02\/2024 ou encerramento da vaga.<\/p>\n\n\n\n<p>10 vagas \u2013 Instalador de Equipamentos de Comunica\u00e7\u00e3o<br>Escolaridade \u2013 ensino fundamental completo;<br>Experi\u00eancia \u2013 n\u00e3o \u00e9 necess\u00e1rio;<br>Requisitos obrigat\u00f3rios \u2013 ter Carteira Nacional de Habilita\u00e7\u00e3o categoria \u201cA\u201d dentro do prazo de validade e ve\u00edculo pr\u00f3prio (moto);<br>Atividades \u2013 atuar na \u00e1rea de retirada de equipamentos na cidade de Manaus.<br>Dispon\u00edvel at\u00e9 21\/02\/2024 ou encerramento da vaga.<\/p>\n\n\n\n<p>2 vagas \u2013 Borracheiro<br>Escolaridade \u2013 ensino fundamental completo;<br>Experi\u00eancia \u2013 seis meses na Carteira de Trabalho;<br>Atividades \u2013 realizar manuten\u00e7\u00e3o de equipamentos, montagem e desmontagem de pneu e alinhamento.<br>Dispon\u00edvel at\u00e9 21\/02\/2024 ou encerramento da vaga.<\/p>\n\n\n\n<p>2 vagas \u2013 Eletricista de Instala\u00e7\u00f5es de Ve\u00edculos Automotores<br>Escolaridade \u2013 ensino fundamental completo;<br>Experi\u00eancia \u2013 seis meses na Carteira de Trabalho ou avulsa;<br>Atividades \u2013 realizar instala\u00e7\u00e3o e manuten\u00e7\u00e3o el\u00e9trica preventiva e corretiva em caminh\u00f5es e carretas; realizar troca de itens el\u00e9tricos.<br>Dispon\u00edvel at\u00e9 21\/02\/2024 ou encerramento da vaga.<\/p>\n\n\n\n<p>1 vaga \u2013 Motofretista<br>Escolaridade \u2013 ensino m\u00e9dio completo;<br>Experi\u00eancia \u2013 seis meses na Carteira de Trabalho;<br>Atividades \u2013 prestar servi\u00e7os de transporte de pequenas cargas.<br>Dispon\u00edvel at\u00e9 21\/02\/2024 ou encerramento da vaga.<\/p>\n\n\n\n<p>1 vaga \u2013 Auxiliar Financeiro<br>Escolaridade \u2013 ensino superior completo em administra\u00e7\u00e3o, economia ou contabilidade;<br>Experi\u00eancia \u2013 seis meses na Carteira de Trabalho;<br>Requisitos obrigat\u00f3rios \u2013 ter curso de Inform\u00e1tica b\u00e1sica;<br>Atividades \u2013 realizar pagamentos; fazer controle de contas a pagar e de tesouraria como um todo; controlar fluxos de caixa; acompanhar extratos banc\u00e1rios; realizar balan\u00e7os financeiros; preparar relat\u00f3rios; apoiar o setor de contabilidade no pagamento de tributos.<br>Dispon\u00edvel at\u00e9 21\/02\/2024 ou encerramento da vaga.<\/p>\n\n\n\n<p>1 vaga \u2013 Dedetizador<br>Escolaridade \u2013 ensino m\u00e9dio completo;<br>Experi\u00eancia \u2013 registrada na Carteira de Trabalho;<br>Requisitos obrigat\u00f3rios \u2013 ter Carteira Nacional de Habilita\u00e7\u00e3o categoria \u201cAB\u201d dentro do prazo de validade e disponibilidade de hor\u00e1rio;<br>Atividades \u2013 dedetizar terrenos baldios, resid\u00eancias, pr\u00e9dios comerciais e \u00f3rg\u00e3os p\u00fablicos, para eliminar e controlar pragas.<br>Dispon\u00edvel at\u00e9 21\/02\/2024 ou encerramento da vaga.<\/p>\n\n\n\n<p>4 vagas \u2013 Pedreiro<br>Escolaridade \u2013 ensino m\u00e9dio completo;<br>Experi\u00eancia \u2013 seis meses na Carteira de Trabalho;<br>Atividades \u2013 construir alicerces, levantar paredes, muros e constru\u00e7\u00f5es similares; rebocar estruturas constru\u00eddas; realizar trabalhos de manuten\u00e7\u00e3o corretiva de pr\u00e9dios, cal\u00e7adas e estruturas semelhantes.<br>Dispon\u00edvel at\u00e9 21\/02\/2024 ou encerramento da vaga.<\/p>\n\n\n\n<p>1 vaga \u2013 Carpinteiro<br>Escolaridade \u2013 ensino m\u00e9dio completo;<br>Experi\u00eancia \u2013 seis meses na Carteira de Trabalho;<br>Atividades \u2013 construir arma\u00e7\u00f5es de madeira em edif\u00edcios e obras similares, utilizando processos e ferramentas adequadas para compor alvenarias, arma\u00e7\u00f5es de telhado, andaimes e elementos afins.<br>Dispon\u00edvel at\u00e9 21\/02\/2024 ou encerramento da vaga.<\/p>\n\n\n\n<p>1 vaga \u2013 Ferreiro Armador<br>Escolaridade \u2013 ensino m\u00e9dio completo;<br>Experi\u00eancia \u2013 seis meses na Carteira de Trabalho;<br>Atividades \u2013 realizar montagem de arma\u00e7\u00f5es e estruturas de concreto e a\u00e7o em obras; aplicar pilares, vigas e lajes; organizar materiais.<br>Dispon\u00edvel at\u00e9 21\/02\/2024 ou encerramento da vaga.<\/p>\n\n\n\n<p>Vagas Exclusivas para Pessoas com Defici\u00eancia (PcD) \u2013 32<\/p>\n\n\n\n<p>15 vagas \u2013 Repositor de Mercadorias \u2013 vagas exclusivas para Pessoas com Defici\u00eancia (PcD)<br>Escolaridade \u2013 ensino m\u00e9dio completo;<br>Experi\u00eancia \u2013 n\u00e3o \u00e9 necess\u00e1rio;<br>Atividades \u2013 organizar, repor, conservar e precificar produtos; controlar os n\u00edveis de estoque, solicitando a compra dos materiais necess\u00e1rios.<br>Dispon\u00edvel at\u00e9 21\/02\/2024 ou encerramento da vaga.<\/p>\n\n\n\n<p>10 vagas \u2013 Repositor de Mercadorias \u2013 vagas exclusivas para Pessoas com Defici\u00eancia (PcD)<br>Escolaridade \u2013 ensino fundamental completo;<br>Experi\u00eancia \u2013 n\u00e3o \u00e9 necess\u00e1rio;<br>Atividades \u2013 realizar reposi\u00e7\u00e3o de mercadorias nas g\u00f4ndolas; verificar validade dos produtos; manter a organiza\u00e7\u00e3o e limpeza das g\u00f4ndolas; dar suporte no atendimento ao cliente.<br>Dispon\u00edvel at\u00e9 21\/02\/2024 ou encerramento da vaga.<\/p>\n\n\n\n<p>1 vaga \u2013 Auxiliar de Limpeza \u2013 vaga exclusiva para Pessoa com Defici\u00eancia (PcD)<br>Escolaridade \u2013 ensino fundamental completo;<br>Experi\u00eancia \u2013 n\u00e3o \u00e9 necess\u00e1rio;<br>Atividades \u2013 realizar limpeza de \u00e1reas comuns, higieniza\u00e7\u00e3o de banheiros, remo\u00e7\u00e3o de lixo, limpeza de pisos e manuseio de equipamentos de limpeza.<br>Dispon\u00edvel at\u00e9 21\/02\/2024 ou encerramento da vaga.<\/p>\n\n\n\n<p>4 vagas \u2013 Assistente Administrativo \u2013 vagas exclusivas para Pessoas com Defici\u00eancia (PcD)<br>Escolaridade \u2013 ensino m\u00e9dio completo;<br>Experi\u00eancia \u2013 dois meses na Carteira de Trabalho;<br>Atividades \u2013 prestar atendimento ao cliente; autorizar exames e agendamentos de consultas para conv\u00eanios internos e externos; controlar e acompanhar as senhas de atendimento; protocolar os atendimentos de conv\u00eanios ao faturamento diariamente; realizar atendimento telef\u00f4nico.<br>Dispon\u00edvel at\u00e9 21\/02\/2024 ou encerramento da vaga.<\/p>\n\n\n\n<p>2 vagas \u2013 Auxiliar de Servi\u00e7os Gerais \u2013 vagas exclusivas para Pessoas com Defici\u00eancia (PcD)<br>Escolaridade \u2013 ensino fundamental completo;<br>Experi\u00eancia \u2013 seis meses na Carteira de Trabalho;<br>Atividades \u2013 realizar limpeza nas depend\u00eancias da empresa; remover o p\u00f3 dos m\u00f3veis, fazer a varredura do piso, aspirar detritos, limpar ou lavar vidros e janelas, remover o lixo das lixeiras materiais.<br>Dispon\u00edvel at\u00e9 21\/02\/2024 ou encerramento da vaga.<\/p>\n\n\n\n<hr class=\"wp-block-separator has-alpha-channel-opacity\" \/>\n\n\n\n<p>Texto \u2013 Divulga\u00e7\u00e3o \/ Semtepi<br>Fotos \u2013 Arquivo \/ Semcom<\/p>\n","protected":false},"excerpt":{"rendered":"","protected":false},"author":61,"featured_media":4152,"comment_status":"closed","ping_status":"closed","sticky":false,"template":"","format":"standard","meta":{"footnotes":""},"categories":[760],"tags":[250,8,9,10,12],"acf":[],"yoast_head":"<!-- This site is optimized with the Yoast SEO plugin v23.0 - https:\/\/yoast.com\/wordpress\/plugins\/seo\/ -->\n<title>Sine Manaus oferta 313 vagas de emprego nesta quarta-feira, 21\/2<\/title>\n<meta name=\"description\" content=\"A Prefeitura de Manaus oferta 313 vagas de emprego em v\u00e1rias \u00e1reas de atua\u00e7\u00e3o, nesta quarta-feira, 21\/2, de 8h \u00e0s 16h.\" \/>\n<meta name=\"robots\" content=\"noindex, follow\" \/>\n<meta property=\"og:locale\" content=\"pt_BR\" \/>\n<meta property=\"og:type\" content=\"article\" \/>\n<meta property=\"og:title\" content=\"Sine Manaus oferta 313 vagas de emprego nesta quarta-feira, 21\/2\" \/>\n<meta property=\"og:description\" content=\"A Prefeitura de Manaus oferta 313 vagas de emprego em v\u00e1rias \u00e1reas de atua\u00e7\u00e3o, nesta quarta-feira, 21\/2, de 8h \u00e0s 16h.\" \/>\n<meta property=\"og:url\" content=\"https:\/\/www.manaus.am.gov.br\/semtepi\/emprego\/sine-oferta-vagas-emprego\/\" \/>\n<meta property=\"og:site_name\" content=\"SEMTEPI\" \/>\n<meta property=\"article:published_time\" content=\"2024-02-20T20:00:56+00:00\" \/>\n<meta property=\"article:modified_time\" content=\"2024-02-20T20:00:57+00:00\" \/>\n<meta property=\"og:image\" content=\"https:\/\/www.manaus.am.gov.br\/semtepi\/wp-content\/uploads\/sites\/20\/2024\/02\/Sine-Manaus-3.jpg\" \/>\n\t<meta property=\"og:image:width\" content=\"799\" \/>\n\t<meta property=\"og:image:height\" content=\"533\" \/>\n\t<meta property=\"og:image:type\" content=\"image\/jpeg\" \/>\n<meta name=\"author\" content=\"smonteiro\" \/>\n<meta name=\"twitter:card\" content=\"summary_large_image\" \/>\n<meta name=\"twitter:label1\" content=\"Written by\" \/>\n\t<meta name=\"twitter:data1\" content=\"smonteiro\" \/>\n\t<meta name=\"twitter:label2\" content=\"Est. reading time\" \/>\n\t<meta name=\"twitter:data2\" content=\"24 minutos\" \/>\n<script type=\"application\/ld+json\" class=\"yoast-schema-graph\">{\"@context\":\"https:\/\/schema.org\",\"@graph\":[{\"@type\":\"Article\",\"@id\":\"https:\/\/www.manaus.am.gov.br\/semtepi\/emprego\/sine-oferta-vagas-emprego\/#article\",\"isPartOf\":{\"@id\":\"https:\/\/www.manaus.am.gov.br\/semtepi\/emprego\/sine-oferta-vagas-emprego\/\"},\"author\":{\"name\":\"smonteiro\",\"@id\":\"https:\/\/www.manaus.am.gov.br\/semtepi\/#\/schema\/person\/ab4dcf766a54dff74e8d267f5c591961\"},\"headline\":\"Sine Manaus oferta 313 vagas de emprego nesta quarta-feira, 21\/2\",\"datePublished\":\"2024-02-20T20:00:56+00:00\",\"dateModified\":\"2024-02-20T20:00:57+00:00\",\"mainEntityOfPage\":{\"@id\":\"https:\/\/www.manaus.am.gov.br\/semtepi\/emprego\/sine-oferta-vagas-emprego\/\"},\"wordCount\":4557,\"publisher\":{\"@id\":\"https:\/\/www.manaus.am.gov.br\/semtepi\/#organization\"},\"image\":{\"@id\":\"https:\/\/www.manaus.am.gov.br\/semtepi\/emprego\/sine-oferta-vagas-emprego\/#primaryimage\"},\"thumbnailUrl\":\"https:\/\/www.manaus.am.gov.br\/semtepi\/wp-content\/uploads\/sites\/20\/2024\/02\/Sine-Manaus-3.jpg\",\"keywords\":[\"Empregos\",\"prefeitura de manaus\",\"Semtepi\",\"sine manaus\",\"vagas\"],\"articleSection\":[\"Emprego\"],\"inLanguage\":\"pt-BR\"},{\"@type\":\"WebPage\",\"@id\":\"https:\/\/www.manaus.am.gov.br\/semtepi\/emprego\/sine-oferta-vagas-emprego\/\",\"url\":\"https:\/\/www.manaus.am.gov.br\/semtepi\/emprego\/sine-oferta-vagas-emprego\/\",\"name\":\"Sine Manaus oferta 313 vagas de emprego nesta quarta-feira, 21\/2\",\"isPartOf\":{\"@id\":\"https:\/\/www.manaus.am.gov.br\/semtepi\/#website\"},\"primaryImageOfPage\":{\"@id\":\"https:\/\/www.manaus.am.gov.br\/semtepi\/emprego\/sine-oferta-vagas-emprego\/#primaryimage\"},\"image\":{\"@id\":\"https:\/\/www.manaus.am.gov.br\/semtepi\/emprego\/sine-oferta-vagas-emprego\/#primaryimage\"},\"thumbnailUrl\":\"https:\/\/www.manaus.am.gov.br\/semtepi\/wp-content\/uploads\/sites\/20\/2024\/02\/Sine-Manaus-3.jpg\",\"datePublished\":\"2024-02-20T20:00:56+00:00\",\"dateModified\":\"2024-02-20T20:00:57+00:00\",\"description\":\"A Prefeitura de Manaus oferta 313 vagas de emprego em v\u00e1rias \u00e1reas de atua\u00e7\u00e3o, nesta quarta-feira, 21\/2, de 8h \u00e0s 16h.\",\"breadcrumb\":{\"@id\":\"https:\/\/www.manaus.am.gov.br\/semtepi\/emprego\/sine-oferta-vagas-emprego\/#breadcrumb\"},\"inLanguage\":\"pt-BR\",\"potentialAction\":[{\"@type\":\"ReadAction\",\"target\":[\"https:\/\/www.manaus.am.gov.br\/semtepi\/emprego\/sine-oferta-vagas-emprego\/\"]}]},{\"@type\":\"ImageObject\",\"inLanguage\":\"pt-BR\",\"@id\":\"https:\/\/www.manaus.am.gov.br\/semtepi\/emprego\/sine-oferta-vagas-emprego\/#primaryimage\",\"url\":\"https:\/\/www.manaus.am.gov.br\/semtepi\/wp-content\/uploads\/sites\/20\/2024\/02\/Sine-Manaus-3.jpg\",\"contentUrl\":\"https:\/\/www.manaus.am.gov.br\/semtepi\/wp-content\/uploads\/sites\/20\/2024\/02\/Sine-Manaus-3.jpg\",\"width\":799,\"height\":533,\"caption\":\"#paratodosverem - imagem de uma carteira de trabalho\"},{\"@type\":\"BreadcrumbList\",\"@id\":\"https:\/\/www.manaus.am.gov.br\/semtepi\/emprego\/sine-oferta-vagas-emprego\/#breadcrumb\",\"itemListElement\":[{\"@type\":\"ListItem\",\"position\":1,\"name\":\"Home\",\"item\":\"https:\/\/www.manaus.am.gov.br\/semtepi\/\"},{\"@type\":\"ListItem\",\"position\":2,\"name\":\"Sine Manaus oferta 313 vagas de emprego nesta quarta-feira, 21\/2\"}]},{\"@type\":\"WebSite\",\"@id\":\"https:\/\/www.manaus.am.gov.br\/semtepi\/#website\",\"url\":\"https:\/\/www.manaus.am.gov.br\/semtepi\/\",\"name\":\"SEMTEPI\",\"description\":\"Prefeitura de Manaus\",\"publisher\":{\"@id\":\"https:\/\/www.manaus.am.gov.br\/semtepi\/#organization\"},\"alternateName\":\"Secretaria Municipal do Trabalho, Empreendedorismo e Inova\u00e7\u00e3o\",\"potentialAction\":[{\"@type\":\"SearchAction\",\"target\":{\"@type\":\"EntryPoint\",\"urlTemplate\":\"https:\/\/www.manaus.am.gov.br\/semtepi\/?s={search_term_string}\"},\"query-input\":\"required name=search_term_string\"}],\"inLanguage\":\"pt-BR\"},{\"@type\":\"Organization\",\"@id\":\"https:\/\/www.manaus.am.gov.br\/semtepi\/#organization\",\"name\":\"Prefeitura Municipal de Manaus\",\"alternateName\":\"Prefeitura de Manaus\",\"url\":\"https:\/\/www.manaus.am.gov.br\/semtepi\/\",\"logo\":{\"@type\":\"ImageObject\",\"inLanguage\":\"pt-BR\",\"@id\":\"https:\/\/www.manaus.am.gov.br\/semtepi\/#\/schema\/logo\/image\/\",\"url\":\"https:\/\/www.manaus.am.gov.br\/semtepi\/wp-content\/uploads\/sites\/20\/2024\/07\/favicon.png\",\"contentUrl\":\"https:\/\/www.manaus.am.gov.br\/semtepi\/wp-content\/uploads\/sites\/20\/2024\/07\/favicon.png\",\"width\":300,\"height\":300,\"caption\":\"Prefeitura Municipal de Manaus\"},\"image\":{\"@id\":\"https:\/\/www.manaus.am.gov.br\/semtepi\/#\/schema\/logo\/image\/\"}},{\"@type\":\"Person\",\"@id\":\"https:\/\/www.manaus.am.gov.br\/semtepi\/#\/schema\/person\/ab4dcf766a54dff74e8d267f5c591961\",\"name\":\"smonteiro\",\"image\":{\"@type\":\"ImageObject\",\"inLanguage\":\"pt-BR\",\"@id\":\"https:\/\/www.manaus.am.gov.br\/semtepi\/#\/schema\/person\/image\/\",\"url\":\"https:\/\/secure.gravatar.com\/avatar\/21c8776ef61d9272c73322052e042d77?s=96&d=mm&r=g\",\"contentUrl\":\"https:\/\/secure.gravatar.com\/avatar\/21c8776ef61d9272c73322052e042d77?s=96&d=mm&r=g\",\"caption\":\"smonteiro\"}}]}<\/script>\n<!-- \/ Yoast SEO plugin. -->","yoast_head_json":{"title":"Sine Manaus oferta 313 vagas de emprego nesta quarta-feira, 21\/2","description":"A Prefeitura de Manaus oferta 313 vagas de emprego em v\u00e1rias \u00e1reas de atua\u00e7\u00e3o, nesta quarta-feira, 21\/2, de 8h \u00e0s 16h.","robots":{"index":"noindex","follow":"follow"},"og_locale":"pt_BR","og_type":"article","og_title":"Sine Manaus oferta 313 vagas de emprego nesta quarta-feira, 21\/2","og_description":"A Prefeitura de Manaus oferta 313 vagas de emprego em v\u00e1rias \u00e1reas de atua\u00e7\u00e3o, nesta quarta-feira, 21\/2, de 8h \u00e0s 16h.","og_url":"https:\/\/www.manaus.am.gov.br\/semtepi\/emprego\/sine-oferta-vagas-emprego\/","og_site_name":"SEMTEPI","article_published_time":"2024-02-20T20:00:56+00:00","article_modified_time":"2024-02-20T20:00:57+00:00","og_image":[{"width":799,"height":533,"url":"https:\/\/www.manaus.am.gov.br\/semtepi\/wp-content\/uploads\/sites\/20\/2024\/02\/Sine-Manaus-3.jpg","type":"image\/jpeg"}],"author":"smonteiro","twitter_card":"summary_large_image","twitter_misc":{"Written by":"smonteiro","Est. reading time":"24 minutos"},"schema":{"@context":"https:\/\/schema.org","@graph":[{"@type":"Article","@id":"https:\/\/www.manaus.am.gov.br\/semtepi\/emprego\/sine-oferta-vagas-emprego\/#article","isPartOf":{"@id":"https:\/\/www.manaus.am.gov.br\/semtepi\/emprego\/sine-oferta-vagas-emprego\/"},"author":{"name":"smonteiro","@id":"https:\/\/www.manaus.am.gov.br\/semtepi\/#\/schema\/person\/ab4dcf766a54dff74e8d267f5c591961"},"headline":"Sine Manaus oferta 313 vagas de emprego nesta quarta-feira, 21\/2","datePublished":"2024-02-20T20:00:56+00:00","dateModified":"2024-02-20T20:00:57+00:00","mainEntityOfPage":{"@id":"https:\/\/www.manaus.am.gov.br\/semtepi\/emprego\/sine-oferta-vagas-emprego\/"},"wordCount":4557,"publisher":{"@id":"https:\/\/www.manaus.am.gov.br\/semtepi\/#organization"},"image":{"@id":"https:\/\/www.manaus.am.gov.br\/semtepi\/emprego\/sine-oferta-vagas-emprego\/#primaryimage"},"thumbnailUrl":"https:\/\/www.manaus.am.gov.br\/semtepi\/wp-content\/uploads\/sites\/20\/2024\/02\/Sine-Manaus-3.jpg","keywords":["Empregos","prefeitura de manaus","Semtepi","sine manaus","vagas"],"articleSection":["Emprego"],"inLanguage":"pt-BR"},{"@type":"WebPage","@id":"https:\/\/www.manaus.am.gov.br\/semtepi\/emprego\/sine-oferta-vagas-emprego\/","url":"https:\/\/www.manaus.am.gov.br\/semtepi\/emprego\/sine-oferta-vagas-emprego\/","name":"Sine Manaus oferta 313 vagas de emprego nesta quarta-feira, 21\/2","isPartOf":{"@id":"https:\/\/www.manaus.am.gov.br\/semtepi\/#website"},"primaryImageOfPage":{"@id":"https:\/\/www.manaus.am.gov.br\/semtepi\/emprego\/sine-oferta-vagas-emprego\/#primaryimage"},"image":{"@id":"https:\/\/www.manaus.am.gov.br\/semtepi\/emprego\/sine-oferta-vagas-emprego\/#primaryimage"},"thumbnailUrl":"https:\/\/www.manaus.am.gov.br\/semtepi\/wp-content\/uploads\/sites\/20\/2024\/02\/Sine-Manaus-3.jpg","datePublished":"2024-02-20T20:00:56+00:00","dateModified":"2024-02-20T20:00:57+00:00","description":"A Prefeitura de Manaus oferta 313 vagas de emprego em v\u00e1rias \u00e1reas de atua\u00e7\u00e3o, nesta quarta-feira, 21\/2, de 8h \u00e0s 16h.","breadcrumb":{"@id":"https:\/\/www.manaus.am.gov.br\/semtepi\/emprego\/sine-oferta-vagas-emprego\/#breadcrumb"},"inLanguage":"pt-BR","potentialAction":[{"@type":"ReadAction","target":["https:\/\/www.manaus.am.gov.br\/semtepi\/emprego\/sine-oferta-vagas-emprego\/"]}]},{"@type":"ImageObject","inLanguage":"pt-BR","@id":"https:\/\/www.manaus.am.gov.br\/semtepi\/emprego\/sine-oferta-vagas-emprego\/#primaryimage","url":"https:\/\/www.manaus.am.gov.br\/semtepi\/wp-content\/uploads\/sites\/20\/2024\/02\/Sine-Manaus-3.jpg","contentUrl":"https:\/\/www.manaus.am.gov.br\/semtepi\/wp-content\/uploads\/sites\/20\/2024\/02\/Sine-Manaus-3.jpg","width":799,"height":533,"caption":"#paratodosverem - imagem de uma carteira de trabalho"},{"@type":"BreadcrumbList","@id":"https:\/\/www.manaus.am.gov.br\/semtepi\/emprego\/sine-oferta-vagas-emprego\/#breadcrumb","itemListElement":[{"@type":"ListItem","position":1,"name":"Home","item":"https:\/\/www.manaus.am.gov.br\/semtepi\/"},{"@type":"ListItem","position":2,"name":"Sine Manaus oferta 313 vagas de emprego nesta quarta-feira, 21\/2"}]},{"@type":"WebSite","@id":"https:\/\/www.manaus.am.gov.br\/semtepi\/#website","url":"https:\/\/www.manaus.am.gov.br\/semtepi\/","name":"SEMTEPI","description":"Prefeitura de Manaus","publisher":{"@id":"https:\/\/www.manaus.am.gov.br\/semtepi\/#organization"},"alternateName":"Secretaria Municipal do Trabalho, Empreendedorismo e Inova\u00e7\u00e3o","potentialAction":[{"@type":"SearchAction","target":{"@type":"EntryPoint","urlTemplate":"https:\/\/www.manaus.am.gov.br\/semtepi\/?s={search_term_string}"},"query-input":"required name=search_term_string"}],"inLanguage":"pt-BR"},{"@type":"Organization","@id":"https:\/\/www.manaus.am.gov.br\/semtepi\/#organization","name":"Prefeitura Municipal de Manaus","alternateName":"Prefeitura de Manaus","url":"https:\/\/www.manaus.am.gov.br\/semtepi\/","logo":{"@type":"ImageObject","inLanguage":"pt-BR","@id":"https:\/\/www.manaus.am.gov.br\/semtepi\/#\/schema\/logo\/image\/","url":"https:\/\/www.manaus.am.gov.br\/semtepi\/wp-content\/uploads\/sites\/20\/2024\/07\/favicon.png","contentUrl":"https:\/\/www.manaus.am.gov.br\/semtepi\/wp-content\/uploads\/sites\/20\/2024\/07\/favicon.png","width":300,"height":300,"caption":"Prefeitura Municipal de Manaus"},"image":{"@id":"https:\/\/www.manaus.am.gov.br\/semtepi\/#\/schema\/logo\/image\/"}},{"@type":"Person","@id":"https:\/\/www.manaus.am.gov.br\/semtepi\/#\/schema\/person\/ab4dcf766a54dff74e8d267f5c591961","name":"smonteiro","image":{"@type":"ImageObject","inLanguage":"pt-BR","@id":"https:\/\/www.manaus.am.gov.br\/semtepi\/#\/schema\/person\/image\/","url":"https:\/\/secure.gravatar.com\/avatar\/21c8776ef61d9272c73322052e042d77?s=96&d=mm&r=g","contentUrl":"https:\/\/secure.gravatar.com\/avatar\/21c8776ef61d9272c73322052e042d77?s=96&d=mm&r=g","caption":"smonteiro"}}]}},"_links":{"self":[{"href":"https:\/\/www.manaus.am.gov.br\/semtepi\/wp-json\/wp\/v2\/posts\/4151"}],"collection":[{"href":"https:\/\/www.manaus.am.gov.br\/semtepi\/wp-json\/wp\/v2\/posts"}],"about":[{"href":"https:\/\/www.manaus.am.gov.br\/semtepi\/wp-json\/wp\/v2\/types\/post"}],"author":[{"embeddable":true,"href":"https:\/\/www.manaus.am.gov.br\/semtepi\/wp-json\/wp\/v2\/users\/61"}],"replies":[{"embeddable":true,"href":"https:\/\/www.manaus.am.gov.br\/semtepi\/wp-json\/wp\/v2\/comments?post=4151"}],"version-history":[{"count":0,"href":"https:\/\/www.manaus.am.gov.br\/semtepi\/wp-json\/wp\/v2\/posts\/4151\/revisions"}],"wp:featuredmedia":[{"embeddable":true,"href":"https:\/\/www.manaus.am.gov.br\/semtepi\/wp-json\/wp\/v2\/media\/4152"}],"wp:attachment":[{"href":"https:\/\/www.manaus.am.gov.br\/semtepi\/wp-json\/wp\/v2\/media?parent=4151"}],"wp:term":[{"taxonomy":"category","embeddable":true,"href":"https:\/\/www.manaus.am.gov.br\/semtepi\/wp-json\/wp\/v2\/categories?post=4151"},{"taxonomy":"post_tag","embeddable":true,"href":"https:\/\/www.manaus.am.gov.br\/semtepi\/wp-json\/wp\/v2\/tags?post=4151"}],"curies":[{"name":"wp","href":"https:\/\/api.w.org\/{rel}","templated":true}]}}