{"id":4137,"date":"2024-02-19T08:46:51","date_gmt":"2024-02-19T12:46:51","guid":{"rendered":"https:\/\/www.manaus.am.gov.br\/semtepi\/sem-categoria\/semtepi-treinamento\/"},"modified":"2024-02-19T08:46:53","modified_gmt":"2024-02-19T12:46:53","slug":"semtepi-treinamento","status":"publish","type":"post","link":"https:\/\/www.manaus.am.gov.br\/semtepi\/capacitacao\/semtepi-treinamento\/","title":{"rendered":"Prefeitura de Manaus oferta 60 vagas para curso de Treinamento B\u00e1sico Operacional"},"content":{"rendered":"\n<p>A Prefeitura de Manaus, por meio da Secretaria Municipal do Trabalho, Empreendedorismo e Inova\u00e7\u00e3o (Semtepi), em parceria com o instituto UniSaber Mais, oferta, nesta segunda-feira, 19\/2, 60 vagas gratuitas para o curso de Treinamento B\u00e1sico Operacional (TBO). As aulas acontecer\u00e3o nos dias 21, 22 e 23\/2, na Central do Empreendedor, localizada nas depend\u00eancias do shopping Phelippe Daou, na avenida Camapu\u00e3, n\u00ba 2.939, bairro Cidade de Deus, zona Norte.<\/p>\n\n\n\n<p>O curso de TBO \u00e9 indicado para aqueles que pretendem entrar no mercado de trabalho nas fun\u00e7\u00f5es de auxiliar de produ\u00e7\u00e3o, auxiliar de montagem, operador de produ\u00e7\u00e3o ou montador. A capacita\u00e7\u00e3o vai ser ministrada das 9h \u00e0s 12h, e a lista de selecionados est\u00e1 prevista para ser divulgada nesta ter\u00e7a-feira, 20\/2.<\/p>\n\n\n\n<p>\u201cH\u00e1 algum tempo, temos divulgado as vagas para o curso mais procurado pelos trabalhadores e mais exigido pelas empresas do Distrito Industrial de Manaus, o TBO. Portanto, n\u00e3o deixem passar essa oportunidade de reinser\u00e7\u00e3o no mercado de trabalho ao participarem de um ensino gratuito e com direito a certificado. Aproveitem os professores e usufruam dessa chance \u00fanica\u201d, destacou o secret\u00e1rio da Semtepi, Radyr J\u00fanior.<\/p>\n\n\n\n<p>Os interessados em participar dever\u00e3o realizar a pr\u00e9-inscri\u00e7\u00e3o nesta segunda-feira, a partir das 10h, pelo link&nbsp;<a href=\"https:\/\/bitly.ws\/3di3T\" target=\"_blank\" rel=\"noreferrer noopener\">https:\/\/bitly.ws\/3di3T<\/a>.<\/p>\n\n\n\n<p>&#8212; &#8212; &#8212;<\/p>\n\n\n\n<p><strong>Texto \u2013&nbsp;<\/strong>Fabiane Monteiro \/ Semtepi<\/p>\n\n\n\n<p><strong>Fotos \u2013<\/strong> Arquivo\/Semcom<\/p>\n","protected":false},"excerpt":{"rendered":"","protected":false},"author":23,"featured_media":4138,"comment_status":"closed","ping_status":"closed","sticky":false,"template":"","format":"standard","meta":{"footnotes":""},"categories":[51],"tags":[53,8,9,968,969],"acf":[],"yoast_head":"<!-- This site is optimized with the Yoast SEO plugin v23.0 - https:\/\/yoast.com\/wordpress\/plugins\/seo\/ -->\n<title>Prefeitura de Manaus oferta 60 vagas para curso de Treinamento B\u00e1sico Operacional<\/title>\n<meta name=\"description\" content=\"A Prefeitura de Manaus, por meio da Secretaria Municipal do Trabalho, Empreendedorismo e Inova\u00e7\u00e3o (Semtepi), em parceria com o instituto UniSaber Mais, oferta, nesta segunda-feira, 19\/2, 60 vagas gratuitas para o curso de Treinamento B\u00e1sico Operacional (TBO). As aulas acontecer\u00e3o nos dias 21, 22 e 23\/2, na Central do Empreendedor, localizada nas depend\u00eancias do shopping Phelippe Daou, na avenida Camapu\u00e3, n\u00ba 2.939, bairro Cidade de Deus, zona Norte.\" \/>\n<meta name=\"robots\" content=\"noindex, follow\" \/>\n<meta property=\"og:locale\" content=\"pt_BR\" \/>\n<meta property=\"og:type\" content=\"article\" \/>\n<meta property=\"og:title\" content=\"Prefeitura de Manaus oferta 60 vagas para curso de Treinamento B\u00e1sico Operacional\" \/>\n<meta property=\"og:description\" content=\"A Prefeitura de Manaus, por meio da Secretaria Municipal do Trabalho, Empreendedorismo e Inova\u00e7\u00e3o (Semtepi), em parceria com o instituto UniSaber Mais, oferta, nesta segunda-feira, 19\/2, 60 vagas gratuitas para o curso de Treinamento B\u00e1sico Operacional (TBO). As aulas acontecer\u00e3o nos dias 21, 22 e 23\/2, na Central do Empreendedor, localizada nas depend\u00eancias do shopping Phelippe Daou, na avenida Camapu\u00e3, n\u00ba 2.939, bairro Cidade de Deus, zona Norte.\" \/>\n<meta property=\"og:url\" content=\"https:\/\/www.manaus.am.gov.br\/semtepi\/capacitacao\/semtepi-treinamento\/\" \/>\n<meta property=\"og:site_name\" content=\"SEMTEPI\" \/>\n<meta property=\"article:published_time\" content=\"2024-02-19T12:46:51+00:00\" \/>\n<meta property=\"article:modified_time\" content=\"2024-02-19T12:46:53+00:00\" \/>\n<meta property=\"og:image\" content=\"https:\/\/www.manaus.am.gov.br\/semtepi\/wp-content\/uploads\/sites\/20\/2024\/02\/53218064183_dea320279b_c.jpg\" \/>\n\t<meta property=\"og:image:width\" content=\"799\" \/>\n\t<meta property=\"og:image:height\" content=\"533\" \/>\n\t<meta property=\"og:image:type\" content=\"image\/jpeg\" \/>\n<meta name=\"author\" content=\"Adriana Costa\" \/>\n<meta name=\"twitter:card\" content=\"summary_large_image\" \/>\n<meta name=\"twitter:label1\" content=\"Written by\" \/>\n\t<meta name=\"twitter:data1\" content=\"Adriana Costa\" \/>\n\t<meta name=\"twitter:label2\" content=\"Est. reading time\" \/>\n\t<meta name=\"twitter:data2\" content=\"2 minutos\" \/>\n<script type=\"application\/ld+json\" class=\"yoast-schema-graph\">{\"@context\":\"https:\/\/schema.org\",\"@graph\":[{\"@type\":\"Article\",\"@id\":\"https:\/\/www.manaus.am.gov.br\/semtepi\/capacitacao\/semtepi-treinamento\/#article\",\"isPartOf\":{\"@id\":\"https:\/\/www.manaus.am.gov.br\/semtepi\/capacitacao\/semtepi-treinamento\/\"},\"author\":{\"name\":\"Adriana Costa\",\"@id\":\"https:\/\/www.manaus.am.gov.br\/semtepi\/#\/schema\/person\/4e49f4e267757a06ca072ec61b2b9968\"},\"headline\":\"Prefeitura de Manaus oferta 60 vagas para curso de Treinamento B\u00e1sico Operacional\",\"datePublished\":\"2024-02-19T12:46:51+00:00\",\"dateModified\":\"2024-02-19T12:46:53+00:00\",\"mainEntityOfPage\":{\"@id\":\"https:\/\/www.manaus.am.gov.br\/semtepi\/capacitacao\/semtepi-treinamento\/\"},\"wordCount\":236,\"publisher\":{\"@id\":\"https:\/\/www.manaus.am.gov.br\/semtepi\/#organization\"},\"image\":{\"@id\":\"https:\/\/www.manaus.am.gov.br\/semtepi\/capacitacao\/semtepi-treinamento\/#primaryimage\"},\"thumbnailUrl\":\"https:\/\/www.manaus.am.gov.br\/semtepi\/wp-content\/uploads\/sites\/20\/2024\/02\/53218064183_dea320279b_c.jpg\",\"keywords\":[\"capacita\u00e7\u00e3o\",\"prefeitura de manaus\",\"Semtepi\",\"TBO\",\"Treinamento B\u00e1sico Operacional\"],\"articleSection\":[\"Capacita\u00e7\u00e3o\"],\"inLanguage\":\"pt-BR\"},{\"@type\":\"WebPage\",\"@id\":\"https:\/\/www.manaus.am.gov.br\/semtepi\/capacitacao\/semtepi-treinamento\/\",\"url\":\"https:\/\/www.manaus.am.gov.br\/semtepi\/capacitacao\/semtepi-treinamento\/\",\"name\":\"Prefeitura de Manaus oferta 60 vagas para curso de Treinamento B\u00e1sico Operacional\",\"isPartOf\":{\"@id\":\"https:\/\/www.manaus.am.gov.br\/semtepi\/#website\"},\"primaryImageOfPage\":{\"@id\":\"https:\/\/www.manaus.am.gov.br\/semtepi\/capacitacao\/semtepi-treinamento\/#primaryimage\"},\"image\":{\"@id\":\"https:\/\/www.manaus.am.gov.br\/semtepi\/capacitacao\/semtepi-treinamento\/#primaryimage\"},\"thumbnailUrl\":\"https:\/\/www.manaus.am.gov.br\/semtepi\/wp-content\/uploads\/sites\/20\/2024\/02\/53218064183_dea320279b_c.jpg\",\"datePublished\":\"2024-02-19T12:46:51+00:00\",\"dateModified\":\"2024-02-19T12:46:53+00:00\",\"description\":\"A Prefeitura de Manaus, por meio da Secretaria Municipal do Trabalho, Empreendedorismo e Inova\u00e7\u00e3o (Semtepi), em parceria com o instituto UniSaber Mais, oferta, nesta segunda-feira, 19\/2, 60 vagas gratuitas para o curso de Treinamento B\u00e1sico Operacional (TBO). As aulas acontecer\u00e3o nos dias 21, 22 e 23\/2, na Central do Empreendedor, localizada nas depend\u00eancias do shopping Phelippe Daou, na avenida Camapu\u00e3, n\u00ba 2.939, bairro Cidade de Deus, zona Norte.\",\"breadcrumb\":{\"@id\":\"https:\/\/www.manaus.am.gov.br\/semtepi\/capacitacao\/semtepi-treinamento\/#breadcrumb\"},\"inLanguage\":\"pt-BR\",\"potentialAction\":[{\"@type\":\"ReadAction\",\"target\":[\"https:\/\/www.manaus.am.gov.br\/semtepi\/capacitacao\/semtepi-treinamento\/\"]}]},{\"@type\":\"ImageObject\",\"inLanguage\":\"pt-BR\",\"@id\":\"https:\/\/www.manaus.am.gov.br\/semtepi\/capacitacao\/semtepi-treinamento\/#primaryimage\",\"url\":\"https:\/\/www.manaus.am.gov.br\/semtepi\/wp-content\/uploads\/sites\/20\/2024\/02\/53218064183_dea320279b_c.jpg\",\"contentUrl\":\"https:\/\/www.manaus.am.gov.br\/semtepi\/wp-content\/uploads\/sites\/20\/2024\/02\/53218064183_dea320279b_c.jpg\",\"width\":799,\"height\":533},{\"@type\":\"BreadcrumbList\",\"@id\":\"https:\/\/www.manaus.am.gov.br\/semtepi\/capacitacao\/semtepi-treinamento\/#breadcrumb\",\"itemListElement\":[{\"@type\":\"ListItem\",\"position\":1,\"name\":\"Home\",\"item\":\"https:\/\/www.manaus.am.gov.br\/semtepi\/\"},{\"@type\":\"ListItem\",\"position\":2,\"name\":\"Prefeitura de Manaus oferta 60 vagas para curso de Treinamento B\u00e1sico Operacional\"}]},{\"@type\":\"WebSite\",\"@id\":\"https:\/\/www.manaus.am.gov.br\/semtepi\/#website\",\"url\":\"https:\/\/www.manaus.am.gov.br\/semtepi\/\",\"name\":\"SEMTEPI\",\"description\":\"Prefeitura de Manaus\",\"publisher\":{\"@id\":\"https:\/\/www.manaus.am.gov.br\/semtepi\/#organization\"},\"alternateName\":\"Secretaria Municipal do Trabalho, Empreendedorismo e Inova\u00e7\u00e3o\",\"potentialAction\":[{\"@type\":\"SearchAction\",\"target\":{\"@type\":\"EntryPoint\",\"urlTemplate\":\"https:\/\/www.manaus.am.gov.br\/semtepi\/?s={search_term_string}\"},\"query-input\":\"required name=search_term_string\"}],\"inLanguage\":\"pt-BR\"},{\"@type\":\"Organization\",\"@id\":\"https:\/\/www.manaus.am.gov.br\/semtepi\/#organization\",\"name\":\"Prefeitura Municipal de Manaus\",\"alternateName\":\"Prefeitura de Manaus\",\"url\":\"https:\/\/www.manaus.am.gov.br\/semtepi\/\",\"logo\":{\"@type\":\"ImageObject\",\"inLanguage\":\"pt-BR\",\"@id\":\"https:\/\/www.manaus.am.gov.br\/semtepi\/#\/schema\/logo\/image\/\",\"url\":\"https:\/\/www.manaus.am.gov.br\/semtepi\/wp-content\/uploads\/sites\/20\/2024\/07\/favicon.png\",\"contentUrl\":\"https:\/\/www.manaus.am.gov.br\/semtepi\/wp-content\/uploads\/sites\/20\/2024\/07\/favicon.png\",\"width\":300,\"height\":300,\"caption\":\"Prefeitura Municipal de Manaus\"},\"image\":{\"@id\":\"https:\/\/www.manaus.am.gov.br\/semtepi\/#\/schema\/logo\/image\/\"}},{\"@type\":\"Person\",\"@id\":\"https:\/\/www.manaus.am.gov.br\/semtepi\/#\/schema\/person\/4e49f4e267757a06ca072ec61b2b9968\",\"name\":\"Adriana Costa\",\"image\":{\"@type\":\"ImageObject\",\"inLanguage\":\"pt-BR\",\"@id\":\"https:\/\/www.manaus.am.gov.br\/semtepi\/#\/schema\/person\/image\/\",\"url\":\"https:\/\/secure.gravatar.com\/avatar\/576258617ef7194f718179e766d57bd4?s=96&d=mm&r=g\",\"contentUrl\":\"https:\/\/secure.gravatar.com\/avatar\/576258617ef7194f718179e766d57bd4?s=96&d=mm&r=g\",\"caption\":\"Adriana Costa\"}}]}<\/script>\n<!-- \/ Yoast SEO plugin. -->","yoast_head_json":{"title":"Prefeitura de Manaus oferta 60 vagas para curso de Treinamento B\u00e1sico Operacional","description":"A Prefeitura de Manaus, por meio da Secretaria Municipal do Trabalho, Empreendedorismo e Inova\u00e7\u00e3o (Semtepi), em parceria com o instituto UniSaber Mais, oferta, nesta segunda-feira, 19\/2, 60 vagas gratuitas para o curso de Treinamento B\u00e1sico Operacional (TBO). As aulas acontecer\u00e3o nos dias 21, 22 e 23\/2, na Central do Empreendedor, localizada nas depend\u00eancias do shopping Phelippe Daou, na avenida Camapu\u00e3, n\u00ba 2.939, bairro Cidade de Deus, zona Norte.","robots":{"index":"noindex","follow":"follow"},"og_locale":"pt_BR","og_type":"article","og_title":"Prefeitura de Manaus oferta 60 vagas para curso de Treinamento B\u00e1sico Operacional","og_description":"A Prefeitura de Manaus, por meio da Secretaria Municipal do Trabalho, Empreendedorismo e Inova\u00e7\u00e3o (Semtepi), em parceria com o instituto UniSaber Mais, oferta, nesta segunda-feira, 19\/2, 60 vagas gratuitas para o curso de Treinamento B\u00e1sico Operacional (TBO). As aulas acontecer\u00e3o nos dias 21, 22 e 23\/2, na Central do Empreendedor, localizada nas depend\u00eancias do shopping Phelippe Daou, na avenida Camapu\u00e3, n\u00ba 2.939, bairro Cidade de Deus, zona Norte.","og_url":"https:\/\/www.manaus.am.gov.br\/semtepi\/capacitacao\/semtepi-treinamento\/","og_site_name":"SEMTEPI","article_published_time":"2024-02-19T12:46:51+00:00","article_modified_time":"2024-02-19T12:46:53+00:00","og_image":[{"width":799,"height":533,"url":"https:\/\/www.manaus.am.gov.br\/semtepi\/wp-content\/uploads\/sites\/20\/2024\/02\/53218064183_dea320279b_c.jpg","type":"image\/jpeg"}],"author":"Adriana Costa","twitter_card":"summary_large_image","twitter_misc":{"Written by":"Adriana Costa","Est. reading time":"2 minutos"},"schema":{"@context":"https:\/\/schema.org","@graph":[{"@type":"Article","@id":"https:\/\/www.manaus.am.gov.br\/semtepi\/capacitacao\/semtepi-treinamento\/#article","isPartOf":{"@id":"https:\/\/www.manaus.am.gov.br\/semtepi\/capacitacao\/semtepi-treinamento\/"},"author":{"name":"Adriana Costa","@id":"https:\/\/www.manaus.am.gov.br\/semtepi\/#\/schema\/person\/4e49f4e267757a06ca072ec61b2b9968"},"headline":"Prefeitura de Manaus oferta 60 vagas para curso de Treinamento B\u00e1sico Operacional","datePublished":"2024-02-19T12:46:51+00:00","dateModified":"2024-02-19T12:46:53+00:00","mainEntityOfPage":{"@id":"https:\/\/www.manaus.am.gov.br\/semtepi\/capacitacao\/semtepi-treinamento\/"},"wordCount":236,"publisher":{"@id":"https:\/\/www.manaus.am.gov.br\/semtepi\/#organization"},"image":{"@id":"https:\/\/www.manaus.am.gov.br\/semtepi\/capacitacao\/semtepi-treinamento\/#primaryimage"},"thumbnailUrl":"https:\/\/www.manaus.am.gov.br\/semtepi\/wp-content\/uploads\/sites\/20\/2024\/02\/53218064183_dea320279b_c.jpg","keywords":["capacita\u00e7\u00e3o","prefeitura de manaus","Semtepi","TBO","Treinamento B\u00e1sico Operacional"],"articleSection":["Capacita\u00e7\u00e3o"],"inLanguage":"pt-BR"},{"@type":"WebPage","@id":"https:\/\/www.manaus.am.gov.br\/semtepi\/capacitacao\/semtepi-treinamento\/","url":"https:\/\/www.manaus.am.gov.br\/semtepi\/capacitacao\/semtepi-treinamento\/","name":"Prefeitura de Manaus oferta 60 vagas para curso de Treinamento B\u00e1sico Operacional","isPartOf":{"@id":"https:\/\/www.manaus.am.gov.br\/semtepi\/#website"},"primaryImageOfPage":{"@id":"https:\/\/www.manaus.am.gov.br\/semtepi\/capacitacao\/semtepi-treinamento\/#primaryimage"},"image":{"@id":"https:\/\/www.manaus.am.gov.br\/semtepi\/capacitacao\/semtepi-treinamento\/#primaryimage"},"thumbnailUrl":"https:\/\/www.manaus.am.gov.br\/semtepi\/wp-content\/uploads\/sites\/20\/2024\/02\/53218064183_dea320279b_c.jpg","datePublished":"2024-02-19T12:46:51+00:00","dateModified":"2024-02-19T12:46:53+00:00","description":"A Prefeitura de Manaus, por meio da Secretaria Municipal do Trabalho, Empreendedorismo e Inova\u00e7\u00e3o (Semtepi), em parceria com o instituto UniSaber Mais, oferta, nesta segunda-feira, 19\/2, 60 vagas gratuitas para o curso de Treinamento B\u00e1sico Operacional (TBO). As aulas acontecer\u00e3o nos dias 21, 22 e 23\/2, na Central do Empreendedor, localizada nas depend\u00eancias do shopping Phelippe Daou, na avenida Camapu\u00e3, n\u00ba 2.939, bairro Cidade de Deus, zona Norte.","breadcrumb":{"@id":"https:\/\/www.manaus.am.gov.br\/semtepi\/capacitacao\/semtepi-treinamento\/#breadcrumb"},"inLanguage":"pt-BR","potentialAction":[{"@type":"ReadAction","target":["https:\/\/www.manaus.am.gov.br\/semtepi\/capacitacao\/semtepi-treinamento\/"]}]},{"@type":"ImageObject","inLanguage":"pt-BR","@id":"https:\/\/www.manaus.am.gov.br\/semtepi\/capacitacao\/semtepi-treinamento\/#primaryimage","url":"https:\/\/www.manaus.am.gov.br\/semtepi\/wp-content\/uploads\/sites\/20\/2024\/02\/53218064183_dea320279b_c.jpg","contentUrl":"https:\/\/www.manaus.am.gov.br\/semtepi\/wp-content\/uploads\/sites\/20\/2024\/02\/53218064183_dea320279b_c.jpg","width":799,"height":533},{"@type":"BreadcrumbList","@id":"https:\/\/www.manaus.am.gov.br\/semtepi\/capacitacao\/semtepi-treinamento\/#breadcrumb","itemListElement":[{"@type":"ListItem","position":1,"name":"Home","item":"https:\/\/www.manaus.am.gov.br\/semtepi\/"},{"@type":"ListItem","position":2,"name":"Prefeitura de Manaus oferta 60 vagas para curso de Treinamento B\u00e1sico Operacional"}]},{"@type":"WebSite","@id":"https:\/\/www.manaus.am.gov.br\/semtepi\/#website","url":"https:\/\/www.manaus.am.gov.br\/semtepi\/","name":"SEMTEPI","description":"Prefeitura de Manaus","publisher":{"@id":"https:\/\/www.manaus.am.gov.br\/semtepi\/#organization"},"alternateName":"Secretaria Municipal do Trabalho, Empreendedorismo e Inova\u00e7\u00e3o","potentialAction":[{"@type":"SearchAction","target":{"@type":"EntryPoint","urlTemplate":"https:\/\/www.manaus.am.gov.br\/semtepi\/?s={search_term_string}"},"query-input":"required name=search_term_string"}],"inLanguage":"pt-BR"},{"@type":"Organization","@id":"https:\/\/www.manaus.am.gov.br\/semtepi\/#organization","name":"Prefeitura Municipal de Manaus","alternateName":"Prefeitura de Manaus","url":"https:\/\/www.manaus.am.gov.br\/semtepi\/","logo":{"@type":"ImageObject","inLanguage":"pt-BR","@id":"https:\/\/www.manaus.am.gov.br\/semtepi\/#\/schema\/logo\/image\/","url":"https:\/\/www.manaus.am.gov.br\/semtepi\/wp-content\/uploads\/sites\/20\/2024\/07\/favicon.png","contentUrl":"https:\/\/www.manaus.am.gov.br\/semtepi\/wp-content\/uploads\/sites\/20\/2024\/07\/favicon.png","width":300,"height":300,"caption":"Prefeitura Municipal de Manaus"},"image":{"@id":"https:\/\/www.manaus.am.gov.br\/semtepi\/#\/schema\/logo\/image\/"}},{"@type":"Person","@id":"https:\/\/www.manaus.am.gov.br\/semtepi\/#\/schema\/person\/4e49f4e267757a06ca072ec61b2b9968","name":"Adriana Costa","image":{"@type":"ImageObject","inLanguage":"pt-BR","@id":"https:\/\/www.manaus.am.gov.br\/semtepi\/#\/schema\/person\/image\/","url":"https:\/\/secure.gravatar.com\/avatar\/576258617ef7194f718179e766d57bd4?s=96&d=mm&r=g","contentUrl":"https:\/\/secure.gravatar.com\/avatar\/576258617ef7194f718179e766d57bd4?s=96&d=mm&r=g","caption":"Adriana Costa"}}]}},"_links":{"self":[{"href":"https:\/\/www.manaus.am.gov.br\/semtepi\/wp-json\/wp\/v2\/posts\/4137"}],"collection":[{"href":"https:\/\/www.manaus.am.gov.br\/semtepi\/wp-json\/wp\/v2\/posts"}],"about":[{"href":"https:\/\/www.manaus.am.gov.br\/semtepi\/wp-json\/wp\/v2\/types\/post"}],"author":[{"embeddable":true,"href":"https:\/\/www.manaus.am.gov.br\/semtepi\/wp-json\/wp\/v2\/users\/23"}],"replies":[{"embeddable":true,"href":"https:\/\/www.manaus.am.gov.br\/semtepi\/wp-json\/wp\/v2\/comments?post=4137"}],"version-history":[{"count":0,"href":"https:\/\/www.manaus.am.gov.br\/semtepi\/wp-json\/wp\/v2\/posts\/4137\/revisions"}],"wp:featuredmedia":[{"embeddable":true,"href":"https:\/\/www.manaus.am.gov.br\/semtepi\/wp-json\/wp\/v2\/media\/4138"}],"wp:attachment":[{"href":"https:\/\/www.manaus.am.gov.br\/semtepi\/wp-json\/wp\/v2\/media?parent=4137"}],"wp:term":[{"taxonomy":"category","embeddable":true,"href":"https:\/\/www.manaus.am.gov.br\/semtepi\/wp-json\/wp\/v2\/categories?post=4137"},{"taxonomy":"post_tag","embeddable":true,"href":"https:\/\/www.manaus.am.gov.br\/semtepi\/wp-json\/wp\/v2\/tags?post=4137"}],"curies":[{"name":"wp","href":"https:\/\/api.w.org\/{rel}","templated":true}]}}