{"id":4135,"date":"2024-02-18T09:51:41","date_gmt":"2024-02-18T13:51:41","guid":{"rendered":"https:\/\/www.manaus.am.gov.br\/semtepi\/sem-categoria\/sine-manaus-vagas-de-emprego-2\/"},"modified":"2024-02-18T09:51:43","modified_gmt":"2024-02-18T13:51:43","slug":"sine-manaus-vagas-de-emprego-2","status":"publish","type":"post","link":"https:\/\/www.manaus.am.gov.br\/semtepi\/oportunidade\/sine-manaus-vagas-de-emprego-2\/","title":{"rendered":"Sine Manaus oferta 336 vagas de emprego nesta segunda-feira, 19\/2"},"content":{"rendered":"\n<p>A Prefeitura de Manaus, por meio do Sine Manaus, oferta 336 vagas de emprego em v\u00e1rias \u00e1reas de atua\u00e7\u00e3o, nesta segunda-feira, 19\/2,&nbsp;de 8h \u00e0s 16h. O candidato precisa validar a Carteira Digital e Previd\u00eancia Social (CTPS) no aplicativo \u201cCarteira de Trabalho Digital\u201d ou acessar o site&nbsp;<a href=\"http:\/\/gov.br\/trabalho\">http:\/\/gov.br\/trabalho<\/a>&nbsp;e para concorrer \u00e0s vagas, deve acessar o site&nbsp;<a href=\"http:\/\/empregabrasil.mte.gov.br\/\">http:\/\/empregabrasil.mte.gov.br<\/a>&nbsp;para fazer a solicita\u00e7\u00e3o de cadastro.<\/p>\n\n\n\n<p>Para participar da pr\u00e9-sele\u00e7\u00e3o e concorrer a uma das vagas dispon\u00edveis, ou receber orienta\u00e7\u00e3o de cadastro, Carteira de Trabalho Digital e seguro-desemprego, os candidatos devem comparecer a um dos postos do Sine Manaus: na avenida Constantino Nery, n\u00ba 1.272, bairro S\u00e3o Geraldo, zona Centro-Sul; ou no shopping Phelippe Daou, na avenida Camapu\u00e3, n\u00ba 2.939, bairro Cidade de Deus, zona Leste.<\/p>\n\n\n\n<p>Os interessados devem estar munidos do comprovante de vacina\u00e7\u00e3o (Covid-19), curr\u00edculo e documentos pessoais (RG, CPF, PIS, CTPS, comprovante de escolaridade e resid\u00eancia). N\u00e3o \u00e9 necess\u00e1rio apresentar c\u00f3pias, somente os documentos originais.<\/p>\n\n\n\n<p>A Semtepi ressalta que, obedecendo ao disposto no artigo 5\u00ba, da Constitui\u00e7\u00e3o Federal, e ao artigo 373-A, da Consolida\u00e7\u00e3o das Leis Trabalhistas (CLT), crit\u00e9rios referentes a sexo, idade, cor ou situa\u00e7\u00e3o familiar, n\u00e3o podem ser informados na divulga\u00e7\u00e3o das vagas disponibilizadas.<\/p>\n\n\n\n<p><strong>Vagas Novas \u2013<a><\/a> 117<\/strong><\/p>\n\n\n\n<p><strong>5 vagas \u2013 Vendedor Externo (PAP)<\/strong><\/p>\n\n\n\n<p>Escolaridade \u2013 ensino m\u00e9dio completo;<\/p>\n\n\n\n<p>Experi\u00eancia \u2013 tr\u00eas meses na Carteira de Trabalho;<\/p>\n\n\n\n<p>Requisitos obrigat\u00f3rios \u2013 ter conhecimento em redes sociais;<\/p>\n\n\n\n<p>Atividades \u2013 vender produtos ou servi\u00e7os diretamente aos consumidores.<\/p>\n\n\n\n<p>Dispon\u00edvel at\u00e9 19\/02\/2024 ou encerramento da vaga.<\/p>\n\n\n\n<p><strong>1 vaga \u2013 T\u00e9cnico em Seguran\u00e7a do Trabalho<\/strong><\/p>\n\n\n\n<p>Escolaridade \u2013 ensino t\u00e9cnico completo em seguran\u00e7a do trabalho;<\/p>\n\n\n\n<p>Experi\u00eancia \u2013 registrada na Carteira de Trabalho;<\/p>\n\n\n\n<p>Atividades \u2013 atuar em aplica\u00e7\u00e3o de DSS, controle estat\u00edstico de EPI\u2019s, permiss\u00e3o de trabalho em altura, an\u00e1lise preliminar de risco, treinamentos relacionados \u00e0s NRs, orienta\u00e7\u00e3o de utiliza\u00e7\u00e3o de EPI\u2019s, controle de produtos qu\u00edmicos, Ficha de Seguran\u00e7a (FDS) e investiga\u00e7\u00e3o de acidentes de trabalho.<\/p>\n\n\n\n<p>Dispon\u00edvel at\u00e9 19\/02\/2024 ou encerramento da vaga.<\/p>\n\n\n\n<p><strong>1 vaga \u2013 Confeiteiro<\/strong><\/p>\n\n\n\n<p>Escolaridade \u2013 ensino fundamental completo;<\/p>\n\n\n\n<p>Experi\u00eancia \u2013 seis meses na Carteira de Trabalho ou avulsa;<\/p>\n\n\n\n<p>Atividades \u2013 planejar a produ\u00e7\u00e3o e preparar massas de p\u00e3o, macarr\u00e3o e similares; fazer p\u00e3es, bolachas e biscoitos; fabricar macarr\u00e3o; confeitar doces, preparar recheios e confeccionar salgados. Trabalhar em conformidade a normas e procedimentos t\u00e9cnicos e de qualidade, seguran\u00e7a, higiene, sa\u00fade e preserva\u00e7\u00e3o ambiental.<\/p>\n\n\n\n<p>Dispon\u00edvel at\u00e9 19\/02\/2024 ou encerramento da vaga.<\/p>\n\n\n\n<p><strong>4 vagas \u2013 Cozinheiro Industrial<\/strong><\/p>\n\n\n\n<p>Escolaridade \u2013 ensino m\u00e9dio completo;<\/p>\n\n\n\n<p>Experi\u00eancia \u2013 registrada na Carteira de Trabalho;<\/p>\n\n\n\n<p>Atividades \u2013 preparar alimentos sob supervis\u00e3o de nutricionista, de modo que assegure a qualidade, higiene, sabor, aroma e apresenta\u00e7\u00e3o da refei\u00e7\u00e3o a ser servida; inspecionar a higieniza\u00e7\u00e3o de equipamentos e utens\u00edlios; auxiliar na requisi\u00e7\u00e3o do material necess\u00e1rio para a prepara\u00e7\u00e3o dos alimentos.<\/p>\n\n\n\n<p>Dispon\u00edvel at\u00e9 19\/02\/2024 ou encerramento da vaga.<\/p>\n\n\n\n<p><strong>10 vagas \u2013 Auxiliar de Cozinha<\/strong><\/p>\n\n\n\n<p>Escolaridade \u2013 ensino m\u00e9dio completo;<\/p>\n\n\n\n<p>Experi\u00eancia \u2013 registrada na Carteira de Trabalho;<\/p>\n\n\n\n<p>Requisitos obrigat\u00f3rios \u2013 ter experi\u00eancia em cozinha industrial;<\/p>\n\n\n\n<p>Atividades \u2013 atuar na prepara\u00e7\u00e3o de alimentos, limpeza e conserva\u00e7\u00e3o das depend\u00eancias do restaurante, lanchonete e equipamentos; auxiliar no preparo de refei\u00e7\u00f5es, sobremesas e lanches; manter a ordem e a limpeza da cozinha, realizando a coleta e a lavagem de bandejas e talheres.<\/p>\n\n\n\n<p>Dispon\u00edvel at\u00e9 19\/02\/2024 ou encerramento da vaga.<\/p>\n\n\n\n<p><strong>8 vagas \u2013 Copeiro<\/strong><\/p>\n\n\n\n<p>Escolaridade \u2013 ensino m\u00e9dio completo;<\/p>\n\n\n\n<p>Experi\u00eancia \u2013 seis meses na Carteira de Trabalho;<\/p>\n\n\n\n<p>Requisitos obrigat\u00f3rios \u2013 ter experi\u00eancia em cozinha industrial;<\/p>\n\n\n\n<p>Atividades \u2013 preparar e servir bebidas; cuidar da organiza\u00e7\u00e3o e limpeza dos utens\u00edlios e equipamentos da copa; abastecer os estoques de produtos e alimentos; realizar o controle de estoque; auxiliar no preparo de alimentos simples.<\/p>\n\n\n\n<p>Dispon\u00edvel at\u00e9 19\/02\/2024 ou encerramento da vaga.<\/p>\n\n\n\n<p><strong>10 vagas \u2013 Auxiliar de Limpeza<\/strong><\/p>\n\n\n\n<p>Escolaridade \u2013 ensino m\u00e9dio completo;<\/p>\n\n\n\n<p>Experi\u00eancia \u2013 seis meses na Carteira de Trabalho;<\/p>\n\n\n\n<p>Requisitos obrigat\u00f3rios \u2013 ter experi\u00eancia em cozinha industrial;<\/p>\n\n\n\n<p>Atividades \u2013 prestar ajuda imediata em diversas fun\u00e7\u00f5es da empresa; garantir o suporte necess\u00e1rio aos demais colaboradores; esclarecer d\u00favidas; auxiliar na carga e descarga de mercadorias; fazer pequenos servi\u00e7os de manuten\u00e7\u00e3o e limpeza.<\/p>\n\n\n\n<p>Dispon\u00edvel at\u00e9 19\/02\/2024 ou encerramento da vaga.<\/p>\n\n\n\n<p><strong>2 vagas \u2013 Auxiliar de Compras<\/strong><\/p>\n\n\n\n<p>Escolaridade \u2013 ensino m\u00e9dio completo;<\/p>\n\n\n\n<p>Experi\u00eancia \u2013 registrada na Carteira de Trabalho;<\/p>\n\n\n\n<p>Atividades \u2013 executar servi\u00e7os de apoio nas \u00e1reas de recursos humanos, administra\u00e7\u00e3o, finan\u00e7as e log\u00edstica; atender fornecedores e clientes, prestando e recebendo informa\u00e7\u00f5es sobre produtos e servi\u00e7os; gerenciar documentos variados, cumprindo todo o procedimento necess\u00e1rio; preparar relat\u00f3rios e planilhas; executar servi\u00e7os gerais de escrit\u00f3rios.<\/p>\n\n\n\n<p>Dispon\u00edvel at\u00e9 19\/02\/2024 ou encerramento da vaga.<\/p>\n\n\n\n<p><strong>4 vagas \u2013 Auxiliar de Escritura\u00e7\u00e3o Fiscal<\/strong><\/p>\n\n\n\n<p>Escolaridade \u2013 ensino m\u00e9dio completo;<\/p>\n\n\n\n<p>Experi\u00eancia \u2013 registrada na Carteira de Trabalho;<\/p>\n\n\n\n<p>Requisitos obrigat\u00f3rios \u2013 ter curso de Excel avan\u00e7ado;<\/p>\n\n\n\n<p>Atividades \u2013 realizar apura\u00e7\u00e3o e declara\u00e7\u00e3o de impostos diretos e indiretos e escritura\u00e7\u00e3o fiscal; atender fiscaliza\u00e7\u00f5es e participar na an\u00e1lise dos procedimentos tribut\u00e1rios da empresa.<\/p>\n\n\n\n<p>Dispon\u00edvel at\u00e9 19\/02\/2024 ou encerramento da vaga.<\/p>\n\n\n\n<p><strong>1 vaga \u2013 Est\u00e1gio de T\u00e9cnico Qu\u00edmico<\/strong><\/p>\n\n\n\n<p>Escolaridade \u2013 ensino superior incompleto em qu\u00edmica;<\/p>\n\n\n\n<p>Experi\u00eancia \u2013 n\u00e3o \u00e9 necess\u00e1rio;<\/p>\n\n\n\n<p>Atividades \u2013 propor alternativas para solu\u00e7\u00e3o de problemas e melhorias no processo de fabrica\u00e7\u00e3o de produtos; resolver problemas t\u00e9cnicos; utilizar recursos de inform\u00e1tica; executar outras tarefas de mesma natureza e n\u00edvel de complexidade associadas ao ambiente organizacional.<\/p>\n\n\n\n<p>Dispon\u00edvel at\u00e9 19\/02\/2024 ou encerramento da vaga.<\/p>\n\n\n\n<p><strong>1 vaga \u2013 Carregador de M\u00f3veis<\/strong><\/p>\n\n\n\n<p>Escolaridade \u2013 ensino m\u00e9dio completo;<\/p>\n\n\n\n<p>Experi\u00eancia \u2013 seis meses na Carteira de Trabalho;<\/p>\n\n\n\n<p>Atividades \u2013 realizar carregamento e descarregamento de m\u00f3veis.<\/p>\n\n\n\n<p>Dispon\u00edvel at\u00e9 19\/02\/2024 ou encerramento da vaga.<\/p>\n\n\n\n<p><strong>2 vagas \u2013 Ajudante de Produ\u00e7\u00e3o<\/strong><\/p>\n\n\n\n<p>Escolaridade \u2013 ensino fundamental completo;<\/p>\n\n\n\n<p>Experi\u00eancia \u2013 tr\u00eas meses na Carteira de Trabalho;<\/p>\n\n\n\n<p>Requisitos obrigat\u00f3rios \u2013 ter experi\u00eancia em carregamento de m\u00f3veis fr\u00e1geis e disponibilidade de hor\u00e1rio;<\/p>\n\n\n\n<p>Atividades \u2013 atuar em diversas etapas do processo, como controlar o estoque de mat\u00e9ria-prima e auxiliar o operador de produ\u00e7\u00e3o.<\/p>\n\n\n\n<p>Dispon\u00edvel at\u00e9 19\/02\/2024 ou encerramento da vaga.<\/p>\n\n\n\n<p><strong>10 vagas \u2013 Instalador de Equipamentos de Comunica\u00e7\u00e3o<\/strong><\/p>\n\n\n\n<p>Escolaridade \u2013 ensino fundamental completo;<\/p>\n\n\n\n<p>Experi\u00eancia \u2013 n\u00e3o \u00e9 necess\u00e1rio;<\/p>\n\n\n\n<p>Requisitos obrigat\u00f3rios \u2013 ter Carteira Nacional de Habilita\u00e7\u00e3o categoria \u201cA\u201d dentro do prazo de validade e ve\u00edculo pr\u00f3prio (moto);<\/p>\n\n\n\n<p>Atividades \u2013 atuar na \u00e1rea de retirada de equipamentos na cidade de Manaus.<\/p>\n\n\n\n<p>Dispon\u00edvel at\u00e9 19\/02\/2024 ou encerramento da vaga.<\/p>\n\n\n\n<p><strong>2 vagas \u2013 Montador \u2013 vagas exclusivas para Pessoas com Defici\u00eancia (PcDs)<\/strong><\/p>\n\n\n\n<p>Escolaridade \u2013 ensino m\u00e9dio completo;<\/p>\n\n\n\n<p>Experi\u00eancia \u2013 n\u00e3o \u00e9 necess\u00e1rio;<\/p>\n\n\n\n<p>Atividades \u2013 realizar montagens de componentes e conex\u00e3o de fia\u00e7\u00e3o, fixando, soldando e encaixando pe\u00e7as nos gabinetes.<\/p>\n\n\n\n<p>Dispon\u00edvel at\u00e9 19\/02\/2024 ou encerramento da vaga.<\/p>\n\n\n\n<p><strong>1 vaga \u2013 Servente de Obras<\/strong><\/p>\n\n\n\n<p>Escolaridade \u2013 ensino fundamental completo;<\/p>\n\n\n\n<p>Experi\u00eancia \u2013 seis meses na Carteira de Trabalho;<\/p>\n\n\n\n<p>Atividades \u2013 preparar e transportar materiais, ferramentas, aparelhos e pe\u00e7as, limpando e arrumando de acordo com instru\u00e7\u00f5es, entre outras atividades correlatas \u00e0 fun\u00e7\u00e3o.<\/p>\n\n\n\n<p>Dispon\u00edvel at\u00e9 19\/02\/2024 ou encerramento da vaga.<\/p>\n\n\n\n<p><strong>10 vagas \u2013 Conferente de Carga<\/strong><\/p>\n\n\n\n<p>Escolaridade \u2013 ensino m\u00e9dio completo;<\/p>\n\n\n\n<p>Experi\u00eancia \u2013 seis meses na Carteira de Trabalho;<\/p>\n\n\n\n<p>Requisitos obrigat\u00f3rios \u2013 ter no\u00e7\u00f5es de Matem\u00e1tica, roteiriza\u00e7\u00e3o conhecimento em CTE e NF, viv\u00eancia em log\u00edstica e disponibilidade de hor\u00e1rio;<\/p>\n\n\n\n<p>Atividades \u2013 realizar contagem de mercadorias e confer\u00eancia de produtos conforme notas fiscais; auxiliar no direcionamento de estocagem e no carregamento de cargas; verificar poss\u00edveis avarias; auxiliar na organiza\u00e7\u00e3o do dep\u00f3sito.<\/p>\n\n\n\n<p>Dispon\u00edvel at\u00e9 19\/02\/2024 ou encerramento da vaga.<\/p>\n\n\n\n<p><strong>10 vagas \u2013 Ajudante de Motorista<\/strong><\/p>\n\n\n\n<p>Escolaridade \u2013 ensino fundamental completo;<\/p>\n\n\n\n<p>Experi\u00eancia \u2013 seis meses na Carteira de Trabalho;<\/p>\n\n\n\n<p>Atividades \u2013 auxiliar o motorista durante as entregas; fazer a separa\u00e7\u00e3o dos materiais de acordo com o pedido; ajudar no carregamento e organiza\u00e7\u00e3o de produtos e material; conferir se os produtos conferem com a descri\u00e7\u00e3o da nota fiscal.<\/p>\n\n\n\n<p>Dispon\u00edvel at\u00e9 19\/02\/2024 ou encerramento da vaga.<\/p>\n\n\n\n<p><strong>5 vagas \u2013 Motorista de Caminh\u00e3o<\/strong><\/p>\n\n\n\n<p>Escolaridade \u2013 ensino m\u00e9dio completo;<\/p>\n\n\n\n<p>Experi\u00eancia \u2013 seis meses na Carteira de Trabalho;<\/p>\n\n\n\n<p>Requisitos obrigat\u00f3rios \u2013 ter curso de Mopp e Carteira Nacional de Habilita\u00e7\u00e3o categoria \u201cD\u201d dentro do prazo de validade; ter experi\u00eancia em transportadora ou log\u00edstica;<\/p>\n\n\n\n<p>Atividades \u2013 dirigir caminh\u00e3o; fazer rotas de entrega; realizar entregas aos clientes; manter o ve\u00edculo limpo e organizado.<\/p>\n\n\n\n<p>Dispon\u00edvel at\u00e9 19\/02\/2024 ou encerramento da vaga.<\/p>\n\n\n\n<p><strong>2 vagas \u2013 Borracheiro<\/strong><\/p>\n\n\n\n<p>Escolaridade \u2013 ensino fundamental completo;<\/p>\n\n\n\n<p>Experi\u00eancia \u2013 seis meses na Carteira de Trabalho;<\/p>\n\n\n\n<p>Atividades \u2013 realizar manuten\u00e7\u00e3o de equipamentos, montagem e desmontagem de pneu e alinhamento.<\/p>\n\n\n\n<p>Dispon\u00edvel at\u00e9 19\/02\/2024 ou encerramento da vaga.<\/p>\n\n\n\n<p><strong>2 vagas \u2013 Eletricista de Instala\u00e7\u00f5es de Ve\u00edculos Automotores<\/strong><\/p>\n\n\n\n<p>Escolaridade \u2013 ensino fundamental completo;<\/p>\n\n\n\n<p>Experi\u00eancia \u2013 seis meses na Carteira de Trabalho ou avulsa;<\/p>\n\n\n\n<p>Atividades \u2013 realizar instala\u00e7\u00e3o e manuten\u00e7\u00e3o el\u00e9trica preventiva e corretiva em caminh\u00f5es e carretas; realizar troca de itens el\u00e9tricos.<\/p>\n\n\n\n<p>Dispon\u00edvel at\u00e9 19\/02\/2024 ou encerramento da vaga.<\/p>\n\n\n\n<p><strong>1 vaga \u2013 Motofretista<\/strong><\/p>\n\n\n\n<p>Escolaridade \u2013 ensino m\u00e9dio completo;<\/p>\n\n\n\n<p>Experi\u00eancia \u2013 seis meses na Carteira de Trabalho;<\/p>\n\n\n\n<p>Atividades \u2013 prestar servi\u00e7os de transporte de pequenas cargas.<\/p>\n\n\n\n<p>Dispon\u00edvel at\u00e9 19\/02\/2024 ou encerramento da vaga.<\/p>\n\n\n\n<p><strong>20 vagas \u2013 Vendedor Interno<\/strong><\/p>\n\n\n\n<p>Escolaridade \u2013 ensino m\u00e9dio completo;<\/p>\n\n\n\n<p>Experi\u00eancia \u2013 n\u00e3o \u00e9 necess\u00e1rio;<\/p>\n\n\n\n<p>Atividades \u2013 prospectar clientes, apresentar solu\u00e7\u00f5es, fazer follow-up, negociar e fechar vendas.<\/p>\n\n\n\n<p>Dispon\u00edvel at\u00e9 19\/02\/2024 ou encerramento da vaga.<\/p>\n\n\n\n<p><strong>1 vaga \u2013 Bombeiro Hidr\u00e1ulico<\/strong><\/p>\n\n\n\n<p>Escolaridade \u2013 ensino fundamental completo;<\/p>\n\n\n\n<p>Experi\u00eancia \u2013 seis meses na Carteira de Trabalho;<\/p>\n\n\n\n<p>Atividades \u2013 operacionalizar projetos de instala\u00e7\u00f5es de tubula\u00e7\u00f5es; definir tra\u00e7ados e dimensionar tubula\u00e7\u00f5es; especificar, quantificar e inspecionar materiais; preparar locais para instala\u00e7\u00f5es, realizar pr\u00e9-montagem e instalar tubula\u00e7\u00f5es.<\/p>\n\n\n\n<p>Dispon\u00edvel at\u00e9 19\/02\/2024 ou encerramento da vaga.<\/p>\n\n\n\n<p><strong>3 vagas \u2013 Atendente de Lanchonete<\/strong><\/p>\n\n\n\n<p>Escolaridade \u2013 ensino m\u00e9dio completo;<\/p>\n\n\n\n<p>Experi\u00eancia \u2013 primeiro emprego;<\/p>\n\n\n\n<p>Atividades \u2013 atuar na prepara\u00e7\u00e3o de lanches, na manipula\u00e7\u00e3o de m\u00e1quinas de caf\u00e9 e na extra\u00e7\u00e3o de bebidas quentes (caf\u00e9 e ch\u00e1); receber pagamentos dos clientes no caixa.<\/p>\n\n\n\n<p>Dispon\u00edvel at\u00e9 19\/02\/2024 ou encerramento da vaga.<\/p>\n\n\n\n<p><strong>1 vaga \u2013 Pedreiro<\/strong><\/p>\n\n\n\n<p>Escolaridade \u2013 ensino fundamental completo;<\/p>\n\n\n\n<p>Experi\u00eancia \u2013 seis meses na Carteira de Trabalho;<\/p>\n\n\n\n<p>Atividades \u2013 realizar trabalhos de manuten\u00e7\u00e3o corretiva de pr\u00e9dios, cal\u00e7adas e estruturas semelhantes.<\/p>\n\n\n\n<p>Dispon\u00edvel at\u00e9 19\/02\/2024 ou encerramento da vaga.<\/p>\n\n\n\n<p><strong>Vagas no Com\u00e9rcio \u2013 17<\/strong><\/p>\n\n\n\n<p><strong>2 vagas \u2013 Consultor de Equipamentos<\/strong><\/p>\n\n\n\n<p>Escolaridade \u2013 ensino superior completo em engenharia mec\u00e2nica, el\u00e9trica, produ\u00e7\u00e3o e afins;<\/p>\n\n\n\n<p>Experi\u00eancia \u2013 seis meses na Carteira de Trabalho;<\/p>\n\n\n\n<p>Requisitos obrigat\u00f3rios \u2013 ter conhecimento no sistema CRM e em EPI&#8217;s;<\/p>\n\n\n\n<p>Atividades \u2013 realizar prospec\u00e7\u00e3o e gest\u00e3o de carteira de novos clientes, elabora\u00e7\u00e3o de propostas, aplica\u00e7\u00e3o de estrat\u00e9gias comerciais e acompanhamento da concorr\u00eancia no mercado de seguran\u00e7a na \u00e1rea.<\/p>\n\n\n\n<p>Dispon\u00edvel at\u00e9 19\/02\/2024 ou encerramento da vaga.<\/p>\n\n\n\n<p><strong>1 vaga \u2013 L\u00edder de Cozinha<\/strong><\/p>\n\n\n\n<p>Escolaridade \u2013 ensino superior completo ou cursando gastronomia;<\/p>\n\n\n\n<p>Experi\u00eancia \u2013 seis meses na Carteira de Trabalho;<\/p>\n\n\n\n<p>Requisitos obrigat\u00f3rios \u2013 ter Carteira Nacional de Habilita\u00e7\u00e3o categoria \u201cAB\u201d dentro do prazo de validade;<\/p>\n\n\n\n<p>Atividades \u2013 supervisionar o preparo e montagem de pratos em restaurantes; orientar e verificar a elabora\u00e7\u00e3o de receitas; controlar o estoque de alimentos.<\/p>\n\n\n\n<p>Dispon\u00edvel at\u00e9 19\/02\/2024 ou encerramento da vaga.<\/p>\n\n\n\n<p><strong>1 vaga \u2013 Mec\u00e2nico de Gerador<\/strong><\/p>\n\n\n\n<p>Escolaridade \u2013 ensino m\u00e9dio completo;<\/p>\n\n\n\n<p>Experi\u00eancia \u2013 registrada na Carteira de Trabalho;<\/p>\n\n\n\n<p>Requisitos obrigat\u00f3rios \u2013 ter disponibilidade para dormir no local de trabalho em regime de escala (hotel de selva fora da cidade);<\/p>\n\n\n\n<p>Atividades \u2013 realizar manuten\u00e7\u00e3o de gerador a diesel, el\u00e9trica em motores, m\u00e1quinas, equipamentos e instala\u00e7\u00f5es prediais da empresa, de forma a mant\u00ea-los em perfeitas condi\u00e7\u00f5es de uso; executar manuten\u00e7\u00e3o mec\u00e2nica preventiva dos motores dos geradores; realizar abastecimento, troca de \u00f3leo e limpeza de motores e compressores do gerador.<\/p>\n\n\n\n<p>Dispon\u00edvel at\u00e9 19\/02\/2024 ou encerramento da vaga.<\/p>\n\n\n\n<p><strong>8 vagas \u2013 Promotor de Vendas<\/strong><\/p>\n\n\n\n<p>Escolaridade \u2013 ensino fundamental completo;<\/p>\n\n\n\n<p>Experi\u00eancia \u2013 seis meses na Carteira de Trabalho;<\/p>\n\n\n\n<p>Requisitos obrigat\u00f3rios \u2013 ter curso de Inform\u00e1tica b\u00e1sica, Carteira Nacional de Habilita\u00e7\u00e3o categoria \u201cA\u201d dentro do prazo de validade e ve\u00edculo pr\u00f3prio (moto);<\/p>\n\n\n\n<p>Atividades \u2013 promover produtos e fechar vendas.<\/p>\n\n\n\n<p>Dispon\u00edvel at\u00e9 19\/02\/2024 ou encerramento da vaga.<\/p>\n\n\n\n<p><strong>1 vaga \u2013 Auxiliar de Log\u00edstica<\/strong><\/p>\n\n\n\n<p>Escolaridade &#8211; ensino m\u00e9dio completo;<\/p>\n\n\n\n<p>Experi\u00eancia \u2013 seis meses na Carteira de Trabalho;<\/p>\n\n\n\n<p>Requisitos Obrigat\u00f3rios \u2013 Ter conhecimento em consultas Sefaz\/ Suframa, acompanhamento de nota fiscal e mercadoria al\u00edquota, libera\u00e7\u00e3o de pin, dentre outras fun\u00e7\u00f5es do cargo;<\/p>\n\n\n\n<p>Atividades \u2013 auxiliar na aplica\u00e7\u00e3o de procedimentos de log\u00edstica, como recebimento, armazenagem, movimenta\u00e7\u00e3o, expedi\u00e7\u00e3o e distribui\u00e7\u00e3o de materiais e produtos; colaborar no controle das opera\u00e7\u00f5es log\u00edsticas na perspectiva da multimodalidade.<\/p>\n\n\n\n<p>Dispon\u00edvel at\u00e9 19\/02\/2024 ou encerramento da vaga.<strong><\/strong><\/p>\n\n\n\n<p><strong>1 vaga \u2013 Auxiliar de Manuten\u00e7\u00e3o Predial<\/strong><\/p>\n\n\n\n<p>Escolaridade \u2013 ensino m\u00e9dio completo;<\/p>\n\n\n\n<p>Experi\u00eancia \u2013 registrada na Carteira de Trabalho;<\/p>\n\n\n\n<p>Atividades \u2013 auxiliar em manuten\u00e7\u00f5es preventivas e corretivas de tubula\u00e7\u00f5es e equipamentos mec\u00e2nicos; contribuir com a conserva\u00e7\u00e3o do patrim\u00f4nio e da seguran\u00e7a operacional da filial; acompanhar as inspe\u00e7\u00f5es e vistorias peri\u00f3dicas; monitorar os sistemas de prote\u00e7\u00e3o e emerg\u00eancia, atuando em situa\u00e7\u00f5es necess\u00e1rias.<\/p>\n\n\n\n<p>Dispon\u00edvel at\u00e9 19\/02\/2024 ou encerramento da vaga.<\/p>\n\n\n\n<p><strong>1 vaga \u2013 Almoxarife<\/strong><\/p>\n\n\n\n<p>Escolaridade \u2013 ensino superior completo;<\/p>\n\n\n\n<p>Experi\u00eancia \u2013 seis meses na Carteira de Trabalho;<\/p>\n\n\n\n<p>Requisitos obrigat\u00f3rios \u2013 residir na zona Norte de Manaus; ter Carteira Nacional de Habilita\u00e7\u00e3o categoria \u201cB\u201d dentro do prazo de validade;<\/p>\n\n\n\n<p>Atividades \u2013 organizar o almoxarifado; atuar no recebimento, estocagem, distribui\u00e7\u00e3o, registro e invent\u00e1rio de mat\u00e9rias-primas e mercadorias adquiridas ou confeccionadas na universidade; utilizar recursos de inform\u00e1tica; executar outras tarefas de mesma natureza e n\u00edvel de complexidade associadas ao ambiente organizacional.<\/p>\n\n\n\n<p>Dispon\u00edvel at\u00e9 19\/02\/2024 ou encerramento da vaga.<\/p>\n\n\n\n<p><strong>1 vaga \u2013 Serralheiro<\/strong><\/p>\n\n\n\n<p>Escolaridade \u2013 ensino m\u00e9dio completo;<\/p>\n\n\n\n<p>Experi\u00eancia \u2013 n\u00e3o \u00e9 necess\u00e1rio;<\/p>\n\n\n\n<p>Atividades \u2013 produzir fura\u00e7\u00f5es, cortes e soldas em materiais como metal, alum\u00ednio e ferro, com o prop\u00f3sito de fazer pe\u00e7as como grades, port\u00f5es, portas, esquadrias e janelas.<\/p>\n\n\n\n<p>Dispon\u00edvel at\u00e9 19\/02\/2024 ou encerramento da vaga.<\/p>\n\n\n\n<p><strong>1 vaga \u2013 Vendedor Externo<\/strong><\/p>\n\n\n\n<p>Escolaridade \u2013 ensino m\u00e9dio completo;<\/p>\n\n\n\n<p>Experi\u00eancia \u2013 seis meses na Carteira de Trabalho;<\/p>\n\n\n\n<p>Requisitos obrigat\u00f3rios \u2013 ter Carteira Nacional de Habilita\u00e7\u00e3o categoria \u201cA\u201d dentro do prazo de validade;<\/p>\n\n\n\n<p>Atividades \u2013 vender produtos e servi\u00e7os em resid\u00eancias e escrit\u00f3rios; planejar e discutir metas e estrat\u00e9gias de vendas; contatar, visitar e entrevistar clientes; demonstrar produtos, avaliar o perfil dos clientes e fechar contratos de vendas; orientar, informar e visitar clientes no p\u00f3s-venda; acompanhar entrega de produtos e requisitar manuten\u00e7\u00e3o de produtos; relacionar-se com setores da empresa.<\/p>\n\n\n\n<p>Dispon\u00edvel at\u00e9 19\/02\/2024 ou encerramento da vaga.<\/p>\n\n\n\n<p><strong>Vagas na Ind\u00fastria \u2013 100<\/strong><\/p>\n\n\n\n<p><strong>50 vagas \u2013 Auxiliar Operacional<\/strong><\/p>\n\n\n\n<p>Escolaridade \u2013 ensino fundamental completo;<\/p>\n\n\n\n<p>Experi\u00eancia \u2013 n\u00e3o \u00e9 necess\u00e1rio;<\/p>\n\n\n\n<p>Requisitos obrigat\u00f3rios \u2013 vaga direcionada a candidatos que buscam novos desafios, com atua\u00e7\u00e3o no munic\u00edpio de V\u00e1rzea Grande (MT);<\/p>\n\n\n\n<p>Atividades \u2013 respons\u00e1vel por executar atividades operacionais em setores de apoio ou produ\u00e7\u00e3o de frios, visando garantir a manuten\u00e7\u00e3o, organiza\u00e7\u00e3o, limpeza ou opera\u00e7\u00e3o de atividades na unidade.<\/p>\n\n\n\n<p>Dispon\u00edvel at\u00e9 19\/02\/2024 ou encerramento da vaga.<\/p>\n\n\n\n<p><strong>25 vagas \u2013 Auxiliar de Produ\u00e7\u00e3o<\/strong><\/p>\n\n\n\n<p>Escolaridade \u2013 ensino m\u00e9dio completo;<\/p>\n\n\n\n<p>Experi\u00eancia \u2013 primeiro emprego;<\/p>\n\n\n\n<p>Requisitos obrigat\u00f3rios \u2013 ter curso de leitura de componentes eletr\u00f4nicos ou TBO; ter disponibilidade para trabalho bra\u00e7al; residir nos bairros Alvorada, Amazonino Mendes, Aparecida, Armando Mendes, Bet\u00e2nia, Cidade de Deus, Cidade Nova, Col\u00f4nia Machado, Col\u00f4nia Santo Ant\u00f4nio, Compensa, Crespo, Distrito Industrial, Educandos, Gl\u00f3ria, Japiim, Jorge Teixeira, L\u00edrio do Vale, Morro da Liberdade, Nova Cidade, Novo Aleixo, Paz, Petr\u00f3polis, Raiz, Reden\u00e7\u00e3o Santa Luzia, S\u00e3o Francisco, S\u00e3o Jorge, S\u00e3o Jos\u00e9, S\u00e3o L\u00e1zaro, S\u00e3o Raimundo, Tancredo Neves, Vila da Prata ou Zumbi;<\/p>\n\n\n\n<p>Atividades \u2013 executar atividades relacionadas \u00e0 montagem de produtos nas linhas de produ\u00e7\u00e3o, como corte de pr\u00e9-formas dos componentes utilizados na montagem e na inser\u00e7\u00e3o em geral, revis\u00e3o geral de componentes, solda, parafusos, montagem de gabinetes e componentes.<\/p>\n\n\n\n<p>Dispon\u00edvel at\u00e9 19\/02\/2024 ou encerramento da vaga.<\/p>\n\n\n\n<p><strong>25 vagas \u2013 Auxiliar de Produ\u00e7\u00e3o<\/strong><\/p>\n\n\n\n<p>Escolaridade \u2013 ensino m\u00e9dio completo;<\/p>\n\n\n\n<p>Experi\u00eancia \u2013 seis meses na Carteira de Trabalho;<\/p>\n\n\n\n<p>Requisitos obrigat\u00f3rios \u2013&nbsp; ter curso de leitura de componentes eletr\u00f4nicos ou TBO; ter experi\u00eancia no ramo de eletr\u00f4nicos; ter disponibilidade para trabalho bra\u00e7al; residir nos bairros Alvorada, Amazonino Mendes, Aparecida, Armando Mendes, Bet\u00e2nia, Cidade de Deus, Cidade Nova, Col\u00f4nia Machado, Col\u00f4nia Santo Ant\u00f4nio, Compensa, Crespo, Distrito Industrial, Educandos, Gl\u00f3ria, Japiim, Jorge Teixeira, L\u00edrio do Vale, Morro da Liberdade, Nova Cidade, Novo Aleixo, Paz, Petr\u00f3polis, Raiz, Reden\u00e7\u00e3o Santa Luzia, S\u00e3o Francisco, S\u00e3o Jorge, S\u00e3o Jos\u00e9, S\u00e3o L\u00e1zaro, S\u00e3o Raimundo, Tancredo Neves, Vila da Prata ou Zumbi;<\/p>\n\n\n\n<p>Atividades \u2013 executar atividades relacionadas \u00e0 montagem de produtos nas linhas de produ\u00e7\u00e3o, como corte de pr\u00e9-formas dos componentes utilizados na montagem e na inser\u00e7\u00e3o em geral, revis\u00e3o geral de componentes, solda, parafusos, montagem de gabinetes e componentes.<\/p>\n\n\n\n<p>Dispon\u00edvel at\u00e9 19\/02\/2024 ou encerramento da vaga.<\/p>\n\n\n\n<p><strong>Vagas em Servi\u00e7os \u2013 68<\/strong><\/p>\n\n\n\n<p><strong>6 vagas \u2013 Motorista de Micro-\u00d4nibus<\/strong><\/p>\n\n\n\n<p>Escolaridade \u2013 ensino fundamental completo;<\/p>\n\n\n\n<p>Experi\u00eancia \u2013 tr\u00eas meses na Carteira de Trabalho;<\/p>\n\n\n\n<p>Requisitos obrigat\u00f3rios \u2013 ter cursos de dire\u00e7\u00e3o defensiva e transporte coletivo de Passageiros; ter Carteira Nacional de Habilita\u00e7\u00e3o categoria \u201cD\u201d dentro do prazo de validade;<\/p>\n\n\n\n<p>Atividades \u2013 conduzir o embarque e desembarque de passageiros; orientar quanto aos procedimentos internos do ve\u00edculo; executar procedimento para garantir a seguran\u00e7a e conforto dos passageiros.<\/p>\n\n\n\n<p>Dispon\u00edvel at\u00e9 19\/02\/2024 ou encerramento da vaga.<\/p>\n\n\n\n<p><strong>1 vaga \u2013 Jardineiro<\/strong><\/p>\n\n\n\n<p>Escolaridade \u2013 ensino fundamental completo;<\/p>\n\n\n\n<p>Experi\u00eancia \u2013 seis meses na Carteira de Trabalho;<\/p>\n\n\n\n<p>Atividades \u2013 preparar, conservar e limpar jardins: capina, corte, replantio, aduba\u00e7\u00e3o peri\u00f3dica, irriga\u00e7\u00e3o, varredura, pulveriza\u00e7\u00e3o simples e polvilhamento; preparar sementes; fazer a repicagem e o transplante das mudas, incluindo desmate, transporte e embalagem; requisitar material necess\u00e1rio ao trabalho.<\/p>\n\n\n\n<p>Dispon\u00edvel at\u00e9 19\/02\/2024 ou encerramento da vaga.<\/p>\n\n\n\n<p><strong>7 vagas \u2013 Pedreiro de Fachada<\/strong><\/p>\n\n\n\n<p>Escolaridade \u2013 ensino fundamental completo;<\/p>\n\n\n\n<p>Experi\u00eancia \u2013 seis meses na Carteira de Trabalho;<\/p>\n\n\n\n<p>Atividades \u2013 realizar servi\u00e7os em alvenaria, concreto e demais materiais, seguindo orienta\u00e7\u00f5es de desenhos, esquemas e especifica\u00e7\u00f5es; utilizar t\u00e9cnicas, instrumentos apropriados e processos espec\u00edficos da \u00e1rea, com o objetivo de construir, reformar ou realizar reparos em edif\u00edcios e estruturas similares.<\/p>\n\n\n\n<p>Dispon\u00edvel at\u00e9 19\/02\/2024 ou encerramento da vaga.<\/p>\n\n\n\n<p><strong>1 vaga \u2013 Oficial de Manuten\u00e7\u00e3o<\/strong><\/p>\n\n\n\n<p>Escolaridade \u2013 ensino fundamental completo;<\/p>\n\n\n\n<p>Experi\u00eancia \u2013 seis meses na Carteira de Trabalho;<\/p>\n\n\n\n<p>Requisitos obrigat\u00f3rios \u2013 ter experi\u00eancia como pedreiro e bombeiro hidr\u00e1ulico;<\/p>\n\n\n\n<p>Atividades \u2013 realizar servi\u00e7os de manuten\u00e7\u00e3o el\u00e9trica, mec\u00e2nica, hidr\u00e1ulica, carpintaria e alvenaria; identificar necessidades de reparo para preservar as condi\u00e7\u00f5es de funcionamento.<\/p>\n\n\n\n<p>Dispon\u00edvel at\u00e9 19\/02\/2024 ou encerramento da vaga.<\/p>\n\n\n\n<p><strong>1 vaga \u2013 Motorista Carreteiro<\/strong><\/p>\n\n\n\n<p>Escolaridade \u2013 ensino m\u00e9dio completo;<\/p>\n\n\n\n<p>Experi\u00eancia \u2013 registrada na Carteira de Trabalho;<\/p>\n\n\n\n<p>Requisitos obrigat\u00f3rios \u2013 ter cursos de NR-11, NR-12, Dire\u00e7\u00e3o Defensiva e exame toxicol\u00f3gico atualizados;<\/p>\n\n\n\n<p>Atividades \u2013 movimentar cargas volumosas e pesadas; operar equipamentos; realizar inspe\u00e7\u00f5es e reparos em ve\u00edculos; vistoriar e verificar documenta\u00e7\u00e3o de ve\u00edculos e de cargas.<\/p>\n\n\n\n<p>Dispon\u00edvel at\u00e9 19\/02\/2024 ou encerramento da vaga.<\/p>\n\n\n\n<p><strong>7 vagas \u2013 Mec\u00e2nico de Refrigera\u00e7\u00e3o<\/strong><\/p>\n\n\n\n<p>Escolaridade \u2013 ensino m\u00e9dio completo;<\/p>\n\n\n\n<p>Experi\u00eancia \u2013 registrada na Carteira de Trabalho;<\/p>\n\n\n\n<p>Requisitos obrigat\u00f3rios \u2013 ter curso de mec\u00e2nico de refrigera\u00e7\u00e3o;<\/p>\n\n\n\n<p>Atividades \u2013 realizar instala\u00e7\u00e3o e manuten\u00e7\u00e3o em equipamentos de refrigera\u00e7\u00e3o e climatiza\u00e7\u00e3o comercial, respeitando legisla\u00e7\u00f5es, normas t\u00e9cnicas, ambientais, de qualidade, sa\u00fade e seguran\u00e7a.<\/p>\n\n\n\n<p>Dispon\u00edvel at\u00e9 19\/02\/2024 ou encerramento da vaga.<strong><\/strong><\/p>\n\n\n\n<p><strong>7 vagas \u2013 Auxiliar de Refrigera\u00e7\u00e3o<\/strong><\/p>\n\n\n\n<p>Escolaridade \u2013 ensino m\u00e9dio completo;<\/p>\n\n\n\n<p>Experi\u00eancia \u2013 seis meses na Carteira de Trabalho;<\/p>\n\n\n\n<p>Requisitos obrigat\u00f3rios \u2013 ter curso de mec\u00e2nico de refrigera\u00e7\u00e3o;<\/p>\n\n\n\n<p>Atividades \u2013 auxiliar na instala\u00e7\u00e3o, manuten\u00e7\u00e3o preventiva e corretiva de sistemas de refrigera\u00e7\u00e3o e ventila\u00e7\u00e3o; montar tubula\u00e7\u00f5es, avaliar o dimensionamento de locais para instala\u00e7\u00e3o de equipamento e realizar testes finais nos equipamentos.<\/p>\n\n\n\n<p>Dispon\u00edvel at\u00e9 19\/02\/2024 ou encerramento da vaga.<\/p>\n\n\n\n<p><strong>1 vaga \u2013 T\u00e9cnico de Refrigera\u00e7\u00e3o<\/strong><\/p>\n\n\n\n<p>Escolaridade \u2013 t\u00e9cnico em refrigera\u00e7\u00e3o;<\/p>\n\n\n\n<p>Experi\u00eancia \u2013 n\u00e3o \u00e9 necess\u00e1rio;<\/p>\n\n\n\n<p>Requisitos obrigat\u00f3rios \u2013 ter curso de el\u00e9trica predial;<\/p>\n\n\n\n<p>Atividades \u2013 avaliar e dimensionar locais para instala\u00e7\u00e3o de equipamentos de refrigera\u00e7\u00e3o, calefa\u00e7\u00e3o e ar-condicionado; especificar materiais e acess\u00f3rios; instalar equipamentos de refrigera\u00e7\u00e3o e ventila\u00e7\u00e3o.<\/p>\n\n\n\n<p>Dispon\u00edvel at\u00e9 19\/02\/2024 ou encerramento da vaga.<\/p>\n\n\n\n<p><strong>2 vagas \u2013 Motorista Carreteiro<\/strong><\/p>\n\n\n\n<p>Escolaridade \u2013 ensino m\u00e9dio completo;<\/p>\n\n\n\n<p>Experi\u00eancia \u2013 seis meses na Carteira de Trabalho;<\/p>\n\n\n\n<p>Requisitos obrigat\u00f3rios \u2013 ter Carteira Nacional de Habilita\u00e7\u00e3o categoria \u201cE\u201d dentro do prazo de validade; ter curso de MOPP;<\/p>\n\n\n\n<p>Atividades \u2013 movimentar cargas volumosas e pesadas; operar equipamentos; realizar inspe\u00e7\u00f5es e reparos em ve\u00edculos; vistoriar e verificar documenta\u00e7\u00e3o de ve\u00edculos e cargas; definir rotas e assegurar a regularidade do transporte.<\/p>\n\n\n\n<p>Dispon\u00edvel at\u00e9 19\/02\/2024 ou encerramento da vaga.<\/p>\n\n\n\n<p><strong>2 vagas \u2013 Motorista de Caminh\u00e3o<\/strong><\/p>\n\n\n\n<p>Escolaridade \u2013 ensino m\u00e9dio completo;<\/p>\n\n\n\n<p>Experi\u00eancia \u2013 seis meses na Carteira de Trabalho;<\/p>\n\n\n\n<p>Requisitos obrigat\u00f3rios \u2013 ter Carteira Nacional de Habilita\u00e7\u00e3o categoria \u201cD\u201d dentro do prazo de validade; ter curso de MOPP;<\/p>\n\n\n\n<p>Atividades \u2013 transportar, coletar e entregar cargas no Polo Industrial de Manaus.<\/p>\n\n\n\n<p>Dispon\u00edvel at\u00e9 19\/02\/2024 ou encerramento da vaga.<\/p>\n\n\n\n<p><strong>2 vagas \u2013 Mec\u00e2nico de Autos<\/strong><\/p>\n\n\n\n<p>Escolaridade \u2013 ensino m\u00e9dio completo;<\/p>\n\n\n\n<p>Experi\u00eancia \u2013 seis meses na Carteira de Trabalho;<\/p>\n\n\n\n<p>Requisitos obrigat\u00f3rios \u2013 ter Carteira Nacional de Habilita\u00e7\u00e3o categoria \u201cAB\u201d dentro do prazo de validade;<\/p>\n\n\n\n<p>Atividades \u2013 dirigir e manobrar ve\u00edculos; transportar pessoas, cargas ou valores; realizar verifica\u00e7\u00f5es e manuten\u00e7\u00f5es b\u00e1sicas do ve\u00edculo.<\/p>\n\n\n\n<p>Dispon\u00edvel at\u00e9 19\/02\/2024 ou encerramento da vaga.<\/p>\n\n\n\n<p><a><strong>1 vaga \u2013 T\u00e9cnico em Seguran\u00e7a do Trabalho<\/strong><\/a><\/p>\n\n\n\n<p>Escolaridade \u2013 ensino m\u00e9dio completo;<\/p>\n\n\n\n<p>Experi\u00eancia \u2013 registrada na Carteira de Trabalho;<\/p>\n\n\n\n<p>Requisitos obrigat\u00f3rios \u2013 ter conhecimento em atendimento \u00e0s normas de seguran\u00e7a e sa\u00fade no trabalho, registro no MTE e Excel avan\u00e7ado;<\/p>\n\n\n\n<p>Atividades \u2013 elaborar e implementar pol\u00edtica de sa\u00fade e seguran\u00e7a no trabalho (SST); realizar auditorias, acompanhamento e avalia\u00e7\u00e3o na \u00e1rea; identificar vari\u00e1veis de controle de doen\u00e7as, acidentes, qualidade de vida e meio ambiente; desenvolver a\u00e7\u00f5es educativas na \u00e1rea de sa\u00fade e seguran\u00e7a no trabalho; participar de per\u00edcias e fiscaliza\u00e7\u00f5es; integrar processos de negocia\u00e7\u00e3o; participar da ado\u00e7\u00e3o de tecnologias e processos de trabalho.<\/p>\n\n\n\n<p>Dispon\u00edvel at\u00e9 19\/02\/2024 ou encerramento da vaga.<\/p>\n\n\n\n<p><strong>1 vaga \u2013 Auxiliar de Escritura\u00e7\u00e3o Fiscal<\/strong><\/p>\n\n\n\n<p>Escolaridade \u2013 ensino m\u00e9dio completo;<\/p>\n\n\n\n<p>Experi\u00eancia \u2013 registrada na Carteira de Trabalho;<\/p>\n\n\n\n<p>Atividades \u2013 realizar apura\u00e7\u00e3o e declara\u00e7\u00e3o de impostos diretos e indiretos e escritura\u00e7\u00e3o fiscal; atender fiscaliza\u00e7\u00f5es; participar na an\u00e1lise dos procedimentos tribut\u00e1rios da empresa.<\/p>\n\n\n\n<p>Dispon\u00edvel at\u00e9 19\/02\/2024 ou encerramento da vaga.<\/p>\n\n\n\n<p><strong>4 vagas \u2013 Professor (Est\u00e1gio)<\/strong><\/p>\n\n\n\n<p>Escolaridade \u2013 ensino superior incompleto em Pedagogia;<\/p>\n\n\n\n<p>Experi\u00eancia \u2013 n\u00e3o \u00e9 necess\u00e1rio;<\/p>\n\n\n\n<p>Requisitos obrigat\u00f3rios \u2013 cursando a partir do 2\u00b0 per\u00edodo; residir na zona Oeste de Manaus;<\/p>\n\n\n\n<p>Atividades \u2013 desenvolver atividades de comunica\u00e7\u00e3o, express\u00e3o, integra\u00e7\u00e3o social e desenvolvimento f\u00edsico motor na educa\u00e7\u00e3o infantil; efetuar registros burocr\u00e1ticos e pedag\u00f3gicos; participar na elabora\u00e7\u00e3o do projeto pedag\u00f3gico; planejar atividades.<\/p>\n\n\n\n<p>Dispon\u00edvel at\u00e9 19\/02\/2024 ou encerramento da vaga.<\/p>\n\n\n\n<p><strong>1 vaga \u2013 Consultor de Vendas<\/strong><\/p>\n\n\n\n<p>Escolaridade \u2013 ensino m\u00e9dio completo;<\/p>\n\n\n\n<p>Experi\u00eancia \u2013 seis meses na Carteira de Trabalho;<\/p>\n\n\n\n<p>Atividades \u2013 respons\u00e1vel por contatar, visitar e entrevistar clientes; negociar pre\u00e7os, prazos, condi\u00e7\u00f5es de pagamento e descontos de produtos e servi\u00e7os.<\/p>\n\n\n\n<p>Dispon\u00edvel at\u00e9 19\/02\/2024 ou encerramento da vaga.<\/p>\n\n\n\n<p><strong>3 vagas \u2013 T\u00e9cnico Instalador de Internet<\/strong><\/p>\n\n\n\n<p>Escolaridade \u2013 ensino m\u00e9dio completo;<\/p>\n\n\n\n<p>Experi\u00eancia \u2013 n\u00e3o \u00e9 necess\u00e1rio;<\/p>\n\n\n\n<p>Requisitos obrigat\u00f3rios \u2013 ter disponibilidade de hor\u00e1rio e para viagens; ser comunicativo e din\u00e2mico; ter Carteira Nacional de Habilita\u00e7\u00e3o categoria \u201cB\u201d dentro do prazo de validade;<\/p>\n\n\n\n<p>Atividades \u2013 atuar na execu\u00e7\u00e3o de servi\u00e7os de instala\u00e7\u00e3o el\u00e9trica e de fibra \u00f3tica, conectoriza\u00e7\u00e3o, passagem de cabos e instala\u00e7\u00e3o. Preferencialmente residir no bairro Compensa ou adjac\u00eancias.<\/p>\n\n\n\n<p>Dispon\u00edvel at\u00e9 19\/02\/2024 ou encerramento da vaga.<\/p>\n\n\n\n<p><strong>2 vagas \u2013 Cozinheiro Industrial<\/strong><\/p>\n\n\n\n<p>Escolaridade \u2013 ensino fundamental completo;<\/p>\n\n\n\n<p>Experi\u00eancia \u2013 registrada na Carteira de Trabalho;<\/p>\n\n\n\n<p>Requisitos obrigat\u00f3rios \u2013 ter disponibilidade para viajar; escala de trabalho de 14 dias, trabalhando por 12 horas e 14 dias de folga; experi\u00eancia em cozinha industrial;<\/p>\n\n\n\n<p>Atividades \u2013 seguir instru\u00e7\u00f5es de cozinha e preparar refei\u00e7\u00f5es; ser h\u00e1bil ao se movimentar na cozinha e cuidar de m\u00faltiplas tarefas. Ter experi\u00eancia no uso de diversos ingredientes e t\u00e9cnicas culin\u00e1rias tamb\u00e9m s\u00e3o importantes.<\/p>\n\n\n\n<p>Dispon\u00edvel at\u00e9 19\/02\/2024 ou encerramento da vaga.<\/p>\n\n\n\n<p><strong>1 vaga \u2013 Est\u00e1gio em Engenharia Civil<\/strong><\/p>\n\n\n\n<p>Escolaridade \u2013 ensino superior incompleto em engenharia civil;<\/p>\n\n\n\n<p>Experi\u00eancia \u2013 seis meses na Carteira de Trabalho;<\/p>\n\n\n\n<p>Requisitos obrigat\u00f3rios \u2013 ter curso de Excel avan\u00e7ado;<\/p>\n\n\n\n<p>Atividades \u2013 respons\u00e1vel por elaborar, criar, projetar, avaliar e construir obras e edifica\u00e7\u00f5es, como pr\u00e9dios, rodovias e resid\u00eancias; desenvolver projetos el\u00e9tricos, hidr\u00e1ulicos e de produtos.<\/p>\n\n\n\n<p>Dispon\u00edvel at\u00e9 19\/02\/2024 ou encerramento da vaga.<\/p>\n\n\n\n<p><strong>1 vaga \u2013 Auxiliar de Engenheiro Civil<\/strong><\/p>\n\n\n\n<p>Escolaridade \u2013 ensino superior completo em engenharia civil;<\/p>\n\n\n\n<p>Experi\u00eancia \u2013 seis meses na Carteira de Trabalho;<\/p>\n\n\n\n<p>Atividades \u2013 auxiliar o engenheiro na coordena\u00e7\u00e3o dos trabalhos fazendo levantamento do material em projetos, medi\u00e7\u00f5es de empreiteiros e recebimentos de servi\u00e7os; elaborar propostas t\u00e9cnicas e comerciais, a fim de definir o pre\u00e7o t\u00e9cnico e relat\u00f3rios de acompanhamento dos projetos contratados pela engenharia.<\/p>\n\n\n\n<p>Dispon\u00edvel at\u00e9 19\/02\/2024 ou encerramento da vaga.<\/p>\n\n\n\n<p><strong>1 vaga \u2013 Vendedor Interno<\/strong><\/p>\n\n\n\n<p>Escolaridade \u2013 ensino m\u00e9dio completo;<\/p>\n\n\n\n<p>Experi\u00eancia \u2013 seis meses na Carteira de Trabalho;<\/p>\n\n\n\n<p>Atividades \u2013 prospectar clientes, apresentar solu\u00e7\u00f5es, fazer follow-up, negociar e fechar vendas.<\/p>\n\n\n\n<p>Dispon\u00edvel at\u00e9 19\/02\/2024 ou encerramento da vaga.<\/p>\n\n\n\n<p><strong>1 vaga \u2013 Auxiliar de Servi\u00e7os Gerais<\/strong><\/p>\n\n\n\n<p>Escolaridade \u2013 ensino fundamental completo;<\/p>\n\n\n\n<p>Experi\u00eancia \u2013 seis meses na Carteira de Trabalho;<\/p>\n\n\n\n<p>Requisitos obrigat\u00f3rios \u2013 ter Carteira Nacional de Habilita\u00e7\u00e3o categoria \u201cB\u201d dentro do prazo de validade;<\/p>\n\n\n\n<p>Atividades \u2013 executar servi\u00e7os de limpeza em geral (pisos, paredes, tetos, sanit\u00e1rios, pias, vidra\u00e7as e jardins); realizar transporte de m\u00f3veis e objetos em geral; executar servi\u00e7os de carga e descarga de materiais.<\/p>\n\n\n\n<p>Dispon\u00edvel at\u00e9 19\/02\/2024 ou encerramento da vaga.<\/p>\n\n\n\n<p><strong>10 vagas \u2013 Motorista Carreteiro<\/strong><\/p>\n\n\n\n<p>Escolaridade \u2013 ensino fundamental completo;<\/p>\n\n\n\n<p>Experi\u00eancia \u2013 seis meses na Carteira de Trabalho;<\/p>\n\n\n\n<p>Requisitos obrigat\u00f3rios \u2013 ter Carteira Nacional de Habilita\u00e7\u00e3o categoria \u201cE\u201d dentro do prazo de validade; ter cursos de MOPP e Dire\u00e7\u00e3o Defensiva;<\/p>\n\n\n\n<p>Atividades \u2013 movimentar cargas volumosas e pesadas; operar equipamentos; realizar inspe\u00e7\u00f5es e reparos em ve\u00edculos; vistoriar cargas e verificar documenta\u00e7\u00e3o de ve\u00edculos e cargas; definir rotas e assegurar a regularidade do transporte.<\/p>\n\n\n\n<p>Dispon\u00edvel at\u00e9 19\/02\/2024 ou encerramento da vaga.<\/p>\n\n\n\n<p><strong>1 vaga \u2013 Auxiliar de Limpeza<\/strong><\/p>\n\n\n\n<p>Escolaridade \u2013 ensino fundamental completo;<\/p>\n\n\n\n<p>Experi\u00eancia \u2013 seis meses na Carteira de Trabalho;<\/p>\n\n\n\n<p>Requisitos obrigat\u00f3rios \u2013 ter Carteira Nacional de Habilita\u00e7\u00e3o categoria \u201cA\u201d dentro do prazo de validade;<\/p>\n\n\n\n<p>Atividades \u2013 limpar e conservar banheiros e demais ambientes internos e externos, executando limpeza \u00famida e seca; realizar coleta de lixo comum e recicl\u00e1vel; limpar portas e janelas de vidro, paredes e teto; cuidar dos vasos de plantas internas; varrer ambientes externos, coletando folhas secas e buscando contribuir para manter o ambiente agrad\u00e1vel; limpar cozinhas, \u00e1rea de servi\u00e7o, garagens, p\u00e1tios, assoalhos, m\u00f3veis, carpetes e tapetes, abastecendo os ambientes com materiais; executar outras tarefas relacionadas \u00e0 \u00e1rea.<\/p>\n\n\n\n<p>Dispon\u00edvel at\u00e9 19\/02\/2024 ou encerramento da vaga.<\/p>\n\n\n\n<p><strong>2 vagas \u2013 T\u00e9cnico em Seguran\u00e7a do Trabalho<\/strong><\/p>\n\n\n\n<p>Escolaridade \u2013 ensino t\u00e9cnico completo em seguran\u00e7a do trabalho;<\/p>\n\n\n\n<p>Experi\u00eancia \u2013 seis meses na Carteira de Trabalho;<\/p>\n\n\n\n<p>Requisitos obrigat\u00f3rios \u2013 ter experi\u00eancia em ind\u00fastria e elabora\u00e7\u00e3o de PGR; cursos de instrumenta\u00e7\u00e3o de medi\u00e7\u00e3o, NR-12 e Inform\u00e1tica b\u00e1sica; registro ativo; disponibilidade para trabalhar em turnos (domingo);<\/p>\n\n\n\n<p>Atividades \u2013 respons\u00e1vel pela preven\u00e7\u00e3o de acidentes, por promover a qualidade de vida no ambiente de trabalho e zelar pela seguran\u00e7a f\u00edsica dos empregados.<\/p>\n\n\n\n<p>Dispon\u00edvel at\u00e9 19\/02\/2024 ou encerramento da vaga.<\/p>\n\n\n\n<p><strong>2 vagas \u2013 Auxiliar de Cozinha<\/strong><\/p>\n\n\n\n<p>Escolaridade \u2013 ensino fundamental completo;<\/p>\n\n\n\n<p>Experi\u00eancia \u2013 registrada na Carteira de Trabalho;<\/p>\n\n\n\n<p>Atividades \u2013 preparar receitas para almo\u00e7o, jantar, lanches e caf\u00e9s; varrer, limpar e administrar o estoque de alimentos.<\/p>\n\n\n\n<p>Dispon\u00edvel at\u00e9 19\/02\/2024 ou encerramento da vaga.<strong><\/strong><\/p>\n\n\n\n<p><strong>Vagas Exclusivas para Pessoas com Defici\u00eancia (PcDs) \u2013 34<\/strong><\/p>\n\n\n\n<p><strong>15 vagas \u2013 Repositor de Mercadorias \u2013 vagas exclusivas para Pessoas com Defici\u00eancia (PcDs)<\/strong><\/p>\n\n\n\n<p>Escolaridade \u2013 ensino m\u00e9dio completo;<\/p>\n\n\n\n<p>Experi\u00eancia \u2013 n\u00e3o \u00e9 necess\u00e1rio;<\/p>\n\n\n\n<p>Atividades \u2013 organizar, repor, conservar e precificar produtos; controlar os n\u00edveis de estoque, solicitando a compra dos materiais necess\u00e1rios.<\/p>\n\n\n\n<p>Dispon\u00edvel at\u00e9 19\/02\/2024 ou encerramento da vaga.<\/p>\n\n\n\n<p><strong>10 vagas \u2013 Repositor de Mercadorias \u2013 vagas exclusivas para Pessoas com Defici\u00eancia (PcDs)<\/strong><\/p>\n\n\n\n<p>Escolaridade \u2013 ensino fundamental completo;<\/p>\n\n\n\n<p>Experi\u00eancia \u2013 n\u00e3o \u00e9 necess\u00e1rio;<\/p>\n\n\n\n<p>Atividades \u2013 realizar reposi\u00e7\u00e3o de mercadorias nas g\u00f4ndolas; verificar validade dos produtos; manter a organiza\u00e7\u00e3o e limpeza das g\u00f4ndolas; dar suporte no atendimento ao cliente.<\/p>\n\n\n\n<p>Dispon\u00edvel at\u00e9 19\/02\/2024 ou encerramento da vaga.<\/p>\n\n\n\n<p><strong>1 vaga \u2013 Auxiliar de Limpeza \u2013 vaga exclusiva para Pessoa com Defici\u00eancia (PcD)<\/strong><\/p>\n\n\n\n<p>Escolaridade \u2013 ensino fundamental completo;<\/p>\n\n\n\n<p>Experi\u00eancia \u2013 n\u00e3o \u00e9 necess\u00e1rio;<\/p>\n\n\n\n<p>Atividades \u2013 realizar limpeza de \u00e1reas comuns, higieniza\u00e7\u00e3o de banheiros, remo\u00e7\u00e3o de lixo, limpeza de pisos e manuseio de equipamentos de limpeza.<\/p>\n\n\n\n<p>Dispon\u00edvel at\u00e9 19\/02\/2024 ou encerramento da vaga.<\/p>\n\n\n\n<p><strong>4 vagas \u2013 Assistente Administrativo \u2013 vagas exclusivas para Pessoas com Defici\u00eancia (PcDs)<\/strong><\/p>\n\n\n\n<p>Escolaridade \u2013 ensino m\u00e9dio completo;<\/p>\n\n\n\n<p>Experi\u00eancia \u2013 dois meses na Carteira de Trabalho;<\/p>\n\n\n\n<p>Atividades \u2013 prestar atendimento ao cliente; autorizar exames e agendamentos de consultas para conv\u00eanios internos e externos; controlar e acompanhar as senhas de atendimento; protocolar os atendimentos de conv\u00eanios ao faturamento diariamente; realizar atendimento telef\u00f4nico.<\/p>\n\n\n\n<p>Dispon\u00edvel at\u00e9 19\/02\/2024 ou encerramento da vaga.<\/p>\n\n\n\n<p><strong>2 vagas \u2013 Auxiliar de Servi\u00e7os Gerais \u2013 vagas exclusivas para Pessoas com Defici\u00eancia (PcDs)<\/strong><\/p>\n\n\n\n<p>Escolaridade \u2013 ensino fundamental completo;<\/p>\n\n\n\n<p>Experi\u00eancia \u2013 seis meses na Carteira de Trabalho;<\/p>\n\n\n\n<p>Atividades \u2013 realizar limpeza nas depend\u00eancias da empresa; remover o p\u00f3 dos m\u00f3veis, fazer a varredura do piso, aspirar detritos, limpar ou lavar vidros e janelas, remover o lixo das lixeiras materiais.<\/p>\n\n\n\n<p>Dispon\u00edvel at\u00e9 19\/02\/2024 ou encerramento da vaga.<\/p>\n\n\n\n<p><strong>2 vagas \u2013 Frentista \u2013 vagas exclusivas para Pessoas com Defici\u00eancia (PcDs)<\/strong><\/p>\n\n\n\n<p>Escolaridade \u2013 ensino m\u00e9dio completo;<\/p>\n\n\n\n<p>Experi\u00eancia \u2013 n\u00e3o \u00e9 necess\u00e1rio;<\/p>\n\n\n\n<p>Atividades \u2013 atuar no abastecimento de ve\u00edculos em postos de combust\u00edvel.<\/p>\n\n\n\n<p>Dispon\u00edvel at\u00e9 19\/02\/2024 ou encerramento da vaga.<\/p>\n\n\n\n<p>&#8212; &#8212; &#8212;<\/p>\n\n\n\n<p><strong>Texto \u2013&nbsp;<\/strong>Divulga\u00e7\u00e3o \/ Semtepi<\/p>\n\n\n\n<p><strong>Fotos \u2013&nbsp;<\/strong>Arquivo \/ Semcom<\/p>\n\n\n\n<p><strong>Dispon\u00edveis em \u2013&nbsp;<\/strong><a href=\"https:\/\/flic.kr\/s\/aHBqjB5XtE\">https:\/\/flic.kr\/s\/aHBqjB5XtE<\/a><\/p>\n","protected":false},"excerpt":{"rendered":"","protected":false},"author":39,"featured_media":4083,"comment_status":"closed","ping_status":"closed","sticky":false,"template":"","format":"standard","meta":{"footnotes":""},"categories":[5],"tags":[967,7,8,9,10],"acf":[],"yoast_head":"<!-- This site is optimized with the Yoast SEO plugin v23.0 - https:\/\/yoast.com\/wordpress\/plugins\/seo\/ -->\n<title>Sine Manaus oferta 336 vagas de emprego em v\u00e1rias \u00e1reas<\/title>\n<meta name=\"description\" content=\"Sine Manaus oferta 336 vagas de emprego em v\u00e1rias \u00e1reas de atua\u00e7\u00e3o, nesta segunda-feira, 19\/2,\u00a0de 8h \u00e0s 16h.\" \/>\n<meta name=\"robots\" content=\"noindex, follow\" \/>\n<meta property=\"og:locale\" content=\"pt_BR\" \/>\n<meta property=\"og:type\" content=\"article\" \/>\n<meta property=\"og:title\" content=\"Sine Manaus oferta 336 vagas de emprego em v\u00e1rias \u00e1reas\" \/>\n<meta property=\"og:description\" content=\"Sine Manaus oferta 336 vagas de emprego em v\u00e1rias \u00e1reas de atua\u00e7\u00e3o, nesta segunda-feira, 19\/2,\u00a0de 8h \u00e0s 16h.\" \/>\n<meta property=\"og:url\" content=\"https:\/\/www.manaus.am.gov.br\/semtepi\/oportunidade\/sine-manaus-vagas-de-emprego-2\/\" \/>\n<meta property=\"og:site_name\" content=\"SEMTEPI\" \/>\n<meta property=\"article:published_time\" content=\"2024-02-18T13:51:41+00:00\" \/>\n<meta property=\"article:modified_time\" content=\"2024-02-18T13:51:43+00:00\" \/>\n<meta property=\"og:image\" content=\"https:\/\/www.manaus.am.gov.br\/semtepi\/wp-content\/uploads\/sites\/20\/2024\/02\/Sine-Manaus-2.jpg\" \/>\n\t<meta property=\"og:image:width\" content=\"799\" \/>\n\t<meta property=\"og:image:height\" content=\"533\" \/>\n\t<meta property=\"og:image:type\" content=\"image\/jpeg\" \/>\n<meta name=\"author\" content=\"Bruna Greco\" \/>\n<meta name=\"twitter:card\" content=\"summary_large_image\" \/>\n<meta name=\"twitter:label1\" content=\"Written by\" \/>\n\t<meta name=\"twitter:data1\" content=\"Bruna Greco\" \/>\n\t<meta name=\"twitter:label2\" content=\"Est. reading time\" \/>\n\t<meta name=\"twitter:data2\" content=\"25 minutos\" \/>\n<script type=\"application\/ld+json\" class=\"yoast-schema-graph\">{\"@context\":\"https:\/\/schema.org\",\"@graph\":[{\"@type\":\"Article\",\"@id\":\"https:\/\/www.manaus.am.gov.br\/semtepi\/oportunidade\/sine-manaus-vagas-de-emprego-2\/#article\",\"isPartOf\":{\"@id\":\"https:\/\/www.manaus.am.gov.br\/semtepi\/oportunidade\/sine-manaus-vagas-de-emprego-2\/\"},\"author\":{\"name\":\"Bruna Greco\",\"@id\":\"https:\/\/www.manaus.am.gov.br\/semtepi\/#\/schema\/person\/05d223aea2bf115f9883a6ff3683d81b\"},\"headline\":\"Sine Manaus oferta 336 vagas de emprego nesta segunda-feira, 19\/2\",\"datePublished\":\"2024-02-18T13:51:41+00:00\",\"dateModified\":\"2024-02-18T13:51:43+00:00\",\"mainEntityOfPage\":{\"@id\":\"https:\/\/www.manaus.am.gov.br\/semtepi\/oportunidade\/sine-manaus-vagas-de-emprego-2\/\"},\"wordCount\":4974,\"publisher\":{\"@id\":\"https:\/\/www.manaus.am.gov.br\/semtepi\/#organization\"},\"image\":{\"@id\":\"https:\/\/www.manaus.am.gov.br\/semtepi\/oportunidade\/sine-manaus-vagas-de-emprego-2\/#primaryimage\"},\"thumbnailUrl\":\"https:\/\/www.manaus.am.gov.br\/semtepi\/wp-content\/uploads\/sites\/20\/2024\/02\/Sine-Manaus-2.jpg\",\"keywords\":[\"336 vagas de emprego\",\"oportunidade\",\"prefeitura de manaus\",\"Semtepi\",\"sine manaus\"],\"articleSection\":[\"Oportunidade\"],\"inLanguage\":\"pt-BR\"},{\"@type\":\"WebPage\",\"@id\":\"https:\/\/www.manaus.am.gov.br\/semtepi\/oportunidade\/sine-manaus-vagas-de-emprego-2\/\",\"url\":\"https:\/\/www.manaus.am.gov.br\/semtepi\/oportunidade\/sine-manaus-vagas-de-emprego-2\/\",\"name\":\"Sine Manaus oferta 336 vagas de emprego em v\u00e1rias \u00e1reas\",\"isPartOf\":{\"@id\":\"https:\/\/www.manaus.am.gov.br\/semtepi\/#website\"},\"primaryImageOfPage\":{\"@id\":\"https:\/\/www.manaus.am.gov.br\/semtepi\/oportunidade\/sine-manaus-vagas-de-emprego-2\/#primaryimage\"},\"image\":{\"@id\":\"https:\/\/www.manaus.am.gov.br\/semtepi\/oportunidade\/sine-manaus-vagas-de-emprego-2\/#primaryimage\"},\"thumbnailUrl\":\"https:\/\/www.manaus.am.gov.br\/semtepi\/wp-content\/uploads\/sites\/20\/2024\/02\/Sine-Manaus-2.jpg\",\"datePublished\":\"2024-02-18T13:51:41+00:00\",\"dateModified\":\"2024-02-18T13:51:43+00:00\",\"description\":\"Sine Manaus oferta 336 vagas de emprego em v\u00e1rias \u00e1reas de atua\u00e7\u00e3o, nesta segunda-feira, 19\/2,\u00a0de 8h \u00e0s 16h.\",\"breadcrumb\":{\"@id\":\"https:\/\/www.manaus.am.gov.br\/semtepi\/oportunidade\/sine-manaus-vagas-de-emprego-2\/#breadcrumb\"},\"inLanguage\":\"pt-BR\",\"potentialAction\":[{\"@type\":\"ReadAction\",\"target\":[\"https:\/\/www.manaus.am.gov.br\/semtepi\/oportunidade\/sine-manaus-vagas-de-emprego-2\/\"]}]},{\"@type\":\"ImageObject\",\"inLanguage\":\"pt-BR\",\"@id\":\"https:\/\/www.manaus.am.gov.br\/semtepi\/oportunidade\/sine-manaus-vagas-de-emprego-2\/#primaryimage\",\"url\":\"https:\/\/www.manaus.am.gov.br\/semtepi\/wp-content\/uploads\/sites\/20\/2024\/02\/Sine-Manaus-2.jpg\",\"contentUrl\":\"https:\/\/www.manaus.am.gov.br\/semtepi\/wp-content\/uploads\/sites\/20\/2024\/02\/Sine-Manaus-2.jpg\",\"width\":799,\"height\":533,\"caption\":\"#paratodosverem - servidora do Sine Manaus atende candidato\"},{\"@type\":\"BreadcrumbList\",\"@id\":\"https:\/\/www.manaus.am.gov.br\/semtepi\/oportunidade\/sine-manaus-vagas-de-emprego-2\/#breadcrumb\",\"itemListElement\":[{\"@type\":\"ListItem\",\"position\":1,\"name\":\"Home\",\"item\":\"https:\/\/www.manaus.am.gov.br\/semtepi\/\"},{\"@type\":\"ListItem\",\"position\":2,\"name\":\"Sine Manaus oferta 336 vagas de emprego nesta segunda-feira, 19\/2\"}]},{\"@type\":\"WebSite\",\"@id\":\"https:\/\/www.manaus.am.gov.br\/semtepi\/#website\",\"url\":\"https:\/\/www.manaus.am.gov.br\/semtepi\/\",\"name\":\"SEMTEPI\",\"description\":\"Prefeitura de Manaus\",\"publisher\":{\"@id\":\"https:\/\/www.manaus.am.gov.br\/semtepi\/#organization\"},\"alternateName\":\"Secretaria Municipal do Trabalho, Empreendedorismo e Inova\u00e7\u00e3o\",\"potentialAction\":[{\"@type\":\"SearchAction\",\"target\":{\"@type\":\"EntryPoint\",\"urlTemplate\":\"https:\/\/www.manaus.am.gov.br\/semtepi\/?s={search_term_string}\"},\"query-input\":\"required name=search_term_string\"}],\"inLanguage\":\"pt-BR\"},{\"@type\":\"Organization\",\"@id\":\"https:\/\/www.manaus.am.gov.br\/semtepi\/#organization\",\"name\":\"Prefeitura Municipal de Manaus\",\"alternateName\":\"Prefeitura de Manaus\",\"url\":\"https:\/\/www.manaus.am.gov.br\/semtepi\/\",\"logo\":{\"@type\":\"ImageObject\",\"inLanguage\":\"pt-BR\",\"@id\":\"https:\/\/www.manaus.am.gov.br\/semtepi\/#\/schema\/logo\/image\/\",\"url\":\"https:\/\/www.manaus.am.gov.br\/semtepi\/wp-content\/uploads\/sites\/20\/2024\/07\/favicon.png\",\"contentUrl\":\"https:\/\/www.manaus.am.gov.br\/semtepi\/wp-content\/uploads\/sites\/20\/2024\/07\/favicon.png\",\"width\":300,\"height\":300,\"caption\":\"Prefeitura Municipal de Manaus\"},\"image\":{\"@id\":\"https:\/\/www.manaus.am.gov.br\/semtepi\/#\/schema\/logo\/image\/\"}},{\"@type\":\"Person\",\"@id\":\"https:\/\/www.manaus.am.gov.br\/semtepi\/#\/schema\/person\/05d223aea2bf115f9883a6ff3683d81b\",\"name\":\"Bruna Greco\",\"image\":{\"@type\":\"ImageObject\",\"inLanguage\":\"pt-BR\",\"@id\":\"https:\/\/www.manaus.am.gov.br\/semtepi\/#\/schema\/person\/image\/\",\"url\":\"https:\/\/secure.gravatar.com\/avatar\/9c877d1a6adc2a055330e5c09a8653ce?s=96&d=mm&r=g\",\"contentUrl\":\"https:\/\/secure.gravatar.com\/avatar\/9c877d1a6adc2a055330e5c09a8653ce?s=96&d=mm&r=g\",\"caption\":\"Bruna Greco\"}}]}<\/script>\n<!-- \/ Yoast SEO plugin. -->","yoast_head_json":{"title":"Sine Manaus oferta 336 vagas de emprego em v\u00e1rias \u00e1reas","description":"Sine Manaus oferta 336 vagas de emprego em v\u00e1rias \u00e1reas de atua\u00e7\u00e3o, nesta segunda-feira, 19\/2,\u00a0de 8h \u00e0s 16h.","robots":{"index":"noindex","follow":"follow"},"og_locale":"pt_BR","og_type":"article","og_title":"Sine Manaus oferta 336 vagas de emprego em v\u00e1rias \u00e1reas","og_description":"Sine Manaus oferta 336 vagas de emprego em v\u00e1rias \u00e1reas de atua\u00e7\u00e3o, nesta segunda-feira, 19\/2,\u00a0de 8h \u00e0s 16h.","og_url":"https:\/\/www.manaus.am.gov.br\/semtepi\/oportunidade\/sine-manaus-vagas-de-emprego-2\/","og_site_name":"SEMTEPI","article_published_time":"2024-02-18T13:51:41+00:00","article_modified_time":"2024-02-18T13:51:43+00:00","og_image":[{"width":799,"height":533,"url":"https:\/\/www.manaus.am.gov.br\/semtepi\/wp-content\/uploads\/sites\/20\/2024\/02\/Sine-Manaus-2.jpg","type":"image\/jpeg"}],"author":"Bruna Greco","twitter_card":"summary_large_image","twitter_misc":{"Written by":"Bruna Greco","Est. reading time":"25 minutos"},"schema":{"@context":"https:\/\/schema.org","@graph":[{"@type":"Article","@id":"https:\/\/www.manaus.am.gov.br\/semtepi\/oportunidade\/sine-manaus-vagas-de-emprego-2\/#article","isPartOf":{"@id":"https:\/\/www.manaus.am.gov.br\/semtepi\/oportunidade\/sine-manaus-vagas-de-emprego-2\/"},"author":{"name":"Bruna Greco","@id":"https:\/\/www.manaus.am.gov.br\/semtepi\/#\/schema\/person\/05d223aea2bf115f9883a6ff3683d81b"},"headline":"Sine Manaus oferta 336 vagas de emprego nesta segunda-feira, 19\/2","datePublished":"2024-02-18T13:51:41+00:00","dateModified":"2024-02-18T13:51:43+00:00","mainEntityOfPage":{"@id":"https:\/\/www.manaus.am.gov.br\/semtepi\/oportunidade\/sine-manaus-vagas-de-emprego-2\/"},"wordCount":4974,"publisher":{"@id":"https:\/\/www.manaus.am.gov.br\/semtepi\/#organization"},"image":{"@id":"https:\/\/www.manaus.am.gov.br\/semtepi\/oportunidade\/sine-manaus-vagas-de-emprego-2\/#primaryimage"},"thumbnailUrl":"https:\/\/www.manaus.am.gov.br\/semtepi\/wp-content\/uploads\/sites\/20\/2024\/02\/Sine-Manaus-2.jpg","keywords":["336 vagas de emprego","oportunidade","prefeitura de manaus","Semtepi","sine manaus"],"articleSection":["Oportunidade"],"inLanguage":"pt-BR"},{"@type":"WebPage","@id":"https:\/\/www.manaus.am.gov.br\/semtepi\/oportunidade\/sine-manaus-vagas-de-emprego-2\/","url":"https:\/\/www.manaus.am.gov.br\/semtepi\/oportunidade\/sine-manaus-vagas-de-emprego-2\/","name":"Sine Manaus oferta 336 vagas de emprego em v\u00e1rias \u00e1reas","isPartOf":{"@id":"https:\/\/www.manaus.am.gov.br\/semtepi\/#website"},"primaryImageOfPage":{"@id":"https:\/\/www.manaus.am.gov.br\/semtepi\/oportunidade\/sine-manaus-vagas-de-emprego-2\/#primaryimage"},"image":{"@id":"https:\/\/www.manaus.am.gov.br\/semtepi\/oportunidade\/sine-manaus-vagas-de-emprego-2\/#primaryimage"},"thumbnailUrl":"https:\/\/www.manaus.am.gov.br\/semtepi\/wp-content\/uploads\/sites\/20\/2024\/02\/Sine-Manaus-2.jpg","datePublished":"2024-02-18T13:51:41+00:00","dateModified":"2024-02-18T13:51:43+00:00","description":"Sine Manaus oferta 336 vagas de emprego em v\u00e1rias \u00e1reas de atua\u00e7\u00e3o, nesta segunda-feira, 19\/2,\u00a0de 8h \u00e0s 16h.","breadcrumb":{"@id":"https:\/\/www.manaus.am.gov.br\/semtepi\/oportunidade\/sine-manaus-vagas-de-emprego-2\/#breadcrumb"},"inLanguage":"pt-BR","potentialAction":[{"@type":"ReadAction","target":["https:\/\/www.manaus.am.gov.br\/semtepi\/oportunidade\/sine-manaus-vagas-de-emprego-2\/"]}]},{"@type":"ImageObject","inLanguage":"pt-BR","@id":"https:\/\/www.manaus.am.gov.br\/semtepi\/oportunidade\/sine-manaus-vagas-de-emprego-2\/#primaryimage","url":"https:\/\/www.manaus.am.gov.br\/semtepi\/wp-content\/uploads\/sites\/20\/2024\/02\/Sine-Manaus-2.jpg","contentUrl":"https:\/\/www.manaus.am.gov.br\/semtepi\/wp-content\/uploads\/sites\/20\/2024\/02\/Sine-Manaus-2.jpg","width":799,"height":533,"caption":"#paratodosverem - servidora do Sine Manaus atende candidato"},{"@type":"BreadcrumbList","@id":"https:\/\/www.manaus.am.gov.br\/semtepi\/oportunidade\/sine-manaus-vagas-de-emprego-2\/#breadcrumb","itemListElement":[{"@type":"ListItem","position":1,"name":"Home","item":"https:\/\/www.manaus.am.gov.br\/semtepi\/"},{"@type":"ListItem","position":2,"name":"Sine Manaus oferta 336 vagas de emprego nesta segunda-feira, 19\/2"}]},{"@type":"WebSite","@id":"https:\/\/www.manaus.am.gov.br\/semtepi\/#website","url":"https:\/\/www.manaus.am.gov.br\/semtepi\/","name":"SEMTEPI","description":"Prefeitura de Manaus","publisher":{"@id":"https:\/\/www.manaus.am.gov.br\/semtepi\/#organization"},"alternateName":"Secretaria Municipal do Trabalho, Empreendedorismo e Inova\u00e7\u00e3o","potentialAction":[{"@type":"SearchAction","target":{"@type":"EntryPoint","urlTemplate":"https:\/\/www.manaus.am.gov.br\/semtepi\/?s={search_term_string}"},"query-input":"required name=search_term_string"}],"inLanguage":"pt-BR"},{"@type":"Organization","@id":"https:\/\/www.manaus.am.gov.br\/semtepi\/#organization","name":"Prefeitura Municipal de Manaus","alternateName":"Prefeitura de Manaus","url":"https:\/\/www.manaus.am.gov.br\/semtepi\/","logo":{"@type":"ImageObject","inLanguage":"pt-BR","@id":"https:\/\/www.manaus.am.gov.br\/semtepi\/#\/schema\/logo\/image\/","url":"https:\/\/www.manaus.am.gov.br\/semtepi\/wp-content\/uploads\/sites\/20\/2024\/07\/favicon.png","contentUrl":"https:\/\/www.manaus.am.gov.br\/semtepi\/wp-content\/uploads\/sites\/20\/2024\/07\/favicon.png","width":300,"height":300,"caption":"Prefeitura Municipal de Manaus"},"image":{"@id":"https:\/\/www.manaus.am.gov.br\/semtepi\/#\/schema\/logo\/image\/"}},{"@type":"Person","@id":"https:\/\/www.manaus.am.gov.br\/semtepi\/#\/schema\/person\/05d223aea2bf115f9883a6ff3683d81b","name":"Bruna Greco","image":{"@type":"ImageObject","inLanguage":"pt-BR","@id":"https:\/\/www.manaus.am.gov.br\/semtepi\/#\/schema\/person\/image\/","url":"https:\/\/secure.gravatar.com\/avatar\/9c877d1a6adc2a055330e5c09a8653ce?s=96&d=mm&r=g","contentUrl":"https:\/\/secure.gravatar.com\/avatar\/9c877d1a6adc2a055330e5c09a8653ce?s=96&d=mm&r=g","caption":"Bruna Greco"}}]}},"_links":{"self":[{"href":"https:\/\/www.manaus.am.gov.br\/semtepi\/wp-json\/wp\/v2\/posts\/4135"}],"collection":[{"href":"https:\/\/www.manaus.am.gov.br\/semtepi\/wp-json\/wp\/v2\/posts"}],"about":[{"href":"https:\/\/www.manaus.am.gov.br\/semtepi\/wp-json\/wp\/v2\/types\/post"}],"author":[{"embeddable":true,"href":"https:\/\/www.manaus.am.gov.br\/semtepi\/wp-json\/wp\/v2\/users\/39"}],"replies":[{"embeddable":true,"href":"https:\/\/www.manaus.am.gov.br\/semtepi\/wp-json\/wp\/v2\/comments?post=4135"}],"version-history":[{"count":0,"href":"https:\/\/www.manaus.am.gov.br\/semtepi\/wp-json\/wp\/v2\/posts\/4135\/revisions"}],"wp:featuredmedia":[{"embeddable":true,"href":"https:\/\/www.manaus.am.gov.br\/semtepi\/wp-json\/wp\/v2\/media\/4083"}],"wp:attachment":[{"href":"https:\/\/www.manaus.am.gov.br\/semtepi\/wp-json\/wp\/v2\/media?parent=4135"}],"wp:term":[{"taxonomy":"category","embeddable":true,"href":"https:\/\/www.manaus.am.gov.br\/semtepi\/wp-json\/wp\/v2\/categories?post=4135"},{"taxonomy":"post_tag","embeddable":true,"href":"https:\/\/www.manaus.am.gov.br\/semtepi\/wp-json\/wp\/v2\/tags?post=4135"}],"curies":[{"name":"wp","href":"https:\/\/api.w.org\/{rel}","templated":true}]}}