{"id":4110,"date":"2024-02-09T14:08:03","date_gmt":"2024-02-09T18:08:03","guid":{"rendered":"https:\/\/www.manaus.am.gov.br\/semtepi\/sem-categoria\/prefeitura-casa-de-praia-zezinho-correa\/"},"modified":"2024-02-09T14:08:05","modified_gmt":"2024-02-09T18:08:05","slug":"prefeitura-casa-de-praia-zezinho-correa","status":"publish","type":"post","link":"https:\/\/www.manaus.am.gov.br\/semtepi\/programacao\/prefeitura-casa-de-praia-zezinho-correa\/","title":{"rendered":"Prefeitura de Manaus promove shows gratuitos de diversos g\u00eaneros musicais na Casa de Praia Zezinho Corr\u00eaa"},"content":{"rendered":"\n<p>Em ritmo de Carnaval, a Prefeitura de Manaus, por meio da Secretaria Municipal do Trabalho, Empreendedorismo e Inova\u00e7\u00e3o (Semtepi), promove, nesta sexta, s\u00e1bado e domingo, 9, 10 e 11\/2, com entrada gratuita, a partir das 18h, seis shows musicais de g\u00eaneros como rock, samba, M\u00fasica Popular Brasileira (MPB) e muito mais, na Casa de Praia Zezinho Corr\u00eaa, localizada \u00e0s margens do rio Negro, no complexo tur\u00edstico Ponta Negra, zona Sul da cidade.<\/p>\n\n\n\n<p>Dentre as atra\u00e7\u00f5es que v\u00e3o se apresentar, na sexta-feira, 9\/2, est\u00e1 a cantora M\u00e1rcia Lii, trazendo um repert\u00f3rio que vai do rock ao MPB. Na sequ\u00eancia, o cantor Maklin Marques subir\u00e1 ao palco tocando o som de muitos sucessos do rock-pop e outros g\u00eaneros.<\/p>\n\n\n\n<p>\u201cA Casa de Praia Zezinho Corr\u00eaa estar\u00e1 de portas abertas para receber as fam\u00edlias que desejam um momento de lazer e entretenimento na cidade. Por isso, venham prestigiar os shows dos artistas que estar\u00e3o se apresentando durante a programa\u00e7\u00e3o deste fim de semana. Esta \u00e9 mais uma iniciativa que faz parte das a\u00e7\u00f5es da prefeitura em comemora\u00e7\u00e3o ao Carnaval na cidade\u201d, destaca o secret\u00e1rio da Semtepi, Radyr J\u00fanior.<\/p>\n\n\n\n<p>No s\u00e1bado, 10\/2, o palco Murilo Rayol vai receber a cantora de MPB, Nara da Mata, que j\u00e1 se apresentou em diversos bares e restaurantes da cidade. Pela segunda vez na casa, o cantor e compositor Moham estar\u00e1 cantando seu novo&nbsp;<em>single<\/em>, &#8220;Dan\u00e7arina&#8221;, al\u00e9m de apresentar suas outras composi\u00e7\u00f5es.<\/p>\n\n\n\n<p>E para animar o domingo de Carnaval, 11\/2, a \u201cTardezinha\u201d, na Casa de Praia, vai receber a banda de pagode Bello Encontro e, em seguida, direto do Rio de Janeiro, o cantor Kinho Malta estar\u00e1 entoando os grandes sucessos do samba na cidade.<\/p>\n\n\n\n<p>&#8212; &#8212; &#8212;<\/p>\n\n\n\n<p><strong>Texto \u2013&nbsp;<\/strong>Fabiane Monteiro \/ Semtepi<\/p>\n\n\n\n<p><strong>Fotos \u2013 <\/strong>Arquivo\/Semcom<\/p>\n","protected":false},"excerpt":{"rendered":"","protected":false},"author":23,"featured_media":4111,"comment_status":"closed","ping_status":"closed","sticky":false,"template":"","format":"standard","meta":{"footnotes":""},"categories":[209],"tags":[939,212,8,216,9],"acf":[],"yoast_head":"<!-- This site is optimized with the Yoast SEO plugin v23.0 - https:\/\/yoast.com\/wordpress\/plugins\/seo\/ -->\n<title>Prefeitura de Manaus promove shows gratuitos de diversos g\u00eaneros musicais na Casa de Praia Zezinho Corr\u00eaa<\/title>\n<meta name=\"description\" content=\"Em ritmo de Carnaval, a Prefeitura de Manaus, por meio da Secretaria Municipal do Trabalho, Empreendedorismo e Inova\u00e7\u00e3o (Semtepi), promove, nesta sexta, s\u00e1bado e domingo, 9, 10 e 11\/2, com entrada gratuita, a partir das 18h, seis shows musicais de g\u00eaneros como rock, samba, M\u00fasica Popular Brasileira (MPB) e muito mais, na Casa de Praia Zezinho Corr\u00eaa, localizada \u00e0s margens do rio Negro, no complexo tur\u00edstico Ponta Negra, zona Sul da cidade.\" \/>\n<meta name=\"robots\" content=\"noindex, follow\" \/>\n<meta property=\"og:locale\" content=\"pt_BR\" \/>\n<meta property=\"og:type\" content=\"article\" \/>\n<meta property=\"og:title\" content=\"Prefeitura de Manaus promove shows gratuitos de diversos g\u00eaneros musicais na Casa de Praia Zezinho Corr\u00eaa\" \/>\n<meta property=\"og:description\" content=\"Em ritmo de Carnaval, a Prefeitura de Manaus, por meio da Secretaria Municipal do Trabalho, Empreendedorismo e Inova\u00e7\u00e3o (Semtepi), promove, nesta sexta, s\u00e1bado e domingo, 9, 10 e 11\/2, com entrada gratuita, a partir das 18h, seis shows musicais de g\u00eaneros como rock, samba, M\u00fasica Popular Brasileira (MPB) e muito mais, na Casa de Praia Zezinho Corr\u00eaa, localizada \u00e0s margens do rio Negro, no complexo tur\u00edstico Ponta Negra, zona Sul da cidade.\" \/>\n<meta property=\"og:url\" content=\"https:\/\/www.manaus.am.gov.br\/semtepi\/programacao\/prefeitura-casa-de-praia-zezinho-correa\/\" \/>\n<meta property=\"og:site_name\" content=\"SEMTEPI\" \/>\n<meta property=\"article:published_time\" content=\"2024-02-09T18:08:03+00:00\" \/>\n<meta property=\"article:modified_time\" content=\"2024-02-09T18:08:05+00:00\" \/>\n<meta property=\"og:image\" content=\"https:\/\/www.manaus.am.gov.br\/semtepi\/wp-content\/uploads\/sites\/20\/2024\/02\/53049890108_df58cd04d4_c.jpg\" \/>\n\t<meta property=\"og:image:width\" content=\"799\" \/>\n\t<meta property=\"og:image:height\" content=\"533\" \/>\n\t<meta property=\"og:image:type\" content=\"image\/jpeg\" \/>\n<meta name=\"author\" content=\"Adriana Costa\" \/>\n<meta name=\"twitter:card\" content=\"summary_large_image\" \/>\n<meta name=\"twitter:label1\" content=\"Written by\" \/>\n\t<meta name=\"twitter:data1\" content=\"Adriana Costa\" \/>\n\t<meta name=\"twitter:label2\" content=\"Est. reading time\" \/>\n\t<meta name=\"twitter:data2\" content=\"2 minutos\" \/>\n<script type=\"application\/ld+json\" class=\"yoast-schema-graph\">{\"@context\":\"https:\/\/schema.org\",\"@graph\":[{\"@type\":\"Article\",\"@id\":\"https:\/\/www.manaus.am.gov.br\/semtepi\/programacao\/prefeitura-casa-de-praia-zezinho-correa\/#article\",\"isPartOf\":{\"@id\":\"https:\/\/www.manaus.am.gov.br\/semtepi\/programacao\/prefeitura-casa-de-praia-zezinho-correa\/\"},\"author\":{\"name\":\"Adriana Costa\",\"@id\":\"https:\/\/www.manaus.am.gov.br\/semtepi\/#\/schema\/person\/4e49f4e267757a06ca072ec61b2b9968\"},\"headline\":\"Prefeitura de Manaus promove shows gratuitos de diversos g\u00eaneros musicais na Casa de Praia Zezinho Corr\u00eaa\",\"datePublished\":\"2024-02-09T18:08:03+00:00\",\"dateModified\":\"2024-02-09T18:08:05+00:00\",\"mainEntityOfPage\":{\"@id\":\"https:\/\/www.manaus.am.gov.br\/semtepi\/programacao\/prefeitura-casa-de-praia-zezinho-correa\/\"},\"wordCount\":323,\"publisher\":{\"@id\":\"https:\/\/www.manaus.am.gov.br\/semtepi\/#organization\"},\"image\":{\"@id\":\"https:\/\/www.manaus.am.gov.br\/semtepi\/programacao\/prefeitura-casa-de-praia-zezinho-correa\/#primaryimage\"},\"thumbnailUrl\":\"https:\/\/www.manaus.am.gov.br\/semtepi\/wp-content\/uploads\/sites\/20\/2024\/02\/53049890108_df58cd04d4_c.jpg\",\"keywords\":[\"carnaval\",\"Casa de Praia Zezinho Corr\u00eaa\",\"prefeitura de manaus\",\"programa\u00e7\u00e3o\",\"Semtepi\"],\"articleSection\":[\"Programa\u00e7\u00e3o\"],\"inLanguage\":\"pt-BR\"},{\"@type\":\"WebPage\",\"@id\":\"https:\/\/www.manaus.am.gov.br\/semtepi\/programacao\/prefeitura-casa-de-praia-zezinho-correa\/\",\"url\":\"https:\/\/www.manaus.am.gov.br\/semtepi\/programacao\/prefeitura-casa-de-praia-zezinho-correa\/\",\"name\":\"Prefeitura de Manaus promove shows gratuitos de diversos g\u00eaneros musicais na Casa de Praia Zezinho Corr\u00eaa\",\"isPartOf\":{\"@id\":\"https:\/\/www.manaus.am.gov.br\/semtepi\/#website\"},\"primaryImageOfPage\":{\"@id\":\"https:\/\/www.manaus.am.gov.br\/semtepi\/programacao\/prefeitura-casa-de-praia-zezinho-correa\/#primaryimage\"},\"image\":{\"@id\":\"https:\/\/www.manaus.am.gov.br\/semtepi\/programacao\/prefeitura-casa-de-praia-zezinho-correa\/#primaryimage\"},\"thumbnailUrl\":\"https:\/\/www.manaus.am.gov.br\/semtepi\/wp-content\/uploads\/sites\/20\/2024\/02\/53049890108_df58cd04d4_c.jpg\",\"datePublished\":\"2024-02-09T18:08:03+00:00\",\"dateModified\":\"2024-02-09T18:08:05+00:00\",\"description\":\"Em ritmo de Carnaval, a Prefeitura de Manaus, por meio da Secretaria Municipal do Trabalho, Empreendedorismo e Inova\u00e7\u00e3o (Semtepi), promove, nesta sexta, s\u00e1bado e domingo, 9, 10 e 11\/2, com entrada gratuita, a partir das 18h, seis shows musicais de g\u00eaneros como rock, samba, M\u00fasica Popular Brasileira (MPB) e muito mais, na Casa de Praia Zezinho Corr\u00eaa, localizada \u00e0s margens do rio Negro, no complexo tur\u00edstico Ponta Negra, zona Sul da cidade.\",\"breadcrumb\":{\"@id\":\"https:\/\/www.manaus.am.gov.br\/semtepi\/programacao\/prefeitura-casa-de-praia-zezinho-correa\/#breadcrumb\"},\"inLanguage\":\"pt-BR\",\"potentialAction\":[{\"@type\":\"ReadAction\",\"target\":[\"https:\/\/www.manaus.am.gov.br\/semtepi\/programacao\/prefeitura-casa-de-praia-zezinho-correa\/\"]}]},{\"@type\":\"ImageObject\",\"inLanguage\":\"pt-BR\",\"@id\":\"https:\/\/www.manaus.am.gov.br\/semtepi\/programacao\/prefeitura-casa-de-praia-zezinho-correa\/#primaryimage\",\"url\":\"https:\/\/www.manaus.am.gov.br\/semtepi\/wp-content\/uploads\/sites\/20\/2024\/02\/53049890108_df58cd04d4_c.jpg\",\"contentUrl\":\"https:\/\/www.manaus.am.gov.br\/semtepi\/wp-content\/uploads\/sites\/20\/2024\/02\/53049890108_df58cd04d4_c.jpg\",\"width\":799,\"height\":533},{\"@type\":\"BreadcrumbList\",\"@id\":\"https:\/\/www.manaus.am.gov.br\/semtepi\/programacao\/prefeitura-casa-de-praia-zezinho-correa\/#breadcrumb\",\"itemListElement\":[{\"@type\":\"ListItem\",\"position\":1,\"name\":\"Home\",\"item\":\"https:\/\/www.manaus.am.gov.br\/semtepi\/\"},{\"@type\":\"ListItem\",\"position\":2,\"name\":\"Prefeitura de Manaus promove shows gratuitos de diversos g\u00eaneros musicais na Casa de Praia Zezinho Corr\u00eaa\"}]},{\"@type\":\"WebSite\",\"@id\":\"https:\/\/www.manaus.am.gov.br\/semtepi\/#website\",\"url\":\"https:\/\/www.manaus.am.gov.br\/semtepi\/\",\"name\":\"SEMTEPI\",\"description\":\"Prefeitura de Manaus\",\"publisher\":{\"@id\":\"https:\/\/www.manaus.am.gov.br\/semtepi\/#organization\"},\"alternateName\":\"Secretaria Municipal do Trabalho, Empreendedorismo e Inova\u00e7\u00e3o\",\"potentialAction\":[{\"@type\":\"SearchAction\",\"target\":{\"@type\":\"EntryPoint\",\"urlTemplate\":\"https:\/\/www.manaus.am.gov.br\/semtepi\/?s={search_term_string}\"},\"query-input\":\"required name=search_term_string\"}],\"inLanguage\":\"pt-BR\"},{\"@type\":\"Organization\",\"@id\":\"https:\/\/www.manaus.am.gov.br\/semtepi\/#organization\",\"name\":\"Prefeitura Municipal de Manaus\",\"alternateName\":\"Prefeitura de Manaus\",\"url\":\"https:\/\/www.manaus.am.gov.br\/semtepi\/\",\"logo\":{\"@type\":\"ImageObject\",\"inLanguage\":\"pt-BR\",\"@id\":\"https:\/\/www.manaus.am.gov.br\/semtepi\/#\/schema\/logo\/image\/\",\"url\":\"https:\/\/www.manaus.am.gov.br\/semtepi\/wp-content\/uploads\/sites\/20\/2024\/07\/favicon.png\",\"contentUrl\":\"https:\/\/www.manaus.am.gov.br\/semtepi\/wp-content\/uploads\/sites\/20\/2024\/07\/favicon.png\",\"width\":300,\"height\":300,\"caption\":\"Prefeitura Municipal de Manaus\"},\"image\":{\"@id\":\"https:\/\/www.manaus.am.gov.br\/semtepi\/#\/schema\/logo\/image\/\"}},{\"@type\":\"Person\",\"@id\":\"https:\/\/www.manaus.am.gov.br\/semtepi\/#\/schema\/person\/4e49f4e267757a06ca072ec61b2b9968\",\"name\":\"Adriana Costa\",\"image\":{\"@type\":\"ImageObject\",\"inLanguage\":\"pt-BR\",\"@id\":\"https:\/\/www.manaus.am.gov.br\/semtepi\/#\/schema\/person\/image\/\",\"url\":\"https:\/\/secure.gravatar.com\/avatar\/576258617ef7194f718179e766d57bd4?s=96&d=mm&r=g\",\"contentUrl\":\"https:\/\/secure.gravatar.com\/avatar\/576258617ef7194f718179e766d57bd4?s=96&d=mm&r=g\",\"caption\":\"Adriana Costa\"}}]}<\/script>\n<!-- \/ Yoast SEO plugin. -->","yoast_head_json":{"title":"Prefeitura de Manaus promove shows gratuitos de diversos g\u00eaneros musicais na Casa de Praia Zezinho Corr\u00eaa","description":"Em ritmo de Carnaval, a Prefeitura de Manaus, por meio da Secretaria Municipal do Trabalho, Empreendedorismo e Inova\u00e7\u00e3o (Semtepi), promove, nesta sexta, s\u00e1bado e domingo, 9, 10 e 11\/2, com entrada gratuita, a partir das 18h, seis shows musicais de g\u00eaneros como rock, samba, M\u00fasica Popular Brasileira (MPB) e muito mais, na Casa de Praia Zezinho Corr\u00eaa, localizada \u00e0s margens do rio Negro, no complexo tur\u00edstico Ponta Negra, zona Sul da cidade.","robots":{"index":"noindex","follow":"follow"},"og_locale":"pt_BR","og_type":"article","og_title":"Prefeitura de Manaus promove shows gratuitos de diversos g\u00eaneros musicais na Casa de Praia Zezinho Corr\u00eaa","og_description":"Em ritmo de Carnaval, a Prefeitura de Manaus, por meio da Secretaria Municipal do Trabalho, Empreendedorismo e Inova\u00e7\u00e3o (Semtepi), promove, nesta sexta, s\u00e1bado e domingo, 9, 10 e 11\/2, com entrada gratuita, a partir das 18h, seis shows musicais de g\u00eaneros como rock, samba, M\u00fasica Popular Brasileira (MPB) e muito mais, na Casa de Praia Zezinho Corr\u00eaa, localizada \u00e0s margens do rio Negro, no complexo tur\u00edstico Ponta Negra, zona Sul da cidade.","og_url":"https:\/\/www.manaus.am.gov.br\/semtepi\/programacao\/prefeitura-casa-de-praia-zezinho-correa\/","og_site_name":"SEMTEPI","article_published_time":"2024-02-09T18:08:03+00:00","article_modified_time":"2024-02-09T18:08:05+00:00","og_image":[{"width":799,"height":533,"url":"https:\/\/www.manaus.am.gov.br\/semtepi\/wp-content\/uploads\/sites\/20\/2024\/02\/53049890108_df58cd04d4_c.jpg","type":"image\/jpeg"}],"author":"Adriana Costa","twitter_card":"summary_large_image","twitter_misc":{"Written by":"Adriana Costa","Est. reading time":"2 minutos"},"schema":{"@context":"https:\/\/schema.org","@graph":[{"@type":"Article","@id":"https:\/\/www.manaus.am.gov.br\/semtepi\/programacao\/prefeitura-casa-de-praia-zezinho-correa\/#article","isPartOf":{"@id":"https:\/\/www.manaus.am.gov.br\/semtepi\/programacao\/prefeitura-casa-de-praia-zezinho-correa\/"},"author":{"name":"Adriana Costa","@id":"https:\/\/www.manaus.am.gov.br\/semtepi\/#\/schema\/person\/4e49f4e267757a06ca072ec61b2b9968"},"headline":"Prefeitura de Manaus promove shows gratuitos de diversos g\u00eaneros musicais na Casa de Praia Zezinho Corr\u00eaa","datePublished":"2024-02-09T18:08:03+00:00","dateModified":"2024-02-09T18:08:05+00:00","mainEntityOfPage":{"@id":"https:\/\/www.manaus.am.gov.br\/semtepi\/programacao\/prefeitura-casa-de-praia-zezinho-correa\/"},"wordCount":323,"publisher":{"@id":"https:\/\/www.manaus.am.gov.br\/semtepi\/#organization"},"image":{"@id":"https:\/\/www.manaus.am.gov.br\/semtepi\/programacao\/prefeitura-casa-de-praia-zezinho-correa\/#primaryimage"},"thumbnailUrl":"https:\/\/www.manaus.am.gov.br\/semtepi\/wp-content\/uploads\/sites\/20\/2024\/02\/53049890108_df58cd04d4_c.jpg","keywords":["carnaval","Casa de Praia Zezinho Corr\u00eaa","prefeitura de manaus","programa\u00e7\u00e3o","Semtepi"],"articleSection":["Programa\u00e7\u00e3o"],"inLanguage":"pt-BR"},{"@type":"WebPage","@id":"https:\/\/www.manaus.am.gov.br\/semtepi\/programacao\/prefeitura-casa-de-praia-zezinho-correa\/","url":"https:\/\/www.manaus.am.gov.br\/semtepi\/programacao\/prefeitura-casa-de-praia-zezinho-correa\/","name":"Prefeitura de Manaus promove shows gratuitos de diversos g\u00eaneros musicais na Casa de Praia Zezinho Corr\u00eaa","isPartOf":{"@id":"https:\/\/www.manaus.am.gov.br\/semtepi\/#website"},"primaryImageOfPage":{"@id":"https:\/\/www.manaus.am.gov.br\/semtepi\/programacao\/prefeitura-casa-de-praia-zezinho-correa\/#primaryimage"},"image":{"@id":"https:\/\/www.manaus.am.gov.br\/semtepi\/programacao\/prefeitura-casa-de-praia-zezinho-correa\/#primaryimage"},"thumbnailUrl":"https:\/\/www.manaus.am.gov.br\/semtepi\/wp-content\/uploads\/sites\/20\/2024\/02\/53049890108_df58cd04d4_c.jpg","datePublished":"2024-02-09T18:08:03+00:00","dateModified":"2024-02-09T18:08:05+00:00","description":"Em ritmo de Carnaval, a Prefeitura de Manaus, por meio da Secretaria Municipal do Trabalho, Empreendedorismo e Inova\u00e7\u00e3o (Semtepi), promove, nesta sexta, s\u00e1bado e domingo, 9, 10 e 11\/2, com entrada gratuita, a partir das 18h, seis shows musicais de g\u00eaneros como rock, samba, M\u00fasica Popular Brasileira (MPB) e muito mais, na Casa de Praia Zezinho Corr\u00eaa, localizada \u00e0s margens do rio Negro, no complexo tur\u00edstico Ponta Negra, zona Sul da cidade.","breadcrumb":{"@id":"https:\/\/www.manaus.am.gov.br\/semtepi\/programacao\/prefeitura-casa-de-praia-zezinho-correa\/#breadcrumb"},"inLanguage":"pt-BR","potentialAction":[{"@type":"ReadAction","target":["https:\/\/www.manaus.am.gov.br\/semtepi\/programacao\/prefeitura-casa-de-praia-zezinho-correa\/"]}]},{"@type":"ImageObject","inLanguage":"pt-BR","@id":"https:\/\/www.manaus.am.gov.br\/semtepi\/programacao\/prefeitura-casa-de-praia-zezinho-correa\/#primaryimage","url":"https:\/\/www.manaus.am.gov.br\/semtepi\/wp-content\/uploads\/sites\/20\/2024\/02\/53049890108_df58cd04d4_c.jpg","contentUrl":"https:\/\/www.manaus.am.gov.br\/semtepi\/wp-content\/uploads\/sites\/20\/2024\/02\/53049890108_df58cd04d4_c.jpg","width":799,"height":533},{"@type":"BreadcrumbList","@id":"https:\/\/www.manaus.am.gov.br\/semtepi\/programacao\/prefeitura-casa-de-praia-zezinho-correa\/#breadcrumb","itemListElement":[{"@type":"ListItem","position":1,"name":"Home","item":"https:\/\/www.manaus.am.gov.br\/semtepi\/"},{"@type":"ListItem","position":2,"name":"Prefeitura de Manaus promove shows gratuitos de diversos g\u00eaneros musicais na Casa de Praia Zezinho Corr\u00eaa"}]},{"@type":"WebSite","@id":"https:\/\/www.manaus.am.gov.br\/semtepi\/#website","url":"https:\/\/www.manaus.am.gov.br\/semtepi\/","name":"SEMTEPI","description":"Prefeitura de Manaus","publisher":{"@id":"https:\/\/www.manaus.am.gov.br\/semtepi\/#organization"},"alternateName":"Secretaria Municipal do Trabalho, Empreendedorismo e Inova\u00e7\u00e3o","potentialAction":[{"@type":"SearchAction","target":{"@type":"EntryPoint","urlTemplate":"https:\/\/www.manaus.am.gov.br\/semtepi\/?s={search_term_string}"},"query-input":"required name=search_term_string"}],"inLanguage":"pt-BR"},{"@type":"Organization","@id":"https:\/\/www.manaus.am.gov.br\/semtepi\/#organization","name":"Prefeitura Municipal de Manaus","alternateName":"Prefeitura de Manaus","url":"https:\/\/www.manaus.am.gov.br\/semtepi\/","logo":{"@type":"ImageObject","inLanguage":"pt-BR","@id":"https:\/\/www.manaus.am.gov.br\/semtepi\/#\/schema\/logo\/image\/","url":"https:\/\/www.manaus.am.gov.br\/semtepi\/wp-content\/uploads\/sites\/20\/2024\/07\/favicon.png","contentUrl":"https:\/\/www.manaus.am.gov.br\/semtepi\/wp-content\/uploads\/sites\/20\/2024\/07\/favicon.png","width":300,"height":300,"caption":"Prefeitura Municipal de Manaus"},"image":{"@id":"https:\/\/www.manaus.am.gov.br\/semtepi\/#\/schema\/logo\/image\/"}},{"@type":"Person","@id":"https:\/\/www.manaus.am.gov.br\/semtepi\/#\/schema\/person\/4e49f4e267757a06ca072ec61b2b9968","name":"Adriana Costa","image":{"@type":"ImageObject","inLanguage":"pt-BR","@id":"https:\/\/www.manaus.am.gov.br\/semtepi\/#\/schema\/person\/image\/","url":"https:\/\/secure.gravatar.com\/avatar\/576258617ef7194f718179e766d57bd4?s=96&d=mm&r=g","contentUrl":"https:\/\/secure.gravatar.com\/avatar\/576258617ef7194f718179e766d57bd4?s=96&d=mm&r=g","caption":"Adriana Costa"}}]}},"_links":{"self":[{"href":"https:\/\/www.manaus.am.gov.br\/semtepi\/wp-json\/wp\/v2\/posts\/4110"}],"collection":[{"href":"https:\/\/www.manaus.am.gov.br\/semtepi\/wp-json\/wp\/v2\/posts"}],"about":[{"href":"https:\/\/www.manaus.am.gov.br\/semtepi\/wp-json\/wp\/v2\/types\/post"}],"author":[{"embeddable":true,"href":"https:\/\/www.manaus.am.gov.br\/semtepi\/wp-json\/wp\/v2\/users\/23"}],"replies":[{"embeddable":true,"href":"https:\/\/www.manaus.am.gov.br\/semtepi\/wp-json\/wp\/v2\/comments?post=4110"}],"version-history":[{"count":0,"href":"https:\/\/www.manaus.am.gov.br\/semtepi\/wp-json\/wp\/v2\/posts\/4110\/revisions"}],"wp:featuredmedia":[{"embeddable":true,"href":"https:\/\/www.manaus.am.gov.br\/semtepi\/wp-json\/wp\/v2\/media\/4111"}],"wp:attachment":[{"href":"https:\/\/www.manaus.am.gov.br\/semtepi\/wp-json\/wp\/v2\/media?parent=4110"}],"wp:term":[{"taxonomy":"category","embeddable":true,"href":"https:\/\/www.manaus.am.gov.br\/semtepi\/wp-json\/wp\/v2\/categories?post=4110"},{"taxonomy":"post_tag","embeddable":true,"href":"https:\/\/www.manaus.am.gov.br\/semtepi\/wp-json\/wp\/v2\/tags?post=4110"}],"curies":[{"name":"wp","href":"https:\/\/api.w.org\/{rel}","templated":true}]}}