{"id":4102,"date":"2024-02-09T12:50:10","date_gmt":"2024-02-09T16:50:10","guid":{"rendered":"https:\/\/www.manaus.am.gov.br\/semtepi\/sem-categoria\/prefeitura-servicos-carnaval\/"},"modified":"2024-02-09T12:50:11","modified_gmt":"2024-02-09T16:50:11","slug":"prefeitura-servicos-carnaval","status":"publish","type":"post","link":"https:\/\/www.manaus.am.gov.br\/semtepi\/atendimento\/prefeitura-servicos-carnaval\/","title":{"rendered":"Prefeitura divulga servi\u00e7os essenciais que ir\u00e3o funcionar no feriado e pontos facultativos de Carnaval"},"content":{"rendered":"\n<p>A Prefeitura de Manaus ir\u00e1 manter em funcionamento os servi\u00e7os essenciais \u00e0 popula\u00e7\u00e3o durante a Ter\u00e7a-Feira Gorda, 13\/2, e pontos facultativos de Carnaval, segunda, 12\/2, e quarta-feira, 14\/2, a partir das 12h.<\/p>\n\n\n\n<p>A Secretaria Municipal de Sa\u00fade (Semsa) assegura os servi\u00e7os durante os tr\u00eas dias.&nbsp;O Servi\u00e7o de Atendimento M\u00f3vel de Urg\u00eancia (Samu) funcionar\u00e1 normalmente para atender a popula\u00e7\u00e3o nos casos de urg\u00eancia, por meio do n\u00famero 192.<\/p>\n\n\n\n<p>A maternidade Dr. Moura Tapaj\u00f3z, localizada no bairro Compensa, na zona Oeste da capital, tamb\u00e9m manter\u00e1 seus atendimentos no regime de plant\u00e3o 24 horas.<\/p>\n\n\n\n<p>Os usu\u00e1rios que precisarem dos servi\u00e7os da Rede de Aten\u00e7\u00e3o Prim\u00e1ria podem se dirigir \u00e0 cl\u00ednica de sa\u00fade da fam\u00edlia Carmen Nicolau, situada na rua Santa Tereza D\u2019\u00c1vila, s\/n\u00ba, no bairro Lago Azul, zona Norte, que funciona nos dias \u00fateis e aos s\u00e1bados, domingos e feriados, no hor\u00e1rio das 8h \u00e0s 18h.&nbsp; O estabelecimento de sa\u00fade oferta vacinas do calend\u00e1rio b\u00e1sico, testes r\u00e1pidos para detec\u00e7\u00e3o de Infec\u00e7\u00f5es Sexualmente Transmiss\u00edveis (ISTs), procedimentos no Sistema de Regula\u00e7\u00e3o (Sisreg) e outros servi\u00e7os da rede b\u00e1sica assistencial.<\/p>\n\n\n\n<p>O Centro de Emiss\u00e3o de Declara\u00e7\u00e3o de \u00d3bito por Causa Natural em Domic\u00edlio (Cedo) funcionar\u00e1 das 8h \u00e0s 18h. O n\u00famero para acionar a unidade \u00e9 o (92) 98842-8437.<\/p>\n\n\n\n<p><strong>Abastecimento<\/strong><\/p>\n\n\n\n<p>As feiras municipais Coronel Jorge Teixeira (Manaus Moderna) e da Banana, ambas no Centro, funcionam das 4h \u00e0s 12h, todos os dias, exceto na Ter\u00e7a-Feira de Carnaval.<\/p>\n\n\n\n<p>A feira municipal do Produtor, da zona Leste, tamb\u00e9m abre as portas das 4h \u00e0s 12h, menos no feriado.<\/p>\n\n\n\n<p>A feira da Panair, bairro Educandos, zona Sul, recebe o p\u00fablico das 4h \u00e0s 13h, exceto na ter\u00e7a. J\u00e1 o tablado do peixe, na mesma feira,&nbsp;funciona das 18h \u00e0s 6h&nbsp;todos os dias.<\/p>\n\n\n\n<p>J\u00e1 no mercado municipal Adolpho Lisboa, na Manaus Moderna, Centro, somente no domingo (11\/2) e na Ter\u00e7a-Feira de Carnaval (13\/2) encerra as atividades \u00e0s 12h. Nos demais dias, incluindo a Quarta-Feira de Cinzas, o hor\u00e1rio de funcionamento \u00e9 normal, das 6h \u00e0s 17h.<\/p>\n\n\n\n<p><strong>Sine<\/strong><\/p>\n\n\n\n<p>A Secretaria Municipal do Trabalho, Empreendedorismo e Inova\u00e7\u00e3o (Semtepi) informa que o atendimento nos postos do Sine Manaus, localizados na avenida Constantino Nery, zona Sul, e no shopping Phelippe Daou, zona Leste de Manaus, estar\u00e3o suspensos durante os dias 12, 13 e 14 de fevereiro, em virtude do feriado de Carnaval.<\/p>\n\n\n\n<p>As atividades retornam normalmente na quinta-feira, 15\/2. N\u00e3o \u00e9 necess\u00e1rio fazer agendamento pr\u00e9vio para acessar os servi\u00e7os. A popula\u00e7\u00e3o pode se dirigir a um dos postos, portando os documentos originais e o cart\u00e3o de vacina\u00e7\u00e3o, com o esquema vacinal completo contra a Covid-19, de segunda a sexta-feira, das 8h \u00e0s 16h.<\/p>\n\n\n\n<p><strong>Galerias e shopping<\/strong><\/p>\n\n\n\n<p>A Semtepi divulga, ainda, os hor\u00e1rios de funcionamento do shopping Phelippe Daou, bairro Jorge Teixeira, zona Leste, e galerias populares Esp\u00edrito Santo e Rem\u00e9dios, Centro, zona Sul da capital, durante o feriado de Carnaval.<\/p>\n\n\n\n<p><strong>Shopping Phelippe Daou<\/strong><\/p>\n\n\n\n<p>12 e 14\/2 \u2013 Funcionamento normal (8h \u00e0s 18h)<\/p>\n\n\n\n<p>13\/2 \u2013 Fechado<\/p>\n\n\n\n<p><strong>Galeria Esp\u00edrito Santo<\/strong><\/p>\n\n\n\n<p>12\/2 &#8211; Funcionamento normal (8h \u00e0s 17h)<\/p>\n\n\n\n<p>13\/2 \u2013 Fechado<\/p>\n\n\n\n<p>14\/2 \u2013 Abre ap\u00f3s as 12h<\/p>\n\n\n\n<p><strong>Galeria dos Rem\u00e9dios<\/strong><\/p>\n\n\n\n<p>12\/2 &#8211; Funcionamento normal (8h \u00e0s 17h)<\/p>\n\n\n\n<p>13 e 14\/2 \u2013 Fechado<\/p>\n\n\n\n<p>&#8212; &#8212; &#8212;<\/p>\n\n\n\n<p><strong>Texto<\/strong>&nbsp;&#8211; Divulga\u00e7\u00e3o \/ Semsa\/Semtepi\/Semacc<\/p>\n\n\n\n<p><strong>Fotos<\/strong>&nbsp;\u2013 Arquivo\/Semcom<\/p>\n","protected":false},"excerpt":{"rendered":"","protected":false},"author":23,"featured_media":4103,"comment_status":"closed","ping_status":"closed","sticky":false,"template":"","format":"standard","meta":{"footnotes":""},"categories":[46],"tags":[954,955,956,957,8,245,246,9,45,529],"acf":[],"yoast_head":"<!-- This site is optimized with the Yoast SEO plugin v23.0 - https:\/\/yoast.com\/wordpress\/plugins\/seo\/ -->\n<title>Prefeitura divulga servi\u00e7os essenciais que ir\u00e3o funcionar no feriado e pontos facultativos de Carnaval<\/title>\n<meta name=\"description\" content=\"A Prefeitura de Manaus ir\u00e1 manter em funcionamento os servi\u00e7os essenciais \u00e0 popula\u00e7\u00e3o durante a Ter\u00e7a-Feira Gorda, 13\/2, e pontos facultativos de Carnaval, segunda, 12\/2, e quarta-feira, 14\/2, a partir das 12h.\" \/>\n<meta name=\"robots\" content=\"noindex, follow\" \/>\n<meta property=\"og:locale\" content=\"pt_BR\" \/>\n<meta property=\"og:type\" content=\"article\" \/>\n<meta property=\"og:title\" content=\"Prefeitura divulga servi\u00e7os essenciais que ir\u00e3o funcionar no feriado e pontos facultativos de Carnaval\" \/>\n<meta property=\"og:description\" content=\"A Prefeitura de Manaus ir\u00e1 manter em funcionamento os servi\u00e7os essenciais \u00e0 popula\u00e7\u00e3o durante a Ter\u00e7a-Feira Gorda, 13\/2, e pontos facultativos de Carnaval, segunda, 12\/2, e quarta-feira, 14\/2, a partir das 12h.\" \/>\n<meta property=\"og:url\" content=\"https:\/\/www.manaus.am.gov.br\/semtepi\/atendimento\/prefeitura-servicos-carnaval\/\" \/>\n<meta property=\"og:site_name\" content=\"SEMTEPI\" \/>\n<meta property=\"article:published_time\" content=\"2024-02-09T16:50:10+00:00\" \/>\n<meta property=\"article:modified_time\" content=\"2024-02-09T16:50:11+00:00\" \/>\n<meta property=\"og:image\" content=\"https:\/\/www.manaus.am.gov.br\/semtepi\/wp-content\/uploads\/sites\/20\/2024\/02\/samu-2.jpg\" \/>\n\t<meta property=\"og:image:width\" content=\"799\" \/>\n\t<meta property=\"og:image:height\" content=\"533\" \/>\n\t<meta property=\"og:image:type\" content=\"image\/jpeg\" \/>\n<meta name=\"author\" content=\"Adriana Costa\" \/>\n<meta name=\"twitter:card\" content=\"summary_large_image\" \/>\n<meta name=\"twitter:label1\" content=\"Written by\" \/>\n\t<meta name=\"twitter:data1\" content=\"Adriana Costa\" \/>\n\t<meta name=\"twitter:label2\" content=\"Est. reading time\" \/>\n\t<meta name=\"twitter:data2\" content=\"4 minutos\" \/>\n<script type=\"application\/ld+json\" class=\"yoast-schema-graph\">{\"@context\":\"https:\/\/schema.org\",\"@graph\":[{\"@type\":\"Article\",\"@id\":\"https:\/\/www.manaus.am.gov.br\/semtepi\/atendimento\/prefeitura-servicos-carnaval\/#article\",\"isPartOf\":{\"@id\":\"https:\/\/www.manaus.am.gov.br\/semtepi\/atendimento\/prefeitura-servicos-carnaval\/\"},\"author\":{\"name\":\"Adriana Costa\",\"@id\":\"https:\/\/www.manaus.am.gov.br\/semtepi\/#\/schema\/person\/4e49f4e267757a06ca072ec61b2b9968\"},\"headline\":\"Prefeitura divulga servi\u00e7os essenciais que ir\u00e3o funcionar no feriado e pontos facultativos de Carnaval\",\"datePublished\":\"2024-02-09T16:50:10+00:00\",\"dateModified\":\"2024-02-09T16:50:11+00:00\",\"mainEntityOfPage\":{\"@id\":\"https:\/\/www.manaus.am.gov.br\/semtepi\/atendimento\/prefeitura-servicos-carnaval\/\"},\"wordCount\":582,\"publisher\":{\"@id\":\"https:\/\/www.manaus.am.gov.br\/semtepi\/#organization\"},\"image\":{\"@id\":\"https:\/\/www.manaus.am.gov.br\/semtepi\/atendimento\/prefeitura-servicos-carnaval\/#primaryimage\"},\"thumbnailUrl\":\"https:\/\/www.manaus.am.gov.br\/semtepi\/wp-content\/uploads\/sites\/20\/2024\/02\/samu-2.jpg\",\"keywords\":[\"feiras\",\"feriado de carnaval\",\"galerias\",\"pontos facultativos\",\"prefeitura de manaus\",\"Semacc\",\"semsa\",\"Semtepi\",\"servi\u00e7os\",\"sine\"],\"articleSection\":[\"Atendimento\"],\"inLanguage\":\"pt-BR\"},{\"@type\":\"WebPage\",\"@id\":\"https:\/\/www.manaus.am.gov.br\/semtepi\/atendimento\/prefeitura-servicos-carnaval\/\",\"url\":\"https:\/\/www.manaus.am.gov.br\/semtepi\/atendimento\/prefeitura-servicos-carnaval\/\",\"name\":\"Prefeitura divulga servi\u00e7os essenciais que ir\u00e3o funcionar no feriado e pontos facultativos de Carnaval\",\"isPartOf\":{\"@id\":\"https:\/\/www.manaus.am.gov.br\/semtepi\/#website\"},\"primaryImageOfPage\":{\"@id\":\"https:\/\/www.manaus.am.gov.br\/semtepi\/atendimento\/prefeitura-servicos-carnaval\/#primaryimage\"},\"image\":{\"@id\":\"https:\/\/www.manaus.am.gov.br\/semtepi\/atendimento\/prefeitura-servicos-carnaval\/#primaryimage\"},\"thumbnailUrl\":\"https:\/\/www.manaus.am.gov.br\/semtepi\/wp-content\/uploads\/sites\/20\/2024\/02\/samu-2.jpg\",\"datePublished\":\"2024-02-09T16:50:10+00:00\",\"dateModified\":\"2024-02-09T16:50:11+00:00\",\"description\":\"A Prefeitura de Manaus ir\u00e1 manter em funcionamento os servi\u00e7os essenciais \u00e0 popula\u00e7\u00e3o durante a Ter\u00e7a-Feira Gorda, 13\/2, e pontos facultativos de Carnaval, segunda, 12\/2, e quarta-feira, 14\/2, a partir das 12h.\",\"breadcrumb\":{\"@id\":\"https:\/\/www.manaus.am.gov.br\/semtepi\/atendimento\/prefeitura-servicos-carnaval\/#breadcrumb\"},\"inLanguage\":\"pt-BR\",\"potentialAction\":[{\"@type\":\"ReadAction\",\"target\":[\"https:\/\/www.manaus.am.gov.br\/semtepi\/atendimento\/prefeitura-servicos-carnaval\/\"]}]},{\"@type\":\"ImageObject\",\"inLanguage\":\"pt-BR\",\"@id\":\"https:\/\/www.manaus.am.gov.br\/semtepi\/atendimento\/prefeitura-servicos-carnaval\/#primaryimage\",\"url\":\"https:\/\/www.manaus.am.gov.br\/semtepi\/wp-content\/uploads\/sites\/20\/2024\/02\/samu-2.jpg\",\"contentUrl\":\"https:\/\/www.manaus.am.gov.br\/semtepi\/wp-content\/uploads\/sites\/20\/2024\/02\/samu-2.jpg\",\"width\":799,\"height\":533},{\"@type\":\"BreadcrumbList\",\"@id\":\"https:\/\/www.manaus.am.gov.br\/semtepi\/atendimento\/prefeitura-servicos-carnaval\/#breadcrumb\",\"itemListElement\":[{\"@type\":\"ListItem\",\"position\":1,\"name\":\"Home\",\"item\":\"https:\/\/www.manaus.am.gov.br\/semtepi\/\"},{\"@type\":\"ListItem\",\"position\":2,\"name\":\"Prefeitura divulga servi\u00e7os essenciais que ir\u00e3o funcionar no feriado e pontos facultativos de Carnaval\"}]},{\"@type\":\"WebSite\",\"@id\":\"https:\/\/www.manaus.am.gov.br\/semtepi\/#website\",\"url\":\"https:\/\/www.manaus.am.gov.br\/semtepi\/\",\"name\":\"SEMTEPI\",\"description\":\"Prefeitura de Manaus\",\"publisher\":{\"@id\":\"https:\/\/www.manaus.am.gov.br\/semtepi\/#organization\"},\"alternateName\":\"Secretaria Municipal do Trabalho, Empreendedorismo e Inova\u00e7\u00e3o\",\"potentialAction\":[{\"@type\":\"SearchAction\",\"target\":{\"@type\":\"EntryPoint\",\"urlTemplate\":\"https:\/\/www.manaus.am.gov.br\/semtepi\/?s={search_term_string}\"},\"query-input\":\"required name=search_term_string\"}],\"inLanguage\":\"pt-BR\"},{\"@type\":\"Organization\",\"@id\":\"https:\/\/www.manaus.am.gov.br\/semtepi\/#organization\",\"name\":\"Prefeitura Municipal de Manaus\",\"alternateName\":\"Prefeitura de Manaus\",\"url\":\"https:\/\/www.manaus.am.gov.br\/semtepi\/\",\"logo\":{\"@type\":\"ImageObject\",\"inLanguage\":\"pt-BR\",\"@id\":\"https:\/\/www.manaus.am.gov.br\/semtepi\/#\/schema\/logo\/image\/\",\"url\":\"https:\/\/www.manaus.am.gov.br\/semtepi\/wp-content\/uploads\/sites\/20\/2024\/07\/favicon.png\",\"contentUrl\":\"https:\/\/www.manaus.am.gov.br\/semtepi\/wp-content\/uploads\/sites\/20\/2024\/07\/favicon.png\",\"width\":300,\"height\":300,\"caption\":\"Prefeitura Municipal de Manaus\"},\"image\":{\"@id\":\"https:\/\/www.manaus.am.gov.br\/semtepi\/#\/schema\/logo\/image\/\"}},{\"@type\":\"Person\",\"@id\":\"https:\/\/www.manaus.am.gov.br\/semtepi\/#\/schema\/person\/4e49f4e267757a06ca072ec61b2b9968\",\"name\":\"Adriana Costa\",\"image\":{\"@type\":\"ImageObject\",\"inLanguage\":\"pt-BR\",\"@id\":\"https:\/\/www.manaus.am.gov.br\/semtepi\/#\/schema\/person\/image\/\",\"url\":\"https:\/\/secure.gravatar.com\/avatar\/576258617ef7194f718179e766d57bd4?s=96&d=mm&r=g\",\"contentUrl\":\"https:\/\/secure.gravatar.com\/avatar\/576258617ef7194f718179e766d57bd4?s=96&d=mm&r=g\",\"caption\":\"Adriana Costa\"}}]}<\/script>\n<!-- \/ Yoast SEO plugin. -->","yoast_head_json":{"title":"Prefeitura divulga servi\u00e7os essenciais que ir\u00e3o funcionar no feriado e pontos facultativos de Carnaval","description":"A Prefeitura de Manaus ir\u00e1 manter em funcionamento os servi\u00e7os essenciais \u00e0 popula\u00e7\u00e3o durante a Ter\u00e7a-Feira Gorda, 13\/2, e pontos facultativos de Carnaval, segunda, 12\/2, e quarta-feira, 14\/2, a partir das 12h.","robots":{"index":"noindex","follow":"follow"},"og_locale":"pt_BR","og_type":"article","og_title":"Prefeitura divulga servi\u00e7os essenciais que ir\u00e3o funcionar no feriado e pontos facultativos de Carnaval","og_description":"A Prefeitura de Manaus ir\u00e1 manter em funcionamento os servi\u00e7os essenciais \u00e0 popula\u00e7\u00e3o durante a Ter\u00e7a-Feira Gorda, 13\/2, e pontos facultativos de Carnaval, segunda, 12\/2, e quarta-feira, 14\/2, a partir das 12h.","og_url":"https:\/\/www.manaus.am.gov.br\/semtepi\/atendimento\/prefeitura-servicos-carnaval\/","og_site_name":"SEMTEPI","article_published_time":"2024-02-09T16:50:10+00:00","article_modified_time":"2024-02-09T16:50:11+00:00","og_image":[{"width":799,"height":533,"url":"https:\/\/www.manaus.am.gov.br\/semtepi\/wp-content\/uploads\/sites\/20\/2024\/02\/samu-2.jpg","type":"image\/jpeg"}],"author":"Adriana Costa","twitter_card":"summary_large_image","twitter_misc":{"Written by":"Adriana Costa","Est. reading time":"4 minutos"},"schema":{"@context":"https:\/\/schema.org","@graph":[{"@type":"Article","@id":"https:\/\/www.manaus.am.gov.br\/semtepi\/atendimento\/prefeitura-servicos-carnaval\/#article","isPartOf":{"@id":"https:\/\/www.manaus.am.gov.br\/semtepi\/atendimento\/prefeitura-servicos-carnaval\/"},"author":{"name":"Adriana Costa","@id":"https:\/\/www.manaus.am.gov.br\/semtepi\/#\/schema\/person\/4e49f4e267757a06ca072ec61b2b9968"},"headline":"Prefeitura divulga servi\u00e7os essenciais que ir\u00e3o funcionar no feriado e pontos facultativos de Carnaval","datePublished":"2024-02-09T16:50:10+00:00","dateModified":"2024-02-09T16:50:11+00:00","mainEntityOfPage":{"@id":"https:\/\/www.manaus.am.gov.br\/semtepi\/atendimento\/prefeitura-servicos-carnaval\/"},"wordCount":582,"publisher":{"@id":"https:\/\/www.manaus.am.gov.br\/semtepi\/#organization"},"image":{"@id":"https:\/\/www.manaus.am.gov.br\/semtepi\/atendimento\/prefeitura-servicos-carnaval\/#primaryimage"},"thumbnailUrl":"https:\/\/www.manaus.am.gov.br\/semtepi\/wp-content\/uploads\/sites\/20\/2024\/02\/samu-2.jpg","keywords":["feiras","feriado de carnaval","galerias","pontos facultativos","prefeitura de manaus","Semacc","semsa","Semtepi","servi\u00e7os","sine"],"articleSection":["Atendimento"],"inLanguage":"pt-BR"},{"@type":"WebPage","@id":"https:\/\/www.manaus.am.gov.br\/semtepi\/atendimento\/prefeitura-servicos-carnaval\/","url":"https:\/\/www.manaus.am.gov.br\/semtepi\/atendimento\/prefeitura-servicos-carnaval\/","name":"Prefeitura divulga servi\u00e7os essenciais que ir\u00e3o funcionar no feriado e pontos facultativos de Carnaval","isPartOf":{"@id":"https:\/\/www.manaus.am.gov.br\/semtepi\/#website"},"primaryImageOfPage":{"@id":"https:\/\/www.manaus.am.gov.br\/semtepi\/atendimento\/prefeitura-servicos-carnaval\/#primaryimage"},"image":{"@id":"https:\/\/www.manaus.am.gov.br\/semtepi\/atendimento\/prefeitura-servicos-carnaval\/#primaryimage"},"thumbnailUrl":"https:\/\/www.manaus.am.gov.br\/semtepi\/wp-content\/uploads\/sites\/20\/2024\/02\/samu-2.jpg","datePublished":"2024-02-09T16:50:10+00:00","dateModified":"2024-02-09T16:50:11+00:00","description":"A Prefeitura de Manaus ir\u00e1 manter em funcionamento os servi\u00e7os essenciais \u00e0 popula\u00e7\u00e3o durante a Ter\u00e7a-Feira Gorda, 13\/2, e pontos facultativos de Carnaval, segunda, 12\/2, e quarta-feira, 14\/2, a partir das 12h.","breadcrumb":{"@id":"https:\/\/www.manaus.am.gov.br\/semtepi\/atendimento\/prefeitura-servicos-carnaval\/#breadcrumb"},"inLanguage":"pt-BR","potentialAction":[{"@type":"ReadAction","target":["https:\/\/www.manaus.am.gov.br\/semtepi\/atendimento\/prefeitura-servicos-carnaval\/"]}]},{"@type":"ImageObject","inLanguage":"pt-BR","@id":"https:\/\/www.manaus.am.gov.br\/semtepi\/atendimento\/prefeitura-servicos-carnaval\/#primaryimage","url":"https:\/\/www.manaus.am.gov.br\/semtepi\/wp-content\/uploads\/sites\/20\/2024\/02\/samu-2.jpg","contentUrl":"https:\/\/www.manaus.am.gov.br\/semtepi\/wp-content\/uploads\/sites\/20\/2024\/02\/samu-2.jpg","width":799,"height":533},{"@type":"BreadcrumbList","@id":"https:\/\/www.manaus.am.gov.br\/semtepi\/atendimento\/prefeitura-servicos-carnaval\/#breadcrumb","itemListElement":[{"@type":"ListItem","position":1,"name":"Home","item":"https:\/\/www.manaus.am.gov.br\/semtepi\/"},{"@type":"ListItem","position":2,"name":"Prefeitura divulga servi\u00e7os essenciais que ir\u00e3o funcionar no feriado e pontos facultativos de Carnaval"}]},{"@type":"WebSite","@id":"https:\/\/www.manaus.am.gov.br\/semtepi\/#website","url":"https:\/\/www.manaus.am.gov.br\/semtepi\/","name":"SEMTEPI","description":"Prefeitura de Manaus","publisher":{"@id":"https:\/\/www.manaus.am.gov.br\/semtepi\/#organization"},"alternateName":"Secretaria Municipal do Trabalho, Empreendedorismo e Inova\u00e7\u00e3o","potentialAction":[{"@type":"SearchAction","target":{"@type":"EntryPoint","urlTemplate":"https:\/\/www.manaus.am.gov.br\/semtepi\/?s={search_term_string}"},"query-input":"required name=search_term_string"}],"inLanguage":"pt-BR"},{"@type":"Organization","@id":"https:\/\/www.manaus.am.gov.br\/semtepi\/#organization","name":"Prefeitura Municipal de Manaus","alternateName":"Prefeitura de Manaus","url":"https:\/\/www.manaus.am.gov.br\/semtepi\/","logo":{"@type":"ImageObject","inLanguage":"pt-BR","@id":"https:\/\/www.manaus.am.gov.br\/semtepi\/#\/schema\/logo\/image\/","url":"https:\/\/www.manaus.am.gov.br\/semtepi\/wp-content\/uploads\/sites\/20\/2024\/07\/favicon.png","contentUrl":"https:\/\/www.manaus.am.gov.br\/semtepi\/wp-content\/uploads\/sites\/20\/2024\/07\/favicon.png","width":300,"height":300,"caption":"Prefeitura Municipal de Manaus"},"image":{"@id":"https:\/\/www.manaus.am.gov.br\/semtepi\/#\/schema\/logo\/image\/"}},{"@type":"Person","@id":"https:\/\/www.manaus.am.gov.br\/semtepi\/#\/schema\/person\/4e49f4e267757a06ca072ec61b2b9968","name":"Adriana Costa","image":{"@type":"ImageObject","inLanguage":"pt-BR","@id":"https:\/\/www.manaus.am.gov.br\/semtepi\/#\/schema\/person\/image\/","url":"https:\/\/secure.gravatar.com\/avatar\/576258617ef7194f718179e766d57bd4?s=96&d=mm&r=g","contentUrl":"https:\/\/secure.gravatar.com\/avatar\/576258617ef7194f718179e766d57bd4?s=96&d=mm&r=g","caption":"Adriana Costa"}}]}},"_links":{"self":[{"href":"https:\/\/www.manaus.am.gov.br\/semtepi\/wp-json\/wp\/v2\/posts\/4102"}],"collection":[{"href":"https:\/\/www.manaus.am.gov.br\/semtepi\/wp-json\/wp\/v2\/posts"}],"about":[{"href":"https:\/\/www.manaus.am.gov.br\/semtepi\/wp-json\/wp\/v2\/types\/post"}],"author":[{"embeddable":true,"href":"https:\/\/www.manaus.am.gov.br\/semtepi\/wp-json\/wp\/v2\/users\/23"}],"replies":[{"embeddable":true,"href":"https:\/\/www.manaus.am.gov.br\/semtepi\/wp-json\/wp\/v2\/comments?post=4102"}],"version-history":[{"count":0,"href":"https:\/\/www.manaus.am.gov.br\/semtepi\/wp-json\/wp\/v2\/posts\/4102\/revisions"}],"wp:featuredmedia":[{"embeddable":true,"href":"https:\/\/www.manaus.am.gov.br\/semtepi\/wp-json\/wp\/v2\/media\/4103"}],"wp:attachment":[{"href":"https:\/\/www.manaus.am.gov.br\/semtepi\/wp-json\/wp\/v2\/media?parent=4102"}],"wp:term":[{"taxonomy":"category","embeddable":true,"href":"https:\/\/www.manaus.am.gov.br\/semtepi\/wp-json\/wp\/v2\/categories?post=4102"},{"taxonomy":"post_tag","embeddable":true,"href":"https:\/\/www.manaus.am.gov.br\/semtepi\/wp-json\/wp\/v2\/tags?post=4102"}],"curies":[{"name":"wp","href":"https:\/\/api.w.org\/{rel}","templated":true}]}}