{"id":4093,"date":"2024-02-08T09:07:44","date_gmt":"2024-02-08T13:07:44","guid":{"rendered":"https:\/\/www.manaus.am.gov.br\/semtepi\/sem-categoria\/prefeitura-de-manaus-abre-inscricoes-do-empretec-para-empreendedores\/"},"modified":"2024-02-08T09:07:46","modified_gmt":"2024-02-08T13:07:46","slug":"prefeitura-de-manaus-abre-inscricoes-do-empretec-para-empreendedores","status":"publish","type":"post","link":"https:\/\/www.manaus.am.gov.br\/semtepi\/curso\/prefeitura-de-manaus-abre-inscricoes-do-empretec-para-empreendedores\/","title":{"rendered":"Prefeitura de Manaus abre inscri\u00e7\u00f5es do Empretec para empreendedores"},"content":{"rendered":"\n<p>A Prefeitura de Manaus, por meio da Secretaria Municipal do Trabalho, Empreendedorismo e Inova\u00e7\u00e3o (Semtepi), abre, nesta quinta-feira, 8\/2, as inscri\u00e7\u00f5es para o programa Empretec, com a oferta de 30 vagas para empreendedores de toda a cidade. O curso vai acontecer no Casar\u00e3o da Inova\u00e7\u00e3o Cassina, localizado no centro hist\u00f3rico da capital.<\/p>\n\n\n\n<p>Com recursos do Fundo Municipal de Empreendedorismo e Inova\u00e7\u00e3o (Fumipeq) e execu\u00e7\u00e3o do Servi\u00e7o Brasileiro de Apoio \u00e0s Micro e Pequenas Empresas (Sebrae), o programa tem como objetivo aprimorar as capacidades dos empreendedores, por meio de uma metodologia exclusiva, criada pela Organiza\u00e7\u00e3o das Na\u00e7\u00f5es Unidas (ONU), al\u00e9m de auxiliar os participantes a identificar novas e promissoras oportunidades de neg\u00f3cio.<\/p>\n\n\n\n<p>\u201cEssa \u00e9 mais uma oportunidade que a Prefeitura de Manaus concede aos empreendedores para promover conhecimento, aprendizado e muita experi\u00eancia. Por ter forte influ\u00eancia na regi\u00e3o, a cultura empreendedora precisa ser impulsionada, por isso, nossa miss\u00e3o para este ano \u00e9 garantir mais capacita\u00e7\u00e3o e&nbsp;<em>networking<\/em>\u201d, destacou o secret\u00e1rio da Semtepi, Radyr J\u00fanior.<\/p>\n\n\n\n<p>As inscri\u00e7\u00f5es estar\u00e3o abertas at\u00e9 as 17h desta quinta-feira, 8\/2, e os interessados em participar devem acessar o link:&nbsp;<a href=\"https:\/\/bitly.ws\/3csbK\" target=\"_blank\" rel=\"noreferrer noopener\">https:\/\/bitly.ws\/3csbK<\/a>. As aulas v\u00e3o acontecer de 4 a 9 de mar\u00e7o, das 8h \u00e0s 17h, com 60 horas de imers\u00e3o, distribu\u00eddas em seis dias de semin\u00e1rio, quando os participantes ser\u00e3o desafiados, em atividades pr\u00e1ticas, a desenvolverem e aprimorarem as caracter\u00edsticas de comportamento empreendedor.<\/p>\n\n\n\n<p>Ao todo, ser\u00e3o trabalhadas dez caracter\u00edsticas do empreendedor: &nbsp;Busca de oportunidade e iniciativa; Persist\u00eancia; Correr riscos calculados; Exig\u00eancia de qualidade e efici\u00eancia; Comprometimento; &nbsp;Busca de informa\u00e7\u00f5es; Estabelecimento de metas; Planejamento e monitoramento sistem\u00e1ticos; Persuas\u00e3o e rede de contatos; Independ\u00eancia e autoconfian\u00e7a.<\/p>\n\n\n\n<p>&nbsp;&#8212; &#8212; &#8212;<\/p>\n\n\n\n<p><strong>Texto \u2013&nbsp;<\/strong>Fabiane Monteiro \/ Semtepi<\/p>\n\n\n\n<p><strong>Fotos \u2013&nbsp;<\/strong>Rafael Gama \/ Semtepi<\/p>\n","protected":false},"excerpt":{"rendered":"","protected":false},"author":23,"featured_media":4094,"comment_status":"closed","ping_status":"closed","sticky":false,"template":"","format":"standard","meta":{"footnotes":""},"categories":[263],"tags":[367,252,953,8,9],"acf":[],"yoast_head":"<!-- This site is optimized with the Yoast SEO plugin v23.0 - https:\/\/yoast.com\/wordpress\/plugins\/seo\/ -->\n<title>Prefeitura de Manaus abre inscri\u00e7\u00f5es do Empretec para empreendedores<\/title>\n<meta name=\"description\" content=\"A Prefeitura de Manaus, por meio da Secretaria Municipal do Trabalho, Empreendedorismo e Inova\u00e7\u00e3o (Semtepi), abre, nesta quinta-feira, 8\/2, as inscri\u00e7\u00f5es para o programa Empretec, com a oferta de 30 vagas para empreendedores de toda a cidade. O curso vai acontecer no Casar\u00e3o da Inova\u00e7\u00e3o Cassina, localizado no centro hist\u00f3rico da capital.\" \/>\n<meta name=\"robots\" content=\"noindex, follow\" \/>\n<meta property=\"og:locale\" content=\"pt_BR\" \/>\n<meta property=\"og:type\" content=\"article\" \/>\n<meta property=\"og:title\" content=\"Prefeitura de Manaus abre inscri\u00e7\u00f5es do Empretec para empreendedores\" \/>\n<meta property=\"og:description\" content=\"A Prefeitura de Manaus, por meio da Secretaria Municipal do Trabalho, Empreendedorismo e Inova\u00e7\u00e3o (Semtepi), abre, nesta quinta-feira, 8\/2, as inscri\u00e7\u00f5es para o programa Empretec, com a oferta de 30 vagas para empreendedores de toda a cidade. O curso vai acontecer no Casar\u00e3o da Inova\u00e7\u00e3o Cassina, localizado no centro hist\u00f3rico da capital.\" \/>\n<meta property=\"og:url\" content=\"https:\/\/www.manaus.am.gov.br\/semtepi\/curso\/prefeitura-de-manaus-abre-inscricoes-do-empretec-para-empreendedores\/\" \/>\n<meta property=\"og:site_name\" content=\"SEMTEPI\" \/>\n<meta property=\"article:published_time\" content=\"2024-02-08T13:07:44+00:00\" \/>\n<meta property=\"article:modified_time\" content=\"2024-02-08T13:07:46+00:00\" \/>\n<meta property=\"og:image\" content=\"https:\/\/www.manaus.am.gov.br\/semtepi\/wp-content\/uploads\/sites\/20\/2024\/02\/Foto-1.jpeg\" \/>\n\t<meta property=\"og:image:width\" content=\"2080\" \/>\n\t<meta property=\"og:image:height\" content=\"1387\" \/>\n\t<meta property=\"og:image:type\" content=\"image\/jpeg\" \/>\n<meta name=\"author\" content=\"Adriana Costa\" \/>\n<meta name=\"twitter:card\" content=\"summary_large_image\" \/>\n<meta name=\"twitter:label1\" content=\"Written by\" \/>\n\t<meta name=\"twitter:data1\" content=\"Adriana Costa\" \/>\n\t<meta name=\"twitter:label2\" content=\"Est. reading time\" \/>\n\t<meta name=\"twitter:data2\" content=\"2 minutos\" \/>\n<script type=\"application\/ld+json\" class=\"yoast-schema-graph\">{\"@context\":\"https:\/\/schema.org\",\"@graph\":[{\"@type\":\"Article\",\"@id\":\"https:\/\/www.manaus.am.gov.br\/semtepi\/curso\/prefeitura-de-manaus-abre-inscricoes-do-empretec-para-empreendedores\/#article\",\"isPartOf\":{\"@id\":\"https:\/\/www.manaus.am.gov.br\/semtepi\/curso\/prefeitura-de-manaus-abre-inscricoes-do-empretec-para-empreendedores\/\"},\"author\":{\"name\":\"Adriana Costa\",\"@id\":\"https:\/\/www.manaus.am.gov.br\/semtepi\/#\/schema\/person\/4e49f4e267757a06ca072ec61b2b9968\"},\"headline\":\"Prefeitura de Manaus abre inscri\u00e7\u00f5es do Empretec para empreendedores\",\"datePublished\":\"2024-02-08T13:07:44+00:00\",\"dateModified\":\"2024-02-08T13:07:46+00:00\",\"mainEntityOfPage\":{\"@id\":\"https:\/\/www.manaus.am.gov.br\/semtepi\/curso\/prefeitura-de-manaus-abre-inscricoes-do-empretec-para-empreendedores\/\"},\"wordCount\":328,\"publisher\":{\"@id\":\"https:\/\/www.manaus.am.gov.br\/semtepi\/#organization\"},\"image\":{\"@id\":\"https:\/\/www.manaus.am.gov.br\/semtepi\/curso\/prefeitura-de-manaus-abre-inscricoes-do-empretec-para-empreendedores\/#primaryimage\"},\"thumbnailUrl\":\"https:\/\/www.manaus.am.gov.br\/semtepi\/wp-content\/uploads\/sites\/20\/2024\/02\/Foto-1.jpeg\",\"keywords\":[\"cassina\",\"curso\",\"Empretec\",\"prefeitura de manaus\",\"Semtepi\"],\"articleSection\":[\"Curso\"],\"inLanguage\":\"pt-BR\"},{\"@type\":\"WebPage\",\"@id\":\"https:\/\/www.manaus.am.gov.br\/semtepi\/curso\/prefeitura-de-manaus-abre-inscricoes-do-empretec-para-empreendedores\/\",\"url\":\"https:\/\/www.manaus.am.gov.br\/semtepi\/curso\/prefeitura-de-manaus-abre-inscricoes-do-empretec-para-empreendedores\/\",\"name\":\"Prefeitura de Manaus abre inscri\u00e7\u00f5es do Empretec para empreendedores\",\"isPartOf\":{\"@id\":\"https:\/\/www.manaus.am.gov.br\/semtepi\/#website\"},\"primaryImageOfPage\":{\"@id\":\"https:\/\/www.manaus.am.gov.br\/semtepi\/curso\/prefeitura-de-manaus-abre-inscricoes-do-empretec-para-empreendedores\/#primaryimage\"},\"image\":{\"@id\":\"https:\/\/www.manaus.am.gov.br\/semtepi\/curso\/prefeitura-de-manaus-abre-inscricoes-do-empretec-para-empreendedores\/#primaryimage\"},\"thumbnailUrl\":\"https:\/\/www.manaus.am.gov.br\/semtepi\/wp-content\/uploads\/sites\/20\/2024\/02\/Foto-1.jpeg\",\"datePublished\":\"2024-02-08T13:07:44+00:00\",\"dateModified\":\"2024-02-08T13:07:46+00:00\",\"description\":\"A Prefeitura de Manaus, por meio da Secretaria Municipal do Trabalho, Empreendedorismo e Inova\u00e7\u00e3o (Semtepi), abre, nesta quinta-feira, 8\/2, as inscri\u00e7\u00f5es para o programa Empretec, com a oferta de 30 vagas para empreendedores de toda a cidade. O curso vai acontecer no Casar\u00e3o da Inova\u00e7\u00e3o Cassina, localizado no centro hist\u00f3rico da capital.\",\"breadcrumb\":{\"@id\":\"https:\/\/www.manaus.am.gov.br\/semtepi\/curso\/prefeitura-de-manaus-abre-inscricoes-do-empretec-para-empreendedores\/#breadcrumb\"},\"inLanguage\":\"pt-BR\",\"potentialAction\":[{\"@type\":\"ReadAction\",\"target\":[\"https:\/\/www.manaus.am.gov.br\/semtepi\/curso\/prefeitura-de-manaus-abre-inscricoes-do-empretec-para-empreendedores\/\"]}]},{\"@type\":\"ImageObject\",\"inLanguage\":\"pt-BR\",\"@id\":\"https:\/\/www.manaus.am.gov.br\/semtepi\/curso\/prefeitura-de-manaus-abre-inscricoes-do-empretec-para-empreendedores\/#primaryimage\",\"url\":\"https:\/\/www.manaus.am.gov.br\/semtepi\/wp-content\/uploads\/sites\/20\/2024\/02\/Foto-1.jpeg\",\"contentUrl\":\"https:\/\/www.manaus.am.gov.br\/semtepi\/wp-content\/uploads\/sites\/20\/2024\/02\/Foto-1.jpeg\",\"width\":2080,\"height\":1387},{\"@type\":\"BreadcrumbList\",\"@id\":\"https:\/\/www.manaus.am.gov.br\/semtepi\/curso\/prefeitura-de-manaus-abre-inscricoes-do-empretec-para-empreendedores\/#breadcrumb\",\"itemListElement\":[{\"@type\":\"ListItem\",\"position\":1,\"name\":\"Home\",\"item\":\"https:\/\/www.manaus.am.gov.br\/semtepi\/\"},{\"@type\":\"ListItem\",\"position\":2,\"name\":\"Prefeitura de Manaus abre inscri\u00e7\u00f5es do Empretec para empreendedores\"}]},{\"@type\":\"WebSite\",\"@id\":\"https:\/\/www.manaus.am.gov.br\/semtepi\/#website\",\"url\":\"https:\/\/www.manaus.am.gov.br\/semtepi\/\",\"name\":\"SEMTEPI\",\"description\":\"Prefeitura de Manaus\",\"publisher\":{\"@id\":\"https:\/\/www.manaus.am.gov.br\/semtepi\/#organization\"},\"alternateName\":\"Secretaria Municipal do Trabalho, Empreendedorismo e Inova\u00e7\u00e3o\",\"potentialAction\":[{\"@type\":\"SearchAction\",\"target\":{\"@type\":\"EntryPoint\",\"urlTemplate\":\"https:\/\/www.manaus.am.gov.br\/semtepi\/?s={search_term_string}\"},\"query-input\":\"required name=search_term_string\"}],\"inLanguage\":\"pt-BR\"},{\"@type\":\"Organization\",\"@id\":\"https:\/\/www.manaus.am.gov.br\/semtepi\/#organization\",\"name\":\"Prefeitura Municipal de Manaus\",\"alternateName\":\"Prefeitura de Manaus\",\"url\":\"https:\/\/www.manaus.am.gov.br\/semtepi\/\",\"logo\":{\"@type\":\"ImageObject\",\"inLanguage\":\"pt-BR\",\"@id\":\"https:\/\/www.manaus.am.gov.br\/semtepi\/#\/schema\/logo\/image\/\",\"url\":\"https:\/\/www.manaus.am.gov.br\/semtepi\/wp-content\/uploads\/sites\/20\/2024\/07\/favicon.png\",\"contentUrl\":\"https:\/\/www.manaus.am.gov.br\/semtepi\/wp-content\/uploads\/sites\/20\/2024\/07\/favicon.png\",\"width\":300,\"height\":300,\"caption\":\"Prefeitura Municipal de Manaus\"},\"image\":{\"@id\":\"https:\/\/www.manaus.am.gov.br\/semtepi\/#\/schema\/logo\/image\/\"}},{\"@type\":\"Person\",\"@id\":\"https:\/\/www.manaus.am.gov.br\/semtepi\/#\/schema\/person\/4e49f4e267757a06ca072ec61b2b9968\",\"name\":\"Adriana Costa\",\"image\":{\"@type\":\"ImageObject\",\"inLanguage\":\"pt-BR\",\"@id\":\"https:\/\/www.manaus.am.gov.br\/semtepi\/#\/schema\/person\/image\/\",\"url\":\"https:\/\/secure.gravatar.com\/avatar\/576258617ef7194f718179e766d57bd4?s=96&d=mm&r=g\",\"contentUrl\":\"https:\/\/secure.gravatar.com\/avatar\/576258617ef7194f718179e766d57bd4?s=96&d=mm&r=g\",\"caption\":\"Adriana Costa\"}}]}<\/script>\n<!-- \/ Yoast SEO plugin. -->","yoast_head_json":{"title":"Prefeitura de Manaus abre inscri\u00e7\u00f5es do Empretec para empreendedores","description":"A Prefeitura de Manaus, por meio da Secretaria Municipal do Trabalho, Empreendedorismo e Inova\u00e7\u00e3o (Semtepi), abre, nesta quinta-feira, 8\/2, as inscri\u00e7\u00f5es para o programa Empretec, com a oferta de 30 vagas para empreendedores de toda a cidade. O curso vai acontecer no Casar\u00e3o da Inova\u00e7\u00e3o Cassina, localizado no centro hist\u00f3rico da capital.","robots":{"index":"noindex","follow":"follow"},"og_locale":"pt_BR","og_type":"article","og_title":"Prefeitura de Manaus abre inscri\u00e7\u00f5es do Empretec para empreendedores","og_description":"A Prefeitura de Manaus, por meio da Secretaria Municipal do Trabalho, Empreendedorismo e Inova\u00e7\u00e3o (Semtepi), abre, nesta quinta-feira, 8\/2, as inscri\u00e7\u00f5es para o programa Empretec, com a oferta de 30 vagas para empreendedores de toda a cidade. O curso vai acontecer no Casar\u00e3o da Inova\u00e7\u00e3o Cassina, localizado no centro hist\u00f3rico da capital.","og_url":"https:\/\/www.manaus.am.gov.br\/semtepi\/curso\/prefeitura-de-manaus-abre-inscricoes-do-empretec-para-empreendedores\/","og_site_name":"SEMTEPI","article_published_time":"2024-02-08T13:07:44+00:00","article_modified_time":"2024-02-08T13:07:46+00:00","og_image":[{"width":2080,"height":1387,"url":"https:\/\/www.manaus.am.gov.br\/semtepi\/wp-content\/uploads\/sites\/20\/2024\/02\/Foto-1.jpeg","type":"image\/jpeg"}],"author":"Adriana Costa","twitter_card":"summary_large_image","twitter_misc":{"Written by":"Adriana Costa","Est. reading time":"2 minutos"},"schema":{"@context":"https:\/\/schema.org","@graph":[{"@type":"Article","@id":"https:\/\/www.manaus.am.gov.br\/semtepi\/curso\/prefeitura-de-manaus-abre-inscricoes-do-empretec-para-empreendedores\/#article","isPartOf":{"@id":"https:\/\/www.manaus.am.gov.br\/semtepi\/curso\/prefeitura-de-manaus-abre-inscricoes-do-empretec-para-empreendedores\/"},"author":{"name":"Adriana Costa","@id":"https:\/\/www.manaus.am.gov.br\/semtepi\/#\/schema\/person\/4e49f4e267757a06ca072ec61b2b9968"},"headline":"Prefeitura de Manaus abre inscri\u00e7\u00f5es do Empretec para empreendedores","datePublished":"2024-02-08T13:07:44+00:00","dateModified":"2024-02-08T13:07:46+00:00","mainEntityOfPage":{"@id":"https:\/\/www.manaus.am.gov.br\/semtepi\/curso\/prefeitura-de-manaus-abre-inscricoes-do-empretec-para-empreendedores\/"},"wordCount":328,"publisher":{"@id":"https:\/\/www.manaus.am.gov.br\/semtepi\/#organization"},"image":{"@id":"https:\/\/www.manaus.am.gov.br\/semtepi\/curso\/prefeitura-de-manaus-abre-inscricoes-do-empretec-para-empreendedores\/#primaryimage"},"thumbnailUrl":"https:\/\/www.manaus.am.gov.br\/semtepi\/wp-content\/uploads\/sites\/20\/2024\/02\/Foto-1.jpeg","keywords":["cassina","curso","Empretec","prefeitura de manaus","Semtepi"],"articleSection":["Curso"],"inLanguage":"pt-BR"},{"@type":"WebPage","@id":"https:\/\/www.manaus.am.gov.br\/semtepi\/curso\/prefeitura-de-manaus-abre-inscricoes-do-empretec-para-empreendedores\/","url":"https:\/\/www.manaus.am.gov.br\/semtepi\/curso\/prefeitura-de-manaus-abre-inscricoes-do-empretec-para-empreendedores\/","name":"Prefeitura de Manaus abre inscri\u00e7\u00f5es do Empretec para empreendedores","isPartOf":{"@id":"https:\/\/www.manaus.am.gov.br\/semtepi\/#website"},"primaryImageOfPage":{"@id":"https:\/\/www.manaus.am.gov.br\/semtepi\/curso\/prefeitura-de-manaus-abre-inscricoes-do-empretec-para-empreendedores\/#primaryimage"},"image":{"@id":"https:\/\/www.manaus.am.gov.br\/semtepi\/curso\/prefeitura-de-manaus-abre-inscricoes-do-empretec-para-empreendedores\/#primaryimage"},"thumbnailUrl":"https:\/\/www.manaus.am.gov.br\/semtepi\/wp-content\/uploads\/sites\/20\/2024\/02\/Foto-1.jpeg","datePublished":"2024-02-08T13:07:44+00:00","dateModified":"2024-02-08T13:07:46+00:00","description":"A Prefeitura de Manaus, por meio da Secretaria Municipal do Trabalho, Empreendedorismo e Inova\u00e7\u00e3o (Semtepi), abre, nesta quinta-feira, 8\/2, as inscri\u00e7\u00f5es para o programa Empretec, com a oferta de 30 vagas para empreendedores de toda a cidade. O curso vai acontecer no Casar\u00e3o da Inova\u00e7\u00e3o Cassina, localizado no centro hist\u00f3rico da capital.","breadcrumb":{"@id":"https:\/\/www.manaus.am.gov.br\/semtepi\/curso\/prefeitura-de-manaus-abre-inscricoes-do-empretec-para-empreendedores\/#breadcrumb"},"inLanguage":"pt-BR","potentialAction":[{"@type":"ReadAction","target":["https:\/\/www.manaus.am.gov.br\/semtepi\/curso\/prefeitura-de-manaus-abre-inscricoes-do-empretec-para-empreendedores\/"]}]},{"@type":"ImageObject","inLanguage":"pt-BR","@id":"https:\/\/www.manaus.am.gov.br\/semtepi\/curso\/prefeitura-de-manaus-abre-inscricoes-do-empretec-para-empreendedores\/#primaryimage","url":"https:\/\/www.manaus.am.gov.br\/semtepi\/wp-content\/uploads\/sites\/20\/2024\/02\/Foto-1.jpeg","contentUrl":"https:\/\/www.manaus.am.gov.br\/semtepi\/wp-content\/uploads\/sites\/20\/2024\/02\/Foto-1.jpeg","width":2080,"height":1387},{"@type":"BreadcrumbList","@id":"https:\/\/www.manaus.am.gov.br\/semtepi\/curso\/prefeitura-de-manaus-abre-inscricoes-do-empretec-para-empreendedores\/#breadcrumb","itemListElement":[{"@type":"ListItem","position":1,"name":"Home","item":"https:\/\/www.manaus.am.gov.br\/semtepi\/"},{"@type":"ListItem","position":2,"name":"Prefeitura de Manaus abre inscri\u00e7\u00f5es do Empretec para empreendedores"}]},{"@type":"WebSite","@id":"https:\/\/www.manaus.am.gov.br\/semtepi\/#website","url":"https:\/\/www.manaus.am.gov.br\/semtepi\/","name":"SEMTEPI","description":"Prefeitura de Manaus","publisher":{"@id":"https:\/\/www.manaus.am.gov.br\/semtepi\/#organization"},"alternateName":"Secretaria Municipal do Trabalho, Empreendedorismo e Inova\u00e7\u00e3o","potentialAction":[{"@type":"SearchAction","target":{"@type":"EntryPoint","urlTemplate":"https:\/\/www.manaus.am.gov.br\/semtepi\/?s={search_term_string}"},"query-input":"required name=search_term_string"}],"inLanguage":"pt-BR"},{"@type":"Organization","@id":"https:\/\/www.manaus.am.gov.br\/semtepi\/#organization","name":"Prefeitura Municipal de Manaus","alternateName":"Prefeitura de Manaus","url":"https:\/\/www.manaus.am.gov.br\/semtepi\/","logo":{"@type":"ImageObject","inLanguage":"pt-BR","@id":"https:\/\/www.manaus.am.gov.br\/semtepi\/#\/schema\/logo\/image\/","url":"https:\/\/www.manaus.am.gov.br\/semtepi\/wp-content\/uploads\/sites\/20\/2024\/07\/favicon.png","contentUrl":"https:\/\/www.manaus.am.gov.br\/semtepi\/wp-content\/uploads\/sites\/20\/2024\/07\/favicon.png","width":300,"height":300,"caption":"Prefeitura Municipal de Manaus"},"image":{"@id":"https:\/\/www.manaus.am.gov.br\/semtepi\/#\/schema\/logo\/image\/"}},{"@type":"Person","@id":"https:\/\/www.manaus.am.gov.br\/semtepi\/#\/schema\/person\/4e49f4e267757a06ca072ec61b2b9968","name":"Adriana Costa","image":{"@type":"ImageObject","inLanguage":"pt-BR","@id":"https:\/\/www.manaus.am.gov.br\/semtepi\/#\/schema\/person\/image\/","url":"https:\/\/secure.gravatar.com\/avatar\/576258617ef7194f718179e766d57bd4?s=96&d=mm&r=g","contentUrl":"https:\/\/secure.gravatar.com\/avatar\/576258617ef7194f718179e766d57bd4?s=96&d=mm&r=g","caption":"Adriana Costa"}}]}},"_links":{"self":[{"href":"https:\/\/www.manaus.am.gov.br\/semtepi\/wp-json\/wp\/v2\/posts\/4093"}],"collection":[{"href":"https:\/\/www.manaus.am.gov.br\/semtepi\/wp-json\/wp\/v2\/posts"}],"about":[{"href":"https:\/\/www.manaus.am.gov.br\/semtepi\/wp-json\/wp\/v2\/types\/post"}],"author":[{"embeddable":true,"href":"https:\/\/www.manaus.am.gov.br\/semtepi\/wp-json\/wp\/v2\/users\/23"}],"replies":[{"embeddable":true,"href":"https:\/\/www.manaus.am.gov.br\/semtepi\/wp-json\/wp\/v2\/comments?post=4093"}],"version-history":[{"count":0,"href":"https:\/\/www.manaus.am.gov.br\/semtepi\/wp-json\/wp\/v2\/posts\/4093\/revisions"}],"wp:featuredmedia":[{"embeddable":true,"href":"https:\/\/www.manaus.am.gov.br\/semtepi\/wp-json\/wp\/v2\/media\/4094"}],"wp:attachment":[{"href":"https:\/\/www.manaus.am.gov.br\/semtepi\/wp-json\/wp\/v2\/media?parent=4093"}],"wp:term":[{"taxonomy":"category","embeddable":true,"href":"https:\/\/www.manaus.am.gov.br\/semtepi\/wp-json\/wp\/v2\/categories?post=4093"},{"taxonomy":"post_tag","embeddable":true,"href":"https:\/\/www.manaus.am.gov.br\/semtepi\/wp-json\/wp\/v2\/tags?post=4093"}],"curies":[{"name":"wp","href":"https:\/\/api.w.org\/{rel}","templated":true}]}}