{"id":4090,"date":"2024-02-07T16:43:35","date_gmt":"2024-02-07T20:43:35","guid":{"rendered":"https:\/\/www.manaus.am.gov.br\/semtepi\/sem-categoria\/carnaval-kids-complexo-turistico\/"},"modified":"2024-02-07T16:46:53","modified_gmt":"2024-02-07T20:46:53","slug":"carnaval-kids-complexo-turistico","status":"publish","type":"post","link":"https:\/\/www.manaus.am.gov.br\/semtepi\/carnaval\/carnaval-kids-complexo-turistico\/","title":{"rendered":"Prefeitura de Manaus promove Carnaval Kids na feira de artesanato da Ponta Negra"},"content":{"rendered":"\n<p>A Prefeitura de Manaus, por meio da Secretaria Municipal do Trabalho, Empreendedorismo e Inova\u00e7\u00e3o (Semtepi), promove, neste domingo, 11\/2, no complexo tur\u00edstico Ponta Negra, zona Oeste da cidade, o Carnaval Kids. Localizado \u00e0s margens do rio Negro, o famoso \u2018cal\u00e7ad\u00e3o\u2019 do complexo tur\u00edstico, que tamb\u00e9m abriga a feira de artesanato, vai receber as bandas Di Bubuia e o grupo Contatos Imediatos, como parte da programa\u00e7\u00e3o especial de Carnaval.<\/p>\n\n\n\n<p>\u201cEste \u00e9 o segundo Carnaval Kids organizado pela Prefeitura de Manaus, oferecendo uma oportunidade \u00fanica para as crian\u00e7as se divertirem. Se voc\u00ea esteve presente no primeiro evento, sabe que pode esperar muita folia e m\u00fasica neste domingo. N\u00e3o deixe de convidar a fam\u00edlia e os amigos para participarem deste momento especial\u201d, convida o secret\u00e1rio da Semtepi, Radyr J\u00fanior.<\/p>\n\n\n\n<p>O evento vai acontecer na sa\u00edda do estacionamento recuado, em frente \u00e0 feira de artesanato da Semtepi. Al\u00e9m disso, a programa\u00e7\u00e3o vai oferecer pintura facial, brincadeiras com bal\u00f5es e outras atividades l\u00fadicas. H\u00e1 18 anos na trajet\u00f3ria musical, a banda Di Bubuia se apresentar\u00e1 \u00e0s 18h com m\u00fasicas carnavalescas exclusivas para os pequenos foli\u00f5es.<\/p>\n\n\n\n<p>\u201c\u00c9 de grande import\u00e2ncia o esfor\u00e7o da prefeitura em buscar uma banda dedicada exclusivamente ao entretenimento infantil, nossa miss\u00e3o \u00e9 proporcionar m\u00fasica de qualidade para crian\u00e7as, com letras educativas. Essa iniciativa ressalta o compromisso em promover um ambiente saud\u00e1vel e enriquecedor para os pequenos durante o Carnaval\u201d, explica a vocalista da banda, Milena di Castro.<\/p>\n\n\n\n<p>Na sequ\u00eancia de shows, o grupo Contatos Imediatos subir\u00e1 ao palco trazendo ritmos que v\u00e3o desde marchinhas antigas at\u00e9 os enredos das mais tradicionais escolas de samba de todo o Brasil. Durante os intervalos, o DJ Camilo Cruz vai agitar a noite dos manauaras com os melhores remixes das m\u00fasicas de grandes sucessos.<\/p>\n\n\n\n<p><strong>Estrat\u00e9gia<\/strong><\/p>\n\n\n\n<p>Com a participa\u00e7\u00e3o de 80 artes\u00e3os, divididos em 40 barracas, a feira tem como objetivo impulsionar a economia local, utilizando espa\u00e7os estrat\u00e9gicos, valorizando o trabalho da economia solid\u00e1ria e criativa, gerando renda para os expositores e fortalecendo o v\u00ednculo da Prefeitura de Manaus com o empreendedor.<\/p>\n\n\n\n<p><strong>\u2014- \u2014 \u2014<\/strong><\/p>\n\n\n\n<p><strong>Texto \u2013 <\/strong>Fabiane Monteiro \/ Semtepi<\/p>\n\n\n\n<p><strong>Fotos \u2013 <\/strong>Rafael Gama \/ Semtepi<\/p>\n","protected":false},"excerpt":{"rendered":"","protected":false},"author":68,"featured_media":4091,"comment_status":"closed","ping_status":"closed","sticky":false,"template":"","format":"standard","meta":{"footnotes":""},"categories":[952],"tags":[940,452,743,9],"acf":[],"yoast_head":"<!-- This site is optimized with the Yoast SEO plugin v23.0 - https:\/\/yoast.com\/wordpress\/plugins\/seo\/ -->\n<title>Prefeitura de Manaus promove Carnaval Kids na Ponta Negra<\/title>\n<meta name=\"description\" content=\"A Prefeitura de Manaus, promove na Ponta Negra, o Carnaval Kids. O espa\u00e7o vai receber as bandas Di Bubuia e o grupo Contatos Imediatos.\" \/>\n<meta name=\"robots\" content=\"noindex, follow\" \/>\n<meta property=\"og:locale\" content=\"pt_BR\" \/>\n<meta property=\"og:type\" content=\"article\" \/>\n<meta property=\"og:title\" content=\"Prefeitura de Manaus promove Carnaval Kids na Ponta Negra\" \/>\n<meta property=\"og:description\" content=\"A Prefeitura de Manaus, promove na Ponta Negra, o Carnaval Kids. O espa\u00e7o vai receber as bandas Di Bubuia e o grupo Contatos Imediatos.\" \/>\n<meta property=\"og:url\" content=\"https:\/\/www.manaus.am.gov.br\/semtepi\/carnaval\/carnaval-kids-complexo-turistico\/\" \/>\n<meta property=\"og:site_name\" content=\"SEMTEPI\" \/>\n<meta property=\"article:published_time\" content=\"2024-02-07T20:43:35+00:00\" \/>\n<meta property=\"article:modified_time\" content=\"2024-02-07T20:46:53+00:00\" \/>\n<meta property=\"og:image\" content=\"https:\/\/www.manaus.am.gov.br\/semtepi\/wp-content\/uploads\/sites\/20\/2024\/02\/Carnaval-Kids-2-1024x683.jpg\" \/>\n\t<meta property=\"og:image:width\" content=\"1024\" \/>\n\t<meta property=\"og:image:height\" content=\"683\" \/>\n\t<meta property=\"og:image:type\" content=\"image\/jpeg\" \/>\n<meta name=\"author\" content=\"bvalente\" \/>\n<meta name=\"twitter:card\" content=\"summary_large_image\" \/>\n<meta name=\"twitter:label1\" content=\"Written by\" \/>\n\t<meta name=\"twitter:data1\" content=\"bvalente\" \/>\n\t<meta name=\"twitter:label2\" content=\"Est. reading time\" \/>\n\t<meta name=\"twitter:data2\" content=\"3 minutos\" \/>\n<script type=\"application\/ld+json\" class=\"yoast-schema-graph\">{\"@context\":\"https:\/\/schema.org\",\"@graph\":[{\"@type\":\"Article\",\"@id\":\"https:\/\/www.manaus.am.gov.br\/semtepi\/carnaval\/carnaval-kids-complexo-turistico\/#article\",\"isPartOf\":{\"@id\":\"https:\/\/www.manaus.am.gov.br\/semtepi\/carnaval\/carnaval-kids-complexo-turistico\/\"},\"author\":{\"name\":\"bvalente\",\"@id\":\"https:\/\/www.manaus.am.gov.br\/semtepi\/#\/schema\/person\/466a0e03ae4b6062809046bd560ac955\"},\"headline\":\"Prefeitura de Manaus promove Carnaval Kids na feira de artesanato da Ponta Negra\",\"datePublished\":\"2024-02-07T20:43:35+00:00\",\"dateModified\":\"2024-02-07T20:46:53+00:00\",\"mainEntityOfPage\":{\"@id\":\"https:\/\/www.manaus.am.gov.br\/semtepi\/carnaval\/carnaval-kids-complexo-turistico\/\"},\"wordCount\":386,\"publisher\":{\"@id\":\"https:\/\/www.manaus.am.gov.br\/semtepi\/#organization\"},\"image\":{\"@id\":\"https:\/\/www.manaus.am.gov.br\/semtepi\/carnaval\/carnaval-kids-complexo-turistico\/#primaryimage\"},\"thumbnailUrl\":\"https:\/\/www.manaus.am.gov.br\/semtepi\/wp-content\/uploads\/sites\/20\/2024\/02\/Carnaval-Kids-2.jpg\",\"keywords\":[\"Carnaval Kids\",\"complexo turistico Ponta Negra\",\"feira de artesanato\",\"Semtepi\"],\"articleSection\":[\"Carnaval\"],\"inLanguage\":\"pt-BR\"},{\"@type\":\"WebPage\",\"@id\":\"https:\/\/www.manaus.am.gov.br\/semtepi\/carnaval\/carnaval-kids-complexo-turistico\/\",\"url\":\"https:\/\/www.manaus.am.gov.br\/semtepi\/carnaval\/carnaval-kids-complexo-turistico\/\",\"name\":\"Prefeitura de Manaus promove Carnaval Kids na Ponta Negra\",\"isPartOf\":{\"@id\":\"https:\/\/www.manaus.am.gov.br\/semtepi\/#website\"},\"primaryImageOfPage\":{\"@id\":\"https:\/\/www.manaus.am.gov.br\/semtepi\/carnaval\/carnaval-kids-complexo-turistico\/#primaryimage\"},\"image\":{\"@id\":\"https:\/\/www.manaus.am.gov.br\/semtepi\/carnaval\/carnaval-kids-complexo-turistico\/#primaryimage\"},\"thumbnailUrl\":\"https:\/\/www.manaus.am.gov.br\/semtepi\/wp-content\/uploads\/sites\/20\/2024\/02\/Carnaval-Kids-2.jpg\",\"datePublished\":\"2024-02-07T20:43:35+00:00\",\"dateModified\":\"2024-02-07T20:46:53+00:00\",\"description\":\"A Prefeitura de Manaus, promove na Ponta Negra, o Carnaval Kids. O espa\u00e7o vai receber as bandas Di Bubuia e o grupo Contatos Imediatos.\",\"breadcrumb\":{\"@id\":\"https:\/\/www.manaus.am.gov.br\/semtepi\/carnaval\/carnaval-kids-complexo-turistico\/#breadcrumb\"},\"inLanguage\":\"pt-BR\",\"potentialAction\":[{\"@type\":\"ReadAction\",\"target\":[\"https:\/\/www.manaus.am.gov.br\/semtepi\/carnaval\/carnaval-kids-complexo-turistico\/\"]}]},{\"@type\":\"ImageObject\",\"inLanguage\":\"pt-BR\",\"@id\":\"https:\/\/www.manaus.am.gov.br\/semtepi\/carnaval\/carnaval-kids-complexo-turistico\/#primaryimage\",\"url\":\"https:\/\/www.manaus.am.gov.br\/semtepi\/wp-content\/uploads\/sites\/20\/2024\/02\/Carnaval-Kids-2.jpg\",\"contentUrl\":\"https:\/\/www.manaus.am.gov.br\/semtepi\/wp-content\/uploads\/sites\/20\/2024\/02\/Carnaval-Kids-2.jpg\",\"width\":2496,\"height\":1664},{\"@type\":\"BreadcrumbList\",\"@id\":\"https:\/\/www.manaus.am.gov.br\/semtepi\/carnaval\/carnaval-kids-complexo-turistico\/#breadcrumb\",\"itemListElement\":[{\"@type\":\"ListItem\",\"position\":1,\"name\":\"Home\",\"item\":\"https:\/\/www.manaus.am.gov.br\/semtepi\/\"},{\"@type\":\"ListItem\",\"position\":2,\"name\":\"Prefeitura de Manaus promove Carnaval Kids na feira de artesanato da Ponta Negra\"}]},{\"@type\":\"WebSite\",\"@id\":\"https:\/\/www.manaus.am.gov.br\/semtepi\/#website\",\"url\":\"https:\/\/www.manaus.am.gov.br\/semtepi\/\",\"name\":\"SEMTEPI\",\"description\":\"Prefeitura de Manaus\",\"publisher\":{\"@id\":\"https:\/\/www.manaus.am.gov.br\/semtepi\/#organization\"},\"alternateName\":\"Secretaria Municipal do Trabalho, Empreendedorismo e Inova\u00e7\u00e3o\",\"potentialAction\":[{\"@type\":\"SearchAction\",\"target\":{\"@type\":\"EntryPoint\",\"urlTemplate\":\"https:\/\/www.manaus.am.gov.br\/semtepi\/?s={search_term_string}\"},\"query-input\":\"required name=search_term_string\"}],\"inLanguage\":\"pt-BR\"},{\"@type\":\"Organization\",\"@id\":\"https:\/\/www.manaus.am.gov.br\/semtepi\/#organization\",\"name\":\"Prefeitura Municipal de Manaus\",\"alternateName\":\"Prefeitura de Manaus\",\"url\":\"https:\/\/www.manaus.am.gov.br\/semtepi\/\",\"logo\":{\"@type\":\"ImageObject\",\"inLanguage\":\"pt-BR\",\"@id\":\"https:\/\/www.manaus.am.gov.br\/semtepi\/#\/schema\/logo\/image\/\",\"url\":\"https:\/\/www.manaus.am.gov.br\/semtepi\/wp-content\/uploads\/sites\/20\/2024\/07\/favicon.png\",\"contentUrl\":\"https:\/\/www.manaus.am.gov.br\/semtepi\/wp-content\/uploads\/sites\/20\/2024\/07\/favicon.png\",\"width\":300,\"height\":300,\"caption\":\"Prefeitura Municipal de Manaus\"},\"image\":{\"@id\":\"https:\/\/www.manaus.am.gov.br\/semtepi\/#\/schema\/logo\/image\/\"}},{\"@type\":\"Person\",\"@id\":\"https:\/\/www.manaus.am.gov.br\/semtepi\/#\/schema\/person\/466a0e03ae4b6062809046bd560ac955\",\"name\":\"bvalente\",\"image\":{\"@type\":\"ImageObject\",\"inLanguage\":\"pt-BR\",\"@id\":\"https:\/\/www.manaus.am.gov.br\/semtepi\/#\/schema\/person\/image\/\",\"url\":\"https:\/\/secure.gravatar.com\/avatar\/3e69bc2b014bdad41adfec3a39de07d2?s=96&d=mm&r=g\",\"contentUrl\":\"https:\/\/secure.gravatar.com\/avatar\/3e69bc2b014bdad41adfec3a39de07d2?s=96&d=mm&r=g\",\"caption\":\"bvalente\"}}]}<\/script>\n<!-- \/ Yoast SEO plugin. -->","yoast_head_json":{"title":"Prefeitura de Manaus promove Carnaval Kids na Ponta Negra","description":"A Prefeitura de Manaus, promove na Ponta Negra, o Carnaval Kids. O espa\u00e7o vai receber as bandas Di Bubuia e o grupo Contatos Imediatos.","robots":{"index":"noindex","follow":"follow"},"og_locale":"pt_BR","og_type":"article","og_title":"Prefeitura de Manaus promove Carnaval Kids na Ponta Negra","og_description":"A Prefeitura de Manaus, promove na Ponta Negra, o Carnaval Kids. O espa\u00e7o vai receber as bandas Di Bubuia e o grupo Contatos Imediatos.","og_url":"https:\/\/www.manaus.am.gov.br\/semtepi\/carnaval\/carnaval-kids-complexo-turistico\/","og_site_name":"SEMTEPI","article_published_time":"2024-02-07T20:43:35+00:00","article_modified_time":"2024-02-07T20:46:53+00:00","og_image":[{"width":1024,"height":683,"url":"https:\/\/www.manaus.am.gov.br\/semtepi\/wp-content\/uploads\/sites\/20\/2024\/02\/Carnaval-Kids-2-1024x683.jpg","type":"image\/jpeg"}],"author":"bvalente","twitter_card":"summary_large_image","twitter_misc":{"Written by":"bvalente","Est. reading time":"3 minutos"},"schema":{"@context":"https:\/\/schema.org","@graph":[{"@type":"Article","@id":"https:\/\/www.manaus.am.gov.br\/semtepi\/carnaval\/carnaval-kids-complexo-turistico\/#article","isPartOf":{"@id":"https:\/\/www.manaus.am.gov.br\/semtepi\/carnaval\/carnaval-kids-complexo-turistico\/"},"author":{"name":"bvalente","@id":"https:\/\/www.manaus.am.gov.br\/semtepi\/#\/schema\/person\/466a0e03ae4b6062809046bd560ac955"},"headline":"Prefeitura de Manaus promove Carnaval Kids na feira de artesanato da Ponta Negra","datePublished":"2024-02-07T20:43:35+00:00","dateModified":"2024-02-07T20:46:53+00:00","mainEntityOfPage":{"@id":"https:\/\/www.manaus.am.gov.br\/semtepi\/carnaval\/carnaval-kids-complexo-turistico\/"},"wordCount":386,"publisher":{"@id":"https:\/\/www.manaus.am.gov.br\/semtepi\/#organization"},"image":{"@id":"https:\/\/www.manaus.am.gov.br\/semtepi\/carnaval\/carnaval-kids-complexo-turistico\/#primaryimage"},"thumbnailUrl":"https:\/\/www.manaus.am.gov.br\/semtepi\/wp-content\/uploads\/sites\/20\/2024\/02\/Carnaval-Kids-2.jpg","keywords":["Carnaval Kids","complexo turistico Ponta Negra","feira de artesanato","Semtepi"],"articleSection":["Carnaval"],"inLanguage":"pt-BR"},{"@type":"WebPage","@id":"https:\/\/www.manaus.am.gov.br\/semtepi\/carnaval\/carnaval-kids-complexo-turistico\/","url":"https:\/\/www.manaus.am.gov.br\/semtepi\/carnaval\/carnaval-kids-complexo-turistico\/","name":"Prefeitura de Manaus promove Carnaval Kids na Ponta Negra","isPartOf":{"@id":"https:\/\/www.manaus.am.gov.br\/semtepi\/#website"},"primaryImageOfPage":{"@id":"https:\/\/www.manaus.am.gov.br\/semtepi\/carnaval\/carnaval-kids-complexo-turistico\/#primaryimage"},"image":{"@id":"https:\/\/www.manaus.am.gov.br\/semtepi\/carnaval\/carnaval-kids-complexo-turistico\/#primaryimage"},"thumbnailUrl":"https:\/\/www.manaus.am.gov.br\/semtepi\/wp-content\/uploads\/sites\/20\/2024\/02\/Carnaval-Kids-2.jpg","datePublished":"2024-02-07T20:43:35+00:00","dateModified":"2024-02-07T20:46:53+00:00","description":"A Prefeitura de Manaus, promove na Ponta Negra, o Carnaval Kids. O espa\u00e7o vai receber as bandas Di Bubuia e o grupo Contatos Imediatos.","breadcrumb":{"@id":"https:\/\/www.manaus.am.gov.br\/semtepi\/carnaval\/carnaval-kids-complexo-turistico\/#breadcrumb"},"inLanguage":"pt-BR","potentialAction":[{"@type":"ReadAction","target":["https:\/\/www.manaus.am.gov.br\/semtepi\/carnaval\/carnaval-kids-complexo-turistico\/"]}]},{"@type":"ImageObject","inLanguage":"pt-BR","@id":"https:\/\/www.manaus.am.gov.br\/semtepi\/carnaval\/carnaval-kids-complexo-turistico\/#primaryimage","url":"https:\/\/www.manaus.am.gov.br\/semtepi\/wp-content\/uploads\/sites\/20\/2024\/02\/Carnaval-Kids-2.jpg","contentUrl":"https:\/\/www.manaus.am.gov.br\/semtepi\/wp-content\/uploads\/sites\/20\/2024\/02\/Carnaval-Kids-2.jpg","width":2496,"height":1664},{"@type":"BreadcrumbList","@id":"https:\/\/www.manaus.am.gov.br\/semtepi\/carnaval\/carnaval-kids-complexo-turistico\/#breadcrumb","itemListElement":[{"@type":"ListItem","position":1,"name":"Home","item":"https:\/\/www.manaus.am.gov.br\/semtepi\/"},{"@type":"ListItem","position":2,"name":"Prefeitura de Manaus promove Carnaval Kids na feira de artesanato da Ponta Negra"}]},{"@type":"WebSite","@id":"https:\/\/www.manaus.am.gov.br\/semtepi\/#website","url":"https:\/\/www.manaus.am.gov.br\/semtepi\/","name":"SEMTEPI","description":"Prefeitura de Manaus","publisher":{"@id":"https:\/\/www.manaus.am.gov.br\/semtepi\/#organization"},"alternateName":"Secretaria Municipal do Trabalho, Empreendedorismo e Inova\u00e7\u00e3o","potentialAction":[{"@type":"SearchAction","target":{"@type":"EntryPoint","urlTemplate":"https:\/\/www.manaus.am.gov.br\/semtepi\/?s={search_term_string}"},"query-input":"required name=search_term_string"}],"inLanguage":"pt-BR"},{"@type":"Organization","@id":"https:\/\/www.manaus.am.gov.br\/semtepi\/#organization","name":"Prefeitura Municipal de Manaus","alternateName":"Prefeitura de Manaus","url":"https:\/\/www.manaus.am.gov.br\/semtepi\/","logo":{"@type":"ImageObject","inLanguage":"pt-BR","@id":"https:\/\/www.manaus.am.gov.br\/semtepi\/#\/schema\/logo\/image\/","url":"https:\/\/www.manaus.am.gov.br\/semtepi\/wp-content\/uploads\/sites\/20\/2024\/07\/favicon.png","contentUrl":"https:\/\/www.manaus.am.gov.br\/semtepi\/wp-content\/uploads\/sites\/20\/2024\/07\/favicon.png","width":300,"height":300,"caption":"Prefeitura Municipal de Manaus"},"image":{"@id":"https:\/\/www.manaus.am.gov.br\/semtepi\/#\/schema\/logo\/image\/"}},{"@type":"Person","@id":"https:\/\/www.manaus.am.gov.br\/semtepi\/#\/schema\/person\/466a0e03ae4b6062809046bd560ac955","name":"bvalente","image":{"@type":"ImageObject","inLanguage":"pt-BR","@id":"https:\/\/www.manaus.am.gov.br\/semtepi\/#\/schema\/person\/image\/","url":"https:\/\/secure.gravatar.com\/avatar\/3e69bc2b014bdad41adfec3a39de07d2?s=96&d=mm&r=g","contentUrl":"https:\/\/secure.gravatar.com\/avatar\/3e69bc2b014bdad41adfec3a39de07d2?s=96&d=mm&r=g","caption":"bvalente"}}]}},"_links":{"self":[{"href":"https:\/\/www.manaus.am.gov.br\/semtepi\/wp-json\/wp\/v2\/posts\/4090"}],"collection":[{"href":"https:\/\/www.manaus.am.gov.br\/semtepi\/wp-json\/wp\/v2\/posts"}],"about":[{"href":"https:\/\/www.manaus.am.gov.br\/semtepi\/wp-json\/wp\/v2\/types\/post"}],"author":[{"embeddable":true,"href":"https:\/\/www.manaus.am.gov.br\/semtepi\/wp-json\/wp\/v2\/users\/68"}],"replies":[{"embeddable":true,"href":"https:\/\/www.manaus.am.gov.br\/semtepi\/wp-json\/wp\/v2\/comments?post=4090"}],"version-history":[{"count":1,"href":"https:\/\/www.manaus.am.gov.br\/semtepi\/wp-json\/wp\/v2\/posts\/4090\/revisions"}],"predecessor-version":[{"id":4092,"href":"https:\/\/www.manaus.am.gov.br\/semtepi\/wp-json\/wp\/v2\/posts\/4090\/revisions\/4092"}],"wp:featuredmedia":[{"embeddable":true,"href":"https:\/\/www.manaus.am.gov.br\/semtepi\/wp-json\/wp\/v2\/media\/4091"}],"wp:attachment":[{"href":"https:\/\/www.manaus.am.gov.br\/semtepi\/wp-json\/wp\/v2\/media?parent=4090"}],"wp:term":[{"taxonomy":"category","embeddable":true,"href":"https:\/\/www.manaus.am.gov.br\/semtepi\/wp-json\/wp\/v2\/categories?post=4090"},{"taxonomy":"post_tag","embeddable":true,"href":"https:\/\/www.manaus.am.gov.br\/semtepi\/wp-json\/wp\/v2\/tags?post=4090"}],"curies":[{"name":"wp","href":"https:\/\/api.w.org\/{rel}","templated":true}]}}