{"id":4064,"date":"2024-02-02T14:23:14","date_gmt":"2024-02-02T18:23:14","guid":{"rendered":"https:\/\/www.manaus.am.gov.br\/semtepi\/sem-categoria\/casa-de-praia-zezinho-correa-vira-palco-para-competicao-de-grappling-e-jiu-jitsu-neste-sabado-3-2\/"},"modified":"2024-02-02T14:27:34","modified_gmt":"2024-02-02T18:27:34","slug":"casa-de-praia-esporte","status":"publish","type":"post","link":"https:\/\/www.manaus.am.gov.br\/semtepi\/noticia-esporte\/casa-de-praia-esporte\/","title":{"rendered":"Casa de Praia Zezinho Corr\u00eaa vira palco para competi\u00e7\u00e3o de grappling e jiu-j\u00edtsu neste s\u00e1bado, 3\/2"},"content":{"rendered":"\n<p>A casa de Praia Zezinho Corr\u00eaa, localizada no complexo tur\u00edstico Ponta Negra, zona Oeste, vai se tornar, neste s\u00e1bado, 3\/2, a partir das 18h, o palco para o 2\u00ba Desafio de Jiu-J\u00edtsu e Grappling Rei da Selva Combat (RSC). O espa\u00e7o \u00e9 administrado pela Prefeitura de Manaus, por meio da Secretaria Municipal do Trabalho, Empreendedorismo e Inova\u00e7\u00e3o (Semtepi).<\/p>\n\n\n\n<p>Com entrada gratuita para todas as idades, o evento tem o objetivo de destacar a import\u00e2ncia das artes marciais para o esporte por meio de um show de lutas, al\u00e9m de lan\u00e7ar novos atletas em projetos sociais nas categorias infantil, juvenil e adulto no cen\u00e1rio mundial e no desenvolvimento da inclus\u00e3o social dentro da modalidade.<\/p>\n\n\n\n<p>\u201cEsta n\u00e3o \u00e9 a primeira vez que sediamos um show de lutas no palco Murilo Rayol, porque sempre abra\u00e7amos as causas de todos os setores da nossa cidade. O poder p\u00fablico tamb\u00e9m apoia a iniciativa privada, abrindo as portas dos espa\u00e7os dedicados a esse tipo de atividade. Ent\u00e3o, aproveito para convid\u00e1-los a fazerem parte desse ambiente esportivo que a casa de Praia Zezinho Corr\u00eaa vai sediar\u201d, convidou o secret\u00e1rio da Semtepi, Radyr J\u00fanior.<\/p>\n\n\n\n<p>De acordo com o organizador e fundador do evento RSC das Artes Marciais Mistas (MMA), em Manaus, Bruno Cunha, ser\u00e3o 40 competidores de todas as categorias e 20 lutas casadas, que contam com cintur\u00f5es e valores em esp\u00e9cie como premia\u00e7\u00f5es. A competi\u00e7\u00e3o retornou \u00e0s atividades em dezembro de 2023 com a inclus\u00e3o de uma nova categoria: jiu-j\u00edtsu e grappling.<\/p>\n\n\n\n<p>\u201cApresentamos nossa proposta ao secret\u00e1rio Radyr e recebemos total apoio da Semtepi. Optamos pela casa de Praia Zezinho Corr\u00eaa por ser um local novo e gratuito, destacando-se pela bela vista da Ponta Negra. Ficamos contentes por sermos o primeiro evento esportivo de grande dimens\u00e3o a utilizar o palco Murilo Rayol\u201d, explicou Bruno.<\/p>\n\n\n\n<p>&#8212; &#8212; &#8212;<\/p>\n\n\n\n<p><strong>Texto <\/strong>\u2013 Fabiane Monteiro \/ Semtepi<\/p>\n\n\n\n<p><strong>Fotos <\/strong>\u2013 Divulga\u00e7\u00e3o \/ Semcom<\/p>\n","protected":false},"excerpt":{"rendered":"","protected":false},"author":57,"featured_media":4065,"comment_status":"closed","ping_status":"closed","sticky":false,"template":"","format":"standard","meta":{"footnotes":""},"categories":[945],"tags":[694,946,947,178,8,948,9],"acf":[],"yoast_head":"<!-- This site is optimized with the Yoast SEO plugin v23.0 - https:\/\/yoast.com\/wordpress\/plugins\/seo\/ -->\n<title>Casa de Praia vira palco para competi\u00e7\u00e3o de grappling e jiu-j\u00edtsu<\/title>\n<meta name=\"description\" content=\"A Casa de Praia Zezinho Corr\u00eaa vai se tornar, neste s\u00e1bado, 3\/2, o palco para o 2\u00ba Desafio de Jiu-J\u00edtsu e Grappling Rei da Selva Combat (RSC).\" \/>\n<meta name=\"robots\" content=\"noindex, follow\" \/>\n<meta property=\"og:locale\" content=\"pt_BR\" \/>\n<meta property=\"og:type\" content=\"article\" \/>\n<meta property=\"og:title\" content=\"Casa de Praia vira palco para competi\u00e7\u00e3o de grappling e jiu-j\u00edtsu\" \/>\n<meta property=\"og:description\" content=\"A Casa de Praia Zezinho Corr\u00eaa vai se tornar, neste s\u00e1bado, 3\/2, o palco para o 2\u00ba Desafio de Jiu-J\u00edtsu e Grappling Rei da Selva Combat (RSC).\" \/>\n<meta property=\"og:url\" content=\"https:\/\/www.manaus.am.gov.br\/semtepi\/noticia-esporte\/casa-de-praia-esporte\/\" \/>\n<meta property=\"og:site_name\" content=\"SEMTEPI\" \/>\n<meta property=\"article:published_time\" content=\"2024-02-02T18:23:14+00:00\" \/>\n<meta property=\"article:modified_time\" content=\"2024-02-02T18:27:34+00:00\" \/>\n<meta property=\"og:image\" content=\"https:\/\/www.manaus.am.gov.br\/semtepi\/wp-content\/uploads\/sites\/20\/2024\/02\/52879432341_29f7337e1d_c.jpg\" \/>\n\t<meta property=\"og:image:width\" content=\"800\" \/>\n\t<meta property=\"og:image:height\" content=\"600\" \/>\n\t<meta property=\"og:image:type\" content=\"image\/jpeg\" \/>\n<meta name=\"author\" content=\"Thiago Fernando\" \/>\n<meta name=\"twitter:card\" content=\"summary_large_image\" \/>\n<meta name=\"twitter:label1\" content=\"Written by\" \/>\n\t<meta name=\"twitter:data1\" content=\"Thiago Fernando\" \/>\n\t<meta name=\"twitter:label2\" content=\"Est. reading time\" \/>\n\t<meta name=\"twitter:data2\" content=\"2 minutos\" \/>\n<script type=\"application\/ld+json\" class=\"yoast-schema-graph\">{\"@context\":\"https:\/\/schema.org\",\"@graph\":[{\"@type\":\"Article\",\"@id\":\"https:\/\/www.manaus.am.gov.br\/semtepi\/noticia-esporte\/casa-de-praia-esporte\/#article\",\"isPartOf\":{\"@id\":\"https:\/\/www.manaus.am.gov.br\/semtepi\/noticia-esporte\/casa-de-praia-esporte\/\"},\"author\":{\"name\":\"Thiago Fernando\",\"@id\":\"https:\/\/www.manaus.am.gov.br\/semtepi\/#\/schema\/person\/a5ee5376db6e21af026374b369f30882\"},\"headline\":\"Casa de Praia Zezinho Corr\u00eaa vira palco para competi\u00e7\u00e3o de grappling e jiu-j\u00edtsu neste s\u00e1bado, 3\/2\",\"datePublished\":\"2024-02-02T18:23:14+00:00\",\"dateModified\":\"2024-02-02T18:27:34+00:00\",\"mainEntityOfPage\":{\"@id\":\"https:\/\/www.manaus.am.gov.br\/semtepi\/noticia-esporte\/casa-de-praia-esporte\/\"},\"wordCount\":351,\"publisher\":{\"@id\":\"https:\/\/www.manaus.am.gov.br\/semtepi\/#organization\"},\"image\":{\"@id\":\"https:\/\/www.manaus.am.gov.br\/semtepi\/noticia-esporte\/casa-de-praia-esporte\/#primaryimage\"},\"thumbnailUrl\":\"https:\/\/www.manaus.am.gov.br\/semtepi\/wp-content\/uploads\/sites\/20\/2024\/02\/52879432341_29f7337e1d_c.jpg\",\"keywords\":[\"Casa de Praia Zezinho Correa\",\"esportes\",\"lutas\",\"ponta negra\",\"prefeitura de manaus\",\"Rei da Selva\",\"Semtepi\"],\"articleSection\":[\"Esporte\"],\"inLanguage\":\"pt-BR\"},{\"@type\":\"WebPage\",\"@id\":\"https:\/\/www.manaus.am.gov.br\/semtepi\/noticia-esporte\/casa-de-praia-esporte\/\",\"url\":\"https:\/\/www.manaus.am.gov.br\/semtepi\/noticia-esporte\/casa-de-praia-esporte\/\",\"name\":\"Casa de Praia vira palco para competi\u00e7\u00e3o de grappling e jiu-j\u00edtsu\",\"isPartOf\":{\"@id\":\"https:\/\/www.manaus.am.gov.br\/semtepi\/#website\"},\"primaryImageOfPage\":{\"@id\":\"https:\/\/www.manaus.am.gov.br\/semtepi\/noticia-esporte\/casa-de-praia-esporte\/#primaryimage\"},\"image\":{\"@id\":\"https:\/\/www.manaus.am.gov.br\/semtepi\/noticia-esporte\/casa-de-praia-esporte\/#primaryimage\"},\"thumbnailUrl\":\"https:\/\/www.manaus.am.gov.br\/semtepi\/wp-content\/uploads\/sites\/20\/2024\/02\/52879432341_29f7337e1d_c.jpg\",\"datePublished\":\"2024-02-02T18:23:14+00:00\",\"dateModified\":\"2024-02-02T18:27:34+00:00\",\"description\":\"A Casa de Praia Zezinho Corr\u00eaa vai se tornar, neste s\u00e1bado, 3\/2, o palco para o 2\u00ba Desafio de Jiu-J\u00edtsu e Grappling Rei da Selva Combat (RSC).\",\"breadcrumb\":{\"@id\":\"https:\/\/www.manaus.am.gov.br\/semtepi\/noticia-esporte\/casa-de-praia-esporte\/#breadcrumb\"},\"inLanguage\":\"pt-BR\",\"potentialAction\":[{\"@type\":\"ReadAction\",\"target\":[\"https:\/\/www.manaus.am.gov.br\/semtepi\/noticia-esporte\/casa-de-praia-esporte\/\"]}]},{\"@type\":\"ImageObject\",\"inLanguage\":\"pt-BR\",\"@id\":\"https:\/\/www.manaus.am.gov.br\/semtepi\/noticia-esporte\/casa-de-praia-esporte\/#primaryimage\",\"url\":\"https:\/\/www.manaus.am.gov.br\/semtepi\/wp-content\/uploads\/sites\/20\/2024\/02\/52879432341_29f7337e1d_c.jpg\",\"contentUrl\":\"https:\/\/www.manaus.am.gov.br\/semtepi\/wp-content\/uploads\/sites\/20\/2024\/02\/52879432341_29f7337e1d_c.jpg\",\"width\":800,\"height\":600,\"caption\":\"#paratodosverem - Imagem a\u00e9rea do Local Casa de Praia Zezinho Correa\"},{\"@type\":\"BreadcrumbList\",\"@id\":\"https:\/\/www.manaus.am.gov.br\/semtepi\/noticia-esporte\/casa-de-praia-esporte\/#breadcrumb\",\"itemListElement\":[{\"@type\":\"ListItem\",\"position\":1,\"name\":\"Home\",\"item\":\"https:\/\/www.manaus.am.gov.br\/semtepi\/\"},{\"@type\":\"ListItem\",\"position\":2,\"name\":\"Casa de Praia Zezinho Corr\u00eaa vira palco para competi\u00e7\u00e3o de grappling e jiu-j\u00edtsu neste s\u00e1bado, 3\/2\"}]},{\"@type\":\"WebSite\",\"@id\":\"https:\/\/www.manaus.am.gov.br\/semtepi\/#website\",\"url\":\"https:\/\/www.manaus.am.gov.br\/semtepi\/\",\"name\":\"SEMTEPI\",\"description\":\"Prefeitura de Manaus\",\"publisher\":{\"@id\":\"https:\/\/www.manaus.am.gov.br\/semtepi\/#organization\"},\"alternateName\":\"Secretaria Municipal do Trabalho, Empreendedorismo e Inova\u00e7\u00e3o\",\"potentialAction\":[{\"@type\":\"SearchAction\",\"target\":{\"@type\":\"EntryPoint\",\"urlTemplate\":\"https:\/\/www.manaus.am.gov.br\/semtepi\/?s={search_term_string}\"},\"query-input\":\"required name=search_term_string\"}],\"inLanguage\":\"pt-BR\"},{\"@type\":\"Organization\",\"@id\":\"https:\/\/www.manaus.am.gov.br\/semtepi\/#organization\",\"name\":\"Prefeitura Municipal de Manaus\",\"alternateName\":\"Prefeitura de Manaus\",\"url\":\"https:\/\/www.manaus.am.gov.br\/semtepi\/\",\"logo\":{\"@type\":\"ImageObject\",\"inLanguage\":\"pt-BR\",\"@id\":\"https:\/\/www.manaus.am.gov.br\/semtepi\/#\/schema\/logo\/image\/\",\"url\":\"https:\/\/www.manaus.am.gov.br\/semtepi\/wp-content\/uploads\/sites\/20\/2024\/07\/favicon.png\",\"contentUrl\":\"https:\/\/www.manaus.am.gov.br\/semtepi\/wp-content\/uploads\/sites\/20\/2024\/07\/favicon.png\",\"width\":300,\"height\":300,\"caption\":\"Prefeitura Municipal de Manaus\"},\"image\":{\"@id\":\"https:\/\/www.manaus.am.gov.br\/semtepi\/#\/schema\/logo\/image\/\"}},{\"@type\":\"Person\",\"@id\":\"https:\/\/www.manaus.am.gov.br\/semtepi\/#\/schema\/person\/a5ee5376db6e21af026374b369f30882\",\"name\":\"Thiago Fernando\",\"image\":{\"@type\":\"ImageObject\",\"inLanguage\":\"pt-BR\",\"@id\":\"https:\/\/www.manaus.am.gov.br\/semtepi\/#\/schema\/person\/image\/\",\"url\":\"https:\/\/secure.gravatar.com\/avatar\/f5aab8722444041451501c077052ac07?s=96&d=mm&r=g\",\"contentUrl\":\"https:\/\/secure.gravatar.com\/avatar\/f5aab8722444041451501c077052ac07?s=96&d=mm&r=g\",\"caption\":\"Thiago Fernando\"}}]}<\/script>\n<!-- \/ Yoast SEO plugin. -->","yoast_head_json":{"title":"Casa de Praia vira palco para competi\u00e7\u00e3o de grappling e jiu-j\u00edtsu","description":"A Casa de Praia Zezinho Corr\u00eaa vai se tornar, neste s\u00e1bado, 3\/2, o palco para o 2\u00ba Desafio de Jiu-J\u00edtsu e Grappling Rei da Selva Combat (RSC).","robots":{"index":"noindex","follow":"follow"},"og_locale":"pt_BR","og_type":"article","og_title":"Casa de Praia vira palco para competi\u00e7\u00e3o de grappling e jiu-j\u00edtsu","og_description":"A Casa de Praia Zezinho Corr\u00eaa vai se tornar, neste s\u00e1bado, 3\/2, o palco para o 2\u00ba Desafio de Jiu-J\u00edtsu e Grappling Rei da Selva Combat (RSC).","og_url":"https:\/\/www.manaus.am.gov.br\/semtepi\/noticia-esporte\/casa-de-praia-esporte\/","og_site_name":"SEMTEPI","article_published_time":"2024-02-02T18:23:14+00:00","article_modified_time":"2024-02-02T18:27:34+00:00","og_image":[{"width":800,"height":600,"url":"https:\/\/www.manaus.am.gov.br\/semtepi\/wp-content\/uploads\/sites\/20\/2024\/02\/52879432341_29f7337e1d_c.jpg","type":"image\/jpeg"}],"author":"Thiago Fernando","twitter_card":"summary_large_image","twitter_misc":{"Written by":"Thiago Fernando","Est. reading time":"2 minutos"},"schema":{"@context":"https:\/\/schema.org","@graph":[{"@type":"Article","@id":"https:\/\/www.manaus.am.gov.br\/semtepi\/noticia-esporte\/casa-de-praia-esporte\/#article","isPartOf":{"@id":"https:\/\/www.manaus.am.gov.br\/semtepi\/noticia-esporte\/casa-de-praia-esporte\/"},"author":{"name":"Thiago Fernando","@id":"https:\/\/www.manaus.am.gov.br\/semtepi\/#\/schema\/person\/a5ee5376db6e21af026374b369f30882"},"headline":"Casa de Praia Zezinho Corr\u00eaa vira palco para competi\u00e7\u00e3o de grappling e jiu-j\u00edtsu neste s\u00e1bado, 3\/2","datePublished":"2024-02-02T18:23:14+00:00","dateModified":"2024-02-02T18:27:34+00:00","mainEntityOfPage":{"@id":"https:\/\/www.manaus.am.gov.br\/semtepi\/noticia-esporte\/casa-de-praia-esporte\/"},"wordCount":351,"publisher":{"@id":"https:\/\/www.manaus.am.gov.br\/semtepi\/#organization"},"image":{"@id":"https:\/\/www.manaus.am.gov.br\/semtepi\/noticia-esporte\/casa-de-praia-esporte\/#primaryimage"},"thumbnailUrl":"https:\/\/www.manaus.am.gov.br\/semtepi\/wp-content\/uploads\/sites\/20\/2024\/02\/52879432341_29f7337e1d_c.jpg","keywords":["Casa de Praia Zezinho Correa","esportes","lutas","ponta negra","prefeitura de manaus","Rei da Selva","Semtepi"],"articleSection":["Esporte"],"inLanguage":"pt-BR"},{"@type":"WebPage","@id":"https:\/\/www.manaus.am.gov.br\/semtepi\/noticia-esporte\/casa-de-praia-esporte\/","url":"https:\/\/www.manaus.am.gov.br\/semtepi\/noticia-esporte\/casa-de-praia-esporte\/","name":"Casa de Praia vira palco para competi\u00e7\u00e3o de grappling e jiu-j\u00edtsu","isPartOf":{"@id":"https:\/\/www.manaus.am.gov.br\/semtepi\/#website"},"primaryImageOfPage":{"@id":"https:\/\/www.manaus.am.gov.br\/semtepi\/noticia-esporte\/casa-de-praia-esporte\/#primaryimage"},"image":{"@id":"https:\/\/www.manaus.am.gov.br\/semtepi\/noticia-esporte\/casa-de-praia-esporte\/#primaryimage"},"thumbnailUrl":"https:\/\/www.manaus.am.gov.br\/semtepi\/wp-content\/uploads\/sites\/20\/2024\/02\/52879432341_29f7337e1d_c.jpg","datePublished":"2024-02-02T18:23:14+00:00","dateModified":"2024-02-02T18:27:34+00:00","description":"A Casa de Praia Zezinho Corr\u00eaa vai se tornar, neste s\u00e1bado, 3\/2, o palco para o 2\u00ba Desafio de Jiu-J\u00edtsu e Grappling Rei da Selva Combat (RSC).","breadcrumb":{"@id":"https:\/\/www.manaus.am.gov.br\/semtepi\/noticia-esporte\/casa-de-praia-esporte\/#breadcrumb"},"inLanguage":"pt-BR","potentialAction":[{"@type":"ReadAction","target":["https:\/\/www.manaus.am.gov.br\/semtepi\/noticia-esporte\/casa-de-praia-esporte\/"]}]},{"@type":"ImageObject","inLanguage":"pt-BR","@id":"https:\/\/www.manaus.am.gov.br\/semtepi\/noticia-esporte\/casa-de-praia-esporte\/#primaryimage","url":"https:\/\/www.manaus.am.gov.br\/semtepi\/wp-content\/uploads\/sites\/20\/2024\/02\/52879432341_29f7337e1d_c.jpg","contentUrl":"https:\/\/www.manaus.am.gov.br\/semtepi\/wp-content\/uploads\/sites\/20\/2024\/02\/52879432341_29f7337e1d_c.jpg","width":800,"height":600,"caption":"#paratodosverem - Imagem a\u00e9rea do Local Casa de Praia Zezinho Correa"},{"@type":"BreadcrumbList","@id":"https:\/\/www.manaus.am.gov.br\/semtepi\/noticia-esporte\/casa-de-praia-esporte\/#breadcrumb","itemListElement":[{"@type":"ListItem","position":1,"name":"Home","item":"https:\/\/www.manaus.am.gov.br\/semtepi\/"},{"@type":"ListItem","position":2,"name":"Casa de Praia Zezinho Corr\u00eaa vira palco para competi\u00e7\u00e3o de grappling e jiu-j\u00edtsu neste s\u00e1bado, 3\/2"}]},{"@type":"WebSite","@id":"https:\/\/www.manaus.am.gov.br\/semtepi\/#website","url":"https:\/\/www.manaus.am.gov.br\/semtepi\/","name":"SEMTEPI","description":"Prefeitura de Manaus","publisher":{"@id":"https:\/\/www.manaus.am.gov.br\/semtepi\/#organization"},"alternateName":"Secretaria Municipal do Trabalho, Empreendedorismo e Inova\u00e7\u00e3o","potentialAction":[{"@type":"SearchAction","target":{"@type":"EntryPoint","urlTemplate":"https:\/\/www.manaus.am.gov.br\/semtepi\/?s={search_term_string}"},"query-input":"required name=search_term_string"}],"inLanguage":"pt-BR"},{"@type":"Organization","@id":"https:\/\/www.manaus.am.gov.br\/semtepi\/#organization","name":"Prefeitura Municipal de Manaus","alternateName":"Prefeitura de Manaus","url":"https:\/\/www.manaus.am.gov.br\/semtepi\/","logo":{"@type":"ImageObject","inLanguage":"pt-BR","@id":"https:\/\/www.manaus.am.gov.br\/semtepi\/#\/schema\/logo\/image\/","url":"https:\/\/www.manaus.am.gov.br\/semtepi\/wp-content\/uploads\/sites\/20\/2024\/07\/favicon.png","contentUrl":"https:\/\/www.manaus.am.gov.br\/semtepi\/wp-content\/uploads\/sites\/20\/2024\/07\/favicon.png","width":300,"height":300,"caption":"Prefeitura Municipal de Manaus"},"image":{"@id":"https:\/\/www.manaus.am.gov.br\/semtepi\/#\/schema\/logo\/image\/"}},{"@type":"Person","@id":"https:\/\/www.manaus.am.gov.br\/semtepi\/#\/schema\/person\/a5ee5376db6e21af026374b369f30882","name":"Thiago Fernando","image":{"@type":"ImageObject","inLanguage":"pt-BR","@id":"https:\/\/www.manaus.am.gov.br\/semtepi\/#\/schema\/person\/image\/","url":"https:\/\/secure.gravatar.com\/avatar\/f5aab8722444041451501c077052ac07?s=96&d=mm&r=g","contentUrl":"https:\/\/secure.gravatar.com\/avatar\/f5aab8722444041451501c077052ac07?s=96&d=mm&r=g","caption":"Thiago Fernando"}}]}},"_links":{"self":[{"href":"https:\/\/www.manaus.am.gov.br\/semtepi\/wp-json\/wp\/v2\/posts\/4064"}],"collection":[{"href":"https:\/\/www.manaus.am.gov.br\/semtepi\/wp-json\/wp\/v2\/posts"}],"about":[{"href":"https:\/\/www.manaus.am.gov.br\/semtepi\/wp-json\/wp\/v2\/types\/post"}],"author":[{"embeddable":true,"href":"https:\/\/www.manaus.am.gov.br\/semtepi\/wp-json\/wp\/v2\/users\/57"}],"replies":[{"embeddable":true,"href":"https:\/\/www.manaus.am.gov.br\/semtepi\/wp-json\/wp\/v2\/comments?post=4064"}],"version-history":[{"count":1,"href":"https:\/\/www.manaus.am.gov.br\/semtepi\/wp-json\/wp\/v2\/posts\/4064\/revisions"}],"predecessor-version":[{"id":4066,"href":"https:\/\/www.manaus.am.gov.br\/semtepi\/wp-json\/wp\/v2\/posts\/4064\/revisions\/4066"}],"wp:featuredmedia":[{"embeddable":true,"href":"https:\/\/www.manaus.am.gov.br\/semtepi\/wp-json\/wp\/v2\/media\/4065"}],"wp:attachment":[{"href":"https:\/\/www.manaus.am.gov.br\/semtepi\/wp-json\/wp\/v2\/media?parent=4064"}],"wp:term":[{"taxonomy":"category","embeddable":true,"href":"https:\/\/www.manaus.am.gov.br\/semtepi\/wp-json\/wp\/v2\/categories?post=4064"},{"taxonomy":"post_tag","embeddable":true,"href":"https:\/\/www.manaus.am.gov.br\/semtepi\/wp-json\/wp\/v2\/tags?post=4064"}],"curies":[{"name":"wp","href":"https:\/\/api.w.org\/{rel}","templated":true}]}}