{"id":4062,"date":"2024-02-02T10:54:36","date_gmt":"2024-02-02T14:54:36","guid":{"rendered":"https:\/\/www.manaus.am.gov.br\/semtepi\/sem-categoria\/sine-nos-bairros-zonas-sul-centro-oeste\/"},"modified":"2024-02-02T10:54:37","modified_gmt":"2024-02-02T14:54:37","slug":"sine-nos-bairros-zonas-sul-centro-oeste","status":"publish","type":"post","link":"https:\/\/www.manaus.am.gov.br\/semtepi\/empregabilidade\/sine-nos-bairros-zonas-sul-centro-oeste\/","title":{"rendered":"\u2018Sine nos Bairros\u2019 da Prefeitura de Manaus atende nas zonas Sul e Centro-Oeste neste s\u00e1bado, 3\/2"},"content":{"rendered":"\n<p>A a\u00e7\u00e3o itinerante \u201cSine nos Bairros\u201d vai atender, neste s\u00e1bado, 3\/2, a partir das 8h, em dois pontos diferentes: na Igreja Mission\u00e1ria \u00c1gape, zona Sul; e na Igreja Batista Rocha Eterna, na zona Centro-Oeste. A iniciativa \u00e9 promovida pela Prefeitura de Manaus, por meio da Secretaria Municipal do Trabalho, Empreendedorismo e Inova\u00e7\u00e3o (Semtepi).<\/p>\n\n\n\n<p>Visando fortalecer a empregabilidade nas zonas de Manaus, a iniciativa \u201cSine nos Bairros\u201d vai ofertar vagas de emprego, cadastro e orienta\u00e7\u00e3o para CTPS digital e seguro-desemprego. O primeiro ponto ser\u00e1 na Igreja Mission\u00e1ria \u00c1gape, localizada na rua S\u00e3o Pedro, Parque Residencial Liberdade, bairro Morro da Liberdade, zona Sul, das 8h \u00e0s 12h.<\/p>\n\n\n\n<p>\u201cOs servi\u00e7os do Sine Manaus n\u00e3o podem ficar somente nos postos, por isso estamos nos movimentando para todas as zonas da cidade, a fim de fortalecer a empregabilidade na regi\u00e3o. J\u00e1 foram realizadas mais de cem a\u00e7\u00f5es do \u2018Sine nos Bairros\u2019 e reinserir um n\u00famero ainda maior de cidad\u00e3os no mercado de trabalho est\u00e1 entre as metas planejadas para este ano\u201d, destacou o titular da Semtepi, Radyr J\u00fanior.<\/p>\n\n\n\n<p>O outro local beneficiado ser\u00e1 a Igreja Batista Rocha Eterna, situada na rua Rosina Ferreira, n\u00b0 8, bairro Alvorada 1, zona Centro-Oeste, das 8h \u00e0s 14h. Os candidatos devem comparecer aos locais mencionados portando o comprovante de vacina\u00e7\u00e3o (Covid-19), curr\u00edculo e documentos pessoais (RG, CPF, PIS, CTPS, comprovante de escolaridade e resid\u00eancia). N\u00e3o \u00e9 necess\u00e1rio apresentar c\u00f3pias, somente os documentos originais.<\/p>\n\n\n\n<p>&#8212; &#8212; &#8212;<\/p>\n\n\n\n<p><strong>Texto \u2013&nbsp;<\/strong>Fabiane Monteiro \/ Semtepi<\/p>\n\n\n\n<p><strong>Fotos \u2013&nbsp;<\/strong>Jo\u00e3o Viana\/Semcom<\/p>\n\n\n\n<p><strong>Dispon\u00edveis em &#8211;&nbsp;<\/strong><a href=\"https:\/\/flic.kr\/s\/aHBqjAWp7F\" target=\"_blank\" rel=\"noreferrer noopener\">https:\/\/flic.kr\/s\/aHBqjAWp7F<\/a><\/p>\n","protected":false},"excerpt":{"rendered":"","protected":false},"author":23,"featured_media":4063,"comment_status":"closed","ping_status":"closed","sticky":false,"template":"","format":"standard","meta":{"footnotes":""},"categories":[372],"tags":[721,943,8,9,417,944,335],"acf":[],"yoast_head":"<!-- This site is optimized with the Yoast SEO plugin v23.0 - https:\/\/yoast.com\/wordpress\/plugins\/seo\/ -->\n<title>\u2018Sine nos Bairros\u2019 da Prefeitura de Manaus atende nas zonas Sul e Centro-Oeste neste s\u00e1bado, 3\/2<\/title>\n<meta name=\"description\" content=\"A a\u00e7\u00e3o itinerante \u201cSine nos Bairros\u201d vai atender, neste s\u00e1bado, 3\/2, a partir das 8h, em dois pontos diferentes: na Igreja Mission\u00e1ria \u00c1gape, zona Sul; e na Igreja Batista Rocha Eterna, na zona Centro-Oeste. A iniciativa \u00e9 promovida pela Prefeitura de Manaus, por meio da Secretaria Municipal do Trabalho, Empreendedorismo e Inova\u00e7\u00e3o (Semtepi).\" \/>\n<meta name=\"robots\" content=\"noindex, follow\" \/>\n<meta property=\"og:locale\" content=\"pt_BR\" \/>\n<meta property=\"og:type\" content=\"article\" \/>\n<meta property=\"og:title\" content=\"\u2018Sine nos Bairros\u2019 da Prefeitura de Manaus atende nas zonas Sul e Centro-Oeste neste s\u00e1bado, 3\/2\" \/>\n<meta property=\"og:description\" content=\"A a\u00e7\u00e3o itinerante \u201cSine nos Bairros\u201d vai atender, neste s\u00e1bado, 3\/2, a partir das 8h, em dois pontos diferentes: na Igreja Mission\u00e1ria \u00c1gape, zona Sul; e na Igreja Batista Rocha Eterna, na zona Centro-Oeste. A iniciativa \u00e9 promovida pela Prefeitura de Manaus, por meio da Secretaria Municipal do Trabalho, Empreendedorismo e Inova\u00e7\u00e3o (Semtepi).\" \/>\n<meta property=\"og:url\" content=\"https:\/\/www.manaus.am.gov.br\/semtepi\/empregabilidade\/sine-nos-bairros-zonas-sul-centro-oeste\/\" \/>\n<meta property=\"og:site_name\" content=\"SEMTEPI\" \/>\n<meta property=\"article:published_time\" content=\"2024-02-02T14:54:36+00:00\" \/>\n<meta property=\"article:modified_time\" content=\"2024-02-02T14:54:37+00:00\" \/>\n<meta property=\"og:image\" content=\"https:\/\/www.manaus.am.gov.br\/semtepi\/wp-content\/uploads\/sites\/20\/2024\/02\/53217753531_ee25886e6c_c-3.jpg\" \/>\n\t<meta property=\"og:image:width\" content=\"799\" \/>\n\t<meta property=\"og:image:height\" content=\"533\" \/>\n\t<meta property=\"og:image:type\" content=\"image\/jpeg\" \/>\n<meta name=\"author\" content=\"Adriana Costa\" \/>\n<meta name=\"twitter:card\" content=\"summary_large_image\" \/>\n<meta name=\"twitter:label1\" content=\"Written by\" \/>\n\t<meta name=\"twitter:data1\" content=\"Adriana Costa\" \/>\n\t<meta name=\"twitter:label2\" content=\"Est. reading time\" \/>\n\t<meta name=\"twitter:data2\" content=\"2 minutos\" \/>\n<script type=\"application\/ld+json\" class=\"yoast-schema-graph\">{\"@context\":\"https:\/\/schema.org\",\"@graph\":[{\"@type\":\"Article\",\"@id\":\"https:\/\/www.manaus.am.gov.br\/semtepi\/empregabilidade\/sine-nos-bairros-zonas-sul-centro-oeste\/#article\",\"isPartOf\":{\"@id\":\"https:\/\/www.manaus.am.gov.br\/semtepi\/empregabilidade\/sine-nos-bairros-zonas-sul-centro-oeste\/\"},\"author\":{\"name\":\"Adriana Costa\",\"@id\":\"https:\/\/www.manaus.am.gov.br\/semtepi\/#\/schema\/person\/4e49f4e267757a06ca072ec61b2b9968\"},\"headline\":\"\u2018Sine nos Bairros\u2019 da Prefeitura de Manaus atende nas zonas Sul e Centro-Oeste neste s\u00e1bado, 3\/2\",\"datePublished\":\"2024-02-02T14:54:36+00:00\",\"dateModified\":\"2024-02-02T14:54:37+00:00\",\"mainEntityOfPage\":{\"@id\":\"https:\/\/www.manaus.am.gov.br\/semtepi\/empregabilidade\/sine-nos-bairros-zonas-sul-centro-oeste\/\"},\"wordCount\":290,\"publisher\":{\"@id\":\"https:\/\/www.manaus.am.gov.br\/semtepi\/#organization\"},\"image\":{\"@id\":\"https:\/\/www.manaus.am.gov.br\/semtepi\/empregabilidade\/sine-nos-bairros-zonas-sul-centro-oeste\/#primaryimage\"},\"thumbnailUrl\":\"https:\/\/www.manaus.am.gov.br\/semtepi\/wp-content\/uploads\/sites\/20\/2024\/02\/53217753531_ee25886e6c_c-3.jpg\",\"keywords\":[\"Alvorada\",\"morro da liberdade\",\"prefeitura de manaus\",\"Semtepi\",\"Sine nos Bairros\",\"Zona Centro-Oeste\",\"zona sul\"],\"articleSection\":[\"Empregabilidade\"],\"inLanguage\":\"pt-BR\"},{\"@type\":\"WebPage\",\"@id\":\"https:\/\/www.manaus.am.gov.br\/semtepi\/empregabilidade\/sine-nos-bairros-zonas-sul-centro-oeste\/\",\"url\":\"https:\/\/www.manaus.am.gov.br\/semtepi\/empregabilidade\/sine-nos-bairros-zonas-sul-centro-oeste\/\",\"name\":\"\u2018Sine nos Bairros\u2019 da Prefeitura de Manaus atende nas zonas Sul e Centro-Oeste neste s\u00e1bado, 3\/2\",\"isPartOf\":{\"@id\":\"https:\/\/www.manaus.am.gov.br\/semtepi\/#website\"},\"primaryImageOfPage\":{\"@id\":\"https:\/\/www.manaus.am.gov.br\/semtepi\/empregabilidade\/sine-nos-bairros-zonas-sul-centro-oeste\/#primaryimage\"},\"image\":{\"@id\":\"https:\/\/www.manaus.am.gov.br\/semtepi\/empregabilidade\/sine-nos-bairros-zonas-sul-centro-oeste\/#primaryimage\"},\"thumbnailUrl\":\"https:\/\/www.manaus.am.gov.br\/semtepi\/wp-content\/uploads\/sites\/20\/2024\/02\/53217753531_ee25886e6c_c-3.jpg\",\"datePublished\":\"2024-02-02T14:54:36+00:00\",\"dateModified\":\"2024-02-02T14:54:37+00:00\",\"description\":\"A a\u00e7\u00e3o itinerante \u201cSine nos Bairros\u201d vai atender, neste s\u00e1bado, 3\/2, a partir das 8h, em dois pontos diferentes: na Igreja Mission\u00e1ria \u00c1gape, zona Sul; e na Igreja Batista Rocha Eterna, na zona Centro-Oeste. A iniciativa \u00e9 promovida pela Prefeitura de Manaus, por meio da Secretaria Municipal do Trabalho, Empreendedorismo e Inova\u00e7\u00e3o (Semtepi).\",\"breadcrumb\":{\"@id\":\"https:\/\/www.manaus.am.gov.br\/semtepi\/empregabilidade\/sine-nos-bairros-zonas-sul-centro-oeste\/#breadcrumb\"},\"inLanguage\":\"pt-BR\",\"potentialAction\":[{\"@type\":\"ReadAction\",\"target\":[\"https:\/\/www.manaus.am.gov.br\/semtepi\/empregabilidade\/sine-nos-bairros-zonas-sul-centro-oeste\/\"]}]},{\"@type\":\"ImageObject\",\"inLanguage\":\"pt-BR\",\"@id\":\"https:\/\/www.manaus.am.gov.br\/semtepi\/empregabilidade\/sine-nos-bairros-zonas-sul-centro-oeste\/#primaryimage\",\"url\":\"https:\/\/www.manaus.am.gov.br\/semtepi\/wp-content\/uploads\/sites\/20\/2024\/02\/53217753531_ee25886e6c_c-3.jpg\",\"contentUrl\":\"https:\/\/www.manaus.am.gov.br\/semtepi\/wp-content\/uploads\/sites\/20\/2024\/02\/53217753531_ee25886e6c_c-3.jpg\",\"width\":799,\"height\":533},{\"@type\":\"BreadcrumbList\",\"@id\":\"https:\/\/www.manaus.am.gov.br\/semtepi\/empregabilidade\/sine-nos-bairros-zonas-sul-centro-oeste\/#breadcrumb\",\"itemListElement\":[{\"@type\":\"ListItem\",\"position\":1,\"name\":\"Home\",\"item\":\"https:\/\/www.manaus.am.gov.br\/semtepi\/\"},{\"@type\":\"ListItem\",\"position\":2,\"name\":\"\u2018Sine nos Bairros\u2019 da Prefeitura de Manaus atende nas zonas Sul e Centro-Oeste neste s\u00e1bado, 3\/2\"}]},{\"@type\":\"WebSite\",\"@id\":\"https:\/\/www.manaus.am.gov.br\/semtepi\/#website\",\"url\":\"https:\/\/www.manaus.am.gov.br\/semtepi\/\",\"name\":\"SEMTEPI\",\"description\":\"Prefeitura de Manaus\",\"publisher\":{\"@id\":\"https:\/\/www.manaus.am.gov.br\/semtepi\/#organization\"},\"alternateName\":\"Secretaria Municipal do Trabalho, Empreendedorismo e Inova\u00e7\u00e3o\",\"potentialAction\":[{\"@type\":\"SearchAction\",\"target\":{\"@type\":\"EntryPoint\",\"urlTemplate\":\"https:\/\/www.manaus.am.gov.br\/semtepi\/?s={search_term_string}\"},\"query-input\":\"required name=search_term_string\"}],\"inLanguage\":\"pt-BR\"},{\"@type\":\"Organization\",\"@id\":\"https:\/\/www.manaus.am.gov.br\/semtepi\/#organization\",\"name\":\"Prefeitura Municipal de Manaus\",\"alternateName\":\"Prefeitura de Manaus\",\"url\":\"https:\/\/www.manaus.am.gov.br\/semtepi\/\",\"logo\":{\"@type\":\"ImageObject\",\"inLanguage\":\"pt-BR\",\"@id\":\"https:\/\/www.manaus.am.gov.br\/semtepi\/#\/schema\/logo\/image\/\",\"url\":\"https:\/\/www.manaus.am.gov.br\/semtepi\/wp-content\/uploads\/sites\/20\/2024\/07\/favicon.png\",\"contentUrl\":\"https:\/\/www.manaus.am.gov.br\/semtepi\/wp-content\/uploads\/sites\/20\/2024\/07\/favicon.png\",\"width\":300,\"height\":300,\"caption\":\"Prefeitura Municipal de Manaus\"},\"image\":{\"@id\":\"https:\/\/www.manaus.am.gov.br\/semtepi\/#\/schema\/logo\/image\/\"}},{\"@type\":\"Person\",\"@id\":\"https:\/\/www.manaus.am.gov.br\/semtepi\/#\/schema\/person\/4e49f4e267757a06ca072ec61b2b9968\",\"name\":\"Adriana Costa\",\"image\":{\"@type\":\"ImageObject\",\"inLanguage\":\"pt-BR\",\"@id\":\"https:\/\/www.manaus.am.gov.br\/semtepi\/#\/schema\/person\/image\/\",\"url\":\"https:\/\/secure.gravatar.com\/avatar\/576258617ef7194f718179e766d57bd4?s=96&d=mm&r=g\",\"contentUrl\":\"https:\/\/secure.gravatar.com\/avatar\/576258617ef7194f718179e766d57bd4?s=96&d=mm&r=g\",\"caption\":\"Adriana Costa\"}}]}<\/script>\n<!-- \/ Yoast SEO plugin. -->","yoast_head_json":{"title":"\u2018Sine nos Bairros\u2019 da Prefeitura de Manaus atende nas zonas Sul e Centro-Oeste neste s\u00e1bado, 3\/2","description":"A a\u00e7\u00e3o itinerante \u201cSine nos Bairros\u201d vai atender, neste s\u00e1bado, 3\/2, a partir das 8h, em dois pontos diferentes: na Igreja Mission\u00e1ria \u00c1gape, zona Sul; e na Igreja Batista Rocha Eterna, na zona Centro-Oeste. A iniciativa \u00e9 promovida pela Prefeitura de Manaus, por meio da Secretaria Municipal do Trabalho, Empreendedorismo e Inova\u00e7\u00e3o (Semtepi).","robots":{"index":"noindex","follow":"follow"},"og_locale":"pt_BR","og_type":"article","og_title":"\u2018Sine nos Bairros\u2019 da Prefeitura de Manaus atende nas zonas Sul e Centro-Oeste neste s\u00e1bado, 3\/2","og_description":"A a\u00e7\u00e3o itinerante \u201cSine nos Bairros\u201d vai atender, neste s\u00e1bado, 3\/2, a partir das 8h, em dois pontos diferentes: na Igreja Mission\u00e1ria \u00c1gape, zona Sul; e na Igreja Batista Rocha Eterna, na zona Centro-Oeste. A iniciativa \u00e9 promovida pela Prefeitura de Manaus, por meio da Secretaria Municipal do Trabalho, Empreendedorismo e Inova\u00e7\u00e3o (Semtepi).","og_url":"https:\/\/www.manaus.am.gov.br\/semtepi\/empregabilidade\/sine-nos-bairros-zonas-sul-centro-oeste\/","og_site_name":"SEMTEPI","article_published_time":"2024-02-02T14:54:36+00:00","article_modified_time":"2024-02-02T14:54:37+00:00","og_image":[{"width":799,"height":533,"url":"https:\/\/www.manaus.am.gov.br\/semtepi\/wp-content\/uploads\/sites\/20\/2024\/02\/53217753531_ee25886e6c_c-3.jpg","type":"image\/jpeg"}],"author":"Adriana Costa","twitter_card":"summary_large_image","twitter_misc":{"Written by":"Adriana Costa","Est. reading time":"2 minutos"},"schema":{"@context":"https:\/\/schema.org","@graph":[{"@type":"Article","@id":"https:\/\/www.manaus.am.gov.br\/semtepi\/empregabilidade\/sine-nos-bairros-zonas-sul-centro-oeste\/#article","isPartOf":{"@id":"https:\/\/www.manaus.am.gov.br\/semtepi\/empregabilidade\/sine-nos-bairros-zonas-sul-centro-oeste\/"},"author":{"name":"Adriana Costa","@id":"https:\/\/www.manaus.am.gov.br\/semtepi\/#\/schema\/person\/4e49f4e267757a06ca072ec61b2b9968"},"headline":"\u2018Sine nos Bairros\u2019 da Prefeitura de Manaus atende nas zonas Sul e Centro-Oeste neste s\u00e1bado, 3\/2","datePublished":"2024-02-02T14:54:36+00:00","dateModified":"2024-02-02T14:54:37+00:00","mainEntityOfPage":{"@id":"https:\/\/www.manaus.am.gov.br\/semtepi\/empregabilidade\/sine-nos-bairros-zonas-sul-centro-oeste\/"},"wordCount":290,"publisher":{"@id":"https:\/\/www.manaus.am.gov.br\/semtepi\/#organization"},"image":{"@id":"https:\/\/www.manaus.am.gov.br\/semtepi\/empregabilidade\/sine-nos-bairros-zonas-sul-centro-oeste\/#primaryimage"},"thumbnailUrl":"https:\/\/www.manaus.am.gov.br\/semtepi\/wp-content\/uploads\/sites\/20\/2024\/02\/53217753531_ee25886e6c_c-3.jpg","keywords":["Alvorada","morro da liberdade","prefeitura de manaus","Semtepi","Sine nos Bairros","Zona Centro-Oeste","zona sul"],"articleSection":["Empregabilidade"],"inLanguage":"pt-BR"},{"@type":"WebPage","@id":"https:\/\/www.manaus.am.gov.br\/semtepi\/empregabilidade\/sine-nos-bairros-zonas-sul-centro-oeste\/","url":"https:\/\/www.manaus.am.gov.br\/semtepi\/empregabilidade\/sine-nos-bairros-zonas-sul-centro-oeste\/","name":"\u2018Sine nos Bairros\u2019 da Prefeitura de Manaus atende nas zonas Sul e Centro-Oeste neste s\u00e1bado, 3\/2","isPartOf":{"@id":"https:\/\/www.manaus.am.gov.br\/semtepi\/#website"},"primaryImageOfPage":{"@id":"https:\/\/www.manaus.am.gov.br\/semtepi\/empregabilidade\/sine-nos-bairros-zonas-sul-centro-oeste\/#primaryimage"},"image":{"@id":"https:\/\/www.manaus.am.gov.br\/semtepi\/empregabilidade\/sine-nos-bairros-zonas-sul-centro-oeste\/#primaryimage"},"thumbnailUrl":"https:\/\/www.manaus.am.gov.br\/semtepi\/wp-content\/uploads\/sites\/20\/2024\/02\/53217753531_ee25886e6c_c-3.jpg","datePublished":"2024-02-02T14:54:36+00:00","dateModified":"2024-02-02T14:54:37+00:00","description":"A a\u00e7\u00e3o itinerante \u201cSine nos Bairros\u201d vai atender, neste s\u00e1bado, 3\/2, a partir das 8h, em dois pontos diferentes: na Igreja Mission\u00e1ria \u00c1gape, zona Sul; e na Igreja Batista Rocha Eterna, na zona Centro-Oeste. A iniciativa \u00e9 promovida pela Prefeitura de Manaus, por meio da Secretaria Municipal do Trabalho, Empreendedorismo e Inova\u00e7\u00e3o (Semtepi).","breadcrumb":{"@id":"https:\/\/www.manaus.am.gov.br\/semtepi\/empregabilidade\/sine-nos-bairros-zonas-sul-centro-oeste\/#breadcrumb"},"inLanguage":"pt-BR","potentialAction":[{"@type":"ReadAction","target":["https:\/\/www.manaus.am.gov.br\/semtepi\/empregabilidade\/sine-nos-bairros-zonas-sul-centro-oeste\/"]}]},{"@type":"ImageObject","inLanguage":"pt-BR","@id":"https:\/\/www.manaus.am.gov.br\/semtepi\/empregabilidade\/sine-nos-bairros-zonas-sul-centro-oeste\/#primaryimage","url":"https:\/\/www.manaus.am.gov.br\/semtepi\/wp-content\/uploads\/sites\/20\/2024\/02\/53217753531_ee25886e6c_c-3.jpg","contentUrl":"https:\/\/www.manaus.am.gov.br\/semtepi\/wp-content\/uploads\/sites\/20\/2024\/02\/53217753531_ee25886e6c_c-3.jpg","width":799,"height":533},{"@type":"BreadcrumbList","@id":"https:\/\/www.manaus.am.gov.br\/semtepi\/empregabilidade\/sine-nos-bairros-zonas-sul-centro-oeste\/#breadcrumb","itemListElement":[{"@type":"ListItem","position":1,"name":"Home","item":"https:\/\/www.manaus.am.gov.br\/semtepi\/"},{"@type":"ListItem","position":2,"name":"\u2018Sine nos Bairros\u2019 da Prefeitura de Manaus atende nas zonas Sul e Centro-Oeste neste s\u00e1bado, 3\/2"}]},{"@type":"WebSite","@id":"https:\/\/www.manaus.am.gov.br\/semtepi\/#website","url":"https:\/\/www.manaus.am.gov.br\/semtepi\/","name":"SEMTEPI","description":"Prefeitura de Manaus","publisher":{"@id":"https:\/\/www.manaus.am.gov.br\/semtepi\/#organization"},"alternateName":"Secretaria Municipal do Trabalho, Empreendedorismo e Inova\u00e7\u00e3o","potentialAction":[{"@type":"SearchAction","target":{"@type":"EntryPoint","urlTemplate":"https:\/\/www.manaus.am.gov.br\/semtepi\/?s={search_term_string}"},"query-input":"required name=search_term_string"}],"inLanguage":"pt-BR"},{"@type":"Organization","@id":"https:\/\/www.manaus.am.gov.br\/semtepi\/#organization","name":"Prefeitura Municipal de Manaus","alternateName":"Prefeitura de Manaus","url":"https:\/\/www.manaus.am.gov.br\/semtepi\/","logo":{"@type":"ImageObject","inLanguage":"pt-BR","@id":"https:\/\/www.manaus.am.gov.br\/semtepi\/#\/schema\/logo\/image\/","url":"https:\/\/www.manaus.am.gov.br\/semtepi\/wp-content\/uploads\/sites\/20\/2024\/07\/favicon.png","contentUrl":"https:\/\/www.manaus.am.gov.br\/semtepi\/wp-content\/uploads\/sites\/20\/2024\/07\/favicon.png","width":300,"height":300,"caption":"Prefeitura Municipal de Manaus"},"image":{"@id":"https:\/\/www.manaus.am.gov.br\/semtepi\/#\/schema\/logo\/image\/"}},{"@type":"Person","@id":"https:\/\/www.manaus.am.gov.br\/semtepi\/#\/schema\/person\/4e49f4e267757a06ca072ec61b2b9968","name":"Adriana Costa","image":{"@type":"ImageObject","inLanguage":"pt-BR","@id":"https:\/\/www.manaus.am.gov.br\/semtepi\/#\/schema\/person\/image\/","url":"https:\/\/secure.gravatar.com\/avatar\/576258617ef7194f718179e766d57bd4?s=96&d=mm&r=g","contentUrl":"https:\/\/secure.gravatar.com\/avatar\/576258617ef7194f718179e766d57bd4?s=96&d=mm&r=g","caption":"Adriana Costa"}}]}},"_links":{"self":[{"href":"https:\/\/www.manaus.am.gov.br\/semtepi\/wp-json\/wp\/v2\/posts\/4062"}],"collection":[{"href":"https:\/\/www.manaus.am.gov.br\/semtepi\/wp-json\/wp\/v2\/posts"}],"about":[{"href":"https:\/\/www.manaus.am.gov.br\/semtepi\/wp-json\/wp\/v2\/types\/post"}],"author":[{"embeddable":true,"href":"https:\/\/www.manaus.am.gov.br\/semtepi\/wp-json\/wp\/v2\/users\/23"}],"replies":[{"embeddable":true,"href":"https:\/\/www.manaus.am.gov.br\/semtepi\/wp-json\/wp\/v2\/comments?post=4062"}],"version-history":[{"count":0,"href":"https:\/\/www.manaus.am.gov.br\/semtepi\/wp-json\/wp\/v2\/posts\/4062\/revisions"}],"wp:featuredmedia":[{"embeddable":true,"href":"https:\/\/www.manaus.am.gov.br\/semtepi\/wp-json\/wp\/v2\/media\/4063"}],"wp:attachment":[{"href":"https:\/\/www.manaus.am.gov.br\/semtepi\/wp-json\/wp\/v2\/media?parent=4062"}],"wp:term":[{"taxonomy":"category","embeddable":true,"href":"https:\/\/www.manaus.am.gov.br\/semtepi\/wp-json\/wp\/v2\/categories?post=4062"},{"taxonomy":"post_tag","embeddable":true,"href":"https:\/\/www.manaus.am.gov.br\/semtepi\/wp-json\/wp\/v2\/tags?post=4062"}],"curies":[{"name":"wp","href":"https:\/\/api.w.org\/{rel}","templated":true}]}}