{"id":4020,"date":"2024-01-31T08:21:24","date_gmt":"2024-01-31T12:21:24","guid":{"rendered":"https:\/\/www.manaus.am.gov.br\/semtepi\/sem-categoria\/casa-de-praia-carnaval-kids\/"},"modified":"2024-02-01T07:23:29","modified_gmt":"2024-02-01T11:23:29","slug":"casa-de-praia-carnaval-kids","status":"publish","type":"post","link":"https:\/\/www.manaus.am.gov.br\/semtepi\/programacao\/casa-de-praia-carnaval-kids\/","title":{"rendered":"Casa de Praia Zezinho Corr\u00eaa sedia \u20181\u00ba Carnaval Kids\u2019 neste domingo, 4\/2"},"content":{"rendered":"\n<p>Administrada pela Prefeitura de Manaus, por meio da Secretaria Municipal do Trabalho, Empreendedorismo e Inova\u00e7\u00e3o (Semtepi), a Casa de Praia Zezinho Corr\u00eaa, vai sediar, neste domingo, 4\/2, o primeiro Carnaval Kids que contar\u00e1 com duas atra\u00e7\u00f5es locais: o grupo Cal\u00e7ada e a banda Di Bubuia. Aos interessados em prestigiar, o espa\u00e7o est\u00e1 localizado no complexo tur\u00edstico Ponta Negra, zona Oeste da capital.<\/p>\n\n\n\n<p>Os shows v\u00e3o come\u00e7ar a partir das 17h, com entrada franca para todas as idades. Entre os destaques do dia, est\u00e1 o grupo Cal\u00e7ada, trazendo o samba raiz que atualmente \u00e9 composta por Vanjo (repique e voz); Sidney Braga (cavaco, sax e voz); Eliezer (pandeiro e voz); Marcondes (bateria) e Marlon (percuss\u00e3o em geral).<\/p>\n\n\n\n<p>\u201cA Casa de Praia \u00e9 um ambiente destinado ao desfrute do lazer, empreendedorismo e \u00e0 promo\u00e7\u00e3o da nossa rica cultura. \u00c9 importante ressaltar que estamos adentrando o m\u00eas do Carnaval, portanto, convidamos todos a aproveitarem esse espa\u00e7o. Convide sua fam\u00edlia para apreciar o show especialmente preparado para as crian\u00e7as\u201d, afirmou o secret\u00e1rio da Semtepi, Radyr J\u00fanior.<\/p>\n\n\n\n<p>Na sequ\u00eancia de shows, as apresenta\u00e7\u00f5es v\u00e3o continuar com a banda Di Bubuia fazendo um show durante a \u201cTardezinha\u201d na Casa de Praia. Considerada a primeira banda do Amazonas a fazer m\u00fasica exclusivamente para crian\u00e7as, o grupo iniciou seus trabalhos em 2000, tocando na noite MPB e m\u00fasica alternativa, sempre apresentando as composi\u00e7\u00f5es de seus m\u00fasicos.<\/p>\n\n\n\n<p>O espa\u00e7o tamb\u00e9m disp\u00f5e de restaurantes, <em>playground<\/em> para crian\u00e7as e uma bela vista \u00e0 beira-rio.<\/p>\n\n\n\n<p>&#8212; &#8212; &#8212; &nbsp;<\/p>\n\n\n\n<p><strong>Texto \u2013 <\/strong>Fabiane Monteiro \/Semtepi<\/p>\n\n\n\n<p><strong>Fotos \u2013 <\/strong>Arquivo\/Semcom<\/p>\n","protected":false},"excerpt":{"rendered":"","protected":false},"author":23,"featured_media":4021,"comment_status":"closed","ping_status":"closed","sticky":false,"template":"","format":"standard","meta":{"footnotes":""},"categories":[209],"tags":[940,8,9],"acf":[],"yoast_head":"<!-- This site is optimized with the Yoast SEO plugin v23.0 - https:\/\/yoast.com\/wordpress\/plugins\/seo\/ -->\n<title>Casa de Praia Zezinho Corr\u00eaa sedia \u20181\u00ba Carnaval Kids\u2019 neste domingo, 4\/2<\/title>\n<meta name=\"description\" content=\"Administrada pela Prefeitura de Manaus, por meio da Secretaria Municipal do Trabalho, Empreendedorismo e Inova\u00e7\u00e3o (Semtepi), a Casa de Praia Zezinho Corr\u00eaa, vai sediar, neste domingo, 4\/2, o primeiro Carnaval Kids que contar\u00e1 com duas atra\u00e7\u00f5es locais: o grupo Cal\u00e7ada e a banda Di Bubuia. Aos interessados em prestigiar, o espa\u00e7o est\u00e1 localizado no complexo tur\u00edstico Ponta Negra, zona Oeste da capital.\" \/>\n<meta name=\"robots\" content=\"noindex, follow\" \/>\n<meta property=\"og:locale\" content=\"pt_BR\" \/>\n<meta property=\"og:type\" content=\"article\" \/>\n<meta property=\"og:title\" content=\"Casa de Praia Zezinho Corr\u00eaa sedia \u20181\u00ba Carnaval Kids\u2019 neste domingo, 4\/2\" \/>\n<meta property=\"og:description\" content=\"Administrada pela Prefeitura de Manaus, por meio da Secretaria Municipal do Trabalho, Empreendedorismo e Inova\u00e7\u00e3o (Semtepi), a Casa de Praia Zezinho Corr\u00eaa, vai sediar, neste domingo, 4\/2, o primeiro Carnaval Kids que contar\u00e1 com duas atra\u00e7\u00f5es locais: o grupo Cal\u00e7ada e a banda Di Bubuia. Aos interessados em prestigiar, o espa\u00e7o est\u00e1 localizado no complexo tur\u00edstico Ponta Negra, zona Oeste da capital.\" \/>\n<meta property=\"og:url\" content=\"https:\/\/www.manaus.am.gov.br\/semtepi\/programacao\/casa-de-praia-carnaval-kids\/\" \/>\n<meta property=\"og:site_name\" content=\"SEMTEPI\" \/>\n<meta property=\"article:published_time\" content=\"2024-01-31T12:21:24+00:00\" \/>\n<meta property=\"article:modified_time\" content=\"2024-02-01T11:23:29+00:00\" \/>\n<meta property=\"og:image\" content=\"https:\/\/www.manaus.am.gov.br\/semtepi\/wp-content\/uploads\/sites\/20\/2024\/01\/52951440789_ce4d3247c1_c.jpg\" \/>\n\t<meta property=\"og:image:width\" content=\"799\" \/>\n\t<meta property=\"og:image:height\" content=\"533\" \/>\n\t<meta property=\"og:image:type\" content=\"image\/jpeg\" \/>\n<meta name=\"author\" content=\"Adriana Costa\" \/>\n<meta name=\"twitter:card\" content=\"summary_large_image\" \/>\n<meta name=\"twitter:label1\" content=\"Written by\" \/>\n\t<meta name=\"twitter:data1\" content=\"Adriana Costa\" \/>\n\t<meta name=\"twitter:label2\" content=\"Est. reading time\" \/>\n\t<meta name=\"twitter:data2\" content=\"2 minutos\" \/>\n<script type=\"application\/ld+json\" class=\"yoast-schema-graph\">{\"@context\":\"https:\/\/schema.org\",\"@graph\":[{\"@type\":\"Article\",\"@id\":\"https:\/\/www.manaus.am.gov.br\/semtepi\/programacao\/casa-de-praia-carnaval-kids\/#article\",\"isPartOf\":{\"@id\":\"https:\/\/www.manaus.am.gov.br\/semtepi\/programacao\/casa-de-praia-carnaval-kids\/\"},\"author\":{\"name\":\"Adriana Costa\",\"@id\":\"https:\/\/www.manaus.am.gov.br\/semtepi\/#\/schema\/person\/4e49f4e267757a06ca072ec61b2b9968\"},\"headline\":\"Casa de Praia Zezinho Corr\u00eaa sedia \u20181\u00ba Carnaval Kids\u2019 neste domingo, 4\/2\",\"datePublished\":\"2024-01-31T12:21:24+00:00\",\"dateModified\":\"2024-02-01T11:23:29+00:00\",\"mainEntityOfPage\":{\"@id\":\"https:\/\/www.manaus.am.gov.br\/semtepi\/programacao\/casa-de-praia-carnaval-kids\/\"},\"wordCount\":287,\"publisher\":{\"@id\":\"https:\/\/www.manaus.am.gov.br\/semtepi\/#organization\"},\"image\":{\"@id\":\"https:\/\/www.manaus.am.gov.br\/semtepi\/programacao\/casa-de-praia-carnaval-kids\/#primaryimage\"},\"thumbnailUrl\":\"https:\/\/www.manaus.am.gov.br\/semtepi\/wp-content\/uploads\/sites\/20\/2024\/01\/52951440789_ce4d3247c1_c.jpg\",\"keywords\":[\"Carnaval Kids\",\"prefeitura de manaus\",\"Semtepi\"],\"articleSection\":[\"Programa\u00e7\u00e3o\"],\"inLanguage\":\"pt-BR\"},{\"@type\":\"WebPage\",\"@id\":\"https:\/\/www.manaus.am.gov.br\/semtepi\/programacao\/casa-de-praia-carnaval-kids\/\",\"url\":\"https:\/\/www.manaus.am.gov.br\/semtepi\/programacao\/casa-de-praia-carnaval-kids\/\",\"name\":\"Casa de Praia Zezinho Corr\u00eaa sedia \u20181\u00ba Carnaval Kids\u2019 neste domingo, 4\/2\",\"isPartOf\":{\"@id\":\"https:\/\/www.manaus.am.gov.br\/semtepi\/#website\"},\"primaryImageOfPage\":{\"@id\":\"https:\/\/www.manaus.am.gov.br\/semtepi\/programacao\/casa-de-praia-carnaval-kids\/#primaryimage\"},\"image\":{\"@id\":\"https:\/\/www.manaus.am.gov.br\/semtepi\/programacao\/casa-de-praia-carnaval-kids\/#primaryimage\"},\"thumbnailUrl\":\"https:\/\/www.manaus.am.gov.br\/semtepi\/wp-content\/uploads\/sites\/20\/2024\/01\/52951440789_ce4d3247c1_c.jpg\",\"datePublished\":\"2024-01-31T12:21:24+00:00\",\"dateModified\":\"2024-02-01T11:23:29+00:00\",\"description\":\"Administrada pela Prefeitura de Manaus, por meio da Secretaria Municipal do Trabalho, Empreendedorismo e Inova\u00e7\u00e3o (Semtepi), a Casa de Praia Zezinho Corr\u00eaa, vai sediar, neste domingo, 4\/2, o primeiro Carnaval Kids que contar\u00e1 com duas atra\u00e7\u00f5es locais: o grupo Cal\u00e7ada e a banda Di Bubuia. Aos interessados em prestigiar, o espa\u00e7o est\u00e1 localizado no complexo tur\u00edstico Ponta Negra, zona Oeste da capital.\",\"breadcrumb\":{\"@id\":\"https:\/\/www.manaus.am.gov.br\/semtepi\/programacao\/casa-de-praia-carnaval-kids\/#breadcrumb\"},\"inLanguage\":\"pt-BR\",\"potentialAction\":[{\"@type\":\"ReadAction\",\"target\":[\"https:\/\/www.manaus.am.gov.br\/semtepi\/programacao\/casa-de-praia-carnaval-kids\/\"]}]},{\"@type\":\"ImageObject\",\"inLanguage\":\"pt-BR\",\"@id\":\"https:\/\/www.manaus.am.gov.br\/semtepi\/programacao\/casa-de-praia-carnaval-kids\/#primaryimage\",\"url\":\"https:\/\/www.manaus.am.gov.br\/semtepi\/wp-content\/uploads\/sites\/20\/2024\/01\/52951440789_ce4d3247c1_c.jpg\",\"contentUrl\":\"https:\/\/www.manaus.am.gov.br\/semtepi\/wp-content\/uploads\/sites\/20\/2024\/01\/52951440789_ce4d3247c1_c.jpg\",\"width\":799,\"height\":533},{\"@type\":\"BreadcrumbList\",\"@id\":\"https:\/\/www.manaus.am.gov.br\/semtepi\/programacao\/casa-de-praia-carnaval-kids\/#breadcrumb\",\"itemListElement\":[{\"@type\":\"ListItem\",\"position\":1,\"name\":\"Home\",\"item\":\"https:\/\/www.manaus.am.gov.br\/semtepi\/\"},{\"@type\":\"ListItem\",\"position\":2,\"name\":\"Casa de Praia Zezinho Corr\u00eaa sedia \u20181\u00ba Carnaval Kids\u2019 neste domingo, 4\/2\"}]},{\"@type\":\"WebSite\",\"@id\":\"https:\/\/www.manaus.am.gov.br\/semtepi\/#website\",\"url\":\"https:\/\/www.manaus.am.gov.br\/semtepi\/\",\"name\":\"SEMTEPI\",\"description\":\"Prefeitura de Manaus\",\"publisher\":{\"@id\":\"https:\/\/www.manaus.am.gov.br\/semtepi\/#organization\"},\"alternateName\":\"Secretaria Municipal do Trabalho, Empreendedorismo e Inova\u00e7\u00e3o\",\"potentialAction\":[{\"@type\":\"SearchAction\",\"target\":{\"@type\":\"EntryPoint\",\"urlTemplate\":\"https:\/\/www.manaus.am.gov.br\/semtepi\/?s={search_term_string}\"},\"query-input\":\"required name=search_term_string\"}],\"inLanguage\":\"pt-BR\"},{\"@type\":\"Organization\",\"@id\":\"https:\/\/www.manaus.am.gov.br\/semtepi\/#organization\",\"name\":\"Prefeitura Municipal de Manaus\",\"alternateName\":\"Prefeitura de Manaus\",\"url\":\"https:\/\/www.manaus.am.gov.br\/semtepi\/\",\"logo\":{\"@type\":\"ImageObject\",\"inLanguage\":\"pt-BR\",\"@id\":\"https:\/\/www.manaus.am.gov.br\/semtepi\/#\/schema\/logo\/image\/\",\"url\":\"https:\/\/www.manaus.am.gov.br\/semtepi\/wp-content\/uploads\/sites\/20\/2024\/07\/favicon.png\",\"contentUrl\":\"https:\/\/www.manaus.am.gov.br\/semtepi\/wp-content\/uploads\/sites\/20\/2024\/07\/favicon.png\",\"width\":300,\"height\":300,\"caption\":\"Prefeitura Municipal de Manaus\"},\"image\":{\"@id\":\"https:\/\/www.manaus.am.gov.br\/semtepi\/#\/schema\/logo\/image\/\"}},{\"@type\":\"Person\",\"@id\":\"https:\/\/www.manaus.am.gov.br\/semtepi\/#\/schema\/person\/4e49f4e267757a06ca072ec61b2b9968\",\"name\":\"Adriana Costa\",\"image\":{\"@type\":\"ImageObject\",\"inLanguage\":\"pt-BR\",\"@id\":\"https:\/\/www.manaus.am.gov.br\/semtepi\/#\/schema\/person\/image\/\",\"url\":\"https:\/\/secure.gravatar.com\/avatar\/576258617ef7194f718179e766d57bd4?s=96&d=mm&r=g\",\"contentUrl\":\"https:\/\/secure.gravatar.com\/avatar\/576258617ef7194f718179e766d57bd4?s=96&d=mm&r=g\",\"caption\":\"Adriana Costa\"}}]}<\/script>\n<!-- \/ Yoast SEO plugin. -->","yoast_head_json":{"title":"Casa de Praia Zezinho Corr\u00eaa sedia \u20181\u00ba Carnaval Kids\u2019 neste domingo, 4\/2","description":"Administrada pela Prefeitura de Manaus, por meio da Secretaria Municipal do Trabalho, Empreendedorismo e Inova\u00e7\u00e3o (Semtepi), a Casa de Praia Zezinho Corr\u00eaa, vai sediar, neste domingo, 4\/2, o primeiro Carnaval Kids que contar\u00e1 com duas atra\u00e7\u00f5es locais: o grupo Cal\u00e7ada e a banda Di Bubuia. Aos interessados em prestigiar, o espa\u00e7o est\u00e1 localizado no complexo tur\u00edstico Ponta Negra, zona Oeste da capital.","robots":{"index":"noindex","follow":"follow"},"og_locale":"pt_BR","og_type":"article","og_title":"Casa de Praia Zezinho Corr\u00eaa sedia \u20181\u00ba Carnaval Kids\u2019 neste domingo, 4\/2","og_description":"Administrada pela Prefeitura de Manaus, por meio da Secretaria Municipal do Trabalho, Empreendedorismo e Inova\u00e7\u00e3o (Semtepi), a Casa de Praia Zezinho Corr\u00eaa, vai sediar, neste domingo, 4\/2, o primeiro Carnaval Kids que contar\u00e1 com duas atra\u00e7\u00f5es locais: o grupo Cal\u00e7ada e a banda Di Bubuia. Aos interessados em prestigiar, o espa\u00e7o est\u00e1 localizado no complexo tur\u00edstico Ponta Negra, zona Oeste da capital.","og_url":"https:\/\/www.manaus.am.gov.br\/semtepi\/programacao\/casa-de-praia-carnaval-kids\/","og_site_name":"SEMTEPI","article_published_time":"2024-01-31T12:21:24+00:00","article_modified_time":"2024-02-01T11:23:29+00:00","og_image":[{"width":799,"height":533,"url":"https:\/\/www.manaus.am.gov.br\/semtepi\/wp-content\/uploads\/sites\/20\/2024\/01\/52951440789_ce4d3247c1_c.jpg","type":"image\/jpeg"}],"author":"Adriana Costa","twitter_card":"summary_large_image","twitter_misc":{"Written by":"Adriana Costa","Est. reading time":"2 minutos"},"schema":{"@context":"https:\/\/schema.org","@graph":[{"@type":"Article","@id":"https:\/\/www.manaus.am.gov.br\/semtepi\/programacao\/casa-de-praia-carnaval-kids\/#article","isPartOf":{"@id":"https:\/\/www.manaus.am.gov.br\/semtepi\/programacao\/casa-de-praia-carnaval-kids\/"},"author":{"name":"Adriana Costa","@id":"https:\/\/www.manaus.am.gov.br\/semtepi\/#\/schema\/person\/4e49f4e267757a06ca072ec61b2b9968"},"headline":"Casa de Praia Zezinho Corr\u00eaa sedia \u20181\u00ba Carnaval Kids\u2019 neste domingo, 4\/2","datePublished":"2024-01-31T12:21:24+00:00","dateModified":"2024-02-01T11:23:29+00:00","mainEntityOfPage":{"@id":"https:\/\/www.manaus.am.gov.br\/semtepi\/programacao\/casa-de-praia-carnaval-kids\/"},"wordCount":287,"publisher":{"@id":"https:\/\/www.manaus.am.gov.br\/semtepi\/#organization"},"image":{"@id":"https:\/\/www.manaus.am.gov.br\/semtepi\/programacao\/casa-de-praia-carnaval-kids\/#primaryimage"},"thumbnailUrl":"https:\/\/www.manaus.am.gov.br\/semtepi\/wp-content\/uploads\/sites\/20\/2024\/01\/52951440789_ce4d3247c1_c.jpg","keywords":["Carnaval Kids","prefeitura de manaus","Semtepi"],"articleSection":["Programa\u00e7\u00e3o"],"inLanguage":"pt-BR"},{"@type":"WebPage","@id":"https:\/\/www.manaus.am.gov.br\/semtepi\/programacao\/casa-de-praia-carnaval-kids\/","url":"https:\/\/www.manaus.am.gov.br\/semtepi\/programacao\/casa-de-praia-carnaval-kids\/","name":"Casa de Praia Zezinho Corr\u00eaa sedia \u20181\u00ba Carnaval Kids\u2019 neste domingo, 4\/2","isPartOf":{"@id":"https:\/\/www.manaus.am.gov.br\/semtepi\/#website"},"primaryImageOfPage":{"@id":"https:\/\/www.manaus.am.gov.br\/semtepi\/programacao\/casa-de-praia-carnaval-kids\/#primaryimage"},"image":{"@id":"https:\/\/www.manaus.am.gov.br\/semtepi\/programacao\/casa-de-praia-carnaval-kids\/#primaryimage"},"thumbnailUrl":"https:\/\/www.manaus.am.gov.br\/semtepi\/wp-content\/uploads\/sites\/20\/2024\/01\/52951440789_ce4d3247c1_c.jpg","datePublished":"2024-01-31T12:21:24+00:00","dateModified":"2024-02-01T11:23:29+00:00","description":"Administrada pela Prefeitura de Manaus, por meio da Secretaria Municipal do Trabalho, Empreendedorismo e Inova\u00e7\u00e3o (Semtepi), a Casa de Praia Zezinho Corr\u00eaa, vai sediar, neste domingo, 4\/2, o primeiro Carnaval Kids que contar\u00e1 com duas atra\u00e7\u00f5es locais: o grupo Cal\u00e7ada e a banda Di Bubuia. Aos interessados em prestigiar, o espa\u00e7o est\u00e1 localizado no complexo tur\u00edstico Ponta Negra, zona Oeste da capital.","breadcrumb":{"@id":"https:\/\/www.manaus.am.gov.br\/semtepi\/programacao\/casa-de-praia-carnaval-kids\/#breadcrumb"},"inLanguage":"pt-BR","potentialAction":[{"@type":"ReadAction","target":["https:\/\/www.manaus.am.gov.br\/semtepi\/programacao\/casa-de-praia-carnaval-kids\/"]}]},{"@type":"ImageObject","inLanguage":"pt-BR","@id":"https:\/\/www.manaus.am.gov.br\/semtepi\/programacao\/casa-de-praia-carnaval-kids\/#primaryimage","url":"https:\/\/www.manaus.am.gov.br\/semtepi\/wp-content\/uploads\/sites\/20\/2024\/01\/52951440789_ce4d3247c1_c.jpg","contentUrl":"https:\/\/www.manaus.am.gov.br\/semtepi\/wp-content\/uploads\/sites\/20\/2024\/01\/52951440789_ce4d3247c1_c.jpg","width":799,"height":533},{"@type":"BreadcrumbList","@id":"https:\/\/www.manaus.am.gov.br\/semtepi\/programacao\/casa-de-praia-carnaval-kids\/#breadcrumb","itemListElement":[{"@type":"ListItem","position":1,"name":"Home","item":"https:\/\/www.manaus.am.gov.br\/semtepi\/"},{"@type":"ListItem","position":2,"name":"Casa de Praia Zezinho Corr\u00eaa sedia \u20181\u00ba Carnaval Kids\u2019 neste domingo, 4\/2"}]},{"@type":"WebSite","@id":"https:\/\/www.manaus.am.gov.br\/semtepi\/#website","url":"https:\/\/www.manaus.am.gov.br\/semtepi\/","name":"SEMTEPI","description":"Prefeitura de Manaus","publisher":{"@id":"https:\/\/www.manaus.am.gov.br\/semtepi\/#organization"},"alternateName":"Secretaria Municipal do Trabalho, Empreendedorismo e Inova\u00e7\u00e3o","potentialAction":[{"@type":"SearchAction","target":{"@type":"EntryPoint","urlTemplate":"https:\/\/www.manaus.am.gov.br\/semtepi\/?s={search_term_string}"},"query-input":"required name=search_term_string"}],"inLanguage":"pt-BR"},{"@type":"Organization","@id":"https:\/\/www.manaus.am.gov.br\/semtepi\/#organization","name":"Prefeitura Municipal de Manaus","alternateName":"Prefeitura de Manaus","url":"https:\/\/www.manaus.am.gov.br\/semtepi\/","logo":{"@type":"ImageObject","inLanguage":"pt-BR","@id":"https:\/\/www.manaus.am.gov.br\/semtepi\/#\/schema\/logo\/image\/","url":"https:\/\/www.manaus.am.gov.br\/semtepi\/wp-content\/uploads\/sites\/20\/2024\/07\/favicon.png","contentUrl":"https:\/\/www.manaus.am.gov.br\/semtepi\/wp-content\/uploads\/sites\/20\/2024\/07\/favicon.png","width":300,"height":300,"caption":"Prefeitura Municipal de Manaus"},"image":{"@id":"https:\/\/www.manaus.am.gov.br\/semtepi\/#\/schema\/logo\/image\/"}},{"@type":"Person","@id":"https:\/\/www.manaus.am.gov.br\/semtepi\/#\/schema\/person\/4e49f4e267757a06ca072ec61b2b9968","name":"Adriana Costa","image":{"@type":"ImageObject","inLanguage":"pt-BR","@id":"https:\/\/www.manaus.am.gov.br\/semtepi\/#\/schema\/person\/image\/","url":"https:\/\/secure.gravatar.com\/avatar\/576258617ef7194f718179e766d57bd4?s=96&d=mm&r=g","contentUrl":"https:\/\/secure.gravatar.com\/avatar\/576258617ef7194f718179e766d57bd4?s=96&d=mm&r=g","caption":"Adriana Costa"}}]}},"_links":{"self":[{"href":"https:\/\/www.manaus.am.gov.br\/semtepi\/wp-json\/wp\/v2\/posts\/4020"}],"collection":[{"href":"https:\/\/www.manaus.am.gov.br\/semtepi\/wp-json\/wp\/v2\/posts"}],"about":[{"href":"https:\/\/www.manaus.am.gov.br\/semtepi\/wp-json\/wp\/v2\/types\/post"}],"author":[{"embeddable":true,"href":"https:\/\/www.manaus.am.gov.br\/semtepi\/wp-json\/wp\/v2\/users\/23"}],"replies":[{"embeddable":true,"href":"https:\/\/www.manaus.am.gov.br\/semtepi\/wp-json\/wp\/v2\/comments?post=4020"}],"version-history":[{"count":1,"href":"https:\/\/www.manaus.am.gov.br\/semtepi\/wp-json\/wp\/v2\/posts\/4020\/revisions"}],"predecessor-version":[{"id":4047,"href":"https:\/\/www.manaus.am.gov.br\/semtepi\/wp-json\/wp\/v2\/posts\/4020\/revisions\/4047"}],"wp:featuredmedia":[{"embeddable":true,"href":"https:\/\/www.manaus.am.gov.br\/semtepi\/wp-json\/wp\/v2\/media\/4021"}],"wp:attachment":[{"href":"https:\/\/www.manaus.am.gov.br\/semtepi\/wp-json\/wp\/v2\/media?parent=4020"}],"wp:term":[{"taxonomy":"category","embeddable":true,"href":"https:\/\/www.manaus.am.gov.br\/semtepi\/wp-json\/wp\/v2\/categories?post=4020"},{"taxonomy":"post_tag","embeddable":true,"href":"https:\/\/www.manaus.am.gov.br\/semtepi\/wp-json\/wp\/v2\/tags?post=4020"}],"curies":[{"name":"wp","href":"https:\/\/api.w.org\/{rel}","templated":true}]}}