{"id":3979,"date":"2024-01-25T12:16:37","date_gmt":"2024-01-25T16:16:37","guid":{"rendered":"https:\/\/www.manaus.am.gov.br\/semtepi\/sem-categoria\/casa-de-praia-zezinho-correa-e-palco-de-shows-gratuitos-de-mpb-rock-acustico-sertanejo-e-forro\/"},"modified":"2024-01-25T12:16:37","modified_gmt":"2024-01-25T16:16:37","slug":"casa-de-praia-zezinho-correa-e-palco-de-shows-gratuitos-de-mpb-rock-acustico-sertanejo-e-forro","status":"publish","type":"post","link":"https:\/\/www.manaus.am.gov.br\/semtepi\/programacao\/casa-de-praia-zezinho-correa-e-palco-de-shows-gratuitos-de-mpb-rock-acustico-sertanejo-e-forro\/","title":{"rendered":"Casa de Praia Zezinho Corr\u00eaa \u00e9 palco de shows gratuitos de MPB, rock ac\u00fastico, sertanejo e forr\u00f3"},"content":{"rendered":"\n<p>A Casa de Praia Zezinho Corr\u00eaa, administrada pela Prefeitura de Manaus, por meio da Secretaria Municipal do Trabalho, Empreendedorismo e Inova\u00e7\u00e3o (Semtepi), ser\u00e1 palco, nesta sexta-feira e s\u00e1bado, 26 e 27\/1, de quatro shows gratuitos de M\u00fasica Popular Brasileira (MPB), rock ac\u00fastico, sertanejo e forr\u00f3. As programa\u00e7\u00f5es iniciam a partir das 18h, no espa\u00e7o localizado no complexo tur\u00edstico Ponta Negra, zona Oeste da cidade.<\/p>\n\n\n\n<p>Nesta sexta-feira, 26\/1, Daniel Lima &amp; Banda v\u00e3o se apresentar no palco Murilo Rayol com m\u00fasicas de sucesso do rock-pop, logo depois, a cantora Helen Portto vai trazer um compilado de can\u00e7\u00f5es de diversos g\u00eaneros, como MPB, sertanejo, e outros sons em ritmos de bossa nova.<\/p>\n\n\n\n<p>\u201cCom mais de 130 shows realizados na Casa de Praia Zezinho Corr\u00eaa, n\u00f3s entendemos que fomentar a cultura e o empreendedorismo n\u00e3o apenas impulsiona o crescimento econ\u00f4mico, mas tamb\u00e9m enriquece a sociedade como um todo, promovendo inova\u00e7\u00e3o, inclus\u00e3o e desenvolvimento sustent\u00e1vel\u201d, destaca o titular da Semtepi, Radyr J\u00fanior.<\/p>\n\n\n\n<p>No s\u00e1bado, 27\/1, o cantor sertanejo Jhansen Almeida vai entoar as m\u00fasicas de sucesso do famoso piseiro e forr\u00f3 de Manaus. Em seguida, o ac\u00fastico MPB tomar\u00e1 conta do espa\u00e7o na voz da artista Larissa Evelyng. A Casa de Praia tamb\u00e9m possui op\u00e7\u00f5es gastron\u00f4micas, al\u00e9m de um espa\u00e7o de <em>playground<\/em> para crian\u00e7as.<\/p>\n\n\n\n<p>&#8212; &#8212; &#8212;<\/p>\n\n\n\n<p><strong>Texto \u2013 <\/strong>Fabiane Monteiro \/ Semtepi<\/p>\n\n\n\n<p><strong>Fotos \u2013 <\/strong>Arquivo\/Semcom<\/p>\n","protected":false},"excerpt":{"rendered":"","protected":false},"author":23,"featured_media":3980,"comment_status":"closed","ping_status":"closed","sticky":false,"template":"","format":"standard","meta":{"footnotes":""},"categories":[209],"tags":[212,8,216,9,934],"acf":[],"yoast_head":"<!-- This site is optimized with the Yoast SEO plugin v23.0 - https:\/\/yoast.com\/wordpress\/plugins\/seo\/ -->\n<title>Casa de Praia Zezinho Corr\u00eaa \u00e9 palco de shows gratuitos de MPB, rock ac\u00fastico, sertanejo e forr\u00f3<\/title>\n<meta name=\"description\" content=\"A Casa de Praia Zezinho Corr\u00eaa, administrada pela Prefeitura de Manaus, por meio da Secretaria Municipal do Trabalho, Empreendedorismo e Inova\u00e7\u00e3o (Semtepi), ser\u00e1 palco, nesta sexta-feira e s\u00e1bado, 26 e 27\/1, de quatro shows gratuitos de M\u00fasica Popular Brasileira (MPB), rock ac\u00fastico, sertanejo e forr\u00f3. As programa\u00e7\u00f5es iniciam a partir das 18h, no espa\u00e7o localizado no complexo tur\u00edstico Ponta Negra, zona Oeste da cidade.\" \/>\n<meta name=\"robots\" content=\"noindex, follow\" \/>\n<meta property=\"og:locale\" content=\"pt_BR\" \/>\n<meta property=\"og:type\" content=\"article\" \/>\n<meta property=\"og:title\" content=\"Casa de Praia Zezinho Corr\u00eaa \u00e9 palco de shows gratuitos de MPB, rock ac\u00fastico, sertanejo e forr\u00f3\" \/>\n<meta property=\"og:description\" content=\"A Casa de Praia Zezinho Corr\u00eaa, administrada pela Prefeitura de Manaus, por meio da Secretaria Municipal do Trabalho, Empreendedorismo e Inova\u00e7\u00e3o (Semtepi), ser\u00e1 palco, nesta sexta-feira e s\u00e1bado, 26 e 27\/1, de quatro shows gratuitos de M\u00fasica Popular Brasileira (MPB), rock ac\u00fastico, sertanejo e forr\u00f3. As programa\u00e7\u00f5es iniciam a partir das 18h, no espa\u00e7o localizado no complexo tur\u00edstico Ponta Negra, zona Oeste da cidade.\" \/>\n<meta property=\"og:url\" content=\"https:\/\/www.manaus.am.gov.br\/semtepi\/programacao\/casa-de-praia-zezinho-correa-e-palco-de-shows-gratuitos-de-mpb-rock-acustico-sertanejo-e-forro\/\" \/>\n<meta property=\"og:site_name\" content=\"SEMTEPI\" \/>\n<meta property=\"article:published_time\" content=\"2024-01-25T16:16:37+00:00\" \/>\n<meta property=\"og:image\" content=\"https:\/\/www.manaus.am.gov.br\/semtepi\/wp-content\/uploads\/sites\/20\/2024\/01\/53049397121_4031ae7eb2_c-1.jpg\" \/>\n\t<meta property=\"og:image:width\" content=\"799\" \/>\n\t<meta property=\"og:image:height\" content=\"533\" \/>\n\t<meta property=\"og:image:type\" content=\"image\/jpeg\" \/>\n<meta name=\"author\" content=\"Adriana Costa\" \/>\n<meta name=\"twitter:card\" content=\"summary_large_image\" \/>\n<meta name=\"twitter:label1\" content=\"Written by\" \/>\n\t<meta name=\"twitter:data1\" content=\"Adriana Costa\" \/>\n\t<meta name=\"twitter:label2\" content=\"Est. reading time\" \/>\n\t<meta name=\"twitter:data2\" content=\"2 minutos\" \/>\n<script type=\"application\/ld+json\" class=\"yoast-schema-graph\">{\"@context\":\"https:\/\/schema.org\",\"@graph\":[{\"@type\":\"Article\",\"@id\":\"https:\/\/www.manaus.am.gov.br\/semtepi\/programacao\/casa-de-praia-zezinho-correa-e-palco-de-shows-gratuitos-de-mpb-rock-acustico-sertanejo-e-forro\/#article\",\"isPartOf\":{\"@id\":\"https:\/\/www.manaus.am.gov.br\/semtepi\/programacao\/casa-de-praia-zezinho-correa-e-palco-de-shows-gratuitos-de-mpb-rock-acustico-sertanejo-e-forro\/\"},\"author\":{\"name\":\"Adriana Costa\",\"@id\":\"https:\/\/www.manaus.am.gov.br\/semtepi\/#\/schema\/person\/4e49f4e267757a06ca072ec61b2b9968\"},\"headline\":\"Casa de Praia Zezinho Corr\u00eaa \u00e9 palco de shows gratuitos de MPB, rock ac\u00fastico, sertanejo e forr\u00f3\",\"datePublished\":\"2024-01-25T16:16:37+00:00\",\"dateModified\":\"2024-01-25T16:16:37+00:00\",\"mainEntityOfPage\":{\"@id\":\"https:\/\/www.manaus.am.gov.br\/semtepi\/programacao\/casa-de-praia-zezinho-correa-e-palco-de-shows-gratuitos-de-mpb-rock-acustico-sertanejo-e-forro\/\"},\"wordCount\":264,\"publisher\":{\"@id\":\"https:\/\/www.manaus.am.gov.br\/semtepi\/#organization\"},\"image\":{\"@id\":\"https:\/\/www.manaus.am.gov.br\/semtepi\/programacao\/casa-de-praia-zezinho-correa-e-palco-de-shows-gratuitos-de-mpb-rock-acustico-sertanejo-e-forro\/#primaryimage\"},\"thumbnailUrl\":\"https:\/\/www.manaus.am.gov.br\/semtepi\/wp-content\/uploads\/sites\/20\/2024\/01\/53049397121_4031ae7eb2_c-1.jpg\",\"keywords\":[\"Casa de Praia Zezinho Corr\u00eaa\",\"prefeitura de manaus\",\"programa\u00e7\u00e3o\",\"Semtepi\",\"shows\"],\"articleSection\":[\"Programa\u00e7\u00e3o\"],\"inLanguage\":\"pt-BR\"},{\"@type\":\"WebPage\",\"@id\":\"https:\/\/www.manaus.am.gov.br\/semtepi\/programacao\/casa-de-praia-zezinho-correa-e-palco-de-shows-gratuitos-de-mpb-rock-acustico-sertanejo-e-forro\/\",\"url\":\"https:\/\/www.manaus.am.gov.br\/semtepi\/programacao\/casa-de-praia-zezinho-correa-e-palco-de-shows-gratuitos-de-mpb-rock-acustico-sertanejo-e-forro\/\",\"name\":\"Casa de Praia Zezinho Corr\u00eaa \u00e9 palco de shows gratuitos de MPB, rock ac\u00fastico, sertanejo e forr\u00f3\",\"isPartOf\":{\"@id\":\"https:\/\/www.manaus.am.gov.br\/semtepi\/#website\"},\"primaryImageOfPage\":{\"@id\":\"https:\/\/www.manaus.am.gov.br\/semtepi\/programacao\/casa-de-praia-zezinho-correa-e-palco-de-shows-gratuitos-de-mpb-rock-acustico-sertanejo-e-forro\/#primaryimage\"},\"image\":{\"@id\":\"https:\/\/www.manaus.am.gov.br\/semtepi\/programacao\/casa-de-praia-zezinho-correa-e-palco-de-shows-gratuitos-de-mpb-rock-acustico-sertanejo-e-forro\/#primaryimage\"},\"thumbnailUrl\":\"https:\/\/www.manaus.am.gov.br\/semtepi\/wp-content\/uploads\/sites\/20\/2024\/01\/53049397121_4031ae7eb2_c-1.jpg\",\"datePublished\":\"2024-01-25T16:16:37+00:00\",\"dateModified\":\"2024-01-25T16:16:37+00:00\",\"description\":\"A Casa de Praia Zezinho Corr\u00eaa, administrada pela Prefeitura de Manaus, por meio da Secretaria Municipal do Trabalho, Empreendedorismo e Inova\u00e7\u00e3o (Semtepi), ser\u00e1 palco, nesta sexta-feira e s\u00e1bado, 26 e 27\/1, de quatro shows gratuitos de M\u00fasica Popular Brasileira (MPB), rock ac\u00fastico, sertanejo e forr\u00f3. As programa\u00e7\u00f5es iniciam a partir das 18h, no espa\u00e7o localizado no complexo tur\u00edstico Ponta Negra, zona Oeste da cidade.\",\"breadcrumb\":{\"@id\":\"https:\/\/www.manaus.am.gov.br\/semtepi\/programacao\/casa-de-praia-zezinho-correa-e-palco-de-shows-gratuitos-de-mpb-rock-acustico-sertanejo-e-forro\/#breadcrumb\"},\"inLanguage\":\"pt-BR\",\"potentialAction\":[{\"@type\":\"ReadAction\",\"target\":[\"https:\/\/www.manaus.am.gov.br\/semtepi\/programacao\/casa-de-praia-zezinho-correa-e-palco-de-shows-gratuitos-de-mpb-rock-acustico-sertanejo-e-forro\/\"]}]},{\"@type\":\"ImageObject\",\"inLanguage\":\"pt-BR\",\"@id\":\"https:\/\/www.manaus.am.gov.br\/semtepi\/programacao\/casa-de-praia-zezinho-correa-e-palco-de-shows-gratuitos-de-mpb-rock-acustico-sertanejo-e-forro\/#primaryimage\",\"url\":\"https:\/\/www.manaus.am.gov.br\/semtepi\/wp-content\/uploads\/sites\/20\/2024\/01\/53049397121_4031ae7eb2_c-1.jpg\",\"contentUrl\":\"https:\/\/www.manaus.am.gov.br\/semtepi\/wp-content\/uploads\/sites\/20\/2024\/01\/53049397121_4031ae7eb2_c-1.jpg\",\"width\":799,\"height\":533},{\"@type\":\"BreadcrumbList\",\"@id\":\"https:\/\/www.manaus.am.gov.br\/semtepi\/programacao\/casa-de-praia-zezinho-correa-e-palco-de-shows-gratuitos-de-mpb-rock-acustico-sertanejo-e-forro\/#breadcrumb\",\"itemListElement\":[{\"@type\":\"ListItem\",\"position\":1,\"name\":\"Home\",\"item\":\"https:\/\/www.manaus.am.gov.br\/semtepi\/\"},{\"@type\":\"ListItem\",\"position\":2,\"name\":\"Casa de Praia Zezinho Corr\u00eaa \u00e9 palco de shows gratuitos de MPB, rock ac\u00fastico, sertanejo e forr\u00f3\"}]},{\"@type\":\"WebSite\",\"@id\":\"https:\/\/www.manaus.am.gov.br\/semtepi\/#website\",\"url\":\"https:\/\/www.manaus.am.gov.br\/semtepi\/\",\"name\":\"SEMTEPI\",\"description\":\"Prefeitura de Manaus\",\"publisher\":{\"@id\":\"https:\/\/www.manaus.am.gov.br\/semtepi\/#organization\"},\"alternateName\":\"Secretaria Municipal do Trabalho, Empreendedorismo e Inova\u00e7\u00e3o\",\"potentialAction\":[{\"@type\":\"SearchAction\",\"target\":{\"@type\":\"EntryPoint\",\"urlTemplate\":\"https:\/\/www.manaus.am.gov.br\/semtepi\/?s={search_term_string}\"},\"query-input\":\"required name=search_term_string\"}],\"inLanguage\":\"pt-BR\"},{\"@type\":\"Organization\",\"@id\":\"https:\/\/www.manaus.am.gov.br\/semtepi\/#organization\",\"name\":\"Prefeitura Municipal de Manaus\",\"alternateName\":\"Prefeitura de Manaus\",\"url\":\"https:\/\/www.manaus.am.gov.br\/semtepi\/\",\"logo\":{\"@type\":\"ImageObject\",\"inLanguage\":\"pt-BR\",\"@id\":\"https:\/\/www.manaus.am.gov.br\/semtepi\/#\/schema\/logo\/image\/\",\"url\":\"https:\/\/www.manaus.am.gov.br\/semtepi\/wp-content\/uploads\/sites\/20\/2024\/07\/favicon.png\",\"contentUrl\":\"https:\/\/www.manaus.am.gov.br\/semtepi\/wp-content\/uploads\/sites\/20\/2024\/07\/favicon.png\",\"width\":300,\"height\":300,\"caption\":\"Prefeitura Municipal de Manaus\"},\"image\":{\"@id\":\"https:\/\/www.manaus.am.gov.br\/semtepi\/#\/schema\/logo\/image\/\"}},{\"@type\":\"Person\",\"@id\":\"https:\/\/www.manaus.am.gov.br\/semtepi\/#\/schema\/person\/4e49f4e267757a06ca072ec61b2b9968\",\"name\":\"Adriana Costa\",\"image\":{\"@type\":\"ImageObject\",\"inLanguage\":\"pt-BR\",\"@id\":\"https:\/\/www.manaus.am.gov.br\/semtepi\/#\/schema\/person\/image\/\",\"url\":\"https:\/\/secure.gravatar.com\/avatar\/576258617ef7194f718179e766d57bd4?s=96&d=mm&r=g\",\"contentUrl\":\"https:\/\/secure.gravatar.com\/avatar\/576258617ef7194f718179e766d57bd4?s=96&d=mm&r=g\",\"caption\":\"Adriana Costa\"}}]}<\/script>\n<!-- \/ Yoast SEO plugin. -->","yoast_head_json":{"title":"Casa de Praia Zezinho Corr\u00eaa \u00e9 palco de shows gratuitos de MPB, rock ac\u00fastico, sertanejo e forr\u00f3","description":"A Casa de Praia Zezinho Corr\u00eaa, administrada pela Prefeitura de Manaus, por meio da Secretaria Municipal do Trabalho, Empreendedorismo e Inova\u00e7\u00e3o (Semtepi), ser\u00e1 palco, nesta sexta-feira e s\u00e1bado, 26 e 27\/1, de quatro shows gratuitos de M\u00fasica Popular Brasileira (MPB), rock ac\u00fastico, sertanejo e forr\u00f3. As programa\u00e7\u00f5es iniciam a partir das 18h, no espa\u00e7o localizado no complexo tur\u00edstico Ponta Negra, zona Oeste da cidade.","robots":{"index":"noindex","follow":"follow"},"og_locale":"pt_BR","og_type":"article","og_title":"Casa de Praia Zezinho Corr\u00eaa \u00e9 palco de shows gratuitos de MPB, rock ac\u00fastico, sertanejo e forr\u00f3","og_description":"A Casa de Praia Zezinho Corr\u00eaa, administrada pela Prefeitura de Manaus, por meio da Secretaria Municipal do Trabalho, Empreendedorismo e Inova\u00e7\u00e3o (Semtepi), ser\u00e1 palco, nesta sexta-feira e s\u00e1bado, 26 e 27\/1, de quatro shows gratuitos de M\u00fasica Popular Brasileira (MPB), rock ac\u00fastico, sertanejo e forr\u00f3. As programa\u00e7\u00f5es iniciam a partir das 18h, no espa\u00e7o localizado no complexo tur\u00edstico Ponta Negra, zona Oeste da cidade.","og_url":"https:\/\/www.manaus.am.gov.br\/semtepi\/programacao\/casa-de-praia-zezinho-correa-e-palco-de-shows-gratuitos-de-mpb-rock-acustico-sertanejo-e-forro\/","og_site_name":"SEMTEPI","article_published_time":"2024-01-25T16:16:37+00:00","og_image":[{"width":799,"height":533,"url":"https:\/\/www.manaus.am.gov.br\/semtepi\/wp-content\/uploads\/sites\/20\/2024\/01\/53049397121_4031ae7eb2_c-1.jpg","type":"image\/jpeg"}],"author":"Adriana Costa","twitter_card":"summary_large_image","twitter_misc":{"Written by":"Adriana Costa","Est. reading time":"2 minutos"},"schema":{"@context":"https:\/\/schema.org","@graph":[{"@type":"Article","@id":"https:\/\/www.manaus.am.gov.br\/semtepi\/programacao\/casa-de-praia-zezinho-correa-e-palco-de-shows-gratuitos-de-mpb-rock-acustico-sertanejo-e-forro\/#article","isPartOf":{"@id":"https:\/\/www.manaus.am.gov.br\/semtepi\/programacao\/casa-de-praia-zezinho-correa-e-palco-de-shows-gratuitos-de-mpb-rock-acustico-sertanejo-e-forro\/"},"author":{"name":"Adriana Costa","@id":"https:\/\/www.manaus.am.gov.br\/semtepi\/#\/schema\/person\/4e49f4e267757a06ca072ec61b2b9968"},"headline":"Casa de Praia Zezinho Corr\u00eaa \u00e9 palco de shows gratuitos de MPB, rock ac\u00fastico, sertanejo e forr\u00f3","datePublished":"2024-01-25T16:16:37+00:00","dateModified":"2024-01-25T16:16:37+00:00","mainEntityOfPage":{"@id":"https:\/\/www.manaus.am.gov.br\/semtepi\/programacao\/casa-de-praia-zezinho-correa-e-palco-de-shows-gratuitos-de-mpb-rock-acustico-sertanejo-e-forro\/"},"wordCount":264,"publisher":{"@id":"https:\/\/www.manaus.am.gov.br\/semtepi\/#organization"},"image":{"@id":"https:\/\/www.manaus.am.gov.br\/semtepi\/programacao\/casa-de-praia-zezinho-correa-e-palco-de-shows-gratuitos-de-mpb-rock-acustico-sertanejo-e-forro\/#primaryimage"},"thumbnailUrl":"https:\/\/www.manaus.am.gov.br\/semtepi\/wp-content\/uploads\/sites\/20\/2024\/01\/53049397121_4031ae7eb2_c-1.jpg","keywords":["Casa de Praia Zezinho Corr\u00eaa","prefeitura de manaus","programa\u00e7\u00e3o","Semtepi","shows"],"articleSection":["Programa\u00e7\u00e3o"],"inLanguage":"pt-BR"},{"@type":"WebPage","@id":"https:\/\/www.manaus.am.gov.br\/semtepi\/programacao\/casa-de-praia-zezinho-correa-e-palco-de-shows-gratuitos-de-mpb-rock-acustico-sertanejo-e-forro\/","url":"https:\/\/www.manaus.am.gov.br\/semtepi\/programacao\/casa-de-praia-zezinho-correa-e-palco-de-shows-gratuitos-de-mpb-rock-acustico-sertanejo-e-forro\/","name":"Casa de Praia Zezinho Corr\u00eaa \u00e9 palco de shows gratuitos de MPB, rock ac\u00fastico, sertanejo e forr\u00f3","isPartOf":{"@id":"https:\/\/www.manaus.am.gov.br\/semtepi\/#website"},"primaryImageOfPage":{"@id":"https:\/\/www.manaus.am.gov.br\/semtepi\/programacao\/casa-de-praia-zezinho-correa-e-palco-de-shows-gratuitos-de-mpb-rock-acustico-sertanejo-e-forro\/#primaryimage"},"image":{"@id":"https:\/\/www.manaus.am.gov.br\/semtepi\/programacao\/casa-de-praia-zezinho-correa-e-palco-de-shows-gratuitos-de-mpb-rock-acustico-sertanejo-e-forro\/#primaryimage"},"thumbnailUrl":"https:\/\/www.manaus.am.gov.br\/semtepi\/wp-content\/uploads\/sites\/20\/2024\/01\/53049397121_4031ae7eb2_c-1.jpg","datePublished":"2024-01-25T16:16:37+00:00","dateModified":"2024-01-25T16:16:37+00:00","description":"A Casa de Praia Zezinho Corr\u00eaa, administrada pela Prefeitura de Manaus, por meio da Secretaria Municipal do Trabalho, Empreendedorismo e Inova\u00e7\u00e3o (Semtepi), ser\u00e1 palco, nesta sexta-feira e s\u00e1bado, 26 e 27\/1, de quatro shows gratuitos de M\u00fasica Popular Brasileira (MPB), rock ac\u00fastico, sertanejo e forr\u00f3. As programa\u00e7\u00f5es iniciam a partir das 18h, no espa\u00e7o localizado no complexo tur\u00edstico Ponta Negra, zona Oeste da cidade.","breadcrumb":{"@id":"https:\/\/www.manaus.am.gov.br\/semtepi\/programacao\/casa-de-praia-zezinho-correa-e-palco-de-shows-gratuitos-de-mpb-rock-acustico-sertanejo-e-forro\/#breadcrumb"},"inLanguage":"pt-BR","potentialAction":[{"@type":"ReadAction","target":["https:\/\/www.manaus.am.gov.br\/semtepi\/programacao\/casa-de-praia-zezinho-correa-e-palco-de-shows-gratuitos-de-mpb-rock-acustico-sertanejo-e-forro\/"]}]},{"@type":"ImageObject","inLanguage":"pt-BR","@id":"https:\/\/www.manaus.am.gov.br\/semtepi\/programacao\/casa-de-praia-zezinho-correa-e-palco-de-shows-gratuitos-de-mpb-rock-acustico-sertanejo-e-forro\/#primaryimage","url":"https:\/\/www.manaus.am.gov.br\/semtepi\/wp-content\/uploads\/sites\/20\/2024\/01\/53049397121_4031ae7eb2_c-1.jpg","contentUrl":"https:\/\/www.manaus.am.gov.br\/semtepi\/wp-content\/uploads\/sites\/20\/2024\/01\/53049397121_4031ae7eb2_c-1.jpg","width":799,"height":533},{"@type":"BreadcrumbList","@id":"https:\/\/www.manaus.am.gov.br\/semtepi\/programacao\/casa-de-praia-zezinho-correa-e-palco-de-shows-gratuitos-de-mpb-rock-acustico-sertanejo-e-forro\/#breadcrumb","itemListElement":[{"@type":"ListItem","position":1,"name":"Home","item":"https:\/\/www.manaus.am.gov.br\/semtepi\/"},{"@type":"ListItem","position":2,"name":"Casa de Praia Zezinho Corr\u00eaa \u00e9 palco de shows gratuitos de MPB, rock ac\u00fastico, sertanejo e forr\u00f3"}]},{"@type":"WebSite","@id":"https:\/\/www.manaus.am.gov.br\/semtepi\/#website","url":"https:\/\/www.manaus.am.gov.br\/semtepi\/","name":"SEMTEPI","description":"Prefeitura de Manaus","publisher":{"@id":"https:\/\/www.manaus.am.gov.br\/semtepi\/#organization"},"alternateName":"Secretaria Municipal do Trabalho, Empreendedorismo e Inova\u00e7\u00e3o","potentialAction":[{"@type":"SearchAction","target":{"@type":"EntryPoint","urlTemplate":"https:\/\/www.manaus.am.gov.br\/semtepi\/?s={search_term_string}"},"query-input":"required name=search_term_string"}],"inLanguage":"pt-BR"},{"@type":"Organization","@id":"https:\/\/www.manaus.am.gov.br\/semtepi\/#organization","name":"Prefeitura Municipal de Manaus","alternateName":"Prefeitura de Manaus","url":"https:\/\/www.manaus.am.gov.br\/semtepi\/","logo":{"@type":"ImageObject","inLanguage":"pt-BR","@id":"https:\/\/www.manaus.am.gov.br\/semtepi\/#\/schema\/logo\/image\/","url":"https:\/\/www.manaus.am.gov.br\/semtepi\/wp-content\/uploads\/sites\/20\/2024\/07\/favicon.png","contentUrl":"https:\/\/www.manaus.am.gov.br\/semtepi\/wp-content\/uploads\/sites\/20\/2024\/07\/favicon.png","width":300,"height":300,"caption":"Prefeitura Municipal de Manaus"},"image":{"@id":"https:\/\/www.manaus.am.gov.br\/semtepi\/#\/schema\/logo\/image\/"}},{"@type":"Person","@id":"https:\/\/www.manaus.am.gov.br\/semtepi\/#\/schema\/person\/4e49f4e267757a06ca072ec61b2b9968","name":"Adriana Costa","image":{"@type":"ImageObject","inLanguage":"pt-BR","@id":"https:\/\/www.manaus.am.gov.br\/semtepi\/#\/schema\/person\/image\/","url":"https:\/\/secure.gravatar.com\/avatar\/576258617ef7194f718179e766d57bd4?s=96&d=mm&r=g","contentUrl":"https:\/\/secure.gravatar.com\/avatar\/576258617ef7194f718179e766d57bd4?s=96&d=mm&r=g","caption":"Adriana Costa"}}]}},"_links":{"self":[{"href":"https:\/\/www.manaus.am.gov.br\/semtepi\/wp-json\/wp\/v2\/posts\/3979"}],"collection":[{"href":"https:\/\/www.manaus.am.gov.br\/semtepi\/wp-json\/wp\/v2\/posts"}],"about":[{"href":"https:\/\/www.manaus.am.gov.br\/semtepi\/wp-json\/wp\/v2\/types\/post"}],"author":[{"embeddable":true,"href":"https:\/\/www.manaus.am.gov.br\/semtepi\/wp-json\/wp\/v2\/users\/23"}],"replies":[{"embeddable":true,"href":"https:\/\/www.manaus.am.gov.br\/semtepi\/wp-json\/wp\/v2\/comments?post=3979"}],"version-history":[{"count":0,"href":"https:\/\/www.manaus.am.gov.br\/semtepi\/wp-json\/wp\/v2\/posts\/3979\/revisions"}],"wp:featuredmedia":[{"embeddable":true,"href":"https:\/\/www.manaus.am.gov.br\/semtepi\/wp-json\/wp\/v2\/media\/3980"}],"wp:attachment":[{"href":"https:\/\/www.manaus.am.gov.br\/semtepi\/wp-json\/wp\/v2\/media?parent=3979"}],"wp:term":[{"taxonomy":"category","embeddable":true,"href":"https:\/\/www.manaus.am.gov.br\/semtepi\/wp-json\/wp\/v2\/categories?post=3979"},{"taxonomy":"post_tag","embeddable":true,"href":"https:\/\/www.manaus.am.gov.br\/semtepi\/wp-json\/wp\/v2\/tags?post=3979"}],"curies":[{"name":"wp","href":"https:\/\/api.w.org\/{rel}","templated":true}]}}