{"id":3944,"date":"2024-01-18T16:11:04","date_gmt":"2024-01-18T20:11:04","guid":{"rendered":"https:\/\/www.manaus.am.gov.br\/semtepi\/sem-categoria\/sine-nos-bairros-da-prefeitura-oferta-vagas-de-emprego-e-outros-servicos-no-puraquequara-e-petropolis\/"},"modified":"2024-01-18T16:11:05","modified_gmt":"2024-01-18T20:11:05","slug":"sine-nos-bairros-da-prefeitura-oferta-vagas-de-emprego-e-outros-servicos-no-puraquequara-e-petropolis","status":"publish","type":"post","link":"https:\/\/www.manaus.am.gov.br\/semtepi\/acao\/sine-nos-bairros-da-prefeitura-oferta-vagas-de-emprego-e-outros-servicos-no-puraquequara-e-petropolis\/","title":{"rendered":"\u2018Sine nos Bairros\u2019 da prefeitura oferta vagas de emprego e outros servi\u00e7os no Puraquequara e Petr\u00f3polis"},"content":{"rendered":"\n<p>O projeto \u201cSine nos Bairros\u201d, executado pela Prefeitura de Manaus, por meio da Secretaria Municipal do Trabalho, Empreendedorismo e Inova (Semtepi), vai ofertar, neste s\u00e1bado, 20\/1, servi\u00e7os como vagas de emprego, cadastro, orienta\u00e7\u00f5es sobre a CTPS digital e seguro-desemprego, nos bairros Puraquequara, na zona Leste, e Petr\u00f3polis, na zona Sul.<\/p>\n\n\n\n<p>A a\u00e7\u00e3o itinerante tem a miss\u00e3o de levar empregabilidade para os moradores das regi\u00f5es de dif\u00edcil acesso aos servi\u00e7os do Sine Manaus. Neste s\u00e1bado, das 8h \u00e0s 14h, o atendimento vai iniciar na escola municipal S\u00e3o Sebasti\u00e3o, localizada na rua Boa Vista, comunidade Vila do Puraquequara, no bairro Puraquequara, zona Leste.<\/p>\n\n\n\n<p>\u201cO Sine nos Bairros visa tornar o processo de busca por emprego mais acess\u00edvel, personalizado e adaptado \u00e0s necessidades espec\u00edficas das comunidades atendidas. Por isso, neste ano, vamos turbinar as a\u00e7\u00f5es itinerantes buscando mais espa\u00e7os onde a Prefeitura de Manaus possa empregar mais pessoas\u201d, afirmou o secret\u00e1rio da Semtepi, Radyr J\u00fanior.<\/p>\n\n\n\n<p>No hor\u00e1rio das 10h \u00e0s 13h, a equipe se deslocar\u00e1 para a escola municipal Maria Lira Pereira, situada na rua Amizade, n\u00ba 13, bairro Petr\u00f3polis, na zona Sul da capital, para dar continuidade aos servi\u00e7os de empregabilidade na cidade.<\/p>\n\n\n\n<p>Os interessados em participar da a\u00e7\u00e3o devem comparecer aos locais mencionados com comprovante de vacina\u00e7\u00e3o (Covid-19), curr\u00edculo e documentos pessoais (RG, CPF, PIS, CTPS, comprovante de escolaridade e resid\u00eancia). N\u00e3o \u00e9 necess\u00e1rio apresentar c\u00f3pias, somente os documentos originais.<\/p>\n\n\n\n<p>&#8212; &#8212; &#8212;<\/p>\n\n\n\n<p><strong>Texto \u2013 <\/strong>Fabiane Monteiro \/ Semtepi<\/p>\n\n\n\n<p><strong>Fotos \u2013&nbsp;<\/strong>Jo\u00e3o Viana \/ Arquivo Semcom<\/p>\n\n\n\n<p><strong>Dispon\u00edveis em &#8211; <\/strong><a href=\"https:\/\/flic.kr\/s\/aHBqjAWp7F\">https:\/\/flic.kr\/s\/aHBqjAWp7F<\/a><\/p>\n\n\n\n<p> <\/p>\n","protected":false},"excerpt":{"rendered":"","protected":false},"author":39,"featured_media":3945,"comment_status":"closed","ping_status":"closed","sticky":false,"template":"","format":"standard","meta":{"footnotes":""},"categories":[447],"tags":[594,932,8,933,9,417],"acf":[],"yoast_head":"<!-- This site is optimized with the Yoast SEO plugin v23.0 - https:\/\/yoast.com\/wordpress\/plugins\/seo\/ -->\n<title>\u2018Sine nos Bairros\u2019 da prefeitura no Puraquequara e Petr\u00f3polis<\/title>\n<meta name=\"description\" content=\"\u2018Sine nos Bairros\u2019 da prefeitura oferta vagas de emprego e outros servi\u00e7os nos bairros Puraquequara e Petr\u00f3polis.\" \/>\n<meta name=\"robots\" content=\"noindex, follow\" \/>\n<meta property=\"og:locale\" content=\"pt_BR\" \/>\n<meta property=\"og:type\" content=\"article\" \/>\n<meta property=\"og:title\" content=\"\u2018Sine nos Bairros\u2019 da prefeitura no Puraquequara e Petr\u00f3polis\" \/>\n<meta property=\"og:description\" content=\"\u2018Sine nos Bairros\u2019 da prefeitura oferta vagas de emprego e outros servi\u00e7os nos bairros Puraquequara e Petr\u00f3polis.\" \/>\n<meta property=\"og:url\" content=\"https:\/\/www.manaus.am.gov.br\/semtepi\/acao\/sine-nos-bairros-da-prefeitura-oferta-vagas-de-emprego-e-outros-servicos-no-puraquequara-e-petropolis\/\" \/>\n<meta property=\"og:site_name\" content=\"SEMTEPI\" \/>\n<meta property=\"article:published_time\" content=\"2024-01-18T20:11:04+00:00\" \/>\n<meta property=\"article:modified_time\" content=\"2024-01-18T20:11:05+00:00\" \/>\n<meta property=\"og:image\" content=\"https:\/\/www.manaus.am.gov.br\/semtepi\/wp-content\/uploads\/sites\/20\/2024\/01\/53217753531_5c40438f81_k.jpg\" \/>\n\t<meta property=\"og:image:width\" content=\"2047\" \/>\n\t<meta property=\"og:image:height\" content=\"1365\" \/>\n\t<meta property=\"og:image:type\" content=\"image\/jpeg\" \/>\n<meta name=\"author\" content=\"Bruna Greco\" \/>\n<meta name=\"twitter:card\" content=\"summary_large_image\" \/>\n<meta name=\"twitter:label1\" content=\"Written by\" \/>\n\t<meta name=\"twitter:data1\" content=\"Bruna Greco\" \/>\n\t<meta name=\"twitter:label2\" content=\"Est. reading time\" \/>\n\t<meta name=\"twitter:data2\" content=\"2 minutos\" \/>\n<script type=\"application\/ld+json\" class=\"yoast-schema-graph\">{\"@context\":\"https:\/\/schema.org\",\"@graph\":[{\"@type\":\"Article\",\"@id\":\"https:\/\/www.manaus.am.gov.br\/semtepi\/acao\/sine-nos-bairros-da-prefeitura-oferta-vagas-de-emprego-e-outros-servicos-no-puraquequara-e-petropolis\/#article\",\"isPartOf\":{\"@id\":\"https:\/\/www.manaus.am.gov.br\/semtepi\/acao\/sine-nos-bairros-da-prefeitura-oferta-vagas-de-emprego-e-outros-servicos-no-puraquequara-e-petropolis\/\"},\"author\":{\"name\":\"Bruna Greco\",\"@id\":\"https:\/\/www.manaus.am.gov.br\/semtepi\/#\/schema\/person\/05d223aea2bf115f9883a6ff3683d81b\"},\"headline\":\"\u2018Sine nos Bairros\u2019 da prefeitura oferta vagas de emprego e outros servi\u00e7os no Puraquequara e Petr\u00f3polis\",\"datePublished\":\"2024-01-18T20:11:04+00:00\",\"dateModified\":\"2024-01-18T20:11:05+00:00\",\"mainEntityOfPage\":{\"@id\":\"https:\/\/www.manaus.am.gov.br\/semtepi\/acao\/sine-nos-bairros-da-prefeitura-oferta-vagas-de-emprego-e-outros-servicos-no-puraquequara-e-petropolis\/\"},\"wordCount\":296,\"publisher\":{\"@id\":\"https:\/\/www.manaus.am.gov.br\/semtepi\/#organization\"},\"image\":{\"@id\":\"https:\/\/www.manaus.am.gov.br\/semtepi\/acao\/sine-nos-bairros-da-prefeitura-oferta-vagas-de-emprego-e-outros-servicos-no-puraquequara-e-petropolis\/#primaryimage\"},\"thumbnailUrl\":\"https:\/\/www.manaus.am.gov.br\/semtepi\/wp-content\/uploads\/sites\/20\/2024\/01\/53217753531_5c40438f81_k.jpg\",\"keywords\":[\"A\u00e7\u00e3o Itinerante\",\"oferta vagas de emprego e outros servi\u00e7os\",\"prefeitura de manaus\",\"Puraquequara e Petr\u00f3polis\",\"Semtepi\",\"Sine nos Bairros\"],\"articleSection\":[\"A\u00e7\u00e3o\"],\"inLanguage\":\"pt-BR\"},{\"@type\":\"WebPage\",\"@id\":\"https:\/\/www.manaus.am.gov.br\/semtepi\/acao\/sine-nos-bairros-da-prefeitura-oferta-vagas-de-emprego-e-outros-servicos-no-puraquequara-e-petropolis\/\",\"url\":\"https:\/\/www.manaus.am.gov.br\/semtepi\/acao\/sine-nos-bairros-da-prefeitura-oferta-vagas-de-emprego-e-outros-servicos-no-puraquequara-e-petropolis\/\",\"name\":\"\u2018Sine nos Bairros\u2019 da prefeitura no Puraquequara e Petr\u00f3polis\",\"isPartOf\":{\"@id\":\"https:\/\/www.manaus.am.gov.br\/semtepi\/#website\"},\"primaryImageOfPage\":{\"@id\":\"https:\/\/www.manaus.am.gov.br\/semtepi\/acao\/sine-nos-bairros-da-prefeitura-oferta-vagas-de-emprego-e-outros-servicos-no-puraquequara-e-petropolis\/#primaryimage\"},\"image\":{\"@id\":\"https:\/\/www.manaus.am.gov.br\/semtepi\/acao\/sine-nos-bairros-da-prefeitura-oferta-vagas-de-emprego-e-outros-servicos-no-puraquequara-e-petropolis\/#primaryimage\"},\"thumbnailUrl\":\"https:\/\/www.manaus.am.gov.br\/semtepi\/wp-content\/uploads\/sites\/20\/2024\/01\/53217753531_5c40438f81_k.jpg\",\"datePublished\":\"2024-01-18T20:11:04+00:00\",\"dateModified\":\"2024-01-18T20:11:05+00:00\",\"description\":\"\u2018Sine nos Bairros\u2019 da prefeitura oferta vagas de emprego e outros servi\u00e7os nos bairros Puraquequara e Petr\u00f3polis.\",\"breadcrumb\":{\"@id\":\"https:\/\/www.manaus.am.gov.br\/semtepi\/acao\/sine-nos-bairros-da-prefeitura-oferta-vagas-de-emprego-e-outros-servicos-no-puraquequara-e-petropolis\/#breadcrumb\"},\"inLanguage\":\"pt-BR\",\"potentialAction\":[{\"@type\":\"ReadAction\",\"target\":[\"https:\/\/www.manaus.am.gov.br\/semtepi\/acao\/sine-nos-bairros-da-prefeitura-oferta-vagas-de-emprego-e-outros-servicos-no-puraquequara-e-petropolis\/\"]}]},{\"@type\":\"ImageObject\",\"inLanguage\":\"pt-BR\",\"@id\":\"https:\/\/www.manaus.am.gov.br\/semtepi\/acao\/sine-nos-bairros-da-prefeitura-oferta-vagas-de-emprego-e-outros-servicos-no-puraquequara-e-petropolis\/#primaryimage\",\"url\":\"https:\/\/www.manaus.am.gov.br\/semtepi\/wp-content\/uploads\/sites\/20\/2024\/01\/53217753531_5c40438f81_k.jpg\",\"contentUrl\":\"https:\/\/www.manaus.am.gov.br\/semtepi\/wp-content\/uploads\/sites\/20\/2024\/01\/53217753531_5c40438f81_k.jpg\",\"width\":2047,\"height\":1365,\"caption\":\"#paratodosverem - Cidad\u00e3os reunidos durante atendimento e oferta de servi\u00e7os na a\u00e7\u00e3o itinerante \\\"Sine nos Bairros\\\"\"},{\"@type\":\"BreadcrumbList\",\"@id\":\"https:\/\/www.manaus.am.gov.br\/semtepi\/acao\/sine-nos-bairros-da-prefeitura-oferta-vagas-de-emprego-e-outros-servicos-no-puraquequara-e-petropolis\/#breadcrumb\",\"itemListElement\":[{\"@type\":\"ListItem\",\"position\":1,\"name\":\"Home\",\"item\":\"https:\/\/www.manaus.am.gov.br\/semtepi\/\"},{\"@type\":\"ListItem\",\"position\":2,\"name\":\"\u2018Sine nos Bairros\u2019 da prefeitura oferta vagas de emprego e outros servi\u00e7os no Puraquequara e Petr\u00f3polis\"}]},{\"@type\":\"WebSite\",\"@id\":\"https:\/\/www.manaus.am.gov.br\/semtepi\/#website\",\"url\":\"https:\/\/www.manaus.am.gov.br\/semtepi\/\",\"name\":\"SEMTEPI\",\"description\":\"Prefeitura de Manaus\",\"publisher\":{\"@id\":\"https:\/\/www.manaus.am.gov.br\/semtepi\/#organization\"},\"alternateName\":\"Secretaria Municipal do Trabalho, Empreendedorismo e Inova\u00e7\u00e3o\",\"potentialAction\":[{\"@type\":\"SearchAction\",\"target\":{\"@type\":\"EntryPoint\",\"urlTemplate\":\"https:\/\/www.manaus.am.gov.br\/semtepi\/?s={search_term_string}\"},\"query-input\":\"required name=search_term_string\"}],\"inLanguage\":\"pt-BR\"},{\"@type\":\"Organization\",\"@id\":\"https:\/\/www.manaus.am.gov.br\/semtepi\/#organization\",\"name\":\"Prefeitura Municipal de Manaus\",\"alternateName\":\"Prefeitura de Manaus\",\"url\":\"https:\/\/www.manaus.am.gov.br\/semtepi\/\",\"logo\":{\"@type\":\"ImageObject\",\"inLanguage\":\"pt-BR\",\"@id\":\"https:\/\/www.manaus.am.gov.br\/semtepi\/#\/schema\/logo\/image\/\",\"url\":\"https:\/\/www.manaus.am.gov.br\/semtepi\/wp-content\/uploads\/sites\/20\/2024\/07\/favicon.png\",\"contentUrl\":\"https:\/\/www.manaus.am.gov.br\/semtepi\/wp-content\/uploads\/sites\/20\/2024\/07\/favicon.png\",\"width\":300,\"height\":300,\"caption\":\"Prefeitura Municipal de Manaus\"},\"image\":{\"@id\":\"https:\/\/www.manaus.am.gov.br\/semtepi\/#\/schema\/logo\/image\/\"}},{\"@type\":\"Person\",\"@id\":\"https:\/\/www.manaus.am.gov.br\/semtepi\/#\/schema\/person\/05d223aea2bf115f9883a6ff3683d81b\",\"name\":\"Bruna Greco\",\"image\":{\"@type\":\"ImageObject\",\"inLanguage\":\"pt-BR\",\"@id\":\"https:\/\/www.manaus.am.gov.br\/semtepi\/#\/schema\/person\/image\/\",\"url\":\"https:\/\/secure.gravatar.com\/avatar\/9c877d1a6adc2a055330e5c09a8653ce?s=96&d=mm&r=g\",\"contentUrl\":\"https:\/\/secure.gravatar.com\/avatar\/9c877d1a6adc2a055330e5c09a8653ce?s=96&d=mm&r=g\",\"caption\":\"Bruna Greco\"}}]}<\/script>\n<!-- \/ Yoast SEO plugin. -->","yoast_head_json":{"title":"\u2018Sine nos Bairros\u2019 da prefeitura no Puraquequara e Petr\u00f3polis","description":"\u2018Sine nos Bairros\u2019 da prefeitura oferta vagas de emprego e outros servi\u00e7os nos bairros Puraquequara e Petr\u00f3polis.","robots":{"index":"noindex","follow":"follow"},"og_locale":"pt_BR","og_type":"article","og_title":"\u2018Sine nos Bairros\u2019 da prefeitura no Puraquequara e Petr\u00f3polis","og_description":"\u2018Sine nos Bairros\u2019 da prefeitura oferta vagas de emprego e outros servi\u00e7os nos bairros Puraquequara e Petr\u00f3polis.","og_url":"https:\/\/www.manaus.am.gov.br\/semtepi\/acao\/sine-nos-bairros-da-prefeitura-oferta-vagas-de-emprego-e-outros-servicos-no-puraquequara-e-petropolis\/","og_site_name":"SEMTEPI","article_published_time":"2024-01-18T20:11:04+00:00","article_modified_time":"2024-01-18T20:11:05+00:00","og_image":[{"width":2047,"height":1365,"url":"https:\/\/www.manaus.am.gov.br\/semtepi\/wp-content\/uploads\/sites\/20\/2024\/01\/53217753531_5c40438f81_k.jpg","type":"image\/jpeg"}],"author":"Bruna Greco","twitter_card":"summary_large_image","twitter_misc":{"Written by":"Bruna Greco","Est. reading time":"2 minutos"},"schema":{"@context":"https:\/\/schema.org","@graph":[{"@type":"Article","@id":"https:\/\/www.manaus.am.gov.br\/semtepi\/acao\/sine-nos-bairros-da-prefeitura-oferta-vagas-de-emprego-e-outros-servicos-no-puraquequara-e-petropolis\/#article","isPartOf":{"@id":"https:\/\/www.manaus.am.gov.br\/semtepi\/acao\/sine-nos-bairros-da-prefeitura-oferta-vagas-de-emprego-e-outros-servicos-no-puraquequara-e-petropolis\/"},"author":{"name":"Bruna Greco","@id":"https:\/\/www.manaus.am.gov.br\/semtepi\/#\/schema\/person\/05d223aea2bf115f9883a6ff3683d81b"},"headline":"\u2018Sine nos Bairros\u2019 da prefeitura oferta vagas de emprego e outros servi\u00e7os no Puraquequara e Petr\u00f3polis","datePublished":"2024-01-18T20:11:04+00:00","dateModified":"2024-01-18T20:11:05+00:00","mainEntityOfPage":{"@id":"https:\/\/www.manaus.am.gov.br\/semtepi\/acao\/sine-nos-bairros-da-prefeitura-oferta-vagas-de-emprego-e-outros-servicos-no-puraquequara-e-petropolis\/"},"wordCount":296,"publisher":{"@id":"https:\/\/www.manaus.am.gov.br\/semtepi\/#organization"},"image":{"@id":"https:\/\/www.manaus.am.gov.br\/semtepi\/acao\/sine-nos-bairros-da-prefeitura-oferta-vagas-de-emprego-e-outros-servicos-no-puraquequara-e-petropolis\/#primaryimage"},"thumbnailUrl":"https:\/\/www.manaus.am.gov.br\/semtepi\/wp-content\/uploads\/sites\/20\/2024\/01\/53217753531_5c40438f81_k.jpg","keywords":["A\u00e7\u00e3o Itinerante","oferta vagas de emprego e outros servi\u00e7os","prefeitura de manaus","Puraquequara e Petr\u00f3polis","Semtepi","Sine nos Bairros"],"articleSection":["A\u00e7\u00e3o"],"inLanguage":"pt-BR"},{"@type":"WebPage","@id":"https:\/\/www.manaus.am.gov.br\/semtepi\/acao\/sine-nos-bairros-da-prefeitura-oferta-vagas-de-emprego-e-outros-servicos-no-puraquequara-e-petropolis\/","url":"https:\/\/www.manaus.am.gov.br\/semtepi\/acao\/sine-nos-bairros-da-prefeitura-oferta-vagas-de-emprego-e-outros-servicos-no-puraquequara-e-petropolis\/","name":"\u2018Sine nos Bairros\u2019 da prefeitura no Puraquequara e Petr\u00f3polis","isPartOf":{"@id":"https:\/\/www.manaus.am.gov.br\/semtepi\/#website"},"primaryImageOfPage":{"@id":"https:\/\/www.manaus.am.gov.br\/semtepi\/acao\/sine-nos-bairros-da-prefeitura-oferta-vagas-de-emprego-e-outros-servicos-no-puraquequara-e-petropolis\/#primaryimage"},"image":{"@id":"https:\/\/www.manaus.am.gov.br\/semtepi\/acao\/sine-nos-bairros-da-prefeitura-oferta-vagas-de-emprego-e-outros-servicos-no-puraquequara-e-petropolis\/#primaryimage"},"thumbnailUrl":"https:\/\/www.manaus.am.gov.br\/semtepi\/wp-content\/uploads\/sites\/20\/2024\/01\/53217753531_5c40438f81_k.jpg","datePublished":"2024-01-18T20:11:04+00:00","dateModified":"2024-01-18T20:11:05+00:00","description":"\u2018Sine nos Bairros\u2019 da prefeitura oferta vagas de emprego e outros servi\u00e7os nos bairros Puraquequara e Petr\u00f3polis.","breadcrumb":{"@id":"https:\/\/www.manaus.am.gov.br\/semtepi\/acao\/sine-nos-bairros-da-prefeitura-oferta-vagas-de-emprego-e-outros-servicos-no-puraquequara-e-petropolis\/#breadcrumb"},"inLanguage":"pt-BR","potentialAction":[{"@type":"ReadAction","target":["https:\/\/www.manaus.am.gov.br\/semtepi\/acao\/sine-nos-bairros-da-prefeitura-oferta-vagas-de-emprego-e-outros-servicos-no-puraquequara-e-petropolis\/"]}]},{"@type":"ImageObject","inLanguage":"pt-BR","@id":"https:\/\/www.manaus.am.gov.br\/semtepi\/acao\/sine-nos-bairros-da-prefeitura-oferta-vagas-de-emprego-e-outros-servicos-no-puraquequara-e-petropolis\/#primaryimage","url":"https:\/\/www.manaus.am.gov.br\/semtepi\/wp-content\/uploads\/sites\/20\/2024\/01\/53217753531_5c40438f81_k.jpg","contentUrl":"https:\/\/www.manaus.am.gov.br\/semtepi\/wp-content\/uploads\/sites\/20\/2024\/01\/53217753531_5c40438f81_k.jpg","width":2047,"height":1365,"caption":"#paratodosverem - Cidad\u00e3os reunidos durante atendimento e oferta de servi\u00e7os na a\u00e7\u00e3o itinerante \"Sine nos Bairros\""},{"@type":"BreadcrumbList","@id":"https:\/\/www.manaus.am.gov.br\/semtepi\/acao\/sine-nos-bairros-da-prefeitura-oferta-vagas-de-emprego-e-outros-servicos-no-puraquequara-e-petropolis\/#breadcrumb","itemListElement":[{"@type":"ListItem","position":1,"name":"Home","item":"https:\/\/www.manaus.am.gov.br\/semtepi\/"},{"@type":"ListItem","position":2,"name":"\u2018Sine nos Bairros\u2019 da prefeitura oferta vagas de emprego e outros servi\u00e7os no Puraquequara e Petr\u00f3polis"}]},{"@type":"WebSite","@id":"https:\/\/www.manaus.am.gov.br\/semtepi\/#website","url":"https:\/\/www.manaus.am.gov.br\/semtepi\/","name":"SEMTEPI","description":"Prefeitura de Manaus","publisher":{"@id":"https:\/\/www.manaus.am.gov.br\/semtepi\/#organization"},"alternateName":"Secretaria Municipal do Trabalho, Empreendedorismo e Inova\u00e7\u00e3o","potentialAction":[{"@type":"SearchAction","target":{"@type":"EntryPoint","urlTemplate":"https:\/\/www.manaus.am.gov.br\/semtepi\/?s={search_term_string}"},"query-input":"required name=search_term_string"}],"inLanguage":"pt-BR"},{"@type":"Organization","@id":"https:\/\/www.manaus.am.gov.br\/semtepi\/#organization","name":"Prefeitura Municipal de Manaus","alternateName":"Prefeitura de Manaus","url":"https:\/\/www.manaus.am.gov.br\/semtepi\/","logo":{"@type":"ImageObject","inLanguage":"pt-BR","@id":"https:\/\/www.manaus.am.gov.br\/semtepi\/#\/schema\/logo\/image\/","url":"https:\/\/www.manaus.am.gov.br\/semtepi\/wp-content\/uploads\/sites\/20\/2024\/07\/favicon.png","contentUrl":"https:\/\/www.manaus.am.gov.br\/semtepi\/wp-content\/uploads\/sites\/20\/2024\/07\/favicon.png","width":300,"height":300,"caption":"Prefeitura Municipal de Manaus"},"image":{"@id":"https:\/\/www.manaus.am.gov.br\/semtepi\/#\/schema\/logo\/image\/"}},{"@type":"Person","@id":"https:\/\/www.manaus.am.gov.br\/semtepi\/#\/schema\/person\/05d223aea2bf115f9883a6ff3683d81b","name":"Bruna Greco","image":{"@type":"ImageObject","inLanguage":"pt-BR","@id":"https:\/\/www.manaus.am.gov.br\/semtepi\/#\/schema\/person\/image\/","url":"https:\/\/secure.gravatar.com\/avatar\/9c877d1a6adc2a055330e5c09a8653ce?s=96&d=mm&r=g","contentUrl":"https:\/\/secure.gravatar.com\/avatar\/9c877d1a6adc2a055330e5c09a8653ce?s=96&d=mm&r=g","caption":"Bruna Greco"}}]}},"_links":{"self":[{"href":"https:\/\/www.manaus.am.gov.br\/semtepi\/wp-json\/wp\/v2\/posts\/3944"}],"collection":[{"href":"https:\/\/www.manaus.am.gov.br\/semtepi\/wp-json\/wp\/v2\/posts"}],"about":[{"href":"https:\/\/www.manaus.am.gov.br\/semtepi\/wp-json\/wp\/v2\/types\/post"}],"author":[{"embeddable":true,"href":"https:\/\/www.manaus.am.gov.br\/semtepi\/wp-json\/wp\/v2\/users\/39"}],"replies":[{"embeddable":true,"href":"https:\/\/www.manaus.am.gov.br\/semtepi\/wp-json\/wp\/v2\/comments?post=3944"}],"version-history":[{"count":0,"href":"https:\/\/www.manaus.am.gov.br\/semtepi\/wp-json\/wp\/v2\/posts\/3944\/revisions"}],"wp:featuredmedia":[{"embeddable":true,"href":"https:\/\/www.manaus.am.gov.br\/semtepi\/wp-json\/wp\/v2\/media\/3945"}],"wp:attachment":[{"href":"https:\/\/www.manaus.am.gov.br\/semtepi\/wp-json\/wp\/v2\/media?parent=3944"}],"wp:term":[{"taxonomy":"category","embeddable":true,"href":"https:\/\/www.manaus.am.gov.br\/semtepi\/wp-json\/wp\/v2\/categories?post=3944"},{"taxonomy":"post_tag","embeddable":true,"href":"https:\/\/www.manaus.am.gov.br\/semtepi\/wp-json\/wp\/v2\/tags?post=3944"}],"curies":[{"name":"wp","href":"https:\/\/api.w.org\/{rel}","templated":true}]}}