{"id":3940,"date":"2024-01-17T18:32:17","date_gmt":"2024-01-17T22:32:17","guid":{"rendered":"https:\/\/www.manaus.am.gov.br\/semtepi\/sem-categoria\/prefeitura-participa-da-conferencia-nacional-slots-verao-2024-para-o-fomento-do-turismo-local\/"},"modified":"2024-01-18T15:04:11","modified_gmt":"2024-01-18T19:04:11","slug":"prefeitura-participa-da-conferencia-nacional-slots-verao-2024-para-o-fomento-do-turismo-local","status":"publish","type":"post","link":"https:\/\/www.manaus.am.gov.br\/semtepi\/prefeitura\/prefeitura-participa-da-conferencia-nacional-slots-verao-2024-para-o-fomento-do-turismo-local\/","title":{"rendered":"Prefeitura participa da \u201cConfer\u00eancia Nacional Slots Ver\u00e3o 2024\u201d para o fomento do turismo local"},"content":{"rendered":"\n<p>A Prefeitura de Manaus participou, nesta quarta-feira, 17\/01, da cerim\u00f4nia de abertura da Confer\u00eancia Nacional Slots Ver\u00e3o 2024, no Terra\u00e7o do Casar\u00e3o da Inova\u00e7\u00e3o Cassina, no Centro de Manaus. O evento tem o objetivo de prospectar e firmar parcerias para fomentar o turismo na capital amazonense.&nbsp;<\/p>\n\n\n\n<p>O prefeito em exerc\u00edcio e secret\u00e1rio municipal chefe da Casa Civil, Marcos Rotta destacou que os investimentos p\u00fablicos e privados, ao longo dos \u00faltimos anos, est\u00e3o transformando Manaus em uma cidade de grande potencial tur\u00edstico.<\/p>\n\n\n\n<p>\u201cH\u00e1 muitos anos que ouvimos falar que Manaus precisa aproveitar sua voca\u00e7\u00e3o natural do turismo. Respeitando as gest\u00f5es passadas, na atual gest\u00e3o, do prefeito David (Almeida), temos conseguido estabelecer parcerias, melhorar a infraestrutura da cidade de Manaus, al\u00e9m de criar novos pontos tur\u00edsticos espalhados pela cidade, para que possamos, verdadeiramente, estarmos inseridos no calend\u00e1rio nacional e mundial do turismo, fazendo jus a pot\u00eancia tur\u00edstica que a nossa capital carrega\u201d, destacou.<\/p>\n\n\n\n<p>Segundo ele, \u201cfazer turismo \u00e9 uma miss\u00e3o extremamente importante, mas que requer cuidado, aten\u00e7\u00e3o, infraestrutura e, principalmente, parcerias, que \u00e9 isso que estamos tentando estabelecer neste encontro, que re\u00fane os principais <em>stakeholders<\/em> (interessados), no que diz respeito ao modal a\u00e9reo\u201d, afirmou.<\/p>\n\n\n\n<p>A Confer\u00eancia Nacional de Slots \u00e9 um f\u00f3rum organizado pela Ag\u00eancia Nacional de Avia\u00e7\u00e3o Civil (Anac), juntamente com os aeroportos, companhias a\u00e9reas e ag\u00eancia reguladora, para definir e organizar as malhas a\u00e9reas dom\u00e9sticas brasileiras na temporada de ver\u00e3o 2024. Um dos eventos de maior import\u00e2ncia e relev\u00e2ncia no que diz respeito \u00e0 malha a\u00e9rea para Manaus, por ser uma oportunidade para apresentar, in loco, um destino tur\u00edstico consolidado e qualificado para receber cada vez mais turistas.<\/p>\n\n\n\n<p>\u201cEsse evento t\u00e9cnico da Ag\u00eancia Nacional de Avia\u00e7\u00e3o Civil aqui em Manaus \u00e9 a certeza de que n\u00f3s temos acertado nos investimentos. Nossa cidade est\u00e1 recebendo grandes espa\u00e7os que impulsionam o turismo e o empreendedorismo, entre eles, a Casa de Praia Zezinho Corr\u00eaa, o Mirante L\u00facia Almeida, o resgate do projeto Oscar Niemeyer. Ent\u00e3o, essa confer\u00eancia vem ao encontro de todo o trabalho que vem sendo realizado na gest\u00e3o do prefeito David Ameida&#8221;, afirmou Radyr J\u00fanior, titular da Secretaria Municipal do Trabalho, Empreendedorismo e Inova\u00e7\u00e3o (Semtepi).<\/p>\n\n\n\n<p>&#8212; &#8212; &#8212;<\/p>\n\n\n\n<p><strong>Texto<\/strong> \u2013 Vit\u00f3ria Sena\/Casa Civil \u2013 Luiza Queiroz \/ Semtepi<\/p>\n\n\n\n<p><strong>Fotos<\/strong> \u2013 Ant\u00f4nio Pereira \/ Casa Civil<\/p>\n","protected":false},"excerpt":{"rendered":"","protected":false},"author":61,"featured_media":3941,"comment_status":"closed","ping_status":"closed","sticky":false,"template":"","format":"standard","meta":{"footnotes":""},"categories":[928],"tags":[929,930,8,931],"acf":[],"yoast_head":"<!-- This site is optimized with the Yoast SEO plugin v23.0 - https:\/\/yoast.com\/wordpress\/plugins\/seo\/ -->\n<title>Prefeitura participa da \u201cConfer\u00eancia Nacional Slots Ver\u00e3o 2024\u201d<\/title>\n<meta name=\"robots\" content=\"noindex, follow\" \/>\n<meta property=\"og:locale\" content=\"pt_BR\" \/>\n<meta property=\"og:type\" content=\"article\" \/>\n<meta property=\"og:title\" content=\"Prefeitura participa da \u201cConfer\u00eancia Nacional Slots Ver\u00e3o 2024\u201d\" \/>\n<meta property=\"og:url\" content=\"https:\/\/www.manaus.am.gov.br\/semtepi\/prefeitura\/prefeitura-participa-da-conferencia-nacional-slots-verao-2024-para-o-fomento-do-turismo-local\/\" \/>\n<meta property=\"og:site_name\" content=\"SEMTEPI\" \/>\n<meta property=\"article:published_time\" content=\"2024-01-17T22:32:17+00:00\" \/>\n<meta property=\"article:modified_time\" content=\"2024-01-18T19:04:11+00:00\" \/>\n<meta property=\"og:image\" content=\"https:\/\/www.manaus.am.gov.br\/semtepi\/wp-content\/uploads\/sites\/20\/2024\/01\/Conferencia-1.jpg\" \/>\n\t<meta property=\"og:image:width\" content=\"799\" \/>\n\t<meta property=\"og:image:height\" content=\"533\" \/>\n\t<meta property=\"og:image:type\" content=\"image\/jpeg\" \/>\n<meta name=\"author\" content=\"smonteiro\" \/>\n<meta name=\"twitter:card\" content=\"summary_large_image\" \/>\n<meta name=\"twitter:label1\" content=\"Written by\" \/>\n\t<meta name=\"twitter:data1\" content=\"smonteiro\" \/>\n\t<meta name=\"twitter:label2\" content=\"Est. reading time\" \/>\n\t<meta name=\"twitter:data2\" content=\"3 minutos\" \/>\n<script type=\"application\/ld+json\" class=\"yoast-schema-graph\">{\"@context\":\"https:\/\/schema.org\",\"@graph\":[{\"@type\":\"Article\",\"@id\":\"https:\/\/www.manaus.am.gov.br\/semtepi\/prefeitura\/prefeitura-participa-da-conferencia-nacional-slots-verao-2024-para-o-fomento-do-turismo-local\/#article\",\"isPartOf\":{\"@id\":\"https:\/\/www.manaus.am.gov.br\/semtepi\/prefeitura\/prefeitura-participa-da-conferencia-nacional-slots-verao-2024-para-o-fomento-do-turismo-local\/\"},\"author\":{\"name\":\"smonteiro\",\"@id\":\"https:\/\/www.manaus.am.gov.br\/semtepi\/#\/schema\/person\/ab4dcf766a54dff74e8d267f5c591961\"},\"headline\":\"Prefeitura participa da \u201cConfer\u00eancia Nacional Slots Ver\u00e3o 2024\u201d para o fomento do turismo local\",\"datePublished\":\"2024-01-17T22:32:17+00:00\",\"dateModified\":\"2024-01-18T19:04:11+00:00\",\"mainEntityOfPage\":{\"@id\":\"https:\/\/www.manaus.am.gov.br\/semtepi\/prefeitura\/prefeitura-participa-da-conferencia-nacional-slots-verao-2024-para-o-fomento-do-turismo-local\/\"},\"wordCount\":428,\"publisher\":{\"@id\":\"https:\/\/www.manaus.am.gov.br\/semtepi\/#organization\"},\"image\":{\"@id\":\"https:\/\/www.manaus.am.gov.br\/semtepi\/prefeitura\/prefeitura-participa-da-conferencia-nacional-slots-verao-2024-para-o-fomento-do-turismo-local\/#primaryimage\"},\"thumbnailUrl\":\"https:\/\/www.manaus.am.gov.br\/semtepi\/wp-content\/uploads\/sites\/20\/2024\/01\/Conferencia-1.jpg\",\"keywords\":[\"confer\u00eancia\",\"Marcos Rotta\",\"prefeitura de manaus\",\"turismo\"],\"articleSection\":[\"Prefeitura\"],\"inLanguage\":\"pt-BR\"},{\"@type\":\"WebPage\",\"@id\":\"https:\/\/www.manaus.am.gov.br\/semtepi\/prefeitura\/prefeitura-participa-da-conferencia-nacional-slots-verao-2024-para-o-fomento-do-turismo-local\/\",\"url\":\"https:\/\/www.manaus.am.gov.br\/semtepi\/prefeitura\/prefeitura-participa-da-conferencia-nacional-slots-verao-2024-para-o-fomento-do-turismo-local\/\",\"name\":\"Prefeitura participa da \u201cConfer\u00eancia Nacional Slots Ver\u00e3o 2024\u201d\",\"isPartOf\":{\"@id\":\"https:\/\/www.manaus.am.gov.br\/semtepi\/#website\"},\"primaryImageOfPage\":{\"@id\":\"https:\/\/www.manaus.am.gov.br\/semtepi\/prefeitura\/prefeitura-participa-da-conferencia-nacional-slots-verao-2024-para-o-fomento-do-turismo-local\/#primaryimage\"},\"image\":{\"@id\":\"https:\/\/www.manaus.am.gov.br\/semtepi\/prefeitura\/prefeitura-participa-da-conferencia-nacional-slots-verao-2024-para-o-fomento-do-turismo-local\/#primaryimage\"},\"thumbnailUrl\":\"https:\/\/www.manaus.am.gov.br\/semtepi\/wp-content\/uploads\/sites\/20\/2024\/01\/Conferencia-1.jpg\",\"datePublished\":\"2024-01-17T22:32:17+00:00\",\"dateModified\":\"2024-01-18T19:04:11+00:00\",\"breadcrumb\":{\"@id\":\"https:\/\/www.manaus.am.gov.br\/semtepi\/prefeitura\/prefeitura-participa-da-conferencia-nacional-slots-verao-2024-para-o-fomento-do-turismo-local\/#breadcrumb\"},\"inLanguage\":\"pt-BR\",\"potentialAction\":[{\"@type\":\"ReadAction\",\"target\":[\"https:\/\/www.manaus.am.gov.br\/semtepi\/prefeitura\/prefeitura-participa-da-conferencia-nacional-slots-verao-2024-para-o-fomento-do-turismo-local\/\"]}]},{\"@type\":\"ImageObject\",\"inLanguage\":\"pt-BR\",\"@id\":\"https:\/\/www.manaus.am.gov.br\/semtepi\/prefeitura\/prefeitura-participa-da-conferencia-nacional-slots-verao-2024-para-o-fomento-do-turismo-local\/#primaryimage\",\"url\":\"https:\/\/www.manaus.am.gov.br\/semtepi\/wp-content\/uploads\/sites\/20\/2024\/01\/Conferencia-1.jpg\",\"contentUrl\":\"https:\/\/www.manaus.am.gov.br\/semtepi\/wp-content\/uploads\/sites\/20\/2024\/01\/Conferencia-1.jpg\",\"width\":799,\"height\":533,\"caption\":\"#paratodosverem - prefeito em exerc\u00edcio, Marcos Rotta, na Confer\u00eancia Nacional Slots Ver\u00e3o 2024\"},{\"@type\":\"BreadcrumbList\",\"@id\":\"https:\/\/www.manaus.am.gov.br\/semtepi\/prefeitura\/prefeitura-participa-da-conferencia-nacional-slots-verao-2024-para-o-fomento-do-turismo-local\/#breadcrumb\",\"itemListElement\":[{\"@type\":\"ListItem\",\"position\":1,\"name\":\"Home\",\"item\":\"https:\/\/www.manaus.am.gov.br\/semtepi\/\"},{\"@type\":\"ListItem\",\"position\":2,\"name\":\"Prefeitura participa da \u201cConfer\u00eancia Nacional Slots Ver\u00e3o 2024\u201d para o fomento do turismo local\"}]},{\"@type\":\"WebSite\",\"@id\":\"https:\/\/www.manaus.am.gov.br\/semtepi\/#website\",\"url\":\"https:\/\/www.manaus.am.gov.br\/semtepi\/\",\"name\":\"SEMTEPI\",\"description\":\"Prefeitura de Manaus\",\"publisher\":{\"@id\":\"https:\/\/www.manaus.am.gov.br\/semtepi\/#organization\"},\"alternateName\":\"Secretaria Municipal do Trabalho, Empreendedorismo e Inova\u00e7\u00e3o\",\"potentialAction\":[{\"@type\":\"SearchAction\",\"target\":{\"@type\":\"EntryPoint\",\"urlTemplate\":\"https:\/\/www.manaus.am.gov.br\/semtepi\/?s={search_term_string}\"},\"query-input\":\"required name=search_term_string\"}],\"inLanguage\":\"pt-BR\"},{\"@type\":\"Organization\",\"@id\":\"https:\/\/www.manaus.am.gov.br\/semtepi\/#organization\",\"name\":\"Prefeitura Municipal de Manaus\",\"alternateName\":\"Prefeitura de Manaus\",\"url\":\"https:\/\/www.manaus.am.gov.br\/semtepi\/\",\"logo\":{\"@type\":\"ImageObject\",\"inLanguage\":\"pt-BR\",\"@id\":\"https:\/\/www.manaus.am.gov.br\/semtepi\/#\/schema\/logo\/image\/\",\"url\":\"https:\/\/www.manaus.am.gov.br\/semtepi\/wp-content\/uploads\/sites\/20\/2024\/07\/favicon.png\",\"contentUrl\":\"https:\/\/www.manaus.am.gov.br\/semtepi\/wp-content\/uploads\/sites\/20\/2024\/07\/favicon.png\",\"width\":300,\"height\":300,\"caption\":\"Prefeitura Municipal de Manaus\"},\"image\":{\"@id\":\"https:\/\/www.manaus.am.gov.br\/semtepi\/#\/schema\/logo\/image\/\"}},{\"@type\":\"Person\",\"@id\":\"https:\/\/www.manaus.am.gov.br\/semtepi\/#\/schema\/person\/ab4dcf766a54dff74e8d267f5c591961\",\"name\":\"smonteiro\",\"image\":{\"@type\":\"ImageObject\",\"inLanguage\":\"pt-BR\",\"@id\":\"https:\/\/www.manaus.am.gov.br\/semtepi\/#\/schema\/person\/image\/\",\"url\":\"https:\/\/secure.gravatar.com\/avatar\/21c8776ef61d9272c73322052e042d77?s=96&d=mm&r=g\",\"contentUrl\":\"https:\/\/secure.gravatar.com\/avatar\/21c8776ef61d9272c73322052e042d77?s=96&d=mm&r=g\",\"caption\":\"smonteiro\"}}]}<\/script>\n<!-- \/ Yoast SEO plugin. -->","yoast_head_json":{"title":"Prefeitura participa da \u201cConfer\u00eancia Nacional Slots Ver\u00e3o 2024\u201d","robots":{"index":"noindex","follow":"follow"},"og_locale":"pt_BR","og_type":"article","og_title":"Prefeitura participa da \u201cConfer\u00eancia Nacional Slots Ver\u00e3o 2024\u201d","og_url":"https:\/\/www.manaus.am.gov.br\/semtepi\/prefeitura\/prefeitura-participa-da-conferencia-nacional-slots-verao-2024-para-o-fomento-do-turismo-local\/","og_site_name":"SEMTEPI","article_published_time":"2024-01-17T22:32:17+00:00","article_modified_time":"2024-01-18T19:04:11+00:00","og_image":[{"width":799,"height":533,"url":"https:\/\/www.manaus.am.gov.br\/semtepi\/wp-content\/uploads\/sites\/20\/2024\/01\/Conferencia-1.jpg","type":"image\/jpeg"}],"author":"smonteiro","twitter_card":"summary_large_image","twitter_misc":{"Written by":"smonteiro","Est. reading time":"3 minutos"},"schema":{"@context":"https:\/\/schema.org","@graph":[{"@type":"Article","@id":"https:\/\/www.manaus.am.gov.br\/semtepi\/prefeitura\/prefeitura-participa-da-conferencia-nacional-slots-verao-2024-para-o-fomento-do-turismo-local\/#article","isPartOf":{"@id":"https:\/\/www.manaus.am.gov.br\/semtepi\/prefeitura\/prefeitura-participa-da-conferencia-nacional-slots-verao-2024-para-o-fomento-do-turismo-local\/"},"author":{"name":"smonteiro","@id":"https:\/\/www.manaus.am.gov.br\/semtepi\/#\/schema\/person\/ab4dcf766a54dff74e8d267f5c591961"},"headline":"Prefeitura participa da \u201cConfer\u00eancia Nacional Slots Ver\u00e3o 2024\u201d para o fomento do turismo local","datePublished":"2024-01-17T22:32:17+00:00","dateModified":"2024-01-18T19:04:11+00:00","mainEntityOfPage":{"@id":"https:\/\/www.manaus.am.gov.br\/semtepi\/prefeitura\/prefeitura-participa-da-conferencia-nacional-slots-verao-2024-para-o-fomento-do-turismo-local\/"},"wordCount":428,"publisher":{"@id":"https:\/\/www.manaus.am.gov.br\/semtepi\/#organization"},"image":{"@id":"https:\/\/www.manaus.am.gov.br\/semtepi\/prefeitura\/prefeitura-participa-da-conferencia-nacional-slots-verao-2024-para-o-fomento-do-turismo-local\/#primaryimage"},"thumbnailUrl":"https:\/\/www.manaus.am.gov.br\/semtepi\/wp-content\/uploads\/sites\/20\/2024\/01\/Conferencia-1.jpg","keywords":["confer\u00eancia","Marcos Rotta","prefeitura de manaus","turismo"],"articleSection":["Prefeitura"],"inLanguage":"pt-BR"},{"@type":"WebPage","@id":"https:\/\/www.manaus.am.gov.br\/semtepi\/prefeitura\/prefeitura-participa-da-conferencia-nacional-slots-verao-2024-para-o-fomento-do-turismo-local\/","url":"https:\/\/www.manaus.am.gov.br\/semtepi\/prefeitura\/prefeitura-participa-da-conferencia-nacional-slots-verao-2024-para-o-fomento-do-turismo-local\/","name":"Prefeitura participa da \u201cConfer\u00eancia Nacional Slots Ver\u00e3o 2024\u201d","isPartOf":{"@id":"https:\/\/www.manaus.am.gov.br\/semtepi\/#website"},"primaryImageOfPage":{"@id":"https:\/\/www.manaus.am.gov.br\/semtepi\/prefeitura\/prefeitura-participa-da-conferencia-nacional-slots-verao-2024-para-o-fomento-do-turismo-local\/#primaryimage"},"image":{"@id":"https:\/\/www.manaus.am.gov.br\/semtepi\/prefeitura\/prefeitura-participa-da-conferencia-nacional-slots-verao-2024-para-o-fomento-do-turismo-local\/#primaryimage"},"thumbnailUrl":"https:\/\/www.manaus.am.gov.br\/semtepi\/wp-content\/uploads\/sites\/20\/2024\/01\/Conferencia-1.jpg","datePublished":"2024-01-17T22:32:17+00:00","dateModified":"2024-01-18T19:04:11+00:00","breadcrumb":{"@id":"https:\/\/www.manaus.am.gov.br\/semtepi\/prefeitura\/prefeitura-participa-da-conferencia-nacional-slots-verao-2024-para-o-fomento-do-turismo-local\/#breadcrumb"},"inLanguage":"pt-BR","potentialAction":[{"@type":"ReadAction","target":["https:\/\/www.manaus.am.gov.br\/semtepi\/prefeitura\/prefeitura-participa-da-conferencia-nacional-slots-verao-2024-para-o-fomento-do-turismo-local\/"]}]},{"@type":"ImageObject","inLanguage":"pt-BR","@id":"https:\/\/www.manaus.am.gov.br\/semtepi\/prefeitura\/prefeitura-participa-da-conferencia-nacional-slots-verao-2024-para-o-fomento-do-turismo-local\/#primaryimage","url":"https:\/\/www.manaus.am.gov.br\/semtepi\/wp-content\/uploads\/sites\/20\/2024\/01\/Conferencia-1.jpg","contentUrl":"https:\/\/www.manaus.am.gov.br\/semtepi\/wp-content\/uploads\/sites\/20\/2024\/01\/Conferencia-1.jpg","width":799,"height":533,"caption":"#paratodosverem - prefeito em exerc\u00edcio, Marcos Rotta, na Confer\u00eancia Nacional Slots Ver\u00e3o 2024"},{"@type":"BreadcrumbList","@id":"https:\/\/www.manaus.am.gov.br\/semtepi\/prefeitura\/prefeitura-participa-da-conferencia-nacional-slots-verao-2024-para-o-fomento-do-turismo-local\/#breadcrumb","itemListElement":[{"@type":"ListItem","position":1,"name":"Home","item":"https:\/\/www.manaus.am.gov.br\/semtepi\/"},{"@type":"ListItem","position":2,"name":"Prefeitura participa da \u201cConfer\u00eancia Nacional Slots Ver\u00e3o 2024\u201d para o fomento do turismo local"}]},{"@type":"WebSite","@id":"https:\/\/www.manaus.am.gov.br\/semtepi\/#website","url":"https:\/\/www.manaus.am.gov.br\/semtepi\/","name":"SEMTEPI","description":"Prefeitura de Manaus","publisher":{"@id":"https:\/\/www.manaus.am.gov.br\/semtepi\/#organization"},"alternateName":"Secretaria Municipal do Trabalho, Empreendedorismo e Inova\u00e7\u00e3o","potentialAction":[{"@type":"SearchAction","target":{"@type":"EntryPoint","urlTemplate":"https:\/\/www.manaus.am.gov.br\/semtepi\/?s={search_term_string}"},"query-input":"required name=search_term_string"}],"inLanguage":"pt-BR"},{"@type":"Organization","@id":"https:\/\/www.manaus.am.gov.br\/semtepi\/#organization","name":"Prefeitura Municipal de Manaus","alternateName":"Prefeitura de Manaus","url":"https:\/\/www.manaus.am.gov.br\/semtepi\/","logo":{"@type":"ImageObject","inLanguage":"pt-BR","@id":"https:\/\/www.manaus.am.gov.br\/semtepi\/#\/schema\/logo\/image\/","url":"https:\/\/www.manaus.am.gov.br\/semtepi\/wp-content\/uploads\/sites\/20\/2024\/07\/favicon.png","contentUrl":"https:\/\/www.manaus.am.gov.br\/semtepi\/wp-content\/uploads\/sites\/20\/2024\/07\/favicon.png","width":300,"height":300,"caption":"Prefeitura Municipal de Manaus"},"image":{"@id":"https:\/\/www.manaus.am.gov.br\/semtepi\/#\/schema\/logo\/image\/"}},{"@type":"Person","@id":"https:\/\/www.manaus.am.gov.br\/semtepi\/#\/schema\/person\/ab4dcf766a54dff74e8d267f5c591961","name":"smonteiro","image":{"@type":"ImageObject","inLanguage":"pt-BR","@id":"https:\/\/www.manaus.am.gov.br\/semtepi\/#\/schema\/person\/image\/","url":"https:\/\/secure.gravatar.com\/avatar\/21c8776ef61d9272c73322052e042d77?s=96&d=mm&r=g","contentUrl":"https:\/\/secure.gravatar.com\/avatar\/21c8776ef61d9272c73322052e042d77?s=96&d=mm&r=g","caption":"smonteiro"}}]}},"_links":{"self":[{"href":"https:\/\/www.manaus.am.gov.br\/semtepi\/wp-json\/wp\/v2\/posts\/3940"}],"collection":[{"href":"https:\/\/www.manaus.am.gov.br\/semtepi\/wp-json\/wp\/v2\/posts"}],"about":[{"href":"https:\/\/www.manaus.am.gov.br\/semtepi\/wp-json\/wp\/v2\/types\/post"}],"author":[{"embeddable":true,"href":"https:\/\/www.manaus.am.gov.br\/semtepi\/wp-json\/wp\/v2\/users\/61"}],"replies":[{"embeddable":true,"href":"https:\/\/www.manaus.am.gov.br\/semtepi\/wp-json\/wp\/v2\/comments?post=3940"}],"version-history":[{"count":0,"href":"https:\/\/www.manaus.am.gov.br\/semtepi\/wp-json\/wp\/v2\/posts\/3940\/revisions"}],"wp:featuredmedia":[{"embeddable":true,"href":"https:\/\/www.manaus.am.gov.br\/semtepi\/wp-json\/wp\/v2\/media\/3941"}],"wp:attachment":[{"href":"https:\/\/www.manaus.am.gov.br\/semtepi\/wp-json\/wp\/v2\/media?parent=3940"}],"wp:term":[{"taxonomy":"category","embeddable":true,"href":"https:\/\/www.manaus.am.gov.br\/semtepi\/wp-json\/wp\/v2\/categories?post=3940"},{"taxonomy":"post_tag","embeddable":true,"href":"https:\/\/www.manaus.am.gov.br\/semtepi\/wp-json\/wp\/v2\/tags?post=3940"}],"curies":[{"name":"wp","href":"https:\/\/api.w.org\/{rel}","templated":true}]}}