{"id":3903,"date":"2024-01-12T09:48:22","date_gmt":"2024-01-12T13:48:22","guid":{"rendered":"https:\/\/www.manaus.am.gov.br\/semtepi\/sem-categoria\/central-do-empreendedor-oferece-coworking-e-salas-gratuitas-para-a-populacao\/"},"modified":"2024-01-12T09:48:24","modified_gmt":"2024-01-12T13:48:24","slug":"central-do-empreendedor-oferece-coworking-e-salas-gratuitas-para-a-populacao","status":"publish","type":"post","link":"https:\/\/www.manaus.am.gov.br\/semtepi\/empreendedorismo\/central-do-empreendedor-oferece-coworking-e-salas-gratuitas-para-a-populacao\/","title":{"rendered":"Central do Empreendedor oferece coworking e salas gratuitas para a popula\u00e7\u00e3o"},"content":{"rendered":"\n<p>A Central do Empreendedor, localizada nas depend\u00eancias do shopping Phelippe Daou, zona Norte de Manaus, disponibiliza agendamento para uso do espa\u00e7o coworking, salas de reuni\u00e3o e treinamento para os empreendedores das zonas Norte e Leste, de forma gratuita. O local \u00e9 administrado pela Prefeitura de Manaus, por meio da Secretaria Municipal do Trabalho, Empreendedorismo e Inova\u00e7\u00e3o (Semtepi).<\/p>\n\n\n\n<p>O agendamento do espa\u00e7o est\u00e1 dispon\u00edvel de segunda a sexta-feira, das 8h \u00e0s 17h, por meio do link: minhaagendavirtual.com.br\/centraldoempreendedor. O local disp\u00f5e de salas de reuni\u00e3o com oito lugares, equipadas com televis\u00e3o, pontos de energia, acesso Wi-Fi, mesas e cadeiras. J\u00e1 o espa\u00e7o coworking possui 23 esta\u00e7\u00f5es de trabalho, com acesso \u00e0 internet e ambiente climatizado.<\/p>\n\n\n\n<p>\u201cEsse espa\u00e7o foi constru\u00eddo nos mesmos moldes do que temos no Casar\u00e3o da Inova\u00e7\u00e3o Cassina. \u00c9 o primeiro coworking p\u00fablico da zona Norte, com capacidade de atendimento de grande porte. O empreendedor agora ter\u00e1 um espa\u00e7o para realizar reuni\u00f5es de neg\u00f3cios entre outras atividades, em um local totalmente dedicado para isso\u201d, afirmou o titular da Semtepi, Radyr J\u00fanior.<\/p>\n\n\n\n<p>A Central do Empreendedor foi inaugurada em dezembro de 2023. Al\u00e9m dos servi\u00e7os dispon\u00edveis para agendamento, abriga a 1\u00aa Casa do Trabalhador de Manaus, que oferece vagas de emprego do Sine Manaus, atendimento psicol\u00f3gico, social e aulas de qualifica\u00e7\u00e3o profissional.<\/p>\n\n\n\n<p>&#8212; &#8212; &#8212;<\/p>\n\n\n\n<p><strong>Texto \u2013<\/strong> Luiza Maria \/ Semtepi<\/p>\n\n\n\n<p><strong>Fotos <\/strong>\u2013 Ant\u00f4nio Pereira \/ Semcom<\/p>\n\n\n\n<p><strong>Dispon\u00edveis em<\/strong> \u2013 <a href=\"https:\/\/flic.kr\/s\/aHBqjB7zkr\">https:\/\/flic.kr\/s\/aHBqjB7zkr<\/a><\/p>\n","protected":false},"excerpt":{"rendered":"","protected":false},"author":57,"featured_media":3904,"comment_status":"closed","ping_status":"closed","sticky":false,"template":"","format":"standard","meta":{"footnotes":""},"categories":[47],"tags":[885,916,917,9,19],"acf":[],"yoast_head":"<!-- This site is optimized with the Yoast SEO plugin v23.0 - https:\/\/yoast.com\/wordpress\/plugins\/seo\/ -->\n<title>Central do Empreendedorferece salas gratuitas para a popula\u00e7\u00e3o<\/title>\n<meta name=\"description\" content=\"A Central do Empreendedor disponibiliza agendamento para uso do espa\u00e7o coworking, salas de reuni\u00e3o e treinamento de forma gratuita.\" \/>\n<meta name=\"robots\" content=\"noindex, follow\" \/>\n<meta property=\"og:locale\" content=\"pt_BR\" \/>\n<meta property=\"og:type\" content=\"article\" \/>\n<meta property=\"og:title\" content=\"Central do Empreendedorferece salas gratuitas para a popula\u00e7\u00e3o\" \/>\n<meta property=\"og:description\" content=\"A Central do Empreendedor disponibiliza agendamento para uso do espa\u00e7o coworking, salas de reuni\u00e3o e treinamento de forma gratuita.\" \/>\n<meta property=\"og:url\" content=\"https:\/\/www.manaus.am.gov.br\/semtepi\/empreendedorismo\/central-do-empreendedor-oferece-coworking-e-salas-gratuitas-para-a-populacao\/\" \/>\n<meta property=\"og:site_name\" content=\"SEMTEPI\" \/>\n<meta property=\"article:published_time\" content=\"2024-01-12T13:48:22+00:00\" \/>\n<meta property=\"article:modified_time\" content=\"2024-01-12T13:48:24+00:00\" \/>\n<meta property=\"og:image\" content=\"https:\/\/www.manaus.am.gov.br\/semtepi\/wp-content\/uploads\/sites\/20\/2024\/01\/53408237724_c3851f7efd_c.jpg\" \/>\n\t<meta property=\"og:image:width\" content=\"799\" \/>\n\t<meta property=\"og:image:height\" content=\"533\" \/>\n\t<meta property=\"og:image:type\" content=\"image\/jpeg\" \/>\n<meta name=\"author\" content=\"Thiago Fernando\" \/>\n<meta name=\"twitter:card\" content=\"summary_large_image\" \/>\n<meta name=\"twitter:label1\" content=\"Written by\" \/>\n\t<meta name=\"twitter:data1\" content=\"Thiago Fernando\" \/>\n\t<meta name=\"twitter:label2\" content=\"Est. reading time\" \/>\n\t<meta name=\"twitter:data2\" content=\"2 minutos\" \/>\n<script type=\"application\/ld+json\" class=\"yoast-schema-graph\">{\"@context\":\"https:\/\/schema.org\",\"@graph\":[{\"@type\":\"Article\",\"@id\":\"https:\/\/www.manaus.am.gov.br\/semtepi\/empreendedorismo\/central-do-empreendedor-oferece-coworking-e-salas-gratuitas-para-a-populacao\/#article\",\"isPartOf\":{\"@id\":\"https:\/\/www.manaus.am.gov.br\/semtepi\/empreendedorismo\/central-do-empreendedor-oferece-coworking-e-salas-gratuitas-para-a-populacao\/\"},\"author\":{\"name\":\"Thiago Fernando\",\"@id\":\"https:\/\/www.manaus.am.gov.br\/semtepi\/#\/schema\/person\/a5ee5376db6e21af026374b369f30882\"},\"headline\":\"Central do Empreendedor oferece coworking e salas gratuitas para a popula\u00e7\u00e3o\",\"datePublished\":\"2024-01-12T13:48:22+00:00\",\"dateModified\":\"2024-01-12T13:48:24+00:00\",\"mainEntityOfPage\":{\"@id\":\"https:\/\/www.manaus.am.gov.br\/semtepi\/empreendedorismo\/central-do-empreendedor-oferece-coworking-e-salas-gratuitas-para-a-populacao\/\"},\"wordCount\":266,\"publisher\":{\"@id\":\"https:\/\/www.manaus.am.gov.br\/semtepi\/#organization\"},\"image\":{\"@id\":\"https:\/\/www.manaus.am.gov.br\/semtepi\/empreendedorismo\/central-do-empreendedor-oferece-coworking-e-salas-gratuitas-para-a-populacao\/#primaryimage\"},\"thumbnailUrl\":\"https:\/\/www.manaus.am.gov.br\/semtepi\/wp-content\/uploads\/sites\/20\/2024\/01\/53408237724_c3851f7efd_c.jpg\",\"keywords\":[\"Central do Empreendedor\",\"Empreeendedor\",\"Espa\u00e7o Coworking\",\"Semtepi\",\"shopping phelippe daou\"],\"articleSection\":[\"Empreendedorismo\"],\"inLanguage\":\"pt-BR\"},{\"@type\":\"WebPage\",\"@id\":\"https:\/\/www.manaus.am.gov.br\/semtepi\/empreendedorismo\/central-do-empreendedor-oferece-coworking-e-salas-gratuitas-para-a-populacao\/\",\"url\":\"https:\/\/www.manaus.am.gov.br\/semtepi\/empreendedorismo\/central-do-empreendedor-oferece-coworking-e-salas-gratuitas-para-a-populacao\/\",\"name\":\"Central do Empreendedorferece salas gratuitas para a popula\u00e7\u00e3o\",\"isPartOf\":{\"@id\":\"https:\/\/www.manaus.am.gov.br\/semtepi\/#website\"},\"primaryImageOfPage\":{\"@id\":\"https:\/\/www.manaus.am.gov.br\/semtepi\/empreendedorismo\/central-do-empreendedor-oferece-coworking-e-salas-gratuitas-para-a-populacao\/#primaryimage\"},\"image\":{\"@id\":\"https:\/\/www.manaus.am.gov.br\/semtepi\/empreendedorismo\/central-do-empreendedor-oferece-coworking-e-salas-gratuitas-para-a-populacao\/#primaryimage\"},\"thumbnailUrl\":\"https:\/\/www.manaus.am.gov.br\/semtepi\/wp-content\/uploads\/sites\/20\/2024\/01\/53408237724_c3851f7efd_c.jpg\",\"datePublished\":\"2024-01-12T13:48:22+00:00\",\"dateModified\":\"2024-01-12T13:48:24+00:00\",\"description\":\"A Central do Empreendedor disponibiliza agendamento para uso do espa\u00e7o coworking, salas de reuni\u00e3o e treinamento de forma gratuita.\",\"breadcrumb\":{\"@id\":\"https:\/\/www.manaus.am.gov.br\/semtepi\/empreendedorismo\/central-do-empreendedor-oferece-coworking-e-salas-gratuitas-para-a-populacao\/#breadcrumb\"},\"inLanguage\":\"pt-BR\",\"potentialAction\":[{\"@type\":\"ReadAction\",\"target\":[\"https:\/\/www.manaus.am.gov.br\/semtepi\/empreendedorismo\/central-do-empreendedor-oferece-coworking-e-salas-gratuitas-para-a-populacao\/\"]}]},{\"@type\":\"ImageObject\",\"inLanguage\":\"pt-BR\",\"@id\":\"https:\/\/www.manaus.am.gov.br\/semtepi\/empreendedorismo\/central-do-empreendedor-oferece-coworking-e-salas-gratuitas-para-a-populacao\/#primaryimage\",\"url\":\"https:\/\/www.manaus.am.gov.br\/semtepi\/wp-content\/uploads\/sites\/20\/2024\/01\/53408237724_c3851f7efd_c.jpg\",\"contentUrl\":\"https:\/\/www.manaus.am.gov.br\/semtepi\/wp-content\/uploads\/sites\/20\/2024\/01\/53408237724_c3851f7efd_c.jpg\",\"width\":799,\"height\":533,\"caption\":\"#paratodosverem - Servidora da Semtepi realizando atendimento na Central do Empreendedor\"},{\"@type\":\"BreadcrumbList\",\"@id\":\"https:\/\/www.manaus.am.gov.br\/semtepi\/empreendedorismo\/central-do-empreendedor-oferece-coworking-e-salas-gratuitas-para-a-populacao\/#breadcrumb\",\"itemListElement\":[{\"@type\":\"ListItem\",\"position\":1,\"name\":\"Home\",\"item\":\"https:\/\/www.manaus.am.gov.br\/semtepi\/\"},{\"@type\":\"ListItem\",\"position\":2,\"name\":\"Central do Empreendedor oferece coworking e salas gratuitas para a popula\u00e7\u00e3o\"}]},{\"@type\":\"WebSite\",\"@id\":\"https:\/\/www.manaus.am.gov.br\/semtepi\/#website\",\"url\":\"https:\/\/www.manaus.am.gov.br\/semtepi\/\",\"name\":\"SEMTEPI\",\"description\":\"Prefeitura de Manaus\",\"publisher\":{\"@id\":\"https:\/\/www.manaus.am.gov.br\/semtepi\/#organization\"},\"alternateName\":\"Secretaria Municipal do Trabalho, Empreendedorismo e Inova\u00e7\u00e3o\",\"potentialAction\":[{\"@type\":\"SearchAction\",\"target\":{\"@type\":\"EntryPoint\",\"urlTemplate\":\"https:\/\/www.manaus.am.gov.br\/semtepi\/?s={search_term_string}\"},\"query-input\":\"required name=search_term_string\"}],\"inLanguage\":\"pt-BR\"},{\"@type\":\"Organization\",\"@id\":\"https:\/\/www.manaus.am.gov.br\/semtepi\/#organization\",\"name\":\"Prefeitura Municipal de Manaus\",\"alternateName\":\"Prefeitura de Manaus\",\"url\":\"https:\/\/www.manaus.am.gov.br\/semtepi\/\",\"logo\":{\"@type\":\"ImageObject\",\"inLanguage\":\"pt-BR\",\"@id\":\"https:\/\/www.manaus.am.gov.br\/semtepi\/#\/schema\/logo\/image\/\",\"url\":\"https:\/\/www.manaus.am.gov.br\/semtepi\/wp-content\/uploads\/sites\/20\/2024\/07\/favicon.png\",\"contentUrl\":\"https:\/\/www.manaus.am.gov.br\/semtepi\/wp-content\/uploads\/sites\/20\/2024\/07\/favicon.png\",\"width\":300,\"height\":300,\"caption\":\"Prefeitura Municipal de Manaus\"},\"image\":{\"@id\":\"https:\/\/www.manaus.am.gov.br\/semtepi\/#\/schema\/logo\/image\/\"}},{\"@type\":\"Person\",\"@id\":\"https:\/\/www.manaus.am.gov.br\/semtepi\/#\/schema\/person\/a5ee5376db6e21af026374b369f30882\",\"name\":\"Thiago Fernando\",\"image\":{\"@type\":\"ImageObject\",\"inLanguage\":\"pt-BR\",\"@id\":\"https:\/\/www.manaus.am.gov.br\/semtepi\/#\/schema\/person\/image\/\",\"url\":\"https:\/\/secure.gravatar.com\/avatar\/f5aab8722444041451501c077052ac07?s=96&d=mm&r=g\",\"contentUrl\":\"https:\/\/secure.gravatar.com\/avatar\/f5aab8722444041451501c077052ac07?s=96&d=mm&r=g\",\"caption\":\"Thiago Fernando\"}}]}<\/script>\n<!-- \/ Yoast SEO plugin. -->","yoast_head_json":{"title":"Central do Empreendedorferece salas gratuitas para a popula\u00e7\u00e3o","description":"A Central do Empreendedor disponibiliza agendamento para uso do espa\u00e7o coworking, salas de reuni\u00e3o e treinamento de forma gratuita.","robots":{"index":"noindex","follow":"follow"},"og_locale":"pt_BR","og_type":"article","og_title":"Central do Empreendedorferece salas gratuitas para a popula\u00e7\u00e3o","og_description":"A Central do Empreendedor disponibiliza agendamento para uso do espa\u00e7o coworking, salas de reuni\u00e3o e treinamento de forma gratuita.","og_url":"https:\/\/www.manaus.am.gov.br\/semtepi\/empreendedorismo\/central-do-empreendedor-oferece-coworking-e-salas-gratuitas-para-a-populacao\/","og_site_name":"SEMTEPI","article_published_time":"2024-01-12T13:48:22+00:00","article_modified_time":"2024-01-12T13:48:24+00:00","og_image":[{"width":799,"height":533,"url":"https:\/\/www.manaus.am.gov.br\/semtepi\/wp-content\/uploads\/sites\/20\/2024\/01\/53408237724_c3851f7efd_c.jpg","type":"image\/jpeg"}],"author":"Thiago Fernando","twitter_card":"summary_large_image","twitter_misc":{"Written by":"Thiago Fernando","Est. reading time":"2 minutos"},"schema":{"@context":"https:\/\/schema.org","@graph":[{"@type":"Article","@id":"https:\/\/www.manaus.am.gov.br\/semtepi\/empreendedorismo\/central-do-empreendedor-oferece-coworking-e-salas-gratuitas-para-a-populacao\/#article","isPartOf":{"@id":"https:\/\/www.manaus.am.gov.br\/semtepi\/empreendedorismo\/central-do-empreendedor-oferece-coworking-e-salas-gratuitas-para-a-populacao\/"},"author":{"name":"Thiago Fernando","@id":"https:\/\/www.manaus.am.gov.br\/semtepi\/#\/schema\/person\/a5ee5376db6e21af026374b369f30882"},"headline":"Central do Empreendedor oferece coworking e salas gratuitas para a popula\u00e7\u00e3o","datePublished":"2024-01-12T13:48:22+00:00","dateModified":"2024-01-12T13:48:24+00:00","mainEntityOfPage":{"@id":"https:\/\/www.manaus.am.gov.br\/semtepi\/empreendedorismo\/central-do-empreendedor-oferece-coworking-e-salas-gratuitas-para-a-populacao\/"},"wordCount":266,"publisher":{"@id":"https:\/\/www.manaus.am.gov.br\/semtepi\/#organization"},"image":{"@id":"https:\/\/www.manaus.am.gov.br\/semtepi\/empreendedorismo\/central-do-empreendedor-oferece-coworking-e-salas-gratuitas-para-a-populacao\/#primaryimage"},"thumbnailUrl":"https:\/\/www.manaus.am.gov.br\/semtepi\/wp-content\/uploads\/sites\/20\/2024\/01\/53408237724_c3851f7efd_c.jpg","keywords":["Central do Empreendedor","Empreeendedor","Espa\u00e7o Coworking","Semtepi","shopping phelippe daou"],"articleSection":["Empreendedorismo"],"inLanguage":"pt-BR"},{"@type":"WebPage","@id":"https:\/\/www.manaus.am.gov.br\/semtepi\/empreendedorismo\/central-do-empreendedor-oferece-coworking-e-salas-gratuitas-para-a-populacao\/","url":"https:\/\/www.manaus.am.gov.br\/semtepi\/empreendedorismo\/central-do-empreendedor-oferece-coworking-e-salas-gratuitas-para-a-populacao\/","name":"Central do Empreendedorferece salas gratuitas para a popula\u00e7\u00e3o","isPartOf":{"@id":"https:\/\/www.manaus.am.gov.br\/semtepi\/#website"},"primaryImageOfPage":{"@id":"https:\/\/www.manaus.am.gov.br\/semtepi\/empreendedorismo\/central-do-empreendedor-oferece-coworking-e-salas-gratuitas-para-a-populacao\/#primaryimage"},"image":{"@id":"https:\/\/www.manaus.am.gov.br\/semtepi\/empreendedorismo\/central-do-empreendedor-oferece-coworking-e-salas-gratuitas-para-a-populacao\/#primaryimage"},"thumbnailUrl":"https:\/\/www.manaus.am.gov.br\/semtepi\/wp-content\/uploads\/sites\/20\/2024\/01\/53408237724_c3851f7efd_c.jpg","datePublished":"2024-01-12T13:48:22+00:00","dateModified":"2024-01-12T13:48:24+00:00","description":"A Central do Empreendedor disponibiliza agendamento para uso do espa\u00e7o coworking, salas de reuni\u00e3o e treinamento de forma gratuita.","breadcrumb":{"@id":"https:\/\/www.manaus.am.gov.br\/semtepi\/empreendedorismo\/central-do-empreendedor-oferece-coworking-e-salas-gratuitas-para-a-populacao\/#breadcrumb"},"inLanguage":"pt-BR","potentialAction":[{"@type":"ReadAction","target":["https:\/\/www.manaus.am.gov.br\/semtepi\/empreendedorismo\/central-do-empreendedor-oferece-coworking-e-salas-gratuitas-para-a-populacao\/"]}]},{"@type":"ImageObject","inLanguage":"pt-BR","@id":"https:\/\/www.manaus.am.gov.br\/semtepi\/empreendedorismo\/central-do-empreendedor-oferece-coworking-e-salas-gratuitas-para-a-populacao\/#primaryimage","url":"https:\/\/www.manaus.am.gov.br\/semtepi\/wp-content\/uploads\/sites\/20\/2024\/01\/53408237724_c3851f7efd_c.jpg","contentUrl":"https:\/\/www.manaus.am.gov.br\/semtepi\/wp-content\/uploads\/sites\/20\/2024\/01\/53408237724_c3851f7efd_c.jpg","width":799,"height":533,"caption":"#paratodosverem - Servidora da Semtepi realizando atendimento na Central do Empreendedor"},{"@type":"BreadcrumbList","@id":"https:\/\/www.manaus.am.gov.br\/semtepi\/empreendedorismo\/central-do-empreendedor-oferece-coworking-e-salas-gratuitas-para-a-populacao\/#breadcrumb","itemListElement":[{"@type":"ListItem","position":1,"name":"Home","item":"https:\/\/www.manaus.am.gov.br\/semtepi\/"},{"@type":"ListItem","position":2,"name":"Central do Empreendedor oferece coworking e salas gratuitas para a popula\u00e7\u00e3o"}]},{"@type":"WebSite","@id":"https:\/\/www.manaus.am.gov.br\/semtepi\/#website","url":"https:\/\/www.manaus.am.gov.br\/semtepi\/","name":"SEMTEPI","description":"Prefeitura de Manaus","publisher":{"@id":"https:\/\/www.manaus.am.gov.br\/semtepi\/#organization"},"alternateName":"Secretaria Municipal do Trabalho, Empreendedorismo e Inova\u00e7\u00e3o","potentialAction":[{"@type":"SearchAction","target":{"@type":"EntryPoint","urlTemplate":"https:\/\/www.manaus.am.gov.br\/semtepi\/?s={search_term_string}"},"query-input":"required name=search_term_string"}],"inLanguage":"pt-BR"},{"@type":"Organization","@id":"https:\/\/www.manaus.am.gov.br\/semtepi\/#organization","name":"Prefeitura Municipal de Manaus","alternateName":"Prefeitura de Manaus","url":"https:\/\/www.manaus.am.gov.br\/semtepi\/","logo":{"@type":"ImageObject","inLanguage":"pt-BR","@id":"https:\/\/www.manaus.am.gov.br\/semtepi\/#\/schema\/logo\/image\/","url":"https:\/\/www.manaus.am.gov.br\/semtepi\/wp-content\/uploads\/sites\/20\/2024\/07\/favicon.png","contentUrl":"https:\/\/www.manaus.am.gov.br\/semtepi\/wp-content\/uploads\/sites\/20\/2024\/07\/favicon.png","width":300,"height":300,"caption":"Prefeitura Municipal de Manaus"},"image":{"@id":"https:\/\/www.manaus.am.gov.br\/semtepi\/#\/schema\/logo\/image\/"}},{"@type":"Person","@id":"https:\/\/www.manaus.am.gov.br\/semtepi\/#\/schema\/person\/a5ee5376db6e21af026374b369f30882","name":"Thiago Fernando","image":{"@type":"ImageObject","inLanguage":"pt-BR","@id":"https:\/\/www.manaus.am.gov.br\/semtepi\/#\/schema\/person\/image\/","url":"https:\/\/secure.gravatar.com\/avatar\/f5aab8722444041451501c077052ac07?s=96&d=mm&r=g","contentUrl":"https:\/\/secure.gravatar.com\/avatar\/f5aab8722444041451501c077052ac07?s=96&d=mm&r=g","caption":"Thiago Fernando"}}]}},"_links":{"self":[{"href":"https:\/\/www.manaus.am.gov.br\/semtepi\/wp-json\/wp\/v2\/posts\/3903"}],"collection":[{"href":"https:\/\/www.manaus.am.gov.br\/semtepi\/wp-json\/wp\/v2\/posts"}],"about":[{"href":"https:\/\/www.manaus.am.gov.br\/semtepi\/wp-json\/wp\/v2\/types\/post"}],"author":[{"embeddable":true,"href":"https:\/\/www.manaus.am.gov.br\/semtepi\/wp-json\/wp\/v2\/users\/57"}],"replies":[{"embeddable":true,"href":"https:\/\/www.manaus.am.gov.br\/semtepi\/wp-json\/wp\/v2\/comments?post=3903"}],"version-history":[{"count":0,"href":"https:\/\/www.manaus.am.gov.br\/semtepi\/wp-json\/wp\/v2\/posts\/3903\/revisions"}],"wp:featuredmedia":[{"embeddable":true,"href":"https:\/\/www.manaus.am.gov.br\/semtepi\/wp-json\/wp\/v2\/media\/3904"}],"wp:attachment":[{"href":"https:\/\/www.manaus.am.gov.br\/semtepi\/wp-json\/wp\/v2\/media?parent=3903"}],"wp:term":[{"taxonomy":"category","embeddable":true,"href":"https:\/\/www.manaus.am.gov.br\/semtepi\/wp-json\/wp\/v2\/categories?post=3903"},{"taxonomy":"post_tag","embeddable":true,"href":"https:\/\/www.manaus.am.gov.br\/semtepi\/wp-json\/wp\/v2\/tags?post=3903"}],"curies":[{"name":"wp","href":"https:\/\/api.w.org\/{rel}","templated":true}]}}