{"id":3870,"date":"2024-01-10T14:55:28","date_gmt":"2024-01-10T18:55:28","guid":{"rendered":"https:\/\/www.manaus.am.gov.br\/semtepi\/sem-categoria\/prefeitura-de-manaus-avanca-na-reforma-da-nova-praca-de-alimentacao-da-galeria-espirito-santo\/"},"modified":"2024-01-10T15:03:10","modified_gmt":"2024-01-10T19:03:10","slug":"prefeitura-de-manaus-avanca-na-reforma-da-nova-praca-de-alimentacao-da-galeria-espirito-santo","status":"publish","type":"post","link":"https:\/\/www.manaus.am.gov.br\/semtepi\/obras\/prefeitura-de-manaus-avanca-na-reforma-da-nova-praca-de-alimentacao-da-galeria-espirito-santo\/","title":{"rendered":"Prefeitura de Manaus avan\u00e7a na reforma da nova pra\u00e7a de alimenta\u00e7\u00e3o da galeria Esp\u00edrito Santo\u00a0"},"content":{"rendered":"\n<p>As obras da nova pra\u00e7a de alimenta\u00e7\u00e3o na galeria popular Esp\u00edrito Santo, localizada na rua 24 de Maio, no bairro Centro, zona Sul da capital, est\u00e3o em fase final com 85% de conclus\u00e3o. O espa\u00e7o \u00e9 administrado pela Prefeitura de Manaus, por meio da Secretaria Municipal do Trabalho, Empreendedorismo e Inova\u00e7\u00e3o (Semtepi).<\/p>\n\n\n\n<p>Com o novo projeto, o piso superior da galeria ser\u00e1 adaptado para uma ampla pra\u00e7a de alimenta\u00e7\u00e3o, com boxes para 13 empreendedores do ramo aliment\u00edcio, incluindo restaurantes e lanchonetes. A partir de agora, atendendo os padr\u00f5es estabelecidos pela Ag\u00eancia Nacional de Vigil\u00e2ncia Sanit\u00e1ria (Anvisa), cada boxe vai contar com bancadas de inox, coifas e cubas industriais, e um sistema hidr\u00e1ulico adaptado. J\u00e1 o sal\u00e3o do p\u00fablico geral ter\u00e1 capacidade para 140 lugares.<\/p>\n\n\n\n<p>\u201cDesde a inaugura\u00e7\u00e3o da galeria Esp\u00edrito Santo n\u00e3o houve uma reforma ou interven\u00e7\u00e3o nos boxes de alimenta\u00e7\u00e3o, resultado disso era o espa\u00e7o limitado de produ\u00e7\u00e3o e atendimento desses permission\u00e1rios. A galeria est\u00e1 localizada em uma regi\u00e3o aquecida pelo com\u00e9rcio e por isso estamos levando essa frente de servi\u00e7os. N\u00f3s vamos entregar boxes com cerca de 11 metros quadrados e isso \u00e9 mais que o dobro do que eles tinham aqui. Ser\u00e1 uma pra\u00e7a de alimenta\u00e7\u00e3o modelo no Centro de Manaus\u201d, destacou Radyr J\u00fanior, titular da Semtepi.<\/p>\n\n\n\n<p><\/p>\n\n\n\n<figure class=\"wp-block-image size-large is-resized\"><img loading=\"lazy\" decoding=\"async\" width=\"1024\" height=\"682\" src=\"https:\/\/www.manaus.am.gov.br\/semtepi\/wp-content\/uploads\/sites\/20\/2024\/01\/Galeria-Espirito-Santo-2-1024x682.jpeg\" alt=\"\" class=\"wp-image-3873\" style=\"width:862px;height:auto\" srcset=\"https:\/\/www.manaus.am.gov.br\/semtepi\/wp-content\/uploads\/sites\/20\/2024\/01\/Galeria-Espirito-Santo-2-1024x682.jpeg 1024w, https:\/\/www.manaus.am.gov.br\/semtepi\/wp-content\/uploads\/sites\/20\/2024\/01\/Galeria-Espirito-Santo-2-300x200.jpeg 300w, https:\/\/www.manaus.am.gov.br\/semtepi\/wp-content\/uploads\/sites\/20\/2024\/01\/Galeria-Espirito-Santo-2-768x512.jpeg 768w, https:\/\/www.manaus.am.gov.br\/semtepi\/wp-content\/uploads\/sites\/20\/2024\/01\/Galeria-Espirito-Santo-2-1536x1023.jpeg 1536w, https:\/\/www.manaus.am.gov.br\/semtepi\/wp-content\/uploads\/sites\/20\/2024\/01\/Galeria-Espirito-Santo-2.jpeg 1600w\" sizes=\"(max-width: 1024px) 100vw, 1024px\" \/><\/figure>\n\n\n\n<p>A permission\u00e1ria Silvia Sousa, propriet\u00e1ria do restaurante \u201cSalmo 23\u201d, afirma que a reforma vai trazer mais movimento e, consequentemente, novos clientes. Segundo ela, o faturamento acaba sendo comprometido por conta da falta de espa\u00e7o para atendimento.<\/p>\n\n\n\n<p>\u201cA prefeitura est\u00e1 entregando uma obra de qualidade, com equipamentos de primeira linha. Agora n\u00f3s vamos ter uma cozinha digna para trabalhar, mesas e cadeiras para nossos clientes. Com certeza isso vai atrair mais pessoas para o espa\u00e7o\u201d, afirmou a empreendedora.<\/p>\n\n\n\n<p>Al\u00e9m das obras na pra\u00e7a de alimenta\u00e7\u00e3o, os banheiros superiores e inferiores da galeria Esp\u00edrito Santo tamb\u00e9m est\u00e3o sendo reformados, atendendo a adapta\u00e7\u00f5es para Pessoas com Defici\u00eancia (PcDs). Os 235 boxes do local tamb\u00e9m j\u00e1 receberam pintura, manuten\u00e7\u00e3o nas portas e ilumina\u00e7\u00e3o adequada. A reforma tamb\u00e9m vai incluir a troca de pisos e o sistema de refrigera\u00e7\u00e3o.<\/p>\n\n\n\n<p><strong>&#8212; &#8212; &#8212;<\/strong><\/p>\n\n\n\n<p><strong>Texto \u2013 <\/strong>Luiza Maria \/ Semtepi<\/p>\n\n\n\n<p><strong>Fotos \u2013 <\/strong>Rafael Gama \/ Semtepi<\/p>\n","protected":false},"excerpt":{"rendered":"","protected":false},"author":39,"featured_media":3871,"comment_status":"closed","ping_status":"closed","sticky":false,"template":"","format":"standard","meta":{"footnotes":""},"categories":[332],"tags":[903,904,905,535,906,8,907,9],"acf":[],"yoast_head":"<!-- This site is optimized with the Yoast SEO plugin v23.0 - https:\/\/yoast.com\/wordpress\/plugins\/seo\/ -->\n<title>Obras da nova pra\u00e7a de alimenta\u00e7\u00e3o na galeria Esp\u00edrito Santo<\/title>\n<meta name=\"description\" content=\"As obras da nova pra\u00e7a de alimenta\u00e7\u00e3o na galeria popular Esp\u00edrito Santo est\u00e3o em fase final com 85% de conclus\u00e3o.\" \/>\n<meta name=\"robots\" content=\"noindex, follow\" \/>\n<meta property=\"og:locale\" content=\"pt_BR\" \/>\n<meta property=\"og:type\" content=\"article\" \/>\n<meta property=\"og:title\" content=\"Obras da nova pra\u00e7a de alimenta\u00e7\u00e3o na galeria Esp\u00edrito Santo\" \/>\n<meta property=\"og:description\" content=\"As obras da nova pra\u00e7a de alimenta\u00e7\u00e3o na galeria popular Esp\u00edrito Santo est\u00e3o em fase final com 85% de conclus\u00e3o.\" \/>\n<meta property=\"og:url\" content=\"https:\/\/www.manaus.am.gov.br\/semtepi\/obras\/prefeitura-de-manaus-avanca-na-reforma-da-nova-praca-de-alimentacao-da-galeria-espirito-santo\/\" \/>\n<meta property=\"og:site_name\" content=\"SEMTEPI\" \/>\n<meta property=\"article:published_time\" content=\"2024-01-10T18:55:28+00:00\" \/>\n<meta property=\"article:modified_time\" content=\"2024-01-10T19:03:10+00:00\" \/>\n<meta property=\"og:image\" content=\"https:\/\/www.manaus.am.gov.br\/semtepi\/wp-content\/uploads\/sites\/20\/2024\/01\/Galeria-Espirito-Santo-1.jpeg\" \/>\n\t<meta property=\"og:image:width\" content=\"1600\" \/>\n\t<meta property=\"og:image:height\" content=\"1066\" \/>\n\t<meta property=\"og:image:type\" content=\"image\/jpeg\" \/>\n<meta name=\"author\" content=\"Bruna Greco\" \/>\n<meta name=\"twitter:card\" content=\"summary_large_image\" \/>\n<meta name=\"twitter:label1\" content=\"Written by\" \/>\n\t<meta name=\"twitter:data1\" content=\"Bruna Greco\" \/>\n\t<meta name=\"twitter:label2\" content=\"Est. reading time\" \/>\n\t<meta name=\"twitter:data2\" content=\"3 minutos\" \/>\n<script type=\"application\/ld+json\" class=\"yoast-schema-graph\">{\"@context\":\"https:\/\/schema.org\",\"@graph\":[{\"@type\":\"Article\",\"@id\":\"https:\/\/www.manaus.am.gov.br\/semtepi\/obras\/prefeitura-de-manaus-avanca-na-reforma-da-nova-praca-de-alimentacao-da-galeria-espirito-santo\/#article\",\"isPartOf\":{\"@id\":\"https:\/\/www.manaus.am.gov.br\/semtepi\/obras\/prefeitura-de-manaus-avanca-na-reforma-da-nova-praca-de-alimentacao-da-galeria-espirito-santo\/\"},\"author\":{\"name\":\"Bruna Greco\",\"@id\":\"https:\/\/www.manaus.am.gov.br\/semtepi\/#\/schema\/person\/05d223aea2bf115f9883a6ff3683d81b\"},\"headline\":\"Prefeitura de Manaus avan\u00e7a na reforma da nova pra\u00e7a de alimenta\u00e7\u00e3o da galeria Esp\u00edrito Santo\u00a0\",\"datePublished\":\"2024-01-10T18:55:28+00:00\",\"dateModified\":\"2024-01-10T19:03:10+00:00\",\"mainEntityOfPage\":{\"@id\":\"https:\/\/www.manaus.am.gov.br\/semtepi\/obras\/prefeitura-de-manaus-avanca-na-reforma-da-nova-praca-de-alimentacao-da-galeria-espirito-santo\/\"},\"wordCount\":415,\"publisher\":{\"@id\":\"https:\/\/www.manaus.am.gov.br\/semtepi\/#organization\"},\"image\":{\"@id\":\"https:\/\/www.manaus.am.gov.br\/semtepi\/obras\/prefeitura-de-manaus-avanca-na-reforma-da-nova-praca-de-alimentacao-da-galeria-espirito-santo\/#primaryimage\"},\"thumbnailUrl\":\"https:\/\/www.manaus.am.gov.br\/semtepi\/wp-content\/uploads\/sites\/20\/2024\/01\/Galeria-Espirito-Santo-1.jpeg\",\"keywords\":[\"13 empreendedores\",\"85% de conclus\u00e3o\",\"bairro Centro\",\"galeria popular Esp\u00edrito Santo\",\"obras da nova pra\u00e7a de alimenta\u00e7\u00e3o\",\"prefeitura de manaus\",\"rua 24 de maio\",\"Semtepi\"],\"articleSection\":[\"Obras\"],\"inLanguage\":\"pt-BR\"},{\"@type\":\"WebPage\",\"@id\":\"https:\/\/www.manaus.am.gov.br\/semtepi\/obras\/prefeitura-de-manaus-avanca-na-reforma-da-nova-praca-de-alimentacao-da-galeria-espirito-santo\/\",\"url\":\"https:\/\/www.manaus.am.gov.br\/semtepi\/obras\/prefeitura-de-manaus-avanca-na-reforma-da-nova-praca-de-alimentacao-da-galeria-espirito-santo\/\",\"name\":\"Obras da nova pra\u00e7a de alimenta\u00e7\u00e3o na galeria Esp\u00edrito Santo\",\"isPartOf\":{\"@id\":\"https:\/\/www.manaus.am.gov.br\/semtepi\/#website\"},\"primaryImageOfPage\":{\"@id\":\"https:\/\/www.manaus.am.gov.br\/semtepi\/obras\/prefeitura-de-manaus-avanca-na-reforma-da-nova-praca-de-alimentacao-da-galeria-espirito-santo\/#primaryimage\"},\"image\":{\"@id\":\"https:\/\/www.manaus.am.gov.br\/semtepi\/obras\/prefeitura-de-manaus-avanca-na-reforma-da-nova-praca-de-alimentacao-da-galeria-espirito-santo\/#primaryimage\"},\"thumbnailUrl\":\"https:\/\/www.manaus.am.gov.br\/semtepi\/wp-content\/uploads\/sites\/20\/2024\/01\/Galeria-Espirito-Santo-1.jpeg\",\"datePublished\":\"2024-01-10T18:55:28+00:00\",\"dateModified\":\"2024-01-10T19:03:10+00:00\",\"description\":\"As obras da nova pra\u00e7a de alimenta\u00e7\u00e3o na galeria popular Esp\u00edrito Santo est\u00e3o em fase final com 85% de conclus\u00e3o.\",\"breadcrumb\":{\"@id\":\"https:\/\/www.manaus.am.gov.br\/semtepi\/obras\/prefeitura-de-manaus-avanca-na-reforma-da-nova-praca-de-alimentacao-da-galeria-espirito-santo\/#breadcrumb\"},\"inLanguage\":\"pt-BR\",\"potentialAction\":[{\"@type\":\"ReadAction\",\"target\":[\"https:\/\/www.manaus.am.gov.br\/semtepi\/obras\/prefeitura-de-manaus-avanca-na-reforma-da-nova-praca-de-alimentacao-da-galeria-espirito-santo\/\"]}]},{\"@type\":\"ImageObject\",\"inLanguage\":\"pt-BR\",\"@id\":\"https:\/\/www.manaus.am.gov.br\/semtepi\/obras\/prefeitura-de-manaus-avanca-na-reforma-da-nova-praca-de-alimentacao-da-galeria-espirito-santo\/#primaryimage\",\"url\":\"https:\/\/www.manaus.am.gov.br\/semtepi\/wp-content\/uploads\/sites\/20\/2024\/01\/Galeria-Espirito-Santo-1.jpeg\",\"contentUrl\":\"https:\/\/www.manaus.am.gov.br\/semtepi\/wp-content\/uploads\/sites\/20\/2024\/01\/Galeria-Espirito-Santo-1.jpeg\",\"width\":1600,\"height\":1066,\"caption\":\"#paratodosverem - \u00c1rea interna da galeria popular Esp\u00edrito Santo composta de boxes com variados produtos\"},{\"@type\":\"BreadcrumbList\",\"@id\":\"https:\/\/www.manaus.am.gov.br\/semtepi\/obras\/prefeitura-de-manaus-avanca-na-reforma-da-nova-praca-de-alimentacao-da-galeria-espirito-santo\/#breadcrumb\",\"itemListElement\":[{\"@type\":\"ListItem\",\"position\":1,\"name\":\"Home\",\"item\":\"https:\/\/www.manaus.am.gov.br\/semtepi\/\"},{\"@type\":\"ListItem\",\"position\":2,\"name\":\"Prefeitura de Manaus avan\u00e7a na reforma da nova pra\u00e7a de alimenta\u00e7\u00e3o da galeria Esp\u00edrito Santo\u00a0\"}]},{\"@type\":\"WebSite\",\"@id\":\"https:\/\/www.manaus.am.gov.br\/semtepi\/#website\",\"url\":\"https:\/\/www.manaus.am.gov.br\/semtepi\/\",\"name\":\"SEMTEPI\",\"description\":\"Prefeitura de Manaus\",\"publisher\":{\"@id\":\"https:\/\/www.manaus.am.gov.br\/semtepi\/#organization\"},\"alternateName\":\"Secretaria Municipal do Trabalho, Empreendedorismo e Inova\u00e7\u00e3o\",\"potentialAction\":[{\"@type\":\"SearchAction\",\"target\":{\"@type\":\"EntryPoint\",\"urlTemplate\":\"https:\/\/www.manaus.am.gov.br\/semtepi\/?s={search_term_string}\"},\"query-input\":\"required name=search_term_string\"}],\"inLanguage\":\"pt-BR\"},{\"@type\":\"Organization\",\"@id\":\"https:\/\/www.manaus.am.gov.br\/semtepi\/#organization\",\"name\":\"Prefeitura Municipal de Manaus\",\"alternateName\":\"Prefeitura de Manaus\",\"url\":\"https:\/\/www.manaus.am.gov.br\/semtepi\/\",\"logo\":{\"@type\":\"ImageObject\",\"inLanguage\":\"pt-BR\",\"@id\":\"https:\/\/www.manaus.am.gov.br\/semtepi\/#\/schema\/logo\/image\/\",\"url\":\"https:\/\/www.manaus.am.gov.br\/semtepi\/wp-content\/uploads\/sites\/20\/2024\/07\/favicon.png\",\"contentUrl\":\"https:\/\/www.manaus.am.gov.br\/semtepi\/wp-content\/uploads\/sites\/20\/2024\/07\/favicon.png\",\"width\":300,\"height\":300,\"caption\":\"Prefeitura Municipal de Manaus\"},\"image\":{\"@id\":\"https:\/\/www.manaus.am.gov.br\/semtepi\/#\/schema\/logo\/image\/\"}},{\"@type\":\"Person\",\"@id\":\"https:\/\/www.manaus.am.gov.br\/semtepi\/#\/schema\/person\/05d223aea2bf115f9883a6ff3683d81b\",\"name\":\"Bruna Greco\",\"image\":{\"@type\":\"ImageObject\",\"inLanguage\":\"pt-BR\",\"@id\":\"https:\/\/www.manaus.am.gov.br\/semtepi\/#\/schema\/person\/image\/\",\"url\":\"https:\/\/secure.gravatar.com\/avatar\/9c877d1a6adc2a055330e5c09a8653ce?s=96&d=mm&r=g\",\"contentUrl\":\"https:\/\/secure.gravatar.com\/avatar\/9c877d1a6adc2a055330e5c09a8653ce?s=96&d=mm&r=g\",\"caption\":\"Bruna Greco\"}}]}<\/script>\n<!-- \/ Yoast SEO plugin. -->","yoast_head_json":{"title":"Obras da nova pra\u00e7a de alimenta\u00e7\u00e3o na galeria Esp\u00edrito Santo","description":"As obras da nova pra\u00e7a de alimenta\u00e7\u00e3o na galeria popular Esp\u00edrito Santo est\u00e3o em fase final com 85% de conclus\u00e3o.","robots":{"index":"noindex","follow":"follow"},"og_locale":"pt_BR","og_type":"article","og_title":"Obras da nova pra\u00e7a de alimenta\u00e7\u00e3o na galeria Esp\u00edrito Santo","og_description":"As obras da nova pra\u00e7a de alimenta\u00e7\u00e3o na galeria popular Esp\u00edrito Santo est\u00e3o em fase final com 85% de conclus\u00e3o.","og_url":"https:\/\/www.manaus.am.gov.br\/semtepi\/obras\/prefeitura-de-manaus-avanca-na-reforma-da-nova-praca-de-alimentacao-da-galeria-espirito-santo\/","og_site_name":"SEMTEPI","article_published_time":"2024-01-10T18:55:28+00:00","article_modified_time":"2024-01-10T19:03:10+00:00","og_image":[{"width":1600,"height":1066,"url":"https:\/\/www.manaus.am.gov.br\/semtepi\/wp-content\/uploads\/sites\/20\/2024\/01\/Galeria-Espirito-Santo-1.jpeg","type":"image\/jpeg"}],"author":"Bruna Greco","twitter_card":"summary_large_image","twitter_misc":{"Written by":"Bruna Greco","Est. reading time":"3 minutos"},"schema":{"@context":"https:\/\/schema.org","@graph":[{"@type":"Article","@id":"https:\/\/www.manaus.am.gov.br\/semtepi\/obras\/prefeitura-de-manaus-avanca-na-reforma-da-nova-praca-de-alimentacao-da-galeria-espirito-santo\/#article","isPartOf":{"@id":"https:\/\/www.manaus.am.gov.br\/semtepi\/obras\/prefeitura-de-manaus-avanca-na-reforma-da-nova-praca-de-alimentacao-da-galeria-espirito-santo\/"},"author":{"name":"Bruna Greco","@id":"https:\/\/www.manaus.am.gov.br\/semtepi\/#\/schema\/person\/05d223aea2bf115f9883a6ff3683d81b"},"headline":"Prefeitura de Manaus avan\u00e7a na reforma da nova pra\u00e7a de alimenta\u00e7\u00e3o da galeria Esp\u00edrito Santo\u00a0","datePublished":"2024-01-10T18:55:28+00:00","dateModified":"2024-01-10T19:03:10+00:00","mainEntityOfPage":{"@id":"https:\/\/www.manaus.am.gov.br\/semtepi\/obras\/prefeitura-de-manaus-avanca-na-reforma-da-nova-praca-de-alimentacao-da-galeria-espirito-santo\/"},"wordCount":415,"publisher":{"@id":"https:\/\/www.manaus.am.gov.br\/semtepi\/#organization"},"image":{"@id":"https:\/\/www.manaus.am.gov.br\/semtepi\/obras\/prefeitura-de-manaus-avanca-na-reforma-da-nova-praca-de-alimentacao-da-galeria-espirito-santo\/#primaryimage"},"thumbnailUrl":"https:\/\/www.manaus.am.gov.br\/semtepi\/wp-content\/uploads\/sites\/20\/2024\/01\/Galeria-Espirito-Santo-1.jpeg","keywords":["13 empreendedores","85% de conclus\u00e3o","bairro Centro","galeria popular Esp\u00edrito Santo","obras da nova pra\u00e7a de alimenta\u00e7\u00e3o","prefeitura de manaus","rua 24 de maio","Semtepi"],"articleSection":["Obras"],"inLanguage":"pt-BR"},{"@type":"WebPage","@id":"https:\/\/www.manaus.am.gov.br\/semtepi\/obras\/prefeitura-de-manaus-avanca-na-reforma-da-nova-praca-de-alimentacao-da-galeria-espirito-santo\/","url":"https:\/\/www.manaus.am.gov.br\/semtepi\/obras\/prefeitura-de-manaus-avanca-na-reforma-da-nova-praca-de-alimentacao-da-galeria-espirito-santo\/","name":"Obras da nova pra\u00e7a de alimenta\u00e7\u00e3o na galeria Esp\u00edrito Santo","isPartOf":{"@id":"https:\/\/www.manaus.am.gov.br\/semtepi\/#website"},"primaryImageOfPage":{"@id":"https:\/\/www.manaus.am.gov.br\/semtepi\/obras\/prefeitura-de-manaus-avanca-na-reforma-da-nova-praca-de-alimentacao-da-galeria-espirito-santo\/#primaryimage"},"image":{"@id":"https:\/\/www.manaus.am.gov.br\/semtepi\/obras\/prefeitura-de-manaus-avanca-na-reforma-da-nova-praca-de-alimentacao-da-galeria-espirito-santo\/#primaryimage"},"thumbnailUrl":"https:\/\/www.manaus.am.gov.br\/semtepi\/wp-content\/uploads\/sites\/20\/2024\/01\/Galeria-Espirito-Santo-1.jpeg","datePublished":"2024-01-10T18:55:28+00:00","dateModified":"2024-01-10T19:03:10+00:00","description":"As obras da nova pra\u00e7a de alimenta\u00e7\u00e3o na galeria popular Esp\u00edrito Santo est\u00e3o em fase final com 85% de conclus\u00e3o.","breadcrumb":{"@id":"https:\/\/www.manaus.am.gov.br\/semtepi\/obras\/prefeitura-de-manaus-avanca-na-reforma-da-nova-praca-de-alimentacao-da-galeria-espirito-santo\/#breadcrumb"},"inLanguage":"pt-BR","potentialAction":[{"@type":"ReadAction","target":["https:\/\/www.manaus.am.gov.br\/semtepi\/obras\/prefeitura-de-manaus-avanca-na-reforma-da-nova-praca-de-alimentacao-da-galeria-espirito-santo\/"]}]},{"@type":"ImageObject","inLanguage":"pt-BR","@id":"https:\/\/www.manaus.am.gov.br\/semtepi\/obras\/prefeitura-de-manaus-avanca-na-reforma-da-nova-praca-de-alimentacao-da-galeria-espirito-santo\/#primaryimage","url":"https:\/\/www.manaus.am.gov.br\/semtepi\/wp-content\/uploads\/sites\/20\/2024\/01\/Galeria-Espirito-Santo-1.jpeg","contentUrl":"https:\/\/www.manaus.am.gov.br\/semtepi\/wp-content\/uploads\/sites\/20\/2024\/01\/Galeria-Espirito-Santo-1.jpeg","width":1600,"height":1066,"caption":"#paratodosverem - \u00c1rea interna da galeria popular Esp\u00edrito Santo composta de boxes com variados produtos"},{"@type":"BreadcrumbList","@id":"https:\/\/www.manaus.am.gov.br\/semtepi\/obras\/prefeitura-de-manaus-avanca-na-reforma-da-nova-praca-de-alimentacao-da-galeria-espirito-santo\/#breadcrumb","itemListElement":[{"@type":"ListItem","position":1,"name":"Home","item":"https:\/\/www.manaus.am.gov.br\/semtepi\/"},{"@type":"ListItem","position":2,"name":"Prefeitura de Manaus avan\u00e7a na reforma da nova pra\u00e7a de alimenta\u00e7\u00e3o da galeria Esp\u00edrito Santo\u00a0"}]},{"@type":"WebSite","@id":"https:\/\/www.manaus.am.gov.br\/semtepi\/#website","url":"https:\/\/www.manaus.am.gov.br\/semtepi\/","name":"SEMTEPI","description":"Prefeitura de Manaus","publisher":{"@id":"https:\/\/www.manaus.am.gov.br\/semtepi\/#organization"},"alternateName":"Secretaria Municipal do Trabalho, Empreendedorismo e Inova\u00e7\u00e3o","potentialAction":[{"@type":"SearchAction","target":{"@type":"EntryPoint","urlTemplate":"https:\/\/www.manaus.am.gov.br\/semtepi\/?s={search_term_string}"},"query-input":"required name=search_term_string"}],"inLanguage":"pt-BR"},{"@type":"Organization","@id":"https:\/\/www.manaus.am.gov.br\/semtepi\/#organization","name":"Prefeitura Municipal de Manaus","alternateName":"Prefeitura de Manaus","url":"https:\/\/www.manaus.am.gov.br\/semtepi\/","logo":{"@type":"ImageObject","inLanguage":"pt-BR","@id":"https:\/\/www.manaus.am.gov.br\/semtepi\/#\/schema\/logo\/image\/","url":"https:\/\/www.manaus.am.gov.br\/semtepi\/wp-content\/uploads\/sites\/20\/2024\/07\/favicon.png","contentUrl":"https:\/\/www.manaus.am.gov.br\/semtepi\/wp-content\/uploads\/sites\/20\/2024\/07\/favicon.png","width":300,"height":300,"caption":"Prefeitura Municipal de Manaus"},"image":{"@id":"https:\/\/www.manaus.am.gov.br\/semtepi\/#\/schema\/logo\/image\/"}},{"@type":"Person","@id":"https:\/\/www.manaus.am.gov.br\/semtepi\/#\/schema\/person\/05d223aea2bf115f9883a6ff3683d81b","name":"Bruna Greco","image":{"@type":"ImageObject","inLanguage":"pt-BR","@id":"https:\/\/www.manaus.am.gov.br\/semtepi\/#\/schema\/person\/image\/","url":"https:\/\/secure.gravatar.com\/avatar\/9c877d1a6adc2a055330e5c09a8653ce?s=96&d=mm&r=g","contentUrl":"https:\/\/secure.gravatar.com\/avatar\/9c877d1a6adc2a055330e5c09a8653ce?s=96&d=mm&r=g","caption":"Bruna Greco"}}]}},"_links":{"self":[{"href":"https:\/\/www.manaus.am.gov.br\/semtepi\/wp-json\/wp\/v2\/posts\/3870"}],"collection":[{"href":"https:\/\/www.manaus.am.gov.br\/semtepi\/wp-json\/wp\/v2\/posts"}],"about":[{"href":"https:\/\/www.manaus.am.gov.br\/semtepi\/wp-json\/wp\/v2\/types\/post"}],"author":[{"embeddable":true,"href":"https:\/\/www.manaus.am.gov.br\/semtepi\/wp-json\/wp\/v2\/users\/39"}],"replies":[{"embeddable":true,"href":"https:\/\/www.manaus.am.gov.br\/semtepi\/wp-json\/wp\/v2\/comments?post=3870"}],"version-history":[{"count":4,"href":"https:\/\/www.manaus.am.gov.br\/semtepi\/wp-json\/wp\/v2\/posts\/3870\/revisions"}],"predecessor-version":[{"id":3876,"href":"https:\/\/www.manaus.am.gov.br\/semtepi\/wp-json\/wp\/v2\/posts\/3870\/revisions\/3876"}],"wp:featuredmedia":[{"embeddable":true,"href":"https:\/\/www.manaus.am.gov.br\/semtepi\/wp-json\/wp\/v2\/media\/3871"}],"wp:attachment":[{"href":"https:\/\/www.manaus.am.gov.br\/semtepi\/wp-json\/wp\/v2\/media?parent=3870"}],"wp:term":[{"taxonomy":"category","embeddable":true,"href":"https:\/\/www.manaus.am.gov.br\/semtepi\/wp-json\/wp\/v2\/categories?post=3870"},{"taxonomy":"post_tag","embeddable":true,"href":"https:\/\/www.manaus.am.gov.br\/semtepi\/wp-json\/wp\/v2\/tags?post=3870"}],"curies":[{"name":"wp","href":"https:\/\/api.w.org\/{rel}","templated":true}]}}