{"id":3830,"date":"2024-01-05T16:07:15","date_gmt":"2024-01-05T20:07:15","guid":{"rendered":"https:\/\/www.manaus.am.gov.br\/semtepi\/sem-categoria\/casa-de-praia-zezinho-correa-recebe-shows-gratuitos-de-pop-rock-pagode-e-sertanejo-neste-fim-de-semana\/"},"modified":"2024-01-05T16:23:08","modified_gmt":"2024-01-05T20:23:08","slug":"casa-de-praia-zezinho-correa-recebe-shows-gratuitos-de-pop-rock-pagode-e-sertanejo-neste-fim-de-semana","status":"publish","type":"post","link":"https:\/\/www.manaus.am.gov.br\/semtepi\/programacao\/casa-de-praia-zezinho-correa-recebe-shows-gratuitos-de-pop-rock-pagode-e-sertanejo-neste-fim-de-semana\/","title":{"rendered":"Casa de Praia Zezinho Corr\u00eaa recebe shows gratuitos de pop-rock, pagode e sertanejo neste fim de semana"},"content":{"rendered":"\n<p>A casa de Praia Zezinho Corr\u00eaa vai receber, neste s\u00e1bado e domingo, 6 e 7\/1, a partir das 18h, quatro shows gratuitos de g\u00eaneros musicais que v\u00e3o desde toadas de boi-bumb\u00e1, pagode, sertanejo e pop-rock. O espa\u00e7o \u00e9 administrado pela Prefeitura de Manaus, por meio da Secretaria Municipal do Trabalho, Empreendedorismo e Inova\u00e7\u00e3o (Semtepi).<\/p>\n\n\n\n<p>Dentre a programa\u00e7\u00e3o deste s\u00e1bado, 6\/1, est\u00e1 a banda de pop-rock Big Rose, que apresentar\u00e1 as m\u00fasicas mais tocadas durante suas apresenta\u00e7\u00f5es pela capital. Em seguida, a cantora Duda Diniz vai levar ao palco os maiores sucessos do sertanejo universit\u00e1rio.<\/p>\n\n\n\n<p>Durante a \u201cTardezinha\u201d da Casa de Praia, no domingo, 7\/1, as atra\u00e7\u00f5es v\u00e3o iniciar com a banda Bello Encontro, apresentando muito pagode e, na sequ\u00eancia, as toadas de boi-bumb\u00e1 tomar\u00e3o conta do palco Murilo Rayol na voz e batida do grupo Boteco do Boi.<\/p>\n\n\n\n<p>Para o secret\u00e1rio da Semtepi, Radyr J\u00fanior, a programa\u00e7\u00e3o promete agitar o fim de semana dos manauaras.<\/p>\n\n\n\n<p>\u201cEsse evento tem o objetivo de movimentar a economia local e oferecer um ambiente prop\u00edcio ao empreendedorismo, al\u00e9m de valorizar a cultura, a m\u00fasica e o trabalho dos nossos artistas locais. Convido a popula\u00e7\u00e3o para prestigiar os shows deste fim de semana na casa de Praia, que tamb\u00e9m \u00e9 uma op\u00e7\u00e3o de lazer e entretenimento para quem deseja aproveitar os primeiros dias de 2024\u201d, convida Radyr.<\/p>\n\n\n\n<p>Com vista para o rio Negro, o local comporta uma \u00e1rea gastron\u00f4mica e espa\u00e7o kids, e est\u00e1 localizado na avenida Coronel Teixeira, no complexo tur\u00edstico Ponta Negra, zona Oeste de Manaus.<\/p>\n\n\n\n<p><\/p>\n\n\n\n<figure class=\"wp-block-gallery has-nested-images columns-default is-cropped wp-block-gallery-1 is-layout-flex wp-block-gallery-is-layout-flex\">\n<figure class=\"wp-block-image size-large\"><img loading=\"lazy\" decoding=\"async\" width=\"1000\" height=\"667\" data-id=\"3833\" src=\"https:\/\/www.manaus.am.gov.br\/semtepi\/wp-content\/uploads\/sites\/20\/2024\/01\/Casa-de-Praia-Zezinho-Correa.jpg\" alt=\"\" class=\"wp-image-3833\" srcset=\"https:\/\/www.manaus.am.gov.br\/semtepi\/wp-content\/uploads\/sites\/20\/2024\/01\/Casa-de-Praia-Zezinho-Correa.jpg 1000w, https:\/\/www.manaus.am.gov.br\/semtepi\/wp-content\/uploads\/sites\/20\/2024\/01\/Casa-de-Praia-Zezinho-Correa-300x200.jpg 300w, https:\/\/www.manaus.am.gov.br\/semtepi\/wp-content\/uploads\/sites\/20\/2024\/01\/Casa-de-Praia-Zezinho-Correa-768x512.jpg 768w\" sizes=\"(max-width: 1000px) 100vw, 1000px\" \/><\/figure>\n<\/figure>\n\n\n\n<p><\/p>\n\n\n\n<p>&#8212; &#8212; &#8212;<\/p>\n\n\n\n<p><strong>Texto<\/strong> \u2013 Fabiane Monteiro \/ Semtepi<\/p>\n\n\n\n<p><strong>Fotos \u2013 <\/strong>Arquivo \/ Semcom<\/p>\n","protected":false},"excerpt":{"rendered":"","protected":false},"author":39,"featured_media":3831,"comment_status":"closed","ping_status":"closed","sticky":false,"template":"","format":"standard","meta":{"footnotes":""},"categories":[209],"tags":[891,212,892,178,893,8,216,9,894],"acf":[],"yoast_head":"<!-- This site is optimized with the Yoast SEO plugin v23.0 - https:\/\/yoast.com\/wordpress\/plugins\/seo\/ -->\n<title>Casa de Praia Zezinho Corr\u00eaa recebe shows gratuitos<\/title>\n<meta name=\"description\" content=\"Casa de Praia Zezinho Corr\u00eaa recebe shows gratuitos de pop-rock, pagode e sertanejo neste fim de semana, 6 e 7\/1.\" \/>\n<meta name=\"robots\" content=\"noindex, follow\" \/>\n<meta property=\"og:locale\" content=\"pt_BR\" \/>\n<meta property=\"og:type\" content=\"article\" \/>\n<meta property=\"og:title\" content=\"Casa de Praia Zezinho Corr\u00eaa recebe shows gratuitos\" \/>\n<meta property=\"og:description\" content=\"Casa de Praia Zezinho Corr\u00eaa recebe shows gratuitos de pop-rock, pagode e sertanejo neste fim de semana, 6 e 7\/1.\" \/>\n<meta property=\"og:url\" content=\"https:\/\/www.manaus.am.gov.br\/semtepi\/programacao\/casa-de-praia-zezinho-correa-recebe-shows-gratuitos-de-pop-rock-pagode-e-sertanejo-neste-fim-de-semana\/\" \/>\n<meta property=\"og:site_name\" content=\"SEMTEPI\" \/>\n<meta property=\"article:published_time\" content=\"2024-01-05T20:07:15+00:00\" \/>\n<meta property=\"article:modified_time\" content=\"2024-01-05T20:23:08+00:00\" \/>\n<meta property=\"og:image\" content=\"https:\/\/www.manaus.am.gov.br\/semtepi\/wp-content\/uploads\/sites\/20\/2024\/01\/Casa-de-Praia-Zezinho-Correa-1.jpeg\" \/>\n\t<meta property=\"og:image:width\" content=\"1600\" \/>\n\t<meta property=\"og:image:height\" content=\"899\" \/>\n\t<meta property=\"og:image:type\" content=\"image\/jpeg\" \/>\n<meta name=\"author\" content=\"Bruna Greco\" \/>\n<meta name=\"twitter:card\" content=\"summary_large_image\" \/>\n<meta name=\"twitter:label1\" content=\"Written by\" \/>\n\t<meta name=\"twitter:data1\" content=\"Bruna Greco\" \/>\n\t<meta name=\"twitter:label2\" content=\"Est. reading time\" \/>\n\t<meta name=\"twitter:data2\" content=\"2 minutos\" \/>\n<script type=\"application\/ld+json\" class=\"yoast-schema-graph\">{\"@context\":\"https:\/\/schema.org\",\"@graph\":[{\"@type\":\"Article\",\"@id\":\"https:\/\/www.manaus.am.gov.br\/semtepi\/programacao\/casa-de-praia-zezinho-correa-recebe-shows-gratuitos-de-pop-rock-pagode-e-sertanejo-neste-fim-de-semana\/#article\",\"isPartOf\":{\"@id\":\"https:\/\/www.manaus.am.gov.br\/semtepi\/programacao\/casa-de-praia-zezinho-correa-recebe-shows-gratuitos-de-pop-rock-pagode-e-sertanejo-neste-fim-de-semana\/\"},\"author\":{\"name\":\"Bruna Greco\",\"@id\":\"https:\/\/www.manaus.am.gov.br\/semtepi\/#\/schema\/person\/05d223aea2bf115f9883a6ff3683d81b\"},\"headline\":\"Casa de Praia Zezinho Corr\u00eaa recebe shows gratuitos de pop-rock, pagode e sertanejo neste fim de semana\",\"datePublished\":\"2024-01-05T20:07:15+00:00\",\"dateModified\":\"2024-01-05T20:23:08+00:00\",\"mainEntityOfPage\":{\"@id\":\"https:\/\/www.manaus.am.gov.br\/semtepi\/programacao\/casa-de-praia-zezinho-correa-recebe-shows-gratuitos-de-pop-rock-pagode-e-sertanejo-neste-fim-de-semana\/\"},\"wordCount\":300,\"publisher\":{\"@id\":\"https:\/\/www.manaus.am.gov.br\/semtepi\/#organization\"},\"image\":{\"@id\":\"https:\/\/www.manaus.am.gov.br\/semtepi\/programacao\/casa-de-praia-zezinho-correa-recebe-shows-gratuitos-de-pop-rock-pagode-e-sertanejo-neste-fim-de-semana\/#primaryimage\"},\"thumbnailUrl\":\"https:\/\/www.manaus.am.gov.br\/semtepi\/wp-content\/uploads\/sites\/20\/2024\/01\/Casa-de-Praia-Zezinho-Correa-1.jpeg\",\"keywords\":[\"6 e 7\/1\",\"Casa de Praia Zezinho Corr\u00eaa\",\"pagode e sertanejo\",\"ponta negra\",\"pop-rock\",\"prefeitura de manaus\",\"programa\u00e7\u00e3o\",\"Semtepi\",\"shows gratuitos\"],\"articleSection\":[\"Programa\u00e7\u00e3o\"],\"inLanguage\":\"pt-BR\"},{\"@type\":\"WebPage\",\"@id\":\"https:\/\/www.manaus.am.gov.br\/semtepi\/programacao\/casa-de-praia-zezinho-correa-recebe-shows-gratuitos-de-pop-rock-pagode-e-sertanejo-neste-fim-de-semana\/\",\"url\":\"https:\/\/www.manaus.am.gov.br\/semtepi\/programacao\/casa-de-praia-zezinho-correa-recebe-shows-gratuitos-de-pop-rock-pagode-e-sertanejo-neste-fim-de-semana\/\",\"name\":\"Casa de Praia Zezinho Corr\u00eaa recebe shows gratuitos\",\"isPartOf\":{\"@id\":\"https:\/\/www.manaus.am.gov.br\/semtepi\/#website\"},\"primaryImageOfPage\":{\"@id\":\"https:\/\/www.manaus.am.gov.br\/semtepi\/programacao\/casa-de-praia-zezinho-correa-recebe-shows-gratuitos-de-pop-rock-pagode-e-sertanejo-neste-fim-de-semana\/#primaryimage\"},\"image\":{\"@id\":\"https:\/\/www.manaus.am.gov.br\/semtepi\/programacao\/casa-de-praia-zezinho-correa-recebe-shows-gratuitos-de-pop-rock-pagode-e-sertanejo-neste-fim-de-semana\/#primaryimage\"},\"thumbnailUrl\":\"https:\/\/www.manaus.am.gov.br\/semtepi\/wp-content\/uploads\/sites\/20\/2024\/01\/Casa-de-Praia-Zezinho-Correa-1.jpeg\",\"datePublished\":\"2024-01-05T20:07:15+00:00\",\"dateModified\":\"2024-01-05T20:23:08+00:00\",\"description\":\"Casa de Praia Zezinho Corr\u00eaa recebe shows gratuitos de pop-rock, pagode e sertanejo neste fim de semana, 6 e 7\/1.\",\"breadcrumb\":{\"@id\":\"https:\/\/www.manaus.am.gov.br\/semtepi\/programacao\/casa-de-praia-zezinho-correa-recebe-shows-gratuitos-de-pop-rock-pagode-e-sertanejo-neste-fim-de-semana\/#breadcrumb\"},\"inLanguage\":\"pt-BR\",\"potentialAction\":[{\"@type\":\"ReadAction\",\"target\":[\"https:\/\/www.manaus.am.gov.br\/semtepi\/programacao\/casa-de-praia-zezinho-correa-recebe-shows-gratuitos-de-pop-rock-pagode-e-sertanejo-neste-fim-de-semana\/\"]}]},{\"@type\":\"ImageObject\",\"inLanguage\":\"pt-BR\",\"@id\":\"https:\/\/www.manaus.am.gov.br\/semtepi\/programacao\/casa-de-praia-zezinho-correa-recebe-shows-gratuitos-de-pop-rock-pagode-e-sertanejo-neste-fim-de-semana\/#primaryimage\",\"url\":\"https:\/\/www.manaus.am.gov.br\/semtepi\/wp-content\/uploads\/sites\/20\/2024\/01\/Casa-de-Praia-Zezinho-Correa-1.jpeg\",\"contentUrl\":\"https:\/\/www.manaus.am.gov.br\/semtepi\/wp-content\/uploads\/sites\/20\/2024\/01\/Casa-de-Praia-Zezinho-Correa-1.jpeg\",\"width\":1600,\"height\":899,\"caption\":\"#paratodosverem - Imagem a\u00e9rea da Casa de Praia Zezinho Corr\u00eaa no complexo tur\u00edstico Ponta Negra\"},{\"@type\":\"BreadcrumbList\",\"@id\":\"https:\/\/www.manaus.am.gov.br\/semtepi\/programacao\/casa-de-praia-zezinho-correa-recebe-shows-gratuitos-de-pop-rock-pagode-e-sertanejo-neste-fim-de-semana\/#breadcrumb\",\"itemListElement\":[{\"@type\":\"ListItem\",\"position\":1,\"name\":\"Home\",\"item\":\"https:\/\/www.manaus.am.gov.br\/semtepi\/\"},{\"@type\":\"ListItem\",\"position\":2,\"name\":\"Casa de Praia Zezinho Corr\u00eaa recebe shows gratuitos de pop-rock, pagode e sertanejo neste fim de semana\"}]},{\"@type\":\"WebSite\",\"@id\":\"https:\/\/www.manaus.am.gov.br\/semtepi\/#website\",\"url\":\"https:\/\/www.manaus.am.gov.br\/semtepi\/\",\"name\":\"SEMTEPI\",\"description\":\"Prefeitura de Manaus\",\"publisher\":{\"@id\":\"https:\/\/www.manaus.am.gov.br\/semtepi\/#organization\"},\"alternateName\":\"Secretaria Municipal do Trabalho, Empreendedorismo e Inova\u00e7\u00e3o\",\"potentialAction\":[{\"@type\":\"SearchAction\",\"target\":{\"@type\":\"EntryPoint\",\"urlTemplate\":\"https:\/\/www.manaus.am.gov.br\/semtepi\/?s={search_term_string}\"},\"query-input\":\"required name=search_term_string\"}],\"inLanguage\":\"pt-BR\"},{\"@type\":\"Organization\",\"@id\":\"https:\/\/www.manaus.am.gov.br\/semtepi\/#organization\",\"name\":\"Prefeitura Municipal de Manaus\",\"alternateName\":\"Prefeitura de Manaus\",\"url\":\"https:\/\/www.manaus.am.gov.br\/semtepi\/\",\"logo\":{\"@type\":\"ImageObject\",\"inLanguage\":\"pt-BR\",\"@id\":\"https:\/\/www.manaus.am.gov.br\/semtepi\/#\/schema\/logo\/image\/\",\"url\":\"https:\/\/www.manaus.am.gov.br\/semtepi\/wp-content\/uploads\/sites\/20\/2024\/07\/favicon.png\",\"contentUrl\":\"https:\/\/www.manaus.am.gov.br\/semtepi\/wp-content\/uploads\/sites\/20\/2024\/07\/favicon.png\",\"width\":300,\"height\":300,\"caption\":\"Prefeitura Municipal de Manaus\"},\"image\":{\"@id\":\"https:\/\/www.manaus.am.gov.br\/semtepi\/#\/schema\/logo\/image\/\"}},{\"@type\":\"Person\",\"@id\":\"https:\/\/www.manaus.am.gov.br\/semtepi\/#\/schema\/person\/05d223aea2bf115f9883a6ff3683d81b\",\"name\":\"Bruna Greco\",\"image\":{\"@type\":\"ImageObject\",\"inLanguage\":\"pt-BR\",\"@id\":\"https:\/\/www.manaus.am.gov.br\/semtepi\/#\/schema\/person\/image\/\",\"url\":\"https:\/\/secure.gravatar.com\/avatar\/9c877d1a6adc2a055330e5c09a8653ce?s=96&d=mm&r=g\",\"contentUrl\":\"https:\/\/secure.gravatar.com\/avatar\/9c877d1a6adc2a055330e5c09a8653ce?s=96&d=mm&r=g\",\"caption\":\"Bruna Greco\"}}]}<\/script>\n<!-- \/ Yoast SEO plugin. -->","yoast_head_json":{"title":"Casa de Praia Zezinho Corr\u00eaa recebe shows gratuitos","description":"Casa de Praia Zezinho Corr\u00eaa recebe shows gratuitos de pop-rock, pagode e sertanejo neste fim de semana, 6 e 7\/1.","robots":{"index":"noindex","follow":"follow"},"og_locale":"pt_BR","og_type":"article","og_title":"Casa de Praia Zezinho Corr\u00eaa recebe shows gratuitos","og_description":"Casa de Praia Zezinho Corr\u00eaa recebe shows gratuitos de pop-rock, pagode e sertanejo neste fim de semana, 6 e 7\/1.","og_url":"https:\/\/www.manaus.am.gov.br\/semtepi\/programacao\/casa-de-praia-zezinho-correa-recebe-shows-gratuitos-de-pop-rock-pagode-e-sertanejo-neste-fim-de-semana\/","og_site_name":"SEMTEPI","article_published_time":"2024-01-05T20:07:15+00:00","article_modified_time":"2024-01-05T20:23:08+00:00","og_image":[{"width":1600,"height":899,"url":"https:\/\/www.manaus.am.gov.br\/semtepi\/wp-content\/uploads\/sites\/20\/2024\/01\/Casa-de-Praia-Zezinho-Correa-1.jpeg","type":"image\/jpeg"}],"author":"Bruna Greco","twitter_card":"summary_large_image","twitter_misc":{"Written by":"Bruna Greco","Est. reading time":"2 minutos"},"schema":{"@context":"https:\/\/schema.org","@graph":[{"@type":"Article","@id":"https:\/\/www.manaus.am.gov.br\/semtepi\/programacao\/casa-de-praia-zezinho-correa-recebe-shows-gratuitos-de-pop-rock-pagode-e-sertanejo-neste-fim-de-semana\/#article","isPartOf":{"@id":"https:\/\/www.manaus.am.gov.br\/semtepi\/programacao\/casa-de-praia-zezinho-correa-recebe-shows-gratuitos-de-pop-rock-pagode-e-sertanejo-neste-fim-de-semana\/"},"author":{"name":"Bruna Greco","@id":"https:\/\/www.manaus.am.gov.br\/semtepi\/#\/schema\/person\/05d223aea2bf115f9883a6ff3683d81b"},"headline":"Casa de Praia Zezinho Corr\u00eaa recebe shows gratuitos de pop-rock, pagode e sertanejo neste fim de semana","datePublished":"2024-01-05T20:07:15+00:00","dateModified":"2024-01-05T20:23:08+00:00","mainEntityOfPage":{"@id":"https:\/\/www.manaus.am.gov.br\/semtepi\/programacao\/casa-de-praia-zezinho-correa-recebe-shows-gratuitos-de-pop-rock-pagode-e-sertanejo-neste-fim-de-semana\/"},"wordCount":300,"publisher":{"@id":"https:\/\/www.manaus.am.gov.br\/semtepi\/#organization"},"image":{"@id":"https:\/\/www.manaus.am.gov.br\/semtepi\/programacao\/casa-de-praia-zezinho-correa-recebe-shows-gratuitos-de-pop-rock-pagode-e-sertanejo-neste-fim-de-semana\/#primaryimage"},"thumbnailUrl":"https:\/\/www.manaus.am.gov.br\/semtepi\/wp-content\/uploads\/sites\/20\/2024\/01\/Casa-de-Praia-Zezinho-Correa-1.jpeg","keywords":["6 e 7\/1","Casa de Praia Zezinho Corr\u00eaa","pagode e sertanejo","ponta negra","pop-rock","prefeitura de manaus","programa\u00e7\u00e3o","Semtepi","shows gratuitos"],"articleSection":["Programa\u00e7\u00e3o"],"inLanguage":"pt-BR"},{"@type":"WebPage","@id":"https:\/\/www.manaus.am.gov.br\/semtepi\/programacao\/casa-de-praia-zezinho-correa-recebe-shows-gratuitos-de-pop-rock-pagode-e-sertanejo-neste-fim-de-semana\/","url":"https:\/\/www.manaus.am.gov.br\/semtepi\/programacao\/casa-de-praia-zezinho-correa-recebe-shows-gratuitos-de-pop-rock-pagode-e-sertanejo-neste-fim-de-semana\/","name":"Casa de Praia Zezinho Corr\u00eaa recebe shows gratuitos","isPartOf":{"@id":"https:\/\/www.manaus.am.gov.br\/semtepi\/#website"},"primaryImageOfPage":{"@id":"https:\/\/www.manaus.am.gov.br\/semtepi\/programacao\/casa-de-praia-zezinho-correa-recebe-shows-gratuitos-de-pop-rock-pagode-e-sertanejo-neste-fim-de-semana\/#primaryimage"},"image":{"@id":"https:\/\/www.manaus.am.gov.br\/semtepi\/programacao\/casa-de-praia-zezinho-correa-recebe-shows-gratuitos-de-pop-rock-pagode-e-sertanejo-neste-fim-de-semana\/#primaryimage"},"thumbnailUrl":"https:\/\/www.manaus.am.gov.br\/semtepi\/wp-content\/uploads\/sites\/20\/2024\/01\/Casa-de-Praia-Zezinho-Correa-1.jpeg","datePublished":"2024-01-05T20:07:15+00:00","dateModified":"2024-01-05T20:23:08+00:00","description":"Casa de Praia Zezinho Corr\u00eaa recebe shows gratuitos de pop-rock, pagode e sertanejo neste fim de semana, 6 e 7\/1.","breadcrumb":{"@id":"https:\/\/www.manaus.am.gov.br\/semtepi\/programacao\/casa-de-praia-zezinho-correa-recebe-shows-gratuitos-de-pop-rock-pagode-e-sertanejo-neste-fim-de-semana\/#breadcrumb"},"inLanguage":"pt-BR","potentialAction":[{"@type":"ReadAction","target":["https:\/\/www.manaus.am.gov.br\/semtepi\/programacao\/casa-de-praia-zezinho-correa-recebe-shows-gratuitos-de-pop-rock-pagode-e-sertanejo-neste-fim-de-semana\/"]}]},{"@type":"ImageObject","inLanguage":"pt-BR","@id":"https:\/\/www.manaus.am.gov.br\/semtepi\/programacao\/casa-de-praia-zezinho-correa-recebe-shows-gratuitos-de-pop-rock-pagode-e-sertanejo-neste-fim-de-semana\/#primaryimage","url":"https:\/\/www.manaus.am.gov.br\/semtepi\/wp-content\/uploads\/sites\/20\/2024\/01\/Casa-de-Praia-Zezinho-Correa-1.jpeg","contentUrl":"https:\/\/www.manaus.am.gov.br\/semtepi\/wp-content\/uploads\/sites\/20\/2024\/01\/Casa-de-Praia-Zezinho-Correa-1.jpeg","width":1600,"height":899,"caption":"#paratodosverem - Imagem a\u00e9rea da Casa de Praia Zezinho Corr\u00eaa no complexo tur\u00edstico Ponta Negra"},{"@type":"BreadcrumbList","@id":"https:\/\/www.manaus.am.gov.br\/semtepi\/programacao\/casa-de-praia-zezinho-correa-recebe-shows-gratuitos-de-pop-rock-pagode-e-sertanejo-neste-fim-de-semana\/#breadcrumb","itemListElement":[{"@type":"ListItem","position":1,"name":"Home","item":"https:\/\/www.manaus.am.gov.br\/semtepi\/"},{"@type":"ListItem","position":2,"name":"Casa de Praia Zezinho Corr\u00eaa recebe shows gratuitos de pop-rock, pagode e sertanejo neste fim de semana"}]},{"@type":"WebSite","@id":"https:\/\/www.manaus.am.gov.br\/semtepi\/#website","url":"https:\/\/www.manaus.am.gov.br\/semtepi\/","name":"SEMTEPI","description":"Prefeitura de Manaus","publisher":{"@id":"https:\/\/www.manaus.am.gov.br\/semtepi\/#organization"},"alternateName":"Secretaria Municipal do Trabalho, Empreendedorismo e Inova\u00e7\u00e3o","potentialAction":[{"@type":"SearchAction","target":{"@type":"EntryPoint","urlTemplate":"https:\/\/www.manaus.am.gov.br\/semtepi\/?s={search_term_string}"},"query-input":"required name=search_term_string"}],"inLanguage":"pt-BR"},{"@type":"Organization","@id":"https:\/\/www.manaus.am.gov.br\/semtepi\/#organization","name":"Prefeitura Municipal de Manaus","alternateName":"Prefeitura de Manaus","url":"https:\/\/www.manaus.am.gov.br\/semtepi\/","logo":{"@type":"ImageObject","inLanguage":"pt-BR","@id":"https:\/\/www.manaus.am.gov.br\/semtepi\/#\/schema\/logo\/image\/","url":"https:\/\/www.manaus.am.gov.br\/semtepi\/wp-content\/uploads\/sites\/20\/2024\/07\/favicon.png","contentUrl":"https:\/\/www.manaus.am.gov.br\/semtepi\/wp-content\/uploads\/sites\/20\/2024\/07\/favicon.png","width":300,"height":300,"caption":"Prefeitura Municipal de Manaus"},"image":{"@id":"https:\/\/www.manaus.am.gov.br\/semtepi\/#\/schema\/logo\/image\/"}},{"@type":"Person","@id":"https:\/\/www.manaus.am.gov.br\/semtepi\/#\/schema\/person\/05d223aea2bf115f9883a6ff3683d81b","name":"Bruna Greco","image":{"@type":"ImageObject","inLanguage":"pt-BR","@id":"https:\/\/www.manaus.am.gov.br\/semtepi\/#\/schema\/person\/image\/","url":"https:\/\/secure.gravatar.com\/avatar\/9c877d1a6adc2a055330e5c09a8653ce?s=96&d=mm&r=g","contentUrl":"https:\/\/secure.gravatar.com\/avatar\/9c877d1a6adc2a055330e5c09a8653ce?s=96&d=mm&r=g","caption":"Bruna Greco"}}]}},"_links":{"self":[{"href":"https:\/\/www.manaus.am.gov.br\/semtepi\/wp-json\/wp\/v2\/posts\/3830"}],"collection":[{"href":"https:\/\/www.manaus.am.gov.br\/semtepi\/wp-json\/wp\/v2\/posts"}],"about":[{"href":"https:\/\/www.manaus.am.gov.br\/semtepi\/wp-json\/wp\/v2\/types\/post"}],"author":[{"embeddable":true,"href":"https:\/\/www.manaus.am.gov.br\/semtepi\/wp-json\/wp\/v2\/users\/39"}],"replies":[{"embeddable":true,"href":"https:\/\/www.manaus.am.gov.br\/semtepi\/wp-json\/wp\/v2\/comments?post=3830"}],"version-history":[{"count":8,"href":"https:\/\/www.manaus.am.gov.br\/semtepi\/wp-json\/wp\/v2\/posts\/3830\/revisions"}],"predecessor-version":[{"id":3840,"href":"https:\/\/www.manaus.am.gov.br\/semtepi\/wp-json\/wp\/v2\/posts\/3830\/revisions\/3840"}],"wp:featuredmedia":[{"embeddable":true,"href":"https:\/\/www.manaus.am.gov.br\/semtepi\/wp-json\/wp\/v2\/media\/3831"}],"wp:attachment":[{"href":"https:\/\/www.manaus.am.gov.br\/semtepi\/wp-json\/wp\/v2\/media?parent=3830"}],"wp:term":[{"taxonomy":"category","embeddable":true,"href":"https:\/\/www.manaus.am.gov.br\/semtepi\/wp-json\/wp\/v2\/categories?post=3830"},{"taxonomy":"post_tag","embeddable":true,"href":"https:\/\/www.manaus.am.gov.br\/semtepi\/wp-json\/wp\/v2\/tags?post=3830"}],"curies":[{"name":"wp","href":"https:\/\/api.w.org\/{rel}","templated":true}]}}