{"id":3758,"date":"2023-12-26T12:26:08","date_gmt":"2023-12-26T16:26:08","guid":{"rendered":"https:\/\/www.manaus.am.gov.br\/semtepi\/sem-categoria\/prefeitura-de-manaus-certifica-mais-de-100-alunos-no-curso-de-tbo\/"},"modified":"2023-12-26T12:26:10","modified_gmt":"2023-12-26T16:26:10","slug":"prefeitura-de-manaus-certifica-mais-de-100-alunos-no-curso-de-tbo","status":"publish","type":"post","link":"https:\/\/www.manaus.am.gov.br\/semtepi\/qualificacao\/prefeitura-de-manaus-certifica-mais-de-100-alunos-no-curso-de-tbo\/","title":{"rendered":"Prefeitura de Manaus certifica mais de 100 alunos no curso de TBO"},"content":{"rendered":"\n<p>A Prefeitura de Manaus, por meio da Secretaria Municipal do Trabalho, Empreendedorismo e Inova\u00e7\u00e3o (Semtepi), certificou, nesta ter\u00e7a-feira, 26\/12, mais de 100 alunos no curso de Treinamento B\u00e1sico Operacional (TBO) realizado na Central do Empreendedor, localizada nas depend\u00eancias do Shopping Phelippe Daou, zona Norte da cidade. A atividade teve dura\u00e7\u00e3o de dois dias e foi executada em parceria com a institui\u00e7\u00e3o UniSaber Mais.<\/p>\n\n\n\n<p>Segundo o diretor do Sine Manaus, Pedro Lima, esta \u00e9 a primeira turma certificada na Central do Empreendedor, inaugurada em 19\/12, com o prop\u00f3sito de dar suporte aos trabalhadores das zonas Norte e Leste da capital.<\/p>\n\n\n\n<p>&#8220;Esse curso \u00e9 fundamental para quem deseja ingressar na \u00e1rea operacional do Polo Industrial de Manaus, sendo exigido como requisito obrigat\u00f3rio pelas empresas. A qualifica\u00e7\u00e3o profissional est\u00e1 sendo assertiva para atender \u00e0 demanda do mercado de trabalho. Estamos cumprindo o prop\u00f3sito da Central do Empreendedor, que \u00e9 ofertar servi\u00e7os nesse segmento&#8221;, afirmou Lima.<\/p>\n\n\n\n<p>O curso abordou os fundamentos sobre o uso dos equipamentos, normas de conduta, identifica\u00e7\u00e3o de componentes eletr\u00f4nicos, tipos de soldagem, entre outros t\u00f3picos.<\/p>\n\n\n\n<p>O aut\u00f4nomo Claudomiro Travosso, de 39 anos, concluiu todos os m\u00f3dulos do curso e recebeu o certificado.<\/p>\n\n\n\n<p>&#8220;Consegui aproveitar 100% deste curso, com \u00f3timos professores e uma boa estrutura. Fico muito grato por poder adicionar mais uma qualifica\u00e7\u00e3o ao meu curr\u00edculo e aumentar minhas chances de conseguir uma vaga no mercado de trabalho&#8221;, finalizou Travosso.<\/p>\n\n\n\n<p>&#8212; &#8212; &#8212;<\/p>\n\n\n\n<p><strong>Texto e foto &#8211;<\/strong> Divulga\u00e7\u00e3o \/ Semtepi<\/p>\n\n\n\n<p> <\/p>\n","protected":false},"excerpt":{"rendered":"","protected":false},"author":39,"featured_media":3759,"comment_status":"closed","ping_status":"closed","sticky":false,"template":"","format":"standard","meta":{"footnotes":""},"categories":[82],"tags":[885,860,886,8,118,9],"acf":[],"yoast_head":"<!-- This site is optimized with the Yoast SEO plugin v23.0 - https:\/\/yoast.com\/wordpress\/plugins\/seo\/ -->\n<title>Prefeitura certificou mais de 100 alunos no curso de TBO<\/title>\n<meta name=\"description\" content=\"A Prefeitura de Manaus, por meio da Semtepi, certificou mais de 100 alunos no curso de Treinamento B\u00e1sico Operacional (TBO).\" \/>\n<meta name=\"robots\" content=\"noindex, follow\" \/>\n<meta property=\"og:locale\" content=\"pt_BR\" \/>\n<meta property=\"og:type\" content=\"article\" \/>\n<meta property=\"og:title\" content=\"Prefeitura certificou mais de 100 alunos no curso de TBO\" \/>\n<meta property=\"og:description\" content=\"A Prefeitura de Manaus, por meio da Semtepi, certificou mais de 100 alunos no curso de Treinamento B\u00e1sico Operacional (TBO).\" \/>\n<meta property=\"og:url\" content=\"https:\/\/www.manaus.am.gov.br\/semtepi\/qualificacao\/prefeitura-de-manaus-certifica-mais-de-100-alunos-no-curso-de-tbo\/\" \/>\n<meta property=\"og:site_name\" content=\"SEMTEPI\" \/>\n<meta property=\"article:published_time\" content=\"2023-12-26T16:26:08+00:00\" \/>\n<meta property=\"article:modified_time\" content=\"2023-12-26T16:26:10+00:00\" \/>\n<meta property=\"og:image\" content=\"https:\/\/www.manaus.am.gov.br\/semtepi\/wp-content\/uploads\/sites\/20\/2023\/12\/IMG_9724-1-1024x768.png\" \/>\n\t<meta property=\"og:image:width\" content=\"1024\" \/>\n\t<meta property=\"og:image:height\" content=\"768\" \/>\n\t<meta property=\"og:image:type\" content=\"image\/png\" \/>\n<meta name=\"author\" content=\"Bruna Greco\" \/>\n<meta name=\"twitter:card\" content=\"summary_large_image\" \/>\n<meta name=\"twitter:label1\" content=\"Written by\" \/>\n\t<meta name=\"twitter:data1\" content=\"Bruna Greco\" \/>\n\t<meta name=\"twitter:label2\" content=\"Est. reading time\" \/>\n\t<meta name=\"twitter:data2\" content=\"2 minutos\" \/>\n<script type=\"application\/ld+json\" class=\"yoast-schema-graph\">{\"@context\":\"https:\/\/schema.org\",\"@graph\":[{\"@type\":\"Article\",\"@id\":\"https:\/\/www.manaus.am.gov.br\/semtepi\/qualificacao\/prefeitura-de-manaus-certifica-mais-de-100-alunos-no-curso-de-tbo\/#article\",\"isPartOf\":{\"@id\":\"https:\/\/www.manaus.am.gov.br\/semtepi\/qualificacao\/prefeitura-de-manaus-certifica-mais-de-100-alunos-no-curso-de-tbo\/\"},\"author\":{\"name\":\"Bruna Greco\",\"@id\":\"https:\/\/www.manaus.am.gov.br\/semtepi\/#\/schema\/person\/05d223aea2bf115f9883a6ff3683d81b\"},\"headline\":\"Prefeitura de Manaus certifica mais de 100 alunos no curso de TBO\",\"datePublished\":\"2023-12-26T16:26:08+00:00\",\"dateModified\":\"2023-12-26T16:26:10+00:00\",\"mainEntityOfPage\":{\"@id\":\"https:\/\/www.manaus.am.gov.br\/semtepi\/qualificacao\/prefeitura-de-manaus-certifica-mais-de-100-alunos-no-curso-de-tbo\/\"},\"wordCount\":260,\"publisher\":{\"@id\":\"https:\/\/www.manaus.am.gov.br\/semtepi\/#organization\"},\"image\":{\"@id\":\"https:\/\/www.manaus.am.gov.br\/semtepi\/qualificacao\/prefeitura-de-manaus-certifica-mais-de-100-alunos-no-curso-de-tbo\/#primaryimage\"},\"thumbnailUrl\":\"https:\/\/www.manaus.am.gov.br\/semtepi\/wp-content\/uploads\/sites\/20\/2023\/12\/IMG_9724-1.png\",\"keywords\":[\"Central do Empreendedor\",\"curso de TBO\",\"mais de 100 alunos\",\"prefeitura de manaus\",\"qualifica\u00e7\u00e3o\",\"Semtepi\"],\"articleSection\":[\"Qualifica\u00e7\u00e3o\"],\"inLanguage\":\"pt-BR\"},{\"@type\":\"WebPage\",\"@id\":\"https:\/\/www.manaus.am.gov.br\/semtepi\/qualificacao\/prefeitura-de-manaus-certifica-mais-de-100-alunos-no-curso-de-tbo\/\",\"url\":\"https:\/\/www.manaus.am.gov.br\/semtepi\/qualificacao\/prefeitura-de-manaus-certifica-mais-de-100-alunos-no-curso-de-tbo\/\",\"name\":\"Prefeitura certificou mais de 100 alunos no curso de TBO\",\"isPartOf\":{\"@id\":\"https:\/\/www.manaus.am.gov.br\/semtepi\/#website\"},\"primaryImageOfPage\":{\"@id\":\"https:\/\/www.manaus.am.gov.br\/semtepi\/qualificacao\/prefeitura-de-manaus-certifica-mais-de-100-alunos-no-curso-de-tbo\/#primaryimage\"},\"image\":{\"@id\":\"https:\/\/www.manaus.am.gov.br\/semtepi\/qualificacao\/prefeitura-de-manaus-certifica-mais-de-100-alunos-no-curso-de-tbo\/#primaryimage\"},\"thumbnailUrl\":\"https:\/\/www.manaus.am.gov.br\/semtepi\/wp-content\/uploads\/sites\/20\/2023\/12\/IMG_9724-1.png\",\"datePublished\":\"2023-12-26T16:26:08+00:00\",\"dateModified\":\"2023-12-26T16:26:10+00:00\",\"description\":\"A Prefeitura de Manaus, por meio da Semtepi, certificou mais de 100 alunos no curso de Treinamento B\u00e1sico Operacional (TBO).\",\"breadcrumb\":{\"@id\":\"https:\/\/www.manaus.am.gov.br\/semtepi\/qualificacao\/prefeitura-de-manaus-certifica-mais-de-100-alunos-no-curso-de-tbo\/#breadcrumb\"},\"inLanguage\":\"pt-BR\",\"potentialAction\":[{\"@type\":\"ReadAction\",\"target\":[\"https:\/\/www.manaus.am.gov.br\/semtepi\/qualificacao\/prefeitura-de-manaus-certifica-mais-de-100-alunos-no-curso-de-tbo\/\"]}]},{\"@type\":\"ImageObject\",\"inLanguage\":\"pt-BR\",\"@id\":\"https:\/\/www.manaus.am.gov.br\/semtepi\/qualificacao\/prefeitura-de-manaus-certifica-mais-de-100-alunos-no-curso-de-tbo\/#primaryimage\",\"url\":\"https:\/\/www.manaus.am.gov.br\/semtepi\/wp-content\/uploads\/sites\/20\/2023\/12\/IMG_9724-1.png\",\"contentUrl\":\"https:\/\/www.manaus.am.gov.br\/semtepi\/wp-content\/uploads\/sites\/20\/2023\/12\/IMG_9724-1.png\",\"width\":4032,\"height\":3024,\"caption\":\"#paratodosverem - Grupo de pessoas com certificado nas m\u00e3os durante conclus\u00e3o do curso de TBO\"},{\"@type\":\"BreadcrumbList\",\"@id\":\"https:\/\/www.manaus.am.gov.br\/semtepi\/qualificacao\/prefeitura-de-manaus-certifica-mais-de-100-alunos-no-curso-de-tbo\/#breadcrumb\",\"itemListElement\":[{\"@type\":\"ListItem\",\"position\":1,\"name\":\"Home\",\"item\":\"https:\/\/www.manaus.am.gov.br\/semtepi\/\"},{\"@type\":\"ListItem\",\"position\":2,\"name\":\"Prefeitura de Manaus certifica mais de 100 alunos no curso de TBO\"}]},{\"@type\":\"WebSite\",\"@id\":\"https:\/\/www.manaus.am.gov.br\/semtepi\/#website\",\"url\":\"https:\/\/www.manaus.am.gov.br\/semtepi\/\",\"name\":\"SEMTEPI\",\"description\":\"Prefeitura de Manaus\",\"publisher\":{\"@id\":\"https:\/\/www.manaus.am.gov.br\/semtepi\/#organization\"},\"alternateName\":\"Secretaria Municipal do Trabalho, Empreendedorismo e Inova\u00e7\u00e3o\",\"potentialAction\":[{\"@type\":\"SearchAction\",\"target\":{\"@type\":\"EntryPoint\",\"urlTemplate\":\"https:\/\/www.manaus.am.gov.br\/semtepi\/?s={search_term_string}\"},\"query-input\":\"required name=search_term_string\"}],\"inLanguage\":\"pt-BR\"},{\"@type\":\"Organization\",\"@id\":\"https:\/\/www.manaus.am.gov.br\/semtepi\/#organization\",\"name\":\"Prefeitura Municipal de Manaus\",\"alternateName\":\"Prefeitura de Manaus\",\"url\":\"https:\/\/www.manaus.am.gov.br\/semtepi\/\",\"logo\":{\"@type\":\"ImageObject\",\"inLanguage\":\"pt-BR\",\"@id\":\"https:\/\/www.manaus.am.gov.br\/semtepi\/#\/schema\/logo\/image\/\",\"url\":\"https:\/\/www.manaus.am.gov.br\/semtepi\/wp-content\/uploads\/sites\/20\/2024\/07\/favicon.png\",\"contentUrl\":\"https:\/\/www.manaus.am.gov.br\/semtepi\/wp-content\/uploads\/sites\/20\/2024\/07\/favicon.png\",\"width\":300,\"height\":300,\"caption\":\"Prefeitura Municipal de Manaus\"},\"image\":{\"@id\":\"https:\/\/www.manaus.am.gov.br\/semtepi\/#\/schema\/logo\/image\/\"}},{\"@type\":\"Person\",\"@id\":\"https:\/\/www.manaus.am.gov.br\/semtepi\/#\/schema\/person\/05d223aea2bf115f9883a6ff3683d81b\",\"name\":\"Bruna Greco\",\"image\":{\"@type\":\"ImageObject\",\"inLanguage\":\"pt-BR\",\"@id\":\"https:\/\/www.manaus.am.gov.br\/semtepi\/#\/schema\/person\/image\/\",\"url\":\"https:\/\/secure.gravatar.com\/avatar\/9c877d1a6adc2a055330e5c09a8653ce?s=96&d=mm&r=g\",\"contentUrl\":\"https:\/\/secure.gravatar.com\/avatar\/9c877d1a6adc2a055330e5c09a8653ce?s=96&d=mm&r=g\",\"caption\":\"Bruna Greco\"}}]}<\/script>\n<!-- \/ Yoast SEO plugin. -->","yoast_head_json":{"title":"Prefeitura certificou mais de 100 alunos no curso de TBO","description":"A Prefeitura de Manaus, por meio da Semtepi, certificou mais de 100 alunos no curso de Treinamento B\u00e1sico Operacional (TBO).","robots":{"index":"noindex","follow":"follow"},"og_locale":"pt_BR","og_type":"article","og_title":"Prefeitura certificou mais de 100 alunos no curso de TBO","og_description":"A Prefeitura de Manaus, por meio da Semtepi, certificou mais de 100 alunos no curso de Treinamento B\u00e1sico Operacional (TBO).","og_url":"https:\/\/www.manaus.am.gov.br\/semtepi\/qualificacao\/prefeitura-de-manaus-certifica-mais-de-100-alunos-no-curso-de-tbo\/","og_site_name":"SEMTEPI","article_published_time":"2023-12-26T16:26:08+00:00","article_modified_time":"2023-12-26T16:26:10+00:00","og_image":[{"width":1024,"height":768,"url":"https:\/\/www.manaus.am.gov.br\/semtepi\/wp-content\/uploads\/sites\/20\/2023\/12\/IMG_9724-1-1024x768.png","type":"image\/png"}],"author":"Bruna Greco","twitter_card":"summary_large_image","twitter_misc":{"Written by":"Bruna Greco","Est. reading time":"2 minutos"},"schema":{"@context":"https:\/\/schema.org","@graph":[{"@type":"Article","@id":"https:\/\/www.manaus.am.gov.br\/semtepi\/qualificacao\/prefeitura-de-manaus-certifica-mais-de-100-alunos-no-curso-de-tbo\/#article","isPartOf":{"@id":"https:\/\/www.manaus.am.gov.br\/semtepi\/qualificacao\/prefeitura-de-manaus-certifica-mais-de-100-alunos-no-curso-de-tbo\/"},"author":{"name":"Bruna Greco","@id":"https:\/\/www.manaus.am.gov.br\/semtepi\/#\/schema\/person\/05d223aea2bf115f9883a6ff3683d81b"},"headline":"Prefeitura de Manaus certifica mais de 100 alunos no curso de TBO","datePublished":"2023-12-26T16:26:08+00:00","dateModified":"2023-12-26T16:26:10+00:00","mainEntityOfPage":{"@id":"https:\/\/www.manaus.am.gov.br\/semtepi\/qualificacao\/prefeitura-de-manaus-certifica-mais-de-100-alunos-no-curso-de-tbo\/"},"wordCount":260,"publisher":{"@id":"https:\/\/www.manaus.am.gov.br\/semtepi\/#organization"},"image":{"@id":"https:\/\/www.manaus.am.gov.br\/semtepi\/qualificacao\/prefeitura-de-manaus-certifica-mais-de-100-alunos-no-curso-de-tbo\/#primaryimage"},"thumbnailUrl":"https:\/\/www.manaus.am.gov.br\/semtepi\/wp-content\/uploads\/sites\/20\/2023\/12\/IMG_9724-1.png","keywords":["Central do Empreendedor","curso de TBO","mais de 100 alunos","prefeitura de manaus","qualifica\u00e7\u00e3o","Semtepi"],"articleSection":["Qualifica\u00e7\u00e3o"],"inLanguage":"pt-BR"},{"@type":"WebPage","@id":"https:\/\/www.manaus.am.gov.br\/semtepi\/qualificacao\/prefeitura-de-manaus-certifica-mais-de-100-alunos-no-curso-de-tbo\/","url":"https:\/\/www.manaus.am.gov.br\/semtepi\/qualificacao\/prefeitura-de-manaus-certifica-mais-de-100-alunos-no-curso-de-tbo\/","name":"Prefeitura certificou mais de 100 alunos no curso de TBO","isPartOf":{"@id":"https:\/\/www.manaus.am.gov.br\/semtepi\/#website"},"primaryImageOfPage":{"@id":"https:\/\/www.manaus.am.gov.br\/semtepi\/qualificacao\/prefeitura-de-manaus-certifica-mais-de-100-alunos-no-curso-de-tbo\/#primaryimage"},"image":{"@id":"https:\/\/www.manaus.am.gov.br\/semtepi\/qualificacao\/prefeitura-de-manaus-certifica-mais-de-100-alunos-no-curso-de-tbo\/#primaryimage"},"thumbnailUrl":"https:\/\/www.manaus.am.gov.br\/semtepi\/wp-content\/uploads\/sites\/20\/2023\/12\/IMG_9724-1.png","datePublished":"2023-12-26T16:26:08+00:00","dateModified":"2023-12-26T16:26:10+00:00","description":"A Prefeitura de Manaus, por meio da Semtepi, certificou mais de 100 alunos no curso de Treinamento B\u00e1sico Operacional (TBO).","breadcrumb":{"@id":"https:\/\/www.manaus.am.gov.br\/semtepi\/qualificacao\/prefeitura-de-manaus-certifica-mais-de-100-alunos-no-curso-de-tbo\/#breadcrumb"},"inLanguage":"pt-BR","potentialAction":[{"@type":"ReadAction","target":["https:\/\/www.manaus.am.gov.br\/semtepi\/qualificacao\/prefeitura-de-manaus-certifica-mais-de-100-alunos-no-curso-de-tbo\/"]}]},{"@type":"ImageObject","inLanguage":"pt-BR","@id":"https:\/\/www.manaus.am.gov.br\/semtepi\/qualificacao\/prefeitura-de-manaus-certifica-mais-de-100-alunos-no-curso-de-tbo\/#primaryimage","url":"https:\/\/www.manaus.am.gov.br\/semtepi\/wp-content\/uploads\/sites\/20\/2023\/12\/IMG_9724-1.png","contentUrl":"https:\/\/www.manaus.am.gov.br\/semtepi\/wp-content\/uploads\/sites\/20\/2023\/12\/IMG_9724-1.png","width":4032,"height":3024,"caption":"#paratodosverem - Grupo de pessoas com certificado nas m\u00e3os durante conclus\u00e3o do curso de TBO"},{"@type":"BreadcrumbList","@id":"https:\/\/www.manaus.am.gov.br\/semtepi\/qualificacao\/prefeitura-de-manaus-certifica-mais-de-100-alunos-no-curso-de-tbo\/#breadcrumb","itemListElement":[{"@type":"ListItem","position":1,"name":"Home","item":"https:\/\/www.manaus.am.gov.br\/semtepi\/"},{"@type":"ListItem","position":2,"name":"Prefeitura de Manaus certifica mais de 100 alunos no curso de TBO"}]},{"@type":"WebSite","@id":"https:\/\/www.manaus.am.gov.br\/semtepi\/#website","url":"https:\/\/www.manaus.am.gov.br\/semtepi\/","name":"SEMTEPI","description":"Prefeitura de Manaus","publisher":{"@id":"https:\/\/www.manaus.am.gov.br\/semtepi\/#organization"},"alternateName":"Secretaria Municipal do Trabalho, Empreendedorismo e Inova\u00e7\u00e3o","potentialAction":[{"@type":"SearchAction","target":{"@type":"EntryPoint","urlTemplate":"https:\/\/www.manaus.am.gov.br\/semtepi\/?s={search_term_string}"},"query-input":"required name=search_term_string"}],"inLanguage":"pt-BR"},{"@type":"Organization","@id":"https:\/\/www.manaus.am.gov.br\/semtepi\/#organization","name":"Prefeitura Municipal de Manaus","alternateName":"Prefeitura de Manaus","url":"https:\/\/www.manaus.am.gov.br\/semtepi\/","logo":{"@type":"ImageObject","inLanguage":"pt-BR","@id":"https:\/\/www.manaus.am.gov.br\/semtepi\/#\/schema\/logo\/image\/","url":"https:\/\/www.manaus.am.gov.br\/semtepi\/wp-content\/uploads\/sites\/20\/2024\/07\/favicon.png","contentUrl":"https:\/\/www.manaus.am.gov.br\/semtepi\/wp-content\/uploads\/sites\/20\/2024\/07\/favicon.png","width":300,"height":300,"caption":"Prefeitura Municipal de Manaus"},"image":{"@id":"https:\/\/www.manaus.am.gov.br\/semtepi\/#\/schema\/logo\/image\/"}},{"@type":"Person","@id":"https:\/\/www.manaus.am.gov.br\/semtepi\/#\/schema\/person\/05d223aea2bf115f9883a6ff3683d81b","name":"Bruna Greco","image":{"@type":"ImageObject","inLanguage":"pt-BR","@id":"https:\/\/www.manaus.am.gov.br\/semtepi\/#\/schema\/person\/image\/","url":"https:\/\/secure.gravatar.com\/avatar\/9c877d1a6adc2a055330e5c09a8653ce?s=96&d=mm&r=g","contentUrl":"https:\/\/secure.gravatar.com\/avatar\/9c877d1a6adc2a055330e5c09a8653ce?s=96&d=mm&r=g","caption":"Bruna Greco"}}]}},"_links":{"self":[{"href":"https:\/\/www.manaus.am.gov.br\/semtepi\/wp-json\/wp\/v2\/posts\/3758"}],"collection":[{"href":"https:\/\/www.manaus.am.gov.br\/semtepi\/wp-json\/wp\/v2\/posts"}],"about":[{"href":"https:\/\/www.manaus.am.gov.br\/semtepi\/wp-json\/wp\/v2\/types\/post"}],"author":[{"embeddable":true,"href":"https:\/\/www.manaus.am.gov.br\/semtepi\/wp-json\/wp\/v2\/users\/39"}],"replies":[{"embeddable":true,"href":"https:\/\/www.manaus.am.gov.br\/semtepi\/wp-json\/wp\/v2\/comments?post=3758"}],"version-history":[{"count":0,"href":"https:\/\/www.manaus.am.gov.br\/semtepi\/wp-json\/wp\/v2\/posts\/3758\/revisions"}],"wp:featuredmedia":[{"embeddable":true,"href":"https:\/\/www.manaus.am.gov.br\/semtepi\/wp-json\/wp\/v2\/media\/3759"}],"wp:attachment":[{"href":"https:\/\/www.manaus.am.gov.br\/semtepi\/wp-json\/wp\/v2\/media?parent=3758"}],"wp:term":[{"taxonomy":"category","embeddable":true,"href":"https:\/\/www.manaus.am.gov.br\/semtepi\/wp-json\/wp\/v2\/categories?post=3758"},{"taxonomy":"post_tag","embeddable":true,"href":"https:\/\/www.manaus.am.gov.br\/semtepi\/wp-json\/wp\/v2\/tags?post=3758"}],"curies":[{"name":"wp","href":"https:\/\/api.w.org\/{rel}","templated":true}]}}