{"id":3742,"date":"2023-12-22T13:35:25","date_gmt":"2023-12-22T17:35:25","guid":{"rendered":"https:\/\/www.manaus.am.gov.br\/semtepi\/sem-categoria\/prefeitura-de-manaus-promove-iniciativa-para-sorteios-do-natal-nas-galerias\/"},"modified":"2023-12-22T16:12:56","modified_gmt":"2023-12-22T20:12:56","slug":"prefeitura-de-manaus-promove-iniciativa-para-sorteios-do-natal-nas-galerias","status":"publish","type":"post","link":"https:\/\/www.manaus.am.gov.br\/semtepi\/galerias-populares\/prefeitura-de-manaus-promove-iniciativa-para-sorteios-do-natal-nas-galerias\/","title":{"rendered":"Prefeitura de Manaus promove iniciativa para sorteios do \u2018Natal nas Galerias\u2019"},"content":{"rendered":"\n<p>A Prefeitura de Manaus, por meio da Secretaria Municipal do Trabalho, Empreendedorismo e Inova\u00e7\u00e3o (Semtepi), promove, durante o m\u00eas de dezembro, a promo\u00e7\u00e3o \u201cNatal nas Galerias\u201d, nas galerias populares dos Rem\u00e9dios e Esp\u00edrito Santo, localizadas no Centro, zona Sul; e no shopping Phelippe Daou, no bairro Cidade de Deus, zona Leste.<\/p>\n\n\n\n<p>A proposta tem o objetivo de fortalecer a economia local e melhorar as vendas dos empreendedores durante as festas de fim de ano. E para participar da promo\u00e7\u00e3o, os clientes precisar\u00e3o se enquadrar dentro das normas do sorteio. Nas compras acima de R$ 25, o consumidor recebe um cupom, preenche e deposita na urna para concorrer a pr\u00eamios como bicicletas, celulares, televis\u00f5es e pix no valor de R$ 500.<\/p>\n\n\n\n<p>\u201cAinda neste ano, realizamos a promo\u00e7\u00e3o do cupom especial para o m\u00eas dos namorados, e agora seguimos com essa iniciativa para o Natal. Os empreendedores das galerias Esp\u00edrito Santo, Rem\u00e9dios e shopping Phelippe Daou ter\u00e3o benef\u00edcios, assim como os participantes dos sorteios. Convido todos os manauaras a se envolverem nesse momento e desfrutarem das vantagens oferecidas\u201d, frisou o secret\u00e1rio da Semtepi, Radyr J\u00fanior.<\/p>\n\n\n\n<p>A promo\u00e7\u00e3o \u00e9 v\u00e1lida por tempo limitado e poder\u00e1 ser encerrada sem aviso pr\u00e9vio. Os sorteios ser\u00e3o realizados no dia 12\/1, nas depend\u00eancias das galerias Esp\u00edrito Santo, Rem\u00e9dios e shopping Phelippe Daou, respectivamente.<\/p>\n\n\n\n<p>&#8212; &#8212; &#8212;<\/p>\n\n\n\n<p><strong>Texto \u2013 <\/strong>Fabiane Monteiro \/ Semtepi<\/p>\n\n\n\n<p><strong>Foto \u2013\u00a0<\/strong>Divulga\u00e7\u00e3o \/ Arquivo Semcom<\/p>\n","protected":false},"excerpt":{"rendered":"","protected":false},"author":39,"featured_media":3743,"comment_status":"closed","ping_status":"closed","sticky":false,"template":"","format":"standard","meta":{"footnotes":""},"categories":[881],"tags":[882,479,94,8,883,9,876,237],"acf":[],"yoast_head":"<!-- This site is optimized with the Yoast SEO plugin v23.0 - https:\/\/yoast.com\/wordpress\/plugins\/seo\/ -->\n<title>Prefeitura promove iniciativa para sorteios do \u2018Natal nas Galerias\u2019<\/title>\n<meta name=\"description\" content=\"Prefeitura de Manaus promove iniciativa para sorteios do \u2018Natal nas Galerias\u2019 nas galerias populares no Centro e no shopping Phelippe Daou.\" \/>\n<meta name=\"robots\" content=\"noindex, follow\" \/>\n<meta property=\"og:locale\" content=\"pt_BR\" \/>\n<meta property=\"og:type\" content=\"article\" \/>\n<meta property=\"og:title\" content=\"Prefeitura promove iniciativa para sorteios do \u2018Natal nas Galerias\u2019\" \/>\n<meta property=\"og:description\" content=\"Prefeitura de Manaus promove iniciativa para sorteios do \u2018Natal nas Galerias\u2019 nas galerias populares no Centro e no shopping Phelippe Daou.\" \/>\n<meta property=\"og:url\" content=\"https:\/\/www.manaus.am.gov.br\/semtepi\/galerias-populares\/prefeitura-de-manaus-promove-iniciativa-para-sorteios-do-natal-nas-galerias\/\" \/>\n<meta property=\"og:site_name\" content=\"SEMTEPI\" \/>\n<meta property=\"article:published_time\" content=\"2023-12-22T17:35:25+00:00\" \/>\n<meta property=\"article:modified_time\" content=\"2023-12-22T20:12:56+00:00\" \/>\n<meta property=\"og:image\" content=\"https:\/\/www.manaus.am.gov.br\/semtepi\/wp-content\/uploads\/sites\/20\/2023\/12\/52214321498_c6a0d665db_k.jpg\" \/>\n\t<meta property=\"og:image:width\" content=\"2048\" \/>\n\t<meta property=\"og:image:height\" content=\"1365\" \/>\n\t<meta property=\"og:image:type\" content=\"image\/jpeg\" \/>\n<meta name=\"author\" content=\"Bruna Greco\" \/>\n<meta name=\"twitter:card\" content=\"summary_large_image\" \/>\n<meta name=\"twitter:label1\" content=\"Written by\" \/>\n\t<meta name=\"twitter:data1\" content=\"Bruna Greco\" \/>\n\t<meta name=\"twitter:label2\" content=\"Est. reading time\" \/>\n\t<meta name=\"twitter:data2\" content=\"2 minutos\" \/>\n<script type=\"application\/ld+json\" class=\"yoast-schema-graph\">{\"@context\":\"https:\/\/schema.org\",\"@graph\":[{\"@type\":\"Article\",\"@id\":\"https:\/\/www.manaus.am.gov.br\/semtepi\/galerias-populares\/prefeitura-de-manaus-promove-iniciativa-para-sorteios-do-natal-nas-galerias\/#article\",\"isPartOf\":{\"@id\":\"https:\/\/www.manaus.am.gov.br\/semtepi\/galerias-populares\/prefeitura-de-manaus-promove-iniciativa-para-sorteios-do-natal-nas-galerias\/\"},\"author\":{\"name\":\"Bruna Greco\",\"@id\":\"https:\/\/www.manaus.am.gov.br\/semtepi\/#\/schema\/person\/05d223aea2bf115f9883a6ff3683d81b\"},\"headline\":\"Prefeitura de Manaus promove iniciativa para sorteios do \u2018Natal nas Galerias\u2019\",\"datePublished\":\"2023-12-22T17:35:25+00:00\",\"dateModified\":\"2023-12-22T20:12:56+00:00\",\"mainEntityOfPage\":{\"@id\":\"https:\/\/www.manaus.am.gov.br\/semtepi\/galerias-populares\/prefeitura-de-manaus-promove-iniciativa-para-sorteios-do-natal-nas-galerias\/\"},\"wordCount\":259,\"publisher\":{\"@id\":\"https:\/\/www.manaus.am.gov.br\/semtepi\/#organization\"},\"image\":{\"@id\":\"https:\/\/www.manaus.am.gov.br\/semtepi\/galerias-populares\/prefeitura-de-manaus-promove-iniciativa-para-sorteios-do-natal-nas-galerias\/#primaryimage\"},\"thumbnailUrl\":\"https:\/\/www.manaus.am.gov.br\/semtepi\/wp-content\/uploads\/sites\/20\/2023\/12\/52214321498_c6a0d665db_k.jpg\",\"keywords\":[\"economia local\",\"empreendedores\",\"galerias populares\",\"prefeitura de manaus\",\"promo\u00e7\u00e3o \u201cNatal nas Galerias\u201d\",\"Semtepi\",\"shopping phellipe daou\",\"sorteios\"],\"articleSection\":[\"Galerias Populares\"],\"inLanguage\":\"pt-BR\"},{\"@type\":\"WebPage\",\"@id\":\"https:\/\/www.manaus.am.gov.br\/semtepi\/galerias-populares\/prefeitura-de-manaus-promove-iniciativa-para-sorteios-do-natal-nas-galerias\/\",\"url\":\"https:\/\/www.manaus.am.gov.br\/semtepi\/galerias-populares\/prefeitura-de-manaus-promove-iniciativa-para-sorteios-do-natal-nas-galerias\/\",\"name\":\"Prefeitura promove iniciativa para sorteios do \u2018Natal nas Galerias\u2019\",\"isPartOf\":{\"@id\":\"https:\/\/www.manaus.am.gov.br\/semtepi\/#website\"},\"primaryImageOfPage\":{\"@id\":\"https:\/\/www.manaus.am.gov.br\/semtepi\/galerias-populares\/prefeitura-de-manaus-promove-iniciativa-para-sorteios-do-natal-nas-galerias\/#primaryimage\"},\"image\":{\"@id\":\"https:\/\/www.manaus.am.gov.br\/semtepi\/galerias-populares\/prefeitura-de-manaus-promove-iniciativa-para-sorteios-do-natal-nas-galerias\/#primaryimage\"},\"thumbnailUrl\":\"https:\/\/www.manaus.am.gov.br\/semtepi\/wp-content\/uploads\/sites\/20\/2023\/12\/52214321498_c6a0d665db_k.jpg\",\"datePublished\":\"2023-12-22T17:35:25+00:00\",\"dateModified\":\"2023-12-22T20:12:56+00:00\",\"description\":\"Prefeitura de Manaus promove iniciativa para sorteios do \u2018Natal nas Galerias\u2019 nas galerias populares no Centro e no shopping Phelippe Daou.\",\"breadcrumb\":{\"@id\":\"https:\/\/www.manaus.am.gov.br\/semtepi\/galerias-populares\/prefeitura-de-manaus-promove-iniciativa-para-sorteios-do-natal-nas-galerias\/#breadcrumb\"},\"inLanguage\":\"pt-BR\",\"potentialAction\":[{\"@type\":\"ReadAction\",\"target\":[\"https:\/\/www.manaus.am.gov.br\/semtepi\/galerias-populares\/prefeitura-de-manaus-promove-iniciativa-para-sorteios-do-natal-nas-galerias\/\"]}]},{\"@type\":\"ImageObject\",\"inLanguage\":\"pt-BR\",\"@id\":\"https:\/\/www.manaus.am.gov.br\/semtepi\/galerias-populares\/prefeitura-de-manaus-promove-iniciativa-para-sorteios-do-natal-nas-galerias\/#primaryimage\",\"url\":\"https:\/\/www.manaus.am.gov.br\/semtepi\/wp-content\/uploads\/sites\/20\/2023\/12\/52214321498_c6a0d665db_k.jpg\",\"contentUrl\":\"https:\/\/www.manaus.am.gov.br\/semtepi\/wp-content\/uploads\/sites\/20\/2023\/12\/52214321498_c6a0d665db_k.jpg\",\"width\":2048,\"height\":1365,\"caption\":\"#paratodosverem - Fachada colorida da Galeria dos Rem\u00e9dios no Centro de Manaus\"},{\"@type\":\"BreadcrumbList\",\"@id\":\"https:\/\/www.manaus.am.gov.br\/semtepi\/galerias-populares\/prefeitura-de-manaus-promove-iniciativa-para-sorteios-do-natal-nas-galerias\/#breadcrumb\",\"itemListElement\":[{\"@type\":\"ListItem\",\"position\":1,\"name\":\"Home\",\"item\":\"https:\/\/www.manaus.am.gov.br\/semtepi\/\"},{\"@type\":\"ListItem\",\"position\":2,\"name\":\"Prefeitura de Manaus promove iniciativa para sorteios do \u2018Natal nas Galerias\u2019\"}]},{\"@type\":\"WebSite\",\"@id\":\"https:\/\/www.manaus.am.gov.br\/semtepi\/#website\",\"url\":\"https:\/\/www.manaus.am.gov.br\/semtepi\/\",\"name\":\"SEMTEPI\",\"description\":\"Prefeitura de Manaus\",\"publisher\":{\"@id\":\"https:\/\/www.manaus.am.gov.br\/semtepi\/#organization\"},\"alternateName\":\"Secretaria Municipal do Trabalho, Empreendedorismo e Inova\u00e7\u00e3o\",\"potentialAction\":[{\"@type\":\"SearchAction\",\"target\":{\"@type\":\"EntryPoint\",\"urlTemplate\":\"https:\/\/www.manaus.am.gov.br\/semtepi\/?s={search_term_string}\"},\"query-input\":\"required name=search_term_string\"}],\"inLanguage\":\"pt-BR\"},{\"@type\":\"Organization\",\"@id\":\"https:\/\/www.manaus.am.gov.br\/semtepi\/#organization\",\"name\":\"Prefeitura Municipal de Manaus\",\"alternateName\":\"Prefeitura de Manaus\",\"url\":\"https:\/\/www.manaus.am.gov.br\/semtepi\/\",\"logo\":{\"@type\":\"ImageObject\",\"inLanguage\":\"pt-BR\",\"@id\":\"https:\/\/www.manaus.am.gov.br\/semtepi\/#\/schema\/logo\/image\/\",\"url\":\"https:\/\/www.manaus.am.gov.br\/semtepi\/wp-content\/uploads\/sites\/20\/2024\/07\/favicon.png\",\"contentUrl\":\"https:\/\/www.manaus.am.gov.br\/semtepi\/wp-content\/uploads\/sites\/20\/2024\/07\/favicon.png\",\"width\":300,\"height\":300,\"caption\":\"Prefeitura Municipal de Manaus\"},\"image\":{\"@id\":\"https:\/\/www.manaus.am.gov.br\/semtepi\/#\/schema\/logo\/image\/\"}},{\"@type\":\"Person\",\"@id\":\"https:\/\/www.manaus.am.gov.br\/semtepi\/#\/schema\/person\/05d223aea2bf115f9883a6ff3683d81b\",\"name\":\"Bruna Greco\",\"image\":{\"@type\":\"ImageObject\",\"inLanguage\":\"pt-BR\",\"@id\":\"https:\/\/www.manaus.am.gov.br\/semtepi\/#\/schema\/person\/image\/\",\"url\":\"https:\/\/secure.gravatar.com\/avatar\/9c877d1a6adc2a055330e5c09a8653ce?s=96&d=mm&r=g\",\"contentUrl\":\"https:\/\/secure.gravatar.com\/avatar\/9c877d1a6adc2a055330e5c09a8653ce?s=96&d=mm&r=g\",\"caption\":\"Bruna Greco\"}}]}<\/script>\n<!-- \/ Yoast SEO plugin. -->","yoast_head_json":{"title":"Prefeitura promove iniciativa para sorteios do \u2018Natal nas Galerias\u2019","description":"Prefeitura de Manaus promove iniciativa para sorteios do \u2018Natal nas Galerias\u2019 nas galerias populares no Centro e no shopping Phelippe Daou.","robots":{"index":"noindex","follow":"follow"},"og_locale":"pt_BR","og_type":"article","og_title":"Prefeitura promove iniciativa para sorteios do \u2018Natal nas Galerias\u2019","og_description":"Prefeitura de Manaus promove iniciativa para sorteios do \u2018Natal nas Galerias\u2019 nas galerias populares no Centro e no shopping Phelippe Daou.","og_url":"https:\/\/www.manaus.am.gov.br\/semtepi\/galerias-populares\/prefeitura-de-manaus-promove-iniciativa-para-sorteios-do-natal-nas-galerias\/","og_site_name":"SEMTEPI","article_published_time":"2023-12-22T17:35:25+00:00","article_modified_time":"2023-12-22T20:12:56+00:00","og_image":[{"width":2048,"height":1365,"url":"https:\/\/www.manaus.am.gov.br\/semtepi\/wp-content\/uploads\/sites\/20\/2023\/12\/52214321498_c6a0d665db_k.jpg","type":"image\/jpeg"}],"author":"Bruna Greco","twitter_card":"summary_large_image","twitter_misc":{"Written by":"Bruna Greco","Est. reading time":"2 minutos"},"schema":{"@context":"https:\/\/schema.org","@graph":[{"@type":"Article","@id":"https:\/\/www.manaus.am.gov.br\/semtepi\/galerias-populares\/prefeitura-de-manaus-promove-iniciativa-para-sorteios-do-natal-nas-galerias\/#article","isPartOf":{"@id":"https:\/\/www.manaus.am.gov.br\/semtepi\/galerias-populares\/prefeitura-de-manaus-promove-iniciativa-para-sorteios-do-natal-nas-galerias\/"},"author":{"name":"Bruna Greco","@id":"https:\/\/www.manaus.am.gov.br\/semtepi\/#\/schema\/person\/05d223aea2bf115f9883a6ff3683d81b"},"headline":"Prefeitura de Manaus promove iniciativa para sorteios do \u2018Natal nas Galerias\u2019","datePublished":"2023-12-22T17:35:25+00:00","dateModified":"2023-12-22T20:12:56+00:00","mainEntityOfPage":{"@id":"https:\/\/www.manaus.am.gov.br\/semtepi\/galerias-populares\/prefeitura-de-manaus-promove-iniciativa-para-sorteios-do-natal-nas-galerias\/"},"wordCount":259,"publisher":{"@id":"https:\/\/www.manaus.am.gov.br\/semtepi\/#organization"},"image":{"@id":"https:\/\/www.manaus.am.gov.br\/semtepi\/galerias-populares\/prefeitura-de-manaus-promove-iniciativa-para-sorteios-do-natal-nas-galerias\/#primaryimage"},"thumbnailUrl":"https:\/\/www.manaus.am.gov.br\/semtepi\/wp-content\/uploads\/sites\/20\/2023\/12\/52214321498_c6a0d665db_k.jpg","keywords":["economia local","empreendedores","galerias populares","prefeitura de manaus","promo\u00e7\u00e3o \u201cNatal nas Galerias\u201d","Semtepi","shopping phellipe daou","sorteios"],"articleSection":["Galerias Populares"],"inLanguage":"pt-BR"},{"@type":"WebPage","@id":"https:\/\/www.manaus.am.gov.br\/semtepi\/galerias-populares\/prefeitura-de-manaus-promove-iniciativa-para-sorteios-do-natal-nas-galerias\/","url":"https:\/\/www.manaus.am.gov.br\/semtepi\/galerias-populares\/prefeitura-de-manaus-promove-iniciativa-para-sorteios-do-natal-nas-galerias\/","name":"Prefeitura promove iniciativa para sorteios do \u2018Natal nas Galerias\u2019","isPartOf":{"@id":"https:\/\/www.manaus.am.gov.br\/semtepi\/#website"},"primaryImageOfPage":{"@id":"https:\/\/www.manaus.am.gov.br\/semtepi\/galerias-populares\/prefeitura-de-manaus-promove-iniciativa-para-sorteios-do-natal-nas-galerias\/#primaryimage"},"image":{"@id":"https:\/\/www.manaus.am.gov.br\/semtepi\/galerias-populares\/prefeitura-de-manaus-promove-iniciativa-para-sorteios-do-natal-nas-galerias\/#primaryimage"},"thumbnailUrl":"https:\/\/www.manaus.am.gov.br\/semtepi\/wp-content\/uploads\/sites\/20\/2023\/12\/52214321498_c6a0d665db_k.jpg","datePublished":"2023-12-22T17:35:25+00:00","dateModified":"2023-12-22T20:12:56+00:00","description":"Prefeitura de Manaus promove iniciativa para sorteios do \u2018Natal nas Galerias\u2019 nas galerias populares no Centro e no shopping Phelippe Daou.","breadcrumb":{"@id":"https:\/\/www.manaus.am.gov.br\/semtepi\/galerias-populares\/prefeitura-de-manaus-promove-iniciativa-para-sorteios-do-natal-nas-galerias\/#breadcrumb"},"inLanguage":"pt-BR","potentialAction":[{"@type":"ReadAction","target":["https:\/\/www.manaus.am.gov.br\/semtepi\/galerias-populares\/prefeitura-de-manaus-promove-iniciativa-para-sorteios-do-natal-nas-galerias\/"]}]},{"@type":"ImageObject","inLanguage":"pt-BR","@id":"https:\/\/www.manaus.am.gov.br\/semtepi\/galerias-populares\/prefeitura-de-manaus-promove-iniciativa-para-sorteios-do-natal-nas-galerias\/#primaryimage","url":"https:\/\/www.manaus.am.gov.br\/semtepi\/wp-content\/uploads\/sites\/20\/2023\/12\/52214321498_c6a0d665db_k.jpg","contentUrl":"https:\/\/www.manaus.am.gov.br\/semtepi\/wp-content\/uploads\/sites\/20\/2023\/12\/52214321498_c6a0d665db_k.jpg","width":2048,"height":1365,"caption":"#paratodosverem - Fachada colorida da Galeria dos Rem\u00e9dios no Centro de Manaus"},{"@type":"BreadcrumbList","@id":"https:\/\/www.manaus.am.gov.br\/semtepi\/galerias-populares\/prefeitura-de-manaus-promove-iniciativa-para-sorteios-do-natal-nas-galerias\/#breadcrumb","itemListElement":[{"@type":"ListItem","position":1,"name":"Home","item":"https:\/\/www.manaus.am.gov.br\/semtepi\/"},{"@type":"ListItem","position":2,"name":"Prefeitura de Manaus promove iniciativa para sorteios do \u2018Natal nas Galerias\u2019"}]},{"@type":"WebSite","@id":"https:\/\/www.manaus.am.gov.br\/semtepi\/#website","url":"https:\/\/www.manaus.am.gov.br\/semtepi\/","name":"SEMTEPI","description":"Prefeitura de Manaus","publisher":{"@id":"https:\/\/www.manaus.am.gov.br\/semtepi\/#organization"},"alternateName":"Secretaria Municipal do Trabalho, Empreendedorismo e Inova\u00e7\u00e3o","potentialAction":[{"@type":"SearchAction","target":{"@type":"EntryPoint","urlTemplate":"https:\/\/www.manaus.am.gov.br\/semtepi\/?s={search_term_string}"},"query-input":"required name=search_term_string"}],"inLanguage":"pt-BR"},{"@type":"Organization","@id":"https:\/\/www.manaus.am.gov.br\/semtepi\/#organization","name":"Prefeitura Municipal de Manaus","alternateName":"Prefeitura de Manaus","url":"https:\/\/www.manaus.am.gov.br\/semtepi\/","logo":{"@type":"ImageObject","inLanguage":"pt-BR","@id":"https:\/\/www.manaus.am.gov.br\/semtepi\/#\/schema\/logo\/image\/","url":"https:\/\/www.manaus.am.gov.br\/semtepi\/wp-content\/uploads\/sites\/20\/2024\/07\/favicon.png","contentUrl":"https:\/\/www.manaus.am.gov.br\/semtepi\/wp-content\/uploads\/sites\/20\/2024\/07\/favicon.png","width":300,"height":300,"caption":"Prefeitura Municipal de Manaus"},"image":{"@id":"https:\/\/www.manaus.am.gov.br\/semtepi\/#\/schema\/logo\/image\/"}},{"@type":"Person","@id":"https:\/\/www.manaus.am.gov.br\/semtepi\/#\/schema\/person\/05d223aea2bf115f9883a6ff3683d81b","name":"Bruna Greco","image":{"@type":"ImageObject","inLanguage":"pt-BR","@id":"https:\/\/www.manaus.am.gov.br\/semtepi\/#\/schema\/person\/image\/","url":"https:\/\/secure.gravatar.com\/avatar\/9c877d1a6adc2a055330e5c09a8653ce?s=96&d=mm&r=g","contentUrl":"https:\/\/secure.gravatar.com\/avatar\/9c877d1a6adc2a055330e5c09a8653ce?s=96&d=mm&r=g","caption":"Bruna Greco"}}]}},"_links":{"self":[{"href":"https:\/\/www.manaus.am.gov.br\/semtepi\/wp-json\/wp\/v2\/posts\/3742"}],"collection":[{"href":"https:\/\/www.manaus.am.gov.br\/semtepi\/wp-json\/wp\/v2\/posts"}],"about":[{"href":"https:\/\/www.manaus.am.gov.br\/semtepi\/wp-json\/wp\/v2\/types\/post"}],"author":[{"embeddable":true,"href":"https:\/\/www.manaus.am.gov.br\/semtepi\/wp-json\/wp\/v2\/users\/39"}],"replies":[{"embeddable":true,"href":"https:\/\/www.manaus.am.gov.br\/semtepi\/wp-json\/wp\/v2\/comments?post=3742"}],"version-history":[{"count":1,"href":"https:\/\/www.manaus.am.gov.br\/semtepi\/wp-json\/wp\/v2\/posts\/3742\/revisions"}],"predecessor-version":[{"id":3748,"href":"https:\/\/www.manaus.am.gov.br\/semtepi\/wp-json\/wp\/v2\/posts\/3742\/revisions\/3748"}],"wp:featuredmedia":[{"embeddable":true,"href":"https:\/\/www.manaus.am.gov.br\/semtepi\/wp-json\/wp\/v2\/media\/3743"}],"wp:attachment":[{"href":"https:\/\/www.manaus.am.gov.br\/semtepi\/wp-json\/wp\/v2\/media?parent=3742"}],"wp:term":[{"taxonomy":"category","embeddable":true,"href":"https:\/\/www.manaus.am.gov.br\/semtepi\/wp-json\/wp\/v2\/categories?post=3742"},{"taxonomy":"post_tag","embeddable":true,"href":"https:\/\/www.manaus.am.gov.br\/semtepi\/wp-json\/wp\/v2\/tags?post=3742"}],"curies":[{"name":"wp","href":"https:\/\/api.w.org\/{rel}","templated":true}]}}