{"id":3701,"date":"2023-12-19T14:21:28","date_gmt":"2023-12-19T18:21:28","guid":{"rendered":"https:\/\/www.manaus.am.gov.br\/semtepi\/sem-categoria\/prefeito-inaugura-central-do-empreendedor-no-shopping-phelippe-daou\/"},"modified":"2023-12-19T14:21:30","modified_gmt":"2023-12-19T18:21:30","slug":"prefeito-inaugura-central-do-empreendedor-no-shopping-phelippe-daou","status":"publish","type":"post","link":"https:\/\/www.manaus.am.gov.br\/semtepi\/empreendedorismo\/prefeito-inaugura-central-do-empreendedor-no-shopping-phelippe-daou\/","title":{"rendered":"Prefeito inaugura Central do Empreendedor no shopping Phelippe Daou"},"content":{"rendered":"\n<p>O prefeito de Manaus, David Almeida, inaugurou, nesta ter\u00e7a-feira, 19\/12, a Central do Empreendedor, localizada nas depend\u00eancias do shopping Phelippe Daou, no bairro Cidade de Deus, zona Norte da capital, com capacidade de 800 atendimentos por dia. Coordenado pela Secretaria Municipal do Trabalho, Empreendedorismo e Inova\u00e7\u00e3o (Semtepi), o local funciona de segunda a sexta-feira, de 8h \u00e0s 17h.<\/p>\n\n\n\n<p>O espa\u00e7o tamb\u00e9m se destaca pela amplia\u00e7\u00e3o da estrutura do Sine Manaus, que conta com espa\u00e7os para capacita\u00e7\u00e3o profissional, treinamentos, atendimento psicol\u00f3gico, assist\u00eancia social e suporte a pequenas empresas, com coworking.<\/p>\n\n\n\n<p>O chefe do Executivo municipal destacou que o Sine Manaus j\u00e1 \u00e9 o n\u00famero um em atendimentos no pa\u00eds e com a Central do Empreendedor a prefeitura amplia esses servi\u00e7os, com um espa\u00e7o moderno e humanizado para qualifica\u00e7\u00e3o profissional de quem busca uma oportunidade no mercado de trabalho.<\/p>\n\n\n\n<p>\u201cA Prefeitura de Manaus trabalha para dar condi\u00e7\u00f5es em todos os setores, estamos focados em resultados. Os empreendedores, eu acredito que nesta gest\u00e3o, est\u00e3o sendo contemplados com aquilo que h\u00e1 de melhor. \u00c9 a mudan\u00e7a do eixo dos investimentos da cidade de Manaus. Hoje, conseguimos descentralizar as a\u00e7\u00f5es da prefeitura e isso se faz em fun\u00e7\u00e3o da grande demanda. As zonas Norte e Leste, juntas, t\u00eam mais de 50% de demandas de toda a cidade e, assim, queremos aproximar os servi\u00e7os dessa popula\u00e7\u00e3o\u201d, destacou o prefeito.<\/p>\n\n\n\n<p>Para o titular da Semtepi, Radyr J\u00fanior, a central ser\u00e1 fundamental para a categoria, por estar dentro do shopping Phelippe Daou que se caracteriza pela alta densidade populacional e empreendedora.<\/p>\n\n\n\n<p>\u201cAqui, n\u00f3s estamos oferecendo um espa\u00e7o de qualidade ao empreendedor, com coworking p\u00fablico com 30 lugares, tr\u00eas salas de reuni\u00e3o, espa\u00e7os para o empreendedor, audit\u00f3rio, al\u00e9m dos v\u00e1rios servi\u00e7os para fortalecer esse ambiente empreendedor nas zonas Norte e Leste de Manaus. Esse \u00e9 mais um compromisso consolidado pela gest\u00e3o do prefeito David Almeida, de entregar a primeira casa do trabalhador do pa\u00eds\u201d, disse Radyr, ressaltando que a capital amazonense est\u00e1 exportando conhecimentos e atua\u00e7\u00e3o p\u00fablica com a inaugura\u00e7\u00e3o do espa\u00e7o.<\/p>\n\n\n\n<p>A Central do Trabalhador \u00e9 mais um dos investimentos realizados pela Prefeitura de Manaus no shopping Phelippe Daou. No local, o prefeito David Almeida entregou ainda, nesta ter\u00e7a-feira, o espa\u00e7o para os mototaxistas das zonas Norte e Leste da cidade, o Sindicato dos Profissionais Mototaxistas do Amazonas (Sindmoto).<\/p>\n\n\n\n<p>&#8212; &#8212; &#8212;<\/p>\n\n\n\n<p><strong>Texto \u2013 <\/strong>La\u00eds Fernandes e Geraldo Farias \/ Semcom<\/p>\n\n\n\n<p><strong>Fotos \u2013 <\/strong>Dhyeizo Lemos \/ Semcom e Antonio Pereira \/ Casa Civil<\/p>\n\n\n\n<p><strong>Dispon\u00edveis em <\/strong>&#8211; <a href=\"https:\/\/flic.kr\/s\/aHBqjB7zkr\">https:\/\/flic.kr\/s\/aHBqjB7zkr<\/a><\/p>\n","protected":false},"excerpt":{"rendered":"","protected":false},"author":39,"featured_media":3702,"comment_status":"closed","ping_status":"closed","sticky":false,"template":"","format":"standard","meta":{"footnotes":""},"categories":[47],"tags":[32,8],"acf":[],"yoast_head":"<!-- This site is optimized with the Yoast SEO plugin v23.0 - https:\/\/yoast.com\/wordpress\/plugins\/seo\/ -->\n<title>Prefeito inaugura Central do Empreendedor<\/title>\n<meta name=\"description\" content=\"Prefeito inaugura Central do Empreendedor no shopping Phelippe Daou, no bairro Cidade de Deus, zona Norte de Manaus.\" \/>\n<meta name=\"robots\" content=\"noindex, follow\" \/>\n<meta property=\"og:locale\" content=\"pt_BR\" \/>\n<meta property=\"og:type\" content=\"article\" \/>\n<meta property=\"og:title\" content=\"Prefeito inaugura Central do Empreendedor\" \/>\n<meta property=\"og:description\" content=\"Prefeito inaugura Central do Empreendedor no shopping Phelippe Daou, no bairro Cidade de Deus, zona Norte de Manaus.\" \/>\n<meta property=\"og:url\" content=\"https:\/\/www.manaus.am.gov.br\/semtepi\/empreendedorismo\/prefeito-inaugura-central-do-empreendedor-no-shopping-phelippe-daou\/\" \/>\n<meta property=\"og:site_name\" content=\"SEMTEPI\" \/>\n<meta property=\"article:published_time\" content=\"2023-12-19T18:21:28+00:00\" \/>\n<meta property=\"article:modified_time\" content=\"2023-12-19T18:21:30+00:00\" \/>\n<meta property=\"og:image\" content=\"https:\/\/www.manaus.am.gov.br\/semtepi\/wp-content\/uploads\/sites\/20\/2023\/12\/53407211222_681cac3200_k.jpg\" \/>\n\t<meta property=\"og:image:width\" content=\"2047\" \/>\n\t<meta property=\"og:image:height\" content=\"1365\" \/>\n\t<meta property=\"og:image:type\" content=\"image\/jpeg\" \/>\n<meta name=\"author\" content=\"Bruna Greco\" \/>\n<meta name=\"twitter:card\" content=\"summary_large_image\" \/>\n<meta name=\"twitter:label1\" content=\"Written by\" \/>\n\t<meta name=\"twitter:data1\" content=\"Bruna Greco\" \/>\n\t<meta name=\"twitter:label2\" content=\"Est. reading time\" \/>\n\t<meta name=\"twitter:data2\" content=\"3 minutos\" \/>\n<script type=\"application\/ld+json\" class=\"yoast-schema-graph\">{\"@context\":\"https:\/\/schema.org\",\"@graph\":[{\"@type\":\"Article\",\"@id\":\"https:\/\/www.manaus.am.gov.br\/semtepi\/empreendedorismo\/prefeito-inaugura-central-do-empreendedor-no-shopping-phelippe-daou\/#article\",\"isPartOf\":{\"@id\":\"https:\/\/www.manaus.am.gov.br\/semtepi\/empreendedorismo\/prefeito-inaugura-central-do-empreendedor-no-shopping-phelippe-daou\/\"},\"author\":{\"name\":\"Bruna Greco\",\"@id\":\"https:\/\/www.manaus.am.gov.br\/semtepi\/#\/schema\/person\/05d223aea2bf115f9883a6ff3683d81b\"},\"headline\":\"Prefeito inaugura Central do Empreendedor no shopping Phelippe Daou\",\"datePublished\":\"2023-12-19T18:21:28+00:00\",\"dateModified\":\"2023-12-19T18:21:30+00:00\",\"mainEntityOfPage\":{\"@id\":\"https:\/\/www.manaus.am.gov.br\/semtepi\/empreendedorismo\/prefeito-inaugura-central-do-empreendedor-no-shopping-phelippe-daou\/\"},\"wordCount\":455,\"publisher\":{\"@id\":\"https:\/\/www.manaus.am.gov.br\/semtepi\/#organization\"},\"image\":{\"@id\":\"https:\/\/www.manaus.am.gov.br\/semtepi\/empreendedorismo\/prefeito-inaugura-central-do-empreendedor-no-shopping-phelippe-daou\/#primaryimage\"},\"thumbnailUrl\":\"https:\/\/www.manaus.am.gov.br\/semtepi\/wp-content\/uploads\/sites\/20\/2023\/12\/53407211222_681cac3200_k.jpg\",\"keywords\":[\"David Almeida\",\"prefeitura de manaus\"],\"articleSection\":[\"Empreendedorismo\"],\"inLanguage\":\"pt-BR\"},{\"@type\":\"WebPage\",\"@id\":\"https:\/\/www.manaus.am.gov.br\/semtepi\/empreendedorismo\/prefeito-inaugura-central-do-empreendedor-no-shopping-phelippe-daou\/\",\"url\":\"https:\/\/www.manaus.am.gov.br\/semtepi\/empreendedorismo\/prefeito-inaugura-central-do-empreendedor-no-shopping-phelippe-daou\/\",\"name\":\"Prefeito inaugura Central do Empreendedor\",\"isPartOf\":{\"@id\":\"https:\/\/www.manaus.am.gov.br\/semtepi\/#website\"},\"primaryImageOfPage\":{\"@id\":\"https:\/\/www.manaus.am.gov.br\/semtepi\/empreendedorismo\/prefeito-inaugura-central-do-empreendedor-no-shopping-phelippe-daou\/#primaryimage\"},\"image\":{\"@id\":\"https:\/\/www.manaus.am.gov.br\/semtepi\/empreendedorismo\/prefeito-inaugura-central-do-empreendedor-no-shopping-phelippe-daou\/#primaryimage\"},\"thumbnailUrl\":\"https:\/\/www.manaus.am.gov.br\/semtepi\/wp-content\/uploads\/sites\/20\/2023\/12\/53407211222_681cac3200_k.jpg\",\"datePublished\":\"2023-12-19T18:21:28+00:00\",\"dateModified\":\"2023-12-19T18:21:30+00:00\",\"description\":\"Prefeito inaugura Central do Empreendedor no shopping Phelippe Daou, no bairro Cidade de Deus, zona Norte de Manaus.\",\"breadcrumb\":{\"@id\":\"https:\/\/www.manaus.am.gov.br\/semtepi\/empreendedorismo\/prefeito-inaugura-central-do-empreendedor-no-shopping-phelippe-daou\/#breadcrumb\"},\"inLanguage\":\"pt-BR\",\"potentialAction\":[{\"@type\":\"ReadAction\",\"target\":[\"https:\/\/www.manaus.am.gov.br\/semtepi\/empreendedorismo\/prefeito-inaugura-central-do-empreendedor-no-shopping-phelippe-daou\/\"]}]},{\"@type\":\"ImageObject\",\"inLanguage\":\"pt-BR\",\"@id\":\"https:\/\/www.manaus.am.gov.br\/semtepi\/empreendedorismo\/prefeito-inaugura-central-do-empreendedor-no-shopping-phelippe-daou\/#primaryimage\",\"url\":\"https:\/\/www.manaus.am.gov.br\/semtepi\/wp-content\/uploads\/sites\/20\/2023\/12\/53407211222_681cac3200_k.jpg\",\"contentUrl\":\"https:\/\/www.manaus.am.gov.br\/semtepi\/wp-content\/uploads\/sites\/20\/2023\/12\/53407211222_681cac3200_k.jpg\",\"width\":2047,\"height\":1365,\"caption\":\"#paratodosverem - Prefeito de Manaus, David Almeida, acompanhado de secret\u00e1rios municipais, discursando durante inaugura\u00e7\u00e3o da Central do Empreendedor\"},{\"@type\":\"BreadcrumbList\",\"@id\":\"https:\/\/www.manaus.am.gov.br\/semtepi\/empreendedorismo\/prefeito-inaugura-central-do-empreendedor-no-shopping-phelippe-daou\/#breadcrumb\",\"itemListElement\":[{\"@type\":\"ListItem\",\"position\":1,\"name\":\"Home\",\"item\":\"https:\/\/www.manaus.am.gov.br\/semtepi\/\"},{\"@type\":\"ListItem\",\"position\":2,\"name\":\"Prefeito inaugura Central do Empreendedor no shopping Phelippe Daou\"}]},{\"@type\":\"WebSite\",\"@id\":\"https:\/\/www.manaus.am.gov.br\/semtepi\/#website\",\"url\":\"https:\/\/www.manaus.am.gov.br\/semtepi\/\",\"name\":\"SEMTEPI\",\"description\":\"Prefeitura de Manaus\",\"publisher\":{\"@id\":\"https:\/\/www.manaus.am.gov.br\/semtepi\/#organization\"},\"alternateName\":\"Secretaria Municipal do Trabalho, Empreendedorismo e Inova\u00e7\u00e3o\",\"potentialAction\":[{\"@type\":\"SearchAction\",\"target\":{\"@type\":\"EntryPoint\",\"urlTemplate\":\"https:\/\/www.manaus.am.gov.br\/semtepi\/?s={search_term_string}\"},\"query-input\":\"required name=search_term_string\"}],\"inLanguage\":\"pt-BR\"},{\"@type\":\"Organization\",\"@id\":\"https:\/\/www.manaus.am.gov.br\/semtepi\/#organization\",\"name\":\"Prefeitura Municipal de Manaus\",\"alternateName\":\"Prefeitura de Manaus\",\"url\":\"https:\/\/www.manaus.am.gov.br\/semtepi\/\",\"logo\":{\"@type\":\"ImageObject\",\"inLanguage\":\"pt-BR\",\"@id\":\"https:\/\/www.manaus.am.gov.br\/semtepi\/#\/schema\/logo\/image\/\",\"url\":\"https:\/\/www.manaus.am.gov.br\/semtepi\/wp-content\/uploads\/sites\/20\/2024\/07\/favicon.png\",\"contentUrl\":\"https:\/\/www.manaus.am.gov.br\/semtepi\/wp-content\/uploads\/sites\/20\/2024\/07\/favicon.png\",\"width\":300,\"height\":300,\"caption\":\"Prefeitura Municipal de Manaus\"},\"image\":{\"@id\":\"https:\/\/www.manaus.am.gov.br\/semtepi\/#\/schema\/logo\/image\/\"}},{\"@type\":\"Person\",\"@id\":\"https:\/\/www.manaus.am.gov.br\/semtepi\/#\/schema\/person\/05d223aea2bf115f9883a6ff3683d81b\",\"name\":\"Bruna Greco\",\"image\":{\"@type\":\"ImageObject\",\"inLanguage\":\"pt-BR\",\"@id\":\"https:\/\/www.manaus.am.gov.br\/semtepi\/#\/schema\/person\/image\/\",\"url\":\"https:\/\/secure.gravatar.com\/avatar\/9c877d1a6adc2a055330e5c09a8653ce?s=96&d=mm&r=g\",\"contentUrl\":\"https:\/\/secure.gravatar.com\/avatar\/9c877d1a6adc2a055330e5c09a8653ce?s=96&d=mm&r=g\",\"caption\":\"Bruna Greco\"}}]}<\/script>\n<!-- \/ Yoast SEO plugin. -->","yoast_head_json":{"title":"Prefeito inaugura Central do Empreendedor","description":"Prefeito inaugura Central do Empreendedor no shopping Phelippe Daou, no bairro Cidade de Deus, zona Norte de Manaus.","robots":{"index":"noindex","follow":"follow"},"og_locale":"pt_BR","og_type":"article","og_title":"Prefeito inaugura Central do Empreendedor","og_description":"Prefeito inaugura Central do Empreendedor no shopping Phelippe Daou, no bairro Cidade de Deus, zona Norte de Manaus.","og_url":"https:\/\/www.manaus.am.gov.br\/semtepi\/empreendedorismo\/prefeito-inaugura-central-do-empreendedor-no-shopping-phelippe-daou\/","og_site_name":"SEMTEPI","article_published_time":"2023-12-19T18:21:28+00:00","article_modified_time":"2023-12-19T18:21:30+00:00","og_image":[{"width":2047,"height":1365,"url":"https:\/\/www.manaus.am.gov.br\/semtepi\/wp-content\/uploads\/sites\/20\/2023\/12\/53407211222_681cac3200_k.jpg","type":"image\/jpeg"}],"author":"Bruna Greco","twitter_card":"summary_large_image","twitter_misc":{"Written by":"Bruna Greco","Est. reading time":"3 minutos"},"schema":{"@context":"https:\/\/schema.org","@graph":[{"@type":"Article","@id":"https:\/\/www.manaus.am.gov.br\/semtepi\/empreendedorismo\/prefeito-inaugura-central-do-empreendedor-no-shopping-phelippe-daou\/#article","isPartOf":{"@id":"https:\/\/www.manaus.am.gov.br\/semtepi\/empreendedorismo\/prefeito-inaugura-central-do-empreendedor-no-shopping-phelippe-daou\/"},"author":{"name":"Bruna Greco","@id":"https:\/\/www.manaus.am.gov.br\/semtepi\/#\/schema\/person\/05d223aea2bf115f9883a6ff3683d81b"},"headline":"Prefeito inaugura Central do Empreendedor no shopping Phelippe Daou","datePublished":"2023-12-19T18:21:28+00:00","dateModified":"2023-12-19T18:21:30+00:00","mainEntityOfPage":{"@id":"https:\/\/www.manaus.am.gov.br\/semtepi\/empreendedorismo\/prefeito-inaugura-central-do-empreendedor-no-shopping-phelippe-daou\/"},"wordCount":455,"publisher":{"@id":"https:\/\/www.manaus.am.gov.br\/semtepi\/#organization"},"image":{"@id":"https:\/\/www.manaus.am.gov.br\/semtepi\/empreendedorismo\/prefeito-inaugura-central-do-empreendedor-no-shopping-phelippe-daou\/#primaryimage"},"thumbnailUrl":"https:\/\/www.manaus.am.gov.br\/semtepi\/wp-content\/uploads\/sites\/20\/2023\/12\/53407211222_681cac3200_k.jpg","keywords":["David Almeida","prefeitura de manaus"],"articleSection":["Empreendedorismo"],"inLanguage":"pt-BR"},{"@type":"WebPage","@id":"https:\/\/www.manaus.am.gov.br\/semtepi\/empreendedorismo\/prefeito-inaugura-central-do-empreendedor-no-shopping-phelippe-daou\/","url":"https:\/\/www.manaus.am.gov.br\/semtepi\/empreendedorismo\/prefeito-inaugura-central-do-empreendedor-no-shopping-phelippe-daou\/","name":"Prefeito inaugura Central do Empreendedor","isPartOf":{"@id":"https:\/\/www.manaus.am.gov.br\/semtepi\/#website"},"primaryImageOfPage":{"@id":"https:\/\/www.manaus.am.gov.br\/semtepi\/empreendedorismo\/prefeito-inaugura-central-do-empreendedor-no-shopping-phelippe-daou\/#primaryimage"},"image":{"@id":"https:\/\/www.manaus.am.gov.br\/semtepi\/empreendedorismo\/prefeito-inaugura-central-do-empreendedor-no-shopping-phelippe-daou\/#primaryimage"},"thumbnailUrl":"https:\/\/www.manaus.am.gov.br\/semtepi\/wp-content\/uploads\/sites\/20\/2023\/12\/53407211222_681cac3200_k.jpg","datePublished":"2023-12-19T18:21:28+00:00","dateModified":"2023-12-19T18:21:30+00:00","description":"Prefeito inaugura Central do Empreendedor no shopping Phelippe Daou, no bairro Cidade de Deus, zona Norte de Manaus.","breadcrumb":{"@id":"https:\/\/www.manaus.am.gov.br\/semtepi\/empreendedorismo\/prefeito-inaugura-central-do-empreendedor-no-shopping-phelippe-daou\/#breadcrumb"},"inLanguage":"pt-BR","potentialAction":[{"@type":"ReadAction","target":["https:\/\/www.manaus.am.gov.br\/semtepi\/empreendedorismo\/prefeito-inaugura-central-do-empreendedor-no-shopping-phelippe-daou\/"]}]},{"@type":"ImageObject","inLanguage":"pt-BR","@id":"https:\/\/www.manaus.am.gov.br\/semtepi\/empreendedorismo\/prefeito-inaugura-central-do-empreendedor-no-shopping-phelippe-daou\/#primaryimage","url":"https:\/\/www.manaus.am.gov.br\/semtepi\/wp-content\/uploads\/sites\/20\/2023\/12\/53407211222_681cac3200_k.jpg","contentUrl":"https:\/\/www.manaus.am.gov.br\/semtepi\/wp-content\/uploads\/sites\/20\/2023\/12\/53407211222_681cac3200_k.jpg","width":2047,"height":1365,"caption":"#paratodosverem - Prefeito de Manaus, David Almeida, acompanhado de secret\u00e1rios municipais, discursando durante inaugura\u00e7\u00e3o da Central do Empreendedor"},{"@type":"BreadcrumbList","@id":"https:\/\/www.manaus.am.gov.br\/semtepi\/empreendedorismo\/prefeito-inaugura-central-do-empreendedor-no-shopping-phelippe-daou\/#breadcrumb","itemListElement":[{"@type":"ListItem","position":1,"name":"Home","item":"https:\/\/www.manaus.am.gov.br\/semtepi\/"},{"@type":"ListItem","position":2,"name":"Prefeito inaugura Central do Empreendedor no shopping Phelippe Daou"}]},{"@type":"WebSite","@id":"https:\/\/www.manaus.am.gov.br\/semtepi\/#website","url":"https:\/\/www.manaus.am.gov.br\/semtepi\/","name":"SEMTEPI","description":"Prefeitura de Manaus","publisher":{"@id":"https:\/\/www.manaus.am.gov.br\/semtepi\/#organization"},"alternateName":"Secretaria Municipal do Trabalho, Empreendedorismo e Inova\u00e7\u00e3o","potentialAction":[{"@type":"SearchAction","target":{"@type":"EntryPoint","urlTemplate":"https:\/\/www.manaus.am.gov.br\/semtepi\/?s={search_term_string}"},"query-input":"required name=search_term_string"}],"inLanguage":"pt-BR"},{"@type":"Organization","@id":"https:\/\/www.manaus.am.gov.br\/semtepi\/#organization","name":"Prefeitura Municipal de Manaus","alternateName":"Prefeitura de Manaus","url":"https:\/\/www.manaus.am.gov.br\/semtepi\/","logo":{"@type":"ImageObject","inLanguage":"pt-BR","@id":"https:\/\/www.manaus.am.gov.br\/semtepi\/#\/schema\/logo\/image\/","url":"https:\/\/www.manaus.am.gov.br\/semtepi\/wp-content\/uploads\/sites\/20\/2024\/07\/favicon.png","contentUrl":"https:\/\/www.manaus.am.gov.br\/semtepi\/wp-content\/uploads\/sites\/20\/2024\/07\/favicon.png","width":300,"height":300,"caption":"Prefeitura Municipal de Manaus"},"image":{"@id":"https:\/\/www.manaus.am.gov.br\/semtepi\/#\/schema\/logo\/image\/"}},{"@type":"Person","@id":"https:\/\/www.manaus.am.gov.br\/semtepi\/#\/schema\/person\/05d223aea2bf115f9883a6ff3683d81b","name":"Bruna Greco","image":{"@type":"ImageObject","inLanguage":"pt-BR","@id":"https:\/\/www.manaus.am.gov.br\/semtepi\/#\/schema\/person\/image\/","url":"https:\/\/secure.gravatar.com\/avatar\/9c877d1a6adc2a055330e5c09a8653ce?s=96&d=mm&r=g","contentUrl":"https:\/\/secure.gravatar.com\/avatar\/9c877d1a6adc2a055330e5c09a8653ce?s=96&d=mm&r=g","caption":"Bruna Greco"}}]}},"_links":{"self":[{"href":"https:\/\/www.manaus.am.gov.br\/semtepi\/wp-json\/wp\/v2\/posts\/3701"}],"collection":[{"href":"https:\/\/www.manaus.am.gov.br\/semtepi\/wp-json\/wp\/v2\/posts"}],"about":[{"href":"https:\/\/www.manaus.am.gov.br\/semtepi\/wp-json\/wp\/v2\/types\/post"}],"author":[{"embeddable":true,"href":"https:\/\/www.manaus.am.gov.br\/semtepi\/wp-json\/wp\/v2\/users\/39"}],"replies":[{"embeddable":true,"href":"https:\/\/www.manaus.am.gov.br\/semtepi\/wp-json\/wp\/v2\/comments?post=3701"}],"version-history":[{"count":0,"href":"https:\/\/www.manaus.am.gov.br\/semtepi\/wp-json\/wp\/v2\/posts\/3701\/revisions"}],"wp:featuredmedia":[{"embeddable":true,"href":"https:\/\/www.manaus.am.gov.br\/semtepi\/wp-json\/wp\/v2\/media\/3702"}],"wp:attachment":[{"href":"https:\/\/www.manaus.am.gov.br\/semtepi\/wp-json\/wp\/v2\/media?parent=3701"}],"wp:term":[{"taxonomy":"category","embeddable":true,"href":"https:\/\/www.manaus.am.gov.br\/semtepi\/wp-json\/wp\/v2\/categories?post=3701"},{"taxonomy":"post_tag","embeddable":true,"href":"https:\/\/www.manaus.am.gov.br\/semtepi\/wp-json\/wp\/v2\/tags?post=3701"}],"curies":[{"name":"wp","href":"https:\/\/api.w.org\/{rel}","templated":true}]}}