{"id":3670,"date":"2023-12-18T16:27:22","date_gmt":"2023-12-18T20:27:22","guid":{"rendered":"https:\/\/www.manaus.am.gov.br\/semtepi\/sem-categoria\/prefeitura-de-manaus-divulga-lista-de-selecionados-em-curso-de-tbo\/"},"modified":"2023-12-18T16:32:07","modified_gmt":"2023-12-18T20:32:07","slug":"prefeitura-de-manaus-divulga-lista-de-selecionados-em-curso-de-tbo","status":"publish","type":"post","link":"https:\/\/www.manaus.am.gov.br\/semtepi\/selecao\/prefeitura-de-manaus-divulga-lista-de-selecionados-em-curso-de-tbo\/","title":{"rendered":"Prefeitura de Manaus divulga lista de selecionados em curso de TBO"},"content":{"rendered":"\n<p>A Prefeitura de Manaus, por meio da Secretaria Municipal do Trabalho, Empreendedorismo e Inova\u00e7\u00e3o (Semtepi), divulga, nesta segunda-feira, 18\/12, a lista completa de selecionados para participar do curso gratuito de Treinamento B\u00e1sico Operacional (TBO), que ser\u00e1 executado pelo instituto UniSaber Mais.<\/p>\n\n\n\n<p>A atividade visa capacitar a comunidade, proporcionando uma forma\u00e7\u00e3o direcionada \u00e0s demandas do Distrito Industrial de Manaus. O objetivo \u00e9 permitir que os participantes estejam aptos a concorrer a oportunidades de emprego na regi\u00e3o e fortalecer a economia local.<\/p>\n\n\n\n<p>\u201cCom mais de tr\u00eas mil qualificados, a secretaria tem a miss\u00e3o de contribuir para a qualifica\u00e7\u00e3o da popula\u00e7\u00e3o manauara e atingir p\u00fablicos de maior car\u00eancia dos servi\u00e7os p\u00fablicos. Pedimos aos selecionados que evitem a evas\u00e3o e fa\u00e7am valer a pena todo esfor\u00e7o dedicado e consultem nossos postos do Sine para se candidatar a uma vaga de emprego\u201d, destaca o titular da Semtepi, Radyr J\u00fanior.<\/p>\n\n\n\n<p>As aulas acontecem nos dias 19 e 21\/12, na Sala de Qualifica\u00e7\u00e3o Profissional do Shopping Phelippe Daou, na avenida Camapu\u00e3, n\u00ba 2939, no bairro Cidade de Deus, zona Norte.\u00a0A capacita\u00e7\u00e3o ser\u00e1 dividida em duas turmas, das 9h30 \u00e0s 11h e das 13h \u00e0s 16h. Os participantes selecionados ser\u00e3o contatados por meio do telefone informado na ficha de inscri\u00e7\u00e3o.<\/p>\n\n\n\n<p><strong><a href=\"https:\/\/www.manaus.am.gov.br\/semtepi\/wp-content\/uploads\/sites\/20\/2023\/12\/Lista-de-Selecionados-TBO.pdf\">Confira a lista de selecionados &#8211; Curso de TBO<\/a><\/strong><\/p>\n\n\n\n<p>&#8212; &#8212; &#8212;<\/p>\n\n\n\n<p><strong>Texto \u2013&nbsp;<\/strong>Fabiane Monteiro \/ Semtepi<\/p>\n\n\n\n<p><strong>Foto \u2013&nbsp;<\/strong>Jo\u00e3o Viana \/ Arquivo Semcom<\/p>\n","protected":false},"excerpt":{"rendered":"","protected":false},"author":39,"featured_media":3671,"comment_status":"closed","ping_status":"closed","sticky":false,"template":"","format":"standard","meta":{"footnotes":""},"categories":[326],"tags":[53,860,877,878,77,8,9],"acf":[],"yoast_head":"<!-- This site is optimized with the Yoast SEO plugin v23.0 - https:\/\/yoast.com\/wordpress\/plugins\/seo\/ -->\n<title>Prefeitura divulga a lista de selecionados do curso gratuito de TBO<\/title>\n<meta name=\"description\" content=\"Prefeitura divulga a lista completa de selecionados para participar do curso gratuito de TBO, do instituto UniSaber Mais.\" \/>\n<meta name=\"robots\" content=\"noindex, follow\" \/>\n<meta property=\"og:locale\" content=\"pt_BR\" \/>\n<meta property=\"og:type\" content=\"article\" \/>\n<meta property=\"og:title\" content=\"Prefeitura divulga a lista de selecionados do curso gratuito de TBO\" \/>\n<meta property=\"og:description\" content=\"Prefeitura divulga a lista completa de selecionados para participar do curso gratuito de TBO, do instituto UniSaber Mais.\" \/>\n<meta property=\"og:url\" content=\"https:\/\/www.manaus.am.gov.br\/semtepi\/selecao\/prefeitura-de-manaus-divulga-lista-de-selecionados-em-curso-de-tbo\/\" \/>\n<meta property=\"og:site_name\" content=\"SEMTEPI\" \/>\n<meta property=\"article:published_time\" content=\"2023-12-18T20:27:22+00:00\" \/>\n<meta property=\"article:modified_time\" content=\"2023-12-18T20:32:07+00:00\" \/>\n<meta property=\"og:image\" content=\"https:\/\/www.manaus.am.gov.br\/semtepi\/wp-content\/uploads\/sites\/20\/2023\/12\/Curso-de-qualificacao-TBO-3.jpg\" \/>\n\t<meta property=\"og:image:width\" content=\"2047\" \/>\n\t<meta property=\"og:image:height\" content=\"1365\" \/>\n\t<meta property=\"og:image:type\" content=\"image\/jpeg\" \/>\n<meta name=\"author\" content=\"Bruna Greco\" \/>\n<meta name=\"twitter:card\" content=\"summary_large_image\" \/>\n<meta name=\"twitter:label1\" content=\"Written by\" \/>\n\t<meta name=\"twitter:data1\" content=\"Bruna Greco\" \/>\n\t<meta name=\"twitter:label2\" content=\"Est. reading time\" \/>\n\t<meta name=\"twitter:data2\" content=\"2 minutos\" \/>\n<script type=\"application\/ld+json\" class=\"yoast-schema-graph\">{\"@context\":\"https:\/\/schema.org\",\"@graph\":[{\"@type\":\"Article\",\"@id\":\"https:\/\/www.manaus.am.gov.br\/semtepi\/selecao\/prefeitura-de-manaus-divulga-lista-de-selecionados-em-curso-de-tbo\/#article\",\"isPartOf\":{\"@id\":\"https:\/\/www.manaus.am.gov.br\/semtepi\/selecao\/prefeitura-de-manaus-divulga-lista-de-selecionados-em-curso-de-tbo\/\"},\"author\":{\"name\":\"Bruna Greco\",\"@id\":\"https:\/\/www.manaus.am.gov.br\/semtepi\/#\/schema\/person\/05d223aea2bf115f9883a6ff3683d81b\"},\"headline\":\"Prefeitura de Manaus divulga lista de selecionados em curso de TBO\",\"datePublished\":\"2023-12-18T20:27:22+00:00\",\"dateModified\":\"2023-12-18T20:32:07+00:00\",\"mainEntityOfPage\":{\"@id\":\"https:\/\/www.manaus.am.gov.br\/semtepi\/selecao\/prefeitura-de-manaus-divulga-lista-de-selecionados-em-curso-de-tbo\/\"},\"wordCount\":253,\"publisher\":{\"@id\":\"https:\/\/www.manaus.am.gov.br\/semtepi\/#organization\"},\"image\":{\"@id\":\"https:\/\/www.manaus.am.gov.br\/semtepi\/selecao\/prefeitura-de-manaus-divulga-lista-de-selecionados-em-curso-de-tbo\/#primaryimage\"},\"thumbnailUrl\":\"https:\/\/www.manaus.am.gov.br\/semtepi\/wp-content\/uploads\/sites\/20\/2023\/12\/Curso-de-qualificacao-TBO-3.jpg\",\"keywords\":[\"capacita\u00e7\u00e3o\",\"curso de TBO\",\"dias 19 e 21\/12\",\"executado pelo instituto UniSaber Mais\",\"lista de selecionados\",\"prefeitura de manaus\",\"Semtepi\"],\"articleSection\":[\"Sele\u00e7\u00e3o\"],\"inLanguage\":\"pt-BR\"},{\"@type\":\"WebPage\",\"@id\":\"https:\/\/www.manaus.am.gov.br\/semtepi\/selecao\/prefeitura-de-manaus-divulga-lista-de-selecionados-em-curso-de-tbo\/\",\"url\":\"https:\/\/www.manaus.am.gov.br\/semtepi\/selecao\/prefeitura-de-manaus-divulga-lista-de-selecionados-em-curso-de-tbo\/\",\"name\":\"Prefeitura divulga a lista de selecionados do curso gratuito de TBO\",\"isPartOf\":{\"@id\":\"https:\/\/www.manaus.am.gov.br\/semtepi\/#website\"},\"primaryImageOfPage\":{\"@id\":\"https:\/\/www.manaus.am.gov.br\/semtepi\/selecao\/prefeitura-de-manaus-divulga-lista-de-selecionados-em-curso-de-tbo\/#primaryimage\"},\"image\":{\"@id\":\"https:\/\/www.manaus.am.gov.br\/semtepi\/selecao\/prefeitura-de-manaus-divulga-lista-de-selecionados-em-curso-de-tbo\/#primaryimage\"},\"thumbnailUrl\":\"https:\/\/www.manaus.am.gov.br\/semtepi\/wp-content\/uploads\/sites\/20\/2023\/12\/Curso-de-qualificacao-TBO-3.jpg\",\"datePublished\":\"2023-12-18T20:27:22+00:00\",\"dateModified\":\"2023-12-18T20:32:07+00:00\",\"description\":\"Prefeitura divulga a lista completa de selecionados para participar do curso gratuito de TBO, do instituto UniSaber Mais.\",\"breadcrumb\":{\"@id\":\"https:\/\/www.manaus.am.gov.br\/semtepi\/selecao\/prefeitura-de-manaus-divulga-lista-de-selecionados-em-curso-de-tbo\/#breadcrumb\"},\"inLanguage\":\"pt-BR\",\"potentialAction\":[{\"@type\":\"ReadAction\",\"target\":[\"https:\/\/www.manaus.am.gov.br\/semtepi\/selecao\/prefeitura-de-manaus-divulga-lista-de-selecionados-em-curso-de-tbo\/\"]}]},{\"@type\":\"ImageObject\",\"inLanguage\":\"pt-BR\",\"@id\":\"https:\/\/www.manaus.am.gov.br\/semtepi\/selecao\/prefeitura-de-manaus-divulga-lista-de-selecionados-em-curso-de-tbo\/#primaryimage\",\"url\":\"https:\/\/www.manaus.am.gov.br\/semtepi\/wp-content\/uploads\/sites\/20\/2023\/12\/Curso-de-qualificacao-TBO-3.jpg\",\"contentUrl\":\"https:\/\/www.manaus.am.gov.br\/semtepi\/wp-content\/uploads\/sites\/20\/2023\/12\/Curso-de-qualificacao-TBO-3.jpg\",\"width\":2047,\"height\":1365,\"caption\":\"#paratodosverem - Jovens sentados com papel na carteira e caneta na m\u00e3o participando de curso\"},{\"@type\":\"BreadcrumbList\",\"@id\":\"https:\/\/www.manaus.am.gov.br\/semtepi\/selecao\/prefeitura-de-manaus-divulga-lista-de-selecionados-em-curso-de-tbo\/#breadcrumb\",\"itemListElement\":[{\"@type\":\"ListItem\",\"position\":1,\"name\":\"Home\",\"item\":\"https:\/\/www.manaus.am.gov.br\/semtepi\/\"},{\"@type\":\"ListItem\",\"position\":2,\"name\":\"Prefeitura de Manaus divulga lista de selecionados em curso de TBO\"}]},{\"@type\":\"WebSite\",\"@id\":\"https:\/\/www.manaus.am.gov.br\/semtepi\/#website\",\"url\":\"https:\/\/www.manaus.am.gov.br\/semtepi\/\",\"name\":\"SEMTEPI\",\"description\":\"Prefeitura de Manaus\",\"publisher\":{\"@id\":\"https:\/\/www.manaus.am.gov.br\/semtepi\/#organization\"},\"alternateName\":\"Secretaria Municipal do Trabalho, Empreendedorismo e Inova\u00e7\u00e3o\",\"potentialAction\":[{\"@type\":\"SearchAction\",\"target\":{\"@type\":\"EntryPoint\",\"urlTemplate\":\"https:\/\/www.manaus.am.gov.br\/semtepi\/?s={search_term_string}\"},\"query-input\":\"required name=search_term_string\"}],\"inLanguage\":\"pt-BR\"},{\"@type\":\"Organization\",\"@id\":\"https:\/\/www.manaus.am.gov.br\/semtepi\/#organization\",\"name\":\"Prefeitura Municipal de Manaus\",\"alternateName\":\"Prefeitura de Manaus\",\"url\":\"https:\/\/www.manaus.am.gov.br\/semtepi\/\",\"logo\":{\"@type\":\"ImageObject\",\"inLanguage\":\"pt-BR\",\"@id\":\"https:\/\/www.manaus.am.gov.br\/semtepi\/#\/schema\/logo\/image\/\",\"url\":\"https:\/\/www.manaus.am.gov.br\/semtepi\/wp-content\/uploads\/sites\/20\/2024\/07\/favicon.png\",\"contentUrl\":\"https:\/\/www.manaus.am.gov.br\/semtepi\/wp-content\/uploads\/sites\/20\/2024\/07\/favicon.png\",\"width\":300,\"height\":300,\"caption\":\"Prefeitura Municipal de Manaus\"},\"image\":{\"@id\":\"https:\/\/www.manaus.am.gov.br\/semtepi\/#\/schema\/logo\/image\/\"}},{\"@type\":\"Person\",\"@id\":\"https:\/\/www.manaus.am.gov.br\/semtepi\/#\/schema\/person\/05d223aea2bf115f9883a6ff3683d81b\",\"name\":\"Bruna Greco\",\"image\":{\"@type\":\"ImageObject\",\"inLanguage\":\"pt-BR\",\"@id\":\"https:\/\/www.manaus.am.gov.br\/semtepi\/#\/schema\/person\/image\/\",\"url\":\"https:\/\/secure.gravatar.com\/avatar\/9c877d1a6adc2a055330e5c09a8653ce?s=96&d=mm&r=g\",\"contentUrl\":\"https:\/\/secure.gravatar.com\/avatar\/9c877d1a6adc2a055330e5c09a8653ce?s=96&d=mm&r=g\",\"caption\":\"Bruna Greco\"}}]}<\/script>\n<!-- \/ Yoast SEO plugin. -->","yoast_head_json":{"title":"Prefeitura divulga a lista de selecionados do curso gratuito de TBO","description":"Prefeitura divulga a lista completa de selecionados para participar do curso gratuito de TBO, do instituto UniSaber Mais.","robots":{"index":"noindex","follow":"follow"},"og_locale":"pt_BR","og_type":"article","og_title":"Prefeitura divulga a lista de selecionados do curso gratuito de TBO","og_description":"Prefeitura divulga a lista completa de selecionados para participar do curso gratuito de TBO, do instituto UniSaber Mais.","og_url":"https:\/\/www.manaus.am.gov.br\/semtepi\/selecao\/prefeitura-de-manaus-divulga-lista-de-selecionados-em-curso-de-tbo\/","og_site_name":"SEMTEPI","article_published_time":"2023-12-18T20:27:22+00:00","article_modified_time":"2023-12-18T20:32:07+00:00","og_image":[{"width":2047,"height":1365,"url":"https:\/\/www.manaus.am.gov.br\/semtepi\/wp-content\/uploads\/sites\/20\/2023\/12\/Curso-de-qualificacao-TBO-3.jpg","type":"image\/jpeg"}],"author":"Bruna Greco","twitter_card":"summary_large_image","twitter_misc":{"Written by":"Bruna Greco","Est. reading time":"2 minutos"},"schema":{"@context":"https:\/\/schema.org","@graph":[{"@type":"Article","@id":"https:\/\/www.manaus.am.gov.br\/semtepi\/selecao\/prefeitura-de-manaus-divulga-lista-de-selecionados-em-curso-de-tbo\/#article","isPartOf":{"@id":"https:\/\/www.manaus.am.gov.br\/semtepi\/selecao\/prefeitura-de-manaus-divulga-lista-de-selecionados-em-curso-de-tbo\/"},"author":{"name":"Bruna Greco","@id":"https:\/\/www.manaus.am.gov.br\/semtepi\/#\/schema\/person\/05d223aea2bf115f9883a6ff3683d81b"},"headline":"Prefeitura de Manaus divulga lista de selecionados em curso de TBO","datePublished":"2023-12-18T20:27:22+00:00","dateModified":"2023-12-18T20:32:07+00:00","mainEntityOfPage":{"@id":"https:\/\/www.manaus.am.gov.br\/semtepi\/selecao\/prefeitura-de-manaus-divulga-lista-de-selecionados-em-curso-de-tbo\/"},"wordCount":253,"publisher":{"@id":"https:\/\/www.manaus.am.gov.br\/semtepi\/#organization"},"image":{"@id":"https:\/\/www.manaus.am.gov.br\/semtepi\/selecao\/prefeitura-de-manaus-divulga-lista-de-selecionados-em-curso-de-tbo\/#primaryimage"},"thumbnailUrl":"https:\/\/www.manaus.am.gov.br\/semtepi\/wp-content\/uploads\/sites\/20\/2023\/12\/Curso-de-qualificacao-TBO-3.jpg","keywords":["capacita\u00e7\u00e3o","curso de TBO","dias 19 e 21\/12","executado pelo instituto UniSaber Mais","lista de selecionados","prefeitura de manaus","Semtepi"],"articleSection":["Sele\u00e7\u00e3o"],"inLanguage":"pt-BR"},{"@type":"WebPage","@id":"https:\/\/www.manaus.am.gov.br\/semtepi\/selecao\/prefeitura-de-manaus-divulga-lista-de-selecionados-em-curso-de-tbo\/","url":"https:\/\/www.manaus.am.gov.br\/semtepi\/selecao\/prefeitura-de-manaus-divulga-lista-de-selecionados-em-curso-de-tbo\/","name":"Prefeitura divulga a lista de selecionados do curso gratuito de TBO","isPartOf":{"@id":"https:\/\/www.manaus.am.gov.br\/semtepi\/#website"},"primaryImageOfPage":{"@id":"https:\/\/www.manaus.am.gov.br\/semtepi\/selecao\/prefeitura-de-manaus-divulga-lista-de-selecionados-em-curso-de-tbo\/#primaryimage"},"image":{"@id":"https:\/\/www.manaus.am.gov.br\/semtepi\/selecao\/prefeitura-de-manaus-divulga-lista-de-selecionados-em-curso-de-tbo\/#primaryimage"},"thumbnailUrl":"https:\/\/www.manaus.am.gov.br\/semtepi\/wp-content\/uploads\/sites\/20\/2023\/12\/Curso-de-qualificacao-TBO-3.jpg","datePublished":"2023-12-18T20:27:22+00:00","dateModified":"2023-12-18T20:32:07+00:00","description":"Prefeitura divulga a lista completa de selecionados para participar do curso gratuito de TBO, do instituto UniSaber Mais.","breadcrumb":{"@id":"https:\/\/www.manaus.am.gov.br\/semtepi\/selecao\/prefeitura-de-manaus-divulga-lista-de-selecionados-em-curso-de-tbo\/#breadcrumb"},"inLanguage":"pt-BR","potentialAction":[{"@type":"ReadAction","target":["https:\/\/www.manaus.am.gov.br\/semtepi\/selecao\/prefeitura-de-manaus-divulga-lista-de-selecionados-em-curso-de-tbo\/"]}]},{"@type":"ImageObject","inLanguage":"pt-BR","@id":"https:\/\/www.manaus.am.gov.br\/semtepi\/selecao\/prefeitura-de-manaus-divulga-lista-de-selecionados-em-curso-de-tbo\/#primaryimage","url":"https:\/\/www.manaus.am.gov.br\/semtepi\/wp-content\/uploads\/sites\/20\/2023\/12\/Curso-de-qualificacao-TBO-3.jpg","contentUrl":"https:\/\/www.manaus.am.gov.br\/semtepi\/wp-content\/uploads\/sites\/20\/2023\/12\/Curso-de-qualificacao-TBO-3.jpg","width":2047,"height":1365,"caption":"#paratodosverem - Jovens sentados com papel na carteira e caneta na m\u00e3o participando de curso"},{"@type":"BreadcrumbList","@id":"https:\/\/www.manaus.am.gov.br\/semtepi\/selecao\/prefeitura-de-manaus-divulga-lista-de-selecionados-em-curso-de-tbo\/#breadcrumb","itemListElement":[{"@type":"ListItem","position":1,"name":"Home","item":"https:\/\/www.manaus.am.gov.br\/semtepi\/"},{"@type":"ListItem","position":2,"name":"Prefeitura de Manaus divulga lista de selecionados em curso de TBO"}]},{"@type":"WebSite","@id":"https:\/\/www.manaus.am.gov.br\/semtepi\/#website","url":"https:\/\/www.manaus.am.gov.br\/semtepi\/","name":"SEMTEPI","description":"Prefeitura de Manaus","publisher":{"@id":"https:\/\/www.manaus.am.gov.br\/semtepi\/#organization"},"alternateName":"Secretaria Municipal do Trabalho, Empreendedorismo e Inova\u00e7\u00e3o","potentialAction":[{"@type":"SearchAction","target":{"@type":"EntryPoint","urlTemplate":"https:\/\/www.manaus.am.gov.br\/semtepi\/?s={search_term_string}"},"query-input":"required name=search_term_string"}],"inLanguage":"pt-BR"},{"@type":"Organization","@id":"https:\/\/www.manaus.am.gov.br\/semtepi\/#organization","name":"Prefeitura Municipal de Manaus","alternateName":"Prefeitura de Manaus","url":"https:\/\/www.manaus.am.gov.br\/semtepi\/","logo":{"@type":"ImageObject","inLanguage":"pt-BR","@id":"https:\/\/www.manaus.am.gov.br\/semtepi\/#\/schema\/logo\/image\/","url":"https:\/\/www.manaus.am.gov.br\/semtepi\/wp-content\/uploads\/sites\/20\/2024\/07\/favicon.png","contentUrl":"https:\/\/www.manaus.am.gov.br\/semtepi\/wp-content\/uploads\/sites\/20\/2024\/07\/favicon.png","width":300,"height":300,"caption":"Prefeitura Municipal de Manaus"},"image":{"@id":"https:\/\/www.manaus.am.gov.br\/semtepi\/#\/schema\/logo\/image\/"}},{"@type":"Person","@id":"https:\/\/www.manaus.am.gov.br\/semtepi\/#\/schema\/person\/05d223aea2bf115f9883a6ff3683d81b","name":"Bruna Greco","image":{"@type":"ImageObject","inLanguage":"pt-BR","@id":"https:\/\/www.manaus.am.gov.br\/semtepi\/#\/schema\/person\/image\/","url":"https:\/\/secure.gravatar.com\/avatar\/9c877d1a6adc2a055330e5c09a8653ce?s=96&d=mm&r=g","contentUrl":"https:\/\/secure.gravatar.com\/avatar\/9c877d1a6adc2a055330e5c09a8653ce?s=96&d=mm&r=g","caption":"Bruna Greco"}}]}},"_links":{"self":[{"href":"https:\/\/www.manaus.am.gov.br\/semtepi\/wp-json\/wp\/v2\/posts\/3670"}],"collection":[{"href":"https:\/\/www.manaus.am.gov.br\/semtepi\/wp-json\/wp\/v2\/posts"}],"about":[{"href":"https:\/\/www.manaus.am.gov.br\/semtepi\/wp-json\/wp\/v2\/types\/post"}],"author":[{"embeddable":true,"href":"https:\/\/www.manaus.am.gov.br\/semtepi\/wp-json\/wp\/v2\/users\/39"}],"replies":[{"embeddable":true,"href":"https:\/\/www.manaus.am.gov.br\/semtepi\/wp-json\/wp\/v2\/comments?post=3670"}],"version-history":[{"count":7,"href":"https:\/\/www.manaus.am.gov.br\/semtepi\/wp-json\/wp\/v2\/posts\/3670\/revisions"}],"predecessor-version":[{"id":3681,"href":"https:\/\/www.manaus.am.gov.br\/semtepi\/wp-json\/wp\/v2\/posts\/3670\/revisions\/3681"}],"wp:featuredmedia":[{"embeddable":true,"href":"https:\/\/www.manaus.am.gov.br\/semtepi\/wp-json\/wp\/v2\/media\/3671"}],"wp:attachment":[{"href":"https:\/\/www.manaus.am.gov.br\/semtepi\/wp-json\/wp\/v2\/media?parent=3670"}],"wp:term":[{"taxonomy":"category","embeddable":true,"href":"https:\/\/www.manaus.am.gov.br\/semtepi\/wp-json\/wp\/v2\/categories?post=3670"},{"taxonomy":"post_tag","embeddable":true,"href":"https:\/\/www.manaus.am.gov.br\/semtepi\/wp-json\/wp\/v2\/tags?post=3670"}],"curies":[{"name":"wp","href":"https:\/\/api.w.org\/{rel}","templated":true}]}}