{"id":3636,"date":"2022-07-25T10:03:42","date_gmt":"2022-07-25T14:03:42","guid":{"rendered":"https:\/\/www.manaus.am.gov.br\/semtepi\/sem-categoria\/manaus-e-1o-lugar-e-o-trabalho-nao-para\/"},"modified":"2022-07-25T10:03:42","modified_gmt":"2022-07-25T14:03:42","slug":"manaus-e-1o-lugar-e-o-trabalho-nao-para","status":"publish","type":"post","link":"https:\/\/www.manaus.am.gov.br\/semtepi\/acao\/manaus-e-1o-lugar-e-o-trabalho-nao-para\/","title":{"rendered":"Manaus \u00e9 1\u00ba lugar e o trabalho n\u00e3o para"},"content":{"rendered":"\n<p>Voc\u00ea sabia que a administra\u00e7\u00e3o Municipal da cidade de Manaus \u00e9 reconhecida por ser a n\u00famero 1 do Brasil em quatro \u00e1reas?<\/p>\n\n\n<div class=\"wp-block-image\">\n<figure class=\"aligncenter\"><img loading=\"lazy\" decoding=\"async\" width=\"1024\" height=\"1024\" src=\"https:\/\/www.manaus.am.gov.br\/semtepi\/wp-content\/uploads\/sites\/20\/2023\/12\/MANAUS_PRIMEIRO-_LUGAR_1000X1000-1024x1024.jpeg\" alt=\"\" class=\"wp-image-3637\" srcset=\"https:\/\/www.manaus.am.gov.br\/semtepi\/wp-content\/uploads\/sites\/20\/2023\/12\/MANAUS_PRIMEIRO-_LUGAR_1000X1000-1024x1024.jpeg 1024w, https:\/\/www.manaus.am.gov.br\/semtepi\/wp-content\/uploads\/sites\/20\/2023\/12\/MANAUS_PRIMEIRO-_LUGAR_1000X1000-300x300.jpeg 300w, https:\/\/www.manaus.am.gov.br\/semtepi\/wp-content\/uploads\/sites\/20\/2023\/12\/MANAUS_PRIMEIRO-_LUGAR_1000X1000-150x150.jpeg 150w, https:\/\/www.manaus.am.gov.br\/semtepi\/wp-content\/uploads\/sites\/20\/2023\/12\/MANAUS_PRIMEIRO-_LUGAR_1000X1000-768x768.jpeg 768w, https:\/\/www.manaus.am.gov.br\/semtepi\/wp-content\/uploads\/sites\/20\/2023\/12\/MANAUS_PRIMEIRO-_LUGAR_1000X1000.jpeg 1200w\" sizes=\"(max-width: 1024px) 100vw, 1024px\" \/><\/figure><\/div>\n\n\n<p class=\"has-text-align-center\"><\/p>\n\n\n\n<p>Isso mesmo. O trabalho desenvolvido pela Prefeitura de Manaus na Sa\u00fade, Previd\u00eancia Social, Gera\u00e7\u00e3o de emprego e Finan\u00e7as foi reconhecido como exemplar no pa\u00eds \u2013 fruto do compromisso da gest\u00e3o com a popula\u00e7\u00e3o na busca por uma cidade com mais qualidade de vida. Veja s\u00f3.<\/p>\n\n\n\n<p>Os resultados na Sa\u00fade foram alcan\u00e7ados por meio do \u201cPrevine Brasil\u201d, um programa nacional que avalia o desempenho e a qualidade dos servi\u00e7os de Aten\u00e7\u00e3o Prim\u00e1ria em Sa\u00fade. A avalia\u00e7\u00e3o considerou o atendimento oferecido \u00e0 sa\u00fade da mulher, pr\u00e9-natal, sa\u00fade da crian\u00e7a e doen\u00e7as cr\u00f4nicas. Com o resultado, Manaus ficou a frente de capitais como Macei\u00f3, Curitiba, Florian\u00f3polis, Rio de Janeiro, Natal, Porto Alegre e Bras\u00edlia.<\/p>\n\n\n\n<p>A capital amazonense \u00e9 tamb\u00e9m a capital que mais emprega no pa\u00eds. Mesmo com todas as dificuldades impostas pelo cen\u00e1rio econ\u00f4mico, o Sine Manaus foi fundamental para inserir 3.615 profissionais no mercado de trabalho com carteira assinada em 2021, segundo o Minist\u00e9rio da Economia. O Sine Manaus \u00e9 administrado pela prefeitura, via Secretaria Municipal do Trabalho, Empreendedorismo e Inova\u00e7\u00e3o (Semtepi).<\/p>\n\n\n\n<p>Outro resultado de excel\u00eancia est\u00e1 na Manaus Previd\u00eancia, que levou pela terceira vez consecutiva o 1\u00ba lugar no pr\u00eamio Destaque Brasil de Investimentos. Em 2021 Manaus tamb\u00e9m garantiu por meio do \u00f3rg\u00e3o o 1\u00ba lugar na categoria Responsabilidade Previdenci\u00e1ria. Isto significa que a aposentadoria dos servidores e ex-servidores da prefeitura est\u00e1 em boas m\u00e3os, sendo gerenciada por uma equipe s\u00e9ria e compromissada.<\/p>\n\n\n\n<p>Para finalizar, na \u00e1rea de Finan\u00e7as, a Prefeitura de Manaus atingiu o n\u00edvel m\u00e1ximo em Capacidade de Pagamento (Capag) do Tesouro Nacional, com nota \u201cA\u201d, nos tr\u00eas indicadores que comp\u00f5em a metodologia de c\u00e1lculo da avalia\u00e7\u00e3o: liquidez, poupan\u00e7a corrente e endividamento do munic\u00edpio. O intuito da Capag \u00e9 apresentar de forma simples e transparente se um novo endividamento naquele munic\u00edpio representa risco de cr\u00e9dito para o Tesouro Nacional.<\/p>\n\n\n\n<p>Manaus est\u00e1 em boas m\u00e3os.<\/p>\n\n\n\n<p>Isso \u00e9 resultado de um trabalho respons\u00e1vel com voc\u00ea.<\/p>\n","protected":false},"excerpt":{"rendered":"","protected":false},"author":8,"featured_media":3638,"comment_status":"closed","ping_status":"closed","sticky":false,"template":"","format":"standard","meta":{"footnotes":""},"categories":[447],"tags":[],"acf":[],"yoast_head":"<!-- This site is optimized with the Yoast SEO plugin v23.0 - https:\/\/yoast.com\/wordpress\/plugins\/seo\/ -->\n<title>Manaus \u00e9 1\u00ba lugar e o trabalho n\u00e3o para - SEMTEPI<\/title>\n<meta name=\"robots\" content=\"noindex, follow\" \/>\n<meta property=\"og:locale\" content=\"pt_BR\" \/>\n<meta property=\"og:type\" content=\"article\" \/>\n<meta property=\"og:title\" content=\"Manaus \u00e9 1\u00ba lugar e o trabalho n\u00e3o para - SEMTEPI\" \/>\n<meta property=\"og:url\" content=\"https:\/\/www.manaus.am.gov.br\/semtepi\/acao\/manaus-e-1o-lugar-e-o-trabalho-nao-para\/\" \/>\n<meta property=\"og:site_name\" content=\"SEMTEPI\" \/>\n<meta property=\"article:published_time\" content=\"2022-07-25T14:03:42+00:00\" \/>\n<meta property=\"og:image\" content=\"https:\/\/www.manaus.am.gov.br\/semtepi\/wp-content\/uploads\/sites\/20\/2023\/12\/MANAUS_PRIMEIRO-_LUGAR_640X3400.jpeg\" \/>\n\t<meta property=\"og:image:width\" content=\"640\" \/>\n\t<meta property=\"og:image:height\" content=\"340\" \/>\n\t<meta property=\"og:image:type\" content=\"image\/jpeg\" \/>\n<meta name=\"author\" content=\"Glauber Farias\" \/>\n<meta name=\"twitter:card\" content=\"summary_large_image\" \/>\n<meta name=\"twitter:label1\" content=\"Written by\" \/>\n\t<meta name=\"twitter:data1\" content=\"Glauber Farias\" \/>\n\t<meta name=\"twitter:label2\" content=\"Est. reading time\" \/>\n\t<meta name=\"twitter:data2\" content=\"3 minutos\" \/>\n<script type=\"application\/ld+json\" class=\"yoast-schema-graph\">{\"@context\":\"https:\/\/schema.org\",\"@graph\":[{\"@type\":\"Article\",\"@id\":\"https:\/\/www.manaus.am.gov.br\/semtepi\/acao\/manaus-e-1o-lugar-e-o-trabalho-nao-para\/#article\",\"isPartOf\":{\"@id\":\"https:\/\/www.manaus.am.gov.br\/semtepi\/acao\/manaus-e-1o-lugar-e-o-trabalho-nao-para\/\"},\"author\":{\"name\":\"Glauber Farias\",\"@id\":\"https:\/\/www.manaus.am.gov.br\/semtepi\/#\/schema\/person\/fe69d2249d78e7a3112d42bc34c44a58\"},\"headline\":\"Manaus \u00e9 1\u00ba lugar e o trabalho n\u00e3o para\",\"datePublished\":\"2022-07-25T14:03:42+00:00\",\"dateModified\":\"2022-07-25T14:03:42+00:00\",\"mainEntityOfPage\":{\"@id\":\"https:\/\/www.manaus.am.gov.br\/semtepi\/acao\/manaus-e-1o-lugar-e-o-trabalho-nao-para\/\"},\"wordCount\":383,\"publisher\":{\"@id\":\"https:\/\/www.manaus.am.gov.br\/semtepi\/#organization\"},\"image\":{\"@id\":\"https:\/\/www.manaus.am.gov.br\/semtepi\/acao\/manaus-e-1o-lugar-e-o-trabalho-nao-para\/#primaryimage\"},\"thumbnailUrl\":\"https:\/\/www.manaus.am.gov.br\/semtepi\/wp-content\/uploads\/sites\/20\/2023\/12\/MANAUS_PRIMEIRO-_LUGAR_640X3400.jpeg\",\"articleSection\":[\"A\u00e7\u00e3o\"],\"inLanguage\":\"pt-BR\"},{\"@type\":\"WebPage\",\"@id\":\"https:\/\/www.manaus.am.gov.br\/semtepi\/acao\/manaus-e-1o-lugar-e-o-trabalho-nao-para\/\",\"url\":\"https:\/\/www.manaus.am.gov.br\/semtepi\/acao\/manaus-e-1o-lugar-e-o-trabalho-nao-para\/\",\"name\":\"Manaus \u00e9 1\u00ba lugar e o trabalho n\u00e3o para - SEMTEPI\",\"isPartOf\":{\"@id\":\"https:\/\/www.manaus.am.gov.br\/semtepi\/#website\"},\"primaryImageOfPage\":{\"@id\":\"https:\/\/www.manaus.am.gov.br\/semtepi\/acao\/manaus-e-1o-lugar-e-o-trabalho-nao-para\/#primaryimage\"},\"image\":{\"@id\":\"https:\/\/www.manaus.am.gov.br\/semtepi\/acao\/manaus-e-1o-lugar-e-o-trabalho-nao-para\/#primaryimage\"},\"thumbnailUrl\":\"https:\/\/www.manaus.am.gov.br\/semtepi\/wp-content\/uploads\/sites\/20\/2023\/12\/MANAUS_PRIMEIRO-_LUGAR_640X3400.jpeg\",\"datePublished\":\"2022-07-25T14:03:42+00:00\",\"dateModified\":\"2022-07-25T14:03:42+00:00\",\"breadcrumb\":{\"@id\":\"https:\/\/www.manaus.am.gov.br\/semtepi\/acao\/manaus-e-1o-lugar-e-o-trabalho-nao-para\/#breadcrumb\"},\"inLanguage\":\"pt-BR\",\"potentialAction\":[{\"@type\":\"ReadAction\",\"target\":[\"https:\/\/www.manaus.am.gov.br\/semtepi\/acao\/manaus-e-1o-lugar-e-o-trabalho-nao-para\/\"]}]},{\"@type\":\"ImageObject\",\"inLanguage\":\"pt-BR\",\"@id\":\"https:\/\/www.manaus.am.gov.br\/semtepi\/acao\/manaus-e-1o-lugar-e-o-trabalho-nao-para\/#primaryimage\",\"url\":\"https:\/\/www.manaus.am.gov.br\/semtepi\/wp-content\/uploads\/sites\/20\/2023\/12\/MANAUS_PRIMEIRO-_LUGAR_640X3400.jpeg\",\"contentUrl\":\"https:\/\/www.manaus.am.gov.br\/semtepi\/wp-content\/uploads\/sites\/20\/2023\/12\/MANAUS_PRIMEIRO-_LUGAR_640X3400.jpeg\",\"width\":640,\"height\":340},{\"@type\":\"BreadcrumbList\",\"@id\":\"https:\/\/www.manaus.am.gov.br\/semtepi\/acao\/manaus-e-1o-lugar-e-o-trabalho-nao-para\/#breadcrumb\",\"itemListElement\":[{\"@type\":\"ListItem\",\"position\":1,\"name\":\"Home\",\"item\":\"https:\/\/www.manaus.am.gov.br\/semtepi\/\"},{\"@type\":\"ListItem\",\"position\":2,\"name\":\"Manaus \u00e9 1\u00ba lugar e o trabalho n\u00e3o para\"}]},{\"@type\":\"WebSite\",\"@id\":\"https:\/\/www.manaus.am.gov.br\/semtepi\/#website\",\"url\":\"https:\/\/www.manaus.am.gov.br\/semtepi\/\",\"name\":\"SEMTEPI\",\"description\":\"Prefeitura de Manaus\",\"publisher\":{\"@id\":\"https:\/\/www.manaus.am.gov.br\/semtepi\/#organization\"},\"alternateName\":\"Secretaria Municipal do Trabalho, Empreendedorismo e Inova\u00e7\u00e3o\",\"potentialAction\":[{\"@type\":\"SearchAction\",\"target\":{\"@type\":\"EntryPoint\",\"urlTemplate\":\"https:\/\/www.manaus.am.gov.br\/semtepi\/?s={search_term_string}\"},\"query-input\":\"required name=search_term_string\"}],\"inLanguage\":\"pt-BR\"},{\"@type\":\"Organization\",\"@id\":\"https:\/\/www.manaus.am.gov.br\/semtepi\/#organization\",\"name\":\"Prefeitura Municipal de Manaus\",\"alternateName\":\"Prefeitura de Manaus\",\"url\":\"https:\/\/www.manaus.am.gov.br\/semtepi\/\",\"logo\":{\"@type\":\"ImageObject\",\"inLanguage\":\"pt-BR\",\"@id\":\"https:\/\/www.manaus.am.gov.br\/semtepi\/#\/schema\/logo\/image\/\",\"url\":\"https:\/\/www.manaus.am.gov.br\/semtepi\/wp-content\/uploads\/sites\/20\/2024\/07\/favicon.png\",\"contentUrl\":\"https:\/\/www.manaus.am.gov.br\/semtepi\/wp-content\/uploads\/sites\/20\/2024\/07\/favicon.png\",\"width\":300,\"height\":300,\"caption\":\"Prefeitura Municipal de Manaus\"},\"image\":{\"@id\":\"https:\/\/www.manaus.am.gov.br\/semtepi\/#\/schema\/logo\/image\/\"}},{\"@type\":\"Person\",\"@id\":\"https:\/\/www.manaus.am.gov.br\/semtepi\/#\/schema\/person\/fe69d2249d78e7a3112d42bc34c44a58\",\"name\":\"Glauber Farias\",\"image\":{\"@type\":\"ImageObject\",\"inLanguage\":\"pt-BR\",\"@id\":\"https:\/\/www.manaus.am.gov.br\/semtepi\/#\/schema\/person\/image\/\",\"url\":\"https:\/\/secure.gravatar.com\/avatar\/eb33200ffd19538372f635b2165531c0?s=96&d=mm&r=g\",\"contentUrl\":\"https:\/\/secure.gravatar.com\/avatar\/eb33200ffd19538372f635b2165531c0?s=96&d=mm&r=g\",\"caption\":\"Glauber Farias\"}}]}<\/script>\n<!-- \/ Yoast SEO plugin. -->","yoast_head_json":{"title":"Manaus \u00e9 1\u00ba lugar e o trabalho n\u00e3o para - SEMTEPI","robots":{"index":"noindex","follow":"follow"},"og_locale":"pt_BR","og_type":"article","og_title":"Manaus \u00e9 1\u00ba lugar e o trabalho n\u00e3o para - SEMTEPI","og_url":"https:\/\/www.manaus.am.gov.br\/semtepi\/acao\/manaus-e-1o-lugar-e-o-trabalho-nao-para\/","og_site_name":"SEMTEPI","article_published_time":"2022-07-25T14:03:42+00:00","og_image":[{"width":640,"height":340,"url":"https:\/\/www.manaus.am.gov.br\/semtepi\/wp-content\/uploads\/sites\/20\/2023\/12\/MANAUS_PRIMEIRO-_LUGAR_640X3400.jpeg","type":"image\/jpeg"}],"author":"Glauber Farias","twitter_card":"summary_large_image","twitter_misc":{"Written by":"Glauber Farias","Est. reading time":"3 minutos"},"schema":{"@context":"https:\/\/schema.org","@graph":[{"@type":"Article","@id":"https:\/\/www.manaus.am.gov.br\/semtepi\/acao\/manaus-e-1o-lugar-e-o-trabalho-nao-para\/#article","isPartOf":{"@id":"https:\/\/www.manaus.am.gov.br\/semtepi\/acao\/manaus-e-1o-lugar-e-o-trabalho-nao-para\/"},"author":{"name":"Glauber Farias","@id":"https:\/\/www.manaus.am.gov.br\/semtepi\/#\/schema\/person\/fe69d2249d78e7a3112d42bc34c44a58"},"headline":"Manaus \u00e9 1\u00ba lugar e o trabalho n\u00e3o para","datePublished":"2022-07-25T14:03:42+00:00","dateModified":"2022-07-25T14:03:42+00:00","mainEntityOfPage":{"@id":"https:\/\/www.manaus.am.gov.br\/semtepi\/acao\/manaus-e-1o-lugar-e-o-trabalho-nao-para\/"},"wordCount":383,"publisher":{"@id":"https:\/\/www.manaus.am.gov.br\/semtepi\/#organization"},"image":{"@id":"https:\/\/www.manaus.am.gov.br\/semtepi\/acao\/manaus-e-1o-lugar-e-o-trabalho-nao-para\/#primaryimage"},"thumbnailUrl":"https:\/\/www.manaus.am.gov.br\/semtepi\/wp-content\/uploads\/sites\/20\/2023\/12\/MANAUS_PRIMEIRO-_LUGAR_640X3400.jpeg","articleSection":["A\u00e7\u00e3o"],"inLanguage":"pt-BR"},{"@type":"WebPage","@id":"https:\/\/www.manaus.am.gov.br\/semtepi\/acao\/manaus-e-1o-lugar-e-o-trabalho-nao-para\/","url":"https:\/\/www.manaus.am.gov.br\/semtepi\/acao\/manaus-e-1o-lugar-e-o-trabalho-nao-para\/","name":"Manaus \u00e9 1\u00ba lugar e o trabalho n\u00e3o para - SEMTEPI","isPartOf":{"@id":"https:\/\/www.manaus.am.gov.br\/semtepi\/#website"},"primaryImageOfPage":{"@id":"https:\/\/www.manaus.am.gov.br\/semtepi\/acao\/manaus-e-1o-lugar-e-o-trabalho-nao-para\/#primaryimage"},"image":{"@id":"https:\/\/www.manaus.am.gov.br\/semtepi\/acao\/manaus-e-1o-lugar-e-o-trabalho-nao-para\/#primaryimage"},"thumbnailUrl":"https:\/\/www.manaus.am.gov.br\/semtepi\/wp-content\/uploads\/sites\/20\/2023\/12\/MANAUS_PRIMEIRO-_LUGAR_640X3400.jpeg","datePublished":"2022-07-25T14:03:42+00:00","dateModified":"2022-07-25T14:03:42+00:00","breadcrumb":{"@id":"https:\/\/www.manaus.am.gov.br\/semtepi\/acao\/manaus-e-1o-lugar-e-o-trabalho-nao-para\/#breadcrumb"},"inLanguage":"pt-BR","potentialAction":[{"@type":"ReadAction","target":["https:\/\/www.manaus.am.gov.br\/semtepi\/acao\/manaus-e-1o-lugar-e-o-trabalho-nao-para\/"]}]},{"@type":"ImageObject","inLanguage":"pt-BR","@id":"https:\/\/www.manaus.am.gov.br\/semtepi\/acao\/manaus-e-1o-lugar-e-o-trabalho-nao-para\/#primaryimage","url":"https:\/\/www.manaus.am.gov.br\/semtepi\/wp-content\/uploads\/sites\/20\/2023\/12\/MANAUS_PRIMEIRO-_LUGAR_640X3400.jpeg","contentUrl":"https:\/\/www.manaus.am.gov.br\/semtepi\/wp-content\/uploads\/sites\/20\/2023\/12\/MANAUS_PRIMEIRO-_LUGAR_640X3400.jpeg","width":640,"height":340},{"@type":"BreadcrumbList","@id":"https:\/\/www.manaus.am.gov.br\/semtepi\/acao\/manaus-e-1o-lugar-e-o-trabalho-nao-para\/#breadcrumb","itemListElement":[{"@type":"ListItem","position":1,"name":"Home","item":"https:\/\/www.manaus.am.gov.br\/semtepi\/"},{"@type":"ListItem","position":2,"name":"Manaus \u00e9 1\u00ba lugar e o trabalho n\u00e3o para"}]},{"@type":"WebSite","@id":"https:\/\/www.manaus.am.gov.br\/semtepi\/#website","url":"https:\/\/www.manaus.am.gov.br\/semtepi\/","name":"SEMTEPI","description":"Prefeitura de Manaus","publisher":{"@id":"https:\/\/www.manaus.am.gov.br\/semtepi\/#organization"},"alternateName":"Secretaria Municipal do Trabalho, Empreendedorismo e Inova\u00e7\u00e3o","potentialAction":[{"@type":"SearchAction","target":{"@type":"EntryPoint","urlTemplate":"https:\/\/www.manaus.am.gov.br\/semtepi\/?s={search_term_string}"},"query-input":"required name=search_term_string"}],"inLanguage":"pt-BR"},{"@type":"Organization","@id":"https:\/\/www.manaus.am.gov.br\/semtepi\/#organization","name":"Prefeitura Municipal de Manaus","alternateName":"Prefeitura de Manaus","url":"https:\/\/www.manaus.am.gov.br\/semtepi\/","logo":{"@type":"ImageObject","inLanguage":"pt-BR","@id":"https:\/\/www.manaus.am.gov.br\/semtepi\/#\/schema\/logo\/image\/","url":"https:\/\/www.manaus.am.gov.br\/semtepi\/wp-content\/uploads\/sites\/20\/2024\/07\/favicon.png","contentUrl":"https:\/\/www.manaus.am.gov.br\/semtepi\/wp-content\/uploads\/sites\/20\/2024\/07\/favicon.png","width":300,"height":300,"caption":"Prefeitura Municipal de Manaus"},"image":{"@id":"https:\/\/www.manaus.am.gov.br\/semtepi\/#\/schema\/logo\/image\/"}},{"@type":"Person","@id":"https:\/\/www.manaus.am.gov.br\/semtepi\/#\/schema\/person\/fe69d2249d78e7a3112d42bc34c44a58","name":"Glauber Farias","image":{"@type":"ImageObject","inLanguage":"pt-BR","@id":"https:\/\/www.manaus.am.gov.br\/semtepi\/#\/schema\/person\/image\/","url":"https:\/\/secure.gravatar.com\/avatar\/eb33200ffd19538372f635b2165531c0?s=96&d=mm&r=g","contentUrl":"https:\/\/secure.gravatar.com\/avatar\/eb33200ffd19538372f635b2165531c0?s=96&d=mm&r=g","caption":"Glauber Farias"}}]}},"_links":{"self":[{"href":"https:\/\/www.manaus.am.gov.br\/semtepi\/wp-json\/wp\/v2\/posts\/3636"}],"collection":[{"href":"https:\/\/www.manaus.am.gov.br\/semtepi\/wp-json\/wp\/v2\/posts"}],"about":[{"href":"https:\/\/www.manaus.am.gov.br\/semtepi\/wp-json\/wp\/v2\/types\/post"}],"author":[{"embeddable":true,"href":"https:\/\/www.manaus.am.gov.br\/semtepi\/wp-json\/wp\/v2\/users\/8"}],"replies":[{"embeddable":true,"href":"https:\/\/www.manaus.am.gov.br\/semtepi\/wp-json\/wp\/v2\/comments?post=3636"}],"version-history":[{"count":1,"href":"https:\/\/www.manaus.am.gov.br\/semtepi\/wp-json\/wp\/v2\/posts\/3636\/revisions"}],"predecessor-version":[{"id":3639,"href":"https:\/\/www.manaus.am.gov.br\/semtepi\/wp-json\/wp\/v2\/posts\/3636\/revisions\/3639"}],"wp:featuredmedia":[{"embeddable":true,"href":"https:\/\/www.manaus.am.gov.br\/semtepi\/wp-json\/wp\/v2\/media\/3638"}],"wp:attachment":[{"href":"https:\/\/www.manaus.am.gov.br\/semtepi\/wp-json\/wp\/v2\/media?parent=3636"}],"wp:term":[{"taxonomy":"category","embeddable":true,"href":"https:\/\/www.manaus.am.gov.br\/semtepi\/wp-json\/wp\/v2\/categories?post=3636"},{"taxonomy":"post_tag","embeddable":true,"href":"https:\/\/www.manaus.am.gov.br\/semtepi\/wp-json\/wp\/v2\/tags?post=3636"}],"curies":[{"name":"wp","href":"https:\/\/api.w.org\/{rel}","templated":true}]}}