{"id":3494,"date":"2023-12-10T10:27:47","date_gmt":"2023-12-10T14:27:47","guid":{"rendered":"https:\/\/www.manaus.am.gov.br\/semtepi\/sem-categoria\/prefeito-de-manaus-participa-da-2a-edicao-da-amazon-tecnogame-maior-feira-de-cultura-geek-e-gamer-da-regiao-norte\/"},"modified":"2023-12-11T11:54:13","modified_gmt":"2023-12-11T15:54:13","slug":"prefeito-de-manaus-participa-da-2a-edicao-da-amazon-tecnogame-maior-feira-de-cultura-geek-e-gamer-da-regiao-norte","status":"publish","type":"post","link":"https:\/\/www.manaus.am.gov.br\/semtepi\/noticia-tecnologia\/prefeito-de-manaus-participa-da-2a-edicao-da-amazon-tecnogame-maior-feira-de-cultura-geek-e-gamer-da-regiao-norte\/","title":{"rendered":"Prefeito de Manaus participa da 2\u00aa edi\u00e7\u00e3o da Amazon Tecnogame, maior feira de cultura geek e gamer da regi\u00e3o Norte"},"content":{"rendered":"\n<p>O prefeito de Manaus, David Almeida, participou, neste s\u00e1bado, 9\/12, da 2\u00aa edi\u00e7\u00e3o da Amazon Tecnogame 2023, maior feira de cultura geek e gamer da regi\u00e3o Norte. O evento est\u00e1 sendo realizado no Centro de Conven\u00e7\u00f5es Vasco Vasques, no bairro Flores, zona Centro-Sul da capital, at\u00e9 este domingo, 10\/12, e conta com o apoio da gest\u00e3o municipal, por meio da Secretaria Municipal do Trabalho, Empreendedorismo e Inova\u00e7\u00e3o (Semtepi) e do Fundo Municipal de Empreendedorismo e Inova\u00e7\u00e3o (Fumipeq).<\/p>\n\n\n\n<p>Ao lado do titular da Semtepi, Radyr J\u00fanior, David Almeida participou do evento, que contou com a organiza\u00e7\u00e3o da Federa\u00e7\u00e3o Amazonense de E-Sports, e destacou a import\u00e2ncia para o segmento na cidade.&nbsp;<\/p>\n\n\n\n<p>\u201cEsse \u00e9 mais um evento que conta com a participa\u00e7\u00e3o da Prefeitura de Manaus no ramo da tecnologia e inova\u00e7\u00e3o. Sabemos da import\u00e2ncia deste segmento, que segue em ritmo acelerado de crescimento. Hoje, temos mais de 5 mil pessoas aqui no evento e a promessa \u00e9 que esse n\u00famero seja ainda maior neste domingo, 10\/12, quando realizaremos o \u00faltimo dia de feira. A popula\u00e7\u00e3o est\u00e1 convidada para prestigiar essa grande festa\u201d, enfatizou Almeida.&nbsp;<\/p>\n\n\n\n<p>A Amazon Tecnogame tem sua programa\u00e7\u00e3o voltada para o p\u00fablico jovem, com um time de influencers nacionais. A Prefeitura de Manaus tamb\u00e9m est\u00e1 com uma estrutura montada no espa\u00e7o, com o objetivo de divulgar as a\u00e7\u00f5es inovadoras que fomentam a cultura geek no munic\u00edpio, como destacou o titular da Semtepi, Radyr Junior.&nbsp;<\/p>\n\n\n\n<p>&#8220;Esse evento j\u00e1 est\u00e1 entre os 10 maiores do Brasil, e n\u00f3s vamos apoiar iniciativas como essa, que beneficiam a popula\u00e7\u00e3o. Nesse ano n\u00f3s j\u00e1 oferecemos gratuitamente cursos de Programa\u00e7\u00e3o B\u00e1sica e Mercado de Games, e hoje n\u00f3s estamos vendo grandes resultados neste local&#8221;, disse Radyr.<\/p>\n\n\n\n<p>A Arena Inova\u00e7\u00e3o, comandada pela Semtepi, j\u00e1 reuniu mais de 10 mil pessoas durante os dois primeiros dias de programa\u00e7\u00e3o. Nela, est\u00e3o sendo realizadas palestras, pain\u00e9is, apresenta\u00e7\u00f5es de desenvolvedores, um est\u00fadio voltado para criadores de jogos, \u00e1rea destinada \u00e0 rob\u00f3tica, espa\u00e7o para startups e cerim\u00f4nias de premia\u00e7\u00e3o.<\/p>\n\n\n\n<p>A 2\u00aa edi\u00e7\u00e3o da Amazon Tecnogame 2023 segue at\u00e9 este domingo, 10\/12, com encerramento \u00e0s 23h. Para entrar no evento, \u00e9 necess\u00e1rio apenas levar um 1kg de alimento n\u00e3o perec\u00edvel ou realizar inscri\u00e7\u00e3o no site: https:\/\/doity.com.br\/amazontecnogame.<\/p>\n\n\n\n<p>\u2013 \u2013 \u2013<\/p>\n\n\n\n<p><strong>Texto &#8211; <\/strong>Geraldo Farias \/ Semcom e Lais Fernandes \/ Semcom<\/p>\n\n\n\n<p><strong>Fotos &#8211;<\/strong> Ruan Souza \/ Semcom<\/p>\n","protected":false},"excerpt":{"rendered":"","protected":false},"author":57,"featured_media":3495,"comment_status":"closed","ping_status":"closed","sticky":false,"template":"","format":"standard","meta":{"footnotes":""},"categories":[747],"tags":[816,839,840,8,841,9],"acf":[],"yoast_head":"<!-- This site is optimized with the Yoast SEO plugin v23.0 - https:\/\/yoast.com\/wordpress\/plugins\/seo\/ -->\n<title>Prefeito participa da 2\u00aa edi\u00e7\u00e3o da Amazon Tecnogame<\/title>\n<meta name=\"description\" content=\"O prefeito de Manaus, David Almeida, particiou da 2\u00aa edi\u00e7\u00e3o da Amazon Tecnogame 2023, maior feira de cultura geek e gamer do Norte\" \/>\n<meta name=\"robots\" content=\"noindex, follow\" \/>\n<meta property=\"og:locale\" content=\"pt_BR\" \/>\n<meta property=\"og:type\" content=\"article\" \/>\n<meta property=\"og:title\" content=\"Prefeito participa da 2\u00aa edi\u00e7\u00e3o da Amazon Tecnogame\" \/>\n<meta property=\"og:description\" content=\"O prefeito de Manaus, David Almeida, particiou da 2\u00aa edi\u00e7\u00e3o da Amazon Tecnogame 2023, maior feira de cultura geek e gamer do Norte\" \/>\n<meta property=\"og:url\" content=\"https:\/\/www.manaus.am.gov.br\/semtepi\/noticia-tecnologia\/prefeito-de-manaus-participa-da-2a-edicao-da-amazon-tecnogame-maior-feira-de-cultura-geek-e-gamer-da-regiao-norte\/\" \/>\n<meta property=\"og:site_name\" content=\"SEMTEPI\" \/>\n<meta property=\"article:published_time\" content=\"2023-12-10T14:27:47+00:00\" \/>\n<meta property=\"article:modified_time\" content=\"2023-12-11T15:54:13+00:00\" \/>\n<meta property=\"og:image\" content=\"https:\/\/www.manaus.am.gov.br\/semtepi\/wp-content\/uploads\/sites\/20\/2023\/12\/WhatsApp-Image-2023-12-10-at-08.23.00.jpeg\" \/>\n\t<meta property=\"og:image:width\" content=\"1600\" \/>\n\t<meta property=\"og:image:height\" content=\"1066\" \/>\n\t<meta property=\"og:image:type\" content=\"image\/jpeg\" \/>\n<meta name=\"author\" content=\"Thiago Fernando\" \/>\n<meta name=\"twitter:card\" content=\"summary_large_image\" \/>\n<meta name=\"twitter:label1\" content=\"Written by\" \/>\n\t<meta name=\"twitter:data1\" content=\"Thiago Fernando\" \/>\n\t<meta name=\"twitter:label2\" content=\"Est. reading time\" \/>\n\t<meta name=\"twitter:data2\" content=\"3 minutos\" \/>\n<script type=\"application\/ld+json\" class=\"yoast-schema-graph\">{\"@context\":\"https:\/\/schema.org\",\"@graph\":[{\"@type\":\"Article\",\"@id\":\"https:\/\/www.manaus.am.gov.br\/semtepi\/noticia-tecnologia\/prefeito-de-manaus-participa-da-2a-edicao-da-amazon-tecnogame-maior-feira-de-cultura-geek-e-gamer-da-regiao-norte\/#article\",\"isPartOf\":{\"@id\":\"https:\/\/www.manaus.am.gov.br\/semtepi\/noticia-tecnologia\/prefeito-de-manaus-participa-da-2a-edicao-da-amazon-tecnogame-maior-feira-de-cultura-geek-e-gamer-da-regiao-norte\/\"},\"author\":{\"name\":\"Thiago Fernando\",\"@id\":\"https:\/\/www.manaus.am.gov.br\/semtepi\/#\/schema\/person\/a5ee5376db6e21af026374b369f30882\"},\"headline\":\"Prefeito de Manaus participa da 2\u00aa edi\u00e7\u00e3o da Amazon Tecnogame, maior feira de cultura geek e gamer da regi\u00e3o Norte\",\"datePublished\":\"2023-12-10T14:27:47+00:00\",\"dateModified\":\"2023-12-11T15:54:13+00:00\",\"mainEntityOfPage\":{\"@id\":\"https:\/\/www.manaus.am.gov.br\/semtepi\/noticia-tecnologia\/prefeito-de-manaus-participa-da-2a-edicao-da-amazon-tecnogame-maior-feira-de-cultura-geek-e-gamer-da-regiao-norte\/\"},\"wordCount\":433,\"publisher\":{\"@id\":\"https:\/\/www.manaus.am.gov.br\/semtepi\/#organization\"},\"image\":{\"@id\":\"https:\/\/www.manaus.am.gov.br\/semtepi\/noticia-tecnologia\/prefeito-de-manaus-participa-da-2a-edicao-da-amazon-tecnogame-maior-feira-de-cultura-geek-e-gamer-da-regiao-norte\/#primaryimage\"},\"thumbnailUrl\":\"https:\/\/www.manaus.am.gov.br\/semtepi\/wp-content\/uploads\/sites\/20\/2023\/12\/WhatsApp-Image-2023-12-10-at-08.23.00.jpeg\",\"keywords\":[\"Amazon Tecnogame 2023\",\"cultura geek\",\"gamer\",\"prefeitura de manaus\",\"regi\u00e3o Norte\",\"Semtepi\"],\"articleSection\":[\"Tecnologia\"],\"inLanguage\":\"pt-BR\"},{\"@type\":\"WebPage\",\"@id\":\"https:\/\/www.manaus.am.gov.br\/semtepi\/noticia-tecnologia\/prefeito-de-manaus-participa-da-2a-edicao-da-amazon-tecnogame-maior-feira-de-cultura-geek-e-gamer-da-regiao-norte\/\",\"url\":\"https:\/\/www.manaus.am.gov.br\/semtepi\/noticia-tecnologia\/prefeito-de-manaus-participa-da-2a-edicao-da-amazon-tecnogame-maior-feira-de-cultura-geek-e-gamer-da-regiao-norte\/\",\"name\":\"Prefeito participa da 2\u00aa edi\u00e7\u00e3o da Amazon Tecnogame\",\"isPartOf\":{\"@id\":\"https:\/\/www.manaus.am.gov.br\/semtepi\/#website\"},\"primaryImageOfPage\":{\"@id\":\"https:\/\/www.manaus.am.gov.br\/semtepi\/noticia-tecnologia\/prefeito-de-manaus-participa-da-2a-edicao-da-amazon-tecnogame-maior-feira-de-cultura-geek-e-gamer-da-regiao-norte\/#primaryimage\"},\"image\":{\"@id\":\"https:\/\/www.manaus.am.gov.br\/semtepi\/noticia-tecnologia\/prefeito-de-manaus-participa-da-2a-edicao-da-amazon-tecnogame-maior-feira-de-cultura-geek-e-gamer-da-regiao-norte\/#primaryimage\"},\"thumbnailUrl\":\"https:\/\/www.manaus.am.gov.br\/semtepi\/wp-content\/uploads\/sites\/20\/2023\/12\/WhatsApp-Image-2023-12-10-at-08.23.00.jpeg\",\"datePublished\":\"2023-12-10T14:27:47+00:00\",\"dateModified\":\"2023-12-11T15:54:13+00:00\",\"description\":\"O prefeito de Manaus, David Almeida, particiou da 2\u00aa edi\u00e7\u00e3o da Amazon Tecnogame 2023, maior feira de cultura geek e gamer do Norte\",\"breadcrumb\":{\"@id\":\"https:\/\/www.manaus.am.gov.br\/semtepi\/noticia-tecnologia\/prefeito-de-manaus-participa-da-2a-edicao-da-amazon-tecnogame-maior-feira-de-cultura-geek-e-gamer-da-regiao-norte\/#breadcrumb\"},\"inLanguage\":\"pt-BR\",\"potentialAction\":[{\"@type\":\"ReadAction\",\"target\":[\"https:\/\/www.manaus.am.gov.br\/semtepi\/noticia-tecnologia\/prefeito-de-manaus-participa-da-2a-edicao-da-amazon-tecnogame-maior-feira-de-cultura-geek-e-gamer-da-regiao-norte\/\"]}]},{\"@type\":\"ImageObject\",\"inLanguage\":\"pt-BR\",\"@id\":\"https:\/\/www.manaus.am.gov.br\/semtepi\/noticia-tecnologia\/prefeito-de-manaus-participa-da-2a-edicao-da-amazon-tecnogame-maior-feira-de-cultura-geek-e-gamer-da-regiao-norte\/#primaryimage\",\"url\":\"https:\/\/www.manaus.am.gov.br\/semtepi\/wp-content\/uploads\/sites\/20\/2023\/12\/WhatsApp-Image-2023-12-10-at-08.23.00.jpeg\",\"contentUrl\":\"https:\/\/www.manaus.am.gov.br\/semtepi\/wp-content\/uploads\/sites\/20\/2023\/12\/WhatsApp-Image-2023-12-10-at-08.23.00.jpeg\",\"width\":1600,\"height\":1066,\"caption\":\"#paratodosverem - Prefeito David Almeida tira foto com organizadores e p\u00fablico presente na feira\"},{\"@type\":\"BreadcrumbList\",\"@id\":\"https:\/\/www.manaus.am.gov.br\/semtepi\/noticia-tecnologia\/prefeito-de-manaus-participa-da-2a-edicao-da-amazon-tecnogame-maior-feira-de-cultura-geek-e-gamer-da-regiao-norte\/#breadcrumb\",\"itemListElement\":[{\"@type\":\"ListItem\",\"position\":1,\"name\":\"Home\",\"item\":\"https:\/\/www.manaus.am.gov.br\/semtepi\/\"},{\"@type\":\"ListItem\",\"position\":2,\"name\":\"Prefeito de Manaus participa da 2\u00aa edi\u00e7\u00e3o da Amazon Tecnogame, maior feira de cultura geek e gamer da regi\u00e3o Norte\"}]},{\"@type\":\"WebSite\",\"@id\":\"https:\/\/www.manaus.am.gov.br\/semtepi\/#website\",\"url\":\"https:\/\/www.manaus.am.gov.br\/semtepi\/\",\"name\":\"SEMTEPI\",\"description\":\"Prefeitura de Manaus\",\"publisher\":{\"@id\":\"https:\/\/www.manaus.am.gov.br\/semtepi\/#organization\"},\"alternateName\":\"Secretaria Municipal do Trabalho, Empreendedorismo e Inova\u00e7\u00e3o\",\"potentialAction\":[{\"@type\":\"SearchAction\",\"target\":{\"@type\":\"EntryPoint\",\"urlTemplate\":\"https:\/\/www.manaus.am.gov.br\/semtepi\/?s={search_term_string}\"},\"query-input\":\"required name=search_term_string\"}],\"inLanguage\":\"pt-BR\"},{\"@type\":\"Organization\",\"@id\":\"https:\/\/www.manaus.am.gov.br\/semtepi\/#organization\",\"name\":\"Prefeitura Municipal de Manaus\",\"alternateName\":\"Prefeitura de Manaus\",\"url\":\"https:\/\/www.manaus.am.gov.br\/semtepi\/\",\"logo\":{\"@type\":\"ImageObject\",\"inLanguage\":\"pt-BR\",\"@id\":\"https:\/\/www.manaus.am.gov.br\/semtepi\/#\/schema\/logo\/image\/\",\"url\":\"https:\/\/www.manaus.am.gov.br\/semtepi\/wp-content\/uploads\/sites\/20\/2024\/07\/favicon.png\",\"contentUrl\":\"https:\/\/www.manaus.am.gov.br\/semtepi\/wp-content\/uploads\/sites\/20\/2024\/07\/favicon.png\",\"width\":300,\"height\":300,\"caption\":\"Prefeitura Municipal de Manaus\"},\"image\":{\"@id\":\"https:\/\/www.manaus.am.gov.br\/semtepi\/#\/schema\/logo\/image\/\"}},{\"@type\":\"Person\",\"@id\":\"https:\/\/www.manaus.am.gov.br\/semtepi\/#\/schema\/person\/a5ee5376db6e21af026374b369f30882\",\"name\":\"Thiago Fernando\",\"image\":{\"@type\":\"ImageObject\",\"inLanguage\":\"pt-BR\",\"@id\":\"https:\/\/www.manaus.am.gov.br\/semtepi\/#\/schema\/person\/image\/\",\"url\":\"https:\/\/secure.gravatar.com\/avatar\/f5aab8722444041451501c077052ac07?s=96&d=mm&r=g\",\"contentUrl\":\"https:\/\/secure.gravatar.com\/avatar\/f5aab8722444041451501c077052ac07?s=96&d=mm&r=g\",\"caption\":\"Thiago Fernando\"}}]}<\/script>\n<!-- \/ Yoast SEO plugin. -->","yoast_head_json":{"title":"Prefeito participa da 2\u00aa edi\u00e7\u00e3o da Amazon Tecnogame","description":"O prefeito de Manaus, David Almeida, particiou da 2\u00aa edi\u00e7\u00e3o da Amazon Tecnogame 2023, maior feira de cultura geek e gamer do Norte","robots":{"index":"noindex","follow":"follow"},"og_locale":"pt_BR","og_type":"article","og_title":"Prefeito participa da 2\u00aa edi\u00e7\u00e3o da Amazon Tecnogame","og_description":"O prefeito de Manaus, David Almeida, particiou da 2\u00aa edi\u00e7\u00e3o da Amazon Tecnogame 2023, maior feira de cultura geek e gamer do Norte","og_url":"https:\/\/www.manaus.am.gov.br\/semtepi\/noticia-tecnologia\/prefeito-de-manaus-participa-da-2a-edicao-da-amazon-tecnogame-maior-feira-de-cultura-geek-e-gamer-da-regiao-norte\/","og_site_name":"SEMTEPI","article_published_time":"2023-12-10T14:27:47+00:00","article_modified_time":"2023-12-11T15:54:13+00:00","og_image":[{"width":1600,"height":1066,"url":"https:\/\/www.manaus.am.gov.br\/semtepi\/wp-content\/uploads\/sites\/20\/2023\/12\/WhatsApp-Image-2023-12-10-at-08.23.00.jpeg","type":"image\/jpeg"}],"author":"Thiago Fernando","twitter_card":"summary_large_image","twitter_misc":{"Written by":"Thiago Fernando","Est. reading time":"3 minutos"},"schema":{"@context":"https:\/\/schema.org","@graph":[{"@type":"Article","@id":"https:\/\/www.manaus.am.gov.br\/semtepi\/noticia-tecnologia\/prefeito-de-manaus-participa-da-2a-edicao-da-amazon-tecnogame-maior-feira-de-cultura-geek-e-gamer-da-regiao-norte\/#article","isPartOf":{"@id":"https:\/\/www.manaus.am.gov.br\/semtepi\/noticia-tecnologia\/prefeito-de-manaus-participa-da-2a-edicao-da-amazon-tecnogame-maior-feira-de-cultura-geek-e-gamer-da-regiao-norte\/"},"author":{"name":"Thiago Fernando","@id":"https:\/\/www.manaus.am.gov.br\/semtepi\/#\/schema\/person\/a5ee5376db6e21af026374b369f30882"},"headline":"Prefeito de Manaus participa da 2\u00aa edi\u00e7\u00e3o da Amazon Tecnogame, maior feira de cultura geek e gamer da regi\u00e3o Norte","datePublished":"2023-12-10T14:27:47+00:00","dateModified":"2023-12-11T15:54:13+00:00","mainEntityOfPage":{"@id":"https:\/\/www.manaus.am.gov.br\/semtepi\/noticia-tecnologia\/prefeito-de-manaus-participa-da-2a-edicao-da-amazon-tecnogame-maior-feira-de-cultura-geek-e-gamer-da-regiao-norte\/"},"wordCount":433,"publisher":{"@id":"https:\/\/www.manaus.am.gov.br\/semtepi\/#organization"},"image":{"@id":"https:\/\/www.manaus.am.gov.br\/semtepi\/noticia-tecnologia\/prefeito-de-manaus-participa-da-2a-edicao-da-amazon-tecnogame-maior-feira-de-cultura-geek-e-gamer-da-regiao-norte\/#primaryimage"},"thumbnailUrl":"https:\/\/www.manaus.am.gov.br\/semtepi\/wp-content\/uploads\/sites\/20\/2023\/12\/WhatsApp-Image-2023-12-10-at-08.23.00.jpeg","keywords":["Amazon Tecnogame 2023","cultura geek","gamer","prefeitura de manaus","regi\u00e3o Norte","Semtepi"],"articleSection":["Tecnologia"],"inLanguage":"pt-BR"},{"@type":"WebPage","@id":"https:\/\/www.manaus.am.gov.br\/semtepi\/noticia-tecnologia\/prefeito-de-manaus-participa-da-2a-edicao-da-amazon-tecnogame-maior-feira-de-cultura-geek-e-gamer-da-regiao-norte\/","url":"https:\/\/www.manaus.am.gov.br\/semtepi\/noticia-tecnologia\/prefeito-de-manaus-participa-da-2a-edicao-da-amazon-tecnogame-maior-feira-de-cultura-geek-e-gamer-da-regiao-norte\/","name":"Prefeito participa da 2\u00aa edi\u00e7\u00e3o da Amazon Tecnogame","isPartOf":{"@id":"https:\/\/www.manaus.am.gov.br\/semtepi\/#website"},"primaryImageOfPage":{"@id":"https:\/\/www.manaus.am.gov.br\/semtepi\/noticia-tecnologia\/prefeito-de-manaus-participa-da-2a-edicao-da-amazon-tecnogame-maior-feira-de-cultura-geek-e-gamer-da-regiao-norte\/#primaryimage"},"image":{"@id":"https:\/\/www.manaus.am.gov.br\/semtepi\/noticia-tecnologia\/prefeito-de-manaus-participa-da-2a-edicao-da-amazon-tecnogame-maior-feira-de-cultura-geek-e-gamer-da-regiao-norte\/#primaryimage"},"thumbnailUrl":"https:\/\/www.manaus.am.gov.br\/semtepi\/wp-content\/uploads\/sites\/20\/2023\/12\/WhatsApp-Image-2023-12-10-at-08.23.00.jpeg","datePublished":"2023-12-10T14:27:47+00:00","dateModified":"2023-12-11T15:54:13+00:00","description":"O prefeito de Manaus, David Almeida, particiou da 2\u00aa edi\u00e7\u00e3o da Amazon Tecnogame 2023, maior feira de cultura geek e gamer do Norte","breadcrumb":{"@id":"https:\/\/www.manaus.am.gov.br\/semtepi\/noticia-tecnologia\/prefeito-de-manaus-participa-da-2a-edicao-da-amazon-tecnogame-maior-feira-de-cultura-geek-e-gamer-da-regiao-norte\/#breadcrumb"},"inLanguage":"pt-BR","potentialAction":[{"@type":"ReadAction","target":["https:\/\/www.manaus.am.gov.br\/semtepi\/noticia-tecnologia\/prefeito-de-manaus-participa-da-2a-edicao-da-amazon-tecnogame-maior-feira-de-cultura-geek-e-gamer-da-regiao-norte\/"]}]},{"@type":"ImageObject","inLanguage":"pt-BR","@id":"https:\/\/www.manaus.am.gov.br\/semtepi\/noticia-tecnologia\/prefeito-de-manaus-participa-da-2a-edicao-da-amazon-tecnogame-maior-feira-de-cultura-geek-e-gamer-da-regiao-norte\/#primaryimage","url":"https:\/\/www.manaus.am.gov.br\/semtepi\/wp-content\/uploads\/sites\/20\/2023\/12\/WhatsApp-Image-2023-12-10-at-08.23.00.jpeg","contentUrl":"https:\/\/www.manaus.am.gov.br\/semtepi\/wp-content\/uploads\/sites\/20\/2023\/12\/WhatsApp-Image-2023-12-10-at-08.23.00.jpeg","width":1600,"height":1066,"caption":"#paratodosverem - Prefeito David Almeida tira foto com organizadores e p\u00fablico presente na feira"},{"@type":"BreadcrumbList","@id":"https:\/\/www.manaus.am.gov.br\/semtepi\/noticia-tecnologia\/prefeito-de-manaus-participa-da-2a-edicao-da-amazon-tecnogame-maior-feira-de-cultura-geek-e-gamer-da-regiao-norte\/#breadcrumb","itemListElement":[{"@type":"ListItem","position":1,"name":"Home","item":"https:\/\/www.manaus.am.gov.br\/semtepi\/"},{"@type":"ListItem","position":2,"name":"Prefeito de Manaus participa da 2\u00aa edi\u00e7\u00e3o da Amazon Tecnogame, maior feira de cultura geek e gamer da regi\u00e3o Norte"}]},{"@type":"WebSite","@id":"https:\/\/www.manaus.am.gov.br\/semtepi\/#website","url":"https:\/\/www.manaus.am.gov.br\/semtepi\/","name":"SEMTEPI","description":"Prefeitura de Manaus","publisher":{"@id":"https:\/\/www.manaus.am.gov.br\/semtepi\/#organization"},"alternateName":"Secretaria Municipal do Trabalho, Empreendedorismo e Inova\u00e7\u00e3o","potentialAction":[{"@type":"SearchAction","target":{"@type":"EntryPoint","urlTemplate":"https:\/\/www.manaus.am.gov.br\/semtepi\/?s={search_term_string}"},"query-input":"required name=search_term_string"}],"inLanguage":"pt-BR"},{"@type":"Organization","@id":"https:\/\/www.manaus.am.gov.br\/semtepi\/#organization","name":"Prefeitura Municipal de Manaus","alternateName":"Prefeitura de Manaus","url":"https:\/\/www.manaus.am.gov.br\/semtepi\/","logo":{"@type":"ImageObject","inLanguage":"pt-BR","@id":"https:\/\/www.manaus.am.gov.br\/semtepi\/#\/schema\/logo\/image\/","url":"https:\/\/www.manaus.am.gov.br\/semtepi\/wp-content\/uploads\/sites\/20\/2024\/07\/favicon.png","contentUrl":"https:\/\/www.manaus.am.gov.br\/semtepi\/wp-content\/uploads\/sites\/20\/2024\/07\/favicon.png","width":300,"height":300,"caption":"Prefeitura Municipal de Manaus"},"image":{"@id":"https:\/\/www.manaus.am.gov.br\/semtepi\/#\/schema\/logo\/image\/"}},{"@type":"Person","@id":"https:\/\/www.manaus.am.gov.br\/semtepi\/#\/schema\/person\/a5ee5376db6e21af026374b369f30882","name":"Thiago Fernando","image":{"@type":"ImageObject","inLanguage":"pt-BR","@id":"https:\/\/www.manaus.am.gov.br\/semtepi\/#\/schema\/person\/image\/","url":"https:\/\/secure.gravatar.com\/avatar\/f5aab8722444041451501c077052ac07?s=96&d=mm&r=g","contentUrl":"https:\/\/secure.gravatar.com\/avatar\/f5aab8722444041451501c077052ac07?s=96&d=mm&r=g","caption":"Thiago Fernando"}}]}},"_links":{"self":[{"href":"https:\/\/www.manaus.am.gov.br\/semtepi\/wp-json\/wp\/v2\/posts\/3494"}],"collection":[{"href":"https:\/\/www.manaus.am.gov.br\/semtepi\/wp-json\/wp\/v2\/posts"}],"about":[{"href":"https:\/\/www.manaus.am.gov.br\/semtepi\/wp-json\/wp\/v2\/types\/post"}],"author":[{"embeddable":true,"href":"https:\/\/www.manaus.am.gov.br\/semtepi\/wp-json\/wp\/v2\/users\/57"}],"replies":[{"embeddable":true,"href":"https:\/\/www.manaus.am.gov.br\/semtepi\/wp-json\/wp\/v2\/comments?post=3494"}],"version-history":[{"count":1,"href":"https:\/\/www.manaus.am.gov.br\/semtepi\/wp-json\/wp\/v2\/posts\/3494\/revisions"}],"predecessor-version":[{"id":3496,"href":"https:\/\/www.manaus.am.gov.br\/semtepi\/wp-json\/wp\/v2\/posts\/3494\/revisions\/3496"}],"wp:featuredmedia":[{"embeddable":true,"href":"https:\/\/www.manaus.am.gov.br\/semtepi\/wp-json\/wp\/v2\/media\/3495"}],"wp:attachment":[{"href":"https:\/\/www.manaus.am.gov.br\/semtepi\/wp-json\/wp\/v2\/media?parent=3494"}],"wp:term":[{"taxonomy":"category","embeddable":true,"href":"https:\/\/www.manaus.am.gov.br\/semtepi\/wp-json\/wp\/v2\/categories?post=3494"},{"taxonomy":"post_tag","embeddable":true,"href":"https:\/\/www.manaus.am.gov.br\/semtepi\/wp-json\/wp\/v2\/tags?post=3494"}],"curies":[{"name":"wp","href":"https:\/\/api.w.org\/{rel}","templated":true}]}}