{"id":3442,"date":"2023-12-07T12:15:25","date_gmt":"2023-12-07T16:15:25","guid":{"rendered":"https:\/\/www.manaus.am.gov.br\/semtepi\/sem-categoria\/prefeitura-de-manaus-divulga-lista-de-selecionados-em-curso-do-senac\/"},"modified":"2023-12-07T12:15:25","modified_gmt":"2023-12-07T16:15:25","slug":"prefeitura-de-manaus-divulga-lista-de-selecionados-em-curso-do-senac","status":"publish","type":"post","link":"https:\/\/www.manaus.am.gov.br\/semtepi\/qualificacao\/prefeitura-de-manaus-divulga-lista-de-selecionados-em-curso-do-senac\/","title":{"rendered":"Prefeitura de Manaus divulga lista de selecionados em curso do Senac"},"content":{"rendered":"\n<p>A Prefeitura de Manaus, por meio da Secretaria Municipal do Trabalho, Empreendedorismo e Inova\u00e7\u00e3o (Semtepi), divulga, nesta quinta-feira, 7\/12, a lista de selecionados para o curso \u201cInove e Melhore suas Vendas\u201d, que&nbsp;integra o projeto \u201cQualificar \u00e9 o Caminho Certo para Empregar\u201d.<\/p>\n\n\n\n<p>Executado pelo Servi\u00e7o Nacional de Aprendizagem Comercial (Senac), o curso tem o objetivo de capacitar os empreendedores para se destacarem no mercado, adaptarem-se \u00e0s mudan\u00e7as nas tend\u00eancias de consumo e melhorarem o desempenho de seus neg\u00f3cios e vendas.<\/p>\n\n\n\n<p>De acordo com o secret\u00e1rio da Semtepi, Radyr J\u00fanior, a estimativa \u00e9 aumentar as oportunidades de qualifica\u00e7\u00e3o para melhorar os empreendimentos manauaras.<\/p>\n\n\n\n<p>\u201cNossa meta para 2024 \u00e9 melhorar o rendimento de neg\u00f3cios desses empreendedores, capacitando-os e preparando-os para o mercado, que est\u00e1 cada vez mais exigente e competitivo. Em sala de aula \u00e9 poss\u00edvel observar a quantidade de concorrentes presentes e a forma que eles t\u00eam de contornar isso \u00e9 evitar a evas\u00e3o no curso e procurar as ferramentas essenciais para se destacar\u201d, frisou Radyr.<\/p>\n\n\n\n<p>No total, ser\u00e3o duas turmas com 50 alunos cada, nos turnos matutino, das 9h \u00e0s 12h, e vespertino, das 13h30 \u00e0s 16h30. As aulas acontecer\u00e3o de 11 a 16\/12,&nbsp;na sala de treinamento do Sine Manaus, localizado na avenida Constantino Nery, n\u00ba 1.272, bairro S\u00e3o Geraldo, zona Centro-Sul.&nbsp;<\/p>\n\n\n\n<p>No primeiro dia de curso, os participantes devem apresentar os seguintes documentos (originais e c\u00f3pias): RG, CPF e comprovantes de escolaridade e resid\u00eancia.<\/p>\n\n\n\n<p><a href=\"https:\/\/www.manaus.am.gov.br\/semtepi\/wp-content\/uploads\/sites\/20\/2023\/12\/Lista-Selecionados-Senac.pdf\">https:\/\/www.manaus.am.gov.br\/semtepi\/wp-content\/uploads\/sites\/20\/2023\/12\/Lista-Selecionados-Senac.pdf<\/a><\/p>\n\n\n\n<p>&#8212; &#8212; &#8212;<\/p>\n\n\n\n<p><strong>Texto \u2013&nbsp;<\/strong>Fabiane Monteiro \/ Semtepi<\/p>\n\n\n\n<p><strong>Fotos \u2013&nbsp;<\/strong>Arquivo\/Semcom<\/p>\n","protected":false},"excerpt":{"rendered":"","protected":false},"author":23,"featured_media":3444,"comment_status":"closed","ping_status":"closed","sticky":false,"template":"","format":"standard","meta":{"footnotes":""},"categories":[82],"tags":[252,8,225,9,472,735],"acf":[],"yoast_head":"<!-- This site is optimized with the Yoast SEO plugin v23.0 - https:\/\/yoast.com\/wordpress\/plugins\/seo\/ -->\n<title>Prefeitura de Manaus divulga lista de selecionados em curso do Senac<\/title>\n<meta name=\"description\" content=\"A Prefeitura de Manaus, por meio da Secretaria Municipal do Trabalho, Empreendedorismo e Inova\u00e7\u00e3o (Semtepi), divulga, nesta quinta-feira, 7\/12, a lista de selecionados para o curso \u201cInove e Melhore suas Vendas\u201d, que\u00a0integra o projeto \u201cQualificar \u00e9 o Caminho Certo para Empregar\u201d.\" \/>\n<meta name=\"robots\" content=\"noindex, follow\" \/>\n<meta property=\"og:locale\" content=\"pt_BR\" \/>\n<meta property=\"og:type\" content=\"article\" \/>\n<meta property=\"og:title\" content=\"Prefeitura de Manaus divulga lista de selecionados em curso do Senac\" \/>\n<meta property=\"og:description\" content=\"A Prefeitura de Manaus, por meio da Secretaria Municipal do Trabalho, Empreendedorismo e Inova\u00e7\u00e3o (Semtepi), divulga, nesta quinta-feira, 7\/12, a lista de selecionados para o curso \u201cInove e Melhore suas Vendas\u201d, que\u00a0integra o projeto \u201cQualificar \u00e9 o Caminho Certo para Empregar\u201d.\" \/>\n<meta property=\"og:url\" content=\"https:\/\/www.manaus.am.gov.br\/semtepi\/qualificacao\/prefeitura-de-manaus-divulga-lista-de-selecionados-em-curso-do-senac\/\" \/>\n<meta property=\"og:site_name\" content=\"SEMTEPI\" \/>\n<meta property=\"article:published_time\" content=\"2023-12-07T16:15:25+00:00\" \/>\n<meta property=\"og:image\" content=\"https:\/\/www.manaus.am.gov.br\/semtepi\/wp-content\/uploads\/sites\/20\/2023\/12\/53218140509_bb4ea9c99c_c.jpg\" \/>\n\t<meta property=\"og:image:width\" content=\"799\" \/>\n\t<meta property=\"og:image:height\" content=\"533\" \/>\n\t<meta property=\"og:image:type\" content=\"image\/jpeg\" \/>\n<meta name=\"author\" content=\"Adriana Costa\" \/>\n<meta name=\"twitter:card\" content=\"summary_large_image\" \/>\n<meta name=\"twitter:label1\" content=\"Written by\" \/>\n\t<meta name=\"twitter:data1\" content=\"Adriana Costa\" \/>\n\t<meta name=\"twitter:label2\" content=\"Est. reading time\" \/>\n\t<meta name=\"twitter:data2\" content=\"2 minutos\" \/>\n<script type=\"application\/ld+json\" class=\"yoast-schema-graph\">{\"@context\":\"https:\/\/schema.org\",\"@graph\":[{\"@type\":\"Article\",\"@id\":\"https:\/\/www.manaus.am.gov.br\/semtepi\/qualificacao\/prefeitura-de-manaus-divulga-lista-de-selecionados-em-curso-do-senac\/#article\",\"isPartOf\":{\"@id\":\"https:\/\/www.manaus.am.gov.br\/semtepi\/qualificacao\/prefeitura-de-manaus-divulga-lista-de-selecionados-em-curso-do-senac\/\"},\"author\":{\"name\":\"Adriana Costa\",\"@id\":\"https:\/\/www.manaus.am.gov.br\/semtepi\/#\/schema\/person\/4e49f4e267757a06ca072ec61b2b9968\"},\"headline\":\"Prefeitura de Manaus divulga lista de selecionados em curso do Senac\",\"datePublished\":\"2023-12-07T16:15:25+00:00\",\"dateModified\":\"2023-12-07T16:15:25+00:00\",\"mainEntityOfPage\":{\"@id\":\"https:\/\/www.manaus.am.gov.br\/semtepi\/qualificacao\/prefeitura-de-manaus-divulga-lista-de-selecionados-em-curso-do-senac\/\"},\"wordCount\":280,\"publisher\":{\"@id\":\"https:\/\/www.manaus.am.gov.br\/semtepi\/#organization\"},\"image\":{\"@id\":\"https:\/\/www.manaus.am.gov.br\/semtepi\/qualificacao\/prefeitura-de-manaus-divulga-lista-de-selecionados-em-curso-do-senac\/#primaryimage\"},\"thumbnailUrl\":\"https:\/\/www.manaus.am.gov.br\/semtepi\/wp-content\/uploads\/sites\/20\/2023\/12\/53218140509_bb4ea9c99c_c.jpg\",\"keywords\":[\"curso\",\"prefeitura de manaus\",\"selecionados\",\"Semtepi\",\"senac\",\"vendas\"],\"articleSection\":[\"Qualifica\u00e7\u00e3o\"],\"inLanguage\":\"pt-BR\"},{\"@type\":\"WebPage\",\"@id\":\"https:\/\/www.manaus.am.gov.br\/semtepi\/qualificacao\/prefeitura-de-manaus-divulga-lista-de-selecionados-em-curso-do-senac\/\",\"url\":\"https:\/\/www.manaus.am.gov.br\/semtepi\/qualificacao\/prefeitura-de-manaus-divulga-lista-de-selecionados-em-curso-do-senac\/\",\"name\":\"Prefeitura de Manaus divulga lista de selecionados em curso do Senac\",\"isPartOf\":{\"@id\":\"https:\/\/www.manaus.am.gov.br\/semtepi\/#website\"},\"primaryImageOfPage\":{\"@id\":\"https:\/\/www.manaus.am.gov.br\/semtepi\/qualificacao\/prefeitura-de-manaus-divulga-lista-de-selecionados-em-curso-do-senac\/#primaryimage\"},\"image\":{\"@id\":\"https:\/\/www.manaus.am.gov.br\/semtepi\/qualificacao\/prefeitura-de-manaus-divulga-lista-de-selecionados-em-curso-do-senac\/#primaryimage\"},\"thumbnailUrl\":\"https:\/\/www.manaus.am.gov.br\/semtepi\/wp-content\/uploads\/sites\/20\/2023\/12\/53218140509_bb4ea9c99c_c.jpg\",\"datePublished\":\"2023-12-07T16:15:25+00:00\",\"dateModified\":\"2023-12-07T16:15:25+00:00\",\"description\":\"A Prefeitura de Manaus, por meio da Secretaria Municipal do Trabalho, Empreendedorismo e Inova\u00e7\u00e3o (Semtepi), divulga, nesta quinta-feira, 7\/12, a lista de selecionados para o curso \u201cInove e Melhore suas Vendas\u201d, que\u00a0integra o projeto \u201cQualificar \u00e9 o Caminho Certo para Empregar\u201d.\",\"breadcrumb\":{\"@id\":\"https:\/\/www.manaus.am.gov.br\/semtepi\/qualificacao\/prefeitura-de-manaus-divulga-lista-de-selecionados-em-curso-do-senac\/#breadcrumb\"},\"inLanguage\":\"pt-BR\",\"potentialAction\":[{\"@type\":\"ReadAction\",\"target\":[\"https:\/\/www.manaus.am.gov.br\/semtepi\/qualificacao\/prefeitura-de-manaus-divulga-lista-de-selecionados-em-curso-do-senac\/\"]}]},{\"@type\":\"ImageObject\",\"inLanguage\":\"pt-BR\",\"@id\":\"https:\/\/www.manaus.am.gov.br\/semtepi\/qualificacao\/prefeitura-de-manaus-divulga-lista-de-selecionados-em-curso-do-senac\/#primaryimage\",\"url\":\"https:\/\/www.manaus.am.gov.br\/semtepi\/wp-content\/uploads\/sites\/20\/2023\/12\/53218140509_bb4ea9c99c_c.jpg\",\"contentUrl\":\"https:\/\/www.manaus.am.gov.br\/semtepi\/wp-content\/uploads\/sites\/20\/2023\/12\/53218140509_bb4ea9c99c_c.jpg\",\"width\":799,\"height\":533},{\"@type\":\"BreadcrumbList\",\"@id\":\"https:\/\/www.manaus.am.gov.br\/semtepi\/qualificacao\/prefeitura-de-manaus-divulga-lista-de-selecionados-em-curso-do-senac\/#breadcrumb\",\"itemListElement\":[{\"@type\":\"ListItem\",\"position\":1,\"name\":\"Home\",\"item\":\"https:\/\/www.manaus.am.gov.br\/semtepi\/\"},{\"@type\":\"ListItem\",\"position\":2,\"name\":\"Prefeitura de Manaus divulga lista de selecionados em curso do Senac\"}]},{\"@type\":\"WebSite\",\"@id\":\"https:\/\/www.manaus.am.gov.br\/semtepi\/#website\",\"url\":\"https:\/\/www.manaus.am.gov.br\/semtepi\/\",\"name\":\"SEMTEPI\",\"description\":\"Prefeitura de Manaus\",\"publisher\":{\"@id\":\"https:\/\/www.manaus.am.gov.br\/semtepi\/#organization\"},\"alternateName\":\"Secretaria Municipal do Trabalho, Empreendedorismo e Inova\u00e7\u00e3o\",\"potentialAction\":[{\"@type\":\"SearchAction\",\"target\":{\"@type\":\"EntryPoint\",\"urlTemplate\":\"https:\/\/www.manaus.am.gov.br\/semtepi\/?s={search_term_string}\"},\"query-input\":\"required name=search_term_string\"}],\"inLanguage\":\"pt-BR\"},{\"@type\":\"Organization\",\"@id\":\"https:\/\/www.manaus.am.gov.br\/semtepi\/#organization\",\"name\":\"Prefeitura Municipal de Manaus\",\"alternateName\":\"Prefeitura de Manaus\",\"url\":\"https:\/\/www.manaus.am.gov.br\/semtepi\/\",\"logo\":{\"@type\":\"ImageObject\",\"inLanguage\":\"pt-BR\",\"@id\":\"https:\/\/www.manaus.am.gov.br\/semtepi\/#\/schema\/logo\/image\/\",\"url\":\"https:\/\/www.manaus.am.gov.br\/semtepi\/wp-content\/uploads\/sites\/20\/2024\/07\/favicon.png\",\"contentUrl\":\"https:\/\/www.manaus.am.gov.br\/semtepi\/wp-content\/uploads\/sites\/20\/2024\/07\/favicon.png\",\"width\":300,\"height\":300,\"caption\":\"Prefeitura Municipal de Manaus\"},\"image\":{\"@id\":\"https:\/\/www.manaus.am.gov.br\/semtepi\/#\/schema\/logo\/image\/\"}},{\"@type\":\"Person\",\"@id\":\"https:\/\/www.manaus.am.gov.br\/semtepi\/#\/schema\/person\/4e49f4e267757a06ca072ec61b2b9968\",\"name\":\"Adriana Costa\",\"image\":{\"@type\":\"ImageObject\",\"inLanguage\":\"pt-BR\",\"@id\":\"https:\/\/www.manaus.am.gov.br\/semtepi\/#\/schema\/person\/image\/\",\"url\":\"https:\/\/secure.gravatar.com\/avatar\/576258617ef7194f718179e766d57bd4?s=96&d=mm&r=g\",\"contentUrl\":\"https:\/\/secure.gravatar.com\/avatar\/576258617ef7194f718179e766d57bd4?s=96&d=mm&r=g\",\"caption\":\"Adriana Costa\"}}]}<\/script>\n<!-- \/ Yoast SEO plugin. -->","yoast_head_json":{"title":"Prefeitura de Manaus divulga lista de selecionados em curso do Senac","description":"A Prefeitura de Manaus, por meio da Secretaria Municipal do Trabalho, Empreendedorismo e Inova\u00e7\u00e3o (Semtepi), divulga, nesta quinta-feira, 7\/12, a lista de selecionados para o curso \u201cInove e Melhore suas Vendas\u201d, que\u00a0integra o projeto \u201cQualificar \u00e9 o Caminho Certo para Empregar\u201d.","robots":{"index":"noindex","follow":"follow"},"og_locale":"pt_BR","og_type":"article","og_title":"Prefeitura de Manaus divulga lista de selecionados em curso do Senac","og_description":"A Prefeitura de Manaus, por meio da Secretaria Municipal do Trabalho, Empreendedorismo e Inova\u00e7\u00e3o (Semtepi), divulga, nesta quinta-feira, 7\/12, a lista de selecionados para o curso \u201cInove e Melhore suas Vendas\u201d, que\u00a0integra o projeto \u201cQualificar \u00e9 o Caminho Certo para Empregar\u201d.","og_url":"https:\/\/www.manaus.am.gov.br\/semtepi\/qualificacao\/prefeitura-de-manaus-divulga-lista-de-selecionados-em-curso-do-senac\/","og_site_name":"SEMTEPI","article_published_time":"2023-12-07T16:15:25+00:00","og_image":[{"width":799,"height":533,"url":"https:\/\/www.manaus.am.gov.br\/semtepi\/wp-content\/uploads\/sites\/20\/2023\/12\/53218140509_bb4ea9c99c_c.jpg","type":"image\/jpeg"}],"author":"Adriana Costa","twitter_card":"summary_large_image","twitter_misc":{"Written by":"Adriana Costa","Est. reading time":"2 minutos"},"schema":{"@context":"https:\/\/schema.org","@graph":[{"@type":"Article","@id":"https:\/\/www.manaus.am.gov.br\/semtepi\/qualificacao\/prefeitura-de-manaus-divulga-lista-de-selecionados-em-curso-do-senac\/#article","isPartOf":{"@id":"https:\/\/www.manaus.am.gov.br\/semtepi\/qualificacao\/prefeitura-de-manaus-divulga-lista-de-selecionados-em-curso-do-senac\/"},"author":{"name":"Adriana Costa","@id":"https:\/\/www.manaus.am.gov.br\/semtepi\/#\/schema\/person\/4e49f4e267757a06ca072ec61b2b9968"},"headline":"Prefeitura de Manaus divulga lista de selecionados em curso do Senac","datePublished":"2023-12-07T16:15:25+00:00","dateModified":"2023-12-07T16:15:25+00:00","mainEntityOfPage":{"@id":"https:\/\/www.manaus.am.gov.br\/semtepi\/qualificacao\/prefeitura-de-manaus-divulga-lista-de-selecionados-em-curso-do-senac\/"},"wordCount":280,"publisher":{"@id":"https:\/\/www.manaus.am.gov.br\/semtepi\/#organization"},"image":{"@id":"https:\/\/www.manaus.am.gov.br\/semtepi\/qualificacao\/prefeitura-de-manaus-divulga-lista-de-selecionados-em-curso-do-senac\/#primaryimage"},"thumbnailUrl":"https:\/\/www.manaus.am.gov.br\/semtepi\/wp-content\/uploads\/sites\/20\/2023\/12\/53218140509_bb4ea9c99c_c.jpg","keywords":["curso","prefeitura de manaus","selecionados","Semtepi","senac","vendas"],"articleSection":["Qualifica\u00e7\u00e3o"],"inLanguage":"pt-BR"},{"@type":"WebPage","@id":"https:\/\/www.manaus.am.gov.br\/semtepi\/qualificacao\/prefeitura-de-manaus-divulga-lista-de-selecionados-em-curso-do-senac\/","url":"https:\/\/www.manaus.am.gov.br\/semtepi\/qualificacao\/prefeitura-de-manaus-divulga-lista-de-selecionados-em-curso-do-senac\/","name":"Prefeitura de Manaus divulga lista de selecionados em curso do Senac","isPartOf":{"@id":"https:\/\/www.manaus.am.gov.br\/semtepi\/#website"},"primaryImageOfPage":{"@id":"https:\/\/www.manaus.am.gov.br\/semtepi\/qualificacao\/prefeitura-de-manaus-divulga-lista-de-selecionados-em-curso-do-senac\/#primaryimage"},"image":{"@id":"https:\/\/www.manaus.am.gov.br\/semtepi\/qualificacao\/prefeitura-de-manaus-divulga-lista-de-selecionados-em-curso-do-senac\/#primaryimage"},"thumbnailUrl":"https:\/\/www.manaus.am.gov.br\/semtepi\/wp-content\/uploads\/sites\/20\/2023\/12\/53218140509_bb4ea9c99c_c.jpg","datePublished":"2023-12-07T16:15:25+00:00","dateModified":"2023-12-07T16:15:25+00:00","description":"A Prefeitura de Manaus, por meio da Secretaria Municipal do Trabalho, Empreendedorismo e Inova\u00e7\u00e3o (Semtepi), divulga, nesta quinta-feira, 7\/12, a lista de selecionados para o curso \u201cInove e Melhore suas Vendas\u201d, que\u00a0integra o projeto \u201cQualificar \u00e9 o Caminho Certo para Empregar\u201d.","breadcrumb":{"@id":"https:\/\/www.manaus.am.gov.br\/semtepi\/qualificacao\/prefeitura-de-manaus-divulga-lista-de-selecionados-em-curso-do-senac\/#breadcrumb"},"inLanguage":"pt-BR","potentialAction":[{"@type":"ReadAction","target":["https:\/\/www.manaus.am.gov.br\/semtepi\/qualificacao\/prefeitura-de-manaus-divulga-lista-de-selecionados-em-curso-do-senac\/"]}]},{"@type":"ImageObject","inLanguage":"pt-BR","@id":"https:\/\/www.manaus.am.gov.br\/semtepi\/qualificacao\/prefeitura-de-manaus-divulga-lista-de-selecionados-em-curso-do-senac\/#primaryimage","url":"https:\/\/www.manaus.am.gov.br\/semtepi\/wp-content\/uploads\/sites\/20\/2023\/12\/53218140509_bb4ea9c99c_c.jpg","contentUrl":"https:\/\/www.manaus.am.gov.br\/semtepi\/wp-content\/uploads\/sites\/20\/2023\/12\/53218140509_bb4ea9c99c_c.jpg","width":799,"height":533},{"@type":"BreadcrumbList","@id":"https:\/\/www.manaus.am.gov.br\/semtepi\/qualificacao\/prefeitura-de-manaus-divulga-lista-de-selecionados-em-curso-do-senac\/#breadcrumb","itemListElement":[{"@type":"ListItem","position":1,"name":"Home","item":"https:\/\/www.manaus.am.gov.br\/semtepi\/"},{"@type":"ListItem","position":2,"name":"Prefeitura de Manaus divulga lista de selecionados em curso do Senac"}]},{"@type":"WebSite","@id":"https:\/\/www.manaus.am.gov.br\/semtepi\/#website","url":"https:\/\/www.manaus.am.gov.br\/semtepi\/","name":"SEMTEPI","description":"Prefeitura de Manaus","publisher":{"@id":"https:\/\/www.manaus.am.gov.br\/semtepi\/#organization"},"alternateName":"Secretaria Municipal do Trabalho, Empreendedorismo e Inova\u00e7\u00e3o","potentialAction":[{"@type":"SearchAction","target":{"@type":"EntryPoint","urlTemplate":"https:\/\/www.manaus.am.gov.br\/semtepi\/?s={search_term_string}"},"query-input":"required name=search_term_string"}],"inLanguage":"pt-BR"},{"@type":"Organization","@id":"https:\/\/www.manaus.am.gov.br\/semtepi\/#organization","name":"Prefeitura Municipal de Manaus","alternateName":"Prefeitura de Manaus","url":"https:\/\/www.manaus.am.gov.br\/semtepi\/","logo":{"@type":"ImageObject","inLanguage":"pt-BR","@id":"https:\/\/www.manaus.am.gov.br\/semtepi\/#\/schema\/logo\/image\/","url":"https:\/\/www.manaus.am.gov.br\/semtepi\/wp-content\/uploads\/sites\/20\/2024\/07\/favicon.png","contentUrl":"https:\/\/www.manaus.am.gov.br\/semtepi\/wp-content\/uploads\/sites\/20\/2024\/07\/favicon.png","width":300,"height":300,"caption":"Prefeitura Municipal de Manaus"},"image":{"@id":"https:\/\/www.manaus.am.gov.br\/semtepi\/#\/schema\/logo\/image\/"}},{"@type":"Person","@id":"https:\/\/www.manaus.am.gov.br\/semtepi\/#\/schema\/person\/4e49f4e267757a06ca072ec61b2b9968","name":"Adriana Costa","image":{"@type":"ImageObject","inLanguage":"pt-BR","@id":"https:\/\/www.manaus.am.gov.br\/semtepi\/#\/schema\/person\/image\/","url":"https:\/\/secure.gravatar.com\/avatar\/576258617ef7194f718179e766d57bd4?s=96&d=mm&r=g","contentUrl":"https:\/\/secure.gravatar.com\/avatar\/576258617ef7194f718179e766d57bd4?s=96&d=mm&r=g","caption":"Adriana Costa"}}]}},"_links":{"self":[{"href":"https:\/\/www.manaus.am.gov.br\/semtepi\/wp-json\/wp\/v2\/posts\/3442"}],"collection":[{"href":"https:\/\/www.manaus.am.gov.br\/semtepi\/wp-json\/wp\/v2\/posts"}],"about":[{"href":"https:\/\/www.manaus.am.gov.br\/semtepi\/wp-json\/wp\/v2\/types\/post"}],"author":[{"embeddable":true,"href":"https:\/\/www.manaus.am.gov.br\/semtepi\/wp-json\/wp\/v2\/users\/23"}],"replies":[{"embeddable":true,"href":"https:\/\/www.manaus.am.gov.br\/semtepi\/wp-json\/wp\/v2\/comments?post=3442"}],"version-history":[{"count":1,"href":"https:\/\/www.manaus.am.gov.br\/semtepi\/wp-json\/wp\/v2\/posts\/3442\/revisions"}],"predecessor-version":[{"id":3445,"href":"https:\/\/www.manaus.am.gov.br\/semtepi\/wp-json\/wp\/v2\/posts\/3442\/revisions\/3445"}],"wp:featuredmedia":[{"embeddable":true,"href":"https:\/\/www.manaus.am.gov.br\/semtepi\/wp-json\/wp\/v2\/media\/3444"}],"wp:attachment":[{"href":"https:\/\/www.manaus.am.gov.br\/semtepi\/wp-json\/wp\/v2\/media?parent=3442"}],"wp:term":[{"taxonomy":"category","embeddable":true,"href":"https:\/\/www.manaus.am.gov.br\/semtepi\/wp-json\/wp\/v2\/categories?post=3442"},{"taxonomy":"post_tag","embeddable":true,"href":"https:\/\/www.manaus.am.gov.br\/semtepi\/wp-json\/wp\/v2\/tags?post=3442"}],"curies":[{"name":"wp","href":"https:\/\/api.w.org\/{rel}","templated":true}]}}