{"id":3437,"date":"2023-12-07T11:25:54","date_gmt":"2023-12-07T15:25:54","guid":{"rendered":"https:\/\/www.manaus.am.gov.br\/semtepi\/sem-categoria\/prefeitura-promove-acao-itinerante-do-sine-nos-bairros-em-dois-pontos-estrategicos-da-zona-leste-de-manaus\/"},"modified":"2023-12-07T11:25:56","modified_gmt":"2023-12-07T15:25:56","slug":"prefeitura-promove-acao-itinerante-do-sine-nos-bairros-em-dois-pontos-estrategicos-da-zona-leste-de-manaus","status":"publish","type":"post","link":"https:\/\/www.manaus.am.gov.br\/semtepi\/servicos\/prefeitura-promove-acao-itinerante-do-sine-nos-bairros-em-dois-pontos-estrategicos-da-zona-leste-de-manaus\/","title":{"rendered":"Prefeitura promove a\u00e7\u00e3o itinerante do \u2018Sine nos Bairros\u2019 em dois pontos estrat\u00e9gicos da zona Leste de Manaus"},"content":{"rendered":"\n<p>A Prefeitura de Manaus, por meio da Secretaria Municipal do Trabalho, Empreendedorismo e Inova\u00e7\u00e3o (Semtepi), promove, neste s\u00e1bado, 9\/11, das 8h \u00e0s 12h, duas a\u00e7\u00f5es do \u201cSine nos Bairros\u201d em dois pontos da zona Leste, nos bairros Bela Vista do Puraquequara e Cidade de Deus.<\/p>\n\n\n\n<p>A a\u00e7\u00e3o itinerante faz parte do programa \u201cSine nos Bairros\u201d, que tem o objetivo de alcan\u00e7ar os moradores das zonas de dif\u00edcil acesso aos servi\u00e7os da Prefeitura de Manaus. Dentre as atividades oferecidas est\u00e1 a oferta de vagas de emprego, orienta\u00e7\u00f5es sobre a CTPS digital e seguro-desemprego.<\/p>\n\n\n\n<p>\u201cA iniciativa do \u2018Sine nos Bairros\u2019 desempenha um papel fundamental no suporte \u00e0 popula\u00e7\u00e3o de nossa cidade. Nos comprometemos a abranger todas as \u00e1reas da cidade, por meio de nossos servi\u00e7os itinerantes, reconhecendo a import\u00e2ncia de alcan\u00e7ar cada comunidade. Convido os residentes da zona Leste a usufru\u00edrem dos servi\u00e7os do sistema mais eficiente do Brasil\u201d, destacou o secret\u00e1rio da Semtepi, Radyr J\u00fanior.<\/p>\n\n\n\n<p>A equipe do Sine ser\u00e1 direcionada para dois locais estrat\u00e9gicos na zona Leste: na escola municipal Francisco Nunes da Silva, situada na rua Princesa Dayana, s\/n\u00ba, bairro Bela Vista do Puraquequara; e na Igreja Evang\u00e9lica Assembleia de Deus no Amazonas (Ieadam), localizada na rua Hebron, n\u00ba 340, bairro Cidade de Deus.<\/p>\n\n\n\n<p>\u00c9 importante que os candidatos fiquem atentos \u00e0 documenta\u00e7\u00e3o necess\u00e1ria para concorrer \u00e0s vagas de emprego: comprovante de vacina\u00e7\u00e3o (Covid-19), curr\u00edculo e documentos pessoais (RG, CPF, PIS, CTPS, comprovante de escolaridade e resid\u00eancia). N\u00e3o \u00e9 necess\u00e1rio apresentar c\u00f3pias, somente os documentos originais.<\/p>\n\n\n\n<p>&#8212; &#8212; &#8212;<\/p>\n\n\n\n<p><strong>Texto&nbsp;<\/strong>\u2013 Fabiane Monteiro \/ Semtepi<\/p>\n\n\n\n<p><strong>Fotos \u2013 <\/strong>Cl\u00f3vis Miranda \/ Arquivo Semcom<\/p>\n\n\n\n<p><strong>Dispon\u00edveis em &#8211; <\/strong><a href=\"https:\/\/flic.kr\/s\/aHBqjB4Fy9\">https:\/\/flic.kr\/s\/aHBqjB4Fy9<\/a><\/p>\n\n\n\n<p> <\/p>\n","protected":false},"excerpt":{"rendered":"","protected":false},"author":39,"featured_media":3438,"comment_status":"closed","ping_status":"closed","sticky":false,"template":"","format":"standard","meta":{"footnotes":""},"categories":[29],"tags":[594,829,830,8,9,417],"acf":[],"yoast_head":"<!-- This site is optimized with the Yoast SEO plugin v23.0 - https:\/\/yoast.com\/wordpress\/plugins\/seo\/ -->\n<title>Prefeitura promove Sine nos Bairros em dois pontos da zona Leste<\/title>\n<meta name=\"description\" content=\"Prefeitura promove duas a\u00e7\u00f5es do \u201cSine nos Bairros\u201d em dois pontos da zona Leste, nos bairros Bela Vista do Puraquequara e Cidade de Deus.\" \/>\n<meta name=\"robots\" content=\"noindex, follow\" \/>\n<meta property=\"og:locale\" content=\"pt_BR\" \/>\n<meta property=\"og:type\" content=\"article\" \/>\n<meta property=\"og:title\" content=\"Prefeitura promove Sine nos Bairros em dois pontos da zona Leste\" \/>\n<meta property=\"og:description\" content=\"Prefeitura promove duas a\u00e7\u00f5es do \u201cSine nos Bairros\u201d em dois pontos da zona Leste, nos bairros Bela Vista do Puraquequara e Cidade de Deus.\" \/>\n<meta property=\"og:url\" content=\"https:\/\/www.manaus.am.gov.br\/semtepi\/servicos\/prefeitura-promove-acao-itinerante-do-sine-nos-bairros-em-dois-pontos-estrategicos-da-zona-leste-de-manaus\/\" \/>\n<meta property=\"og:site_name\" content=\"SEMTEPI\" \/>\n<meta property=\"article:published_time\" content=\"2023-12-07T15:25:54+00:00\" \/>\n<meta property=\"article:modified_time\" content=\"2023-12-07T15:25:56+00:00\" \/>\n<meta property=\"og:image\" content=\"https:\/\/www.manaus.am.gov.br\/semtepi\/wp-content\/uploads\/sites\/20\/2023\/12\/53355182208_c33d2610c5_k.jpg\" \/>\n\t<meta property=\"og:image:width\" content=\"2047\" \/>\n\t<meta property=\"og:image:height\" content=\"1365\" \/>\n\t<meta property=\"og:image:type\" content=\"image\/jpeg\" \/>\n<meta name=\"author\" content=\"Bruna Greco\" \/>\n<meta name=\"twitter:card\" content=\"summary_large_image\" \/>\n<meta name=\"twitter:label1\" content=\"Written by\" \/>\n\t<meta name=\"twitter:data1\" content=\"Bruna Greco\" \/>\n\t<meta name=\"twitter:label2\" content=\"Est. reading time\" \/>\n\t<meta name=\"twitter:data2\" content=\"2 minutos\" \/>\n<script type=\"application\/ld+json\" class=\"yoast-schema-graph\">{\"@context\":\"https:\/\/schema.org\",\"@graph\":[{\"@type\":\"Article\",\"@id\":\"https:\/\/www.manaus.am.gov.br\/semtepi\/servicos\/prefeitura-promove-acao-itinerante-do-sine-nos-bairros-em-dois-pontos-estrategicos-da-zona-leste-de-manaus\/#article\",\"isPartOf\":{\"@id\":\"https:\/\/www.manaus.am.gov.br\/semtepi\/servicos\/prefeitura-promove-acao-itinerante-do-sine-nos-bairros-em-dois-pontos-estrategicos-da-zona-leste-de-manaus\/\"},\"author\":{\"name\":\"Bruna Greco\",\"@id\":\"https:\/\/www.manaus.am.gov.br\/semtepi\/#\/schema\/person\/05d223aea2bf115f9883a6ff3683d81b\"},\"headline\":\"Prefeitura promove a\u00e7\u00e3o itinerante do \u2018Sine nos Bairros\u2019 em dois pontos estrat\u00e9gicos da zona Leste de Manaus\",\"datePublished\":\"2023-12-07T15:25:54+00:00\",\"dateModified\":\"2023-12-07T15:25:56+00:00\",\"mainEntityOfPage\":{\"@id\":\"https:\/\/www.manaus.am.gov.br\/semtepi\/servicos\/prefeitura-promove-acao-itinerante-do-sine-nos-bairros-em-dois-pontos-estrategicos-da-zona-leste-de-manaus\/\"},\"wordCount\":311,\"publisher\":{\"@id\":\"https:\/\/www.manaus.am.gov.br\/semtepi\/#organization\"},\"image\":{\"@id\":\"https:\/\/www.manaus.am.gov.br\/semtepi\/servicos\/prefeitura-promove-acao-itinerante-do-sine-nos-bairros-em-dois-pontos-estrategicos-da-zona-leste-de-manaus\/#primaryimage\"},\"thumbnailUrl\":\"https:\/\/www.manaus.am.gov.br\/semtepi\/wp-content\/uploads\/sites\/20\/2023\/12\/53355182208_c33d2610c5_k.jpg\",\"keywords\":[\"A\u00e7\u00e3o Itinerante\",\"bairros Bela Vista do Puraquequara e Cidade de Deus\",\"dois pontos estrat\u00e9gicos da zona Leste de Manaus\",\"prefeitura de manaus\",\"Semtepi\",\"Sine nos Bairros\"],\"articleSection\":[\"Servi\u00e7os\"],\"inLanguage\":\"pt-BR\"},{\"@type\":\"WebPage\",\"@id\":\"https:\/\/www.manaus.am.gov.br\/semtepi\/servicos\/prefeitura-promove-acao-itinerante-do-sine-nos-bairros-em-dois-pontos-estrategicos-da-zona-leste-de-manaus\/\",\"url\":\"https:\/\/www.manaus.am.gov.br\/semtepi\/servicos\/prefeitura-promove-acao-itinerante-do-sine-nos-bairros-em-dois-pontos-estrategicos-da-zona-leste-de-manaus\/\",\"name\":\"Prefeitura promove Sine nos Bairros em dois pontos da zona Leste\",\"isPartOf\":{\"@id\":\"https:\/\/www.manaus.am.gov.br\/semtepi\/#website\"},\"primaryImageOfPage\":{\"@id\":\"https:\/\/www.manaus.am.gov.br\/semtepi\/servicos\/prefeitura-promove-acao-itinerante-do-sine-nos-bairros-em-dois-pontos-estrategicos-da-zona-leste-de-manaus\/#primaryimage\"},\"image\":{\"@id\":\"https:\/\/www.manaus.am.gov.br\/semtepi\/servicos\/prefeitura-promove-acao-itinerante-do-sine-nos-bairros-em-dois-pontos-estrategicos-da-zona-leste-de-manaus\/#primaryimage\"},\"thumbnailUrl\":\"https:\/\/www.manaus.am.gov.br\/semtepi\/wp-content\/uploads\/sites\/20\/2023\/12\/53355182208_c33d2610c5_k.jpg\",\"datePublished\":\"2023-12-07T15:25:54+00:00\",\"dateModified\":\"2023-12-07T15:25:56+00:00\",\"description\":\"Prefeitura promove duas a\u00e7\u00f5es do \u201cSine nos Bairros\u201d em dois pontos da zona Leste, nos bairros Bela Vista do Puraquequara e Cidade de Deus.\",\"breadcrumb\":{\"@id\":\"https:\/\/www.manaus.am.gov.br\/semtepi\/servicos\/prefeitura-promove-acao-itinerante-do-sine-nos-bairros-em-dois-pontos-estrategicos-da-zona-leste-de-manaus\/#breadcrumb\"},\"inLanguage\":\"pt-BR\",\"potentialAction\":[{\"@type\":\"ReadAction\",\"target\":[\"https:\/\/www.manaus.am.gov.br\/semtepi\/servicos\/prefeitura-promove-acao-itinerante-do-sine-nos-bairros-em-dois-pontos-estrategicos-da-zona-leste-de-manaus\/\"]}]},{\"@type\":\"ImageObject\",\"inLanguage\":\"pt-BR\",\"@id\":\"https:\/\/www.manaus.am.gov.br\/semtepi\/servicos\/prefeitura-promove-acao-itinerante-do-sine-nos-bairros-em-dois-pontos-estrategicos-da-zona-leste-de-manaus\/#primaryimage\",\"url\":\"https:\/\/www.manaus.am.gov.br\/semtepi\/wp-content\/uploads\/sites\/20\/2023\/12\/53355182208_c33d2610c5_k.jpg\",\"contentUrl\":\"https:\/\/www.manaus.am.gov.br\/semtepi\/wp-content\/uploads\/sites\/20\/2023\/12\/53355182208_c33d2610c5_k.jpg\",\"width\":2047,\"height\":1365,\"caption\":\"#paratodosverem - Mulher e servidora municipal sentadas em mesa durante atendimento\"},{\"@type\":\"BreadcrumbList\",\"@id\":\"https:\/\/www.manaus.am.gov.br\/semtepi\/servicos\/prefeitura-promove-acao-itinerante-do-sine-nos-bairros-em-dois-pontos-estrategicos-da-zona-leste-de-manaus\/#breadcrumb\",\"itemListElement\":[{\"@type\":\"ListItem\",\"position\":1,\"name\":\"Home\",\"item\":\"https:\/\/www.manaus.am.gov.br\/semtepi\/\"},{\"@type\":\"ListItem\",\"position\":2,\"name\":\"Prefeitura promove a\u00e7\u00e3o itinerante do \u2018Sine nos Bairros\u2019 em dois pontos estrat\u00e9gicos da zona Leste de Manaus\"}]},{\"@type\":\"WebSite\",\"@id\":\"https:\/\/www.manaus.am.gov.br\/semtepi\/#website\",\"url\":\"https:\/\/www.manaus.am.gov.br\/semtepi\/\",\"name\":\"SEMTEPI\",\"description\":\"Prefeitura de Manaus\",\"publisher\":{\"@id\":\"https:\/\/www.manaus.am.gov.br\/semtepi\/#organization\"},\"alternateName\":\"Secretaria Municipal do Trabalho, Empreendedorismo e Inova\u00e7\u00e3o\",\"potentialAction\":[{\"@type\":\"SearchAction\",\"target\":{\"@type\":\"EntryPoint\",\"urlTemplate\":\"https:\/\/www.manaus.am.gov.br\/semtepi\/?s={search_term_string}\"},\"query-input\":\"required name=search_term_string\"}],\"inLanguage\":\"pt-BR\"},{\"@type\":\"Organization\",\"@id\":\"https:\/\/www.manaus.am.gov.br\/semtepi\/#organization\",\"name\":\"Prefeitura Municipal de Manaus\",\"alternateName\":\"Prefeitura de Manaus\",\"url\":\"https:\/\/www.manaus.am.gov.br\/semtepi\/\",\"logo\":{\"@type\":\"ImageObject\",\"inLanguage\":\"pt-BR\",\"@id\":\"https:\/\/www.manaus.am.gov.br\/semtepi\/#\/schema\/logo\/image\/\",\"url\":\"https:\/\/www.manaus.am.gov.br\/semtepi\/wp-content\/uploads\/sites\/20\/2024\/07\/favicon.png\",\"contentUrl\":\"https:\/\/www.manaus.am.gov.br\/semtepi\/wp-content\/uploads\/sites\/20\/2024\/07\/favicon.png\",\"width\":300,\"height\":300,\"caption\":\"Prefeitura Municipal de Manaus\"},\"image\":{\"@id\":\"https:\/\/www.manaus.am.gov.br\/semtepi\/#\/schema\/logo\/image\/\"}},{\"@type\":\"Person\",\"@id\":\"https:\/\/www.manaus.am.gov.br\/semtepi\/#\/schema\/person\/05d223aea2bf115f9883a6ff3683d81b\",\"name\":\"Bruna Greco\",\"image\":{\"@type\":\"ImageObject\",\"inLanguage\":\"pt-BR\",\"@id\":\"https:\/\/www.manaus.am.gov.br\/semtepi\/#\/schema\/person\/image\/\",\"url\":\"https:\/\/secure.gravatar.com\/avatar\/9c877d1a6adc2a055330e5c09a8653ce?s=96&d=mm&r=g\",\"contentUrl\":\"https:\/\/secure.gravatar.com\/avatar\/9c877d1a6adc2a055330e5c09a8653ce?s=96&d=mm&r=g\",\"caption\":\"Bruna Greco\"}}]}<\/script>\n<!-- \/ Yoast SEO plugin. -->","yoast_head_json":{"title":"Prefeitura promove Sine nos Bairros em dois pontos da zona Leste","description":"Prefeitura promove duas a\u00e7\u00f5es do \u201cSine nos Bairros\u201d em dois pontos da zona Leste, nos bairros Bela Vista do Puraquequara e Cidade de Deus.","robots":{"index":"noindex","follow":"follow"},"og_locale":"pt_BR","og_type":"article","og_title":"Prefeitura promove Sine nos Bairros em dois pontos da zona Leste","og_description":"Prefeitura promove duas a\u00e7\u00f5es do \u201cSine nos Bairros\u201d em dois pontos da zona Leste, nos bairros Bela Vista do Puraquequara e Cidade de Deus.","og_url":"https:\/\/www.manaus.am.gov.br\/semtepi\/servicos\/prefeitura-promove-acao-itinerante-do-sine-nos-bairros-em-dois-pontos-estrategicos-da-zona-leste-de-manaus\/","og_site_name":"SEMTEPI","article_published_time":"2023-12-07T15:25:54+00:00","article_modified_time":"2023-12-07T15:25:56+00:00","og_image":[{"width":2047,"height":1365,"url":"https:\/\/www.manaus.am.gov.br\/semtepi\/wp-content\/uploads\/sites\/20\/2023\/12\/53355182208_c33d2610c5_k.jpg","type":"image\/jpeg"}],"author":"Bruna Greco","twitter_card":"summary_large_image","twitter_misc":{"Written by":"Bruna Greco","Est. reading time":"2 minutos"},"schema":{"@context":"https:\/\/schema.org","@graph":[{"@type":"Article","@id":"https:\/\/www.manaus.am.gov.br\/semtepi\/servicos\/prefeitura-promove-acao-itinerante-do-sine-nos-bairros-em-dois-pontos-estrategicos-da-zona-leste-de-manaus\/#article","isPartOf":{"@id":"https:\/\/www.manaus.am.gov.br\/semtepi\/servicos\/prefeitura-promove-acao-itinerante-do-sine-nos-bairros-em-dois-pontos-estrategicos-da-zona-leste-de-manaus\/"},"author":{"name":"Bruna Greco","@id":"https:\/\/www.manaus.am.gov.br\/semtepi\/#\/schema\/person\/05d223aea2bf115f9883a6ff3683d81b"},"headline":"Prefeitura promove a\u00e7\u00e3o itinerante do \u2018Sine nos Bairros\u2019 em dois pontos estrat\u00e9gicos da zona Leste de Manaus","datePublished":"2023-12-07T15:25:54+00:00","dateModified":"2023-12-07T15:25:56+00:00","mainEntityOfPage":{"@id":"https:\/\/www.manaus.am.gov.br\/semtepi\/servicos\/prefeitura-promove-acao-itinerante-do-sine-nos-bairros-em-dois-pontos-estrategicos-da-zona-leste-de-manaus\/"},"wordCount":311,"publisher":{"@id":"https:\/\/www.manaus.am.gov.br\/semtepi\/#organization"},"image":{"@id":"https:\/\/www.manaus.am.gov.br\/semtepi\/servicos\/prefeitura-promove-acao-itinerante-do-sine-nos-bairros-em-dois-pontos-estrategicos-da-zona-leste-de-manaus\/#primaryimage"},"thumbnailUrl":"https:\/\/www.manaus.am.gov.br\/semtepi\/wp-content\/uploads\/sites\/20\/2023\/12\/53355182208_c33d2610c5_k.jpg","keywords":["A\u00e7\u00e3o Itinerante","bairros Bela Vista do Puraquequara e Cidade de Deus","dois pontos estrat\u00e9gicos da zona Leste de Manaus","prefeitura de manaus","Semtepi","Sine nos Bairros"],"articleSection":["Servi\u00e7os"],"inLanguage":"pt-BR"},{"@type":"WebPage","@id":"https:\/\/www.manaus.am.gov.br\/semtepi\/servicos\/prefeitura-promove-acao-itinerante-do-sine-nos-bairros-em-dois-pontos-estrategicos-da-zona-leste-de-manaus\/","url":"https:\/\/www.manaus.am.gov.br\/semtepi\/servicos\/prefeitura-promove-acao-itinerante-do-sine-nos-bairros-em-dois-pontos-estrategicos-da-zona-leste-de-manaus\/","name":"Prefeitura promove Sine nos Bairros em dois pontos da zona Leste","isPartOf":{"@id":"https:\/\/www.manaus.am.gov.br\/semtepi\/#website"},"primaryImageOfPage":{"@id":"https:\/\/www.manaus.am.gov.br\/semtepi\/servicos\/prefeitura-promove-acao-itinerante-do-sine-nos-bairros-em-dois-pontos-estrategicos-da-zona-leste-de-manaus\/#primaryimage"},"image":{"@id":"https:\/\/www.manaus.am.gov.br\/semtepi\/servicos\/prefeitura-promove-acao-itinerante-do-sine-nos-bairros-em-dois-pontos-estrategicos-da-zona-leste-de-manaus\/#primaryimage"},"thumbnailUrl":"https:\/\/www.manaus.am.gov.br\/semtepi\/wp-content\/uploads\/sites\/20\/2023\/12\/53355182208_c33d2610c5_k.jpg","datePublished":"2023-12-07T15:25:54+00:00","dateModified":"2023-12-07T15:25:56+00:00","description":"Prefeitura promove duas a\u00e7\u00f5es do \u201cSine nos Bairros\u201d em dois pontos da zona Leste, nos bairros Bela Vista do Puraquequara e Cidade de Deus.","breadcrumb":{"@id":"https:\/\/www.manaus.am.gov.br\/semtepi\/servicos\/prefeitura-promove-acao-itinerante-do-sine-nos-bairros-em-dois-pontos-estrategicos-da-zona-leste-de-manaus\/#breadcrumb"},"inLanguage":"pt-BR","potentialAction":[{"@type":"ReadAction","target":["https:\/\/www.manaus.am.gov.br\/semtepi\/servicos\/prefeitura-promove-acao-itinerante-do-sine-nos-bairros-em-dois-pontos-estrategicos-da-zona-leste-de-manaus\/"]}]},{"@type":"ImageObject","inLanguage":"pt-BR","@id":"https:\/\/www.manaus.am.gov.br\/semtepi\/servicos\/prefeitura-promove-acao-itinerante-do-sine-nos-bairros-em-dois-pontos-estrategicos-da-zona-leste-de-manaus\/#primaryimage","url":"https:\/\/www.manaus.am.gov.br\/semtepi\/wp-content\/uploads\/sites\/20\/2023\/12\/53355182208_c33d2610c5_k.jpg","contentUrl":"https:\/\/www.manaus.am.gov.br\/semtepi\/wp-content\/uploads\/sites\/20\/2023\/12\/53355182208_c33d2610c5_k.jpg","width":2047,"height":1365,"caption":"#paratodosverem - Mulher e servidora municipal sentadas em mesa durante atendimento"},{"@type":"BreadcrumbList","@id":"https:\/\/www.manaus.am.gov.br\/semtepi\/servicos\/prefeitura-promove-acao-itinerante-do-sine-nos-bairros-em-dois-pontos-estrategicos-da-zona-leste-de-manaus\/#breadcrumb","itemListElement":[{"@type":"ListItem","position":1,"name":"Home","item":"https:\/\/www.manaus.am.gov.br\/semtepi\/"},{"@type":"ListItem","position":2,"name":"Prefeitura promove a\u00e7\u00e3o itinerante do \u2018Sine nos Bairros\u2019 em dois pontos estrat\u00e9gicos da zona Leste de Manaus"}]},{"@type":"WebSite","@id":"https:\/\/www.manaus.am.gov.br\/semtepi\/#website","url":"https:\/\/www.manaus.am.gov.br\/semtepi\/","name":"SEMTEPI","description":"Prefeitura de Manaus","publisher":{"@id":"https:\/\/www.manaus.am.gov.br\/semtepi\/#organization"},"alternateName":"Secretaria Municipal do Trabalho, Empreendedorismo e Inova\u00e7\u00e3o","potentialAction":[{"@type":"SearchAction","target":{"@type":"EntryPoint","urlTemplate":"https:\/\/www.manaus.am.gov.br\/semtepi\/?s={search_term_string}"},"query-input":"required name=search_term_string"}],"inLanguage":"pt-BR"},{"@type":"Organization","@id":"https:\/\/www.manaus.am.gov.br\/semtepi\/#organization","name":"Prefeitura Municipal de Manaus","alternateName":"Prefeitura de Manaus","url":"https:\/\/www.manaus.am.gov.br\/semtepi\/","logo":{"@type":"ImageObject","inLanguage":"pt-BR","@id":"https:\/\/www.manaus.am.gov.br\/semtepi\/#\/schema\/logo\/image\/","url":"https:\/\/www.manaus.am.gov.br\/semtepi\/wp-content\/uploads\/sites\/20\/2024\/07\/favicon.png","contentUrl":"https:\/\/www.manaus.am.gov.br\/semtepi\/wp-content\/uploads\/sites\/20\/2024\/07\/favicon.png","width":300,"height":300,"caption":"Prefeitura Municipal de Manaus"},"image":{"@id":"https:\/\/www.manaus.am.gov.br\/semtepi\/#\/schema\/logo\/image\/"}},{"@type":"Person","@id":"https:\/\/www.manaus.am.gov.br\/semtepi\/#\/schema\/person\/05d223aea2bf115f9883a6ff3683d81b","name":"Bruna Greco","image":{"@type":"ImageObject","inLanguage":"pt-BR","@id":"https:\/\/www.manaus.am.gov.br\/semtepi\/#\/schema\/person\/image\/","url":"https:\/\/secure.gravatar.com\/avatar\/9c877d1a6adc2a055330e5c09a8653ce?s=96&d=mm&r=g","contentUrl":"https:\/\/secure.gravatar.com\/avatar\/9c877d1a6adc2a055330e5c09a8653ce?s=96&d=mm&r=g","caption":"Bruna Greco"}}]}},"_links":{"self":[{"href":"https:\/\/www.manaus.am.gov.br\/semtepi\/wp-json\/wp\/v2\/posts\/3437"}],"collection":[{"href":"https:\/\/www.manaus.am.gov.br\/semtepi\/wp-json\/wp\/v2\/posts"}],"about":[{"href":"https:\/\/www.manaus.am.gov.br\/semtepi\/wp-json\/wp\/v2\/types\/post"}],"author":[{"embeddable":true,"href":"https:\/\/www.manaus.am.gov.br\/semtepi\/wp-json\/wp\/v2\/users\/39"}],"replies":[{"embeddable":true,"href":"https:\/\/www.manaus.am.gov.br\/semtepi\/wp-json\/wp\/v2\/comments?post=3437"}],"version-history":[{"count":0,"href":"https:\/\/www.manaus.am.gov.br\/semtepi\/wp-json\/wp\/v2\/posts\/3437\/revisions"}],"wp:featuredmedia":[{"embeddable":true,"href":"https:\/\/www.manaus.am.gov.br\/semtepi\/wp-json\/wp\/v2\/media\/3438"}],"wp:attachment":[{"href":"https:\/\/www.manaus.am.gov.br\/semtepi\/wp-json\/wp\/v2\/media?parent=3437"}],"wp:term":[{"taxonomy":"category","embeddable":true,"href":"https:\/\/www.manaus.am.gov.br\/semtepi\/wp-json\/wp\/v2\/categories?post=3437"},{"taxonomy":"post_tag","embeddable":true,"href":"https:\/\/www.manaus.am.gov.br\/semtepi\/wp-json\/wp\/v2\/tags?post=3437"}],"curies":[{"name":"wp","href":"https:\/\/api.w.org\/{rel}","templated":true}]}}