{"id":3433,"date":"2023-12-07T10:05:36","date_gmt":"2023-12-07T14:05:36","guid":{"rendered":"https:\/\/www.manaus.am.gov.br\/semtepi\/sem-categoria\/prefeitura-de-manaus-inicia-ultimo-modulo-pratico-do-programa-pre-aceleracao-de-startups\/"},"modified":"2023-12-07T10:05:38","modified_gmt":"2023-12-07T14:05:38","slug":"prefeitura-de-manaus-inicia-ultimo-modulo-pratico-do-programa-pre-aceleracao-de-startups","status":"publish","type":"post","link":"https:\/\/www.manaus.am.gov.br\/semtepi\/capacitacao\/prefeitura-de-manaus-inicia-ultimo-modulo-pratico-do-programa-pre-aceleracao-de-startups\/","title":{"rendered":"Prefeitura de Manaus inicia \u00faltimo m\u00f3dulo pr\u00e1tico do programa \u2018Pr\u00e9-acelera\u00e7\u00e3o de Startups\u2019"},"content":{"rendered":"\n<p>A Prefeitura de Manaus, por meio da Secretaria Municipal do Trabalho, Empreendedorismo e Inova\u00e7\u00e3o (Semtepi), e do Fundo Municipal de Empreendedorismo e Inova\u00e7\u00e3o (Fumipeq), iniciou, nesta semana, o \u00faltimo m\u00f3dulo pr\u00e1tico \u201cProt\u00f3tipo e Valida\u00e7\u00e3o\u201d do programa \u201cPr\u00e9-acelera\u00e7\u00e3o de Startups\u201d. As aulas acontecem no Casar\u00e3o da Inova\u00e7\u00e3o Cassina, no centro hist\u00f3rico da capital.<\/p>\n\n\n\n<p>O programa faz parte do edital \u201cMais Inova\u00e7\u00e3o\u201d, com o objetivo de impulsionar os empreendimentos da regi\u00e3o. Executado pela organiza\u00e7\u00e3o \u201cInova Mais\u201d, toda a pr\u00e9-acelera\u00e7\u00e3o \u00e9 composta por capacita\u00e7\u00f5es presenciais e mentorias individuais on-line.<\/p>\n\n\n\n<p>\u201cA Pr\u00e9-acelera\u00e7\u00e3o de Startups em Manaus \u00e9 um catalisador fundamental para o crescimento econ\u00f4mico, a inova\u00e7\u00e3o e a cria\u00e7\u00e3o de um ambiente empreendedor vibrante na cidade. E nessa reta final do curso, vamos seguir o cronograma previsto para iniciar as mentorias em janeiro do ano que vem\u201d, afirmou o titular da Semtepi, Radyr J\u00fanior.<\/p>\n\n\n\n<p>No total, ser\u00e3o realizados tr\u00eas m\u00f3dulos por turma. O primeiro deles aborda sobre Lean Startup, Design Thinking, Customer Development e Proposta de Valor. No segundo, os participantes aprender\u00e3o sobre Modelo de Neg\u00f3cios, Mercado e Marketing, Experi\u00eancia do Usu\u00e1rio e Pitch. J\u00e1 o terceiro m\u00f3dulo ser\u00e1 totalmente na pr\u00e1tica, com Prototipa\u00e7\u00e3o e Valida\u00e7\u00e3o, Desenvolvimento e Apresenta\u00e7\u00e3o do M\u00ednimo Produto Vi\u00e1vel (MVP) e mentorias t\u00e9cnicas.<\/p>\n\n\n\n<p>Previsto para encerrar no dia 22\/12, o curso \u00e9 destinado a 50 startups compostas por empreendedores de neg\u00f3cios formais ou informais (com ou sem CNPJ), micro e pequenos, que tenham um neg\u00f3cio ou ideia inovadora, e que residem em Manaus.<\/p>\n\n\n\n<p>\u201cEu desconhecia o programa de acelera\u00e7\u00e3o voltado para startups, mas optei por me inscrever com o objetivo de destacar meu trabalho no mercado. A participa\u00e7\u00e3o nesse curso me deu oportunidades exclusivas pela Prefeitura de Manaus. Ao longo das aulas, uma nova perspectiva de neg\u00f3cios se abriu para mim e ela desempenhou um papel crucial na inova\u00e7\u00e3o do meu produto\u201d, destacou a participante da turma 2, Anast\u00e1cia Soares, CEO da startup Bala na Agulha.<\/p>\n\n\n\n<p>Durante a Expo Amaz\u00f4nia Bio&amp;Tic 2023, 10 startups do programa foram selecionadas para participar do \u201cElevador Pitch\u201d, e tr\u00eas delas conquistaram os tr\u00eas primeiros lugares. Entre elas est\u00e3o: a Tchibum na Amaz\u00f4nia, em 1\u00ba lugar; Gest\u00e3o Vip, em 2\u00ba lugar; e Bala na Agulha, ocupando o 3\u00ba lugar.<\/p>\n\n\n\n<p>&#8212; &#8212; &#8212;<\/p>\n\n\n\n<p><strong>Texto \u2013 <\/strong>Fabiane Monteiro \/ Semtepi<\/p>\n\n\n\n<p><strong>Foto \u2013 <\/strong>Divulga\u00e7\u00e3o \/ Semtepi<\/p>\n","protected":false},"excerpt":{"rendered":"","protected":false},"author":39,"featured_media":3434,"comment_status":"closed","ping_status":"closed","sticky":false,"template":"","format":"standard","meta":{"footnotes":""},"categories":[51],"tags":[825,399,826,364,8,827,9,828],"acf":[],"yoast_head":"<!-- This site is optimized with the Yoast SEO plugin v23.0 - https:\/\/yoast.com\/wordpress\/plugins\/seo\/ -->\n<title>\u00daltimo m\u00f3dulo pr\u00e1tico do programa \u2018Pr\u00e9-acelera\u00e7\u00e3o de Startups\u2019<\/title>\n<meta name=\"description\" content=\"Prefeitura iniciou, nesta semana, o \u00faltimo m\u00f3dulo pr\u00e1tico \u201cProt\u00f3tipo e Valida\u00e7\u00e3o\u201d do programa \u201cPr\u00e9-acelera\u00e7\u00e3o de Startups\u201d.\" \/>\n<meta name=\"robots\" content=\"noindex, follow\" \/>\n<meta property=\"og:locale\" content=\"pt_BR\" \/>\n<meta property=\"og:type\" content=\"article\" \/>\n<meta property=\"og:title\" content=\"\u00daltimo m\u00f3dulo pr\u00e1tico do programa \u2018Pr\u00e9-acelera\u00e7\u00e3o de Startups\u2019\" \/>\n<meta property=\"og:description\" content=\"Prefeitura iniciou, nesta semana, o \u00faltimo m\u00f3dulo pr\u00e1tico \u201cProt\u00f3tipo e Valida\u00e7\u00e3o\u201d do programa \u201cPr\u00e9-acelera\u00e7\u00e3o de Startups\u201d.\" \/>\n<meta property=\"og:url\" content=\"https:\/\/www.manaus.am.gov.br\/semtepi\/capacitacao\/prefeitura-de-manaus-inicia-ultimo-modulo-pratico-do-programa-pre-aceleracao-de-startups\/\" \/>\n<meta property=\"og:site_name\" content=\"SEMTEPI\" \/>\n<meta property=\"article:published_time\" content=\"2023-12-07T14:05:36+00:00\" \/>\n<meta property=\"article:modified_time\" content=\"2023-12-07T14:05:38+00:00\" \/>\n<meta property=\"og:image\" content=\"https:\/\/www.manaus.am.gov.br\/semtepi\/wp-content\/uploads\/sites\/20\/2023\/12\/IMG_3380.jpg\" \/>\n\t<meta property=\"og:image:width\" content=\"1280\" \/>\n\t<meta property=\"og:image:height\" content=\"720\" \/>\n\t<meta property=\"og:image:type\" content=\"image\/jpeg\" \/>\n<meta name=\"author\" content=\"Bruna Greco\" \/>\n<meta name=\"twitter:card\" content=\"summary_large_image\" \/>\n<meta name=\"twitter:label1\" content=\"Written by\" \/>\n\t<meta name=\"twitter:data1\" content=\"Bruna Greco\" \/>\n\t<meta name=\"twitter:label2\" content=\"Est. reading time\" \/>\n\t<meta name=\"twitter:data2\" content=\"3 minutos\" \/>\n<script type=\"application\/ld+json\" class=\"yoast-schema-graph\">{\"@context\":\"https:\/\/schema.org\",\"@graph\":[{\"@type\":\"Article\",\"@id\":\"https:\/\/www.manaus.am.gov.br\/semtepi\/capacitacao\/prefeitura-de-manaus-inicia-ultimo-modulo-pratico-do-programa-pre-aceleracao-de-startups\/#article\",\"isPartOf\":{\"@id\":\"https:\/\/www.manaus.am.gov.br\/semtepi\/capacitacao\/prefeitura-de-manaus-inicia-ultimo-modulo-pratico-do-programa-pre-aceleracao-de-startups\/\"},\"author\":{\"name\":\"Bruna Greco\",\"@id\":\"https:\/\/www.manaus.am.gov.br\/semtepi\/#\/schema\/person\/05d223aea2bf115f9883a6ff3683d81b\"},\"headline\":\"Prefeitura de Manaus inicia \u00faltimo m\u00f3dulo pr\u00e1tico do programa \u2018Pr\u00e9-acelera\u00e7\u00e3o de Startups\u2019\",\"datePublished\":\"2023-12-07T14:05:36+00:00\",\"dateModified\":\"2023-12-07T14:05:38+00:00\",\"mainEntityOfPage\":{\"@id\":\"https:\/\/www.manaus.am.gov.br\/semtepi\/capacitacao\/prefeitura-de-manaus-inicia-ultimo-modulo-pratico-do-programa-pre-aceleracao-de-startups\/\"},\"wordCount\":433,\"publisher\":{\"@id\":\"https:\/\/www.manaus.am.gov.br\/semtepi\/#organization\"},\"image\":{\"@id\":\"https:\/\/www.manaus.am.gov.br\/semtepi\/capacitacao\/prefeitura-de-manaus-inicia-ultimo-modulo-pratico-do-programa-pre-aceleracao-de-startups\/#primaryimage\"},\"thumbnailUrl\":\"https:\/\/www.manaus.am.gov.br\/semtepi\/wp-content\/uploads\/sites\/20\/2023\/12\/IMG_3380.jpg\",\"keywords\":[\"\u201cProt\u00f3tipo e Valida\u00e7\u00e3o\u201d\",\"edital \u201cMais Inova\u00e7\u00e3o\u201d\",\"Executado pela organiza\u00e7\u00e3o \u201cInova Mais\u201d\",\"Fundo Municipal de Empreendedorismo e Inova\u00e7\u00e3o (Fumipeq)\",\"prefeitura de manaus\",\"programa \u2018Pr\u00e9-acelera\u00e7\u00e3o de Startups\u2019\",\"Semtepi\",\"\u00faltimo m\u00f3dulo pr\u00e1tico\"],\"articleSection\":[\"Capacita\u00e7\u00e3o\"],\"inLanguage\":\"pt-BR\"},{\"@type\":\"WebPage\",\"@id\":\"https:\/\/www.manaus.am.gov.br\/semtepi\/capacitacao\/prefeitura-de-manaus-inicia-ultimo-modulo-pratico-do-programa-pre-aceleracao-de-startups\/\",\"url\":\"https:\/\/www.manaus.am.gov.br\/semtepi\/capacitacao\/prefeitura-de-manaus-inicia-ultimo-modulo-pratico-do-programa-pre-aceleracao-de-startups\/\",\"name\":\"\u00daltimo m\u00f3dulo pr\u00e1tico do programa \u2018Pr\u00e9-acelera\u00e7\u00e3o de Startups\u2019\",\"isPartOf\":{\"@id\":\"https:\/\/www.manaus.am.gov.br\/semtepi\/#website\"},\"primaryImageOfPage\":{\"@id\":\"https:\/\/www.manaus.am.gov.br\/semtepi\/capacitacao\/prefeitura-de-manaus-inicia-ultimo-modulo-pratico-do-programa-pre-aceleracao-de-startups\/#primaryimage\"},\"image\":{\"@id\":\"https:\/\/www.manaus.am.gov.br\/semtepi\/capacitacao\/prefeitura-de-manaus-inicia-ultimo-modulo-pratico-do-programa-pre-aceleracao-de-startups\/#primaryimage\"},\"thumbnailUrl\":\"https:\/\/www.manaus.am.gov.br\/semtepi\/wp-content\/uploads\/sites\/20\/2023\/12\/IMG_3380.jpg\",\"datePublished\":\"2023-12-07T14:05:36+00:00\",\"dateModified\":\"2023-12-07T14:05:38+00:00\",\"description\":\"Prefeitura iniciou, nesta semana, o \u00faltimo m\u00f3dulo pr\u00e1tico \u201cProt\u00f3tipo e Valida\u00e7\u00e3o\u201d do programa \u201cPr\u00e9-acelera\u00e7\u00e3o de Startups\u201d.\",\"breadcrumb\":{\"@id\":\"https:\/\/www.manaus.am.gov.br\/semtepi\/capacitacao\/prefeitura-de-manaus-inicia-ultimo-modulo-pratico-do-programa-pre-aceleracao-de-startups\/#breadcrumb\"},\"inLanguage\":\"pt-BR\",\"potentialAction\":[{\"@type\":\"ReadAction\",\"target\":[\"https:\/\/www.manaus.am.gov.br\/semtepi\/capacitacao\/prefeitura-de-manaus-inicia-ultimo-modulo-pratico-do-programa-pre-aceleracao-de-startups\/\"]}]},{\"@type\":\"ImageObject\",\"inLanguage\":\"pt-BR\",\"@id\":\"https:\/\/www.manaus.am.gov.br\/semtepi\/capacitacao\/prefeitura-de-manaus-inicia-ultimo-modulo-pratico-do-programa-pre-aceleracao-de-startups\/#primaryimage\",\"url\":\"https:\/\/www.manaus.am.gov.br\/semtepi\/wp-content\/uploads\/sites\/20\/2023\/12\/IMG_3380.jpg\",\"contentUrl\":\"https:\/\/www.manaus.am.gov.br\/semtepi\/wp-content\/uploads\/sites\/20\/2023\/12\/IMG_3380.jpg\",\"width\":1280,\"height\":720,\"caption\":\"#paratodosverem - Grupo de pessoas reunidas participando de capacita\u00e7\u00e3o da Semtepi\"},{\"@type\":\"BreadcrumbList\",\"@id\":\"https:\/\/www.manaus.am.gov.br\/semtepi\/capacitacao\/prefeitura-de-manaus-inicia-ultimo-modulo-pratico-do-programa-pre-aceleracao-de-startups\/#breadcrumb\",\"itemListElement\":[{\"@type\":\"ListItem\",\"position\":1,\"name\":\"Home\",\"item\":\"https:\/\/www.manaus.am.gov.br\/semtepi\/\"},{\"@type\":\"ListItem\",\"position\":2,\"name\":\"Prefeitura de Manaus inicia \u00faltimo m\u00f3dulo pr\u00e1tico do programa \u2018Pr\u00e9-acelera\u00e7\u00e3o de Startups\u2019\"}]},{\"@type\":\"WebSite\",\"@id\":\"https:\/\/www.manaus.am.gov.br\/semtepi\/#website\",\"url\":\"https:\/\/www.manaus.am.gov.br\/semtepi\/\",\"name\":\"SEMTEPI\",\"description\":\"Prefeitura de Manaus\",\"publisher\":{\"@id\":\"https:\/\/www.manaus.am.gov.br\/semtepi\/#organization\"},\"alternateName\":\"Secretaria Municipal do Trabalho, Empreendedorismo e Inova\u00e7\u00e3o\",\"potentialAction\":[{\"@type\":\"SearchAction\",\"target\":{\"@type\":\"EntryPoint\",\"urlTemplate\":\"https:\/\/www.manaus.am.gov.br\/semtepi\/?s={search_term_string}\"},\"query-input\":\"required name=search_term_string\"}],\"inLanguage\":\"pt-BR\"},{\"@type\":\"Organization\",\"@id\":\"https:\/\/www.manaus.am.gov.br\/semtepi\/#organization\",\"name\":\"Prefeitura Municipal de Manaus\",\"alternateName\":\"Prefeitura de Manaus\",\"url\":\"https:\/\/www.manaus.am.gov.br\/semtepi\/\",\"logo\":{\"@type\":\"ImageObject\",\"inLanguage\":\"pt-BR\",\"@id\":\"https:\/\/www.manaus.am.gov.br\/semtepi\/#\/schema\/logo\/image\/\",\"url\":\"https:\/\/www.manaus.am.gov.br\/semtepi\/wp-content\/uploads\/sites\/20\/2024\/07\/favicon.png\",\"contentUrl\":\"https:\/\/www.manaus.am.gov.br\/semtepi\/wp-content\/uploads\/sites\/20\/2024\/07\/favicon.png\",\"width\":300,\"height\":300,\"caption\":\"Prefeitura Municipal de Manaus\"},\"image\":{\"@id\":\"https:\/\/www.manaus.am.gov.br\/semtepi\/#\/schema\/logo\/image\/\"}},{\"@type\":\"Person\",\"@id\":\"https:\/\/www.manaus.am.gov.br\/semtepi\/#\/schema\/person\/05d223aea2bf115f9883a6ff3683d81b\",\"name\":\"Bruna Greco\",\"image\":{\"@type\":\"ImageObject\",\"inLanguage\":\"pt-BR\",\"@id\":\"https:\/\/www.manaus.am.gov.br\/semtepi\/#\/schema\/person\/image\/\",\"url\":\"https:\/\/secure.gravatar.com\/avatar\/9c877d1a6adc2a055330e5c09a8653ce?s=96&d=mm&r=g\",\"contentUrl\":\"https:\/\/secure.gravatar.com\/avatar\/9c877d1a6adc2a055330e5c09a8653ce?s=96&d=mm&r=g\",\"caption\":\"Bruna Greco\"}}]}<\/script>\n<!-- \/ Yoast SEO plugin. -->","yoast_head_json":{"title":"\u00daltimo m\u00f3dulo pr\u00e1tico do programa \u2018Pr\u00e9-acelera\u00e7\u00e3o de Startups\u2019","description":"Prefeitura iniciou, nesta semana, o \u00faltimo m\u00f3dulo pr\u00e1tico \u201cProt\u00f3tipo e Valida\u00e7\u00e3o\u201d do programa \u201cPr\u00e9-acelera\u00e7\u00e3o de Startups\u201d.","robots":{"index":"noindex","follow":"follow"},"og_locale":"pt_BR","og_type":"article","og_title":"\u00daltimo m\u00f3dulo pr\u00e1tico do programa \u2018Pr\u00e9-acelera\u00e7\u00e3o de Startups\u2019","og_description":"Prefeitura iniciou, nesta semana, o \u00faltimo m\u00f3dulo pr\u00e1tico \u201cProt\u00f3tipo e Valida\u00e7\u00e3o\u201d do programa \u201cPr\u00e9-acelera\u00e7\u00e3o de Startups\u201d.","og_url":"https:\/\/www.manaus.am.gov.br\/semtepi\/capacitacao\/prefeitura-de-manaus-inicia-ultimo-modulo-pratico-do-programa-pre-aceleracao-de-startups\/","og_site_name":"SEMTEPI","article_published_time":"2023-12-07T14:05:36+00:00","article_modified_time":"2023-12-07T14:05:38+00:00","og_image":[{"width":1280,"height":720,"url":"https:\/\/www.manaus.am.gov.br\/semtepi\/wp-content\/uploads\/sites\/20\/2023\/12\/IMG_3380.jpg","type":"image\/jpeg"}],"author":"Bruna Greco","twitter_card":"summary_large_image","twitter_misc":{"Written by":"Bruna Greco","Est. reading time":"3 minutos"},"schema":{"@context":"https:\/\/schema.org","@graph":[{"@type":"Article","@id":"https:\/\/www.manaus.am.gov.br\/semtepi\/capacitacao\/prefeitura-de-manaus-inicia-ultimo-modulo-pratico-do-programa-pre-aceleracao-de-startups\/#article","isPartOf":{"@id":"https:\/\/www.manaus.am.gov.br\/semtepi\/capacitacao\/prefeitura-de-manaus-inicia-ultimo-modulo-pratico-do-programa-pre-aceleracao-de-startups\/"},"author":{"name":"Bruna Greco","@id":"https:\/\/www.manaus.am.gov.br\/semtepi\/#\/schema\/person\/05d223aea2bf115f9883a6ff3683d81b"},"headline":"Prefeitura de Manaus inicia \u00faltimo m\u00f3dulo pr\u00e1tico do programa \u2018Pr\u00e9-acelera\u00e7\u00e3o de Startups\u2019","datePublished":"2023-12-07T14:05:36+00:00","dateModified":"2023-12-07T14:05:38+00:00","mainEntityOfPage":{"@id":"https:\/\/www.manaus.am.gov.br\/semtepi\/capacitacao\/prefeitura-de-manaus-inicia-ultimo-modulo-pratico-do-programa-pre-aceleracao-de-startups\/"},"wordCount":433,"publisher":{"@id":"https:\/\/www.manaus.am.gov.br\/semtepi\/#organization"},"image":{"@id":"https:\/\/www.manaus.am.gov.br\/semtepi\/capacitacao\/prefeitura-de-manaus-inicia-ultimo-modulo-pratico-do-programa-pre-aceleracao-de-startups\/#primaryimage"},"thumbnailUrl":"https:\/\/www.manaus.am.gov.br\/semtepi\/wp-content\/uploads\/sites\/20\/2023\/12\/IMG_3380.jpg","keywords":["\u201cProt\u00f3tipo e Valida\u00e7\u00e3o\u201d","edital \u201cMais Inova\u00e7\u00e3o\u201d","Executado pela organiza\u00e7\u00e3o \u201cInova Mais\u201d","Fundo Municipal de Empreendedorismo e Inova\u00e7\u00e3o (Fumipeq)","prefeitura de manaus","programa \u2018Pr\u00e9-acelera\u00e7\u00e3o de Startups\u2019","Semtepi","\u00faltimo m\u00f3dulo pr\u00e1tico"],"articleSection":["Capacita\u00e7\u00e3o"],"inLanguage":"pt-BR"},{"@type":"WebPage","@id":"https:\/\/www.manaus.am.gov.br\/semtepi\/capacitacao\/prefeitura-de-manaus-inicia-ultimo-modulo-pratico-do-programa-pre-aceleracao-de-startups\/","url":"https:\/\/www.manaus.am.gov.br\/semtepi\/capacitacao\/prefeitura-de-manaus-inicia-ultimo-modulo-pratico-do-programa-pre-aceleracao-de-startups\/","name":"\u00daltimo m\u00f3dulo pr\u00e1tico do programa \u2018Pr\u00e9-acelera\u00e7\u00e3o de Startups\u2019","isPartOf":{"@id":"https:\/\/www.manaus.am.gov.br\/semtepi\/#website"},"primaryImageOfPage":{"@id":"https:\/\/www.manaus.am.gov.br\/semtepi\/capacitacao\/prefeitura-de-manaus-inicia-ultimo-modulo-pratico-do-programa-pre-aceleracao-de-startups\/#primaryimage"},"image":{"@id":"https:\/\/www.manaus.am.gov.br\/semtepi\/capacitacao\/prefeitura-de-manaus-inicia-ultimo-modulo-pratico-do-programa-pre-aceleracao-de-startups\/#primaryimage"},"thumbnailUrl":"https:\/\/www.manaus.am.gov.br\/semtepi\/wp-content\/uploads\/sites\/20\/2023\/12\/IMG_3380.jpg","datePublished":"2023-12-07T14:05:36+00:00","dateModified":"2023-12-07T14:05:38+00:00","description":"Prefeitura iniciou, nesta semana, o \u00faltimo m\u00f3dulo pr\u00e1tico \u201cProt\u00f3tipo e Valida\u00e7\u00e3o\u201d do programa \u201cPr\u00e9-acelera\u00e7\u00e3o de Startups\u201d.","breadcrumb":{"@id":"https:\/\/www.manaus.am.gov.br\/semtepi\/capacitacao\/prefeitura-de-manaus-inicia-ultimo-modulo-pratico-do-programa-pre-aceleracao-de-startups\/#breadcrumb"},"inLanguage":"pt-BR","potentialAction":[{"@type":"ReadAction","target":["https:\/\/www.manaus.am.gov.br\/semtepi\/capacitacao\/prefeitura-de-manaus-inicia-ultimo-modulo-pratico-do-programa-pre-aceleracao-de-startups\/"]}]},{"@type":"ImageObject","inLanguage":"pt-BR","@id":"https:\/\/www.manaus.am.gov.br\/semtepi\/capacitacao\/prefeitura-de-manaus-inicia-ultimo-modulo-pratico-do-programa-pre-aceleracao-de-startups\/#primaryimage","url":"https:\/\/www.manaus.am.gov.br\/semtepi\/wp-content\/uploads\/sites\/20\/2023\/12\/IMG_3380.jpg","contentUrl":"https:\/\/www.manaus.am.gov.br\/semtepi\/wp-content\/uploads\/sites\/20\/2023\/12\/IMG_3380.jpg","width":1280,"height":720,"caption":"#paratodosverem - Grupo de pessoas reunidas participando de capacita\u00e7\u00e3o da Semtepi"},{"@type":"BreadcrumbList","@id":"https:\/\/www.manaus.am.gov.br\/semtepi\/capacitacao\/prefeitura-de-manaus-inicia-ultimo-modulo-pratico-do-programa-pre-aceleracao-de-startups\/#breadcrumb","itemListElement":[{"@type":"ListItem","position":1,"name":"Home","item":"https:\/\/www.manaus.am.gov.br\/semtepi\/"},{"@type":"ListItem","position":2,"name":"Prefeitura de Manaus inicia \u00faltimo m\u00f3dulo pr\u00e1tico do programa \u2018Pr\u00e9-acelera\u00e7\u00e3o de Startups\u2019"}]},{"@type":"WebSite","@id":"https:\/\/www.manaus.am.gov.br\/semtepi\/#website","url":"https:\/\/www.manaus.am.gov.br\/semtepi\/","name":"SEMTEPI","description":"Prefeitura de Manaus","publisher":{"@id":"https:\/\/www.manaus.am.gov.br\/semtepi\/#organization"},"alternateName":"Secretaria Municipal do Trabalho, Empreendedorismo e Inova\u00e7\u00e3o","potentialAction":[{"@type":"SearchAction","target":{"@type":"EntryPoint","urlTemplate":"https:\/\/www.manaus.am.gov.br\/semtepi\/?s={search_term_string}"},"query-input":"required name=search_term_string"}],"inLanguage":"pt-BR"},{"@type":"Organization","@id":"https:\/\/www.manaus.am.gov.br\/semtepi\/#organization","name":"Prefeitura Municipal de Manaus","alternateName":"Prefeitura de Manaus","url":"https:\/\/www.manaus.am.gov.br\/semtepi\/","logo":{"@type":"ImageObject","inLanguage":"pt-BR","@id":"https:\/\/www.manaus.am.gov.br\/semtepi\/#\/schema\/logo\/image\/","url":"https:\/\/www.manaus.am.gov.br\/semtepi\/wp-content\/uploads\/sites\/20\/2024\/07\/favicon.png","contentUrl":"https:\/\/www.manaus.am.gov.br\/semtepi\/wp-content\/uploads\/sites\/20\/2024\/07\/favicon.png","width":300,"height":300,"caption":"Prefeitura Municipal de Manaus"},"image":{"@id":"https:\/\/www.manaus.am.gov.br\/semtepi\/#\/schema\/logo\/image\/"}},{"@type":"Person","@id":"https:\/\/www.manaus.am.gov.br\/semtepi\/#\/schema\/person\/05d223aea2bf115f9883a6ff3683d81b","name":"Bruna Greco","image":{"@type":"ImageObject","inLanguage":"pt-BR","@id":"https:\/\/www.manaus.am.gov.br\/semtepi\/#\/schema\/person\/image\/","url":"https:\/\/secure.gravatar.com\/avatar\/9c877d1a6adc2a055330e5c09a8653ce?s=96&d=mm&r=g","contentUrl":"https:\/\/secure.gravatar.com\/avatar\/9c877d1a6adc2a055330e5c09a8653ce?s=96&d=mm&r=g","caption":"Bruna Greco"}}]}},"_links":{"self":[{"href":"https:\/\/www.manaus.am.gov.br\/semtepi\/wp-json\/wp\/v2\/posts\/3433"}],"collection":[{"href":"https:\/\/www.manaus.am.gov.br\/semtepi\/wp-json\/wp\/v2\/posts"}],"about":[{"href":"https:\/\/www.manaus.am.gov.br\/semtepi\/wp-json\/wp\/v2\/types\/post"}],"author":[{"embeddable":true,"href":"https:\/\/www.manaus.am.gov.br\/semtepi\/wp-json\/wp\/v2\/users\/39"}],"replies":[{"embeddable":true,"href":"https:\/\/www.manaus.am.gov.br\/semtepi\/wp-json\/wp\/v2\/comments?post=3433"}],"version-history":[{"count":0,"href":"https:\/\/www.manaus.am.gov.br\/semtepi\/wp-json\/wp\/v2\/posts\/3433\/revisions"}],"wp:featuredmedia":[{"embeddable":true,"href":"https:\/\/www.manaus.am.gov.br\/semtepi\/wp-json\/wp\/v2\/media\/3434"}],"wp:attachment":[{"href":"https:\/\/www.manaus.am.gov.br\/semtepi\/wp-json\/wp\/v2\/media?parent=3433"}],"wp:term":[{"taxonomy":"category","embeddable":true,"href":"https:\/\/www.manaus.am.gov.br\/semtepi\/wp-json\/wp\/v2\/categories?post=3433"},{"taxonomy":"post_tag","embeddable":true,"href":"https:\/\/www.manaus.am.gov.br\/semtepi\/wp-json\/wp\/v2\/tags?post=3433"}],"curies":[{"name":"wp","href":"https:\/\/api.w.org\/{rel}","templated":true}]}}