{"id":3421,"date":"2023-12-06T15:04:19","date_gmt":"2023-12-06T19:04:19","guid":{"rendered":"https:\/\/www.manaus.am.gov.br\/semtepi\/sem-categoria\/prefeito-realiza-reuniao-para-definir-novas-acoes-e-ampliacao-de-servicos-em-2024\/"},"modified":"2023-12-18T11:31:42","modified_gmt":"2023-12-18T15:31:42","slug":"prefeito-realiza-reuniao-para-definir-novas-acoes-e-ampliacao-de-servicos-em-2024","status":"publish","type":"post","link":"https:\/\/www.manaus.am.gov.br\/semtepi\/planejamento\/prefeito-realiza-reuniao-para-definir-novas-acoes-e-ampliacao-de-servicos-em-2024\/","title":{"rendered":"Prefeito realiza reuni\u00e3o para definir novas a\u00e7\u00f5es e amplia\u00e7\u00e3o de servi\u00e7os em 2024"},"content":{"rendered":"\n<p>O prefeito de Manaus, David Almeida, realizou, nesta quarta-feira, 6\/12, uma reuni\u00e3o de alinhamento com diferentes pastas municipais, para discutir o avan\u00e7o de a\u00e7\u00f5es e implementa\u00e7\u00e3o de novas pol\u00edticas p\u00fablicas na capital amazonense em 2024. O encontro foi realizado no Centro de Coopera\u00e7\u00e3o da Cidade (CCC), no bairro Adrian\u00f3polis, zona Centro-Sul.<\/p>\n\n\n\n<p>O planejamento busca tamb\u00e9m ampliar os servi\u00e7os realizados por meio das secretarias municipais de Agricultura, Abastecimento, Centro e Com\u00e9rcio Informal (Semacc), do Trabalho, Empreendedorismo e Inova\u00e7\u00e3o (Semtepi) e de Habita\u00e7\u00e3o e Assuntos Fundi\u00e1rios (Semhaf), do Fundo Manaus Solid\u00e1ria (FMS) e Instituto Municipal de Planejamento Urbano (Implurb).<\/p>\n\n\n\n<p>\u201cHoje reuni com os nossos secret\u00e1rios de Empreendedorismo, Habita\u00e7\u00e3o e Regulariza\u00e7\u00e3o Fundi\u00e1ria, Planejamento Urbano, Mercados e Feiras e Fundo Social, para que n\u00f3s possamos deliberar sobre as a\u00e7\u00f5es para o pr\u00f3ximo ano. Esse \u00e9 o nosso planejamento para uma boa execu\u00e7\u00e3o em 2024, pol\u00edticas p\u00fablicas que v\u00e3o beneficiar a popula\u00e7\u00e3o da cidade de Manaus\u201d, disse Almeida.<\/p>\n\n\n\n<p>Com o planejamento, a gest\u00e3o busca avan\u00e7ar em interven\u00e7\u00f5es de novas estruturas p\u00fablicas de qualidade e para melhoria das condi\u00e7\u00f5es de vida e trabalho da popula\u00e7\u00e3o.<\/p>\n\n\n\n<p>\u201cO planejamento que temos reflete nosso empenho em planejar cuidadosamente o pr\u00f3ximo ano. Queremos garantir que essas delibera\u00e7\u00f5es se transformem em pol\u00edticas p\u00fablicas, que possam beneficiar diretamente a popula\u00e7\u00e3o e impulsionar o desenvolvimento da nossa cidade\u201d, completou o secret\u00e1rio da Semacc, Wanderson Costa.<\/p>\n\n\n\n<p>&#8212; &#8212; &#8212;<\/p>\n\n\n\n<p><strong>Texto \u2013 <\/strong>Beathriz Torres \/ Semcom<\/p>\n\n\n\n<p><strong>Fotos \u2013 <\/strong>Ruan Souza \/ Semcom<\/p>\n\n\n\n<p><strong>Dispon\u00edveis em &#8211; <\/strong><a href=\"https:\/\/flic.kr\/s\/aHBqjB5ZUz\">https:\/\/flic.kr\/s\/aHBqjB5ZUz<\/a><\/p>\n\n\n\n<p> <\/p>\n","protected":false},"excerpt":{"rendered":"","protected":false},"author":39,"featured_media":3422,"comment_status":"closed","ping_status":"closed","sticky":false,"template":"","format":"standard","meta":{"footnotes":""},"categories":[821],"tags":[822,32,823,8,824],"acf":[],"yoast_head":"<!-- This site is optimized with the Yoast SEO plugin v23.0 - https:\/\/yoast.com\/wordpress\/plugins\/seo\/ -->\n<title>Prefeito David Almeida realiza reuni\u00e3o para definir novas a\u00e7\u00f5es<\/title>\n<meta name=\"description\" content=\"Prefeito David Almeida realizou uma reuni\u00e3o de alinhamento para discutir o avan\u00e7o de a\u00e7\u00f5es e implementa\u00e7\u00e3o de novas pol\u00edticas p\u00fablicas.\" \/>\n<meta name=\"robots\" content=\"noindex, follow\" \/>\n<meta property=\"og:locale\" content=\"pt_BR\" \/>\n<meta property=\"og:type\" content=\"article\" \/>\n<meta property=\"og:title\" content=\"Prefeito David Almeida realiza reuni\u00e3o para definir novas a\u00e7\u00f5es\" \/>\n<meta property=\"og:description\" content=\"Prefeito David Almeida realizou uma reuni\u00e3o de alinhamento para discutir o avan\u00e7o de a\u00e7\u00f5es e implementa\u00e7\u00e3o de novas pol\u00edticas p\u00fablicas.\" \/>\n<meta property=\"og:url\" content=\"https:\/\/www.manaus.am.gov.br\/semtepi\/planejamento\/prefeito-realiza-reuniao-para-definir-novas-acoes-e-ampliacao-de-servicos-em-2024\/\" \/>\n<meta property=\"og:site_name\" content=\"SEMTEPI\" \/>\n<meta property=\"article:published_time\" content=\"2023-12-06T19:04:19+00:00\" \/>\n<meta property=\"article:modified_time\" content=\"2023-12-18T15:31:42+00:00\" \/>\n<meta property=\"og:image\" content=\"https:\/\/www.manaus.am.gov.br\/semtepi\/wp-content\/uploads\/sites\/20\/2023\/12\/IMG_0310-1024x683.jpg\" \/>\n\t<meta property=\"og:image:width\" content=\"1024\" \/>\n\t<meta property=\"og:image:height\" content=\"683\" \/>\n\t<meta property=\"og:image:type\" content=\"image\/jpeg\" \/>\n<meta name=\"author\" content=\"Bruna Greco\" \/>\n<meta name=\"twitter:card\" content=\"summary_large_image\" \/>\n<meta name=\"twitter:label1\" content=\"Written by\" \/>\n\t<meta name=\"twitter:data1\" content=\"Bruna Greco\" \/>\n\t<meta name=\"twitter:label2\" content=\"Est. reading time\" \/>\n\t<meta name=\"twitter:data2\" content=\"2 minutos\" \/>\n<script type=\"application\/ld+json\" class=\"yoast-schema-graph\">{\"@context\":\"https:\/\/schema.org\",\"@graph\":[{\"@type\":\"Article\",\"@id\":\"https:\/\/www.manaus.am.gov.br\/semtepi\/planejamento\/prefeito-realiza-reuniao-para-definir-novas-acoes-e-ampliacao-de-servicos-em-2024\/#article\",\"isPartOf\":{\"@id\":\"https:\/\/www.manaus.am.gov.br\/semtepi\/planejamento\/prefeito-realiza-reuniao-para-definir-novas-acoes-e-ampliacao-de-servicos-em-2024\/\"},\"author\":{\"name\":\"Bruna Greco\",\"@id\":\"https:\/\/www.manaus.am.gov.br\/semtepi\/#\/schema\/person\/05d223aea2bf115f9883a6ff3683d81b\"},\"headline\":\"Prefeito realiza reuni\u00e3o para definir novas a\u00e7\u00f5es e amplia\u00e7\u00e3o de servi\u00e7os em 2024\",\"datePublished\":\"2023-12-06T19:04:19+00:00\",\"dateModified\":\"2023-12-18T15:31:42+00:00\",\"mainEntityOfPage\":{\"@id\":\"https:\/\/www.manaus.am.gov.br\/semtepi\/planejamento\/prefeito-realiza-reuniao-para-definir-novas-acoes-e-ampliacao-de-servicos-em-2024\/\"},\"wordCount\":294,\"publisher\":{\"@id\":\"https:\/\/www.manaus.am.gov.br\/semtepi\/#organization\"},\"image\":{\"@id\":\"https:\/\/www.manaus.am.gov.br\/semtepi\/planejamento\/prefeito-realiza-reuniao-para-definir-novas-acoes-e-ampliacao-de-servicos-em-2024\/#primaryimage\"},\"thumbnailUrl\":\"https:\/\/www.manaus.am.gov.br\/semtepi\/wp-content\/uploads\/sites\/20\/2023\/12\/IMG_0310.jpg\",\"keywords\":[\"amplia\u00e7\u00e3o de servi\u00e7os em 2024\",\"David Almeida\",\"definir novas a\u00e7\u00f5es\",\"prefeitura de manaus\",\"reuni\u00e3o\"],\"articleSection\":[\"Planejamento\"],\"inLanguage\":\"pt-BR\"},{\"@type\":\"WebPage\",\"@id\":\"https:\/\/www.manaus.am.gov.br\/semtepi\/planejamento\/prefeito-realiza-reuniao-para-definir-novas-acoes-e-ampliacao-de-servicos-em-2024\/\",\"url\":\"https:\/\/www.manaus.am.gov.br\/semtepi\/planejamento\/prefeito-realiza-reuniao-para-definir-novas-acoes-e-ampliacao-de-servicos-em-2024\/\",\"name\":\"Prefeito David Almeida realiza reuni\u00e3o para definir novas a\u00e7\u00f5es\",\"isPartOf\":{\"@id\":\"https:\/\/www.manaus.am.gov.br\/semtepi\/#website\"},\"primaryImageOfPage\":{\"@id\":\"https:\/\/www.manaus.am.gov.br\/semtepi\/planejamento\/prefeito-realiza-reuniao-para-definir-novas-acoes-e-ampliacao-de-servicos-em-2024\/#primaryimage\"},\"image\":{\"@id\":\"https:\/\/www.manaus.am.gov.br\/semtepi\/planejamento\/prefeito-realiza-reuniao-para-definir-novas-acoes-e-ampliacao-de-servicos-em-2024\/#primaryimage\"},\"thumbnailUrl\":\"https:\/\/www.manaus.am.gov.br\/semtepi\/wp-content\/uploads\/sites\/20\/2023\/12\/IMG_0310.jpg\",\"datePublished\":\"2023-12-06T19:04:19+00:00\",\"dateModified\":\"2023-12-18T15:31:42+00:00\",\"description\":\"Prefeito David Almeida realizou uma reuni\u00e3o de alinhamento para discutir o avan\u00e7o de a\u00e7\u00f5es e implementa\u00e7\u00e3o de novas pol\u00edticas p\u00fablicas.\",\"breadcrumb\":{\"@id\":\"https:\/\/www.manaus.am.gov.br\/semtepi\/planejamento\/prefeito-realiza-reuniao-para-definir-novas-acoes-e-ampliacao-de-servicos-em-2024\/#breadcrumb\"},\"inLanguage\":\"pt-BR\",\"potentialAction\":[{\"@type\":\"ReadAction\",\"target\":[\"https:\/\/www.manaus.am.gov.br\/semtepi\/planejamento\/prefeito-realiza-reuniao-para-definir-novas-acoes-e-ampliacao-de-servicos-em-2024\/\"]}]},{\"@type\":\"ImageObject\",\"inLanguage\":\"pt-BR\",\"@id\":\"https:\/\/www.manaus.am.gov.br\/semtepi\/planejamento\/prefeito-realiza-reuniao-para-definir-novas-acoes-e-ampliacao-de-servicos-em-2024\/#primaryimage\",\"url\":\"https:\/\/www.manaus.am.gov.br\/semtepi\/wp-content\/uploads\/sites\/20\/2023\/12\/IMG_0310.jpg\",\"contentUrl\":\"https:\/\/www.manaus.am.gov.br\/semtepi\/wp-content\/uploads\/sites\/20\/2023\/12\/IMG_0310.jpg\",\"width\":4464,\"height\":2976,\"caption\":\"#paratodosverem - Prefeito de Manaus reunido com secretariado municipal em reuni\u00e3o\"},{\"@type\":\"BreadcrumbList\",\"@id\":\"https:\/\/www.manaus.am.gov.br\/semtepi\/planejamento\/prefeito-realiza-reuniao-para-definir-novas-acoes-e-ampliacao-de-servicos-em-2024\/#breadcrumb\",\"itemListElement\":[{\"@type\":\"ListItem\",\"position\":1,\"name\":\"Home\",\"item\":\"https:\/\/www.manaus.am.gov.br\/semtepi\/\"},{\"@type\":\"ListItem\",\"position\":2,\"name\":\"Prefeito realiza reuni\u00e3o para definir novas a\u00e7\u00f5es e amplia\u00e7\u00e3o de servi\u00e7os em 2024\"}]},{\"@type\":\"WebSite\",\"@id\":\"https:\/\/www.manaus.am.gov.br\/semtepi\/#website\",\"url\":\"https:\/\/www.manaus.am.gov.br\/semtepi\/\",\"name\":\"SEMTEPI\",\"description\":\"Prefeitura de Manaus\",\"publisher\":{\"@id\":\"https:\/\/www.manaus.am.gov.br\/semtepi\/#organization\"},\"alternateName\":\"Secretaria Municipal do Trabalho, Empreendedorismo e Inova\u00e7\u00e3o\",\"potentialAction\":[{\"@type\":\"SearchAction\",\"target\":{\"@type\":\"EntryPoint\",\"urlTemplate\":\"https:\/\/www.manaus.am.gov.br\/semtepi\/?s={search_term_string}\"},\"query-input\":\"required name=search_term_string\"}],\"inLanguage\":\"pt-BR\"},{\"@type\":\"Organization\",\"@id\":\"https:\/\/www.manaus.am.gov.br\/semtepi\/#organization\",\"name\":\"Prefeitura Municipal de Manaus\",\"alternateName\":\"Prefeitura de Manaus\",\"url\":\"https:\/\/www.manaus.am.gov.br\/semtepi\/\",\"logo\":{\"@type\":\"ImageObject\",\"inLanguage\":\"pt-BR\",\"@id\":\"https:\/\/www.manaus.am.gov.br\/semtepi\/#\/schema\/logo\/image\/\",\"url\":\"https:\/\/www.manaus.am.gov.br\/semtepi\/wp-content\/uploads\/sites\/20\/2024\/07\/favicon.png\",\"contentUrl\":\"https:\/\/www.manaus.am.gov.br\/semtepi\/wp-content\/uploads\/sites\/20\/2024\/07\/favicon.png\",\"width\":300,\"height\":300,\"caption\":\"Prefeitura Municipal de Manaus\"},\"image\":{\"@id\":\"https:\/\/www.manaus.am.gov.br\/semtepi\/#\/schema\/logo\/image\/\"}},{\"@type\":\"Person\",\"@id\":\"https:\/\/www.manaus.am.gov.br\/semtepi\/#\/schema\/person\/05d223aea2bf115f9883a6ff3683d81b\",\"name\":\"Bruna Greco\",\"image\":{\"@type\":\"ImageObject\",\"inLanguage\":\"pt-BR\",\"@id\":\"https:\/\/www.manaus.am.gov.br\/semtepi\/#\/schema\/person\/image\/\",\"url\":\"https:\/\/secure.gravatar.com\/avatar\/9c877d1a6adc2a055330e5c09a8653ce?s=96&d=mm&r=g\",\"contentUrl\":\"https:\/\/secure.gravatar.com\/avatar\/9c877d1a6adc2a055330e5c09a8653ce?s=96&d=mm&r=g\",\"caption\":\"Bruna Greco\"}}]}<\/script>\n<!-- \/ Yoast SEO plugin. -->","yoast_head_json":{"title":"Prefeito David Almeida realiza reuni\u00e3o para definir novas a\u00e7\u00f5es","description":"Prefeito David Almeida realizou uma reuni\u00e3o de alinhamento para discutir o avan\u00e7o de a\u00e7\u00f5es e implementa\u00e7\u00e3o de novas pol\u00edticas p\u00fablicas.","robots":{"index":"noindex","follow":"follow"},"og_locale":"pt_BR","og_type":"article","og_title":"Prefeito David Almeida realiza reuni\u00e3o para definir novas a\u00e7\u00f5es","og_description":"Prefeito David Almeida realizou uma reuni\u00e3o de alinhamento para discutir o avan\u00e7o de a\u00e7\u00f5es e implementa\u00e7\u00e3o de novas pol\u00edticas p\u00fablicas.","og_url":"https:\/\/www.manaus.am.gov.br\/semtepi\/planejamento\/prefeito-realiza-reuniao-para-definir-novas-acoes-e-ampliacao-de-servicos-em-2024\/","og_site_name":"SEMTEPI","article_published_time":"2023-12-06T19:04:19+00:00","article_modified_time":"2023-12-18T15:31:42+00:00","og_image":[{"width":1024,"height":683,"url":"https:\/\/www.manaus.am.gov.br\/semtepi\/wp-content\/uploads\/sites\/20\/2023\/12\/IMG_0310-1024x683.jpg","type":"image\/jpeg"}],"author":"Bruna Greco","twitter_card":"summary_large_image","twitter_misc":{"Written by":"Bruna Greco","Est. reading time":"2 minutos"},"schema":{"@context":"https:\/\/schema.org","@graph":[{"@type":"Article","@id":"https:\/\/www.manaus.am.gov.br\/semtepi\/planejamento\/prefeito-realiza-reuniao-para-definir-novas-acoes-e-ampliacao-de-servicos-em-2024\/#article","isPartOf":{"@id":"https:\/\/www.manaus.am.gov.br\/semtepi\/planejamento\/prefeito-realiza-reuniao-para-definir-novas-acoes-e-ampliacao-de-servicos-em-2024\/"},"author":{"name":"Bruna Greco","@id":"https:\/\/www.manaus.am.gov.br\/semtepi\/#\/schema\/person\/05d223aea2bf115f9883a6ff3683d81b"},"headline":"Prefeito realiza reuni\u00e3o para definir novas a\u00e7\u00f5es e amplia\u00e7\u00e3o de servi\u00e7os em 2024","datePublished":"2023-12-06T19:04:19+00:00","dateModified":"2023-12-18T15:31:42+00:00","mainEntityOfPage":{"@id":"https:\/\/www.manaus.am.gov.br\/semtepi\/planejamento\/prefeito-realiza-reuniao-para-definir-novas-acoes-e-ampliacao-de-servicos-em-2024\/"},"wordCount":294,"publisher":{"@id":"https:\/\/www.manaus.am.gov.br\/semtepi\/#organization"},"image":{"@id":"https:\/\/www.manaus.am.gov.br\/semtepi\/planejamento\/prefeito-realiza-reuniao-para-definir-novas-acoes-e-ampliacao-de-servicos-em-2024\/#primaryimage"},"thumbnailUrl":"https:\/\/www.manaus.am.gov.br\/semtepi\/wp-content\/uploads\/sites\/20\/2023\/12\/IMG_0310.jpg","keywords":["amplia\u00e7\u00e3o de servi\u00e7os em 2024","David Almeida","definir novas a\u00e7\u00f5es","prefeitura de manaus","reuni\u00e3o"],"articleSection":["Planejamento"],"inLanguage":"pt-BR"},{"@type":"WebPage","@id":"https:\/\/www.manaus.am.gov.br\/semtepi\/planejamento\/prefeito-realiza-reuniao-para-definir-novas-acoes-e-ampliacao-de-servicos-em-2024\/","url":"https:\/\/www.manaus.am.gov.br\/semtepi\/planejamento\/prefeito-realiza-reuniao-para-definir-novas-acoes-e-ampliacao-de-servicos-em-2024\/","name":"Prefeito David Almeida realiza reuni\u00e3o para definir novas a\u00e7\u00f5es","isPartOf":{"@id":"https:\/\/www.manaus.am.gov.br\/semtepi\/#website"},"primaryImageOfPage":{"@id":"https:\/\/www.manaus.am.gov.br\/semtepi\/planejamento\/prefeito-realiza-reuniao-para-definir-novas-acoes-e-ampliacao-de-servicos-em-2024\/#primaryimage"},"image":{"@id":"https:\/\/www.manaus.am.gov.br\/semtepi\/planejamento\/prefeito-realiza-reuniao-para-definir-novas-acoes-e-ampliacao-de-servicos-em-2024\/#primaryimage"},"thumbnailUrl":"https:\/\/www.manaus.am.gov.br\/semtepi\/wp-content\/uploads\/sites\/20\/2023\/12\/IMG_0310.jpg","datePublished":"2023-12-06T19:04:19+00:00","dateModified":"2023-12-18T15:31:42+00:00","description":"Prefeito David Almeida realizou uma reuni\u00e3o de alinhamento para discutir o avan\u00e7o de a\u00e7\u00f5es e implementa\u00e7\u00e3o de novas pol\u00edticas p\u00fablicas.","breadcrumb":{"@id":"https:\/\/www.manaus.am.gov.br\/semtepi\/planejamento\/prefeito-realiza-reuniao-para-definir-novas-acoes-e-ampliacao-de-servicos-em-2024\/#breadcrumb"},"inLanguage":"pt-BR","potentialAction":[{"@type":"ReadAction","target":["https:\/\/www.manaus.am.gov.br\/semtepi\/planejamento\/prefeito-realiza-reuniao-para-definir-novas-acoes-e-ampliacao-de-servicos-em-2024\/"]}]},{"@type":"ImageObject","inLanguage":"pt-BR","@id":"https:\/\/www.manaus.am.gov.br\/semtepi\/planejamento\/prefeito-realiza-reuniao-para-definir-novas-acoes-e-ampliacao-de-servicos-em-2024\/#primaryimage","url":"https:\/\/www.manaus.am.gov.br\/semtepi\/wp-content\/uploads\/sites\/20\/2023\/12\/IMG_0310.jpg","contentUrl":"https:\/\/www.manaus.am.gov.br\/semtepi\/wp-content\/uploads\/sites\/20\/2023\/12\/IMG_0310.jpg","width":4464,"height":2976,"caption":"#paratodosverem - Prefeito de Manaus reunido com secretariado municipal em reuni\u00e3o"},{"@type":"BreadcrumbList","@id":"https:\/\/www.manaus.am.gov.br\/semtepi\/planejamento\/prefeito-realiza-reuniao-para-definir-novas-acoes-e-ampliacao-de-servicos-em-2024\/#breadcrumb","itemListElement":[{"@type":"ListItem","position":1,"name":"Home","item":"https:\/\/www.manaus.am.gov.br\/semtepi\/"},{"@type":"ListItem","position":2,"name":"Prefeito realiza reuni\u00e3o para definir novas a\u00e7\u00f5es e amplia\u00e7\u00e3o de servi\u00e7os em 2024"}]},{"@type":"WebSite","@id":"https:\/\/www.manaus.am.gov.br\/semtepi\/#website","url":"https:\/\/www.manaus.am.gov.br\/semtepi\/","name":"SEMTEPI","description":"Prefeitura de Manaus","publisher":{"@id":"https:\/\/www.manaus.am.gov.br\/semtepi\/#organization"},"alternateName":"Secretaria Municipal do Trabalho, Empreendedorismo e Inova\u00e7\u00e3o","potentialAction":[{"@type":"SearchAction","target":{"@type":"EntryPoint","urlTemplate":"https:\/\/www.manaus.am.gov.br\/semtepi\/?s={search_term_string}"},"query-input":"required name=search_term_string"}],"inLanguage":"pt-BR"},{"@type":"Organization","@id":"https:\/\/www.manaus.am.gov.br\/semtepi\/#organization","name":"Prefeitura Municipal de Manaus","alternateName":"Prefeitura de Manaus","url":"https:\/\/www.manaus.am.gov.br\/semtepi\/","logo":{"@type":"ImageObject","inLanguage":"pt-BR","@id":"https:\/\/www.manaus.am.gov.br\/semtepi\/#\/schema\/logo\/image\/","url":"https:\/\/www.manaus.am.gov.br\/semtepi\/wp-content\/uploads\/sites\/20\/2024\/07\/favicon.png","contentUrl":"https:\/\/www.manaus.am.gov.br\/semtepi\/wp-content\/uploads\/sites\/20\/2024\/07\/favicon.png","width":300,"height":300,"caption":"Prefeitura Municipal de Manaus"},"image":{"@id":"https:\/\/www.manaus.am.gov.br\/semtepi\/#\/schema\/logo\/image\/"}},{"@type":"Person","@id":"https:\/\/www.manaus.am.gov.br\/semtepi\/#\/schema\/person\/05d223aea2bf115f9883a6ff3683d81b","name":"Bruna Greco","image":{"@type":"ImageObject","inLanguage":"pt-BR","@id":"https:\/\/www.manaus.am.gov.br\/semtepi\/#\/schema\/person\/image\/","url":"https:\/\/secure.gravatar.com\/avatar\/9c877d1a6adc2a055330e5c09a8653ce?s=96&d=mm&r=g","contentUrl":"https:\/\/secure.gravatar.com\/avatar\/9c877d1a6adc2a055330e5c09a8653ce?s=96&d=mm&r=g","caption":"Bruna Greco"}}]}},"_links":{"self":[{"href":"https:\/\/www.manaus.am.gov.br\/semtepi\/wp-json\/wp\/v2\/posts\/3421"}],"collection":[{"href":"https:\/\/www.manaus.am.gov.br\/semtepi\/wp-json\/wp\/v2\/posts"}],"about":[{"href":"https:\/\/www.manaus.am.gov.br\/semtepi\/wp-json\/wp\/v2\/types\/post"}],"author":[{"embeddable":true,"href":"https:\/\/www.manaus.am.gov.br\/semtepi\/wp-json\/wp\/v2\/users\/39"}],"replies":[{"embeddable":true,"href":"https:\/\/www.manaus.am.gov.br\/semtepi\/wp-json\/wp\/v2\/comments?post=3421"}],"version-history":[{"count":1,"href":"https:\/\/www.manaus.am.gov.br\/semtepi\/wp-json\/wp\/v2\/posts\/3421\/revisions"}],"predecessor-version":[{"id":3423,"href":"https:\/\/www.manaus.am.gov.br\/semtepi\/wp-json\/wp\/v2\/posts\/3421\/revisions\/3423"}],"wp:featuredmedia":[{"embeddable":true,"href":"https:\/\/www.manaus.am.gov.br\/semtepi\/wp-json\/wp\/v2\/media\/3422"}],"wp:attachment":[{"href":"https:\/\/www.manaus.am.gov.br\/semtepi\/wp-json\/wp\/v2\/media?parent=3421"}],"wp:term":[{"taxonomy":"category","embeddable":true,"href":"https:\/\/www.manaus.am.gov.br\/semtepi\/wp-json\/wp\/v2\/categories?post=3421"},{"taxonomy":"post_tag","embeddable":true,"href":"https:\/\/www.manaus.am.gov.br\/semtepi\/wp-json\/wp\/v2\/tags?post=3421"}],"curies":[{"name":"wp","href":"https:\/\/api.w.org\/{rel}","templated":true}]}}