{"id":3243,"date":"2023-11-30T16:13:00","date_gmt":"2023-11-30T20:13:00","guid":{"rendered":"https:\/\/www.manaus.am.gov.br\/semtepi\/sem-categoria\/casa-de-praia-zezinho-correa-e-palco-de-comemoracao-dos-30-anos-do-grupo-primas-e-bordoes\/"},"modified":"2023-11-30T16:13:01","modified_gmt":"2023-11-30T20:13:01","slug":"casa-de-praia-zezinho-correa-e-palco-de-comemoracao-dos-30-anos-do-grupo-primas-e-bordoes","status":"publish","type":"post","link":"https:\/\/www.manaus.am.gov.br\/semtepi\/comemoracao\/casa-de-praia-zezinho-correa-e-palco-de-comemoracao-dos-30-anos-do-grupo-primas-e-bordoes\/","title":{"rendered":"Casa de Praia Zezinho Corr\u00eaa \u00e9 palco de comemora\u00e7\u00e3o dos 30 anos do grupo Primas e Bord\u00f5es"},"content":{"rendered":"\n<p>A Casa de Praia Zezinho Corr\u00eaa, administrada pela Prefeitura de Manaus, por meio da Secretaria Municipal do Trabalho, Empreendedorismo e Inova\u00e7\u00e3o (Semtepi), vai sediar, nesta sexta-feira, 1\u00ba\/12, os 30 anos de carreira musical do grupo Primas e Bord\u00f5es. O espa\u00e7o est\u00e1 localizado na avenida Coronel Teixeira, no complexo tur\u00edstico da Ponta Negra, zona Oeste.<\/p>\n\n\n\n<p>Na sexta-feira, o grupo Primas e Bord\u00f5es v\u00e3o se apresentar com m\u00fasicas do g\u00eanero \u2018chorinho\u2019, em comemora\u00e7\u00e3o aos 30 anos de carreira, al\u00e9m de promover o \u2018Baile da Saudade\u2019 e tocar seus grandes sucessos como \u201cVai Rolar\u201d, \u201cBaby Xalal\u00e1\u201d e \u201cAzul Turquesa\u201d.<\/p>\n\n\n\n<p>\u201cConvido todos para prestigiarem esse momento t\u00e3o importante para o grupo Primas e Bord\u00f5es na Casa de Praia Zezinho Corr\u00eaa. O nosso espa\u00e7o, antes abandonado, agora \u00e9 um espa\u00e7o que valoriza a riqueza da cultura local, transformando o palco em um espa\u00e7o vibrante para artistas locais compartilharem sua arte e talento\u201d, salientou o secret\u00e1rio da Semtepi, Radyr J\u00fanior.<\/p>\n\n\n\n<p>Durante a \u2018Tardezinha\u2019 deste domingo, 3\/12, o grupo R\u00e9u Confesso ir\u00e1 movimentar \u00e0 tarde dos banhistas e visitantes com muito pagode, e em seguida, o vocalista Andr\u00e9 Vaz entoar\u00e1 as toadas de boi-bumb\u00e1 para continuar a anima\u00e7\u00e3o do fim de semana.<\/p>\n\n\n\n<p>Al\u00e9m de desfrutar da bela paisagem \u00e0 beira do rio, os manauaras ter\u00e3o a oportunidade de experimentar uma ampla variedade de sabores e atividades.<\/p>\n\n\n\n<p>&#8212; &#8212; &#8212;<\/p>\n\n\n\n<p><strong>Texto \u2013<\/strong> Fabiane Monteiro \/ Semtepi<\/p>\n\n\n\n<p><strong>Foto &#8211; <\/strong>Phil Limma \/ Arquivo Semcom<\/p>\n","protected":false},"excerpt":{"rendered":"","protected":false},"author":57,"featured_media":3244,"comment_status":"closed","ping_status":"closed","sticky":false,"template":"","format":"standard","meta":{"footnotes":""},"categories":[532],"tags":[803,544,804,178],"acf":[],"yoast_head":"<!-- This site is optimized with the Yoast SEO plugin v23.0 - https:\/\/yoast.com\/wordpress\/plugins\/seo\/ -->\n<title>Casa de Praia \u00e9 palco dos 30 anos do grupo Primas e Bord\u00f5es<\/title>\n<meta name=\"description\" content=\"A Casa de Praia Zezinho Corr\u00eaa, vai sediar, nesta sexta-feira, 1\u00ba\/12, os 30 anos de carreira musical do grupo Primas e Bord\u00f5es\" \/>\n<meta name=\"robots\" content=\"noindex, follow\" \/>\n<meta property=\"og:locale\" content=\"pt_BR\" \/>\n<meta property=\"og:type\" content=\"article\" \/>\n<meta property=\"og:title\" content=\"Casa de Praia \u00e9 palco dos 30 anos do grupo Primas e Bord\u00f5es\" \/>\n<meta property=\"og:description\" content=\"A Casa de Praia Zezinho Corr\u00eaa, vai sediar, nesta sexta-feira, 1\u00ba\/12, os 30 anos de carreira musical do grupo Primas e Bord\u00f5es\" \/>\n<meta property=\"og:url\" content=\"https:\/\/www.manaus.am.gov.br\/semtepi\/comemoracao\/casa-de-praia-zezinho-correa-e-palco-de-comemoracao-dos-30-anos-do-grupo-primas-e-bordoes\/\" \/>\n<meta property=\"og:site_name\" content=\"SEMTEPI\" \/>\n<meta property=\"article:published_time\" content=\"2023-11-30T20:13:00+00:00\" \/>\n<meta property=\"article:modified_time\" content=\"2023-11-30T20:13:01+00:00\" \/>\n<meta property=\"og:image\" content=\"https:\/\/www.manaus.am.gov.br\/semtepi\/wp-content\/uploads\/sites\/20\/2023\/11\/53246258483_c48f8fe9fc_c.jpg\" \/>\n\t<meta property=\"og:image:width\" content=\"799\" \/>\n\t<meta property=\"og:image:height\" content=\"533\" \/>\n\t<meta property=\"og:image:type\" content=\"image\/jpeg\" \/>\n<meta name=\"author\" content=\"Thiago Fernando\" \/>\n<meta name=\"twitter:card\" content=\"summary_large_image\" \/>\n<meta name=\"twitter:label1\" content=\"Written by\" \/>\n\t<meta name=\"twitter:data1\" content=\"Thiago Fernando\" \/>\n\t<meta name=\"twitter:label2\" content=\"Est. reading time\" \/>\n\t<meta name=\"twitter:data2\" content=\"2 minutos\" \/>\n<script type=\"application\/ld+json\" class=\"yoast-schema-graph\">{\"@context\":\"https:\/\/schema.org\",\"@graph\":[{\"@type\":\"Article\",\"@id\":\"https:\/\/www.manaus.am.gov.br\/semtepi\/comemoracao\/casa-de-praia-zezinho-correa-e-palco-de-comemoracao-dos-30-anos-do-grupo-primas-e-bordoes\/#article\",\"isPartOf\":{\"@id\":\"https:\/\/www.manaus.am.gov.br\/semtepi\/comemoracao\/casa-de-praia-zezinho-correa-e-palco-de-comemoracao-dos-30-anos-do-grupo-primas-e-bordoes\/\"},\"author\":{\"name\":\"Thiago Fernando\",\"@id\":\"https:\/\/www.manaus.am.gov.br\/semtepi\/#\/schema\/person\/a5ee5376db6e21af026374b369f30882\"},\"headline\":\"Casa de Praia Zezinho Corr\u00eaa \u00e9 palco de comemora\u00e7\u00e3o dos 30 anos do grupo Primas e Bord\u00f5es\",\"datePublished\":\"2023-11-30T20:13:00+00:00\",\"dateModified\":\"2023-11-30T20:13:01+00:00\",\"mainEntityOfPage\":{\"@id\":\"https:\/\/www.manaus.am.gov.br\/semtepi\/comemoracao\/casa-de-praia-zezinho-correa-e-palco-de-comemoracao-dos-30-anos-do-grupo-primas-e-bordoes\/\"},\"wordCount\":266,\"publisher\":{\"@id\":\"https:\/\/www.manaus.am.gov.br\/semtepi\/#organization\"},\"image\":{\"@id\":\"https:\/\/www.manaus.am.gov.br\/semtepi\/comemoracao\/casa-de-praia-zezinho-correa-e-palco-de-comemoracao-dos-30-anos-do-grupo-primas-e-bordoes\/#primaryimage\"},\"thumbnailUrl\":\"https:\/\/www.manaus.am.gov.br\/semtepi\/wp-content\/uploads\/sites\/20\/2023\/11\/53246258483_c48f8fe9fc_c.jpg\",\"keywords\":[\"arte\",\"Casa de Praia\",\"m\u00fasica\",\"ponta negra\"],\"articleSection\":[\"Comemora\u00e7\u00e3o\"],\"inLanguage\":\"pt-BR\"},{\"@type\":\"WebPage\",\"@id\":\"https:\/\/www.manaus.am.gov.br\/semtepi\/comemoracao\/casa-de-praia-zezinho-correa-e-palco-de-comemoracao-dos-30-anos-do-grupo-primas-e-bordoes\/\",\"url\":\"https:\/\/www.manaus.am.gov.br\/semtepi\/comemoracao\/casa-de-praia-zezinho-correa-e-palco-de-comemoracao-dos-30-anos-do-grupo-primas-e-bordoes\/\",\"name\":\"Casa de Praia \u00e9 palco dos 30 anos do grupo Primas e Bord\u00f5es\",\"isPartOf\":{\"@id\":\"https:\/\/www.manaus.am.gov.br\/semtepi\/#website\"},\"primaryImageOfPage\":{\"@id\":\"https:\/\/www.manaus.am.gov.br\/semtepi\/comemoracao\/casa-de-praia-zezinho-correa-e-palco-de-comemoracao-dos-30-anos-do-grupo-primas-e-bordoes\/#primaryimage\"},\"image\":{\"@id\":\"https:\/\/www.manaus.am.gov.br\/semtepi\/comemoracao\/casa-de-praia-zezinho-correa-e-palco-de-comemoracao-dos-30-anos-do-grupo-primas-e-bordoes\/#primaryimage\"},\"thumbnailUrl\":\"https:\/\/www.manaus.am.gov.br\/semtepi\/wp-content\/uploads\/sites\/20\/2023\/11\/53246258483_c48f8fe9fc_c.jpg\",\"datePublished\":\"2023-11-30T20:13:00+00:00\",\"dateModified\":\"2023-11-30T20:13:01+00:00\",\"description\":\"A Casa de Praia Zezinho Corr\u00eaa, vai sediar, nesta sexta-feira, 1\u00ba\/12, os 30 anos de carreira musical do grupo Primas e Bord\u00f5es\",\"breadcrumb\":{\"@id\":\"https:\/\/www.manaus.am.gov.br\/semtepi\/comemoracao\/casa-de-praia-zezinho-correa-e-palco-de-comemoracao-dos-30-anos-do-grupo-primas-e-bordoes\/#breadcrumb\"},\"inLanguage\":\"pt-BR\",\"potentialAction\":[{\"@type\":\"ReadAction\",\"target\":[\"https:\/\/www.manaus.am.gov.br\/semtepi\/comemoracao\/casa-de-praia-zezinho-correa-e-palco-de-comemoracao-dos-30-anos-do-grupo-primas-e-bordoes\/\"]}]},{\"@type\":\"ImageObject\",\"inLanguage\":\"pt-BR\",\"@id\":\"https:\/\/www.manaus.am.gov.br\/semtepi\/comemoracao\/casa-de-praia-zezinho-correa-e-palco-de-comemoracao-dos-30-anos-do-grupo-primas-e-bordoes\/#primaryimage\",\"url\":\"https:\/\/www.manaus.am.gov.br\/semtepi\/wp-content\/uploads\/sites\/20\/2023\/11\/53246258483_c48f8fe9fc_c.jpg\",\"contentUrl\":\"https:\/\/www.manaus.am.gov.br\/semtepi\/wp-content\/uploads\/sites\/20\/2023\/11\/53246258483_c48f8fe9fc_c.jpg\",\"width\":799,\"height\":533,\"caption\":\"#paratodosverem - Artista se apresenta para um grande p\u00fablico no Casa de Praia\"},{\"@type\":\"BreadcrumbList\",\"@id\":\"https:\/\/www.manaus.am.gov.br\/semtepi\/comemoracao\/casa-de-praia-zezinho-correa-e-palco-de-comemoracao-dos-30-anos-do-grupo-primas-e-bordoes\/#breadcrumb\",\"itemListElement\":[{\"@type\":\"ListItem\",\"position\":1,\"name\":\"Home\",\"item\":\"https:\/\/www.manaus.am.gov.br\/semtepi\/\"},{\"@type\":\"ListItem\",\"position\":2,\"name\":\"Casa de Praia Zezinho Corr\u00eaa \u00e9 palco de comemora\u00e7\u00e3o dos 30 anos do grupo Primas e Bord\u00f5es\"}]},{\"@type\":\"WebSite\",\"@id\":\"https:\/\/www.manaus.am.gov.br\/semtepi\/#website\",\"url\":\"https:\/\/www.manaus.am.gov.br\/semtepi\/\",\"name\":\"SEMTEPI\",\"description\":\"Prefeitura de Manaus\",\"publisher\":{\"@id\":\"https:\/\/www.manaus.am.gov.br\/semtepi\/#organization\"},\"alternateName\":\"Secretaria Municipal do Trabalho, Empreendedorismo e Inova\u00e7\u00e3o\",\"potentialAction\":[{\"@type\":\"SearchAction\",\"target\":{\"@type\":\"EntryPoint\",\"urlTemplate\":\"https:\/\/www.manaus.am.gov.br\/semtepi\/?s={search_term_string}\"},\"query-input\":\"required name=search_term_string\"}],\"inLanguage\":\"pt-BR\"},{\"@type\":\"Organization\",\"@id\":\"https:\/\/www.manaus.am.gov.br\/semtepi\/#organization\",\"name\":\"Prefeitura Municipal de Manaus\",\"alternateName\":\"Prefeitura de Manaus\",\"url\":\"https:\/\/www.manaus.am.gov.br\/semtepi\/\",\"logo\":{\"@type\":\"ImageObject\",\"inLanguage\":\"pt-BR\",\"@id\":\"https:\/\/www.manaus.am.gov.br\/semtepi\/#\/schema\/logo\/image\/\",\"url\":\"https:\/\/www.manaus.am.gov.br\/semtepi\/wp-content\/uploads\/sites\/20\/2024\/07\/favicon.png\",\"contentUrl\":\"https:\/\/www.manaus.am.gov.br\/semtepi\/wp-content\/uploads\/sites\/20\/2024\/07\/favicon.png\",\"width\":300,\"height\":300,\"caption\":\"Prefeitura Municipal de Manaus\"},\"image\":{\"@id\":\"https:\/\/www.manaus.am.gov.br\/semtepi\/#\/schema\/logo\/image\/\"}},{\"@type\":\"Person\",\"@id\":\"https:\/\/www.manaus.am.gov.br\/semtepi\/#\/schema\/person\/a5ee5376db6e21af026374b369f30882\",\"name\":\"Thiago Fernando\",\"image\":{\"@type\":\"ImageObject\",\"inLanguage\":\"pt-BR\",\"@id\":\"https:\/\/www.manaus.am.gov.br\/semtepi\/#\/schema\/person\/image\/\",\"url\":\"https:\/\/secure.gravatar.com\/avatar\/f5aab8722444041451501c077052ac07?s=96&d=mm&r=g\",\"contentUrl\":\"https:\/\/secure.gravatar.com\/avatar\/f5aab8722444041451501c077052ac07?s=96&d=mm&r=g\",\"caption\":\"Thiago Fernando\"}}]}<\/script>\n<!-- \/ Yoast SEO plugin. -->","yoast_head_json":{"title":"Casa de Praia \u00e9 palco dos 30 anos do grupo Primas e Bord\u00f5es","description":"A Casa de Praia Zezinho Corr\u00eaa, vai sediar, nesta sexta-feira, 1\u00ba\/12, os 30 anos de carreira musical do grupo Primas e Bord\u00f5es","robots":{"index":"noindex","follow":"follow"},"og_locale":"pt_BR","og_type":"article","og_title":"Casa de Praia \u00e9 palco dos 30 anos do grupo Primas e Bord\u00f5es","og_description":"A Casa de Praia Zezinho Corr\u00eaa, vai sediar, nesta sexta-feira, 1\u00ba\/12, os 30 anos de carreira musical do grupo Primas e Bord\u00f5es","og_url":"https:\/\/www.manaus.am.gov.br\/semtepi\/comemoracao\/casa-de-praia-zezinho-correa-e-palco-de-comemoracao-dos-30-anos-do-grupo-primas-e-bordoes\/","og_site_name":"SEMTEPI","article_published_time":"2023-11-30T20:13:00+00:00","article_modified_time":"2023-11-30T20:13:01+00:00","og_image":[{"width":799,"height":533,"url":"https:\/\/www.manaus.am.gov.br\/semtepi\/wp-content\/uploads\/sites\/20\/2023\/11\/53246258483_c48f8fe9fc_c.jpg","type":"image\/jpeg"}],"author":"Thiago Fernando","twitter_card":"summary_large_image","twitter_misc":{"Written by":"Thiago Fernando","Est. reading time":"2 minutos"},"schema":{"@context":"https:\/\/schema.org","@graph":[{"@type":"Article","@id":"https:\/\/www.manaus.am.gov.br\/semtepi\/comemoracao\/casa-de-praia-zezinho-correa-e-palco-de-comemoracao-dos-30-anos-do-grupo-primas-e-bordoes\/#article","isPartOf":{"@id":"https:\/\/www.manaus.am.gov.br\/semtepi\/comemoracao\/casa-de-praia-zezinho-correa-e-palco-de-comemoracao-dos-30-anos-do-grupo-primas-e-bordoes\/"},"author":{"name":"Thiago Fernando","@id":"https:\/\/www.manaus.am.gov.br\/semtepi\/#\/schema\/person\/a5ee5376db6e21af026374b369f30882"},"headline":"Casa de Praia Zezinho Corr\u00eaa \u00e9 palco de comemora\u00e7\u00e3o dos 30 anos do grupo Primas e Bord\u00f5es","datePublished":"2023-11-30T20:13:00+00:00","dateModified":"2023-11-30T20:13:01+00:00","mainEntityOfPage":{"@id":"https:\/\/www.manaus.am.gov.br\/semtepi\/comemoracao\/casa-de-praia-zezinho-correa-e-palco-de-comemoracao-dos-30-anos-do-grupo-primas-e-bordoes\/"},"wordCount":266,"publisher":{"@id":"https:\/\/www.manaus.am.gov.br\/semtepi\/#organization"},"image":{"@id":"https:\/\/www.manaus.am.gov.br\/semtepi\/comemoracao\/casa-de-praia-zezinho-correa-e-palco-de-comemoracao-dos-30-anos-do-grupo-primas-e-bordoes\/#primaryimage"},"thumbnailUrl":"https:\/\/www.manaus.am.gov.br\/semtepi\/wp-content\/uploads\/sites\/20\/2023\/11\/53246258483_c48f8fe9fc_c.jpg","keywords":["arte","Casa de Praia","m\u00fasica","ponta negra"],"articleSection":["Comemora\u00e7\u00e3o"],"inLanguage":"pt-BR"},{"@type":"WebPage","@id":"https:\/\/www.manaus.am.gov.br\/semtepi\/comemoracao\/casa-de-praia-zezinho-correa-e-palco-de-comemoracao-dos-30-anos-do-grupo-primas-e-bordoes\/","url":"https:\/\/www.manaus.am.gov.br\/semtepi\/comemoracao\/casa-de-praia-zezinho-correa-e-palco-de-comemoracao-dos-30-anos-do-grupo-primas-e-bordoes\/","name":"Casa de Praia \u00e9 palco dos 30 anos do grupo Primas e Bord\u00f5es","isPartOf":{"@id":"https:\/\/www.manaus.am.gov.br\/semtepi\/#website"},"primaryImageOfPage":{"@id":"https:\/\/www.manaus.am.gov.br\/semtepi\/comemoracao\/casa-de-praia-zezinho-correa-e-palco-de-comemoracao-dos-30-anos-do-grupo-primas-e-bordoes\/#primaryimage"},"image":{"@id":"https:\/\/www.manaus.am.gov.br\/semtepi\/comemoracao\/casa-de-praia-zezinho-correa-e-palco-de-comemoracao-dos-30-anos-do-grupo-primas-e-bordoes\/#primaryimage"},"thumbnailUrl":"https:\/\/www.manaus.am.gov.br\/semtepi\/wp-content\/uploads\/sites\/20\/2023\/11\/53246258483_c48f8fe9fc_c.jpg","datePublished":"2023-11-30T20:13:00+00:00","dateModified":"2023-11-30T20:13:01+00:00","description":"A Casa de Praia Zezinho Corr\u00eaa, vai sediar, nesta sexta-feira, 1\u00ba\/12, os 30 anos de carreira musical do grupo Primas e Bord\u00f5es","breadcrumb":{"@id":"https:\/\/www.manaus.am.gov.br\/semtepi\/comemoracao\/casa-de-praia-zezinho-correa-e-palco-de-comemoracao-dos-30-anos-do-grupo-primas-e-bordoes\/#breadcrumb"},"inLanguage":"pt-BR","potentialAction":[{"@type":"ReadAction","target":["https:\/\/www.manaus.am.gov.br\/semtepi\/comemoracao\/casa-de-praia-zezinho-correa-e-palco-de-comemoracao-dos-30-anos-do-grupo-primas-e-bordoes\/"]}]},{"@type":"ImageObject","inLanguage":"pt-BR","@id":"https:\/\/www.manaus.am.gov.br\/semtepi\/comemoracao\/casa-de-praia-zezinho-correa-e-palco-de-comemoracao-dos-30-anos-do-grupo-primas-e-bordoes\/#primaryimage","url":"https:\/\/www.manaus.am.gov.br\/semtepi\/wp-content\/uploads\/sites\/20\/2023\/11\/53246258483_c48f8fe9fc_c.jpg","contentUrl":"https:\/\/www.manaus.am.gov.br\/semtepi\/wp-content\/uploads\/sites\/20\/2023\/11\/53246258483_c48f8fe9fc_c.jpg","width":799,"height":533,"caption":"#paratodosverem - Artista se apresenta para um grande p\u00fablico no Casa de Praia"},{"@type":"BreadcrumbList","@id":"https:\/\/www.manaus.am.gov.br\/semtepi\/comemoracao\/casa-de-praia-zezinho-correa-e-palco-de-comemoracao-dos-30-anos-do-grupo-primas-e-bordoes\/#breadcrumb","itemListElement":[{"@type":"ListItem","position":1,"name":"Home","item":"https:\/\/www.manaus.am.gov.br\/semtepi\/"},{"@type":"ListItem","position":2,"name":"Casa de Praia Zezinho Corr\u00eaa \u00e9 palco de comemora\u00e7\u00e3o dos 30 anos do grupo Primas e Bord\u00f5es"}]},{"@type":"WebSite","@id":"https:\/\/www.manaus.am.gov.br\/semtepi\/#website","url":"https:\/\/www.manaus.am.gov.br\/semtepi\/","name":"SEMTEPI","description":"Prefeitura de Manaus","publisher":{"@id":"https:\/\/www.manaus.am.gov.br\/semtepi\/#organization"},"alternateName":"Secretaria Municipal do Trabalho, Empreendedorismo e Inova\u00e7\u00e3o","potentialAction":[{"@type":"SearchAction","target":{"@type":"EntryPoint","urlTemplate":"https:\/\/www.manaus.am.gov.br\/semtepi\/?s={search_term_string}"},"query-input":"required name=search_term_string"}],"inLanguage":"pt-BR"},{"@type":"Organization","@id":"https:\/\/www.manaus.am.gov.br\/semtepi\/#organization","name":"Prefeitura Municipal de Manaus","alternateName":"Prefeitura de Manaus","url":"https:\/\/www.manaus.am.gov.br\/semtepi\/","logo":{"@type":"ImageObject","inLanguage":"pt-BR","@id":"https:\/\/www.manaus.am.gov.br\/semtepi\/#\/schema\/logo\/image\/","url":"https:\/\/www.manaus.am.gov.br\/semtepi\/wp-content\/uploads\/sites\/20\/2024\/07\/favicon.png","contentUrl":"https:\/\/www.manaus.am.gov.br\/semtepi\/wp-content\/uploads\/sites\/20\/2024\/07\/favicon.png","width":300,"height":300,"caption":"Prefeitura Municipal de Manaus"},"image":{"@id":"https:\/\/www.manaus.am.gov.br\/semtepi\/#\/schema\/logo\/image\/"}},{"@type":"Person","@id":"https:\/\/www.manaus.am.gov.br\/semtepi\/#\/schema\/person\/a5ee5376db6e21af026374b369f30882","name":"Thiago Fernando","image":{"@type":"ImageObject","inLanguage":"pt-BR","@id":"https:\/\/www.manaus.am.gov.br\/semtepi\/#\/schema\/person\/image\/","url":"https:\/\/secure.gravatar.com\/avatar\/f5aab8722444041451501c077052ac07?s=96&d=mm&r=g","contentUrl":"https:\/\/secure.gravatar.com\/avatar\/f5aab8722444041451501c077052ac07?s=96&d=mm&r=g","caption":"Thiago Fernando"}}]}},"_links":{"self":[{"href":"https:\/\/www.manaus.am.gov.br\/semtepi\/wp-json\/wp\/v2\/posts\/3243"}],"collection":[{"href":"https:\/\/www.manaus.am.gov.br\/semtepi\/wp-json\/wp\/v2\/posts"}],"about":[{"href":"https:\/\/www.manaus.am.gov.br\/semtepi\/wp-json\/wp\/v2\/types\/post"}],"author":[{"embeddable":true,"href":"https:\/\/www.manaus.am.gov.br\/semtepi\/wp-json\/wp\/v2\/users\/57"}],"replies":[{"embeddable":true,"href":"https:\/\/www.manaus.am.gov.br\/semtepi\/wp-json\/wp\/v2\/comments?post=3243"}],"version-history":[{"count":0,"href":"https:\/\/www.manaus.am.gov.br\/semtepi\/wp-json\/wp\/v2\/posts\/3243\/revisions"}],"wp:featuredmedia":[{"embeddable":true,"href":"https:\/\/www.manaus.am.gov.br\/semtepi\/wp-json\/wp\/v2\/media\/3244"}],"wp:attachment":[{"href":"https:\/\/www.manaus.am.gov.br\/semtepi\/wp-json\/wp\/v2\/media?parent=3243"}],"wp:term":[{"taxonomy":"category","embeddable":true,"href":"https:\/\/www.manaus.am.gov.br\/semtepi\/wp-json\/wp\/v2\/categories?post=3243"},{"taxonomy":"post_tag","embeddable":true,"href":"https:\/\/www.manaus.am.gov.br\/semtepi\/wp-json\/wp\/v2\/tags?post=3243"}],"curies":[{"name":"wp","href":"https:\/\/api.w.org\/{rel}","templated":true}]}}