{"id":3222,"date":"2023-11-30T11:52:56","date_gmt":"2023-11-30T15:52:56","guid":{"rendered":"https:\/\/www.manaus.am.gov.br\/semtepi\/sem-categoria\/prefeitura-de-manaus-realiza-sine-nos-bairros-em-quatro-pontos-diferentes-da-zona-leste\/"},"modified":"2023-11-30T12:18:34","modified_gmt":"2023-11-30T16:18:34","slug":"prefeitura-de-manaus-realiza-sine-nos-bairros-em-quatro-pontos-diferentes-da-zona-leste","status":"publish","type":"post","link":"https:\/\/www.manaus.am.gov.br\/semtepi\/acao\/prefeitura-de-manaus-realiza-sine-nos-bairros-em-quatro-pontos-diferentes-da-zona-leste\/","title":{"rendered":"Prefeitura de Manaus realiza \u2018Sine nos Bairros\u2019 em quatro pontos diferentes da zona Leste"},"content":{"rendered":"\n<p>A Prefeitura de Manaus, por meio da Secretaria Municipal do Trabalho, Empreendedorismo e Inova\u00e7\u00e3o (Semtepi), realiza, neste s\u00e1bado, 2\/12, as a\u00e7\u00f5es do programa \u201cSine nos Bairros\u201d, em quatro pontos da zona Leste: Associa\u00e7\u00e3o Mission\u00e1ria de Amor e Resgate, Associa\u00e7\u00e3o de Assist\u00eancia Amor em A\u00e7\u00e3o, Centro Municipal de Ensino Infantil (Cmei) Professor Doutor Jos\u00e9 Aldemir de Oliveira e escola estadual Manoel Rodrigues de Souza.<\/p>\n\n\n\n<p>As atividades da a\u00e7\u00e3o itinerante s\u00e3o totalmente gratuitas e acontecem de 8h \u00e0s 12h. Em cada ponto, ser\u00e3o ofertadas vagas de emprego e cadastro e orienta\u00e7\u00f5es sobre a CTPS digital e seguro-desemprego, com o objetivo de beneficiar os cidad\u00e3os que residem em locais de dif\u00edcil acesso aos servi\u00e7os da secretaria.<\/p>\n\n\n\n<p>\u201cLevar oportunidades de emprego, treinamento e recursos diretamente a essas comunidades pode ser uma maneira de promover a inclus\u00e3o, especialmente em \u00e1reas que podem ter menos acesso a esses recursos. Criamos o Sine nos Bairros na expectativa de melhorar a qualidade de vida dos moradores beneficiados, por isso contamos com a participa\u00e7\u00e3o dos residentes da zona Leste\u201d, destacou o titular da Semtepi, Radyr J\u00fanior.<\/p>\n\n\n\n<p>A equipe do Sine estar\u00e1 posicionada nos seguintes locais: Associa\u00e7\u00e3o Mission\u00e1ria de Amor e Resgate, localizada na rua Sodatia, n\u00ba 9, bairro Tancredo Neves; Associa\u00e7\u00e3o de Assist\u00eancia Amor em A\u00e7\u00e3o, na rua Vale do Guapor\u00e9, n\u00ba 132, na comunidade Grande Vit\u00f3ria, bairro Cidade de Deus; Cmei Professor Doutor Jos\u00e9 Aldemir de Oliveira, na rua Pr\u00edmula, n\u00ba 52, bairro Jo\u00e3o Paulo; e escola estadual Manoel Rodrigues de Souza, na avenida Itacolomy, n\u00ba 16, bairro Armando Mendes.<\/p>\n\n\n\n<p>&#8212; &#8212; &#8211;<\/p>\n\n\n\n<p><strong>Texto \u2013 <\/strong>Fabiane Monteiro \/ Semtepi<\/p>\n\n\n\n<p><strong>Fotos \u2013&nbsp;<\/strong>Cl\u00f3vis Miranda \/ Arquivo Semcom<\/p>\n\n\n\n<p><strong>Dispon\u00edveis em &#8211; <\/strong><a href=\"https:\/\/flic.kr\/s\/aHBqjB4Fy9\">https:\/\/flic.kr\/s\/aHBqjB4Fy9<\/a><\/p>\n","protected":false},"excerpt":{"rendered":"","protected":false},"author":39,"featured_media":3223,"comment_status":"closed","ping_status":"closed","sticky":false,"template":"","format":"standard","meta":{"footnotes":""},"categories":[447],"tags":[594,8,800,9,801,10,417],"acf":[],"yoast_head":"<!-- This site is optimized with the Yoast SEO plugin v23.0 - https:\/\/yoast.com\/wordpress\/plugins\/seo\/ -->\n<title>Prefeitura realiza as a\u00e7\u00f5es do programa \u201cSine nos Bairros\u201d<\/title>\n<meta name=\"description\" content=\"A Prefeitura de Manaus, por meio da Semtepi, realiza as a\u00e7\u00f5es do programa \u201cSine nos Bairros\u201d, em quatro pontos da zona Leste.\" \/>\n<meta name=\"robots\" content=\"noindex, follow\" \/>\n<meta property=\"og:locale\" content=\"pt_BR\" \/>\n<meta property=\"og:type\" content=\"article\" \/>\n<meta property=\"og:title\" content=\"Prefeitura realiza as a\u00e7\u00f5es do programa \u201cSine nos Bairros\u201d\" \/>\n<meta property=\"og:description\" content=\"A Prefeitura de Manaus, por meio da Semtepi, realiza as a\u00e7\u00f5es do programa \u201cSine nos Bairros\u201d, em quatro pontos da zona Leste.\" \/>\n<meta property=\"og:url\" content=\"https:\/\/www.manaus.am.gov.br\/semtepi\/acao\/prefeitura-de-manaus-realiza-sine-nos-bairros-em-quatro-pontos-diferentes-da-zona-leste\/\" \/>\n<meta property=\"og:site_name\" content=\"SEMTEPI\" \/>\n<meta property=\"article:published_time\" content=\"2023-11-30T15:52:56+00:00\" \/>\n<meta property=\"article:modified_time\" content=\"2023-11-30T16:18:34+00:00\" \/>\n<meta property=\"og:image\" content=\"https:\/\/www.manaus.am.gov.br\/semtepi\/wp-content\/uploads\/sites\/20\/2023\/11\/53355410905_71f4ee385c_k.jpg\" \/>\n\t<meta property=\"og:image:width\" content=\"2047\" \/>\n\t<meta property=\"og:image:height\" content=\"1365\" \/>\n\t<meta property=\"og:image:type\" content=\"image\/jpeg\" \/>\n<meta name=\"author\" content=\"Bruna Greco\" \/>\n<meta name=\"twitter:card\" content=\"summary_large_image\" \/>\n<meta name=\"twitter:label1\" content=\"Written by\" \/>\n\t<meta name=\"twitter:data1\" content=\"Bruna Greco\" \/>\n\t<meta name=\"twitter:label2\" content=\"Est. reading time\" \/>\n\t<meta name=\"twitter:data2\" content=\"2 minutos\" \/>\n<script type=\"application\/ld+json\" class=\"yoast-schema-graph\">{\"@context\":\"https:\/\/schema.org\",\"@graph\":[{\"@type\":\"Article\",\"@id\":\"https:\/\/www.manaus.am.gov.br\/semtepi\/acao\/prefeitura-de-manaus-realiza-sine-nos-bairros-em-quatro-pontos-diferentes-da-zona-leste\/#article\",\"isPartOf\":{\"@id\":\"https:\/\/www.manaus.am.gov.br\/semtepi\/acao\/prefeitura-de-manaus-realiza-sine-nos-bairros-em-quatro-pontos-diferentes-da-zona-leste\/\"},\"author\":{\"name\":\"Bruna Greco\",\"@id\":\"https:\/\/www.manaus.am.gov.br\/semtepi\/#\/schema\/person\/05d223aea2bf115f9883a6ff3683d81b\"},\"headline\":\"Prefeitura de Manaus realiza \u2018Sine nos Bairros\u2019 em quatro pontos diferentes da zona Leste\",\"datePublished\":\"2023-11-30T15:52:56+00:00\",\"dateModified\":\"2023-11-30T16:18:34+00:00\",\"mainEntityOfPage\":{\"@id\":\"https:\/\/www.manaus.am.gov.br\/semtepi\/acao\/prefeitura-de-manaus-realiza-sine-nos-bairros-em-quatro-pontos-diferentes-da-zona-leste\/\"},\"wordCount\":311,\"publisher\":{\"@id\":\"https:\/\/www.manaus.am.gov.br\/semtepi\/#organization\"},\"image\":{\"@id\":\"https:\/\/www.manaus.am.gov.br\/semtepi\/acao\/prefeitura-de-manaus-realiza-sine-nos-bairros-em-quatro-pontos-diferentes-da-zona-leste\/#primaryimage\"},\"thumbnailUrl\":\"https:\/\/www.manaus.am.gov.br\/semtepi\/wp-content\/uploads\/sites\/20\/2023\/11\/53355410905_71f4ee385c_k.jpg\",\"keywords\":[\"A\u00e7\u00e3o Itinerante\",\"prefeitura de manaus\",\"quatro pontos diferentes da zona Leste\",\"Semtepi\",\"servi\u00e7os p\u00fablicos\",\"sine manaus\",\"Sine nos Bairros\"],\"articleSection\":[\"A\u00e7\u00e3o\"],\"inLanguage\":\"pt-BR\"},{\"@type\":\"WebPage\",\"@id\":\"https:\/\/www.manaus.am.gov.br\/semtepi\/acao\/prefeitura-de-manaus-realiza-sine-nos-bairros-em-quatro-pontos-diferentes-da-zona-leste\/\",\"url\":\"https:\/\/www.manaus.am.gov.br\/semtepi\/acao\/prefeitura-de-manaus-realiza-sine-nos-bairros-em-quatro-pontos-diferentes-da-zona-leste\/\",\"name\":\"Prefeitura realiza as a\u00e7\u00f5es do programa \u201cSine nos Bairros\u201d\",\"isPartOf\":{\"@id\":\"https:\/\/www.manaus.am.gov.br\/semtepi\/#website\"},\"primaryImageOfPage\":{\"@id\":\"https:\/\/www.manaus.am.gov.br\/semtepi\/acao\/prefeitura-de-manaus-realiza-sine-nos-bairros-em-quatro-pontos-diferentes-da-zona-leste\/#primaryimage\"},\"image\":{\"@id\":\"https:\/\/www.manaus.am.gov.br\/semtepi\/acao\/prefeitura-de-manaus-realiza-sine-nos-bairros-em-quatro-pontos-diferentes-da-zona-leste\/#primaryimage\"},\"thumbnailUrl\":\"https:\/\/www.manaus.am.gov.br\/semtepi\/wp-content\/uploads\/sites\/20\/2023\/11\/53355410905_71f4ee385c_k.jpg\",\"datePublished\":\"2023-11-30T15:52:56+00:00\",\"dateModified\":\"2023-11-30T16:18:34+00:00\",\"description\":\"A Prefeitura de Manaus, por meio da Semtepi, realiza as a\u00e7\u00f5es do programa \u201cSine nos Bairros\u201d, em quatro pontos da zona Leste.\",\"breadcrumb\":{\"@id\":\"https:\/\/www.manaus.am.gov.br\/semtepi\/acao\/prefeitura-de-manaus-realiza-sine-nos-bairros-em-quatro-pontos-diferentes-da-zona-leste\/#breadcrumb\"},\"inLanguage\":\"pt-BR\",\"potentialAction\":[{\"@type\":\"ReadAction\",\"target\":[\"https:\/\/www.manaus.am.gov.br\/semtepi\/acao\/prefeitura-de-manaus-realiza-sine-nos-bairros-em-quatro-pontos-diferentes-da-zona-leste\/\"]}]},{\"@type\":\"ImageObject\",\"inLanguage\":\"pt-BR\",\"@id\":\"https:\/\/www.manaus.am.gov.br\/semtepi\/acao\/prefeitura-de-manaus-realiza-sine-nos-bairros-em-quatro-pontos-diferentes-da-zona-leste\/#primaryimage\",\"url\":\"https:\/\/www.manaus.am.gov.br\/semtepi\/wp-content\/uploads\/sites\/20\/2023\/11\/53355410905_71f4ee385c_k.jpg\",\"contentUrl\":\"https:\/\/www.manaus.am.gov.br\/semtepi\/wp-content\/uploads\/sites\/20\/2023\/11\/53355410905_71f4ee385c_k.jpg\",\"width\":2047,\"height\":1365,\"caption\":\"#paratodosverem Grupos de pessoas reunidos em sala para atendimento com servidores municipais\"},{\"@type\":\"BreadcrumbList\",\"@id\":\"https:\/\/www.manaus.am.gov.br\/semtepi\/acao\/prefeitura-de-manaus-realiza-sine-nos-bairros-em-quatro-pontos-diferentes-da-zona-leste\/#breadcrumb\",\"itemListElement\":[{\"@type\":\"ListItem\",\"position\":1,\"name\":\"Home\",\"item\":\"https:\/\/www.manaus.am.gov.br\/semtepi\/\"},{\"@type\":\"ListItem\",\"position\":2,\"name\":\"Prefeitura de Manaus realiza \u2018Sine nos Bairros\u2019 em quatro pontos diferentes da zona Leste\"}]},{\"@type\":\"WebSite\",\"@id\":\"https:\/\/www.manaus.am.gov.br\/semtepi\/#website\",\"url\":\"https:\/\/www.manaus.am.gov.br\/semtepi\/\",\"name\":\"SEMTEPI\",\"description\":\"Prefeitura de Manaus\",\"publisher\":{\"@id\":\"https:\/\/www.manaus.am.gov.br\/semtepi\/#organization\"},\"alternateName\":\"Secretaria Municipal do Trabalho, Empreendedorismo e Inova\u00e7\u00e3o\",\"potentialAction\":[{\"@type\":\"SearchAction\",\"target\":{\"@type\":\"EntryPoint\",\"urlTemplate\":\"https:\/\/www.manaus.am.gov.br\/semtepi\/?s={search_term_string}\"},\"query-input\":\"required name=search_term_string\"}],\"inLanguage\":\"pt-BR\"},{\"@type\":\"Organization\",\"@id\":\"https:\/\/www.manaus.am.gov.br\/semtepi\/#organization\",\"name\":\"Prefeitura Municipal de Manaus\",\"alternateName\":\"Prefeitura de Manaus\",\"url\":\"https:\/\/www.manaus.am.gov.br\/semtepi\/\",\"logo\":{\"@type\":\"ImageObject\",\"inLanguage\":\"pt-BR\",\"@id\":\"https:\/\/www.manaus.am.gov.br\/semtepi\/#\/schema\/logo\/image\/\",\"url\":\"https:\/\/www.manaus.am.gov.br\/semtepi\/wp-content\/uploads\/sites\/20\/2024\/07\/favicon.png\",\"contentUrl\":\"https:\/\/www.manaus.am.gov.br\/semtepi\/wp-content\/uploads\/sites\/20\/2024\/07\/favicon.png\",\"width\":300,\"height\":300,\"caption\":\"Prefeitura Municipal de Manaus\"},\"image\":{\"@id\":\"https:\/\/www.manaus.am.gov.br\/semtepi\/#\/schema\/logo\/image\/\"}},{\"@type\":\"Person\",\"@id\":\"https:\/\/www.manaus.am.gov.br\/semtepi\/#\/schema\/person\/05d223aea2bf115f9883a6ff3683d81b\",\"name\":\"Bruna Greco\",\"image\":{\"@type\":\"ImageObject\",\"inLanguage\":\"pt-BR\",\"@id\":\"https:\/\/www.manaus.am.gov.br\/semtepi\/#\/schema\/person\/image\/\",\"url\":\"https:\/\/secure.gravatar.com\/avatar\/9c877d1a6adc2a055330e5c09a8653ce?s=96&d=mm&r=g\",\"contentUrl\":\"https:\/\/secure.gravatar.com\/avatar\/9c877d1a6adc2a055330e5c09a8653ce?s=96&d=mm&r=g\",\"caption\":\"Bruna Greco\"}}]}<\/script>\n<!-- \/ Yoast SEO plugin. -->","yoast_head_json":{"title":"Prefeitura realiza as a\u00e7\u00f5es do programa \u201cSine nos Bairros\u201d","description":"A Prefeitura de Manaus, por meio da Semtepi, realiza as a\u00e7\u00f5es do programa \u201cSine nos Bairros\u201d, em quatro pontos da zona Leste.","robots":{"index":"noindex","follow":"follow"},"og_locale":"pt_BR","og_type":"article","og_title":"Prefeitura realiza as a\u00e7\u00f5es do programa \u201cSine nos Bairros\u201d","og_description":"A Prefeitura de Manaus, por meio da Semtepi, realiza as a\u00e7\u00f5es do programa \u201cSine nos Bairros\u201d, em quatro pontos da zona Leste.","og_url":"https:\/\/www.manaus.am.gov.br\/semtepi\/acao\/prefeitura-de-manaus-realiza-sine-nos-bairros-em-quatro-pontos-diferentes-da-zona-leste\/","og_site_name":"SEMTEPI","article_published_time":"2023-11-30T15:52:56+00:00","article_modified_time":"2023-11-30T16:18:34+00:00","og_image":[{"width":2047,"height":1365,"url":"https:\/\/www.manaus.am.gov.br\/semtepi\/wp-content\/uploads\/sites\/20\/2023\/11\/53355410905_71f4ee385c_k.jpg","type":"image\/jpeg"}],"author":"Bruna Greco","twitter_card":"summary_large_image","twitter_misc":{"Written by":"Bruna Greco","Est. reading time":"2 minutos"},"schema":{"@context":"https:\/\/schema.org","@graph":[{"@type":"Article","@id":"https:\/\/www.manaus.am.gov.br\/semtepi\/acao\/prefeitura-de-manaus-realiza-sine-nos-bairros-em-quatro-pontos-diferentes-da-zona-leste\/#article","isPartOf":{"@id":"https:\/\/www.manaus.am.gov.br\/semtepi\/acao\/prefeitura-de-manaus-realiza-sine-nos-bairros-em-quatro-pontos-diferentes-da-zona-leste\/"},"author":{"name":"Bruna Greco","@id":"https:\/\/www.manaus.am.gov.br\/semtepi\/#\/schema\/person\/05d223aea2bf115f9883a6ff3683d81b"},"headline":"Prefeitura de Manaus realiza \u2018Sine nos Bairros\u2019 em quatro pontos diferentes da zona Leste","datePublished":"2023-11-30T15:52:56+00:00","dateModified":"2023-11-30T16:18:34+00:00","mainEntityOfPage":{"@id":"https:\/\/www.manaus.am.gov.br\/semtepi\/acao\/prefeitura-de-manaus-realiza-sine-nos-bairros-em-quatro-pontos-diferentes-da-zona-leste\/"},"wordCount":311,"publisher":{"@id":"https:\/\/www.manaus.am.gov.br\/semtepi\/#organization"},"image":{"@id":"https:\/\/www.manaus.am.gov.br\/semtepi\/acao\/prefeitura-de-manaus-realiza-sine-nos-bairros-em-quatro-pontos-diferentes-da-zona-leste\/#primaryimage"},"thumbnailUrl":"https:\/\/www.manaus.am.gov.br\/semtepi\/wp-content\/uploads\/sites\/20\/2023\/11\/53355410905_71f4ee385c_k.jpg","keywords":["A\u00e7\u00e3o Itinerante","prefeitura de manaus","quatro pontos diferentes da zona Leste","Semtepi","servi\u00e7os p\u00fablicos","sine manaus","Sine nos Bairros"],"articleSection":["A\u00e7\u00e3o"],"inLanguage":"pt-BR"},{"@type":"WebPage","@id":"https:\/\/www.manaus.am.gov.br\/semtepi\/acao\/prefeitura-de-manaus-realiza-sine-nos-bairros-em-quatro-pontos-diferentes-da-zona-leste\/","url":"https:\/\/www.manaus.am.gov.br\/semtepi\/acao\/prefeitura-de-manaus-realiza-sine-nos-bairros-em-quatro-pontos-diferentes-da-zona-leste\/","name":"Prefeitura realiza as a\u00e7\u00f5es do programa \u201cSine nos Bairros\u201d","isPartOf":{"@id":"https:\/\/www.manaus.am.gov.br\/semtepi\/#website"},"primaryImageOfPage":{"@id":"https:\/\/www.manaus.am.gov.br\/semtepi\/acao\/prefeitura-de-manaus-realiza-sine-nos-bairros-em-quatro-pontos-diferentes-da-zona-leste\/#primaryimage"},"image":{"@id":"https:\/\/www.manaus.am.gov.br\/semtepi\/acao\/prefeitura-de-manaus-realiza-sine-nos-bairros-em-quatro-pontos-diferentes-da-zona-leste\/#primaryimage"},"thumbnailUrl":"https:\/\/www.manaus.am.gov.br\/semtepi\/wp-content\/uploads\/sites\/20\/2023\/11\/53355410905_71f4ee385c_k.jpg","datePublished":"2023-11-30T15:52:56+00:00","dateModified":"2023-11-30T16:18:34+00:00","description":"A Prefeitura de Manaus, por meio da Semtepi, realiza as a\u00e7\u00f5es do programa \u201cSine nos Bairros\u201d, em quatro pontos da zona Leste.","breadcrumb":{"@id":"https:\/\/www.manaus.am.gov.br\/semtepi\/acao\/prefeitura-de-manaus-realiza-sine-nos-bairros-em-quatro-pontos-diferentes-da-zona-leste\/#breadcrumb"},"inLanguage":"pt-BR","potentialAction":[{"@type":"ReadAction","target":["https:\/\/www.manaus.am.gov.br\/semtepi\/acao\/prefeitura-de-manaus-realiza-sine-nos-bairros-em-quatro-pontos-diferentes-da-zona-leste\/"]}]},{"@type":"ImageObject","inLanguage":"pt-BR","@id":"https:\/\/www.manaus.am.gov.br\/semtepi\/acao\/prefeitura-de-manaus-realiza-sine-nos-bairros-em-quatro-pontos-diferentes-da-zona-leste\/#primaryimage","url":"https:\/\/www.manaus.am.gov.br\/semtepi\/wp-content\/uploads\/sites\/20\/2023\/11\/53355410905_71f4ee385c_k.jpg","contentUrl":"https:\/\/www.manaus.am.gov.br\/semtepi\/wp-content\/uploads\/sites\/20\/2023\/11\/53355410905_71f4ee385c_k.jpg","width":2047,"height":1365,"caption":"#paratodosverem Grupos de pessoas reunidos em sala para atendimento com servidores municipais"},{"@type":"BreadcrumbList","@id":"https:\/\/www.manaus.am.gov.br\/semtepi\/acao\/prefeitura-de-manaus-realiza-sine-nos-bairros-em-quatro-pontos-diferentes-da-zona-leste\/#breadcrumb","itemListElement":[{"@type":"ListItem","position":1,"name":"Home","item":"https:\/\/www.manaus.am.gov.br\/semtepi\/"},{"@type":"ListItem","position":2,"name":"Prefeitura de Manaus realiza \u2018Sine nos Bairros\u2019 em quatro pontos diferentes da zona Leste"}]},{"@type":"WebSite","@id":"https:\/\/www.manaus.am.gov.br\/semtepi\/#website","url":"https:\/\/www.manaus.am.gov.br\/semtepi\/","name":"SEMTEPI","description":"Prefeitura de Manaus","publisher":{"@id":"https:\/\/www.manaus.am.gov.br\/semtepi\/#organization"},"alternateName":"Secretaria Municipal do Trabalho, Empreendedorismo e Inova\u00e7\u00e3o","potentialAction":[{"@type":"SearchAction","target":{"@type":"EntryPoint","urlTemplate":"https:\/\/www.manaus.am.gov.br\/semtepi\/?s={search_term_string}"},"query-input":"required name=search_term_string"}],"inLanguage":"pt-BR"},{"@type":"Organization","@id":"https:\/\/www.manaus.am.gov.br\/semtepi\/#organization","name":"Prefeitura Municipal de Manaus","alternateName":"Prefeitura de Manaus","url":"https:\/\/www.manaus.am.gov.br\/semtepi\/","logo":{"@type":"ImageObject","inLanguage":"pt-BR","@id":"https:\/\/www.manaus.am.gov.br\/semtepi\/#\/schema\/logo\/image\/","url":"https:\/\/www.manaus.am.gov.br\/semtepi\/wp-content\/uploads\/sites\/20\/2024\/07\/favicon.png","contentUrl":"https:\/\/www.manaus.am.gov.br\/semtepi\/wp-content\/uploads\/sites\/20\/2024\/07\/favicon.png","width":300,"height":300,"caption":"Prefeitura Municipal de Manaus"},"image":{"@id":"https:\/\/www.manaus.am.gov.br\/semtepi\/#\/schema\/logo\/image\/"}},{"@type":"Person","@id":"https:\/\/www.manaus.am.gov.br\/semtepi\/#\/schema\/person\/05d223aea2bf115f9883a6ff3683d81b","name":"Bruna Greco","image":{"@type":"ImageObject","inLanguage":"pt-BR","@id":"https:\/\/www.manaus.am.gov.br\/semtepi\/#\/schema\/person\/image\/","url":"https:\/\/secure.gravatar.com\/avatar\/9c877d1a6adc2a055330e5c09a8653ce?s=96&d=mm&r=g","contentUrl":"https:\/\/secure.gravatar.com\/avatar\/9c877d1a6adc2a055330e5c09a8653ce?s=96&d=mm&r=g","caption":"Bruna Greco"}}]}},"_links":{"self":[{"href":"https:\/\/www.manaus.am.gov.br\/semtepi\/wp-json\/wp\/v2\/posts\/3222"}],"collection":[{"href":"https:\/\/www.manaus.am.gov.br\/semtepi\/wp-json\/wp\/v2\/posts"}],"about":[{"href":"https:\/\/www.manaus.am.gov.br\/semtepi\/wp-json\/wp\/v2\/types\/post"}],"author":[{"embeddable":true,"href":"https:\/\/www.manaus.am.gov.br\/semtepi\/wp-json\/wp\/v2\/users\/39"}],"replies":[{"embeddable":true,"href":"https:\/\/www.manaus.am.gov.br\/semtepi\/wp-json\/wp\/v2\/comments?post=3222"}],"version-history":[{"count":1,"href":"https:\/\/www.manaus.am.gov.br\/semtepi\/wp-json\/wp\/v2\/posts\/3222\/revisions"}],"predecessor-version":[{"id":3225,"href":"https:\/\/www.manaus.am.gov.br\/semtepi\/wp-json\/wp\/v2\/posts\/3222\/revisions\/3225"}],"wp:featuredmedia":[{"embeddable":true,"href":"https:\/\/www.manaus.am.gov.br\/semtepi\/wp-json\/wp\/v2\/media\/3223"}],"wp:attachment":[{"href":"https:\/\/www.manaus.am.gov.br\/semtepi\/wp-json\/wp\/v2\/media?parent=3222"}],"wp:term":[{"taxonomy":"category","embeddable":true,"href":"https:\/\/www.manaus.am.gov.br\/semtepi\/wp-json\/wp\/v2\/categories?post=3222"},{"taxonomy":"post_tag","embeddable":true,"href":"https:\/\/www.manaus.am.gov.br\/semtepi\/wp-json\/wp\/v2\/tags?post=3222"}],"curies":[{"name":"wp","href":"https:\/\/api.w.org\/{rel}","templated":true}]}}