{"id":3212,"date":"2023-11-30T08:47:59","date_gmt":"2023-11-30T12:47:59","guid":{"rendered":"https:\/\/www.manaus.am.gov.br\/semtepi\/sem-categoria\/casarao-da-inovacao-cassina-conquista-premio-jaraqui-graudo-pelo-3o-ano-consecutivo\/"},"modified":"2023-11-30T08:48:00","modified_gmt":"2023-11-30T12:48:00","slug":"casarao-da-inovacao-cassina-conquista-premio-jaraqui-graudo-pelo-3o-ano-consecutivo","status":"publish","type":"post","link":"https:\/\/www.manaus.am.gov.br\/semtepi\/reconhecimento\/casarao-da-inovacao-cassina-conquista-premio-jaraqui-graudo-pelo-3o-ano-consecutivo\/","title":{"rendered":"Casar\u00e3o da Inova\u00e7\u00e3o Cassina conquista pr\u00eamio Jaraqui Gra\u00fado pelo 3\u00ba ano consecutivo"},"content":{"rendered":"\n<p>O Casar\u00e3o da Inova\u00e7\u00e3o Cassina, administrado pela Prefeitura de Manaus, por meio da Secretaria Municipal do Trabalho, Empreendedorismo e Inova\u00e7\u00e3o (Semtepi), recebeu, na noite desta quarta-feira, 29\/11, o pr\u00eamio Jaraqui Gra\u00fado 2023, como Espa\u00e7o de Inova\u00e7\u00e3o, pelo terceiro ano consecutivo. A premia\u00e7\u00e3o aconteceu durante a Expo Amaz\u00f4nia Bio&amp;Tic, realizada no Studio 5 &#8211; Centro de Conven\u00e7\u00f5es, no Distrito Industrial 1, zona Sul da capital.<\/p>\n\n\n\n<p>Organizado pela comunidade Jaraqui Valley, o pr\u00eamio tem o objetivo de reconhecer as excelentes pr\u00e1ticas no fomento de novos empreendimentos digitais em Manaus. A premia\u00e7\u00e3o anual tem 18 categorias e \u00e9 composta por tr\u00eas fases distintas, sendo na terceira e \u00faltima etapa, a vota\u00e7\u00e3o conduzida pelos membros da academia Jaraqui Gra\u00fado.<\/p>\n\n\n\n<p>\u201cPelo terceiro ano consecutivo, o Casar\u00e3o da Inova\u00e7\u00e3o Cassina recebe o pr\u00eamio Jaraqui Gra\u00fado como reconhecimento para a prefeitura. Saber que o poder p\u00fablico est\u00e1 sendo homenageado por voc\u00eas \u00e9 o mesmo que reconhecer o gestor p\u00fablico, na certeza de que ele est\u00e1 investindo no melhor. Continuem usando o Casar\u00e3o, que ele vai ficar \u00e0 disposi\u00e7\u00e3o de todos voc\u00eas\u201d, destacou o titular da Semtepi, Radyr J\u00fanior, durante a solenidade da premia\u00e7\u00e3o.<\/p>\n\n\n\n<p><strong>Destaques<\/strong><\/p>\n\n\n\n<p>O Casar\u00e3o da Inova\u00e7\u00e3o Cassina, al\u00e9m de ter sido palco de inaugura\u00e7\u00f5es, treinamentos, lan\u00e7amentos, workshops e grandes eventos de inova\u00e7\u00e3o e tecnologia, tamb\u00e9m conquistou premia\u00e7\u00f5es regionais e internacionais, como finalista do Pr\u00eamio de Arquitetura Instituto Tomie Ohtake Akzonobel 2021 e a maquete do pr\u00e9dio, esculpida pelo pr\u00f3prio instituto, exposta no Centro Cultural de S\u00e3o Paulo.<\/p>\n\n\n\n<p>Recebeu outros pr\u00eamios, como o Saint \u2013 Gobain AsBea de Arquitetura, vencedor nas categorias profissionais de \u201cMelhor Projeto da Edi\u00e7\u00e3o\u201d e \u201cEdifica\u00e7\u00e3o Institucional\u201d, ambos em outubro de 2022. Em agosto do mesmo ano, o espa\u00e7o venceu o pr\u00eamio Oscar Niemeyer, e Masterprize, em outubro.<\/p>\n\n\n\n<p>&#8212; &#8212; &#8212;<\/p>\n\n\n\n<p><strong>Texto \u2013 <\/strong>Fabiane Monteiro \/ Semtepi<\/p>\n\n\n\n<p><strong>Fotos &#8211; <\/strong>Divulga\u00e7\u00e3o \/ Semtepi<\/p>\n\n\n\n<p><\/p>\n","protected":false},"excerpt":{"rendered":"","protected":false},"author":23,"featured_media":3213,"comment_status":"closed","ping_status":"closed","sticky":false,"template":"","format":"standard","meta":{"footnotes":""},"categories":[797],"tags":[106,798,8,799,9],"acf":[],"yoast_head":"<!-- This site is optimized with the Yoast SEO plugin v23.0 - https:\/\/yoast.com\/wordpress\/plugins\/seo\/ -->\n<title>Casar\u00e3o da Inova\u00e7\u00e3o Cassina conquista pr\u00eamio Jaraqui Gra\u00fado pelo 3\u00ba ano consecutivo<\/title>\n<meta name=\"description\" content=\"O Casar\u00e3o da Inova\u00e7\u00e3o Cassina, administrado pela Prefeitura de Manaus, por meio da Secretaria Municipal do Trabalho, Empreendedorismo e Inova\u00e7\u00e3o (Semtepi), recebeu, na noite desta quarta-feira, 29\/11, o pr\u00eamio Jaraqui Gra\u00fado 2023, como Espa\u00e7o de Inova\u00e7\u00e3o, pelo terceiro ano consecutivo. A premia\u00e7\u00e3o aconteceu durante a Expo Amaz\u00f4nia Bio&amp;Tic, realizada no Studio 5 - Centro de Conven\u00e7\u00f5es, no Distrito Industrial 1, zona Sul da capital.\" \/>\n<meta name=\"robots\" content=\"noindex, follow\" \/>\n<meta property=\"og:locale\" content=\"pt_BR\" \/>\n<meta property=\"og:type\" content=\"article\" \/>\n<meta property=\"og:title\" content=\"Casar\u00e3o da Inova\u00e7\u00e3o Cassina conquista pr\u00eamio Jaraqui Gra\u00fado pelo 3\u00ba ano consecutivo\" \/>\n<meta property=\"og:description\" content=\"O Casar\u00e3o da Inova\u00e7\u00e3o Cassina, administrado pela Prefeitura de Manaus, por meio da Secretaria Municipal do Trabalho, Empreendedorismo e Inova\u00e7\u00e3o (Semtepi), recebeu, na noite desta quarta-feira, 29\/11, o pr\u00eamio Jaraqui Gra\u00fado 2023, como Espa\u00e7o de Inova\u00e7\u00e3o, pelo terceiro ano consecutivo. A premia\u00e7\u00e3o aconteceu durante a Expo Amaz\u00f4nia Bio&amp;Tic, realizada no Studio 5 - Centro de Conven\u00e7\u00f5es, no Distrito Industrial 1, zona Sul da capital.\" \/>\n<meta property=\"og:url\" content=\"https:\/\/www.manaus.am.gov.br\/semtepi\/reconhecimento\/casarao-da-inovacao-cassina-conquista-premio-jaraqui-graudo-pelo-3o-ano-consecutivo\/\" \/>\n<meta property=\"og:site_name\" content=\"SEMTEPI\" \/>\n<meta property=\"article:published_time\" content=\"2023-11-30T12:47:59+00:00\" \/>\n<meta property=\"article:modified_time\" content=\"2023-11-30T12:48:00+00:00\" \/>\n<meta property=\"og:image\" content=\"https:\/\/www.manaus.am.gov.br\/semtepi\/wp-content\/uploads\/sites\/20\/2023\/11\/51189872603_dede89da42_c.jpg\" \/>\n\t<meta property=\"og:image:width\" content=\"799\" \/>\n\t<meta property=\"og:image:height\" content=\"533\" \/>\n\t<meta property=\"og:image:type\" content=\"image\/jpeg\" \/>\n<meta name=\"author\" content=\"Adriana Costa\" \/>\n<meta name=\"twitter:card\" content=\"summary_large_image\" \/>\n<meta name=\"twitter:label1\" content=\"Written by\" \/>\n\t<meta name=\"twitter:data1\" content=\"Adriana Costa\" \/>\n\t<meta name=\"twitter:label2\" content=\"Est. reading time\" \/>\n\t<meta name=\"twitter:data2\" content=\"2 minutos\" \/>\n<script type=\"application\/ld+json\" class=\"yoast-schema-graph\">{\"@context\":\"https:\/\/schema.org\",\"@graph\":[{\"@type\":\"Article\",\"@id\":\"https:\/\/www.manaus.am.gov.br\/semtepi\/reconhecimento\/casarao-da-inovacao-cassina-conquista-premio-jaraqui-graudo-pelo-3o-ano-consecutivo\/#article\",\"isPartOf\":{\"@id\":\"https:\/\/www.manaus.am.gov.br\/semtepi\/reconhecimento\/casarao-da-inovacao-cassina-conquista-premio-jaraqui-graudo-pelo-3o-ano-consecutivo\/\"},\"author\":{\"name\":\"Adriana Costa\",\"@id\":\"https:\/\/www.manaus.am.gov.br\/semtepi\/#\/schema\/person\/4e49f4e267757a06ca072ec61b2b9968\"},\"headline\":\"Casar\u00e3o da Inova\u00e7\u00e3o Cassina conquista pr\u00eamio Jaraqui Gra\u00fado pelo 3\u00ba ano consecutivo\",\"datePublished\":\"2023-11-30T12:47:59+00:00\",\"dateModified\":\"2023-11-30T12:48:00+00:00\",\"mainEntityOfPage\":{\"@id\":\"https:\/\/www.manaus.am.gov.br\/semtepi\/reconhecimento\/casarao-da-inovacao-cassina-conquista-premio-jaraqui-graudo-pelo-3o-ano-consecutivo\/\"},\"wordCount\":349,\"publisher\":{\"@id\":\"https:\/\/www.manaus.am.gov.br\/semtepi\/#organization\"},\"image\":{\"@id\":\"https:\/\/www.manaus.am.gov.br\/semtepi\/reconhecimento\/casarao-da-inovacao-cassina-conquista-premio-jaraqui-graudo-pelo-3o-ano-consecutivo\/#primaryimage\"},\"thumbnailUrl\":\"https:\/\/www.manaus.am.gov.br\/semtepi\/wp-content\/uploads\/sites\/20\/2023\/11\/51189872603_dede89da42_c.jpg\",\"keywords\":[\"Casar\u00e3o da Inova\u00e7\u00e3o Cassina\",\"Jaraqui Gra\u00fado 2023\",\"prefeitura de manaus\",\"premia\u00e7\u00e3o\",\"Semtepi\"],\"articleSection\":[\"Reconhecimento\"],\"inLanguage\":\"pt-BR\"},{\"@type\":\"WebPage\",\"@id\":\"https:\/\/www.manaus.am.gov.br\/semtepi\/reconhecimento\/casarao-da-inovacao-cassina-conquista-premio-jaraqui-graudo-pelo-3o-ano-consecutivo\/\",\"url\":\"https:\/\/www.manaus.am.gov.br\/semtepi\/reconhecimento\/casarao-da-inovacao-cassina-conquista-premio-jaraqui-graudo-pelo-3o-ano-consecutivo\/\",\"name\":\"Casar\u00e3o da Inova\u00e7\u00e3o Cassina conquista pr\u00eamio Jaraqui Gra\u00fado pelo 3\u00ba ano consecutivo\",\"isPartOf\":{\"@id\":\"https:\/\/www.manaus.am.gov.br\/semtepi\/#website\"},\"primaryImageOfPage\":{\"@id\":\"https:\/\/www.manaus.am.gov.br\/semtepi\/reconhecimento\/casarao-da-inovacao-cassina-conquista-premio-jaraqui-graudo-pelo-3o-ano-consecutivo\/#primaryimage\"},\"image\":{\"@id\":\"https:\/\/www.manaus.am.gov.br\/semtepi\/reconhecimento\/casarao-da-inovacao-cassina-conquista-premio-jaraqui-graudo-pelo-3o-ano-consecutivo\/#primaryimage\"},\"thumbnailUrl\":\"https:\/\/www.manaus.am.gov.br\/semtepi\/wp-content\/uploads\/sites\/20\/2023\/11\/51189872603_dede89da42_c.jpg\",\"datePublished\":\"2023-11-30T12:47:59+00:00\",\"dateModified\":\"2023-11-30T12:48:00+00:00\",\"description\":\"O Casar\u00e3o da Inova\u00e7\u00e3o Cassina, administrado pela Prefeitura de Manaus, por meio da Secretaria Municipal do Trabalho, Empreendedorismo e Inova\u00e7\u00e3o (Semtepi), recebeu, na noite desta quarta-feira, 29\/11, o pr\u00eamio Jaraqui Gra\u00fado 2023, como Espa\u00e7o de Inova\u00e7\u00e3o, pelo terceiro ano consecutivo. A premia\u00e7\u00e3o aconteceu durante a Expo Amaz\u00f4nia Bio&Tic, realizada no Studio 5 - Centro de Conven\u00e7\u00f5es, no Distrito Industrial 1, zona Sul da capital.\",\"breadcrumb\":{\"@id\":\"https:\/\/www.manaus.am.gov.br\/semtepi\/reconhecimento\/casarao-da-inovacao-cassina-conquista-premio-jaraqui-graudo-pelo-3o-ano-consecutivo\/#breadcrumb\"},\"inLanguage\":\"pt-BR\",\"potentialAction\":[{\"@type\":\"ReadAction\",\"target\":[\"https:\/\/www.manaus.am.gov.br\/semtepi\/reconhecimento\/casarao-da-inovacao-cassina-conquista-premio-jaraqui-graudo-pelo-3o-ano-consecutivo\/\"]}]},{\"@type\":\"ImageObject\",\"inLanguage\":\"pt-BR\",\"@id\":\"https:\/\/www.manaus.am.gov.br\/semtepi\/reconhecimento\/casarao-da-inovacao-cassina-conquista-premio-jaraqui-graudo-pelo-3o-ano-consecutivo\/#primaryimage\",\"url\":\"https:\/\/www.manaus.am.gov.br\/semtepi\/wp-content\/uploads\/sites\/20\/2023\/11\/51189872603_dede89da42_c.jpg\",\"contentUrl\":\"https:\/\/www.manaus.am.gov.br\/semtepi\/wp-content\/uploads\/sites\/20\/2023\/11\/51189872603_dede89da42_c.jpg\",\"width\":799,\"height\":533},{\"@type\":\"BreadcrumbList\",\"@id\":\"https:\/\/www.manaus.am.gov.br\/semtepi\/reconhecimento\/casarao-da-inovacao-cassina-conquista-premio-jaraqui-graudo-pelo-3o-ano-consecutivo\/#breadcrumb\",\"itemListElement\":[{\"@type\":\"ListItem\",\"position\":1,\"name\":\"Home\",\"item\":\"https:\/\/www.manaus.am.gov.br\/semtepi\/\"},{\"@type\":\"ListItem\",\"position\":2,\"name\":\"Casar\u00e3o da Inova\u00e7\u00e3o Cassina conquista pr\u00eamio Jaraqui Gra\u00fado pelo 3\u00ba ano consecutivo\"}]},{\"@type\":\"WebSite\",\"@id\":\"https:\/\/www.manaus.am.gov.br\/semtepi\/#website\",\"url\":\"https:\/\/www.manaus.am.gov.br\/semtepi\/\",\"name\":\"SEMTEPI\",\"description\":\"Prefeitura de Manaus\",\"publisher\":{\"@id\":\"https:\/\/www.manaus.am.gov.br\/semtepi\/#organization\"},\"alternateName\":\"Secretaria Municipal do Trabalho, Empreendedorismo e Inova\u00e7\u00e3o\",\"potentialAction\":[{\"@type\":\"SearchAction\",\"target\":{\"@type\":\"EntryPoint\",\"urlTemplate\":\"https:\/\/www.manaus.am.gov.br\/semtepi\/?s={search_term_string}\"},\"query-input\":\"required name=search_term_string\"}],\"inLanguage\":\"pt-BR\"},{\"@type\":\"Organization\",\"@id\":\"https:\/\/www.manaus.am.gov.br\/semtepi\/#organization\",\"name\":\"Prefeitura Municipal de Manaus\",\"alternateName\":\"Prefeitura de Manaus\",\"url\":\"https:\/\/www.manaus.am.gov.br\/semtepi\/\",\"logo\":{\"@type\":\"ImageObject\",\"inLanguage\":\"pt-BR\",\"@id\":\"https:\/\/www.manaus.am.gov.br\/semtepi\/#\/schema\/logo\/image\/\",\"url\":\"https:\/\/www.manaus.am.gov.br\/semtepi\/wp-content\/uploads\/sites\/20\/2024\/07\/favicon.png\",\"contentUrl\":\"https:\/\/www.manaus.am.gov.br\/semtepi\/wp-content\/uploads\/sites\/20\/2024\/07\/favicon.png\",\"width\":300,\"height\":300,\"caption\":\"Prefeitura Municipal de Manaus\"},\"image\":{\"@id\":\"https:\/\/www.manaus.am.gov.br\/semtepi\/#\/schema\/logo\/image\/\"}},{\"@type\":\"Person\",\"@id\":\"https:\/\/www.manaus.am.gov.br\/semtepi\/#\/schema\/person\/4e49f4e267757a06ca072ec61b2b9968\",\"name\":\"Adriana Costa\",\"image\":{\"@type\":\"ImageObject\",\"inLanguage\":\"pt-BR\",\"@id\":\"https:\/\/www.manaus.am.gov.br\/semtepi\/#\/schema\/person\/image\/\",\"url\":\"https:\/\/secure.gravatar.com\/avatar\/576258617ef7194f718179e766d57bd4?s=96&d=mm&r=g\",\"contentUrl\":\"https:\/\/secure.gravatar.com\/avatar\/576258617ef7194f718179e766d57bd4?s=96&d=mm&r=g\",\"caption\":\"Adriana Costa\"}}]}<\/script>\n<!-- \/ Yoast SEO plugin. -->","yoast_head_json":{"title":"Casar\u00e3o da Inova\u00e7\u00e3o Cassina conquista pr\u00eamio Jaraqui Gra\u00fado pelo 3\u00ba ano consecutivo","description":"O Casar\u00e3o da Inova\u00e7\u00e3o Cassina, administrado pela Prefeitura de Manaus, por meio da Secretaria Municipal do Trabalho, Empreendedorismo e Inova\u00e7\u00e3o (Semtepi), recebeu, na noite desta quarta-feira, 29\/11, o pr\u00eamio Jaraqui Gra\u00fado 2023, como Espa\u00e7o de Inova\u00e7\u00e3o, pelo terceiro ano consecutivo. A premia\u00e7\u00e3o aconteceu durante a Expo Amaz\u00f4nia Bio&Tic, realizada no Studio 5 - Centro de Conven\u00e7\u00f5es, no Distrito Industrial 1, zona Sul da capital.","robots":{"index":"noindex","follow":"follow"},"og_locale":"pt_BR","og_type":"article","og_title":"Casar\u00e3o da Inova\u00e7\u00e3o Cassina conquista pr\u00eamio Jaraqui Gra\u00fado pelo 3\u00ba ano consecutivo","og_description":"O Casar\u00e3o da Inova\u00e7\u00e3o Cassina, administrado pela Prefeitura de Manaus, por meio da Secretaria Municipal do Trabalho, Empreendedorismo e Inova\u00e7\u00e3o (Semtepi), recebeu, na noite desta quarta-feira, 29\/11, o pr\u00eamio Jaraqui Gra\u00fado 2023, como Espa\u00e7o de Inova\u00e7\u00e3o, pelo terceiro ano consecutivo. A premia\u00e7\u00e3o aconteceu durante a Expo Amaz\u00f4nia Bio&Tic, realizada no Studio 5 - Centro de Conven\u00e7\u00f5es, no Distrito Industrial 1, zona Sul da capital.","og_url":"https:\/\/www.manaus.am.gov.br\/semtepi\/reconhecimento\/casarao-da-inovacao-cassina-conquista-premio-jaraqui-graudo-pelo-3o-ano-consecutivo\/","og_site_name":"SEMTEPI","article_published_time":"2023-11-30T12:47:59+00:00","article_modified_time":"2023-11-30T12:48:00+00:00","og_image":[{"width":799,"height":533,"url":"https:\/\/www.manaus.am.gov.br\/semtepi\/wp-content\/uploads\/sites\/20\/2023\/11\/51189872603_dede89da42_c.jpg","type":"image\/jpeg"}],"author":"Adriana Costa","twitter_card":"summary_large_image","twitter_misc":{"Written by":"Adriana Costa","Est. reading time":"2 minutos"},"schema":{"@context":"https:\/\/schema.org","@graph":[{"@type":"Article","@id":"https:\/\/www.manaus.am.gov.br\/semtepi\/reconhecimento\/casarao-da-inovacao-cassina-conquista-premio-jaraqui-graudo-pelo-3o-ano-consecutivo\/#article","isPartOf":{"@id":"https:\/\/www.manaus.am.gov.br\/semtepi\/reconhecimento\/casarao-da-inovacao-cassina-conquista-premio-jaraqui-graudo-pelo-3o-ano-consecutivo\/"},"author":{"name":"Adriana Costa","@id":"https:\/\/www.manaus.am.gov.br\/semtepi\/#\/schema\/person\/4e49f4e267757a06ca072ec61b2b9968"},"headline":"Casar\u00e3o da Inova\u00e7\u00e3o Cassina conquista pr\u00eamio Jaraqui Gra\u00fado pelo 3\u00ba ano consecutivo","datePublished":"2023-11-30T12:47:59+00:00","dateModified":"2023-11-30T12:48:00+00:00","mainEntityOfPage":{"@id":"https:\/\/www.manaus.am.gov.br\/semtepi\/reconhecimento\/casarao-da-inovacao-cassina-conquista-premio-jaraqui-graudo-pelo-3o-ano-consecutivo\/"},"wordCount":349,"publisher":{"@id":"https:\/\/www.manaus.am.gov.br\/semtepi\/#organization"},"image":{"@id":"https:\/\/www.manaus.am.gov.br\/semtepi\/reconhecimento\/casarao-da-inovacao-cassina-conquista-premio-jaraqui-graudo-pelo-3o-ano-consecutivo\/#primaryimage"},"thumbnailUrl":"https:\/\/www.manaus.am.gov.br\/semtepi\/wp-content\/uploads\/sites\/20\/2023\/11\/51189872603_dede89da42_c.jpg","keywords":["Casar\u00e3o da Inova\u00e7\u00e3o Cassina","Jaraqui Gra\u00fado 2023","prefeitura de manaus","premia\u00e7\u00e3o","Semtepi"],"articleSection":["Reconhecimento"],"inLanguage":"pt-BR"},{"@type":"WebPage","@id":"https:\/\/www.manaus.am.gov.br\/semtepi\/reconhecimento\/casarao-da-inovacao-cassina-conquista-premio-jaraqui-graudo-pelo-3o-ano-consecutivo\/","url":"https:\/\/www.manaus.am.gov.br\/semtepi\/reconhecimento\/casarao-da-inovacao-cassina-conquista-premio-jaraqui-graudo-pelo-3o-ano-consecutivo\/","name":"Casar\u00e3o da Inova\u00e7\u00e3o Cassina conquista pr\u00eamio Jaraqui Gra\u00fado pelo 3\u00ba ano consecutivo","isPartOf":{"@id":"https:\/\/www.manaus.am.gov.br\/semtepi\/#website"},"primaryImageOfPage":{"@id":"https:\/\/www.manaus.am.gov.br\/semtepi\/reconhecimento\/casarao-da-inovacao-cassina-conquista-premio-jaraqui-graudo-pelo-3o-ano-consecutivo\/#primaryimage"},"image":{"@id":"https:\/\/www.manaus.am.gov.br\/semtepi\/reconhecimento\/casarao-da-inovacao-cassina-conquista-premio-jaraqui-graudo-pelo-3o-ano-consecutivo\/#primaryimage"},"thumbnailUrl":"https:\/\/www.manaus.am.gov.br\/semtepi\/wp-content\/uploads\/sites\/20\/2023\/11\/51189872603_dede89da42_c.jpg","datePublished":"2023-11-30T12:47:59+00:00","dateModified":"2023-11-30T12:48:00+00:00","description":"O Casar\u00e3o da Inova\u00e7\u00e3o Cassina, administrado pela Prefeitura de Manaus, por meio da Secretaria Municipal do Trabalho, Empreendedorismo e Inova\u00e7\u00e3o (Semtepi), recebeu, na noite desta quarta-feira, 29\/11, o pr\u00eamio Jaraqui Gra\u00fado 2023, como Espa\u00e7o de Inova\u00e7\u00e3o, pelo terceiro ano consecutivo. A premia\u00e7\u00e3o aconteceu durante a Expo Amaz\u00f4nia Bio&Tic, realizada no Studio 5 - Centro de Conven\u00e7\u00f5es, no Distrito Industrial 1, zona Sul da capital.","breadcrumb":{"@id":"https:\/\/www.manaus.am.gov.br\/semtepi\/reconhecimento\/casarao-da-inovacao-cassina-conquista-premio-jaraqui-graudo-pelo-3o-ano-consecutivo\/#breadcrumb"},"inLanguage":"pt-BR","potentialAction":[{"@type":"ReadAction","target":["https:\/\/www.manaus.am.gov.br\/semtepi\/reconhecimento\/casarao-da-inovacao-cassina-conquista-premio-jaraqui-graudo-pelo-3o-ano-consecutivo\/"]}]},{"@type":"ImageObject","inLanguage":"pt-BR","@id":"https:\/\/www.manaus.am.gov.br\/semtepi\/reconhecimento\/casarao-da-inovacao-cassina-conquista-premio-jaraqui-graudo-pelo-3o-ano-consecutivo\/#primaryimage","url":"https:\/\/www.manaus.am.gov.br\/semtepi\/wp-content\/uploads\/sites\/20\/2023\/11\/51189872603_dede89da42_c.jpg","contentUrl":"https:\/\/www.manaus.am.gov.br\/semtepi\/wp-content\/uploads\/sites\/20\/2023\/11\/51189872603_dede89da42_c.jpg","width":799,"height":533},{"@type":"BreadcrumbList","@id":"https:\/\/www.manaus.am.gov.br\/semtepi\/reconhecimento\/casarao-da-inovacao-cassina-conquista-premio-jaraqui-graudo-pelo-3o-ano-consecutivo\/#breadcrumb","itemListElement":[{"@type":"ListItem","position":1,"name":"Home","item":"https:\/\/www.manaus.am.gov.br\/semtepi\/"},{"@type":"ListItem","position":2,"name":"Casar\u00e3o da Inova\u00e7\u00e3o Cassina conquista pr\u00eamio Jaraqui Gra\u00fado pelo 3\u00ba ano consecutivo"}]},{"@type":"WebSite","@id":"https:\/\/www.manaus.am.gov.br\/semtepi\/#website","url":"https:\/\/www.manaus.am.gov.br\/semtepi\/","name":"SEMTEPI","description":"Prefeitura de Manaus","publisher":{"@id":"https:\/\/www.manaus.am.gov.br\/semtepi\/#organization"},"alternateName":"Secretaria Municipal do Trabalho, Empreendedorismo e Inova\u00e7\u00e3o","potentialAction":[{"@type":"SearchAction","target":{"@type":"EntryPoint","urlTemplate":"https:\/\/www.manaus.am.gov.br\/semtepi\/?s={search_term_string}"},"query-input":"required name=search_term_string"}],"inLanguage":"pt-BR"},{"@type":"Organization","@id":"https:\/\/www.manaus.am.gov.br\/semtepi\/#organization","name":"Prefeitura Municipal de Manaus","alternateName":"Prefeitura de Manaus","url":"https:\/\/www.manaus.am.gov.br\/semtepi\/","logo":{"@type":"ImageObject","inLanguage":"pt-BR","@id":"https:\/\/www.manaus.am.gov.br\/semtepi\/#\/schema\/logo\/image\/","url":"https:\/\/www.manaus.am.gov.br\/semtepi\/wp-content\/uploads\/sites\/20\/2024\/07\/favicon.png","contentUrl":"https:\/\/www.manaus.am.gov.br\/semtepi\/wp-content\/uploads\/sites\/20\/2024\/07\/favicon.png","width":300,"height":300,"caption":"Prefeitura Municipal de Manaus"},"image":{"@id":"https:\/\/www.manaus.am.gov.br\/semtepi\/#\/schema\/logo\/image\/"}},{"@type":"Person","@id":"https:\/\/www.manaus.am.gov.br\/semtepi\/#\/schema\/person\/4e49f4e267757a06ca072ec61b2b9968","name":"Adriana Costa","image":{"@type":"ImageObject","inLanguage":"pt-BR","@id":"https:\/\/www.manaus.am.gov.br\/semtepi\/#\/schema\/person\/image\/","url":"https:\/\/secure.gravatar.com\/avatar\/576258617ef7194f718179e766d57bd4?s=96&d=mm&r=g","contentUrl":"https:\/\/secure.gravatar.com\/avatar\/576258617ef7194f718179e766d57bd4?s=96&d=mm&r=g","caption":"Adriana Costa"}}]}},"_links":{"self":[{"href":"https:\/\/www.manaus.am.gov.br\/semtepi\/wp-json\/wp\/v2\/posts\/3212"}],"collection":[{"href":"https:\/\/www.manaus.am.gov.br\/semtepi\/wp-json\/wp\/v2\/posts"}],"about":[{"href":"https:\/\/www.manaus.am.gov.br\/semtepi\/wp-json\/wp\/v2\/types\/post"}],"author":[{"embeddable":true,"href":"https:\/\/www.manaus.am.gov.br\/semtepi\/wp-json\/wp\/v2\/users\/23"}],"replies":[{"embeddable":true,"href":"https:\/\/www.manaus.am.gov.br\/semtepi\/wp-json\/wp\/v2\/comments?post=3212"}],"version-history":[{"count":0,"href":"https:\/\/www.manaus.am.gov.br\/semtepi\/wp-json\/wp\/v2\/posts\/3212\/revisions"}],"wp:featuredmedia":[{"embeddable":true,"href":"https:\/\/www.manaus.am.gov.br\/semtepi\/wp-json\/wp\/v2\/media\/3213"}],"wp:attachment":[{"href":"https:\/\/www.manaus.am.gov.br\/semtepi\/wp-json\/wp\/v2\/media?parent=3212"}],"wp:term":[{"taxonomy":"category","embeddable":true,"href":"https:\/\/www.manaus.am.gov.br\/semtepi\/wp-json\/wp\/v2\/categories?post=3212"},{"taxonomy":"post_tag","embeddable":true,"href":"https:\/\/www.manaus.am.gov.br\/semtepi\/wp-json\/wp\/v2\/tags?post=3212"}],"curies":[{"name":"wp","href":"https:\/\/api.w.org\/{rel}","templated":true}]}}