{"id":3049,"date":"2023-11-27T16:53:23","date_gmt":"2023-11-27T20:53:23","guid":{"rendered":"https:\/\/www.manaus.am.gov.br\/semtepi\/sem-categoria\/prefeitura-anuncia-selecionados-para-workshop-como-se-destacar-em-um-mercado-competitivo\/"},"modified":"2023-11-27T16:53:23","modified_gmt":"2023-11-27T20:53:23","slug":"prefeitura-anuncia-selecionados-para-workshop-como-se-destacar-em-um-mercado-competitivo","status":"publish","type":"post","link":"https:\/\/www.manaus.am.gov.br\/semtepi\/curso\/prefeitura-anuncia-selecionados-para-workshop-como-se-destacar-em-um-mercado-competitivo\/","title":{"rendered":"Prefeitura anuncia selecionados para workshop \u201cComo se Destacar em um Mercado Competitivo\u201d"},"content":{"rendered":"\n<p>A Prefeitura de Manaus, por meio da Secretaria Municipal do Trabalho, Empreendedorismo e Inova\u00e7\u00e3o (Semtepi), divulga, nesta segunda-feira, 27\/11, a lista completa de selecionados para o workshop \u201cInova\u00e7\u00e3o e criatividade: Como se Destacar em um Mercado Competitivo\u201d, voltado a potenciais empreendedores com tend\u00eancias e modelo de neg\u00f3cios da Amaz\u00f4nia.<\/p>\n\n\n\n<p>Em parceria com a empresa Marcante, o curso ser\u00e1 ministrado pela empreendedora Mayara Fernandes e faz parte do projeto \u201cQualificar \u00e9 o Caminho Certo para Empreender\u201d, cuja miss\u00e3o \u00e9 disseminar e promover pol\u00edticas p\u00fablicas voltadas \u00e0 gera\u00e7\u00e3o de emprego, renda, desenvolvimento social e econ\u00f4mico de empreendedores e potenciais empreendedores.<\/p>\n\n\n\n<p>\u201cO workshop \u00e9 destinado a empreendedores que buscam aprimorar a qualidade de seus servi\u00e7os ou produtos no mercado de trabalho. Ao longo das instru\u00e7\u00f5es oferecidas, os participantes ter\u00e3o a oportunidade de esclarecer suas principais d\u00favidas relacionadas a diversos temas, incluindo neg\u00f3cios online, produ\u00e7\u00e3o, marketing e estrat\u00e9gias para se destacar no cen\u00e1rio empreendedor\u201d, descreveu o titular da Semtepi, Radyr J\u00fanior.<\/p>\n\n\n\n<p>O workshop ser\u00e1 realizado nesta quarta-feira, 29\/11, das 19h \u00e0s 22h, no Casar\u00e3o da Inova\u00e7\u00e3o Cassina, localizado na rua Bernardo Ramos, bairro Centro, zona Sul.<\/p>\n\n\n\n<p>Na recep\u00e7\u00e3o do local, os participantes precisam apresentar um documento oficial com foto e devem se atentar \u00e0s regras de vestimenta do espa\u00e7o, uma vez que \u00e9 proibida a entrada de pessoas trajando bermuda, short, minissaia, camiseta regata ou chinelo.<\/p>\n\n\n\n<p><a href=\"https:\/\/www.manaus.am.gov.br\/semtepi\/wp-content\/uploads\/sites\/20\/2023\/11\/LISTA-WORKSHOP.pdf\">CONFIRA A LISTA DE SELECIONADOS &#8211; WORKSHOP INOVA\u00c7\u00c3O E CRIATIVIDADE\u00a0<\/a><\/p>\n\n\n\n<p>&#8212; &#8212; &#8212;<\/p>\n\n\n\n<p><strong>Texto \u2013<\/strong> Fabiane Monteiro \/ Semtepi<\/p>\n\n\n\n<p><strong>Fotos \u2013<\/strong> Divulga\u00e7\u00e3o \/ Semtepi<\/p>\n","protected":false},"excerpt":{"rendered":"","protected":false},"author":57,"featured_media":3050,"comment_status":"closed","ping_status":"closed","sticky":false,"template":"","format":"standard","meta":{"footnotes":""},"categories":[263],"tags":[252,7,779,9,105],"acf":[],"yoast_head":"<!-- This site is optimized with the Yoast SEO plugin v23.0 - https:\/\/yoast.com\/wordpress\/plugins\/seo\/ -->\n<title>Prefeitura anuncia selecionados para workshop<\/title>\n<meta name=\"description\" content=\"A Prefeitura de Manaus divulga lista de selecionados para o workshop \u201cInova\u00e7\u00e3o e criatividade: Como se Destacar em um Mercado Competitivo\u201d\" \/>\n<meta name=\"robots\" content=\"noindex, follow\" \/>\n<meta property=\"og:locale\" content=\"pt_BR\" \/>\n<meta property=\"og:type\" content=\"article\" \/>\n<meta property=\"og:title\" content=\"Prefeitura anuncia selecionados para workshop\" \/>\n<meta property=\"og:description\" content=\"A Prefeitura de Manaus divulga lista de selecionados para o workshop \u201cInova\u00e7\u00e3o e criatividade: Como se Destacar em um Mercado Competitivo\u201d\" \/>\n<meta property=\"og:url\" content=\"https:\/\/www.manaus.am.gov.br\/semtepi\/curso\/prefeitura-anuncia-selecionados-para-workshop-como-se-destacar-em-um-mercado-competitivo\/\" \/>\n<meta property=\"og:site_name\" content=\"SEMTEPI\" \/>\n<meta property=\"article:published_time\" content=\"2023-11-27T20:53:23+00:00\" \/>\n<meta property=\"og:image\" content=\"https:\/\/www.manaus.am.gov.br\/semtepi\/wp-content\/uploads\/sites\/20\/2023\/11\/Curso-Qualificacao-3.jpeg\" \/>\n\t<meta property=\"og:image:width\" content=\"1600\" \/>\n\t<meta property=\"og:image:height\" content=\"1200\" \/>\n\t<meta property=\"og:image:type\" content=\"image\/jpeg\" \/>\n<meta name=\"author\" content=\"Thiago Fernando\" \/>\n<meta name=\"twitter:card\" content=\"summary_large_image\" \/>\n<meta name=\"twitter:label1\" content=\"Written by\" \/>\n\t<meta name=\"twitter:data1\" content=\"Thiago Fernando\" \/>\n\t<meta name=\"twitter:label2\" content=\"Est. reading time\" \/>\n\t<meta name=\"twitter:data2\" content=\"2 minutos\" \/>\n<script type=\"application\/ld+json\" class=\"yoast-schema-graph\">{\"@context\":\"https:\/\/schema.org\",\"@graph\":[{\"@type\":\"Article\",\"@id\":\"https:\/\/www.manaus.am.gov.br\/semtepi\/curso\/prefeitura-anuncia-selecionados-para-workshop-como-se-destacar-em-um-mercado-competitivo\/#article\",\"isPartOf\":{\"@id\":\"https:\/\/www.manaus.am.gov.br\/semtepi\/curso\/prefeitura-anuncia-selecionados-para-workshop-como-se-destacar-em-um-mercado-competitivo\/\"},\"author\":{\"name\":\"Thiago Fernando\",\"@id\":\"https:\/\/www.manaus.am.gov.br\/semtepi\/#\/schema\/person\/a5ee5376db6e21af026374b369f30882\"},\"headline\":\"Prefeitura anuncia selecionados para workshop \u201cComo se Destacar em um Mercado Competitivo\u201d\",\"datePublished\":\"2023-11-27T20:53:23+00:00\",\"dateModified\":\"2023-11-27T20:53:23+00:00\",\"mainEntityOfPage\":{\"@id\":\"https:\/\/www.manaus.am.gov.br\/semtepi\/curso\/prefeitura-anuncia-selecionados-para-workshop-como-se-destacar-em-um-mercado-competitivo\/\"},\"wordCount\":272,\"publisher\":{\"@id\":\"https:\/\/www.manaus.am.gov.br\/semtepi\/#organization\"},\"image\":{\"@id\":\"https:\/\/www.manaus.am.gov.br\/semtepi\/curso\/prefeitura-anuncia-selecionados-para-workshop-como-se-destacar-em-um-mercado-competitivo\/#primaryimage\"},\"thumbnailUrl\":\"https:\/\/www.manaus.am.gov.br\/semtepi\/wp-content\/uploads\/sites\/20\/2023\/11\/Curso-Qualificacao-3.jpeg\",\"keywords\":[\"curso\",\"oportunidade\",\"Preparat\u00f3rio\",\"Semtepi\",\"workshop\"],\"articleSection\":[\"Curso\"],\"inLanguage\":\"pt-BR\"},{\"@type\":\"WebPage\",\"@id\":\"https:\/\/www.manaus.am.gov.br\/semtepi\/curso\/prefeitura-anuncia-selecionados-para-workshop-como-se-destacar-em-um-mercado-competitivo\/\",\"url\":\"https:\/\/www.manaus.am.gov.br\/semtepi\/curso\/prefeitura-anuncia-selecionados-para-workshop-como-se-destacar-em-um-mercado-competitivo\/\",\"name\":\"Prefeitura anuncia selecionados para workshop\",\"isPartOf\":{\"@id\":\"https:\/\/www.manaus.am.gov.br\/semtepi\/#website\"},\"primaryImageOfPage\":{\"@id\":\"https:\/\/www.manaus.am.gov.br\/semtepi\/curso\/prefeitura-anuncia-selecionados-para-workshop-como-se-destacar-em-um-mercado-competitivo\/#primaryimage\"},\"image\":{\"@id\":\"https:\/\/www.manaus.am.gov.br\/semtepi\/curso\/prefeitura-anuncia-selecionados-para-workshop-como-se-destacar-em-um-mercado-competitivo\/#primaryimage\"},\"thumbnailUrl\":\"https:\/\/www.manaus.am.gov.br\/semtepi\/wp-content\/uploads\/sites\/20\/2023\/11\/Curso-Qualificacao-3.jpeg\",\"datePublished\":\"2023-11-27T20:53:23+00:00\",\"dateModified\":\"2023-11-27T20:53:23+00:00\",\"description\":\"A Prefeitura de Manaus divulga lista de selecionados para o workshop \u201cInova\u00e7\u00e3o e criatividade: Como se Destacar em um Mercado Competitivo\u201d\",\"breadcrumb\":{\"@id\":\"https:\/\/www.manaus.am.gov.br\/semtepi\/curso\/prefeitura-anuncia-selecionados-para-workshop-como-se-destacar-em-um-mercado-competitivo\/#breadcrumb\"},\"inLanguage\":\"pt-BR\",\"potentialAction\":[{\"@type\":\"ReadAction\",\"target\":[\"https:\/\/www.manaus.am.gov.br\/semtepi\/curso\/prefeitura-anuncia-selecionados-para-workshop-como-se-destacar-em-um-mercado-competitivo\/\"]}]},{\"@type\":\"ImageObject\",\"inLanguage\":\"pt-BR\",\"@id\":\"https:\/\/www.manaus.am.gov.br\/semtepi\/curso\/prefeitura-anuncia-selecionados-para-workshop-como-se-destacar-em-um-mercado-competitivo\/#primaryimage\",\"url\":\"https:\/\/www.manaus.am.gov.br\/semtepi\/wp-content\/uploads\/sites\/20\/2023\/11\/Curso-Qualificacao-3.jpeg\",\"contentUrl\":\"https:\/\/www.manaus.am.gov.br\/semtepi\/wp-content\/uploads\/sites\/20\/2023\/11\/Curso-Qualificacao-3.jpeg\",\"width\":1600,\"height\":1200,\"caption\":\"#paratodosverem - Pessoas selecionadas participam de curso no Cassina\"},{\"@type\":\"BreadcrumbList\",\"@id\":\"https:\/\/www.manaus.am.gov.br\/semtepi\/curso\/prefeitura-anuncia-selecionados-para-workshop-como-se-destacar-em-um-mercado-competitivo\/#breadcrumb\",\"itemListElement\":[{\"@type\":\"ListItem\",\"position\":1,\"name\":\"Home\",\"item\":\"https:\/\/www.manaus.am.gov.br\/semtepi\/\"},{\"@type\":\"ListItem\",\"position\":2,\"name\":\"Prefeitura anuncia selecionados para workshop \u201cComo se Destacar em um Mercado Competitivo\u201d\"}]},{\"@type\":\"WebSite\",\"@id\":\"https:\/\/www.manaus.am.gov.br\/semtepi\/#website\",\"url\":\"https:\/\/www.manaus.am.gov.br\/semtepi\/\",\"name\":\"SEMTEPI\",\"description\":\"Prefeitura de Manaus\",\"publisher\":{\"@id\":\"https:\/\/www.manaus.am.gov.br\/semtepi\/#organization\"},\"alternateName\":\"Secretaria Municipal do Trabalho, Empreendedorismo e Inova\u00e7\u00e3o\",\"potentialAction\":[{\"@type\":\"SearchAction\",\"target\":{\"@type\":\"EntryPoint\",\"urlTemplate\":\"https:\/\/www.manaus.am.gov.br\/semtepi\/?s={search_term_string}\"},\"query-input\":\"required name=search_term_string\"}],\"inLanguage\":\"pt-BR\"},{\"@type\":\"Organization\",\"@id\":\"https:\/\/www.manaus.am.gov.br\/semtepi\/#organization\",\"name\":\"Prefeitura Municipal de Manaus\",\"alternateName\":\"Prefeitura de Manaus\",\"url\":\"https:\/\/www.manaus.am.gov.br\/semtepi\/\",\"logo\":{\"@type\":\"ImageObject\",\"inLanguage\":\"pt-BR\",\"@id\":\"https:\/\/www.manaus.am.gov.br\/semtepi\/#\/schema\/logo\/image\/\",\"url\":\"https:\/\/www.manaus.am.gov.br\/semtepi\/wp-content\/uploads\/sites\/20\/2024\/07\/favicon.png\",\"contentUrl\":\"https:\/\/www.manaus.am.gov.br\/semtepi\/wp-content\/uploads\/sites\/20\/2024\/07\/favicon.png\",\"width\":300,\"height\":300,\"caption\":\"Prefeitura Municipal de Manaus\"},\"image\":{\"@id\":\"https:\/\/www.manaus.am.gov.br\/semtepi\/#\/schema\/logo\/image\/\"}},{\"@type\":\"Person\",\"@id\":\"https:\/\/www.manaus.am.gov.br\/semtepi\/#\/schema\/person\/a5ee5376db6e21af026374b369f30882\",\"name\":\"Thiago Fernando\",\"image\":{\"@type\":\"ImageObject\",\"inLanguage\":\"pt-BR\",\"@id\":\"https:\/\/www.manaus.am.gov.br\/semtepi\/#\/schema\/person\/image\/\",\"url\":\"https:\/\/secure.gravatar.com\/avatar\/f5aab8722444041451501c077052ac07?s=96&d=mm&r=g\",\"contentUrl\":\"https:\/\/secure.gravatar.com\/avatar\/f5aab8722444041451501c077052ac07?s=96&d=mm&r=g\",\"caption\":\"Thiago Fernando\"}}]}<\/script>\n<!-- \/ Yoast SEO plugin. -->","yoast_head_json":{"title":"Prefeitura anuncia selecionados para workshop","description":"A Prefeitura de Manaus divulga lista de selecionados para o workshop \u201cInova\u00e7\u00e3o e criatividade: Como se Destacar em um Mercado Competitivo\u201d","robots":{"index":"noindex","follow":"follow"},"og_locale":"pt_BR","og_type":"article","og_title":"Prefeitura anuncia selecionados para workshop","og_description":"A Prefeitura de Manaus divulga lista de selecionados para o workshop \u201cInova\u00e7\u00e3o e criatividade: Como se Destacar em um Mercado Competitivo\u201d","og_url":"https:\/\/www.manaus.am.gov.br\/semtepi\/curso\/prefeitura-anuncia-selecionados-para-workshop-como-se-destacar-em-um-mercado-competitivo\/","og_site_name":"SEMTEPI","article_published_time":"2023-11-27T20:53:23+00:00","og_image":[{"width":1600,"height":1200,"url":"https:\/\/www.manaus.am.gov.br\/semtepi\/wp-content\/uploads\/sites\/20\/2023\/11\/Curso-Qualificacao-3.jpeg","type":"image\/jpeg"}],"author":"Thiago Fernando","twitter_card":"summary_large_image","twitter_misc":{"Written by":"Thiago Fernando","Est. reading time":"2 minutos"},"schema":{"@context":"https:\/\/schema.org","@graph":[{"@type":"Article","@id":"https:\/\/www.manaus.am.gov.br\/semtepi\/curso\/prefeitura-anuncia-selecionados-para-workshop-como-se-destacar-em-um-mercado-competitivo\/#article","isPartOf":{"@id":"https:\/\/www.manaus.am.gov.br\/semtepi\/curso\/prefeitura-anuncia-selecionados-para-workshop-como-se-destacar-em-um-mercado-competitivo\/"},"author":{"name":"Thiago Fernando","@id":"https:\/\/www.manaus.am.gov.br\/semtepi\/#\/schema\/person\/a5ee5376db6e21af026374b369f30882"},"headline":"Prefeitura anuncia selecionados para workshop \u201cComo se Destacar em um Mercado Competitivo\u201d","datePublished":"2023-11-27T20:53:23+00:00","dateModified":"2023-11-27T20:53:23+00:00","mainEntityOfPage":{"@id":"https:\/\/www.manaus.am.gov.br\/semtepi\/curso\/prefeitura-anuncia-selecionados-para-workshop-como-se-destacar-em-um-mercado-competitivo\/"},"wordCount":272,"publisher":{"@id":"https:\/\/www.manaus.am.gov.br\/semtepi\/#organization"},"image":{"@id":"https:\/\/www.manaus.am.gov.br\/semtepi\/curso\/prefeitura-anuncia-selecionados-para-workshop-como-se-destacar-em-um-mercado-competitivo\/#primaryimage"},"thumbnailUrl":"https:\/\/www.manaus.am.gov.br\/semtepi\/wp-content\/uploads\/sites\/20\/2023\/11\/Curso-Qualificacao-3.jpeg","keywords":["curso","oportunidade","Preparat\u00f3rio","Semtepi","workshop"],"articleSection":["Curso"],"inLanguage":"pt-BR"},{"@type":"WebPage","@id":"https:\/\/www.manaus.am.gov.br\/semtepi\/curso\/prefeitura-anuncia-selecionados-para-workshop-como-se-destacar-em-um-mercado-competitivo\/","url":"https:\/\/www.manaus.am.gov.br\/semtepi\/curso\/prefeitura-anuncia-selecionados-para-workshop-como-se-destacar-em-um-mercado-competitivo\/","name":"Prefeitura anuncia selecionados para workshop","isPartOf":{"@id":"https:\/\/www.manaus.am.gov.br\/semtepi\/#website"},"primaryImageOfPage":{"@id":"https:\/\/www.manaus.am.gov.br\/semtepi\/curso\/prefeitura-anuncia-selecionados-para-workshop-como-se-destacar-em-um-mercado-competitivo\/#primaryimage"},"image":{"@id":"https:\/\/www.manaus.am.gov.br\/semtepi\/curso\/prefeitura-anuncia-selecionados-para-workshop-como-se-destacar-em-um-mercado-competitivo\/#primaryimage"},"thumbnailUrl":"https:\/\/www.manaus.am.gov.br\/semtepi\/wp-content\/uploads\/sites\/20\/2023\/11\/Curso-Qualificacao-3.jpeg","datePublished":"2023-11-27T20:53:23+00:00","dateModified":"2023-11-27T20:53:23+00:00","description":"A Prefeitura de Manaus divulga lista de selecionados para o workshop \u201cInova\u00e7\u00e3o e criatividade: Como se Destacar em um Mercado Competitivo\u201d","breadcrumb":{"@id":"https:\/\/www.manaus.am.gov.br\/semtepi\/curso\/prefeitura-anuncia-selecionados-para-workshop-como-se-destacar-em-um-mercado-competitivo\/#breadcrumb"},"inLanguage":"pt-BR","potentialAction":[{"@type":"ReadAction","target":["https:\/\/www.manaus.am.gov.br\/semtepi\/curso\/prefeitura-anuncia-selecionados-para-workshop-como-se-destacar-em-um-mercado-competitivo\/"]}]},{"@type":"ImageObject","inLanguage":"pt-BR","@id":"https:\/\/www.manaus.am.gov.br\/semtepi\/curso\/prefeitura-anuncia-selecionados-para-workshop-como-se-destacar-em-um-mercado-competitivo\/#primaryimage","url":"https:\/\/www.manaus.am.gov.br\/semtepi\/wp-content\/uploads\/sites\/20\/2023\/11\/Curso-Qualificacao-3.jpeg","contentUrl":"https:\/\/www.manaus.am.gov.br\/semtepi\/wp-content\/uploads\/sites\/20\/2023\/11\/Curso-Qualificacao-3.jpeg","width":1600,"height":1200,"caption":"#paratodosverem - Pessoas selecionadas participam de curso no Cassina"},{"@type":"BreadcrumbList","@id":"https:\/\/www.manaus.am.gov.br\/semtepi\/curso\/prefeitura-anuncia-selecionados-para-workshop-como-se-destacar-em-um-mercado-competitivo\/#breadcrumb","itemListElement":[{"@type":"ListItem","position":1,"name":"Home","item":"https:\/\/www.manaus.am.gov.br\/semtepi\/"},{"@type":"ListItem","position":2,"name":"Prefeitura anuncia selecionados para workshop \u201cComo se Destacar em um Mercado Competitivo\u201d"}]},{"@type":"WebSite","@id":"https:\/\/www.manaus.am.gov.br\/semtepi\/#website","url":"https:\/\/www.manaus.am.gov.br\/semtepi\/","name":"SEMTEPI","description":"Prefeitura de Manaus","publisher":{"@id":"https:\/\/www.manaus.am.gov.br\/semtepi\/#organization"},"alternateName":"Secretaria Municipal do Trabalho, Empreendedorismo e Inova\u00e7\u00e3o","potentialAction":[{"@type":"SearchAction","target":{"@type":"EntryPoint","urlTemplate":"https:\/\/www.manaus.am.gov.br\/semtepi\/?s={search_term_string}"},"query-input":"required name=search_term_string"}],"inLanguage":"pt-BR"},{"@type":"Organization","@id":"https:\/\/www.manaus.am.gov.br\/semtepi\/#organization","name":"Prefeitura Municipal de Manaus","alternateName":"Prefeitura de Manaus","url":"https:\/\/www.manaus.am.gov.br\/semtepi\/","logo":{"@type":"ImageObject","inLanguage":"pt-BR","@id":"https:\/\/www.manaus.am.gov.br\/semtepi\/#\/schema\/logo\/image\/","url":"https:\/\/www.manaus.am.gov.br\/semtepi\/wp-content\/uploads\/sites\/20\/2024\/07\/favicon.png","contentUrl":"https:\/\/www.manaus.am.gov.br\/semtepi\/wp-content\/uploads\/sites\/20\/2024\/07\/favicon.png","width":300,"height":300,"caption":"Prefeitura Municipal de Manaus"},"image":{"@id":"https:\/\/www.manaus.am.gov.br\/semtepi\/#\/schema\/logo\/image\/"}},{"@type":"Person","@id":"https:\/\/www.manaus.am.gov.br\/semtepi\/#\/schema\/person\/a5ee5376db6e21af026374b369f30882","name":"Thiago Fernando","image":{"@type":"ImageObject","inLanguage":"pt-BR","@id":"https:\/\/www.manaus.am.gov.br\/semtepi\/#\/schema\/person\/image\/","url":"https:\/\/secure.gravatar.com\/avatar\/f5aab8722444041451501c077052ac07?s=96&d=mm&r=g","contentUrl":"https:\/\/secure.gravatar.com\/avatar\/f5aab8722444041451501c077052ac07?s=96&d=mm&r=g","caption":"Thiago Fernando"}}]}},"_links":{"self":[{"href":"https:\/\/www.manaus.am.gov.br\/semtepi\/wp-json\/wp\/v2\/posts\/3049"}],"collection":[{"href":"https:\/\/www.manaus.am.gov.br\/semtepi\/wp-json\/wp\/v2\/posts"}],"about":[{"href":"https:\/\/www.manaus.am.gov.br\/semtepi\/wp-json\/wp\/v2\/types\/post"}],"author":[{"embeddable":true,"href":"https:\/\/www.manaus.am.gov.br\/semtepi\/wp-json\/wp\/v2\/users\/57"}],"replies":[{"embeddable":true,"href":"https:\/\/www.manaus.am.gov.br\/semtepi\/wp-json\/wp\/v2\/comments?post=3049"}],"version-history":[{"count":1,"href":"https:\/\/www.manaus.am.gov.br\/semtepi\/wp-json\/wp\/v2\/posts\/3049\/revisions"}],"predecessor-version":[{"id":3052,"href":"https:\/\/www.manaus.am.gov.br\/semtepi\/wp-json\/wp\/v2\/posts\/3049\/revisions\/3052"}],"wp:featuredmedia":[{"embeddable":true,"href":"https:\/\/www.manaus.am.gov.br\/semtepi\/wp-json\/wp\/v2\/media\/3050"}],"wp:attachment":[{"href":"https:\/\/www.manaus.am.gov.br\/semtepi\/wp-json\/wp\/v2\/media?parent=3049"}],"wp:term":[{"taxonomy":"category","embeddable":true,"href":"https:\/\/www.manaus.am.gov.br\/semtepi\/wp-json\/wp\/v2\/categories?post=3049"},{"taxonomy":"post_tag","embeddable":true,"href":"https:\/\/www.manaus.am.gov.br\/semtepi\/wp-json\/wp\/v2\/tags?post=3049"}],"curies":[{"name":"wp","href":"https:\/\/api.w.org\/{rel}","templated":true}]}}