{"id":3019,"date":"2023-11-23T16:29:37","date_gmt":"2023-11-23T20:29:37","guid":{"rendered":"https:\/\/www.manaus.am.gov.br\/semtepi\/sem-categoria\/prefeitura-leva-sine-manaus-a-tres-bairros-neste-fim-de-semana\/"},"modified":"2023-11-23T16:29:39","modified_gmt":"2023-11-23T20:29:39","slug":"prefeitura-leva-sine-manaus-a-tres-bairros-neste-fim-de-semana","status":"publish","type":"post","link":"https:\/\/www.manaus.am.gov.br\/semtepi\/emprego\/prefeitura-leva-sine-manaus-a-tres-bairros-neste-fim-de-semana\/","title":{"rendered":"Prefeitura leva \u2018Sine Manaus\u2019 a tr\u00eas bairros neste fim de semana\u00a0"},"content":{"rendered":"\n<p>A Prefeitura de Manaus, por meio da Secretaria Municipal do Trabalho, Empreendedorismo e Inova\u00e7\u00e3o (Semtepi), levar\u00e1, neste s\u00e1bado e domingo, 24 e 25\/11, das 8h \u00e0s 12h, os servi\u00e7os do Sine Manaus aos bairros Santa Etelvina, Monte Sinai e L\u00edrio do Vale.<\/p>\n\n\n\n<p>Nesta sexta-feira, 24\/11, a equipe do Sine Manaus estar\u00e1 presente no Centro Esp\u00edrita Lar Francisco de Assis, localizado no bairro Santa Etelvina, n\u00ba 5, zona Norte. De acordo com o diretor do Sine, Pedro Lima, o avan\u00e7o da capta\u00e7\u00e3o de vagas tem crescido constantemente, e de janeiro a novembro deste ano, mais de 7.000 j\u00e1 foram ofertadas.<\/p>\n\n\n\n<p>\u201cPara n\u00f3s \u00e9 um privil\u00e9gio poder ajudar a popula\u00e7\u00e3o com mais empregos e oportunidades. Neste ano, j\u00e1 colocamos 4.976 trabalhadores no mercado de trabalho. Acreditamos que as a\u00e7\u00f5es itinerantes do Sine pela cidade t\u00eam feito esse n\u00famero crescer ainda mais\u201d, frisou Lima.<\/p>\n\n\n\n<p>J\u00e1 no s\u00e1bado, os pontos do Sine Manaus se dividir\u00e3o em dois locais: na escola municipal Engenheiro Jo\u00e3o Alberto Menezes Braga, situada na rua Duartina, no bairro Monte Sinai, zona Norte; e na Igreja Evang\u00e9lica Assembleia de Deus (Ieadam), na&nbsp;<a href=\"https:\/\/www.google.com\/maps\/search\/rua+Clidenor+Galva,+n%C2%BA+23?entry=gmail&amp;source=g\" target=\"_blank\" rel=\"noreferrer noopener\">rua Clidenor Galva, n\u00ba 23<\/a>, bairro L\u00edrio do Vale, zona Oeste de Manaus.&nbsp;<\/p>\n\n\n\n<p>&#8212; &#8212; &#8212;<\/p>\n\n\n\n<p><strong>Texto \u2013 <\/strong>Fabiane Monteiro \/ Semtepi<\/p>\n\n\n\n<p><strong>Foto \u2013 <\/strong>Jo\u00e3o Viana \/ Semcom<\/p>\n\n\n\n<p><\/p>\n","protected":false},"excerpt":{"rendered":"","protected":false},"author":57,"featured_media":3020,"comment_status":"closed","ping_status":"closed","sticky":false,"template":"","format":"standard","meta":{"footnotes":""},"categories":[760],"tags":[11,7,9,529],"acf":[],"yoast_head":"<!-- This site is optimized with the Yoast SEO plugin v23.0 - https:\/\/yoast.com\/wordpress\/plugins\/seo\/ -->\n<title>Prefeitura leva \u2018Sine Manaus\u2019 a tr\u00eas bairros neste fim de semana<\/title>\n<meta name=\"description\" content=\"A Prefeitura de Manaus, por meio da Semtepi, levar\u00e1 os servi\u00e7os do Sine Manaus aos bairros Santa Etelvina, Monte Sinai e L\u00edrio do Vale.\" \/>\n<meta name=\"robots\" content=\"noindex, follow\" \/>\n<meta property=\"og:locale\" content=\"pt_BR\" \/>\n<meta property=\"og:type\" content=\"article\" \/>\n<meta property=\"og:title\" content=\"Prefeitura leva \u2018Sine Manaus\u2019 a tr\u00eas bairros neste fim de semana\" \/>\n<meta property=\"og:description\" content=\"A Prefeitura de Manaus, por meio da Semtepi, levar\u00e1 os servi\u00e7os do Sine Manaus aos bairros Santa Etelvina, Monte Sinai e L\u00edrio do Vale.\" \/>\n<meta property=\"og:url\" content=\"https:\/\/www.manaus.am.gov.br\/semtepi\/emprego\/prefeitura-leva-sine-manaus-a-tres-bairros-neste-fim-de-semana\/\" \/>\n<meta property=\"og:site_name\" content=\"SEMTEPI\" \/>\n<meta property=\"article:published_time\" content=\"2023-11-23T20:29:37+00:00\" \/>\n<meta property=\"article:modified_time\" content=\"2023-11-23T20:29:39+00:00\" \/>\n<meta property=\"og:image\" content=\"https:\/\/www.manaus.am.gov.br\/semtepi\/wp-content\/uploads\/sites\/20\/2023\/11\/53217753531_ee25886e6c_c-1.jpg\" \/>\n\t<meta property=\"og:image:width\" content=\"799\" \/>\n\t<meta property=\"og:image:height\" content=\"533\" \/>\n\t<meta property=\"og:image:type\" content=\"image\/jpeg\" \/>\n<meta name=\"author\" content=\"Thiago Fernando\" \/>\n<meta name=\"twitter:card\" content=\"summary_large_image\" \/>\n<meta name=\"twitter:label1\" content=\"Written by\" \/>\n\t<meta name=\"twitter:data1\" content=\"Thiago Fernando\" \/>\n\t<meta name=\"twitter:label2\" content=\"Est. reading time\" \/>\n\t<meta name=\"twitter:data2\" content=\"2 minutos\" \/>\n<script type=\"application\/ld+json\" class=\"yoast-schema-graph\">{\"@context\":\"https:\/\/schema.org\",\"@graph\":[{\"@type\":\"Article\",\"@id\":\"https:\/\/www.manaus.am.gov.br\/semtepi\/emprego\/prefeitura-leva-sine-manaus-a-tres-bairros-neste-fim-de-semana\/#article\",\"isPartOf\":{\"@id\":\"https:\/\/www.manaus.am.gov.br\/semtepi\/emprego\/prefeitura-leva-sine-manaus-a-tres-bairros-neste-fim-de-semana\/\"},\"author\":{\"name\":\"Thiago Fernando\",\"@id\":\"https:\/\/www.manaus.am.gov.br\/semtepi\/#\/schema\/person\/a5ee5376db6e21af026374b369f30882\"},\"headline\":\"Prefeitura leva \u2018Sine Manaus\u2019 a tr\u00eas bairros neste fim de semana\u00a0\",\"datePublished\":\"2023-11-23T20:29:37+00:00\",\"dateModified\":\"2023-11-23T20:29:39+00:00\",\"mainEntityOfPage\":{\"@id\":\"https:\/\/www.manaus.am.gov.br\/semtepi\/emprego\/prefeitura-leva-sine-manaus-a-tres-bairros-neste-fim-de-semana\/\"},\"wordCount\":230,\"publisher\":{\"@id\":\"https:\/\/www.manaus.am.gov.br\/semtepi\/#organization\"},\"image\":{\"@id\":\"https:\/\/www.manaus.am.gov.br\/semtepi\/emprego\/prefeitura-leva-sine-manaus-a-tres-bairros-neste-fim-de-semana\/#primaryimage\"},\"thumbnailUrl\":\"https:\/\/www.manaus.am.gov.br\/semtepi\/wp-content\/uploads\/sites\/20\/2023\/11\/53217753531_ee25886e6c_c-1.jpg\",\"keywords\":[\"emprego\",\"oportunidade\",\"Semtepi\",\"sine\"],\"articleSection\":[\"Emprego\"],\"inLanguage\":\"pt-BR\"},{\"@type\":\"WebPage\",\"@id\":\"https:\/\/www.manaus.am.gov.br\/semtepi\/emprego\/prefeitura-leva-sine-manaus-a-tres-bairros-neste-fim-de-semana\/\",\"url\":\"https:\/\/www.manaus.am.gov.br\/semtepi\/emprego\/prefeitura-leva-sine-manaus-a-tres-bairros-neste-fim-de-semana\/\",\"name\":\"Prefeitura leva \u2018Sine Manaus\u2019 a tr\u00eas bairros neste fim de semana\",\"isPartOf\":{\"@id\":\"https:\/\/www.manaus.am.gov.br\/semtepi\/#website\"},\"primaryImageOfPage\":{\"@id\":\"https:\/\/www.manaus.am.gov.br\/semtepi\/emprego\/prefeitura-leva-sine-manaus-a-tres-bairros-neste-fim-de-semana\/#primaryimage\"},\"image\":{\"@id\":\"https:\/\/www.manaus.am.gov.br\/semtepi\/emprego\/prefeitura-leva-sine-manaus-a-tres-bairros-neste-fim-de-semana\/#primaryimage\"},\"thumbnailUrl\":\"https:\/\/www.manaus.am.gov.br\/semtepi\/wp-content\/uploads\/sites\/20\/2023\/11\/53217753531_ee25886e6c_c-1.jpg\",\"datePublished\":\"2023-11-23T20:29:37+00:00\",\"dateModified\":\"2023-11-23T20:29:39+00:00\",\"description\":\"A Prefeitura de Manaus, por meio da Semtepi, levar\u00e1 os servi\u00e7os do Sine Manaus aos bairros Santa Etelvina, Monte Sinai e L\u00edrio do Vale.\",\"breadcrumb\":{\"@id\":\"https:\/\/www.manaus.am.gov.br\/semtepi\/emprego\/prefeitura-leva-sine-manaus-a-tres-bairros-neste-fim-de-semana\/#breadcrumb\"},\"inLanguage\":\"pt-BR\",\"potentialAction\":[{\"@type\":\"ReadAction\",\"target\":[\"https:\/\/www.manaus.am.gov.br\/semtepi\/emprego\/prefeitura-leva-sine-manaus-a-tres-bairros-neste-fim-de-semana\/\"]}]},{\"@type\":\"ImageObject\",\"inLanguage\":\"pt-BR\",\"@id\":\"https:\/\/www.manaus.am.gov.br\/semtepi\/emprego\/prefeitura-leva-sine-manaus-a-tres-bairros-neste-fim-de-semana\/#primaryimage\",\"url\":\"https:\/\/www.manaus.am.gov.br\/semtepi\/wp-content\/uploads\/sites\/20\/2023\/11\/53217753531_ee25886e6c_c-1.jpg\",\"contentUrl\":\"https:\/\/www.manaus.am.gov.br\/semtepi\/wp-content\/uploads\/sites\/20\/2023\/11\/53217753531_ee25886e6c_c-1.jpg\",\"width\":799,\"height\":533,\"caption\":\"#paratodosverem - Sine Itinerante atende a popula\u00e7\u00e3o pelos bairros da capital amazonense\"},{\"@type\":\"BreadcrumbList\",\"@id\":\"https:\/\/www.manaus.am.gov.br\/semtepi\/emprego\/prefeitura-leva-sine-manaus-a-tres-bairros-neste-fim-de-semana\/#breadcrumb\",\"itemListElement\":[{\"@type\":\"ListItem\",\"position\":1,\"name\":\"Home\",\"item\":\"https:\/\/www.manaus.am.gov.br\/semtepi\/\"},{\"@type\":\"ListItem\",\"position\":2,\"name\":\"Prefeitura leva \u2018Sine Manaus\u2019 a tr\u00eas bairros neste fim de semana\u00a0\"}]},{\"@type\":\"WebSite\",\"@id\":\"https:\/\/www.manaus.am.gov.br\/semtepi\/#website\",\"url\":\"https:\/\/www.manaus.am.gov.br\/semtepi\/\",\"name\":\"SEMTEPI\",\"description\":\"Prefeitura de Manaus\",\"publisher\":{\"@id\":\"https:\/\/www.manaus.am.gov.br\/semtepi\/#organization\"},\"alternateName\":\"Secretaria Municipal do Trabalho, Empreendedorismo e Inova\u00e7\u00e3o\",\"potentialAction\":[{\"@type\":\"SearchAction\",\"target\":{\"@type\":\"EntryPoint\",\"urlTemplate\":\"https:\/\/www.manaus.am.gov.br\/semtepi\/?s={search_term_string}\"},\"query-input\":\"required name=search_term_string\"}],\"inLanguage\":\"pt-BR\"},{\"@type\":\"Organization\",\"@id\":\"https:\/\/www.manaus.am.gov.br\/semtepi\/#organization\",\"name\":\"Prefeitura Municipal de Manaus\",\"alternateName\":\"Prefeitura de Manaus\",\"url\":\"https:\/\/www.manaus.am.gov.br\/semtepi\/\",\"logo\":{\"@type\":\"ImageObject\",\"inLanguage\":\"pt-BR\",\"@id\":\"https:\/\/www.manaus.am.gov.br\/semtepi\/#\/schema\/logo\/image\/\",\"url\":\"https:\/\/www.manaus.am.gov.br\/semtepi\/wp-content\/uploads\/sites\/20\/2024\/07\/favicon.png\",\"contentUrl\":\"https:\/\/www.manaus.am.gov.br\/semtepi\/wp-content\/uploads\/sites\/20\/2024\/07\/favicon.png\",\"width\":300,\"height\":300,\"caption\":\"Prefeitura Municipal de Manaus\"},\"image\":{\"@id\":\"https:\/\/www.manaus.am.gov.br\/semtepi\/#\/schema\/logo\/image\/\"}},{\"@type\":\"Person\",\"@id\":\"https:\/\/www.manaus.am.gov.br\/semtepi\/#\/schema\/person\/a5ee5376db6e21af026374b369f30882\",\"name\":\"Thiago Fernando\",\"image\":{\"@type\":\"ImageObject\",\"inLanguage\":\"pt-BR\",\"@id\":\"https:\/\/www.manaus.am.gov.br\/semtepi\/#\/schema\/person\/image\/\",\"url\":\"https:\/\/secure.gravatar.com\/avatar\/f5aab8722444041451501c077052ac07?s=96&d=mm&r=g\",\"contentUrl\":\"https:\/\/secure.gravatar.com\/avatar\/f5aab8722444041451501c077052ac07?s=96&d=mm&r=g\",\"caption\":\"Thiago Fernando\"}}]}<\/script>\n<!-- \/ Yoast SEO plugin. -->","yoast_head_json":{"title":"Prefeitura leva \u2018Sine Manaus\u2019 a tr\u00eas bairros neste fim de semana","description":"A Prefeitura de Manaus, por meio da Semtepi, levar\u00e1 os servi\u00e7os do Sine Manaus aos bairros Santa Etelvina, Monte Sinai e L\u00edrio do Vale.","robots":{"index":"noindex","follow":"follow"},"og_locale":"pt_BR","og_type":"article","og_title":"Prefeitura leva \u2018Sine Manaus\u2019 a tr\u00eas bairros neste fim de semana","og_description":"A Prefeitura de Manaus, por meio da Semtepi, levar\u00e1 os servi\u00e7os do Sine Manaus aos bairros Santa Etelvina, Monte Sinai e L\u00edrio do Vale.","og_url":"https:\/\/www.manaus.am.gov.br\/semtepi\/emprego\/prefeitura-leva-sine-manaus-a-tres-bairros-neste-fim-de-semana\/","og_site_name":"SEMTEPI","article_published_time":"2023-11-23T20:29:37+00:00","article_modified_time":"2023-11-23T20:29:39+00:00","og_image":[{"width":799,"height":533,"url":"https:\/\/www.manaus.am.gov.br\/semtepi\/wp-content\/uploads\/sites\/20\/2023\/11\/53217753531_ee25886e6c_c-1.jpg","type":"image\/jpeg"}],"author":"Thiago Fernando","twitter_card":"summary_large_image","twitter_misc":{"Written by":"Thiago Fernando","Est. reading time":"2 minutos"},"schema":{"@context":"https:\/\/schema.org","@graph":[{"@type":"Article","@id":"https:\/\/www.manaus.am.gov.br\/semtepi\/emprego\/prefeitura-leva-sine-manaus-a-tres-bairros-neste-fim-de-semana\/#article","isPartOf":{"@id":"https:\/\/www.manaus.am.gov.br\/semtepi\/emprego\/prefeitura-leva-sine-manaus-a-tres-bairros-neste-fim-de-semana\/"},"author":{"name":"Thiago Fernando","@id":"https:\/\/www.manaus.am.gov.br\/semtepi\/#\/schema\/person\/a5ee5376db6e21af026374b369f30882"},"headline":"Prefeitura leva \u2018Sine Manaus\u2019 a tr\u00eas bairros neste fim de semana\u00a0","datePublished":"2023-11-23T20:29:37+00:00","dateModified":"2023-11-23T20:29:39+00:00","mainEntityOfPage":{"@id":"https:\/\/www.manaus.am.gov.br\/semtepi\/emprego\/prefeitura-leva-sine-manaus-a-tres-bairros-neste-fim-de-semana\/"},"wordCount":230,"publisher":{"@id":"https:\/\/www.manaus.am.gov.br\/semtepi\/#organization"},"image":{"@id":"https:\/\/www.manaus.am.gov.br\/semtepi\/emprego\/prefeitura-leva-sine-manaus-a-tres-bairros-neste-fim-de-semana\/#primaryimage"},"thumbnailUrl":"https:\/\/www.manaus.am.gov.br\/semtepi\/wp-content\/uploads\/sites\/20\/2023\/11\/53217753531_ee25886e6c_c-1.jpg","keywords":["emprego","oportunidade","Semtepi","sine"],"articleSection":["Emprego"],"inLanguage":"pt-BR"},{"@type":"WebPage","@id":"https:\/\/www.manaus.am.gov.br\/semtepi\/emprego\/prefeitura-leva-sine-manaus-a-tres-bairros-neste-fim-de-semana\/","url":"https:\/\/www.manaus.am.gov.br\/semtepi\/emprego\/prefeitura-leva-sine-manaus-a-tres-bairros-neste-fim-de-semana\/","name":"Prefeitura leva \u2018Sine Manaus\u2019 a tr\u00eas bairros neste fim de semana","isPartOf":{"@id":"https:\/\/www.manaus.am.gov.br\/semtepi\/#website"},"primaryImageOfPage":{"@id":"https:\/\/www.manaus.am.gov.br\/semtepi\/emprego\/prefeitura-leva-sine-manaus-a-tres-bairros-neste-fim-de-semana\/#primaryimage"},"image":{"@id":"https:\/\/www.manaus.am.gov.br\/semtepi\/emprego\/prefeitura-leva-sine-manaus-a-tres-bairros-neste-fim-de-semana\/#primaryimage"},"thumbnailUrl":"https:\/\/www.manaus.am.gov.br\/semtepi\/wp-content\/uploads\/sites\/20\/2023\/11\/53217753531_ee25886e6c_c-1.jpg","datePublished":"2023-11-23T20:29:37+00:00","dateModified":"2023-11-23T20:29:39+00:00","description":"A Prefeitura de Manaus, por meio da Semtepi, levar\u00e1 os servi\u00e7os do Sine Manaus aos bairros Santa Etelvina, Monte Sinai e L\u00edrio do Vale.","breadcrumb":{"@id":"https:\/\/www.manaus.am.gov.br\/semtepi\/emprego\/prefeitura-leva-sine-manaus-a-tres-bairros-neste-fim-de-semana\/#breadcrumb"},"inLanguage":"pt-BR","potentialAction":[{"@type":"ReadAction","target":["https:\/\/www.manaus.am.gov.br\/semtepi\/emprego\/prefeitura-leva-sine-manaus-a-tres-bairros-neste-fim-de-semana\/"]}]},{"@type":"ImageObject","inLanguage":"pt-BR","@id":"https:\/\/www.manaus.am.gov.br\/semtepi\/emprego\/prefeitura-leva-sine-manaus-a-tres-bairros-neste-fim-de-semana\/#primaryimage","url":"https:\/\/www.manaus.am.gov.br\/semtepi\/wp-content\/uploads\/sites\/20\/2023\/11\/53217753531_ee25886e6c_c-1.jpg","contentUrl":"https:\/\/www.manaus.am.gov.br\/semtepi\/wp-content\/uploads\/sites\/20\/2023\/11\/53217753531_ee25886e6c_c-1.jpg","width":799,"height":533,"caption":"#paratodosverem - Sine Itinerante atende a popula\u00e7\u00e3o pelos bairros da capital amazonense"},{"@type":"BreadcrumbList","@id":"https:\/\/www.manaus.am.gov.br\/semtepi\/emprego\/prefeitura-leva-sine-manaus-a-tres-bairros-neste-fim-de-semana\/#breadcrumb","itemListElement":[{"@type":"ListItem","position":1,"name":"Home","item":"https:\/\/www.manaus.am.gov.br\/semtepi\/"},{"@type":"ListItem","position":2,"name":"Prefeitura leva \u2018Sine Manaus\u2019 a tr\u00eas bairros neste fim de semana\u00a0"}]},{"@type":"WebSite","@id":"https:\/\/www.manaus.am.gov.br\/semtepi\/#website","url":"https:\/\/www.manaus.am.gov.br\/semtepi\/","name":"SEMTEPI","description":"Prefeitura de Manaus","publisher":{"@id":"https:\/\/www.manaus.am.gov.br\/semtepi\/#organization"},"alternateName":"Secretaria Municipal do Trabalho, Empreendedorismo e Inova\u00e7\u00e3o","potentialAction":[{"@type":"SearchAction","target":{"@type":"EntryPoint","urlTemplate":"https:\/\/www.manaus.am.gov.br\/semtepi\/?s={search_term_string}"},"query-input":"required name=search_term_string"}],"inLanguage":"pt-BR"},{"@type":"Organization","@id":"https:\/\/www.manaus.am.gov.br\/semtepi\/#organization","name":"Prefeitura Municipal de Manaus","alternateName":"Prefeitura de Manaus","url":"https:\/\/www.manaus.am.gov.br\/semtepi\/","logo":{"@type":"ImageObject","inLanguage":"pt-BR","@id":"https:\/\/www.manaus.am.gov.br\/semtepi\/#\/schema\/logo\/image\/","url":"https:\/\/www.manaus.am.gov.br\/semtepi\/wp-content\/uploads\/sites\/20\/2024\/07\/favicon.png","contentUrl":"https:\/\/www.manaus.am.gov.br\/semtepi\/wp-content\/uploads\/sites\/20\/2024\/07\/favicon.png","width":300,"height":300,"caption":"Prefeitura Municipal de Manaus"},"image":{"@id":"https:\/\/www.manaus.am.gov.br\/semtepi\/#\/schema\/logo\/image\/"}},{"@type":"Person","@id":"https:\/\/www.manaus.am.gov.br\/semtepi\/#\/schema\/person\/a5ee5376db6e21af026374b369f30882","name":"Thiago Fernando","image":{"@type":"ImageObject","inLanguage":"pt-BR","@id":"https:\/\/www.manaus.am.gov.br\/semtepi\/#\/schema\/person\/image\/","url":"https:\/\/secure.gravatar.com\/avatar\/f5aab8722444041451501c077052ac07?s=96&d=mm&r=g","contentUrl":"https:\/\/secure.gravatar.com\/avatar\/f5aab8722444041451501c077052ac07?s=96&d=mm&r=g","caption":"Thiago Fernando"}}]}},"_links":{"self":[{"href":"https:\/\/www.manaus.am.gov.br\/semtepi\/wp-json\/wp\/v2\/posts\/3019"}],"collection":[{"href":"https:\/\/www.manaus.am.gov.br\/semtepi\/wp-json\/wp\/v2\/posts"}],"about":[{"href":"https:\/\/www.manaus.am.gov.br\/semtepi\/wp-json\/wp\/v2\/types\/post"}],"author":[{"embeddable":true,"href":"https:\/\/www.manaus.am.gov.br\/semtepi\/wp-json\/wp\/v2\/users\/57"}],"replies":[{"embeddable":true,"href":"https:\/\/www.manaus.am.gov.br\/semtepi\/wp-json\/wp\/v2\/comments?post=3019"}],"version-history":[{"count":0,"href":"https:\/\/www.manaus.am.gov.br\/semtepi\/wp-json\/wp\/v2\/posts\/3019\/revisions"}],"wp:featuredmedia":[{"embeddable":true,"href":"https:\/\/www.manaus.am.gov.br\/semtepi\/wp-json\/wp\/v2\/media\/3020"}],"wp:attachment":[{"href":"https:\/\/www.manaus.am.gov.br\/semtepi\/wp-json\/wp\/v2\/media?parent=3019"}],"wp:term":[{"taxonomy":"category","embeddable":true,"href":"https:\/\/www.manaus.am.gov.br\/semtepi\/wp-json\/wp\/v2\/categories?post=3019"},{"taxonomy":"post_tag","embeddable":true,"href":"https:\/\/www.manaus.am.gov.br\/semtepi\/wp-json\/wp\/v2\/tags?post=3019"}],"curies":[{"name":"wp","href":"https:\/\/api.w.org\/{rel}","templated":true}]}}