{"id":2987,"date":"2023-11-21T16:26:06","date_gmt":"2023-11-21T20:26:06","guid":{"rendered":"https:\/\/www.manaus.am.gov.br\/semtepi\/sem-categoria\/inscricoes-workshop-empreendedorismo\/"},"modified":"2023-11-21T17:35:16","modified_gmt":"2023-11-21T21:35:16","slug":"inscricoes-workshop-empreendedorismo","status":"publish","type":"post","link":"https:\/\/www.manaus.am.gov.br\/semtepi\/qualificacao\/inscricoes-workshop-empreendedorismo\/","title":{"rendered":"Prefeitura de Manaus abre inscri\u00e7\u00f5es para workshop sobre empreendedorismo"},"content":{"rendered":"\n<p>A Prefeitura de Manaus, por meio da Secretaria Municipal do Trabalho, Empreendedorismo e Inova\u00e7\u00e3o (Semtepi), em parceria com a empresa Marcante, abre, nesta ter\u00e7a-feira, 21\/11, inscri\u00e7\u00f5es gratuitas para o workshop \u201cInova\u00e7\u00e3o e criatividade: Como se Destacar em um Mercado Competitivo\u201d, voltado a potenciais empreendedores com tend\u00eancias e modelo de neg\u00f3cios da Amaz\u00f4nia.<\/p>\n\n\n\n<p>Com a oferta de 60 vagas, o workshop ser\u00e1 ministrado pela empreendedora Mayara Fernandes e faz parte do projeto \u201cQualificar \u00e9 o Caminho Certo para Empreender\u201d, cuja miss\u00e3o \u00e9 disseminar e promover pol\u00edticas p\u00fablicas voltadas \u00e0 gera\u00e7\u00e3o de emprego, renda, desenvolvimento social e econ\u00f4mico de empreendedores e potenciais empreendedores.<\/p>\n\n\n\n<p>\u201cA inova\u00e7\u00e3o n\u00e3o \u00e9 apenas sobre grandes avan\u00e7os, mas tamb\u00e9m sobre melhorias cont\u00ednuas e a disposi\u00e7\u00e3o de pensar de maneira diferente. Adaptar-se rapidamente \u00e0s mudan\u00e7as e abra\u00e7ar a criatividade pode ser a chave para se destacar em um mercado competitivo\u201d, destacou o secret\u00e1rio da Semtepi, Radyr J\u00fanior.<\/p>\n\n\n\n<p>No dia do evento, os participantes devem estar munidos do documento oficial com foto e devem se atentar \u00e0s regras de vestimenta do local, uma vez que \u00e9 proibida a entrada de pessoas trajando bermuda, short, minissaia, camiseta regata ou chinelo.<\/p>\n\n\n\n<p>O workshop ser\u00e1 realizado na pr\u00f3xima quarta-feira, 29\/11, das 19h \u00e0s 22h, no Casar\u00e3o da Inova\u00e7\u00e3o Cassina, localizado na rua Bernardo Ramos, bairro Centro, zona Sul. Os interessados em participar, devem realizar a inscri\u00e7\u00e3o pelo link:\u00a0<a href=\"https:\/\/forms.gle\/ntsXdjhgxXnw8qMK9\" target=\"_blank\" rel=\"noreferrer noopener\">https:\/\/forms.gle\/ntsXdjhgxXnw8qMK9<\/a>.<\/p>\n\n\n\n<p>&#8212; &#8212; &#8212;&nbsp;<\/p>\n\n\n\n<p><strong>Texto \u2013 <\/strong>Fabiane Monteiro \/ Semtepi<\/p>\n\n\n\n<p><strong>Fotos \u2013 <\/strong>Jo\u00e3o Viana \/ Semcom<\/p>\n","protected":false},"excerpt":{"rendered":"","protected":false},"author":25,"featured_media":2988,"comment_status":"closed","ping_status":"closed","sticky":false,"template":"","format":"standard","meta":{"footnotes":""},"categories":[82],"tags":[106,121,105],"acf":[],"yoast_head":"<!-- This site is optimized with the Yoast SEO plugin v23.0 - https:\/\/yoast.com\/wordpress\/plugins\/seo\/ -->\n<title>Prefeitura abre inscri\u00e7\u00f5es para workshop sobre empreendedorismo<\/title>\n<meta name=\"description\" content=\"A Prefeitura de Manaus abre, nesta ter\u00e7a-feira, 21\/11, inscri\u00e7\u00f5es gratuitas para o workshop \u201cInova\u00e7\u00e3o e criatividade: Como se Destacar em um Mercado Competitivo\u201d\" \/>\n<meta name=\"robots\" content=\"noindex, follow\" \/>\n<meta property=\"og:locale\" content=\"pt_BR\" \/>\n<meta property=\"og:type\" content=\"article\" \/>\n<meta property=\"og:title\" content=\"Prefeitura abre inscri\u00e7\u00f5es para workshop sobre empreendedorismo\" \/>\n<meta property=\"og:description\" content=\"A Prefeitura de Manaus abre, nesta ter\u00e7a-feira, 21\/11, inscri\u00e7\u00f5es gratuitas para o workshop \u201cInova\u00e7\u00e3o e criatividade: Como se Destacar em um Mercado Competitivo\u201d\" \/>\n<meta property=\"og:url\" content=\"https:\/\/www.manaus.am.gov.br\/semtepi\/qualificacao\/inscricoes-workshop-empreendedorismo\/\" \/>\n<meta property=\"og:site_name\" content=\"SEMTEPI\" \/>\n<meta property=\"article:published_time\" content=\"2023-11-21T20:26:06+00:00\" \/>\n<meta property=\"article:modified_time\" content=\"2023-11-21T21:35:16+00:00\" \/>\n<meta property=\"og:image\" content=\"https:\/\/www.manaus.am.gov.br\/semtepi\/wp-content\/uploads\/sites\/20\/2023\/11\/52404679597_b539622e9e_k.jpg\" \/>\n\t<meta property=\"og:image:width\" content=\"2048\" \/>\n\t<meta property=\"og:image:height\" content=\"1365\" \/>\n\t<meta property=\"og:image:type\" content=\"image\/jpeg\" \/>\n<meta name=\"author\" content=\"Maur\u00edcio Freire\" \/>\n<meta name=\"twitter:card\" content=\"summary_large_image\" \/>\n<meta name=\"twitter:label1\" content=\"Written by\" \/>\n\t<meta name=\"twitter:data1\" content=\"Maur\u00edcio Freire\" \/>\n\t<meta name=\"twitter:label2\" content=\"Est. reading time\" \/>\n\t<meta name=\"twitter:data2\" content=\"2 minutos\" \/>\n<script type=\"application\/ld+json\" class=\"yoast-schema-graph\">{\"@context\":\"https:\/\/schema.org\",\"@graph\":[{\"@type\":\"Article\",\"@id\":\"https:\/\/www.manaus.am.gov.br\/semtepi\/qualificacao\/inscricoes-workshop-empreendedorismo\/#article\",\"isPartOf\":{\"@id\":\"https:\/\/www.manaus.am.gov.br\/semtepi\/qualificacao\/inscricoes-workshop-empreendedorismo\/\"},\"author\":{\"name\":\"Maur\u00edcio Freire\",\"@id\":\"https:\/\/www.manaus.am.gov.br\/semtepi\/#\/schema\/person\/587989a23a463cde5618e6a028977a9a\"},\"headline\":\"Prefeitura de Manaus abre inscri\u00e7\u00f5es para workshop sobre empreendedorismo\",\"datePublished\":\"2023-11-21T20:26:06+00:00\",\"dateModified\":\"2023-11-21T21:35:16+00:00\",\"mainEntityOfPage\":{\"@id\":\"https:\/\/www.manaus.am.gov.br\/semtepi\/qualificacao\/inscricoes-workshop-empreendedorismo\/\"},\"wordCount\":271,\"publisher\":{\"@id\":\"https:\/\/www.manaus.am.gov.br\/semtepi\/#organization\"},\"image\":{\"@id\":\"https:\/\/www.manaus.am.gov.br\/semtepi\/qualificacao\/inscricoes-workshop-empreendedorismo\/#primaryimage\"},\"thumbnailUrl\":\"https:\/\/www.manaus.am.gov.br\/semtepi\/wp-content\/uploads\/sites\/20\/2023\/11\/52404679597_b539622e9e_k.jpg\",\"keywords\":[\"Casar\u00e3o da Inova\u00e7\u00e3o Cassina\",\"empreendedorismo\",\"workshop\"],\"articleSection\":[\"Qualifica\u00e7\u00e3o\"],\"inLanguage\":\"pt-BR\"},{\"@type\":\"WebPage\",\"@id\":\"https:\/\/www.manaus.am.gov.br\/semtepi\/qualificacao\/inscricoes-workshop-empreendedorismo\/\",\"url\":\"https:\/\/www.manaus.am.gov.br\/semtepi\/qualificacao\/inscricoes-workshop-empreendedorismo\/\",\"name\":\"Prefeitura abre inscri\u00e7\u00f5es para workshop sobre empreendedorismo\",\"isPartOf\":{\"@id\":\"https:\/\/www.manaus.am.gov.br\/semtepi\/#website\"},\"primaryImageOfPage\":{\"@id\":\"https:\/\/www.manaus.am.gov.br\/semtepi\/qualificacao\/inscricoes-workshop-empreendedorismo\/#primaryimage\"},\"image\":{\"@id\":\"https:\/\/www.manaus.am.gov.br\/semtepi\/qualificacao\/inscricoes-workshop-empreendedorismo\/#primaryimage\"},\"thumbnailUrl\":\"https:\/\/www.manaus.am.gov.br\/semtepi\/wp-content\/uploads\/sites\/20\/2023\/11\/52404679597_b539622e9e_k.jpg\",\"datePublished\":\"2023-11-21T20:26:06+00:00\",\"dateModified\":\"2023-11-21T21:35:16+00:00\",\"description\":\"A Prefeitura de Manaus abre, nesta ter\u00e7a-feira, 21\/11, inscri\u00e7\u00f5es gratuitas para o workshop \u201cInova\u00e7\u00e3o e criatividade: Como se Destacar em um Mercado Competitivo\u201d\",\"breadcrumb\":{\"@id\":\"https:\/\/www.manaus.am.gov.br\/semtepi\/qualificacao\/inscricoes-workshop-empreendedorismo\/#breadcrumb\"},\"inLanguage\":\"pt-BR\",\"potentialAction\":[{\"@type\":\"ReadAction\",\"target\":[\"https:\/\/www.manaus.am.gov.br\/semtepi\/qualificacao\/inscricoes-workshop-empreendedorismo\/\"]}]},{\"@type\":\"ImageObject\",\"inLanguage\":\"pt-BR\",\"@id\":\"https:\/\/www.manaus.am.gov.br\/semtepi\/qualificacao\/inscricoes-workshop-empreendedorismo\/#primaryimage\",\"url\":\"https:\/\/www.manaus.am.gov.br\/semtepi\/wp-content\/uploads\/sites\/20\/2023\/11\/52404679597_b539622e9e_k.jpg\",\"contentUrl\":\"https:\/\/www.manaus.am.gov.br\/semtepi\/wp-content\/uploads\/sites\/20\/2023\/11\/52404679597_b539622e9e_k.jpg\",\"width\":2048,\"height\":1365,\"caption\":\"#paratodosverem Atividade no Casar\u00e3o da Inova\u00e7\u00e3o Cassina\"},{\"@type\":\"BreadcrumbList\",\"@id\":\"https:\/\/www.manaus.am.gov.br\/semtepi\/qualificacao\/inscricoes-workshop-empreendedorismo\/#breadcrumb\",\"itemListElement\":[{\"@type\":\"ListItem\",\"position\":1,\"name\":\"Home\",\"item\":\"https:\/\/www.manaus.am.gov.br\/semtepi\/\"},{\"@type\":\"ListItem\",\"position\":2,\"name\":\"Prefeitura de Manaus abre inscri\u00e7\u00f5es para workshop sobre empreendedorismo\"}]},{\"@type\":\"WebSite\",\"@id\":\"https:\/\/www.manaus.am.gov.br\/semtepi\/#website\",\"url\":\"https:\/\/www.manaus.am.gov.br\/semtepi\/\",\"name\":\"SEMTEPI\",\"description\":\"Prefeitura de Manaus\",\"publisher\":{\"@id\":\"https:\/\/www.manaus.am.gov.br\/semtepi\/#organization\"},\"alternateName\":\"Secretaria Municipal do Trabalho, Empreendedorismo e Inova\u00e7\u00e3o\",\"potentialAction\":[{\"@type\":\"SearchAction\",\"target\":{\"@type\":\"EntryPoint\",\"urlTemplate\":\"https:\/\/www.manaus.am.gov.br\/semtepi\/?s={search_term_string}\"},\"query-input\":\"required name=search_term_string\"}],\"inLanguage\":\"pt-BR\"},{\"@type\":\"Organization\",\"@id\":\"https:\/\/www.manaus.am.gov.br\/semtepi\/#organization\",\"name\":\"Prefeitura Municipal de Manaus\",\"alternateName\":\"Prefeitura de Manaus\",\"url\":\"https:\/\/www.manaus.am.gov.br\/semtepi\/\",\"logo\":{\"@type\":\"ImageObject\",\"inLanguage\":\"pt-BR\",\"@id\":\"https:\/\/www.manaus.am.gov.br\/semtepi\/#\/schema\/logo\/image\/\",\"url\":\"https:\/\/www.manaus.am.gov.br\/semtepi\/wp-content\/uploads\/sites\/20\/2024\/07\/favicon.png\",\"contentUrl\":\"https:\/\/www.manaus.am.gov.br\/semtepi\/wp-content\/uploads\/sites\/20\/2024\/07\/favicon.png\",\"width\":300,\"height\":300,\"caption\":\"Prefeitura Municipal de Manaus\"},\"image\":{\"@id\":\"https:\/\/www.manaus.am.gov.br\/semtepi\/#\/schema\/logo\/image\/\"}},{\"@type\":\"Person\",\"@id\":\"https:\/\/www.manaus.am.gov.br\/semtepi\/#\/schema\/person\/587989a23a463cde5618e6a028977a9a\",\"name\":\"Maur\u00edcio Freire\",\"image\":{\"@type\":\"ImageObject\",\"inLanguage\":\"pt-BR\",\"@id\":\"https:\/\/www.manaus.am.gov.br\/semtepi\/#\/schema\/person\/image\/\",\"url\":\"https:\/\/secure.gravatar.com\/avatar\/dc1481799a1f75c733ac3b2634cd6749?s=96&d=mm&r=g\",\"contentUrl\":\"https:\/\/secure.gravatar.com\/avatar\/dc1481799a1f75c733ac3b2634cd6749?s=96&d=mm&r=g\",\"caption\":\"Maur\u00edcio Freire\"}}]}<\/script>\n<!-- \/ Yoast SEO plugin. -->","yoast_head_json":{"title":"Prefeitura abre inscri\u00e7\u00f5es para workshop sobre empreendedorismo","description":"A Prefeitura de Manaus abre, nesta ter\u00e7a-feira, 21\/11, inscri\u00e7\u00f5es gratuitas para o workshop \u201cInova\u00e7\u00e3o e criatividade: Como se Destacar em um Mercado Competitivo\u201d","robots":{"index":"noindex","follow":"follow"},"og_locale":"pt_BR","og_type":"article","og_title":"Prefeitura abre inscri\u00e7\u00f5es para workshop sobre empreendedorismo","og_description":"A Prefeitura de Manaus abre, nesta ter\u00e7a-feira, 21\/11, inscri\u00e7\u00f5es gratuitas para o workshop \u201cInova\u00e7\u00e3o e criatividade: Como se Destacar em um Mercado Competitivo\u201d","og_url":"https:\/\/www.manaus.am.gov.br\/semtepi\/qualificacao\/inscricoes-workshop-empreendedorismo\/","og_site_name":"SEMTEPI","article_published_time":"2023-11-21T20:26:06+00:00","article_modified_time":"2023-11-21T21:35:16+00:00","og_image":[{"width":2048,"height":1365,"url":"https:\/\/www.manaus.am.gov.br\/semtepi\/wp-content\/uploads\/sites\/20\/2023\/11\/52404679597_b539622e9e_k.jpg","type":"image\/jpeg"}],"author":"Maur\u00edcio Freire","twitter_card":"summary_large_image","twitter_misc":{"Written by":"Maur\u00edcio Freire","Est. reading time":"2 minutos"},"schema":{"@context":"https:\/\/schema.org","@graph":[{"@type":"Article","@id":"https:\/\/www.manaus.am.gov.br\/semtepi\/qualificacao\/inscricoes-workshop-empreendedorismo\/#article","isPartOf":{"@id":"https:\/\/www.manaus.am.gov.br\/semtepi\/qualificacao\/inscricoes-workshop-empreendedorismo\/"},"author":{"name":"Maur\u00edcio Freire","@id":"https:\/\/www.manaus.am.gov.br\/semtepi\/#\/schema\/person\/587989a23a463cde5618e6a028977a9a"},"headline":"Prefeitura de Manaus abre inscri\u00e7\u00f5es para workshop sobre empreendedorismo","datePublished":"2023-11-21T20:26:06+00:00","dateModified":"2023-11-21T21:35:16+00:00","mainEntityOfPage":{"@id":"https:\/\/www.manaus.am.gov.br\/semtepi\/qualificacao\/inscricoes-workshop-empreendedorismo\/"},"wordCount":271,"publisher":{"@id":"https:\/\/www.manaus.am.gov.br\/semtepi\/#organization"},"image":{"@id":"https:\/\/www.manaus.am.gov.br\/semtepi\/qualificacao\/inscricoes-workshop-empreendedorismo\/#primaryimage"},"thumbnailUrl":"https:\/\/www.manaus.am.gov.br\/semtepi\/wp-content\/uploads\/sites\/20\/2023\/11\/52404679597_b539622e9e_k.jpg","keywords":["Casar\u00e3o da Inova\u00e7\u00e3o Cassina","empreendedorismo","workshop"],"articleSection":["Qualifica\u00e7\u00e3o"],"inLanguage":"pt-BR"},{"@type":"WebPage","@id":"https:\/\/www.manaus.am.gov.br\/semtepi\/qualificacao\/inscricoes-workshop-empreendedorismo\/","url":"https:\/\/www.manaus.am.gov.br\/semtepi\/qualificacao\/inscricoes-workshop-empreendedorismo\/","name":"Prefeitura abre inscri\u00e7\u00f5es para workshop sobre empreendedorismo","isPartOf":{"@id":"https:\/\/www.manaus.am.gov.br\/semtepi\/#website"},"primaryImageOfPage":{"@id":"https:\/\/www.manaus.am.gov.br\/semtepi\/qualificacao\/inscricoes-workshop-empreendedorismo\/#primaryimage"},"image":{"@id":"https:\/\/www.manaus.am.gov.br\/semtepi\/qualificacao\/inscricoes-workshop-empreendedorismo\/#primaryimage"},"thumbnailUrl":"https:\/\/www.manaus.am.gov.br\/semtepi\/wp-content\/uploads\/sites\/20\/2023\/11\/52404679597_b539622e9e_k.jpg","datePublished":"2023-11-21T20:26:06+00:00","dateModified":"2023-11-21T21:35:16+00:00","description":"A Prefeitura de Manaus abre, nesta ter\u00e7a-feira, 21\/11, inscri\u00e7\u00f5es gratuitas para o workshop \u201cInova\u00e7\u00e3o e criatividade: Como se Destacar em um Mercado Competitivo\u201d","breadcrumb":{"@id":"https:\/\/www.manaus.am.gov.br\/semtepi\/qualificacao\/inscricoes-workshop-empreendedorismo\/#breadcrumb"},"inLanguage":"pt-BR","potentialAction":[{"@type":"ReadAction","target":["https:\/\/www.manaus.am.gov.br\/semtepi\/qualificacao\/inscricoes-workshop-empreendedorismo\/"]}]},{"@type":"ImageObject","inLanguage":"pt-BR","@id":"https:\/\/www.manaus.am.gov.br\/semtepi\/qualificacao\/inscricoes-workshop-empreendedorismo\/#primaryimage","url":"https:\/\/www.manaus.am.gov.br\/semtepi\/wp-content\/uploads\/sites\/20\/2023\/11\/52404679597_b539622e9e_k.jpg","contentUrl":"https:\/\/www.manaus.am.gov.br\/semtepi\/wp-content\/uploads\/sites\/20\/2023\/11\/52404679597_b539622e9e_k.jpg","width":2048,"height":1365,"caption":"#paratodosverem Atividade no Casar\u00e3o da Inova\u00e7\u00e3o Cassina"},{"@type":"BreadcrumbList","@id":"https:\/\/www.manaus.am.gov.br\/semtepi\/qualificacao\/inscricoes-workshop-empreendedorismo\/#breadcrumb","itemListElement":[{"@type":"ListItem","position":1,"name":"Home","item":"https:\/\/www.manaus.am.gov.br\/semtepi\/"},{"@type":"ListItem","position":2,"name":"Prefeitura de Manaus abre inscri\u00e7\u00f5es para workshop sobre empreendedorismo"}]},{"@type":"WebSite","@id":"https:\/\/www.manaus.am.gov.br\/semtepi\/#website","url":"https:\/\/www.manaus.am.gov.br\/semtepi\/","name":"SEMTEPI","description":"Prefeitura de Manaus","publisher":{"@id":"https:\/\/www.manaus.am.gov.br\/semtepi\/#organization"},"alternateName":"Secretaria Municipal do Trabalho, Empreendedorismo e Inova\u00e7\u00e3o","potentialAction":[{"@type":"SearchAction","target":{"@type":"EntryPoint","urlTemplate":"https:\/\/www.manaus.am.gov.br\/semtepi\/?s={search_term_string}"},"query-input":"required name=search_term_string"}],"inLanguage":"pt-BR"},{"@type":"Organization","@id":"https:\/\/www.manaus.am.gov.br\/semtepi\/#organization","name":"Prefeitura Municipal de Manaus","alternateName":"Prefeitura de Manaus","url":"https:\/\/www.manaus.am.gov.br\/semtepi\/","logo":{"@type":"ImageObject","inLanguage":"pt-BR","@id":"https:\/\/www.manaus.am.gov.br\/semtepi\/#\/schema\/logo\/image\/","url":"https:\/\/www.manaus.am.gov.br\/semtepi\/wp-content\/uploads\/sites\/20\/2024\/07\/favicon.png","contentUrl":"https:\/\/www.manaus.am.gov.br\/semtepi\/wp-content\/uploads\/sites\/20\/2024\/07\/favicon.png","width":300,"height":300,"caption":"Prefeitura Municipal de Manaus"},"image":{"@id":"https:\/\/www.manaus.am.gov.br\/semtepi\/#\/schema\/logo\/image\/"}},{"@type":"Person","@id":"https:\/\/www.manaus.am.gov.br\/semtepi\/#\/schema\/person\/587989a23a463cde5618e6a028977a9a","name":"Maur\u00edcio Freire","image":{"@type":"ImageObject","inLanguage":"pt-BR","@id":"https:\/\/www.manaus.am.gov.br\/semtepi\/#\/schema\/person\/image\/","url":"https:\/\/secure.gravatar.com\/avatar\/dc1481799a1f75c733ac3b2634cd6749?s=96&d=mm&r=g","contentUrl":"https:\/\/secure.gravatar.com\/avatar\/dc1481799a1f75c733ac3b2634cd6749?s=96&d=mm&r=g","caption":"Maur\u00edcio Freire"}}]}},"_links":{"self":[{"href":"https:\/\/www.manaus.am.gov.br\/semtepi\/wp-json\/wp\/v2\/posts\/2987"}],"collection":[{"href":"https:\/\/www.manaus.am.gov.br\/semtepi\/wp-json\/wp\/v2\/posts"}],"about":[{"href":"https:\/\/www.manaus.am.gov.br\/semtepi\/wp-json\/wp\/v2\/types\/post"}],"author":[{"embeddable":true,"href":"https:\/\/www.manaus.am.gov.br\/semtepi\/wp-json\/wp\/v2\/users\/25"}],"replies":[{"embeddable":true,"href":"https:\/\/www.manaus.am.gov.br\/semtepi\/wp-json\/wp\/v2\/comments?post=2987"}],"version-history":[{"count":1,"href":"https:\/\/www.manaus.am.gov.br\/semtepi\/wp-json\/wp\/v2\/posts\/2987\/revisions"}],"predecessor-version":[{"id":2991,"href":"https:\/\/www.manaus.am.gov.br\/semtepi\/wp-json\/wp\/v2\/posts\/2987\/revisions\/2991"}],"wp:featuredmedia":[{"embeddable":true,"href":"https:\/\/www.manaus.am.gov.br\/semtepi\/wp-json\/wp\/v2\/media\/2988"}],"wp:attachment":[{"href":"https:\/\/www.manaus.am.gov.br\/semtepi\/wp-json\/wp\/v2\/media?parent=2987"}],"wp:term":[{"taxonomy":"category","embeddable":true,"href":"https:\/\/www.manaus.am.gov.br\/semtepi\/wp-json\/wp\/v2\/categories?post=2987"},{"taxonomy":"post_tag","embeddable":true,"href":"https:\/\/www.manaus.am.gov.br\/semtepi\/wp-json\/wp\/v2\/tags?post=2987"}],"curies":[{"name":"wp","href":"https:\/\/api.w.org\/{rel}","templated":true}]}}