{"id":2963,"date":"2023-11-17T14:43:06","date_gmt":"2023-11-17T18:43:06","guid":{"rendered":"https:\/\/www.manaus.am.gov.br\/semtepi\/sem-categoria\/tardezinha-na-casa-de-praia-zezinho-correa-tera-quatro-atracoes-neste-fim-de-semana\/"},"modified":"2023-11-17T14:47:51","modified_gmt":"2023-11-17T18:47:51","slug":"tardezinha-na-casa-de-praia-zezinho-correa-tera-quatro-atracoes-neste-fim-de-semana","status":"publish","type":"post","link":"https:\/\/www.manaus.am.gov.br\/semtepi\/programacao\/tardezinha-na-casa-de-praia-zezinho-correa-tera-quatro-atracoes-neste-fim-de-semana\/","title":{"rendered":"\u2018Tardezinha\u2019 na Casa de Praia Zezinho Corr\u00eaa ter\u00e1 quatro atra\u00e7\u00f5es neste fim de semana"},"content":{"rendered":"\n<p>A Casa de Praia Zezinho Corr\u00eaa, administrada pela Prefeitura de Manaus, por meio da Secretaria Municipal do Trabalho, Empreendedorismo e Inova\u00e7\u00e3o (Semtepi), vai receber, neste s\u00e1bado e domingo, 18 e 19\/11, quatro atra\u00e7\u00f5es locais para animar o fim de semana dos banhistas que v\u00e3o prestigiar a programa\u00e7\u00e3o no espa\u00e7o, localizado na avenida Coronel Teixeira, no complexo tur\u00edstico Ponta Negra, zona Oeste.<\/p>\n\n\n\n<p>As programa\u00e7\u00f5es iniciam a partir das 18h, com entrada gratuita, e de livre acesso para todas as idades. No primeiro dia, 18\/11, o cantor Eraldo Bandeira, que toca as melhores do pop-rock, vai subir ao palco para se apresentar. Em seguida, o artista Cileno vai entoar o grande sucesso \u201cEstrada da Vida\u201d e outras can\u00e7\u00f5es famosas, para encerrar a noite.<\/p>\n\n\n\n<p>\u201cEstamos entusiasmados em proporcionar um fim de semana repleto de entretenimento e boa m\u00fasica na Casa de Praia. Esse espa\u00e7o, que permaneceu desativado por mais de duas d\u00e9cadas, agora ressurge como um verdadeiro centro de cultura e lazer para as fam\u00edlias manauaras. Convidamos voc\u00ea a prestigiar esses shows incr\u00edveis que acontecer\u00e3o ao longo do fim de semana\u201d, declarou o secret\u00e1rio da Semtepi, Radyr J\u00fanior.<\/p>\n\n\n\n<p>J\u00e1 no domingo, 19\/11, a \u2018Tardezinha\u2019 da Casa de Praia vai receber no palco Murilo Rayol, os cantores Luanita Rangel e Dennis Martins com uma variedade de m\u00fasicas de toadas de boi-bumb\u00e1, para movimentar a noite dos manauaras.<\/p>\n\n\n\n<p>&#8212; &#8212; &#8212;<\/p>\n\n\n\n<p><strong>Texto \u2013&nbsp;<\/strong>Fabiane Monteiro\/Semtepi<\/p>\n\n\n\n<p><strong>Fotos \u2013&nbsp;<\/strong>Arquivo Semcom<\/p>\n","protected":false},"excerpt":{"rendered":"","protected":false},"author":23,"featured_media":2964,"comment_status":"closed","ping_status":"closed","sticky":false,"template":"","format":"standard","meta":{"footnotes":""},"categories":[209],"tags":[544,8,216,9],"acf":[],"yoast_head":"<!-- This site is optimized with the Yoast SEO plugin v23.0 - https:\/\/yoast.com\/wordpress\/plugins\/seo\/ -->\n<title>\u2018Tardezinha\u2019 na Casa de Praia Zezinho Corr\u00eaa ter\u00e1 quatro atra\u00e7\u00f5es neste fim de semana<\/title>\n<meta name=\"description\" content=\"A Casa de Praia Zezinho Corr\u00eaa, administrada pela Prefeitura de Manaus, por meio da Secretaria Municipal do Trabalho, Empreendedorismo e Inova\u00e7\u00e3o (Semtepi), vai receber, neste s\u00e1bado e domingo, 18 e 19\/11, quatro atra\u00e7\u00f5es locais para animar o fim de semana dos banhistas que v\u00e3o prestigiar a programa\u00e7\u00e3o no espa\u00e7o, localizado na avenida Coronel Teixeira, no complexo tur\u00edstico Ponta Negra, zona Sul.\" \/>\n<meta name=\"robots\" content=\"noindex, follow\" \/>\n<meta property=\"og:locale\" content=\"pt_BR\" \/>\n<meta property=\"og:type\" content=\"article\" \/>\n<meta property=\"og:title\" content=\"\u2018Tardezinha\u2019 na Casa de Praia Zezinho Corr\u00eaa ter\u00e1 quatro atra\u00e7\u00f5es neste fim de semana\" \/>\n<meta property=\"og:description\" content=\"A Casa de Praia Zezinho Corr\u00eaa, administrada pela Prefeitura de Manaus, por meio da Secretaria Municipal do Trabalho, Empreendedorismo e Inova\u00e7\u00e3o (Semtepi), vai receber, neste s\u00e1bado e domingo, 18 e 19\/11, quatro atra\u00e7\u00f5es locais para animar o fim de semana dos banhistas que v\u00e3o prestigiar a programa\u00e7\u00e3o no espa\u00e7o, localizado na avenida Coronel Teixeira, no complexo tur\u00edstico Ponta Negra, zona Sul.\" \/>\n<meta property=\"og:url\" content=\"https:\/\/www.manaus.am.gov.br\/semtepi\/programacao\/tardezinha-na-casa-de-praia-zezinho-correa-tera-quatro-atracoes-neste-fim-de-semana\/\" \/>\n<meta property=\"og:site_name\" content=\"SEMTEPI\" \/>\n<meta property=\"article:published_time\" content=\"2023-11-17T18:43:06+00:00\" \/>\n<meta property=\"article:modified_time\" content=\"2023-11-17T18:47:51+00:00\" \/>\n<meta property=\"og:image\" content=\"https:\/\/www.manaus.am.gov.br\/semtepi\/wp-content\/uploads\/sites\/20\/2023\/11\/53245089552_82eb8fd326_c.jpg\" \/>\n\t<meta property=\"og:image:width\" content=\"799\" \/>\n\t<meta property=\"og:image:height\" content=\"533\" \/>\n\t<meta property=\"og:image:type\" content=\"image\/jpeg\" \/>\n<meta name=\"author\" content=\"Adriana Costa\" \/>\n<meta name=\"twitter:card\" content=\"summary_large_image\" \/>\n<meta name=\"twitter:label1\" content=\"Written by\" \/>\n\t<meta name=\"twitter:data1\" content=\"Adriana Costa\" \/>\n\t<meta name=\"twitter:label2\" content=\"Est. reading time\" \/>\n\t<meta name=\"twitter:data2\" content=\"2 minutos\" \/>\n<script type=\"application\/ld+json\" class=\"yoast-schema-graph\">{\"@context\":\"https:\/\/schema.org\",\"@graph\":[{\"@type\":\"Article\",\"@id\":\"https:\/\/www.manaus.am.gov.br\/semtepi\/programacao\/tardezinha-na-casa-de-praia-zezinho-correa-tera-quatro-atracoes-neste-fim-de-semana\/#article\",\"isPartOf\":{\"@id\":\"https:\/\/www.manaus.am.gov.br\/semtepi\/programacao\/tardezinha-na-casa-de-praia-zezinho-correa-tera-quatro-atracoes-neste-fim-de-semana\/\"},\"author\":{\"name\":\"Adriana Costa\",\"@id\":\"https:\/\/www.manaus.am.gov.br\/semtepi\/#\/schema\/person\/4e49f4e267757a06ca072ec61b2b9968\"},\"headline\":\"\u2018Tardezinha\u2019 na Casa de Praia Zezinho Corr\u00eaa ter\u00e1 quatro atra\u00e7\u00f5es neste fim de semana\",\"datePublished\":\"2023-11-17T18:43:06+00:00\",\"dateModified\":\"2023-11-17T18:47:51+00:00\",\"mainEntityOfPage\":{\"@id\":\"https:\/\/www.manaus.am.gov.br\/semtepi\/programacao\/tardezinha-na-casa-de-praia-zezinho-correa-tera-quatro-atracoes-neste-fim-de-semana\/\"},\"wordCount\":266,\"publisher\":{\"@id\":\"https:\/\/www.manaus.am.gov.br\/semtepi\/#organization\"},\"image\":{\"@id\":\"https:\/\/www.manaus.am.gov.br\/semtepi\/programacao\/tardezinha-na-casa-de-praia-zezinho-correa-tera-quatro-atracoes-neste-fim-de-semana\/#primaryimage\"},\"thumbnailUrl\":\"https:\/\/www.manaus.am.gov.br\/semtepi\/wp-content\/uploads\/sites\/20\/2023\/11\/53245089552_82eb8fd326_c.jpg\",\"keywords\":[\"Casa de Praia\",\"prefeitura de manaus\",\"programa\u00e7\u00e3o\",\"Semtepi\"],\"articleSection\":[\"Programa\u00e7\u00e3o\"],\"inLanguage\":\"pt-BR\"},{\"@type\":\"WebPage\",\"@id\":\"https:\/\/www.manaus.am.gov.br\/semtepi\/programacao\/tardezinha-na-casa-de-praia-zezinho-correa-tera-quatro-atracoes-neste-fim-de-semana\/\",\"url\":\"https:\/\/www.manaus.am.gov.br\/semtepi\/programacao\/tardezinha-na-casa-de-praia-zezinho-correa-tera-quatro-atracoes-neste-fim-de-semana\/\",\"name\":\"\u2018Tardezinha\u2019 na Casa de Praia Zezinho Corr\u00eaa ter\u00e1 quatro atra\u00e7\u00f5es neste fim de semana\",\"isPartOf\":{\"@id\":\"https:\/\/www.manaus.am.gov.br\/semtepi\/#website\"},\"primaryImageOfPage\":{\"@id\":\"https:\/\/www.manaus.am.gov.br\/semtepi\/programacao\/tardezinha-na-casa-de-praia-zezinho-correa-tera-quatro-atracoes-neste-fim-de-semana\/#primaryimage\"},\"image\":{\"@id\":\"https:\/\/www.manaus.am.gov.br\/semtepi\/programacao\/tardezinha-na-casa-de-praia-zezinho-correa-tera-quatro-atracoes-neste-fim-de-semana\/#primaryimage\"},\"thumbnailUrl\":\"https:\/\/www.manaus.am.gov.br\/semtepi\/wp-content\/uploads\/sites\/20\/2023\/11\/53245089552_82eb8fd326_c.jpg\",\"datePublished\":\"2023-11-17T18:43:06+00:00\",\"dateModified\":\"2023-11-17T18:47:51+00:00\",\"description\":\"A Casa de Praia Zezinho Corr\u00eaa, administrada pela Prefeitura de Manaus, por meio da Secretaria Municipal do Trabalho, Empreendedorismo e Inova\u00e7\u00e3o (Semtepi), vai receber, neste s\u00e1bado e domingo, 18 e 19\/11, quatro atra\u00e7\u00f5es locais para animar o fim de semana dos banhistas que v\u00e3o prestigiar a programa\u00e7\u00e3o no espa\u00e7o, localizado na avenida Coronel Teixeira, no complexo tur\u00edstico Ponta Negra, zona Sul.\",\"breadcrumb\":{\"@id\":\"https:\/\/www.manaus.am.gov.br\/semtepi\/programacao\/tardezinha-na-casa-de-praia-zezinho-correa-tera-quatro-atracoes-neste-fim-de-semana\/#breadcrumb\"},\"inLanguage\":\"pt-BR\",\"potentialAction\":[{\"@type\":\"ReadAction\",\"target\":[\"https:\/\/www.manaus.am.gov.br\/semtepi\/programacao\/tardezinha-na-casa-de-praia-zezinho-correa-tera-quatro-atracoes-neste-fim-de-semana\/\"]}]},{\"@type\":\"ImageObject\",\"inLanguage\":\"pt-BR\",\"@id\":\"https:\/\/www.manaus.am.gov.br\/semtepi\/programacao\/tardezinha-na-casa-de-praia-zezinho-correa-tera-quatro-atracoes-neste-fim-de-semana\/#primaryimage\",\"url\":\"https:\/\/www.manaus.am.gov.br\/semtepi\/wp-content\/uploads\/sites\/20\/2023\/11\/53245089552_82eb8fd326_c.jpg\",\"contentUrl\":\"https:\/\/www.manaus.am.gov.br\/semtepi\/wp-content\/uploads\/sites\/20\/2023\/11\/53245089552_82eb8fd326_c.jpg\",\"width\":799,\"height\":533},{\"@type\":\"BreadcrumbList\",\"@id\":\"https:\/\/www.manaus.am.gov.br\/semtepi\/programacao\/tardezinha-na-casa-de-praia-zezinho-correa-tera-quatro-atracoes-neste-fim-de-semana\/#breadcrumb\",\"itemListElement\":[{\"@type\":\"ListItem\",\"position\":1,\"name\":\"Home\",\"item\":\"https:\/\/www.manaus.am.gov.br\/semtepi\/\"},{\"@type\":\"ListItem\",\"position\":2,\"name\":\"\u2018Tardezinha\u2019 na Casa de Praia Zezinho Corr\u00eaa ter\u00e1 quatro atra\u00e7\u00f5es neste fim de semana\"}]},{\"@type\":\"WebSite\",\"@id\":\"https:\/\/www.manaus.am.gov.br\/semtepi\/#website\",\"url\":\"https:\/\/www.manaus.am.gov.br\/semtepi\/\",\"name\":\"SEMTEPI\",\"description\":\"Prefeitura de Manaus\",\"publisher\":{\"@id\":\"https:\/\/www.manaus.am.gov.br\/semtepi\/#organization\"},\"alternateName\":\"Secretaria Municipal do Trabalho, Empreendedorismo e Inova\u00e7\u00e3o\",\"potentialAction\":[{\"@type\":\"SearchAction\",\"target\":{\"@type\":\"EntryPoint\",\"urlTemplate\":\"https:\/\/www.manaus.am.gov.br\/semtepi\/?s={search_term_string}\"},\"query-input\":\"required name=search_term_string\"}],\"inLanguage\":\"pt-BR\"},{\"@type\":\"Organization\",\"@id\":\"https:\/\/www.manaus.am.gov.br\/semtepi\/#organization\",\"name\":\"Prefeitura Municipal de Manaus\",\"alternateName\":\"Prefeitura de Manaus\",\"url\":\"https:\/\/www.manaus.am.gov.br\/semtepi\/\",\"logo\":{\"@type\":\"ImageObject\",\"inLanguage\":\"pt-BR\",\"@id\":\"https:\/\/www.manaus.am.gov.br\/semtepi\/#\/schema\/logo\/image\/\",\"url\":\"https:\/\/www.manaus.am.gov.br\/semtepi\/wp-content\/uploads\/sites\/20\/2024\/07\/favicon.png\",\"contentUrl\":\"https:\/\/www.manaus.am.gov.br\/semtepi\/wp-content\/uploads\/sites\/20\/2024\/07\/favicon.png\",\"width\":300,\"height\":300,\"caption\":\"Prefeitura Municipal de Manaus\"},\"image\":{\"@id\":\"https:\/\/www.manaus.am.gov.br\/semtepi\/#\/schema\/logo\/image\/\"}},{\"@type\":\"Person\",\"@id\":\"https:\/\/www.manaus.am.gov.br\/semtepi\/#\/schema\/person\/4e49f4e267757a06ca072ec61b2b9968\",\"name\":\"Adriana Costa\",\"image\":{\"@type\":\"ImageObject\",\"inLanguage\":\"pt-BR\",\"@id\":\"https:\/\/www.manaus.am.gov.br\/semtepi\/#\/schema\/person\/image\/\",\"url\":\"https:\/\/secure.gravatar.com\/avatar\/576258617ef7194f718179e766d57bd4?s=96&d=mm&r=g\",\"contentUrl\":\"https:\/\/secure.gravatar.com\/avatar\/576258617ef7194f718179e766d57bd4?s=96&d=mm&r=g\",\"caption\":\"Adriana Costa\"}}]}<\/script>\n<!-- \/ Yoast SEO plugin. -->","yoast_head_json":{"title":"\u2018Tardezinha\u2019 na Casa de Praia Zezinho Corr\u00eaa ter\u00e1 quatro atra\u00e7\u00f5es neste fim de semana","description":"A Casa de Praia Zezinho Corr\u00eaa, administrada pela Prefeitura de Manaus, por meio da Secretaria Municipal do Trabalho, Empreendedorismo e Inova\u00e7\u00e3o (Semtepi), vai receber, neste s\u00e1bado e domingo, 18 e 19\/11, quatro atra\u00e7\u00f5es locais para animar o fim de semana dos banhistas que v\u00e3o prestigiar a programa\u00e7\u00e3o no espa\u00e7o, localizado na avenida Coronel Teixeira, no complexo tur\u00edstico Ponta Negra, zona Sul.","robots":{"index":"noindex","follow":"follow"},"og_locale":"pt_BR","og_type":"article","og_title":"\u2018Tardezinha\u2019 na Casa de Praia Zezinho Corr\u00eaa ter\u00e1 quatro atra\u00e7\u00f5es neste fim de semana","og_description":"A Casa de Praia Zezinho Corr\u00eaa, administrada pela Prefeitura de Manaus, por meio da Secretaria Municipal do Trabalho, Empreendedorismo e Inova\u00e7\u00e3o (Semtepi), vai receber, neste s\u00e1bado e domingo, 18 e 19\/11, quatro atra\u00e7\u00f5es locais para animar o fim de semana dos banhistas que v\u00e3o prestigiar a programa\u00e7\u00e3o no espa\u00e7o, localizado na avenida Coronel Teixeira, no complexo tur\u00edstico Ponta Negra, zona Sul.","og_url":"https:\/\/www.manaus.am.gov.br\/semtepi\/programacao\/tardezinha-na-casa-de-praia-zezinho-correa-tera-quatro-atracoes-neste-fim-de-semana\/","og_site_name":"SEMTEPI","article_published_time":"2023-11-17T18:43:06+00:00","article_modified_time":"2023-11-17T18:47:51+00:00","og_image":[{"width":799,"height":533,"url":"https:\/\/www.manaus.am.gov.br\/semtepi\/wp-content\/uploads\/sites\/20\/2023\/11\/53245089552_82eb8fd326_c.jpg","type":"image\/jpeg"}],"author":"Adriana Costa","twitter_card":"summary_large_image","twitter_misc":{"Written by":"Adriana Costa","Est. reading time":"2 minutos"},"schema":{"@context":"https:\/\/schema.org","@graph":[{"@type":"Article","@id":"https:\/\/www.manaus.am.gov.br\/semtepi\/programacao\/tardezinha-na-casa-de-praia-zezinho-correa-tera-quatro-atracoes-neste-fim-de-semana\/#article","isPartOf":{"@id":"https:\/\/www.manaus.am.gov.br\/semtepi\/programacao\/tardezinha-na-casa-de-praia-zezinho-correa-tera-quatro-atracoes-neste-fim-de-semana\/"},"author":{"name":"Adriana Costa","@id":"https:\/\/www.manaus.am.gov.br\/semtepi\/#\/schema\/person\/4e49f4e267757a06ca072ec61b2b9968"},"headline":"\u2018Tardezinha\u2019 na Casa de Praia Zezinho Corr\u00eaa ter\u00e1 quatro atra\u00e7\u00f5es neste fim de semana","datePublished":"2023-11-17T18:43:06+00:00","dateModified":"2023-11-17T18:47:51+00:00","mainEntityOfPage":{"@id":"https:\/\/www.manaus.am.gov.br\/semtepi\/programacao\/tardezinha-na-casa-de-praia-zezinho-correa-tera-quatro-atracoes-neste-fim-de-semana\/"},"wordCount":266,"publisher":{"@id":"https:\/\/www.manaus.am.gov.br\/semtepi\/#organization"},"image":{"@id":"https:\/\/www.manaus.am.gov.br\/semtepi\/programacao\/tardezinha-na-casa-de-praia-zezinho-correa-tera-quatro-atracoes-neste-fim-de-semana\/#primaryimage"},"thumbnailUrl":"https:\/\/www.manaus.am.gov.br\/semtepi\/wp-content\/uploads\/sites\/20\/2023\/11\/53245089552_82eb8fd326_c.jpg","keywords":["Casa de Praia","prefeitura de manaus","programa\u00e7\u00e3o","Semtepi"],"articleSection":["Programa\u00e7\u00e3o"],"inLanguage":"pt-BR"},{"@type":"WebPage","@id":"https:\/\/www.manaus.am.gov.br\/semtepi\/programacao\/tardezinha-na-casa-de-praia-zezinho-correa-tera-quatro-atracoes-neste-fim-de-semana\/","url":"https:\/\/www.manaus.am.gov.br\/semtepi\/programacao\/tardezinha-na-casa-de-praia-zezinho-correa-tera-quatro-atracoes-neste-fim-de-semana\/","name":"\u2018Tardezinha\u2019 na Casa de Praia Zezinho Corr\u00eaa ter\u00e1 quatro atra\u00e7\u00f5es neste fim de semana","isPartOf":{"@id":"https:\/\/www.manaus.am.gov.br\/semtepi\/#website"},"primaryImageOfPage":{"@id":"https:\/\/www.manaus.am.gov.br\/semtepi\/programacao\/tardezinha-na-casa-de-praia-zezinho-correa-tera-quatro-atracoes-neste-fim-de-semana\/#primaryimage"},"image":{"@id":"https:\/\/www.manaus.am.gov.br\/semtepi\/programacao\/tardezinha-na-casa-de-praia-zezinho-correa-tera-quatro-atracoes-neste-fim-de-semana\/#primaryimage"},"thumbnailUrl":"https:\/\/www.manaus.am.gov.br\/semtepi\/wp-content\/uploads\/sites\/20\/2023\/11\/53245089552_82eb8fd326_c.jpg","datePublished":"2023-11-17T18:43:06+00:00","dateModified":"2023-11-17T18:47:51+00:00","description":"A Casa de Praia Zezinho Corr\u00eaa, administrada pela Prefeitura de Manaus, por meio da Secretaria Municipal do Trabalho, Empreendedorismo e Inova\u00e7\u00e3o (Semtepi), vai receber, neste s\u00e1bado e domingo, 18 e 19\/11, quatro atra\u00e7\u00f5es locais para animar o fim de semana dos banhistas que v\u00e3o prestigiar a programa\u00e7\u00e3o no espa\u00e7o, localizado na avenida Coronel Teixeira, no complexo tur\u00edstico Ponta Negra, zona Sul.","breadcrumb":{"@id":"https:\/\/www.manaus.am.gov.br\/semtepi\/programacao\/tardezinha-na-casa-de-praia-zezinho-correa-tera-quatro-atracoes-neste-fim-de-semana\/#breadcrumb"},"inLanguage":"pt-BR","potentialAction":[{"@type":"ReadAction","target":["https:\/\/www.manaus.am.gov.br\/semtepi\/programacao\/tardezinha-na-casa-de-praia-zezinho-correa-tera-quatro-atracoes-neste-fim-de-semana\/"]}]},{"@type":"ImageObject","inLanguage":"pt-BR","@id":"https:\/\/www.manaus.am.gov.br\/semtepi\/programacao\/tardezinha-na-casa-de-praia-zezinho-correa-tera-quatro-atracoes-neste-fim-de-semana\/#primaryimage","url":"https:\/\/www.manaus.am.gov.br\/semtepi\/wp-content\/uploads\/sites\/20\/2023\/11\/53245089552_82eb8fd326_c.jpg","contentUrl":"https:\/\/www.manaus.am.gov.br\/semtepi\/wp-content\/uploads\/sites\/20\/2023\/11\/53245089552_82eb8fd326_c.jpg","width":799,"height":533},{"@type":"BreadcrumbList","@id":"https:\/\/www.manaus.am.gov.br\/semtepi\/programacao\/tardezinha-na-casa-de-praia-zezinho-correa-tera-quatro-atracoes-neste-fim-de-semana\/#breadcrumb","itemListElement":[{"@type":"ListItem","position":1,"name":"Home","item":"https:\/\/www.manaus.am.gov.br\/semtepi\/"},{"@type":"ListItem","position":2,"name":"\u2018Tardezinha\u2019 na Casa de Praia Zezinho Corr\u00eaa ter\u00e1 quatro atra\u00e7\u00f5es neste fim de semana"}]},{"@type":"WebSite","@id":"https:\/\/www.manaus.am.gov.br\/semtepi\/#website","url":"https:\/\/www.manaus.am.gov.br\/semtepi\/","name":"SEMTEPI","description":"Prefeitura de Manaus","publisher":{"@id":"https:\/\/www.manaus.am.gov.br\/semtepi\/#organization"},"alternateName":"Secretaria Municipal do Trabalho, Empreendedorismo e Inova\u00e7\u00e3o","potentialAction":[{"@type":"SearchAction","target":{"@type":"EntryPoint","urlTemplate":"https:\/\/www.manaus.am.gov.br\/semtepi\/?s={search_term_string}"},"query-input":"required name=search_term_string"}],"inLanguage":"pt-BR"},{"@type":"Organization","@id":"https:\/\/www.manaus.am.gov.br\/semtepi\/#organization","name":"Prefeitura Municipal de Manaus","alternateName":"Prefeitura de Manaus","url":"https:\/\/www.manaus.am.gov.br\/semtepi\/","logo":{"@type":"ImageObject","inLanguage":"pt-BR","@id":"https:\/\/www.manaus.am.gov.br\/semtepi\/#\/schema\/logo\/image\/","url":"https:\/\/www.manaus.am.gov.br\/semtepi\/wp-content\/uploads\/sites\/20\/2024\/07\/favicon.png","contentUrl":"https:\/\/www.manaus.am.gov.br\/semtepi\/wp-content\/uploads\/sites\/20\/2024\/07\/favicon.png","width":300,"height":300,"caption":"Prefeitura Municipal de Manaus"},"image":{"@id":"https:\/\/www.manaus.am.gov.br\/semtepi\/#\/schema\/logo\/image\/"}},{"@type":"Person","@id":"https:\/\/www.manaus.am.gov.br\/semtepi\/#\/schema\/person\/4e49f4e267757a06ca072ec61b2b9968","name":"Adriana Costa","image":{"@type":"ImageObject","inLanguage":"pt-BR","@id":"https:\/\/www.manaus.am.gov.br\/semtepi\/#\/schema\/person\/image\/","url":"https:\/\/secure.gravatar.com\/avatar\/576258617ef7194f718179e766d57bd4?s=96&d=mm&r=g","contentUrl":"https:\/\/secure.gravatar.com\/avatar\/576258617ef7194f718179e766d57bd4?s=96&d=mm&r=g","caption":"Adriana Costa"}}]}},"_links":{"self":[{"href":"https:\/\/www.manaus.am.gov.br\/semtepi\/wp-json\/wp\/v2\/posts\/2963"}],"collection":[{"href":"https:\/\/www.manaus.am.gov.br\/semtepi\/wp-json\/wp\/v2\/posts"}],"about":[{"href":"https:\/\/www.manaus.am.gov.br\/semtepi\/wp-json\/wp\/v2\/types\/post"}],"author":[{"embeddable":true,"href":"https:\/\/www.manaus.am.gov.br\/semtepi\/wp-json\/wp\/v2\/users\/23"}],"replies":[{"embeddable":true,"href":"https:\/\/www.manaus.am.gov.br\/semtepi\/wp-json\/wp\/v2\/comments?post=2963"}],"version-history":[{"count":1,"href":"https:\/\/www.manaus.am.gov.br\/semtepi\/wp-json\/wp\/v2\/posts\/2963\/revisions"}],"predecessor-version":[{"id":2965,"href":"https:\/\/www.manaus.am.gov.br\/semtepi\/wp-json\/wp\/v2\/posts\/2963\/revisions\/2965"}],"wp:featuredmedia":[{"embeddable":true,"href":"https:\/\/www.manaus.am.gov.br\/semtepi\/wp-json\/wp\/v2\/media\/2964"}],"wp:attachment":[{"href":"https:\/\/www.manaus.am.gov.br\/semtepi\/wp-json\/wp\/v2\/media?parent=2963"}],"wp:term":[{"taxonomy":"category","embeddable":true,"href":"https:\/\/www.manaus.am.gov.br\/semtepi\/wp-json\/wp\/v2\/categories?post=2963"},{"taxonomy":"post_tag","embeddable":true,"href":"https:\/\/www.manaus.am.gov.br\/semtepi\/wp-json\/wp\/v2\/tags?post=2963"}],"curies":[{"name":"wp","href":"https:\/\/api.w.org\/{rel}","templated":true}]}}