{"id":2918,"date":"2023-11-10T16:20:38","date_gmt":"2023-11-10T20:20:38","guid":{"rendered":"https:\/\/www.manaus.am.gov.br\/semtepi\/sem-categoria\/prefeitura-divulga-selecionados-para-treinamento-produtividade-e-disciplina-para-empreendedores\/"},"modified":"2023-11-10T16:20:38","modified_gmt":"2023-11-10T20:20:38","slug":"prefeitura-divulga-selecionados-para-treinamento-produtividade-e-disciplina-para-empreendedores","status":"publish","type":"post","link":"https:\/\/www.manaus.am.gov.br\/semtepi\/capacitacao\/prefeitura-divulga-selecionados-para-treinamento-produtividade-e-disciplina-para-empreendedores\/","title":{"rendered":"Prefeitura divulga selecionados para treinamento \u2018Produtividade e Disciplina para Empreendedores\u2019"},"content":{"rendered":"\n<p>A Prefeitura de Manaus, por meio da Secretaria Municipal do Trabalho, Empreendedorismo e Inova\u00e7\u00e3o (Semtepi), em parceria com o Servi\u00e7o Brasileiro de Apoio \u00e0s Micro e Pequenas Empresas (Sebrae) e a Hattori Tech, divulga, nesta sexta-feira, 10\/11, a lista completa de selecionados para o treinamento \u201cProdutividade e Disciplina para Empreendedores\u201d.&nbsp;A atividade gratuita visa aprimorar a qualidade dos servi\u00e7os e a gest\u00e3o dos empreendedores, com \u00eanfase na consist\u00eancia e nas demandas atuais do mercado empreendedor.<\/p>\n\n\n\n<p>\u201cTreinamentos em produtividade e disciplina capacitam empreendedores a otimizar o uso de tempo, recursos e energia, promovendo efici\u00eancia operacional, decis\u00f5es mais acertadas e, consequentemente, sucesso sustent\u00e1vel nos neg\u00f3cios\u201d, destacou o titular da Semtepi, Radyr J\u00fanior.<\/p>\n\n\n\n<p>O treinamento presencial ser\u00e1 realizado na pr\u00f3xima segunda-feira, 13\/11, das 19h \u00e0s 22h, no Casar\u00e3o da Inova\u00e7\u00e3o Cassina, localizado na rua Bernardo Ramos, n\u00ba 290, Centro, zona Sul. Os participantes devem se atentar \u00e0s regras de vestimenta do local: \u00e9 proibida a entrada de pessoas trajando bermuda, short, minissaia, camiseta regata ou chinelo.<\/p>\n\n\n\n<p><strong><a href=\"https:\/\/www.manaus.am.gov.br\/semtepi\/wp-content\/uploads\/sites\/20\/2023\/11\/Lista-Produtividade-e-Disciplina.pdf\">Confira a lista de selecionados para o treinamento<\/a><\/strong><\/p>\n\n\n\n<p><\/p>\n\n\n\n<p>&#8212; &#8212; &#8212;<\/p>\n\n\n\n<p><strong>Texto e fotos \u2013<\/strong>&nbsp;Divulga\u00e7\u00e3o \/ Semtepi<\/p>\n","protected":false},"excerpt":{"rendered":"","protected":false},"author":39,"featured_media":2919,"comment_status":"closed","ping_status":"closed","sticky":false,"template":"","format":"standard","meta":{"footnotes":""},"categories":[51],"tags":[53,106,8,9,730,731],"acf":[],"yoast_head":"<!-- This site is optimized with the Yoast SEO plugin v23.0 - https:\/\/yoast.com\/wordpress\/plugins\/seo\/ -->\n<title>Prefeitura divulga selecionados para treinamento \u2018Produtividade e Disciplina para Empreendedores\u2019<\/title>\n<meta name=\"description\" content=\"A atividade gratuita visa aprimorar a qualidade dos servi\u00e7os e a gest\u00e3o dos empreendedores, com \u00eanfase na consist\u00eancia e nas demandas atuais do mercado empreendedor.\" \/>\n<meta name=\"robots\" content=\"noindex, follow\" \/>\n<meta property=\"og:locale\" content=\"pt_BR\" \/>\n<meta property=\"og:type\" content=\"article\" \/>\n<meta property=\"og:title\" content=\"Prefeitura divulga selecionados para treinamento \u2018Produtividade e Disciplina para Empreendedores\u2019\" \/>\n<meta property=\"og:description\" content=\"A atividade gratuita visa aprimorar a qualidade dos servi\u00e7os e a gest\u00e3o dos empreendedores, com \u00eanfase na consist\u00eancia e nas demandas atuais do mercado empreendedor.\" \/>\n<meta property=\"og:url\" content=\"https:\/\/www.manaus.am.gov.br\/semtepi\/capacitacao\/prefeitura-divulga-selecionados-para-treinamento-produtividade-e-disciplina-para-empreendedores\/\" \/>\n<meta property=\"og:site_name\" content=\"SEMTEPI\" \/>\n<meta property=\"article:published_time\" content=\"2023-11-10T20:20:38+00:00\" \/>\n<meta property=\"og:image\" content=\"https:\/\/www.manaus.am.gov.br\/semtepi\/wp-content\/uploads\/sites\/20\/2023\/11\/Curso-Qualificacao.jpeg\" \/>\n\t<meta property=\"og:image:width\" content=\"1600\" \/>\n\t<meta property=\"og:image:height\" content=\"1200\" \/>\n\t<meta property=\"og:image:type\" content=\"image\/jpeg\" \/>\n<meta name=\"author\" content=\"Bruna Greco\" \/>\n<meta name=\"twitter:card\" content=\"summary_large_image\" \/>\n<meta name=\"twitter:label1\" content=\"Written by\" \/>\n\t<meta name=\"twitter:data1\" content=\"Bruna Greco\" \/>\n\t<meta name=\"twitter:label2\" content=\"Est. reading time\" \/>\n\t<meta name=\"twitter:data2\" content=\"1 minuto\" \/>\n<script type=\"application\/ld+json\" class=\"yoast-schema-graph\">{\"@context\":\"https:\/\/schema.org\",\"@graph\":[{\"@type\":\"Article\",\"@id\":\"https:\/\/www.manaus.am.gov.br\/semtepi\/capacitacao\/prefeitura-divulga-selecionados-para-treinamento-produtividade-e-disciplina-para-empreendedores\/#article\",\"isPartOf\":{\"@id\":\"https:\/\/www.manaus.am.gov.br\/semtepi\/capacitacao\/prefeitura-divulga-selecionados-para-treinamento-produtividade-e-disciplina-para-empreendedores\/\"},\"author\":{\"name\":\"Bruna Greco\",\"@id\":\"https:\/\/www.manaus.am.gov.br\/semtepi\/#\/schema\/person\/05d223aea2bf115f9883a6ff3683d81b\"},\"headline\":\"Prefeitura divulga selecionados para treinamento \u2018Produtividade e Disciplina para Empreendedores\u2019\",\"datePublished\":\"2023-11-10T20:20:38+00:00\",\"dateModified\":\"2023-11-10T20:20:38+00:00\",\"mainEntityOfPage\":{\"@id\":\"https:\/\/www.manaus.am.gov.br\/semtepi\/capacitacao\/prefeitura-divulga-selecionados-para-treinamento-produtividade-e-disciplina-para-empreendedores\/\"},\"wordCount\":201,\"publisher\":{\"@id\":\"https:\/\/www.manaus.am.gov.br\/semtepi\/#organization\"},\"image\":{\"@id\":\"https:\/\/www.manaus.am.gov.br\/semtepi\/capacitacao\/prefeitura-divulga-selecionados-para-treinamento-produtividade-e-disciplina-para-empreendedores\/#primaryimage\"},\"thumbnailUrl\":\"https:\/\/www.manaus.am.gov.br\/semtepi\/wp-content\/uploads\/sites\/20\/2023\/11\/Curso-Qualificacao.jpeg\",\"keywords\":[\"capacita\u00e7\u00e3o\",\"Casar\u00e3o da Inova\u00e7\u00e3o Cassina\",\"prefeitura de manaus\",\"Semtepi\",\"Servi\u00e7o Brasileiro de Apoio \u00e0s Micro e Pequenas Empresas (Sebrae) e a Hattori Tech\",\"treinamento \u2018Produtividade e Disciplina para Empreendedores\u2019\"],\"articleSection\":[\"Capacita\u00e7\u00e3o\"],\"inLanguage\":\"pt-BR\"},{\"@type\":\"WebPage\",\"@id\":\"https:\/\/www.manaus.am.gov.br\/semtepi\/capacitacao\/prefeitura-divulga-selecionados-para-treinamento-produtividade-e-disciplina-para-empreendedores\/\",\"url\":\"https:\/\/www.manaus.am.gov.br\/semtepi\/capacitacao\/prefeitura-divulga-selecionados-para-treinamento-produtividade-e-disciplina-para-empreendedores\/\",\"name\":\"Prefeitura divulga selecionados para treinamento \u2018Produtividade e Disciplina para Empreendedores\u2019\",\"isPartOf\":{\"@id\":\"https:\/\/www.manaus.am.gov.br\/semtepi\/#website\"},\"primaryImageOfPage\":{\"@id\":\"https:\/\/www.manaus.am.gov.br\/semtepi\/capacitacao\/prefeitura-divulga-selecionados-para-treinamento-produtividade-e-disciplina-para-empreendedores\/#primaryimage\"},\"image\":{\"@id\":\"https:\/\/www.manaus.am.gov.br\/semtepi\/capacitacao\/prefeitura-divulga-selecionados-para-treinamento-produtividade-e-disciplina-para-empreendedores\/#primaryimage\"},\"thumbnailUrl\":\"https:\/\/www.manaus.am.gov.br\/semtepi\/wp-content\/uploads\/sites\/20\/2023\/11\/Curso-Qualificacao.jpeg\",\"datePublished\":\"2023-11-10T20:20:38+00:00\",\"dateModified\":\"2023-11-10T20:20:38+00:00\",\"description\":\"A atividade gratuita visa aprimorar a qualidade dos servi\u00e7os e a gest\u00e3o dos empreendedores, com \u00eanfase na consist\u00eancia e nas demandas atuais do mercado empreendedor.\",\"breadcrumb\":{\"@id\":\"https:\/\/www.manaus.am.gov.br\/semtepi\/capacitacao\/prefeitura-divulga-selecionados-para-treinamento-produtividade-e-disciplina-para-empreendedores\/#breadcrumb\"},\"inLanguage\":\"pt-BR\",\"potentialAction\":[{\"@type\":\"ReadAction\",\"target\":[\"https:\/\/www.manaus.am.gov.br\/semtepi\/capacitacao\/prefeitura-divulga-selecionados-para-treinamento-produtividade-e-disciplina-para-empreendedores\/\"]}]},{\"@type\":\"ImageObject\",\"inLanguage\":\"pt-BR\",\"@id\":\"https:\/\/www.manaus.am.gov.br\/semtepi\/capacitacao\/prefeitura-divulga-selecionados-para-treinamento-produtividade-e-disciplina-para-empreendedores\/#primaryimage\",\"url\":\"https:\/\/www.manaus.am.gov.br\/semtepi\/wp-content\/uploads\/sites\/20\/2023\/11\/Curso-Qualificacao.jpeg\",\"contentUrl\":\"https:\/\/www.manaus.am.gov.br\/semtepi\/wp-content\/uploads\/sites\/20\/2023\/11\/Curso-Qualificacao.jpeg\",\"width\":1600,\"height\":1200,\"caption\":\"#paratodosverem Empreendedora participando de treinamento da Semtepi\"},{\"@type\":\"BreadcrumbList\",\"@id\":\"https:\/\/www.manaus.am.gov.br\/semtepi\/capacitacao\/prefeitura-divulga-selecionados-para-treinamento-produtividade-e-disciplina-para-empreendedores\/#breadcrumb\",\"itemListElement\":[{\"@type\":\"ListItem\",\"position\":1,\"name\":\"Home\",\"item\":\"https:\/\/www.manaus.am.gov.br\/semtepi\/\"},{\"@type\":\"ListItem\",\"position\":2,\"name\":\"Prefeitura divulga selecionados para treinamento \u2018Produtividade e Disciplina para Empreendedores\u2019\"}]},{\"@type\":\"WebSite\",\"@id\":\"https:\/\/www.manaus.am.gov.br\/semtepi\/#website\",\"url\":\"https:\/\/www.manaus.am.gov.br\/semtepi\/\",\"name\":\"SEMTEPI\",\"description\":\"Prefeitura de Manaus\",\"publisher\":{\"@id\":\"https:\/\/www.manaus.am.gov.br\/semtepi\/#organization\"},\"alternateName\":\"Secretaria Municipal do Trabalho, Empreendedorismo e Inova\u00e7\u00e3o\",\"potentialAction\":[{\"@type\":\"SearchAction\",\"target\":{\"@type\":\"EntryPoint\",\"urlTemplate\":\"https:\/\/www.manaus.am.gov.br\/semtepi\/?s={search_term_string}\"},\"query-input\":\"required name=search_term_string\"}],\"inLanguage\":\"pt-BR\"},{\"@type\":\"Organization\",\"@id\":\"https:\/\/www.manaus.am.gov.br\/semtepi\/#organization\",\"name\":\"Prefeitura Municipal de Manaus\",\"alternateName\":\"Prefeitura de Manaus\",\"url\":\"https:\/\/www.manaus.am.gov.br\/semtepi\/\",\"logo\":{\"@type\":\"ImageObject\",\"inLanguage\":\"pt-BR\",\"@id\":\"https:\/\/www.manaus.am.gov.br\/semtepi\/#\/schema\/logo\/image\/\",\"url\":\"https:\/\/www.manaus.am.gov.br\/semtepi\/wp-content\/uploads\/sites\/20\/2024\/07\/favicon.png\",\"contentUrl\":\"https:\/\/www.manaus.am.gov.br\/semtepi\/wp-content\/uploads\/sites\/20\/2024\/07\/favicon.png\",\"width\":300,\"height\":300,\"caption\":\"Prefeitura Municipal de Manaus\"},\"image\":{\"@id\":\"https:\/\/www.manaus.am.gov.br\/semtepi\/#\/schema\/logo\/image\/\"}},{\"@type\":\"Person\",\"@id\":\"https:\/\/www.manaus.am.gov.br\/semtepi\/#\/schema\/person\/05d223aea2bf115f9883a6ff3683d81b\",\"name\":\"Bruna Greco\",\"image\":{\"@type\":\"ImageObject\",\"inLanguage\":\"pt-BR\",\"@id\":\"https:\/\/www.manaus.am.gov.br\/semtepi\/#\/schema\/person\/image\/\",\"url\":\"https:\/\/secure.gravatar.com\/avatar\/9c877d1a6adc2a055330e5c09a8653ce?s=96&d=mm&r=g\",\"contentUrl\":\"https:\/\/secure.gravatar.com\/avatar\/9c877d1a6adc2a055330e5c09a8653ce?s=96&d=mm&r=g\",\"caption\":\"Bruna Greco\"}}]}<\/script>\n<!-- \/ Yoast SEO plugin. -->","yoast_head_json":{"title":"Prefeitura divulga selecionados para treinamento \u2018Produtividade e Disciplina para Empreendedores\u2019","description":"A atividade gratuita visa aprimorar a qualidade dos servi\u00e7os e a gest\u00e3o dos empreendedores, com \u00eanfase na consist\u00eancia e nas demandas atuais do mercado empreendedor.","robots":{"index":"noindex","follow":"follow"},"og_locale":"pt_BR","og_type":"article","og_title":"Prefeitura divulga selecionados para treinamento \u2018Produtividade e Disciplina para Empreendedores\u2019","og_description":"A atividade gratuita visa aprimorar a qualidade dos servi\u00e7os e a gest\u00e3o dos empreendedores, com \u00eanfase na consist\u00eancia e nas demandas atuais do mercado empreendedor.","og_url":"https:\/\/www.manaus.am.gov.br\/semtepi\/capacitacao\/prefeitura-divulga-selecionados-para-treinamento-produtividade-e-disciplina-para-empreendedores\/","og_site_name":"SEMTEPI","article_published_time":"2023-11-10T20:20:38+00:00","og_image":[{"width":1600,"height":1200,"url":"https:\/\/www.manaus.am.gov.br\/semtepi\/wp-content\/uploads\/sites\/20\/2023\/11\/Curso-Qualificacao.jpeg","type":"image\/jpeg"}],"author":"Bruna Greco","twitter_card":"summary_large_image","twitter_misc":{"Written by":"Bruna Greco","Est. reading time":"1 minuto"},"schema":{"@context":"https:\/\/schema.org","@graph":[{"@type":"Article","@id":"https:\/\/www.manaus.am.gov.br\/semtepi\/capacitacao\/prefeitura-divulga-selecionados-para-treinamento-produtividade-e-disciplina-para-empreendedores\/#article","isPartOf":{"@id":"https:\/\/www.manaus.am.gov.br\/semtepi\/capacitacao\/prefeitura-divulga-selecionados-para-treinamento-produtividade-e-disciplina-para-empreendedores\/"},"author":{"name":"Bruna Greco","@id":"https:\/\/www.manaus.am.gov.br\/semtepi\/#\/schema\/person\/05d223aea2bf115f9883a6ff3683d81b"},"headline":"Prefeitura divulga selecionados para treinamento \u2018Produtividade e Disciplina para Empreendedores\u2019","datePublished":"2023-11-10T20:20:38+00:00","dateModified":"2023-11-10T20:20:38+00:00","mainEntityOfPage":{"@id":"https:\/\/www.manaus.am.gov.br\/semtepi\/capacitacao\/prefeitura-divulga-selecionados-para-treinamento-produtividade-e-disciplina-para-empreendedores\/"},"wordCount":201,"publisher":{"@id":"https:\/\/www.manaus.am.gov.br\/semtepi\/#organization"},"image":{"@id":"https:\/\/www.manaus.am.gov.br\/semtepi\/capacitacao\/prefeitura-divulga-selecionados-para-treinamento-produtividade-e-disciplina-para-empreendedores\/#primaryimage"},"thumbnailUrl":"https:\/\/www.manaus.am.gov.br\/semtepi\/wp-content\/uploads\/sites\/20\/2023\/11\/Curso-Qualificacao.jpeg","keywords":["capacita\u00e7\u00e3o","Casar\u00e3o da Inova\u00e7\u00e3o Cassina","prefeitura de manaus","Semtepi","Servi\u00e7o Brasileiro de Apoio \u00e0s Micro e Pequenas Empresas (Sebrae) e a Hattori Tech","treinamento \u2018Produtividade e Disciplina para Empreendedores\u2019"],"articleSection":["Capacita\u00e7\u00e3o"],"inLanguage":"pt-BR"},{"@type":"WebPage","@id":"https:\/\/www.manaus.am.gov.br\/semtepi\/capacitacao\/prefeitura-divulga-selecionados-para-treinamento-produtividade-e-disciplina-para-empreendedores\/","url":"https:\/\/www.manaus.am.gov.br\/semtepi\/capacitacao\/prefeitura-divulga-selecionados-para-treinamento-produtividade-e-disciplina-para-empreendedores\/","name":"Prefeitura divulga selecionados para treinamento \u2018Produtividade e Disciplina para Empreendedores\u2019","isPartOf":{"@id":"https:\/\/www.manaus.am.gov.br\/semtepi\/#website"},"primaryImageOfPage":{"@id":"https:\/\/www.manaus.am.gov.br\/semtepi\/capacitacao\/prefeitura-divulga-selecionados-para-treinamento-produtividade-e-disciplina-para-empreendedores\/#primaryimage"},"image":{"@id":"https:\/\/www.manaus.am.gov.br\/semtepi\/capacitacao\/prefeitura-divulga-selecionados-para-treinamento-produtividade-e-disciplina-para-empreendedores\/#primaryimage"},"thumbnailUrl":"https:\/\/www.manaus.am.gov.br\/semtepi\/wp-content\/uploads\/sites\/20\/2023\/11\/Curso-Qualificacao.jpeg","datePublished":"2023-11-10T20:20:38+00:00","dateModified":"2023-11-10T20:20:38+00:00","description":"A atividade gratuita visa aprimorar a qualidade dos servi\u00e7os e a gest\u00e3o dos empreendedores, com \u00eanfase na consist\u00eancia e nas demandas atuais do mercado empreendedor.","breadcrumb":{"@id":"https:\/\/www.manaus.am.gov.br\/semtepi\/capacitacao\/prefeitura-divulga-selecionados-para-treinamento-produtividade-e-disciplina-para-empreendedores\/#breadcrumb"},"inLanguage":"pt-BR","potentialAction":[{"@type":"ReadAction","target":["https:\/\/www.manaus.am.gov.br\/semtepi\/capacitacao\/prefeitura-divulga-selecionados-para-treinamento-produtividade-e-disciplina-para-empreendedores\/"]}]},{"@type":"ImageObject","inLanguage":"pt-BR","@id":"https:\/\/www.manaus.am.gov.br\/semtepi\/capacitacao\/prefeitura-divulga-selecionados-para-treinamento-produtividade-e-disciplina-para-empreendedores\/#primaryimage","url":"https:\/\/www.manaus.am.gov.br\/semtepi\/wp-content\/uploads\/sites\/20\/2023\/11\/Curso-Qualificacao.jpeg","contentUrl":"https:\/\/www.manaus.am.gov.br\/semtepi\/wp-content\/uploads\/sites\/20\/2023\/11\/Curso-Qualificacao.jpeg","width":1600,"height":1200,"caption":"#paratodosverem Empreendedora participando de treinamento da Semtepi"},{"@type":"BreadcrumbList","@id":"https:\/\/www.manaus.am.gov.br\/semtepi\/capacitacao\/prefeitura-divulga-selecionados-para-treinamento-produtividade-e-disciplina-para-empreendedores\/#breadcrumb","itemListElement":[{"@type":"ListItem","position":1,"name":"Home","item":"https:\/\/www.manaus.am.gov.br\/semtepi\/"},{"@type":"ListItem","position":2,"name":"Prefeitura divulga selecionados para treinamento \u2018Produtividade e Disciplina para Empreendedores\u2019"}]},{"@type":"WebSite","@id":"https:\/\/www.manaus.am.gov.br\/semtepi\/#website","url":"https:\/\/www.manaus.am.gov.br\/semtepi\/","name":"SEMTEPI","description":"Prefeitura de Manaus","publisher":{"@id":"https:\/\/www.manaus.am.gov.br\/semtepi\/#organization"},"alternateName":"Secretaria Municipal do Trabalho, Empreendedorismo e Inova\u00e7\u00e3o","potentialAction":[{"@type":"SearchAction","target":{"@type":"EntryPoint","urlTemplate":"https:\/\/www.manaus.am.gov.br\/semtepi\/?s={search_term_string}"},"query-input":"required name=search_term_string"}],"inLanguage":"pt-BR"},{"@type":"Organization","@id":"https:\/\/www.manaus.am.gov.br\/semtepi\/#organization","name":"Prefeitura Municipal de Manaus","alternateName":"Prefeitura de Manaus","url":"https:\/\/www.manaus.am.gov.br\/semtepi\/","logo":{"@type":"ImageObject","inLanguage":"pt-BR","@id":"https:\/\/www.manaus.am.gov.br\/semtepi\/#\/schema\/logo\/image\/","url":"https:\/\/www.manaus.am.gov.br\/semtepi\/wp-content\/uploads\/sites\/20\/2024\/07\/favicon.png","contentUrl":"https:\/\/www.manaus.am.gov.br\/semtepi\/wp-content\/uploads\/sites\/20\/2024\/07\/favicon.png","width":300,"height":300,"caption":"Prefeitura Municipal de Manaus"},"image":{"@id":"https:\/\/www.manaus.am.gov.br\/semtepi\/#\/schema\/logo\/image\/"}},{"@type":"Person","@id":"https:\/\/www.manaus.am.gov.br\/semtepi\/#\/schema\/person\/05d223aea2bf115f9883a6ff3683d81b","name":"Bruna Greco","image":{"@type":"ImageObject","inLanguage":"pt-BR","@id":"https:\/\/www.manaus.am.gov.br\/semtepi\/#\/schema\/person\/image\/","url":"https:\/\/secure.gravatar.com\/avatar\/9c877d1a6adc2a055330e5c09a8653ce?s=96&d=mm&r=g","contentUrl":"https:\/\/secure.gravatar.com\/avatar\/9c877d1a6adc2a055330e5c09a8653ce?s=96&d=mm&r=g","caption":"Bruna Greco"}}]}},"_links":{"self":[{"href":"https:\/\/www.manaus.am.gov.br\/semtepi\/wp-json\/wp\/v2\/posts\/2918"}],"collection":[{"href":"https:\/\/www.manaus.am.gov.br\/semtepi\/wp-json\/wp\/v2\/posts"}],"about":[{"href":"https:\/\/www.manaus.am.gov.br\/semtepi\/wp-json\/wp\/v2\/types\/post"}],"author":[{"embeddable":true,"href":"https:\/\/www.manaus.am.gov.br\/semtepi\/wp-json\/wp\/v2\/users\/39"}],"replies":[{"embeddable":true,"href":"https:\/\/www.manaus.am.gov.br\/semtepi\/wp-json\/wp\/v2\/comments?post=2918"}],"version-history":[{"count":1,"href":"https:\/\/www.manaus.am.gov.br\/semtepi\/wp-json\/wp\/v2\/posts\/2918\/revisions"}],"predecessor-version":[{"id":2921,"href":"https:\/\/www.manaus.am.gov.br\/semtepi\/wp-json\/wp\/v2\/posts\/2918\/revisions\/2921"}],"wp:featuredmedia":[{"embeddable":true,"href":"https:\/\/www.manaus.am.gov.br\/semtepi\/wp-json\/wp\/v2\/media\/2919"}],"wp:attachment":[{"href":"https:\/\/www.manaus.am.gov.br\/semtepi\/wp-json\/wp\/v2\/media?parent=2918"}],"wp:term":[{"taxonomy":"category","embeddable":true,"href":"https:\/\/www.manaus.am.gov.br\/semtepi\/wp-json\/wp\/v2\/categories?post=2918"},{"taxonomy":"post_tag","embeddable":true,"href":"https:\/\/www.manaus.am.gov.br\/semtepi\/wp-json\/wp\/v2\/tags?post=2918"}],"curies":[{"name":"wp","href":"https:\/\/api.w.org\/{rel}","templated":true}]}}