{"id":2916,"date":"2023-11-10T14:56:09","date_gmt":"2023-11-10T18:56:09","guid":{"rendered":"https:\/\/www.manaus.am.gov.br\/semtepi\/sem-categoria\/nicki-french-e-atracao-internacional-da-tardezinha-na-casa-de-praia-zezinho-correa\/"},"modified":"2023-11-10T14:56:10","modified_gmt":"2023-11-10T18:56:10","slug":"nicki-french-e-atracao-internacional-da-tardezinha-na-casa-de-praia-zezinho-correa","status":"publish","type":"post","link":"https:\/\/www.manaus.am.gov.br\/semtepi\/programacao\/nicki-french-e-atracao-internacional-da-tardezinha-na-casa-de-praia-zezinho-correa\/","title":{"rendered":"Nicki French \u00e9 atra\u00e7\u00e3o internacional da \u2018Tardezinha\u2019 na Casa de Praia Zezinho Corr\u00eaa"},"content":{"rendered":"\n<p>A Casa de Praia Zezinho Corr\u00eaa, administrada pela Prefeitura de Manaus, por meio da Secretaria Municipal do Trabalho, Empreendedorismo e Inova\u00e7\u00e3o (Semtepi), vai receber, neste domingo, 12\/11, a atra\u00e7\u00e3o internacional Nicki French, como parte da programa\u00e7\u00e3o deste fim de semana. O espa\u00e7o est\u00e1 localizado na avenida Coronel Teixeira, no complexo tur\u00edstico da Ponta Negra, zona Sul.<\/p>\n\n\n\n<p>Durante o fim de semana, o local tamb\u00e9m vai reunir v\u00e1rios talentos por meio da grande final do 1\u00ba Festival Gospel de Artes de Manaus (Fegam), que teve in\u00edcio no dia 9\/11 e seguir\u00e1 at\u00e9 este s\u00e1bado, 11\/11, a partir das 18h.<\/p>\n\n\n\n<p>\u201cEventos internacionais tamb\u00e9m podem impulsionar o turismo, promover a economia local e aumentar a visibilidade da cidade no cen\u00e1rio global. Por isso, nossa miss\u00e3o \u00e9 abranger todos os p\u00fablicos e g\u00eaneros musicais\u201d, destacou o secret\u00e1rio da Semtepi, Radyr J\u00fanior.<\/p>\n\n\n\n<p>Conforme a programa\u00e7\u00e3o para o domingo, 12\/11, o DJ Alex Marcks subir\u00e1 ao palco Murilo Rayol, para animar o fim de semana dos manauaras com m\u00fasicas eletr\u00f4nicas. Os shows s\u00e3o gratuitos, com acesso livre para todas as idades.<\/p>\n\n\n\n<p>Na sequ\u00eancia, a cantora Nicki French se apresenta no palco, cantando seus grandes sucessos, que v\u00e3o de \u201cDid You Ever Really Love Me\u201d, \u201cHeaven Is A Place On Earth\u201d a \u201cTotal Eclipse Of The Heart\u201d, para agitar a noite dos banhistas durante a \u2018Tardezinha\u2019, da Casa de Praia.<\/p>\n\n\n\n<p>&#8212; &#8212; &#8212;<\/p>\n\n\n\n<p><strong>Texto \u2013&nbsp;<\/strong>Fabiane Monteiro \/ Semtepi<\/p>\n\n\n\n<p><strong>Fotos \u2013 <\/strong>Arquivo\/Semcom<\/p>\n","protected":false},"excerpt":{"rendered":"","protected":false},"author":23,"featured_media":2917,"comment_status":"closed","ping_status":"closed","sticky":false,"template":"","format":"standard","meta":{"footnotes":""},"categories":[209],"tags":[544,728,178,8,216,729],"acf":[],"yoast_head":"<!-- This site is optimized with the Yoast SEO plugin v23.0 - https:\/\/yoast.com\/wordpress\/plugins\/seo\/ -->\n<title>Nicki French \u00e9 atra\u00e7\u00e3o internacional da \u2018Tardezinha\u2019 na Casa de Praia Zezinho Corr\u00eaa<\/title>\n<meta name=\"description\" content=\"A Casa de Praia Zezinho Corr\u00eaa, administrada pela Prefeitura de Manaus, por meio da Secretaria Municipal do Trabalho, Empreendedorismo e Inova\u00e7\u00e3o (Semtepi), vai receber, neste domingo, 12\/11, a atra\u00e7\u00e3o internacional Nicki French, como parte da programa\u00e7\u00e3o deste fim de semana. O espa\u00e7o est\u00e1 localizado na avenida Coronel Teixeira, no complexo tur\u00edstico da Ponta Negra, zona Sul.\" \/>\n<meta name=\"robots\" content=\"noindex, follow\" \/>\n<meta property=\"og:locale\" content=\"pt_BR\" \/>\n<meta property=\"og:type\" content=\"article\" \/>\n<meta property=\"og:title\" content=\"Nicki French \u00e9 atra\u00e7\u00e3o internacional da \u2018Tardezinha\u2019 na Casa de Praia Zezinho Corr\u00eaa\" \/>\n<meta property=\"og:description\" content=\"A Casa de Praia Zezinho Corr\u00eaa, administrada pela Prefeitura de Manaus, por meio da Secretaria Municipal do Trabalho, Empreendedorismo e Inova\u00e7\u00e3o (Semtepi), vai receber, neste domingo, 12\/11, a atra\u00e7\u00e3o internacional Nicki French, como parte da programa\u00e7\u00e3o deste fim de semana. O espa\u00e7o est\u00e1 localizado na avenida Coronel Teixeira, no complexo tur\u00edstico da Ponta Negra, zona Sul.\" \/>\n<meta property=\"og:url\" content=\"https:\/\/www.manaus.am.gov.br\/semtepi\/programacao\/nicki-french-e-atracao-internacional-da-tardezinha-na-casa-de-praia-zezinho-correa\/\" \/>\n<meta property=\"og:site_name\" content=\"SEMTEPI\" \/>\n<meta property=\"article:published_time\" content=\"2023-11-10T18:56:09+00:00\" \/>\n<meta property=\"article:modified_time\" content=\"2023-11-10T18:56:10+00:00\" \/>\n<meta property=\"og:image\" content=\"https:\/\/www.manaus.am.gov.br\/semtepi\/wp-content\/uploads\/sites\/20\/2023\/11\/53245966811_542cfae15c_c.jpg\" \/>\n\t<meta property=\"og:image:width\" content=\"799\" \/>\n\t<meta property=\"og:image:height\" content=\"533\" \/>\n\t<meta property=\"og:image:type\" content=\"image\/jpeg\" \/>\n<meta name=\"author\" content=\"Adriana Costa\" \/>\n<meta name=\"twitter:card\" content=\"summary_large_image\" \/>\n<meta name=\"twitter:label1\" content=\"Written by\" \/>\n\t<meta name=\"twitter:data1\" content=\"Adriana Costa\" \/>\n\t<meta name=\"twitter:label2\" content=\"Est. reading time\" \/>\n\t<meta name=\"twitter:data2\" content=\"2 minutos\" \/>\n<script type=\"application\/ld+json\" class=\"yoast-schema-graph\">{\"@context\":\"https:\/\/schema.org\",\"@graph\":[{\"@type\":\"Article\",\"@id\":\"https:\/\/www.manaus.am.gov.br\/semtepi\/programacao\/nicki-french-e-atracao-internacional-da-tardezinha-na-casa-de-praia-zezinho-correa\/#article\",\"isPartOf\":{\"@id\":\"https:\/\/www.manaus.am.gov.br\/semtepi\/programacao\/nicki-french-e-atracao-internacional-da-tardezinha-na-casa-de-praia-zezinho-correa\/\"},\"author\":{\"name\":\"Adriana Costa\",\"@id\":\"https:\/\/www.manaus.am.gov.br\/semtepi\/#\/schema\/person\/4e49f4e267757a06ca072ec61b2b9968\"},\"headline\":\"Nicki French \u00e9 atra\u00e7\u00e3o internacional da \u2018Tardezinha\u2019 na Casa de Praia Zezinho Corr\u00eaa\",\"datePublished\":\"2023-11-10T18:56:09+00:00\",\"dateModified\":\"2023-11-10T18:56:10+00:00\",\"mainEntityOfPage\":{\"@id\":\"https:\/\/www.manaus.am.gov.br\/semtepi\/programacao\/nicki-french-e-atracao-internacional-da-tardezinha-na-casa-de-praia-zezinho-correa\/\"},\"wordCount\":265,\"publisher\":{\"@id\":\"https:\/\/www.manaus.am.gov.br\/semtepi\/#organization\"},\"image\":{\"@id\":\"https:\/\/www.manaus.am.gov.br\/semtepi\/programacao\/nicki-french-e-atracao-internacional-da-tardezinha-na-casa-de-praia-zezinho-correa\/#primaryimage\"},\"thumbnailUrl\":\"https:\/\/www.manaus.am.gov.br\/semtepi\/wp-content\/uploads\/sites\/20\/2023\/11\/53245966811_542cfae15c_c.jpg\",\"keywords\":[\"Casa de Praia\",\"Nicki French\",\"ponta negra\",\"prefeitura de manaus\",\"programa\u00e7\u00e3o\",\"show internacional\"],\"articleSection\":[\"Programa\u00e7\u00e3o\"],\"inLanguage\":\"pt-BR\"},{\"@type\":\"WebPage\",\"@id\":\"https:\/\/www.manaus.am.gov.br\/semtepi\/programacao\/nicki-french-e-atracao-internacional-da-tardezinha-na-casa-de-praia-zezinho-correa\/\",\"url\":\"https:\/\/www.manaus.am.gov.br\/semtepi\/programacao\/nicki-french-e-atracao-internacional-da-tardezinha-na-casa-de-praia-zezinho-correa\/\",\"name\":\"Nicki French \u00e9 atra\u00e7\u00e3o internacional da \u2018Tardezinha\u2019 na Casa de Praia Zezinho Corr\u00eaa\",\"isPartOf\":{\"@id\":\"https:\/\/www.manaus.am.gov.br\/semtepi\/#website\"},\"primaryImageOfPage\":{\"@id\":\"https:\/\/www.manaus.am.gov.br\/semtepi\/programacao\/nicki-french-e-atracao-internacional-da-tardezinha-na-casa-de-praia-zezinho-correa\/#primaryimage\"},\"image\":{\"@id\":\"https:\/\/www.manaus.am.gov.br\/semtepi\/programacao\/nicki-french-e-atracao-internacional-da-tardezinha-na-casa-de-praia-zezinho-correa\/#primaryimage\"},\"thumbnailUrl\":\"https:\/\/www.manaus.am.gov.br\/semtepi\/wp-content\/uploads\/sites\/20\/2023\/11\/53245966811_542cfae15c_c.jpg\",\"datePublished\":\"2023-11-10T18:56:09+00:00\",\"dateModified\":\"2023-11-10T18:56:10+00:00\",\"description\":\"A Casa de Praia Zezinho Corr\u00eaa, administrada pela Prefeitura de Manaus, por meio da Secretaria Municipal do Trabalho, Empreendedorismo e Inova\u00e7\u00e3o (Semtepi), vai receber, neste domingo, 12\/11, a atra\u00e7\u00e3o internacional Nicki French, como parte da programa\u00e7\u00e3o deste fim de semana. O espa\u00e7o est\u00e1 localizado na avenida Coronel Teixeira, no complexo tur\u00edstico da Ponta Negra, zona Sul.\",\"breadcrumb\":{\"@id\":\"https:\/\/www.manaus.am.gov.br\/semtepi\/programacao\/nicki-french-e-atracao-internacional-da-tardezinha-na-casa-de-praia-zezinho-correa\/#breadcrumb\"},\"inLanguage\":\"pt-BR\",\"potentialAction\":[{\"@type\":\"ReadAction\",\"target\":[\"https:\/\/www.manaus.am.gov.br\/semtepi\/programacao\/nicki-french-e-atracao-internacional-da-tardezinha-na-casa-de-praia-zezinho-correa\/\"]}]},{\"@type\":\"ImageObject\",\"inLanguage\":\"pt-BR\",\"@id\":\"https:\/\/www.manaus.am.gov.br\/semtepi\/programacao\/nicki-french-e-atracao-internacional-da-tardezinha-na-casa-de-praia-zezinho-correa\/#primaryimage\",\"url\":\"https:\/\/www.manaus.am.gov.br\/semtepi\/wp-content\/uploads\/sites\/20\/2023\/11\/53245966811_542cfae15c_c.jpg\",\"contentUrl\":\"https:\/\/www.manaus.am.gov.br\/semtepi\/wp-content\/uploads\/sites\/20\/2023\/11\/53245966811_542cfae15c_c.jpg\",\"width\":799,\"height\":533},{\"@type\":\"BreadcrumbList\",\"@id\":\"https:\/\/www.manaus.am.gov.br\/semtepi\/programacao\/nicki-french-e-atracao-internacional-da-tardezinha-na-casa-de-praia-zezinho-correa\/#breadcrumb\",\"itemListElement\":[{\"@type\":\"ListItem\",\"position\":1,\"name\":\"Home\",\"item\":\"https:\/\/www.manaus.am.gov.br\/semtepi\/\"},{\"@type\":\"ListItem\",\"position\":2,\"name\":\"Nicki French \u00e9 atra\u00e7\u00e3o internacional da \u2018Tardezinha\u2019 na Casa de Praia Zezinho Corr\u00eaa\"}]},{\"@type\":\"WebSite\",\"@id\":\"https:\/\/www.manaus.am.gov.br\/semtepi\/#website\",\"url\":\"https:\/\/www.manaus.am.gov.br\/semtepi\/\",\"name\":\"SEMTEPI\",\"description\":\"Prefeitura de Manaus\",\"publisher\":{\"@id\":\"https:\/\/www.manaus.am.gov.br\/semtepi\/#organization\"},\"alternateName\":\"Secretaria Municipal do Trabalho, Empreendedorismo e Inova\u00e7\u00e3o\",\"potentialAction\":[{\"@type\":\"SearchAction\",\"target\":{\"@type\":\"EntryPoint\",\"urlTemplate\":\"https:\/\/www.manaus.am.gov.br\/semtepi\/?s={search_term_string}\"},\"query-input\":\"required name=search_term_string\"}],\"inLanguage\":\"pt-BR\"},{\"@type\":\"Organization\",\"@id\":\"https:\/\/www.manaus.am.gov.br\/semtepi\/#organization\",\"name\":\"Prefeitura Municipal de Manaus\",\"alternateName\":\"Prefeitura de Manaus\",\"url\":\"https:\/\/www.manaus.am.gov.br\/semtepi\/\",\"logo\":{\"@type\":\"ImageObject\",\"inLanguage\":\"pt-BR\",\"@id\":\"https:\/\/www.manaus.am.gov.br\/semtepi\/#\/schema\/logo\/image\/\",\"url\":\"https:\/\/www.manaus.am.gov.br\/semtepi\/wp-content\/uploads\/sites\/20\/2024\/07\/favicon.png\",\"contentUrl\":\"https:\/\/www.manaus.am.gov.br\/semtepi\/wp-content\/uploads\/sites\/20\/2024\/07\/favicon.png\",\"width\":300,\"height\":300,\"caption\":\"Prefeitura Municipal de Manaus\"},\"image\":{\"@id\":\"https:\/\/www.manaus.am.gov.br\/semtepi\/#\/schema\/logo\/image\/\"}},{\"@type\":\"Person\",\"@id\":\"https:\/\/www.manaus.am.gov.br\/semtepi\/#\/schema\/person\/4e49f4e267757a06ca072ec61b2b9968\",\"name\":\"Adriana Costa\",\"image\":{\"@type\":\"ImageObject\",\"inLanguage\":\"pt-BR\",\"@id\":\"https:\/\/www.manaus.am.gov.br\/semtepi\/#\/schema\/person\/image\/\",\"url\":\"https:\/\/secure.gravatar.com\/avatar\/576258617ef7194f718179e766d57bd4?s=96&d=mm&r=g\",\"contentUrl\":\"https:\/\/secure.gravatar.com\/avatar\/576258617ef7194f718179e766d57bd4?s=96&d=mm&r=g\",\"caption\":\"Adriana Costa\"}}]}<\/script>\n<!-- \/ Yoast SEO plugin. -->","yoast_head_json":{"title":"Nicki French \u00e9 atra\u00e7\u00e3o internacional da \u2018Tardezinha\u2019 na Casa de Praia Zezinho Corr\u00eaa","description":"A Casa de Praia Zezinho Corr\u00eaa, administrada pela Prefeitura de Manaus, por meio da Secretaria Municipal do Trabalho, Empreendedorismo e Inova\u00e7\u00e3o (Semtepi), vai receber, neste domingo, 12\/11, a atra\u00e7\u00e3o internacional Nicki French, como parte da programa\u00e7\u00e3o deste fim de semana. O espa\u00e7o est\u00e1 localizado na avenida Coronel Teixeira, no complexo tur\u00edstico da Ponta Negra, zona Sul.","robots":{"index":"noindex","follow":"follow"},"og_locale":"pt_BR","og_type":"article","og_title":"Nicki French \u00e9 atra\u00e7\u00e3o internacional da \u2018Tardezinha\u2019 na Casa de Praia Zezinho Corr\u00eaa","og_description":"A Casa de Praia Zezinho Corr\u00eaa, administrada pela Prefeitura de Manaus, por meio da Secretaria Municipal do Trabalho, Empreendedorismo e Inova\u00e7\u00e3o (Semtepi), vai receber, neste domingo, 12\/11, a atra\u00e7\u00e3o internacional Nicki French, como parte da programa\u00e7\u00e3o deste fim de semana. O espa\u00e7o est\u00e1 localizado na avenida Coronel Teixeira, no complexo tur\u00edstico da Ponta Negra, zona Sul.","og_url":"https:\/\/www.manaus.am.gov.br\/semtepi\/programacao\/nicki-french-e-atracao-internacional-da-tardezinha-na-casa-de-praia-zezinho-correa\/","og_site_name":"SEMTEPI","article_published_time":"2023-11-10T18:56:09+00:00","article_modified_time":"2023-11-10T18:56:10+00:00","og_image":[{"width":799,"height":533,"url":"https:\/\/www.manaus.am.gov.br\/semtepi\/wp-content\/uploads\/sites\/20\/2023\/11\/53245966811_542cfae15c_c.jpg","type":"image\/jpeg"}],"author":"Adriana Costa","twitter_card":"summary_large_image","twitter_misc":{"Written by":"Adriana Costa","Est. reading time":"2 minutos"},"schema":{"@context":"https:\/\/schema.org","@graph":[{"@type":"Article","@id":"https:\/\/www.manaus.am.gov.br\/semtepi\/programacao\/nicki-french-e-atracao-internacional-da-tardezinha-na-casa-de-praia-zezinho-correa\/#article","isPartOf":{"@id":"https:\/\/www.manaus.am.gov.br\/semtepi\/programacao\/nicki-french-e-atracao-internacional-da-tardezinha-na-casa-de-praia-zezinho-correa\/"},"author":{"name":"Adriana Costa","@id":"https:\/\/www.manaus.am.gov.br\/semtepi\/#\/schema\/person\/4e49f4e267757a06ca072ec61b2b9968"},"headline":"Nicki French \u00e9 atra\u00e7\u00e3o internacional da \u2018Tardezinha\u2019 na Casa de Praia Zezinho Corr\u00eaa","datePublished":"2023-11-10T18:56:09+00:00","dateModified":"2023-11-10T18:56:10+00:00","mainEntityOfPage":{"@id":"https:\/\/www.manaus.am.gov.br\/semtepi\/programacao\/nicki-french-e-atracao-internacional-da-tardezinha-na-casa-de-praia-zezinho-correa\/"},"wordCount":265,"publisher":{"@id":"https:\/\/www.manaus.am.gov.br\/semtepi\/#organization"},"image":{"@id":"https:\/\/www.manaus.am.gov.br\/semtepi\/programacao\/nicki-french-e-atracao-internacional-da-tardezinha-na-casa-de-praia-zezinho-correa\/#primaryimage"},"thumbnailUrl":"https:\/\/www.manaus.am.gov.br\/semtepi\/wp-content\/uploads\/sites\/20\/2023\/11\/53245966811_542cfae15c_c.jpg","keywords":["Casa de Praia","Nicki French","ponta negra","prefeitura de manaus","programa\u00e7\u00e3o","show internacional"],"articleSection":["Programa\u00e7\u00e3o"],"inLanguage":"pt-BR"},{"@type":"WebPage","@id":"https:\/\/www.manaus.am.gov.br\/semtepi\/programacao\/nicki-french-e-atracao-internacional-da-tardezinha-na-casa-de-praia-zezinho-correa\/","url":"https:\/\/www.manaus.am.gov.br\/semtepi\/programacao\/nicki-french-e-atracao-internacional-da-tardezinha-na-casa-de-praia-zezinho-correa\/","name":"Nicki French \u00e9 atra\u00e7\u00e3o internacional da \u2018Tardezinha\u2019 na Casa de Praia Zezinho Corr\u00eaa","isPartOf":{"@id":"https:\/\/www.manaus.am.gov.br\/semtepi\/#website"},"primaryImageOfPage":{"@id":"https:\/\/www.manaus.am.gov.br\/semtepi\/programacao\/nicki-french-e-atracao-internacional-da-tardezinha-na-casa-de-praia-zezinho-correa\/#primaryimage"},"image":{"@id":"https:\/\/www.manaus.am.gov.br\/semtepi\/programacao\/nicki-french-e-atracao-internacional-da-tardezinha-na-casa-de-praia-zezinho-correa\/#primaryimage"},"thumbnailUrl":"https:\/\/www.manaus.am.gov.br\/semtepi\/wp-content\/uploads\/sites\/20\/2023\/11\/53245966811_542cfae15c_c.jpg","datePublished":"2023-11-10T18:56:09+00:00","dateModified":"2023-11-10T18:56:10+00:00","description":"A Casa de Praia Zezinho Corr\u00eaa, administrada pela Prefeitura de Manaus, por meio da Secretaria Municipal do Trabalho, Empreendedorismo e Inova\u00e7\u00e3o (Semtepi), vai receber, neste domingo, 12\/11, a atra\u00e7\u00e3o internacional Nicki French, como parte da programa\u00e7\u00e3o deste fim de semana. O espa\u00e7o est\u00e1 localizado na avenida Coronel Teixeira, no complexo tur\u00edstico da Ponta Negra, zona Sul.","breadcrumb":{"@id":"https:\/\/www.manaus.am.gov.br\/semtepi\/programacao\/nicki-french-e-atracao-internacional-da-tardezinha-na-casa-de-praia-zezinho-correa\/#breadcrumb"},"inLanguage":"pt-BR","potentialAction":[{"@type":"ReadAction","target":["https:\/\/www.manaus.am.gov.br\/semtepi\/programacao\/nicki-french-e-atracao-internacional-da-tardezinha-na-casa-de-praia-zezinho-correa\/"]}]},{"@type":"ImageObject","inLanguage":"pt-BR","@id":"https:\/\/www.manaus.am.gov.br\/semtepi\/programacao\/nicki-french-e-atracao-internacional-da-tardezinha-na-casa-de-praia-zezinho-correa\/#primaryimage","url":"https:\/\/www.manaus.am.gov.br\/semtepi\/wp-content\/uploads\/sites\/20\/2023\/11\/53245966811_542cfae15c_c.jpg","contentUrl":"https:\/\/www.manaus.am.gov.br\/semtepi\/wp-content\/uploads\/sites\/20\/2023\/11\/53245966811_542cfae15c_c.jpg","width":799,"height":533},{"@type":"BreadcrumbList","@id":"https:\/\/www.manaus.am.gov.br\/semtepi\/programacao\/nicki-french-e-atracao-internacional-da-tardezinha-na-casa-de-praia-zezinho-correa\/#breadcrumb","itemListElement":[{"@type":"ListItem","position":1,"name":"Home","item":"https:\/\/www.manaus.am.gov.br\/semtepi\/"},{"@type":"ListItem","position":2,"name":"Nicki French \u00e9 atra\u00e7\u00e3o internacional da \u2018Tardezinha\u2019 na Casa de Praia Zezinho Corr\u00eaa"}]},{"@type":"WebSite","@id":"https:\/\/www.manaus.am.gov.br\/semtepi\/#website","url":"https:\/\/www.manaus.am.gov.br\/semtepi\/","name":"SEMTEPI","description":"Prefeitura de Manaus","publisher":{"@id":"https:\/\/www.manaus.am.gov.br\/semtepi\/#organization"},"alternateName":"Secretaria Municipal do Trabalho, Empreendedorismo e Inova\u00e7\u00e3o","potentialAction":[{"@type":"SearchAction","target":{"@type":"EntryPoint","urlTemplate":"https:\/\/www.manaus.am.gov.br\/semtepi\/?s={search_term_string}"},"query-input":"required name=search_term_string"}],"inLanguage":"pt-BR"},{"@type":"Organization","@id":"https:\/\/www.manaus.am.gov.br\/semtepi\/#organization","name":"Prefeitura Municipal de Manaus","alternateName":"Prefeitura de Manaus","url":"https:\/\/www.manaus.am.gov.br\/semtepi\/","logo":{"@type":"ImageObject","inLanguage":"pt-BR","@id":"https:\/\/www.manaus.am.gov.br\/semtepi\/#\/schema\/logo\/image\/","url":"https:\/\/www.manaus.am.gov.br\/semtepi\/wp-content\/uploads\/sites\/20\/2024\/07\/favicon.png","contentUrl":"https:\/\/www.manaus.am.gov.br\/semtepi\/wp-content\/uploads\/sites\/20\/2024\/07\/favicon.png","width":300,"height":300,"caption":"Prefeitura Municipal de Manaus"},"image":{"@id":"https:\/\/www.manaus.am.gov.br\/semtepi\/#\/schema\/logo\/image\/"}},{"@type":"Person","@id":"https:\/\/www.manaus.am.gov.br\/semtepi\/#\/schema\/person\/4e49f4e267757a06ca072ec61b2b9968","name":"Adriana Costa","image":{"@type":"ImageObject","inLanguage":"pt-BR","@id":"https:\/\/www.manaus.am.gov.br\/semtepi\/#\/schema\/person\/image\/","url":"https:\/\/secure.gravatar.com\/avatar\/576258617ef7194f718179e766d57bd4?s=96&d=mm&r=g","contentUrl":"https:\/\/secure.gravatar.com\/avatar\/576258617ef7194f718179e766d57bd4?s=96&d=mm&r=g","caption":"Adriana Costa"}}]}},"_links":{"self":[{"href":"https:\/\/www.manaus.am.gov.br\/semtepi\/wp-json\/wp\/v2\/posts\/2916"}],"collection":[{"href":"https:\/\/www.manaus.am.gov.br\/semtepi\/wp-json\/wp\/v2\/posts"}],"about":[{"href":"https:\/\/www.manaus.am.gov.br\/semtepi\/wp-json\/wp\/v2\/types\/post"}],"author":[{"embeddable":true,"href":"https:\/\/www.manaus.am.gov.br\/semtepi\/wp-json\/wp\/v2\/users\/23"}],"replies":[{"embeddable":true,"href":"https:\/\/www.manaus.am.gov.br\/semtepi\/wp-json\/wp\/v2\/comments?post=2916"}],"version-history":[{"count":0,"href":"https:\/\/www.manaus.am.gov.br\/semtepi\/wp-json\/wp\/v2\/posts\/2916\/revisions"}],"wp:featuredmedia":[{"embeddable":true,"href":"https:\/\/www.manaus.am.gov.br\/semtepi\/wp-json\/wp\/v2\/media\/2917"}],"wp:attachment":[{"href":"https:\/\/www.manaus.am.gov.br\/semtepi\/wp-json\/wp\/v2\/media?parent=2916"}],"wp:term":[{"taxonomy":"category","embeddable":true,"href":"https:\/\/www.manaus.am.gov.br\/semtepi\/wp-json\/wp\/v2\/categories?post=2916"},{"taxonomy":"post_tag","embeddable":true,"href":"https:\/\/www.manaus.am.gov.br\/semtepi\/wp-json\/wp\/v2\/tags?post=2916"}],"curies":[{"name":"wp","href":"https:\/\/api.w.org\/{rel}","templated":true}]}}