{"id":2893,"date":"2023-11-06T16:45:04","date_gmt":"2023-11-06T20:45:04","guid":{"rendered":"https:\/\/www.manaus.am.gov.br\/semtepi\/sem-categoria\/prefeitura-impulsiona-primeira-startup-para-o-distrito-de-inovacao-de-manaus\/"},"modified":"2023-11-06T16:45:05","modified_gmt":"2023-11-06T20:45:05","slug":"prefeitura-impulsiona-primeira-startup-para-o-distrito-de-inovacao-de-manaus","status":"publish","type":"post","link":"https:\/\/www.manaus.am.gov.br\/semtepi\/investimento\/prefeitura-impulsiona-primeira-startup-para-o-distrito-de-inovacao-de-manaus\/","title":{"rendered":"<strong>Prefeitura impulsiona primeira startup para o Distrito de Inova\u00e7\u00e3o de Manaus<\/strong>"},"content":{"rendered":"\n<p>A Prefeitura de Manaus, por meio da Secretaria Municipal do Trabalho, Empreendedorismo e Inova\u00e7\u00e3o (Semtepi), tem incentivado novas empresas e&nbsp;<em>startups<\/em>&nbsp;para garantir melhor qualidade de seus servi\u00e7os na cidade, e atrav\u00e9s do Programa de Incentivos Fiscais e Extrafiscais (Proinfe) a empresa de base tecnol\u00f3gica Netshow.me foi beneficiada pela iniciativa que visa a movimenta\u00e7\u00e3o do Polo Digital de Manaus.<\/p>\n\n\n\n<p>O objetivo do programa \u00e9 beneficiar startups que atuam especificamente na \u00e1rea delimitada pelo n\u00facleo inicial do Distrito de Inova\u00e7\u00e3o na Ilha de S\u00e3o Vicente, localizado no centro hist\u00f3rico da capital. O benef\u00edcio busca fortalecer as empresas do segmento de tecnologia para se instalarem na regi\u00e3o, possibilitando a amplia\u00e7\u00e3o da oferta de empregos de qualidade e a inova\u00e7\u00e3o na cidade.<\/p>\n\n\n\n<p>\u201cEssa pol\u00edtica \u00e9 muito importante para o ecossistema de inova\u00e7\u00e3o. Pensamos em algo muito menos burocr\u00e1tico e disruptivo, para que essas empresas e institutos que se enquadrarem utilizem desses benef\u00edcios. Estamos trabalhando para que consigamos potencializar muito mais e implementar pol\u00edticas p\u00fablicas, a fim de desenvolver, o mais r\u00e1pido poss\u00edvel, o Distrito de Inova\u00e7\u00e3o na capital\u201d, destacou o titular da Semtepi, Radyr J\u00fanior.<\/p>\n\n\n\n<p>De acordo com o cofundador da Netshow.me, Daniel Arcoverde, a empresa precisou se adaptar a uma s\u00e9rie de procedimentos sem precedentes at\u00e9 ent\u00e3o, o que abre espa\u00e7o para que outras startups possam trilhar os mesmos caminhos e se credenciar aos incentivos de forma mais c\u00e9lere.<\/p>\n\n\n\n<p>&#8220;Temos sede no centro hist\u00f3rico de Manaus desde 2022 e atuamos diretamente no apoio ao desenvolvimento do ecossistema local de inova\u00e7\u00e3o. Sermos a primeira empresa a receber os incentivos municipais do Proinfe \u00e9 motivo de orgulho e nos estimula a trabalhar ainda mais para ampliarmos as atividades, gerarmos mais postos de trabalho e desenvolvermos mais inova\u00e7\u00f5es&#8221;, enfatizou Daniel.<\/p>\n\n\n\n<p><strong>Programa<\/strong><\/p>\n\n\n\n<p>O prefeito de Manaus, David Almeida, regulamentou a lei n\u00ba 2.565, de 26 de dezembro de 2019, que institui o Programa de Incentivos Fiscais e Extrafiscais (Proinfe), destinado \u00e0 instala\u00e7\u00e3o de startups, geograficamente localizadas no centro hist\u00f3rico de Manaus, e tem como delimita\u00e7\u00e3o a \u00e1rea do n\u00facleo inicial do Distrito de Inova\u00e7\u00e3o, na Ilha de S\u00e3o Vicente.<\/p>\n\n\n\n<p>&#8212; &#8212; &#8212;<\/p>\n\n\n\n<p><strong>Texto \u2013&nbsp;<\/strong>Fabiane Monteiro \/ Semtepi<\/p>\n\n\n\n<p><strong>Foto \u2013\u00a0<\/strong>Semcom \/ Arquivo<\/p>\n","protected":false},"excerpt":{"rendered":"","protected":false},"author":31,"featured_media":2894,"comment_status":"closed","ping_status":"closed","sticky":false,"template":"","format":"standard","meta":{"footnotes":""},"categories":[711],"tags":[712,713,714],"acf":[],"yoast_head":"<!-- This site is optimized with the Yoast SEO plugin v23.0 - https:\/\/yoast.com\/wordpress\/plugins\/seo\/ -->\n<title>Prefeitura impulsiona primeira startup para o Distrito de Inova\u00e7\u00e3o de Manaus - SEMTEPI<\/title>\n<meta name=\"robots\" content=\"noindex, follow\" \/>\n<meta property=\"og:locale\" content=\"pt_BR\" \/>\n<meta property=\"og:type\" content=\"article\" \/>\n<meta property=\"og:title\" content=\"Prefeitura impulsiona primeira startup para o Distrito de Inova\u00e7\u00e3o de Manaus - SEMTEPI\" \/>\n<meta property=\"og:url\" content=\"https:\/\/www.manaus.am.gov.br\/semtepi\/investimento\/prefeitura-impulsiona-primeira-startup-para-o-distrito-de-inovacao-de-manaus\/\" \/>\n<meta property=\"og:site_name\" content=\"SEMTEPI\" \/>\n<meta property=\"article:published_time\" content=\"2023-11-06T20:45:04+00:00\" \/>\n<meta property=\"article:modified_time\" content=\"2023-11-06T20:45:05+00:00\" \/>\n<meta property=\"og:image\" content=\"https:\/\/www.manaus.am.gov.br\/semtepi\/wp-content\/uploads\/sites\/20\/2023\/11\/52735864922_ff41ace91a_o-1024x694.jpg\" \/>\n\t<meta property=\"og:image:width\" content=\"1024\" \/>\n\t<meta property=\"og:image:height\" content=\"694\" \/>\n\t<meta property=\"og:image:type\" content=\"image\/jpeg\" \/>\n<meta name=\"author\" content=\"Renata Felix\" \/>\n<meta name=\"twitter:card\" content=\"summary_large_image\" \/>\n<meta name=\"twitter:label1\" content=\"Written by\" \/>\n\t<meta name=\"twitter:data1\" content=\"Renata Felix\" \/>\n\t<meta name=\"twitter:label2\" content=\"Est. reading time\" \/>\n\t<meta name=\"twitter:data2\" content=\"2 minutos\" \/>\n<script type=\"application\/ld+json\" class=\"yoast-schema-graph\">{\"@context\":\"https:\/\/schema.org\",\"@graph\":[{\"@type\":\"Article\",\"@id\":\"https:\/\/www.manaus.am.gov.br\/semtepi\/investimento\/prefeitura-impulsiona-primeira-startup-para-o-distrito-de-inovacao-de-manaus\/#article\",\"isPartOf\":{\"@id\":\"https:\/\/www.manaus.am.gov.br\/semtepi\/investimento\/prefeitura-impulsiona-primeira-startup-para-o-distrito-de-inovacao-de-manaus\/\"},\"author\":{\"name\":\"Renata Felix\",\"@id\":\"https:\/\/www.manaus.am.gov.br\/semtepi\/#\/schema\/person\/4eea2a8f78dc853097abb026f728aa06\"},\"headline\":\"Prefeitura impulsiona primeira startup para o Distrito de Inova\u00e7\u00e3o de Manaus\",\"datePublished\":\"2023-11-06T20:45:04+00:00\",\"dateModified\":\"2023-11-06T20:45:05+00:00\",\"mainEntityOfPage\":{\"@id\":\"https:\/\/www.manaus.am.gov.br\/semtepi\/investimento\/prefeitura-impulsiona-primeira-startup-para-o-distrito-de-inovacao-de-manaus\/\"},\"wordCount\":398,\"publisher\":{\"@id\":\"https:\/\/www.manaus.am.gov.br\/semtepi\/#organization\"},\"image\":{\"@id\":\"https:\/\/www.manaus.am.gov.br\/semtepi\/investimento\/prefeitura-impulsiona-primeira-startup-para-o-distrito-de-inovacao-de-manaus\/#primaryimage\"},\"thumbnailUrl\":\"https:\/\/www.manaus.am.gov.br\/semtepi\/wp-content\/uploads\/sites\/20\/2023\/11\/52735864922_ff41ace91a_o.jpg\",\"keywords\":[\"base tecnol\u00f3gica Netshow.me\",\"Polo Digital de Manaus\",\"proinfe\"],\"articleSection\":[\"Investimento\"],\"inLanguage\":\"pt-BR\"},{\"@type\":\"WebPage\",\"@id\":\"https:\/\/www.manaus.am.gov.br\/semtepi\/investimento\/prefeitura-impulsiona-primeira-startup-para-o-distrito-de-inovacao-de-manaus\/\",\"url\":\"https:\/\/www.manaus.am.gov.br\/semtepi\/investimento\/prefeitura-impulsiona-primeira-startup-para-o-distrito-de-inovacao-de-manaus\/\",\"name\":\"Prefeitura impulsiona primeira startup para o Distrito de Inova\u00e7\u00e3o de Manaus - SEMTEPI\",\"isPartOf\":{\"@id\":\"https:\/\/www.manaus.am.gov.br\/semtepi\/#website\"},\"primaryImageOfPage\":{\"@id\":\"https:\/\/www.manaus.am.gov.br\/semtepi\/investimento\/prefeitura-impulsiona-primeira-startup-para-o-distrito-de-inovacao-de-manaus\/#primaryimage\"},\"image\":{\"@id\":\"https:\/\/www.manaus.am.gov.br\/semtepi\/investimento\/prefeitura-impulsiona-primeira-startup-para-o-distrito-de-inovacao-de-manaus\/#primaryimage\"},\"thumbnailUrl\":\"https:\/\/www.manaus.am.gov.br\/semtepi\/wp-content\/uploads\/sites\/20\/2023\/11\/52735864922_ff41ace91a_o.jpg\",\"datePublished\":\"2023-11-06T20:45:04+00:00\",\"dateModified\":\"2023-11-06T20:45:05+00:00\",\"breadcrumb\":{\"@id\":\"https:\/\/www.manaus.am.gov.br\/semtepi\/investimento\/prefeitura-impulsiona-primeira-startup-para-o-distrito-de-inovacao-de-manaus\/#breadcrumb\"},\"inLanguage\":\"pt-BR\",\"potentialAction\":[{\"@type\":\"ReadAction\",\"target\":[\"https:\/\/www.manaus.am.gov.br\/semtepi\/investimento\/prefeitura-impulsiona-primeira-startup-para-o-distrito-de-inovacao-de-manaus\/\"]}]},{\"@type\":\"ImageObject\",\"inLanguage\":\"pt-BR\",\"@id\":\"https:\/\/www.manaus.am.gov.br\/semtepi\/investimento\/prefeitura-impulsiona-primeira-startup-para-o-distrito-de-inovacao-de-manaus\/#primaryimage\",\"url\":\"https:\/\/www.manaus.am.gov.br\/semtepi\/wp-content\/uploads\/sites\/20\/2023\/11\/52735864922_ff41ace91a_o.jpg\",\"contentUrl\":\"https:\/\/www.manaus.am.gov.br\/semtepi\/wp-content\/uploads\/sites\/20\/2023\/11\/52735864922_ff41ace91a_o.jpg\",\"width\":4030,\"height\":2731,\"caption\":\"$paratodosverem - Imagem a\u00e9rea do centro hist\u00f3rico de Manaus pr\u00f3ximo ao rio Negro\"},{\"@type\":\"BreadcrumbList\",\"@id\":\"https:\/\/www.manaus.am.gov.br\/semtepi\/investimento\/prefeitura-impulsiona-primeira-startup-para-o-distrito-de-inovacao-de-manaus\/#breadcrumb\",\"itemListElement\":[{\"@type\":\"ListItem\",\"position\":1,\"name\":\"Home\",\"item\":\"https:\/\/www.manaus.am.gov.br\/semtepi\/\"},{\"@type\":\"ListItem\",\"position\":2,\"name\":\"Prefeitura impulsiona primeira startup para o Distrito de Inova\u00e7\u00e3o de Manaus\"}]},{\"@type\":\"WebSite\",\"@id\":\"https:\/\/www.manaus.am.gov.br\/semtepi\/#website\",\"url\":\"https:\/\/www.manaus.am.gov.br\/semtepi\/\",\"name\":\"SEMTEPI\",\"description\":\"Prefeitura de Manaus\",\"publisher\":{\"@id\":\"https:\/\/www.manaus.am.gov.br\/semtepi\/#organization\"},\"alternateName\":\"Secretaria Municipal do Trabalho, Empreendedorismo e Inova\u00e7\u00e3o\",\"potentialAction\":[{\"@type\":\"SearchAction\",\"target\":{\"@type\":\"EntryPoint\",\"urlTemplate\":\"https:\/\/www.manaus.am.gov.br\/semtepi\/?s={search_term_string}\"},\"query-input\":\"required name=search_term_string\"}],\"inLanguage\":\"pt-BR\"},{\"@type\":\"Organization\",\"@id\":\"https:\/\/www.manaus.am.gov.br\/semtepi\/#organization\",\"name\":\"Prefeitura Municipal de Manaus\",\"alternateName\":\"Prefeitura de Manaus\",\"url\":\"https:\/\/www.manaus.am.gov.br\/semtepi\/\",\"logo\":{\"@type\":\"ImageObject\",\"inLanguage\":\"pt-BR\",\"@id\":\"https:\/\/www.manaus.am.gov.br\/semtepi\/#\/schema\/logo\/image\/\",\"url\":\"https:\/\/www.manaus.am.gov.br\/semtepi\/wp-content\/uploads\/sites\/20\/2024\/07\/favicon.png\",\"contentUrl\":\"https:\/\/www.manaus.am.gov.br\/semtepi\/wp-content\/uploads\/sites\/20\/2024\/07\/favicon.png\",\"width\":300,\"height\":300,\"caption\":\"Prefeitura Municipal de Manaus\"},\"image\":{\"@id\":\"https:\/\/www.manaus.am.gov.br\/semtepi\/#\/schema\/logo\/image\/\"}},{\"@type\":\"Person\",\"@id\":\"https:\/\/www.manaus.am.gov.br\/semtepi\/#\/schema\/person\/4eea2a8f78dc853097abb026f728aa06\",\"name\":\"Renata Felix\",\"image\":{\"@type\":\"ImageObject\",\"inLanguage\":\"pt-BR\",\"@id\":\"https:\/\/www.manaus.am.gov.br\/semtepi\/#\/schema\/person\/image\/\",\"url\":\"https:\/\/secure.gravatar.com\/avatar\/3c196cf9d3b837b24c8edb2c50fd8f29?s=96&d=mm&r=g\",\"contentUrl\":\"https:\/\/secure.gravatar.com\/avatar\/3c196cf9d3b837b24c8edb2c50fd8f29?s=96&d=mm&r=g\",\"caption\":\"Renata Felix\"}}]}<\/script>\n<!-- \/ Yoast SEO plugin. -->","yoast_head_json":{"title":"Prefeitura impulsiona primeira startup para o Distrito de Inova\u00e7\u00e3o de Manaus - SEMTEPI","robots":{"index":"noindex","follow":"follow"},"og_locale":"pt_BR","og_type":"article","og_title":"Prefeitura impulsiona primeira startup para o Distrito de Inova\u00e7\u00e3o de Manaus - SEMTEPI","og_url":"https:\/\/www.manaus.am.gov.br\/semtepi\/investimento\/prefeitura-impulsiona-primeira-startup-para-o-distrito-de-inovacao-de-manaus\/","og_site_name":"SEMTEPI","article_published_time":"2023-11-06T20:45:04+00:00","article_modified_time":"2023-11-06T20:45:05+00:00","og_image":[{"width":1024,"height":694,"url":"https:\/\/www.manaus.am.gov.br\/semtepi\/wp-content\/uploads\/sites\/20\/2023\/11\/52735864922_ff41ace91a_o-1024x694.jpg","type":"image\/jpeg"}],"author":"Renata Felix","twitter_card":"summary_large_image","twitter_misc":{"Written by":"Renata Felix","Est. reading time":"2 minutos"},"schema":{"@context":"https:\/\/schema.org","@graph":[{"@type":"Article","@id":"https:\/\/www.manaus.am.gov.br\/semtepi\/investimento\/prefeitura-impulsiona-primeira-startup-para-o-distrito-de-inovacao-de-manaus\/#article","isPartOf":{"@id":"https:\/\/www.manaus.am.gov.br\/semtepi\/investimento\/prefeitura-impulsiona-primeira-startup-para-o-distrito-de-inovacao-de-manaus\/"},"author":{"name":"Renata Felix","@id":"https:\/\/www.manaus.am.gov.br\/semtepi\/#\/schema\/person\/4eea2a8f78dc853097abb026f728aa06"},"headline":"Prefeitura impulsiona primeira startup para o Distrito de Inova\u00e7\u00e3o de Manaus","datePublished":"2023-11-06T20:45:04+00:00","dateModified":"2023-11-06T20:45:05+00:00","mainEntityOfPage":{"@id":"https:\/\/www.manaus.am.gov.br\/semtepi\/investimento\/prefeitura-impulsiona-primeira-startup-para-o-distrito-de-inovacao-de-manaus\/"},"wordCount":398,"publisher":{"@id":"https:\/\/www.manaus.am.gov.br\/semtepi\/#organization"},"image":{"@id":"https:\/\/www.manaus.am.gov.br\/semtepi\/investimento\/prefeitura-impulsiona-primeira-startup-para-o-distrito-de-inovacao-de-manaus\/#primaryimage"},"thumbnailUrl":"https:\/\/www.manaus.am.gov.br\/semtepi\/wp-content\/uploads\/sites\/20\/2023\/11\/52735864922_ff41ace91a_o.jpg","keywords":["base tecnol\u00f3gica Netshow.me","Polo Digital de Manaus","proinfe"],"articleSection":["Investimento"],"inLanguage":"pt-BR"},{"@type":"WebPage","@id":"https:\/\/www.manaus.am.gov.br\/semtepi\/investimento\/prefeitura-impulsiona-primeira-startup-para-o-distrito-de-inovacao-de-manaus\/","url":"https:\/\/www.manaus.am.gov.br\/semtepi\/investimento\/prefeitura-impulsiona-primeira-startup-para-o-distrito-de-inovacao-de-manaus\/","name":"Prefeitura impulsiona primeira startup para o Distrito de Inova\u00e7\u00e3o de Manaus - SEMTEPI","isPartOf":{"@id":"https:\/\/www.manaus.am.gov.br\/semtepi\/#website"},"primaryImageOfPage":{"@id":"https:\/\/www.manaus.am.gov.br\/semtepi\/investimento\/prefeitura-impulsiona-primeira-startup-para-o-distrito-de-inovacao-de-manaus\/#primaryimage"},"image":{"@id":"https:\/\/www.manaus.am.gov.br\/semtepi\/investimento\/prefeitura-impulsiona-primeira-startup-para-o-distrito-de-inovacao-de-manaus\/#primaryimage"},"thumbnailUrl":"https:\/\/www.manaus.am.gov.br\/semtepi\/wp-content\/uploads\/sites\/20\/2023\/11\/52735864922_ff41ace91a_o.jpg","datePublished":"2023-11-06T20:45:04+00:00","dateModified":"2023-11-06T20:45:05+00:00","breadcrumb":{"@id":"https:\/\/www.manaus.am.gov.br\/semtepi\/investimento\/prefeitura-impulsiona-primeira-startup-para-o-distrito-de-inovacao-de-manaus\/#breadcrumb"},"inLanguage":"pt-BR","potentialAction":[{"@type":"ReadAction","target":["https:\/\/www.manaus.am.gov.br\/semtepi\/investimento\/prefeitura-impulsiona-primeira-startup-para-o-distrito-de-inovacao-de-manaus\/"]}]},{"@type":"ImageObject","inLanguage":"pt-BR","@id":"https:\/\/www.manaus.am.gov.br\/semtepi\/investimento\/prefeitura-impulsiona-primeira-startup-para-o-distrito-de-inovacao-de-manaus\/#primaryimage","url":"https:\/\/www.manaus.am.gov.br\/semtepi\/wp-content\/uploads\/sites\/20\/2023\/11\/52735864922_ff41ace91a_o.jpg","contentUrl":"https:\/\/www.manaus.am.gov.br\/semtepi\/wp-content\/uploads\/sites\/20\/2023\/11\/52735864922_ff41ace91a_o.jpg","width":4030,"height":2731,"caption":"$paratodosverem - Imagem a\u00e9rea do centro hist\u00f3rico de Manaus pr\u00f3ximo ao rio Negro"},{"@type":"BreadcrumbList","@id":"https:\/\/www.manaus.am.gov.br\/semtepi\/investimento\/prefeitura-impulsiona-primeira-startup-para-o-distrito-de-inovacao-de-manaus\/#breadcrumb","itemListElement":[{"@type":"ListItem","position":1,"name":"Home","item":"https:\/\/www.manaus.am.gov.br\/semtepi\/"},{"@type":"ListItem","position":2,"name":"Prefeitura impulsiona primeira startup para o Distrito de Inova\u00e7\u00e3o de Manaus"}]},{"@type":"WebSite","@id":"https:\/\/www.manaus.am.gov.br\/semtepi\/#website","url":"https:\/\/www.manaus.am.gov.br\/semtepi\/","name":"SEMTEPI","description":"Prefeitura de Manaus","publisher":{"@id":"https:\/\/www.manaus.am.gov.br\/semtepi\/#organization"},"alternateName":"Secretaria Municipal do Trabalho, Empreendedorismo e Inova\u00e7\u00e3o","potentialAction":[{"@type":"SearchAction","target":{"@type":"EntryPoint","urlTemplate":"https:\/\/www.manaus.am.gov.br\/semtepi\/?s={search_term_string}"},"query-input":"required name=search_term_string"}],"inLanguage":"pt-BR"},{"@type":"Organization","@id":"https:\/\/www.manaus.am.gov.br\/semtepi\/#organization","name":"Prefeitura Municipal de Manaus","alternateName":"Prefeitura de Manaus","url":"https:\/\/www.manaus.am.gov.br\/semtepi\/","logo":{"@type":"ImageObject","inLanguage":"pt-BR","@id":"https:\/\/www.manaus.am.gov.br\/semtepi\/#\/schema\/logo\/image\/","url":"https:\/\/www.manaus.am.gov.br\/semtepi\/wp-content\/uploads\/sites\/20\/2024\/07\/favicon.png","contentUrl":"https:\/\/www.manaus.am.gov.br\/semtepi\/wp-content\/uploads\/sites\/20\/2024\/07\/favicon.png","width":300,"height":300,"caption":"Prefeitura Municipal de Manaus"},"image":{"@id":"https:\/\/www.manaus.am.gov.br\/semtepi\/#\/schema\/logo\/image\/"}},{"@type":"Person","@id":"https:\/\/www.manaus.am.gov.br\/semtepi\/#\/schema\/person\/4eea2a8f78dc853097abb026f728aa06","name":"Renata Felix","image":{"@type":"ImageObject","inLanguage":"pt-BR","@id":"https:\/\/www.manaus.am.gov.br\/semtepi\/#\/schema\/person\/image\/","url":"https:\/\/secure.gravatar.com\/avatar\/3c196cf9d3b837b24c8edb2c50fd8f29?s=96&d=mm&r=g","contentUrl":"https:\/\/secure.gravatar.com\/avatar\/3c196cf9d3b837b24c8edb2c50fd8f29?s=96&d=mm&r=g","caption":"Renata Felix"}}]}},"_links":{"self":[{"href":"https:\/\/www.manaus.am.gov.br\/semtepi\/wp-json\/wp\/v2\/posts\/2893"}],"collection":[{"href":"https:\/\/www.manaus.am.gov.br\/semtepi\/wp-json\/wp\/v2\/posts"}],"about":[{"href":"https:\/\/www.manaus.am.gov.br\/semtepi\/wp-json\/wp\/v2\/types\/post"}],"author":[{"embeddable":true,"href":"https:\/\/www.manaus.am.gov.br\/semtepi\/wp-json\/wp\/v2\/users\/31"}],"replies":[{"embeddable":true,"href":"https:\/\/www.manaus.am.gov.br\/semtepi\/wp-json\/wp\/v2\/comments?post=2893"}],"version-history":[{"count":0,"href":"https:\/\/www.manaus.am.gov.br\/semtepi\/wp-json\/wp\/v2\/posts\/2893\/revisions"}],"wp:featuredmedia":[{"embeddable":true,"href":"https:\/\/www.manaus.am.gov.br\/semtepi\/wp-json\/wp\/v2\/media\/2894"}],"wp:attachment":[{"href":"https:\/\/www.manaus.am.gov.br\/semtepi\/wp-json\/wp\/v2\/media?parent=2893"}],"wp:term":[{"taxonomy":"category","embeddable":true,"href":"https:\/\/www.manaus.am.gov.br\/semtepi\/wp-json\/wp\/v2\/categories?post=2893"},{"taxonomy":"post_tag","embeddable":true,"href":"https:\/\/www.manaus.am.gov.br\/semtepi\/wp-json\/wp\/v2\/tags?post=2893"}],"curies":[{"name":"wp","href":"https:\/\/api.w.org\/{rel}","templated":true}]}}