{"id":2871,"date":"2023-11-01T09:38:01","date_gmt":"2023-11-01T13:38:01","guid":{"rendered":"https:\/\/www.manaus.am.gov.br\/semtepi\/sem-categoria\/prefeitura-de-manaus-entrega-782-maquinas-de-costura-a-selecionados-do-empreende-manaus\/"},"modified":"2023-11-01T16:28:39","modified_gmt":"2023-11-01T20:28:39","slug":"prefeitura-de-manaus-entrega-782-maquinas-de-costura-a-selecionados-do-empreende-manaus","status":"publish","type":"post","link":"https:\/\/www.manaus.am.gov.br\/semtepi\/empreendedorismo\/prefeitura-de-manaus-entrega-782-maquinas-de-costura-a-selecionados-do-empreende-manaus\/","title":{"rendered":"<strong>Prefeitura de Manaus entrega 782 m\u00e1quinas de costura a selecionados do Empreende Manaus<\/strong>"},"content":{"rendered":"\n<p>A Prefeitura de Manaus, por meio da Secretaria Municipal do Trabalho, Empreendedorismo e Inova\u00e7\u00e3o (Semtepi), inicia, a partir da ter\u00e7a-feira, 7\/11, o cronograma de entregas do programa Empreende Manaus, de forma gradual. Nessa primeira etapa, ser\u00e3o entregues 782 m\u00e1quinas de costura, o restante dos itens ser\u00e1 distribu\u00eddo nas pr\u00f3ximas semanas.<\/p>\n\n\n\n<p>A entrega acontecer\u00e1 a partir das 8h, no Centro Social Urbano do Parque Dez (CSU), na avenida Perimetral, bairro Parque 10 de Novembro, zona Centro-Sul de Manaus. Para retirar o item, os empreendedores selecionados devem comparecer, presencialmente, portando os seguintes documentos originais e c\u00f3pia: RG, CPF e comprovante de resid\u00eancia.<\/p>\n\n\n\n<p>\u201cEsse \u00e9 um programa in\u00e9dito, lan\u00e7ado pelo prefeito David Almeida, que atende mais de 5 mil empreendedores de diversas \u00e1reas de Manaus. N\u00f3s vamos contemplar barbeiros, manicures, pipoqueiros, vendedores de churrasco, feirantes e muito mais, com itens que ser\u00e3o essenciais para o crescimento desses neg\u00f3cios. Todo o processo foi feito da forma mais transparente e \u00e1gil, cumprindo os prazos estabelecidos\u201d, afirmou o titular da Semtepi, Radyr J\u00fanior.&nbsp;<\/p>\n\n\n\n<p><a href=\"https:\/\/www.manaus.am.gov.br\/semtepi\/wp-content\/uploads\/sites\/20\/2023\/11\/LISTA-MAQUINA-DE-COSTURA.pdf\"><strong>Confira a lista de selecionados de m\u00e1quinas de costura<\/strong> <strong>do Empreende Manaus<\/strong><\/a><\/p>\n\n\n\n<p>A partir do programa Empreende Manaus, mais de 5 mil itens ser\u00e3o doados aos empreendedores selecionados.\u00a0A entrega das demais categorias, tais como manicures, barbeiros, empreendedores rurais, pipoqueiros, churrasqueiros, feirantes, lojistas, mec\u00e2nicos e outros, ocorrer\u00e1 dentro de um prazo de at\u00e9 30 dias.<\/p>\n\n\n\n<p>\u201cNosso objetivo \u00e9 efetuar as entregas uma a duas vezes por semana. Portanto, \u00e9 fundamental que os empreendedores estejam atentos aos seus n\u00fameros de telefone cadastrados, a fim de receber as informa\u00e7\u00f5es sobre a retirada dos itens, bem como a data programada\u201d, conforme explicou Radyr.<\/p>\n\n\n\n<p>O formato gradual de entregas foi adotado pelo fato de se tratar de um grande volume de equipamentos, n\u00e3o dispon\u00edveis prontamente no mercado. Por isso, a log\u00edstica de entrega segue esse cronograma. O processo tamb\u00e9m se agrava por conta da falta de trafegabilidade dos rios, causada pela vazante hist\u00f3rica registrada em Manaus durante o m\u00eas de outubro.<\/p>\n\n\n\n<p><strong>&#8212; &#8212; &#8212;<\/strong><\/p>\n\n\n\n<p><strong>Texto \u2013&nbsp;<\/strong>Luiza Maria \/ Semtepi<\/p>\n\n\n\n<p><strong>Fotos \u2013 <\/strong>Divulga\u00e7\u00e3o\/Semcom<\/p>\n\n\n\n<p><strong>Dispon\u00edveis em \u2013 <\/strong><a href=\"https:\/\/flic.kr\/s\/aHBqjAuUAE\">https:\/\/flic.kr\/s\/aHBqjAuUAE<\/a><\/p>\n","protected":false},"excerpt":{"rendered":"","protected":false},"author":23,"featured_media":2873,"comment_status":"closed","ping_status":"closed","sticky":false,"template":"","format":"standard","meta":{"footnotes":""},"categories":[47],"tags":[146,147,703,8,9],"acf":[],"yoast_head":"<!-- This site is optimized with the Yoast SEO plugin v23.0 - https:\/\/yoast.com\/wordpress\/plugins\/seo\/ -->\n<title>Prefeitura de Manaus entrega 782 m\u00e1quinas de costura a selecionados do Empreende Manaus<\/title>\n<meta name=\"description\" content=\"A Prefeitura de Manaus, por meio da Secretaria Municipal do Trabalho, Empreendedorismo e Inova\u00e7\u00e3o (Semtepi), inicia, a partir da ter\u00e7a-feira, 7\/11, o cronograma de entregas do programa Empreende Manaus, de forma gradual. Nessa primeira etapa, ser\u00e3o entregues 782 m\u00e1quinas de costura, o restante dos itens ser\u00e1 distribu\u00eddo nas pr\u00f3ximas semanas.\" \/>\n<meta name=\"robots\" content=\"noindex, follow\" \/>\n<meta property=\"og:locale\" content=\"pt_BR\" \/>\n<meta property=\"og:type\" content=\"article\" \/>\n<meta property=\"og:title\" content=\"Prefeitura de Manaus entrega 782 m\u00e1quinas de costura a selecionados do Empreende Manaus\" \/>\n<meta property=\"og:description\" content=\"A Prefeitura de Manaus, por meio da Secretaria Municipal do Trabalho, Empreendedorismo e Inova\u00e7\u00e3o (Semtepi), inicia, a partir da ter\u00e7a-feira, 7\/11, o cronograma de entregas do programa Empreende Manaus, de forma gradual. Nessa primeira etapa, ser\u00e3o entregues 782 m\u00e1quinas de costura, o restante dos itens ser\u00e1 distribu\u00eddo nas pr\u00f3ximas semanas.\" \/>\n<meta property=\"og:url\" content=\"https:\/\/www.manaus.am.gov.br\/semtepi\/empreendedorismo\/prefeitura-de-manaus-entrega-782-maquinas-de-costura-a-selecionados-do-empreende-manaus\/\" \/>\n<meta property=\"og:site_name\" content=\"SEMTEPI\" \/>\n<meta property=\"article:published_time\" content=\"2023-11-01T13:38:01+00:00\" \/>\n<meta property=\"article:modified_time\" content=\"2023-11-01T20:28:39+00:00\" \/>\n<meta property=\"og:image\" content=\"https:\/\/www.manaus.am.gov.br\/semtepi\/wp-content\/uploads\/sites\/20\/2023\/11\/52734192556_847fb1a859_c.jpg\" \/>\n\t<meta property=\"og:image:width\" content=\"799\" \/>\n\t<meta property=\"og:image:height\" content=\"533\" \/>\n\t<meta property=\"og:image:type\" content=\"image\/jpeg\" \/>\n<meta name=\"author\" content=\"Adriana Costa\" \/>\n<meta name=\"twitter:card\" content=\"summary_large_image\" \/>\n<meta name=\"twitter:label1\" content=\"Written by\" \/>\n\t<meta name=\"twitter:data1\" content=\"Adriana Costa\" \/>\n\t<meta name=\"twitter:label2\" content=\"Est. reading time\" \/>\n\t<meta name=\"twitter:data2\" content=\"2 minutos\" \/>\n<script type=\"application\/ld+json\" class=\"yoast-schema-graph\">{\"@context\":\"https:\/\/schema.org\",\"@graph\":[{\"@type\":\"Article\",\"@id\":\"https:\/\/www.manaus.am.gov.br\/semtepi\/empreendedorismo\/prefeitura-de-manaus-entrega-782-maquinas-de-costura-a-selecionados-do-empreende-manaus\/#article\",\"isPartOf\":{\"@id\":\"https:\/\/www.manaus.am.gov.br\/semtepi\/empreendedorismo\/prefeitura-de-manaus-entrega-782-maquinas-de-costura-a-selecionados-do-empreende-manaus\/\"},\"author\":{\"name\":\"Adriana Costa\",\"@id\":\"https:\/\/www.manaus.am.gov.br\/semtepi\/#\/schema\/person\/4e49f4e267757a06ca072ec61b2b9968\"},\"headline\":\"Prefeitura de Manaus entrega 782 m\u00e1quinas de costura a selecionados do Empreende Manaus\",\"datePublished\":\"2023-11-01T13:38:01+00:00\",\"dateModified\":\"2023-11-01T20:28:39+00:00\",\"mainEntityOfPage\":{\"@id\":\"https:\/\/www.manaus.am.gov.br\/semtepi\/empreendedorismo\/prefeitura-de-manaus-entrega-782-maquinas-de-costura-a-selecionados-do-empreende-manaus\/\"},\"wordCount\":374,\"publisher\":{\"@id\":\"https:\/\/www.manaus.am.gov.br\/semtepi\/#organization\"},\"image\":{\"@id\":\"https:\/\/www.manaus.am.gov.br\/semtepi\/empreendedorismo\/prefeitura-de-manaus-entrega-782-maquinas-de-costura-a-selecionados-do-empreende-manaus\/#primaryimage\"},\"thumbnailUrl\":\"https:\/\/www.manaus.am.gov.br\/semtepi\/wp-content\/uploads\/sites\/20\/2023\/11\/52734192556_847fb1a859_c.jpg\",\"keywords\":[\"empreende manaus\",\"entrega\",\"m\u00e1quina de costura\",\"prefeitura de manaus\",\"Semtepi\"],\"articleSection\":[\"Empreendedorismo\"],\"inLanguage\":\"pt-BR\"},{\"@type\":\"WebPage\",\"@id\":\"https:\/\/www.manaus.am.gov.br\/semtepi\/empreendedorismo\/prefeitura-de-manaus-entrega-782-maquinas-de-costura-a-selecionados-do-empreende-manaus\/\",\"url\":\"https:\/\/www.manaus.am.gov.br\/semtepi\/empreendedorismo\/prefeitura-de-manaus-entrega-782-maquinas-de-costura-a-selecionados-do-empreende-manaus\/\",\"name\":\"Prefeitura de Manaus entrega 782 m\u00e1quinas de costura a selecionados do Empreende Manaus\",\"isPartOf\":{\"@id\":\"https:\/\/www.manaus.am.gov.br\/semtepi\/#website\"},\"primaryImageOfPage\":{\"@id\":\"https:\/\/www.manaus.am.gov.br\/semtepi\/empreendedorismo\/prefeitura-de-manaus-entrega-782-maquinas-de-costura-a-selecionados-do-empreende-manaus\/#primaryimage\"},\"image\":{\"@id\":\"https:\/\/www.manaus.am.gov.br\/semtepi\/empreendedorismo\/prefeitura-de-manaus-entrega-782-maquinas-de-costura-a-selecionados-do-empreende-manaus\/#primaryimage\"},\"thumbnailUrl\":\"https:\/\/www.manaus.am.gov.br\/semtepi\/wp-content\/uploads\/sites\/20\/2023\/11\/52734192556_847fb1a859_c.jpg\",\"datePublished\":\"2023-11-01T13:38:01+00:00\",\"dateModified\":\"2023-11-01T20:28:39+00:00\",\"description\":\"A Prefeitura de Manaus, por meio da Secretaria Municipal do Trabalho, Empreendedorismo e Inova\u00e7\u00e3o (Semtepi), inicia, a partir da ter\u00e7a-feira, 7\/11, o cronograma de entregas do programa Empreende Manaus, de forma gradual. Nessa primeira etapa, ser\u00e3o entregues 782 m\u00e1quinas de costura, o restante dos itens ser\u00e1 distribu\u00eddo nas pr\u00f3ximas semanas.\",\"breadcrumb\":{\"@id\":\"https:\/\/www.manaus.am.gov.br\/semtepi\/empreendedorismo\/prefeitura-de-manaus-entrega-782-maquinas-de-costura-a-selecionados-do-empreende-manaus\/#breadcrumb\"},\"inLanguage\":\"pt-BR\",\"potentialAction\":[{\"@type\":\"ReadAction\",\"target\":[\"https:\/\/www.manaus.am.gov.br\/semtepi\/empreendedorismo\/prefeitura-de-manaus-entrega-782-maquinas-de-costura-a-selecionados-do-empreende-manaus\/\"]}]},{\"@type\":\"ImageObject\",\"inLanguage\":\"pt-BR\",\"@id\":\"https:\/\/www.manaus.am.gov.br\/semtepi\/empreendedorismo\/prefeitura-de-manaus-entrega-782-maquinas-de-costura-a-selecionados-do-empreende-manaus\/#primaryimage\",\"url\":\"https:\/\/www.manaus.am.gov.br\/semtepi\/wp-content\/uploads\/sites\/20\/2023\/11\/52734192556_847fb1a859_c.jpg\",\"contentUrl\":\"https:\/\/www.manaus.am.gov.br\/semtepi\/wp-content\/uploads\/sites\/20\/2023\/11\/52734192556_847fb1a859_c.jpg\",\"width\":799,\"height\":533},{\"@type\":\"BreadcrumbList\",\"@id\":\"https:\/\/www.manaus.am.gov.br\/semtepi\/empreendedorismo\/prefeitura-de-manaus-entrega-782-maquinas-de-costura-a-selecionados-do-empreende-manaus\/#breadcrumb\",\"itemListElement\":[{\"@type\":\"ListItem\",\"position\":1,\"name\":\"Home\",\"item\":\"https:\/\/www.manaus.am.gov.br\/semtepi\/\"},{\"@type\":\"ListItem\",\"position\":2,\"name\":\"Prefeitura de Manaus entrega 782 m\u00e1quinas de costura a selecionados do Empreende Manaus\"}]},{\"@type\":\"WebSite\",\"@id\":\"https:\/\/www.manaus.am.gov.br\/semtepi\/#website\",\"url\":\"https:\/\/www.manaus.am.gov.br\/semtepi\/\",\"name\":\"SEMTEPI\",\"description\":\"Prefeitura de Manaus\",\"publisher\":{\"@id\":\"https:\/\/www.manaus.am.gov.br\/semtepi\/#organization\"},\"alternateName\":\"Secretaria Municipal do Trabalho, Empreendedorismo e Inova\u00e7\u00e3o\",\"potentialAction\":[{\"@type\":\"SearchAction\",\"target\":{\"@type\":\"EntryPoint\",\"urlTemplate\":\"https:\/\/www.manaus.am.gov.br\/semtepi\/?s={search_term_string}\"},\"query-input\":\"required name=search_term_string\"}],\"inLanguage\":\"pt-BR\"},{\"@type\":\"Organization\",\"@id\":\"https:\/\/www.manaus.am.gov.br\/semtepi\/#organization\",\"name\":\"Prefeitura Municipal de Manaus\",\"alternateName\":\"Prefeitura de Manaus\",\"url\":\"https:\/\/www.manaus.am.gov.br\/semtepi\/\",\"logo\":{\"@type\":\"ImageObject\",\"inLanguage\":\"pt-BR\",\"@id\":\"https:\/\/www.manaus.am.gov.br\/semtepi\/#\/schema\/logo\/image\/\",\"url\":\"https:\/\/www.manaus.am.gov.br\/semtepi\/wp-content\/uploads\/sites\/20\/2024\/07\/favicon.png\",\"contentUrl\":\"https:\/\/www.manaus.am.gov.br\/semtepi\/wp-content\/uploads\/sites\/20\/2024\/07\/favicon.png\",\"width\":300,\"height\":300,\"caption\":\"Prefeitura Municipal de Manaus\"},\"image\":{\"@id\":\"https:\/\/www.manaus.am.gov.br\/semtepi\/#\/schema\/logo\/image\/\"}},{\"@type\":\"Person\",\"@id\":\"https:\/\/www.manaus.am.gov.br\/semtepi\/#\/schema\/person\/4e49f4e267757a06ca072ec61b2b9968\",\"name\":\"Adriana Costa\",\"image\":{\"@type\":\"ImageObject\",\"inLanguage\":\"pt-BR\",\"@id\":\"https:\/\/www.manaus.am.gov.br\/semtepi\/#\/schema\/person\/image\/\",\"url\":\"https:\/\/secure.gravatar.com\/avatar\/576258617ef7194f718179e766d57bd4?s=96&d=mm&r=g\",\"contentUrl\":\"https:\/\/secure.gravatar.com\/avatar\/576258617ef7194f718179e766d57bd4?s=96&d=mm&r=g\",\"caption\":\"Adriana Costa\"}}]}<\/script>\n<!-- \/ Yoast SEO plugin. -->","yoast_head_json":{"title":"Prefeitura de Manaus entrega 782 m\u00e1quinas de costura a selecionados do Empreende Manaus","description":"A Prefeitura de Manaus, por meio da Secretaria Municipal do Trabalho, Empreendedorismo e Inova\u00e7\u00e3o (Semtepi), inicia, a partir da ter\u00e7a-feira, 7\/11, o cronograma de entregas do programa Empreende Manaus, de forma gradual. Nessa primeira etapa, ser\u00e3o entregues 782 m\u00e1quinas de costura, o restante dos itens ser\u00e1 distribu\u00eddo nas pr\u00f3ximas semanas.","robots":{"index":"noindex","follow":"follow"},"og_locale":"pt_BR","og_type":"article","og_title":"Prefeitura de Manaus entrega 782 m\u00e1quinas de costura a selecionados do Empreende Manaus","og_description":"A Prefeitura de Manaus, por meio da Secretaria Municipal do Trabalho, Empreendedorismo e Inova\u00e7\u00e3o (Semtepi), inicia, a partir da ter\u00e7a-feira, 7\/11, o cronograma de entregas do programa Empreende Manaus, de forma gradual. Nessa primeira etapa, ser\u00e3o entregues 782 m\u00e1quinas de costura, o restante dos itens ser\u00e1 distribu\u00eddo nas pr\u00f3ximas semanas.","og_url":"https:\/\/www.manaus.am.gov.br\/semtepi\/empreendedorismo\/prefeitura-de-manaus-entrega-782-maquinas-de-costura-a-selecionados-do-empreende-manaus\/","og_site_name":"SEMTEPI","article_published_time":"2023-11-01T13:38:01+00:00","article_modified_time":"2023-11-01T20:28:39+00:00","og_image":[{"width":799,"height":533,"url":"https:\/\/www.manaus.am.gov.br\/semtepi\/wp-content\/uploads\/sites\/20\/2023\/11\/52734192556_847fb1a859_c.jpg","type":"image\/jpeg"}],"author":"Adriana Costa","twitter_card":"summary_large_image","twitter_misc":{"Written by":"Adriana Costa","Est. reading time":"2 minutos"},"schema":{"@context":"https:\/\/schema.org","@graph":[{"@type":"Article","@id":"https:\/\/www.manaus.am.gov.br\/semtepi\/empreendedorismo\/prefeitura-de-manaus-entrega-782-maquinas-de-costura-a-selecionados-do-empreende-manaus\/#article","isPartOf":{"@id":"https:\/\/www.manaus.am.gov.br\/semtepi\/empreendedorismo\/prefeitura-de-manaus-entrega-782-maquinas-de-costura-a-selecionados-do-empreende-manaus\/"},"author":{"name":"Adriana Costa","@id":"https:\/\/www.manaus.am.gov.br\/semtepi\/#\/schema\/person\/4e49f4e267757a06ca072ec61b2b9968"},"headline":"Prefeitura de Manaus entrega 782 m\u00e1quinas de costura a selecionados do Empreende Manaus","datePublished":"2023-11-01T13:38:01+00:00","dateModified":"2023-11-01T20:28:39+00:00","mainEntityOfPage":{"@id":"https:\/\/www.manaus.am.gov.br\/semtepi\/empreendedorismo\/prefeitura-de-manaus-entrega-782-maquinas-de-costura-a-selecionados-do-empreende-manaus\/"},"wordCount":374,"publisher":{"@id":"https:\/\/www.manaus.am.gov.br\/semtepi\/#organization"},"image":{"@id":"https:\/\/www.manaus.am.gov.br\/semtepi\/empreendedorismo\/prefeitura-de-manaus-entrega-782-maquinas-de-costura-a-selecionados-do-empreende-manaus\/#primaryimage"},"thumbnailUrl":"https:\/\/www.manaus.am.gov.br\/semtepi\/wp-content\/uploads\/sites\/20\/2023\/11\/52734192556_847fb1a859_c.jpg","keywords":["empreende manaus","entrega","m\u00e1quina de costura","prefeitura de manaus","Semtepi"],"articleSection":["Empreendedorismo"],"inLanguage":"pt-BR"},{"@type":"WebPage","@id":"https:\/\/www.manaus.am.gov.br\/semtepi\/empreendedorismo\/prefeitura-de-manaus-entrega-782-maquinas-de-costura-a-selecionados-do-empreende-manaus\/","url":"https:\/\/www.manaus.am.gov.br\/semtepi\/empreendedorismo\/prefeitura-de-manaus-entrega-782-maquinas-de-costura-a-selecionados-do-empreende-manaus\/","name":"Prefeitura de Manaus entrega 782 m\u00e1quinas de costura a selecionados do Empreende Manaus","isPartOf":{"@id":"https:\/\/www.manaus.am.gov.br\/semtepi\/#website"},"primaryImageOfPage":{"@id":"https:\/\/www.manaus.am.gov.br\/semtepi\/empreendedorismo\/prefeitura-de-manaus-entrega-782-maquinas-de-costura-a-selecionados-do-empreende-manaus\/#primaryimage"},"image":{"@id":"https:\/\/www.manaus.am.gov.br\/semtepi\/empreendedorismo\/prefeitura-de-manaus-entrega-782-maquinas-de-costura-a-selecionados-do-empreende-manaus\/#primaryimage"},"thumbnailUrl":"https:\/\/www.manaus.am.gov.br\/semtepi\/wp-content\/uploads\/sites\/20\/2023\/11\/52734192556_847fb1a859_c.jpg","datePublished":"2023-11-01T13:38:01+00:00","dateModified":"2023-11-01T20:28:39+00:00","description":"A Prefeitura de Manaus, por meio da Secretaria Municipal do Trabalho, Empreendedorismo e Inova\u00e7\u00e3o (Semtepi), inicia, a partir da ter\u00e7a-feira, 7\/11, o cronograma de entregas do programa Empreende Manaus, de forma gradual. Nessa primeira etapa, ser\u00e3o entregues 782 m\u00e1quinas de costura, o restante dos itens ser\u00e1 distribu\u00eddo nas pr\u00f3ximas semanas.","breadcrumb":{"@id":"https:\/\/www.manaus.am.gov.br\/semtepi\/empreendedorismo\/prefeitura-de-manaus-entrega-782-maquinas-de-costura-a-selecionados-do-empreende-manaus\/#breadcrumb"},"inLanguage":"pt-BR","potentialAction":[{"@type":"ReadAction","target":["https:\/\/www.manaus.am.gov.br\/semtepi\/empreendedorismo\/prefeitura-de-manaus-entrega-782-maquinas-de-costura-a-selecionados-do-empreende-manaus\/"]}]},{"@type":"ImageObject","inLanguage":"pt-BR","@id":"https:\/\/www.manaus.am.gov.br\/semtepi\/empreendedorismo\/prefeitura-de-manaus-entrega-782-maquinas-de-costura-a-selecionados-do-empreende-manaus\/#primaryimage","url":"https:\/\/www.manaus.am.gov.br\/semtepi\/wp-content\/uploads\/sites\/20\/2023\/11\/52734192556_847fb1a859_c.jpg","contentUrl":"https:\/\/www.manaus.am.gov.br\/semtepi\/wp-content\/uploads\/sites\/20\/2023\/11\/52734192556_847fb1a859_c.jpg","width":799,"height":533},{"@type":"BreadcrumbList","@id":"https:\/\/www.manaus.am.gov.br\/semtepi\/empreendedorismo\/prefeitura-de-manaus-entrega-782-maquinas-de-costura-a-selecionados-do-empreende-manaus\/#breadcrumb","itemListElement":[{"@type":"ListItem","position":1,"name":"Home","item":"https:\/\/www.manaus.am.gov.br\/semtepi\/"},{"@type":"ListItem","position":2,"name":"Prefeitura de Manaus entrega 782 m\u00e1quinas de costura a selecionados do Empreende Manaus"}]},{"@type":"WebSite","@id":"https:\/\/www.manaus.am.gov.br\/semtepi\/#website","url":"https:\/\/www.manaus.am.gov.br\/semtepi\/","name":"SEMTEPI","description":"Prefeitura de Manaus","publisher":{"@id":"https:\/\/www.manaus.am.gov.br\/semtepi\/#organization"},"alternateName":"Secretaria Municipal do Trabalho, Empreendedorismo e Inova\u00e7\u00e3o","potentialAction":[{"@type":"SearchAction","target":{"@type":"EntryPoint","urlTemplate":"https:\/\/www.manaus.am.gov.br\/semtepi\/?s={search_term_string}"},"query-input":"required name=search_term_string"}],"inLanguage":"pt-BR"},{"@type":"Organization","@id":"https:\/\/www.manaus.am.gov.br\/semtepi\/#organization","name":"Prefeitura Municipal de Manaus","alternateName":"Prefeitura de Manaus","url":"https:\/\/www.manaus.am.gov.br\/semtepi\/","logo":{"@type":"ImageObject","inLanguage":"pt-BR","@id":"https:\/\/www.manaus.am.gov.br\/semtepi\/#\/schema\/logo\/image\/","url":"https:\/\/www.manaus.am.gov.br\/semtepi\/wp-content\/uploads\/sites\/20\/2024\/07\/favicon.png","contentUrl":"https:\/\/www.manaus.am.gov.br\/semtepi\/wp-content\/uploads\/sites\/20\/2024\/07\/favicon.png","width":300,"height":300,"caption":"Prefeitura Municipal de Manaus"},"image":{"@id":"https:\/\/www.manaus.am.gov.br\/semtepi\/#\/schema\/logo\/image\/"}},{"@type":"Person","@id":"https:\/\/www.manaus.am.gov.br\/semtepi\/#\/schema\/person\/4e49f4e267757a06ca072ec61b2b9968","name":"Adriana Costa","image":{"@type":"ImageObject","inLanguage":"pt-BR","@id":"https:\/\/www.manaus.am.gov.br\/semtepi\/#\/schema\/person\/image\/","url":"https:\/\/secure.gravatar.com\/avatar\/576258617ef7194f718179e766d57bd4?s=96&d=mm&r=g","contentUrl":"https:\/\/secure.gravatar.com\/avatar\/576258617ef7194f718179e766d57bd4?s=96&d=mm&r=g","caption":"Adriana Costa"}}]}},"_links":{"self":[{"href":"https:\/\/www.manaus.am.gov.br\/semtepi\/wp-json\/wp\/v2\/posts\/2871"}],"collection":[{"href":"https:\/\/www.manaus.am.gov.br\/semtepi\/wp-json\/wp\/v2\/posts"}],"about":[{"href":"https:\/\/www.manaus.am.gov.br\/semtepi\/wp-json\/wp\/v2\/types\/post"}],"author":[{"embeddable":true,"href":"https:\/\/www.manaus.am.gov.br\/semtepi\/wp-json\/wp\/v2\/users\/23"}],"replies":[{"embeddable":true,"href":"https:\/\/www.manaus.am.gov.br\/semtepi\/wp-json\/wp\/v2\/comments?post=2871"}],"version-history":[{"count":7,"href":"https:\/\/www.manaus.am.gov.br\/semtepi\/wp-json\/wp\/v2\/posts\/2871\/revisions"}],"predecessor-version":[{"id":2882,"href":"https:\/\/www.manaus.am.gov.br\/semtepi\/wp-json\/wp\/v2\/posts\/2871\/revisions\/2882"}],"wp:featuredmedia":[{"embeddable":true,"href":"https:\/\/www.manaus.am.gov.br\/semtepi\/wp-json\/wp\/v2\/media\/2873"}],"wp:attachment":[{"href":"https:\/\/www.manaus.am.gov.br\/semtepi\/wp-json\/wp\/v2\/media?parent=2871"}],"wp:term":[{"taxonomy":"category","embeddable":true,"href":"https:\/\/www.manaus.am.gov.br\/semtepi\/wp-json\/wp\/v2\/categories?post=2871"},{"taxonomy":"post_tag","embeddable":true,"href":"https:\/\/www.manaus.am.gov.br\/semtepi\/wp-json\/wp\/v2\/tags?post=2871"}],"curies":[{"name":"wp","href":"https:\/\/api.w.org\/{rel}","templated":true}]}}