{"id":2857,"date":"2023-10-27T12:26:45","date_gmt":"2023-10-27T16:26:45","guid":{"rendered":"https:\/\/www.manaus.am.gov.br\/semtepi\/sem-categoria\/prefeitura-de-manaus-promove-sine-nos-bairros-em-comemoracao-aos-53-anos-do-bairro-coroado\/"},"modified":"2023-10-27T12:28:33","modified_gmt":"2023-10-27T16:28:33","slug":"prefeitura-de-manaus-promove-sine-nos-bairros-em-comemoracao-aos-53-anos-do-bairro-coroado","status":"publish","type":"post","link":"https:\/\/www.manaus.am.gov.br\/semtepi\/atendimento\/prefeitura-de-manaus-promove-sine-nos-bairros-em-comemoracao-aos-53-anos-do-bairro-coroado\/","title":{"rendered":"<strong>Prefeitura de Manaus promove \u2018Sine nos Bairros\u2019 em comemora\u00e7\u00e3o aos 53 anos do bairro Coroado<\/strong>"},"content":{"rendered":"\n<p>A Prefeitura de Manaus, por meio da Secretaria Municipal do Trabalho, Empreendedorismo e Inova\u00e7\u00e3o (Semtepi), promove, neste s\u00e1bado, 28\/10, das 8h30 \u00e0s 12h, a a\u00e7\u00e3o \u201cSine nos Bairros\u201d, na zona Leste da capital, em comemora\u00e7\u00e3o aos 53 anos do bairro Coroado.<\/p>\n\n\n\n<p>Com a proposta de beneficiar os cidad\u00e3os que residem em locais de dif\u00edcil acesso aos servi\u00e7os da prefeitura, a a\u00e7\u00e3o contar\u00e1 com a oferta de vagas de emprego, orienta\u00e7\u00f5es sobre a CTPS digital e seguro-desemprego e, desta vez, vai acontecer no Centro Municipal de Ensino Infantil Abelhinha (Cmei), localizado na rua Dom Bosco, n\u00ba 996, bairro Coroado 2, zona Leste.<\/p>\n\n\n\n<p>\u201cNossa miss\u00e3o de ir ao bairro Coroado \u00e9 celebrar a hist\u00f3ria, a cultura e a comunidade, oferecendo oportunidades para melhorar a qualidade de vida dos moradores. Al\u00e9m disso, \u00e9 uma maneira de fortalecer o relacionamento entre a popula\u00e7\u00e3o e a prefeitura para impulsionar o desenvolvimento econ\u00f4mico da regi\u00e3o\u201d, explicou o diretor do Sine Manaus, Pedro Lima.<\/p>\n\n\n\n<p>O \u201cSine nos Bairros\u201d \u00e9 uma das atividades itinerantes, inovadoras e estrat\u00e9gicas desenvolvidas durante a administra\u00e7\u00e3o do prefeito David Almeida, por meio da Semtepi.<\/p>\n\n\n\n<p>&#8212; &#8212; &#8212;<\/p>\n\n\n\n<p><strong>Texto \u2013&nbsp;<\/strong>Fabiane Monteiro\/Semtepi<\/p>\n\n\n\n<p><strong>Fotos \u2013&nbsp;<\/strong>Jo\u00e3o Viana\/Semcom<\/p>\n\n\n\n<p><strong>Dispon\u00edveis em \u2013&nbsp;<\/strong><a href=\"https:\/\/flic.kr\/s\/aHBqjAWp7F\" target=\"_blank\" rel=\"noreferrer noopener\">https:\/\/flic.kr\/s\/aHBqjAWp7F<\/a><\/p>\n\n\n\n<p><\/p>\n","protected":false},"excerpt":{"rendered":"","protected":false},"author":23,"featured_media":2858,"comment_status":"closed","ping_status":"closed","sticky":false,"template":"","format":"standard","meta":{"footnotes":""},"categories":[46],"tags":[695,8,9,417,386],"acf":[],"yoast_head":"<!-- This site is optimized with the Yoast SEO plugin v23.0 - https:\/\/yoast.com\/wordpress\/plugins\/seo\/ -->\n<title>Prefeitura de Manaus promove \u2018Sine nos Bairros\u2019 em comemora\u00e7\u00e3o aos 53 anos do bairro Coroado<\/title>\n<meta name=\"description\" content=\"A Prefeitura de Manaus, por meio da Secretaria Municipal do Trabalho, Empreendedorismo e Inova\u00e7\u00e3o (Semtepi), promove, neste s\u00e1bado, 28\/10, das 8h30 \u00e0s 12h, a a\u00e7\u00e3o \u201cSine nos Bairros\u201d, na zona Leste da capital, em comemora\u00e7\u00e3o aos 53 anos do bairro Coroado.\" \/>\n<meta name=\"robots\" content=\"noindex, follow\" \/>\n<meta property=\"og:locale\" content=\"pt_BR\" \/>\n<meta property=\"og:type\" content=\"article\" \/>\n<meta property=\"og:title\" content=\"Prefeitura de Manaus promove \u2018Sine nos Bairros\u2019 em comemora\u00e7\u00e3o aos 53 anos do bairro Coroado\" \/>\n<meta property=\"og:description\" content=\"A Prefeitura de Manaus, por meio da Secretaria Municipal do Trabalho, Empreendedorismo e Inova\u00e7\u00e3o (Semtepi), promove, neste s\u00e1bado, 28\/10, das 8h30 \u00e0s 12h, a a\u00e7\u00e3o \u201cSine nos Bairros\u201d, na zona Leste da capital, em comemora\u00e7\u00e3o aos 53 anos do bairro Coroado.\" \/>\n<meta property=\"og:url\" content=\"https:\/\/www.manaus.am.gov.br\/semtepi\/atendimento\/prefeitura-de-manaus-promove-sine-nos-bairros-em-comemoracao-aos-53-anos-do-bairro-coroado\/\" \/>\n<meta property=\"og:site_name\" content=\"SEMTEPI\" \/>\n<meta property=\"article:published_time\" content=\"2023-10-27T16:26:45+00:00\" \/>\n<meta property=\"article:modified_time\" content=\"2023-10-27T16:28:33+00:00\" \/>\n<meta property=\"og:image\" content=\"https:\/\/www.manaus.am.gov.br\/semtepi\/wp-content\/uploads\/sites\/20\/2023\/10\/53217753336_f8ea4671f3_c.jpg\" \/>\n\t<meta property=\"og:image:width\" content=\"799\" \/>\n\t<meta property=\"og:image:height\" content=\"533\" \/>\n\t<meta property=\"og:image:type\" content=\"image\/jpeg\" \/>\n<meta name=\"author\" content=\"Adriana Costa\" \/>\n<meta name=\"twitter:card\" content=\"summary_large_image\" \/>\n<meta name=\"twitter:label1\" content=\"Written by\" \/>\n\t<meta name=\"twitter:data1\" content=\"Adriana Costa\" \/>\n<script type=\"application\/ld+json\" class=\"yoast-schema-graph\">{\"@context\":\"https:\/\/schema.org\",\"@graph\":[{\"@type\":\"Article\",\"@id\":\"https:\/\/www.manaus.am.gov.br\/semtepi\/atendimento\/prefeitura-de-manaus-promove-sine-nos-bairros-em-comemoracao-aos-53-anos-do-bairro-coroado\/#article\",\"isPartOf\":{\"@id\":\"https:\/\/www.manaus.am.gov.br\/semtepi\/atendimento\/prefeitura-de-manaus-promove-sine-nos-bairros-em-comemoracao-aos-53-anos-do-bairro-coroado\/\"},\"author\":{\"name\":\"Adriana Costa\",\"@id\":\"https:\/\/www.manaus.am.gov.br\/semtepi\/#\/schema\/person\/4e49f4e267757a06ca072ec61b2b9968\"},\"headline\":\"Prefeitura de Manaus promove \u2018Sine nos Bairros\u2019 em comemora\u00e7\u00e3o aos 53 anos do bairro Coroado\",\"datePublished\":\"2023-10-27T16:26:45+00:00\",\"dateModified\":\"2023-10-27T16:28:33+00:00\",\"mainEntityOfPage\":{\"@id\":\"https:\/\/www.manaus.am.gov.br\/semtepi\/atendimento\/prefeitura-de-manaus-promove-sine-nos-bairros-em-comemoracao-aos-53-anos-do-bairro-coroado\/\"},\"wordCount\":230,\"publisher\":{\"@id\":\"https:\/\/www.manaus.am.gov.br\/semtepi\/#organization\"},\"image\":{\"@id\":\"https:\/\/www.manaus.am.gov.br\/semtepi\/atendimento\/prefeitura-de-manaus-promove-sine-nos-bairros-em-comemoracao-aos-53-anos-do-bairro-coroado\/#primaryimage\"},\"thumbnailUrl\":\"https:\/\/www.manaus.am.gov.br\/semtepi\/wp-content\/uploads\/sites\/20\/2023\/10\/53217753336_f8ea4671f3_c.jpg\",\"keywords\":[\"coroado\",\"prefeitura de manaus\",\"Semtepi\",\"Sine nos Bairros\",\"zona leste\"],\"articleSection\":[\"Atendimento\"],\"inLanguage\":\"pt-BR\"},{\"@type\":\"WebPage\",\"@id\":\"https:\/\/www.manaus.am.gov.br\/semtepi\/atendimento\/prefeitura-de-manaus-promove-sine-nos-bairros-em-comemoracao-aos-53-anos-do-bairro-coroado\/\",\"url\":\"https:\/\/www.manaus.am.gov.br\/semtepi\/atendimento\/prefeitura-de-manaus-promove-sine-nos-bairros-em-comemoracao-aos-53-anos-do-bairro-coroado\/\",\"name\":\"Prefeitura de Manaus promove \u2018Sine nos Bairros\u2019 em comemora\u00e7\u00e3o aos 53 anos do bairro Coroado\",\"isPartOf\":{\"@id\":\"https:\/\/www.manaus.am.gov.br\/semtepi\/#website\"},\"primaryImageOfPage\":{\"@id\":\"https:\/\/www.manaus.am.gov.br\/semtepi\/atendimento\/prefeitura-de-manaus-promove-sine-nos-bairros-em-comemoracao-aos-53-anos-do-bairro-coroado\/#primaryimage\"},\"image\":{\"@id\":\"https:\/\/www.manaus.am.gov.br\/semtepi\/atendimento\/prefeitura-de-manaus-promove-sine-nos-bairros-em-comemoracao-aos-53-anos-do-bairro-coroado\/#primaryimage\"},\"thumbnailUrl\":\"https:\/\/www.manaus.am.gov.br\/semtepi\/wp-content\/uploads\/sites\/20\/2023\/10\/53217753336_f8ea4671f3_c.jpg\",\"datePublished\":\"2023-10-27T16:26:45+00:00\",\"dateModified\":\"2023-10-27T16:28:33+00:00\",\"description\":\"A Prefeitura de Manaus, por meio da Secretaria Municipal do Trabalho, Empreendedorismo e Inova\u00e7\u00e3o (Semtepi), promove, neste s\u00e1bado, 28\/10, das 8h30 \u00e0s 12h, a a\u00e7\u00e3o \u201cSine nos Bairros\u201d, na zona Leste da capital, em comemora\u00e7\u00e3o aos 53 anos do bairro Coroado.\",\"breadcrumb\":{\"@id\":\"https:\/\/www.manaus.am.gov.br\/semtepi\/atendimento\/prefeitura-de-manaus-promove-sine-nos-bairros-em-comemoracao-aos-53-anos-do-bairro-coroado\/#breadcrumb\"},\"inLanguage\":\"pt-BR\",\"potentialAction\":[{\"@type\":\"ReadAction\",\"target\":[\"https:\/\/www.manaus.am.gov.br\/semtepi\/atendimento\/prefeitura-de-manaus-promove-sine-nos-bairros-em-comemoracao-aos-53-anos-do-bairro-coroado\/\"]}]},{\"@type\":\"ImageObject\",\"inLanguage\":\"pt-BR\",\"@id\":\"https:\/\/www.manaus.am.gov.br\/semtepi\/atendimento\/prefeitura-de-manaus-promove-sine-nos-bairros-em-comemoracao-aos-53-anos-do-bairro-coroado\/#primaryimage\",\"url\":\"https:\/\/www.manaus.am.gov.br\/semtepi\/wp-content\/uploads\/sites\/20\/2023\/10\/53217753336_f8ea4671f3_c.jpg\",\"contentUrl\":\"https:\/\/www.manaus.am.gov.br\/semtepi\/wp-content\/uploads\/sites\/20\/2023\/10\/53217753336_f8ea4671f3_c.jpg\",\"width\":799,\"height\":533},{\"@type\":\"BreadcrumbList\",\"@id\":\"https:\/\/www.manaus.am.gov.br\/semtepi\/atendimento\/prefeitura-de-manaus-promove-sine-nos-bairros-em-comemoracao-aos-53-anos-do-bairro-coroado\/#breadcrumb\",\"itemListElement\":[{\"@type\":\"ListItem\",\"position\":1,\"name\":\"Home\",\"item\":\"https:\/\/www.manaus.am.gov.br\/semtepi\/\"},{\"@type\":\"ListItem\",\"position\":2,\"name\":\"Prefeitura de Manaus promove \u2018Sine nos Bairros\u2019 em comemora\u00e7\u00e3o aos 53 anos do bairro Coroado\"}]},{\"@type\":\"WebSite\",\"@id\":\"https:\/\/www.manaus.am.gov.br\/semtepi\/#website\",\"url\":\"https:\/\/www.manaus.am.gov.br\/semtepi\/\",\"name\":\"SEMTEPI\",\"description\":\"Prefeitura de Manaus\",\"publisher\":{\"@id\":\"https:\/\/www.manaus.am.gov.br\/semtepi\/#organization\"},\"alternateName\":\"Secretaria Municipal do Trabalho, Empreendedorismo e Inova\u00e7\u00e3o\",\"potentialAction\":[{\"@type\":\"SearchAction\",\"target\":{\"@type\":\"EntryPoint\",\"urlTemplate\":\"https:\/\/www.manaus.am.gov.br\/semtepi\/?s={search_term_string}\"},\"query-input\":\"required name=search_term_string\"}],\"inLanguage\":\"pt-BR\"},{\"@type\":\"Organization\",\"@id\":\"https:\/\/www.manaus.am.gov.br\/semtepi\/#organization\",\"name\":\"Prefeitura Municipal de Manaus\",\"alternateName\":\"Prefeitura de Manaus\",\"url\":\"https:\/\/www.manaus.am.gov.br\/semtepi\/\",\"logo\":{\"@type\":\"ImageObject\",\"inLanguage\":\"pt-BR\",\"@id\":\"https:\/\/www.manaus.am.gov.br\/semtepi\/#\/schema\/logo\/image\/\",\"url\":\"https:\/\/www.manaus.am.gov.br\/semtepi\/wp-content\/uploads\/sites\/20\/2024\/07\/favicon.png\",\"contentUrl\":\"https:\/\/www.manaus.am.gov.br\/semtepi\/wp-content\/uploads\/sites\/20\/2024\/07\/favicon.png\",\"width\":300,\"height\":300,\"caption\":\"Prefeitura Municipal de Manaus\"},\"image\":{\"@id\":\"https:\/\/www.manaus.am.gov.br\/semtepi\/#\/schema\/logo\/image\/\"}},{\"@type\":\"Person\",\"@id\":\"https:\/\/www.manaus.am.gov.br\/semtepi\/#\/schema\/person\/4e49f4e267757a06ca072ec61b2b9968\",\"name\":\"Adriana Costa\",\"image\":{\"@type\":\"ImageObject\",\"inLanguage\":\"pt-BR\",\"@id\":\"https:\/\/www.manaus.am.gov.br\/semtepi\/#\/schema\/person\/image\/\",\"url\":\"https:\/\/secure.gravatar.com\/avatar\/576258617ef7194f718179e766d57bd4?s=96&d=mm&r=g\",\"contentUrl\":\"https:\/\/secure.gravatar.com\/avatar\/576258617ef7194f718179e766d57bd4?s=96&d=mm&r=g\",\"caption\":\"Adriana Costa\"}}]}<\/script>\n<!-- \/ Yoast SEO plugin. -->","yoast_head_json":{"title":"Prefeitura de Manaus promove \u2018Sine nos Bairros\u2019 em comemora\u00e7\u00e3o aos 53 anos do bairro Coroado","description":"A Prefeitura de Manaus, por meio da Secretaria Municipal do Trabalho, Empreendedorismo e Inova\u00e7\u00e3o (Semtepi), promove, neste s\u00e1bado, 28\/10, das 8h30 \u00e0s 12h, a a\u00e7\u00e3o \u201cSine nos Bairros\u201d, na zona Leste da capital, em comemora\u00e7\u00e3o aos 53 anos do bairro Coroado.","robots":{"index":"noindex","follow":"follow"},"og_locale":"pt_BR","og_type":"article","og_title":"Prefeitura de Manaus promove \u2018Sine nos Bairros\u2019 em comemora\u00e7\u00e3o aos 53 anos do bairro Coroado","og_description":"A Prefeitura de Manaus, por meio da Secretaria Municipal do Trabalho, Empreendedorismo e Inova\u00e7\u00e3o (Semtepi), promove, neste s\u00e1bado, 28\/10, das 8h30 \u00e0s 12h, a a\u00e7\u00e3o \u201cSine nos Bairros\u201d, na zona Leste da capital, em comemora\u00e7\u00e3o aos 53 anos do bairro Coroado.","og_url":"https:\/\/www.manaus.am.gov.br\/semtepi\/atendimento\/prefeitura-de-manaus-promove-sine-nos-bairros-em-comemoracao-aos-53-anos-do-bairro-coroado\/","og_site_name":"SEMTEPI","article_published_time":"2023-10-27T16:26:45+00:00","article_modified_time":"2023-10-27T16:28:33+00:00","og_image":[{"width":799,"height":533,"url":"https:\/\/www.manaus.am.gov.br\/semtepi\/wp-content\/uploads\/sites\/20\/2023\/10\/53217753336_f8ea4671f3_c.jpg","type":"image\/jpeg"}],"author":"Adriana Costa","twitter_card":"summary_large_image","twitter_misc":{"Written by":"Adriana Costa"},"schema":{"@context":"https:\/\/schema.org","@graph":[{"@type":"Article","@id":"https:\/\/www.manaus.am.gov.br\/semtepi\/atendimento\/prefeitura-de-manaus-promove-sine-nos-bairros-em-comemoracao-aos-53-anos-do-bairro-coroado\/#article","isPartOf":{"@id":"https:\/\/www.manaus.am.gov.br\/semtepi\/atendimento\/prefeitura-de-manaus-promove-sine-nos-bairros-em-comemoracao-aos-53-anos-do-bairro-coroado\/"},"author":{"name":"Adriana Costa","@id":"https:\/\/www.manaus.am.gov.br\/semtepi\/#\/schema\/person\/4e49f4e267757a06ca072ec61b2b9968"},"headline":"Prefeitura de Manaus promove \u2018Sine nos Bairros\u2019 em comemora\u00e7\u00e3o aos 53 anos do bairro Coroado","datePublished":"2023-10-27T16:26:45+00:00","dateModified":"2023-10-27T16:28:33+00:00","mainEntityOfPage":{"@id":"https:\/\/www.manaus.am.gov.br\/semtepi\/atendimento\/prefeitura-de-manaus-promove-sine-nos-bairros-em-comemoracao-aos-53-anos-do-bairro-coroado\/"},"wordCount":230,"publisher":{"@id":"https:\/\/www.manaus.am.gov.br\/semtepi\/#organization"},"image":{"@id":"https:\/\/www.manaus.am.gov.br\/semtepi\/atendimento\/prefeitura-de-manaus-promove-sine-nos-bairros-em-comemoracao-aos-53-anos-do-bairro-coroado\/#primaryimage"},"thumbnailUrl":"https:\/\/www.manaus.am.gov.br\/semtepi\/wp-content\/uploads\/sites\/20\/2023\/10\/53217753336_f8ea4671f3_c.jpg","keywords":["coroado","prefeitura de manaus","Semtepi","Sine nos Bairros","zona leste"],"articleSection":["Atendimento"],"inLanguage":"pt-BR"},{"@type":"WebPage","@id":"https:\/\/www.manaus.am.gov.br\/semtepi\/atendimento\/prefeitura-de-manaus-promove-sine-nos-bairros-em-comemoracao-aos-53-anos-do-bairro-coroado\/","url":"https:\/\/www.manaus.am.gov.br\/semtepi\/atendimento\/prefeitura-de-manaus-promove-sine-nos-bairros-em-comemoracao-aos-53-anos-do-bairro-coroado\/","name":"Prefeitura de Manaus promove \u2018Sine nos Bairros\u2019 em comemora\u00e7\u00e3o aos 53 anos do bairro Coroado","isPartOf":{"@id":"https:\/\/www.manaus.am.gov.br\/semtepi\/#website"},"primaryImageOfPage":{"@id":"https:\/\/www.manaus.am.gov.br\/semtepi\/atendimento\/prefeitura-de-manaus-promove-sine-nos-bairros-em-comemoracao-aos-53-anos-do-bairro-coroado\/#primaryimage"},"image":{"@id":"https:\/\/www.manaus.am.gov.br\/semtepi\/atendimento\/prefeitura-de-manaus-promove-sine-nos-bairros-em-comemoracao-aos-53-anos-do-bairro-coroado\/#primaryimage"},"thumbnailUrl":"https:\/\/www.manaus.am.gov.br\/semtepi\/wp-content\/uploads\/sites\/20\/2023\/10\/53217753336_f8ea4671f3_c.jpg","datePublished":"2023-10-27T16:26:45+00:00","dateModified":"2023-10-27T16:28:33+00:00","description":"A Prefeitura de Manaus, por meio da Secretaria Municipal do Trabalho, Empreendedorismo e Inova\u00e7\u00e3o (Semtepi), promove, neste s\u00e1bado, 28\/10, das 8h30 \u00e0s 12h, a a\u00e7\u00e3o \u201cSine nos Bairros\u201d, na zona Leste da capital, em comemora\u00e7\u00e3o aos 53 anos do bairro Coroado.","breadcrumb":{"@id":"https:\/\/www.manaus.am.gov.br\/semtepi\/atendimento\/prefeitura-de-manaus-promove-sine-nos-bairros-em-comemoracao-aos-53-anos-do-bairro-coroado\/#breadcrumb"},"inLanguage":"pt-BR","potentialAction":[{"@type":"ReadAction","target":["https:\/\/www.manaus.am.gov.br\/semtepi\/atendimento\/prefeitura-de-manaus-promove-sine-nos-bairros-em-comemoracao-aos-53-anos-do-bairro-coroado\/"]}]},{"@type":"ImageObject","inLanguage":"pt-BR","@id":"https:\/\/www.manaus.am.gov.br\/semtepi\/atendimento\/prefeitura-de-manaus-promove-sine-nos-bairros-em-comemoracao-aos-53-anos-do-bairro-coroado\/#primaryimage","url":"https:\/\/www.manaus.am.gov.br\/semtepi\/wp-content\/uploads\/sites\/20\/2023\/10\/53217753336_f8ea4671f3_c.jpg","contentUrl":"https:\/\/www.manaus.am.gov.br\/semtepi\/wp-content\/uploads\/sites\/20\/2023\/10\/53217753336_f8ea4671f3_c.jpg","width":799,"height":533},{"@type":"BreadcrumbList","@id":"https:\/\/www.manaus.am.gov.br\/semtepi\/atendimento\/prefeitura-de-manaus-promove-sine-nos-bairros-em-comemoracao-aos-53-anos-do-bairro-coroado\/#breadcrumb","itemListElement":[{"@type":"ListItem","position":1,"name":"Home","item":"https:\/\/www.manaus.am.gov.br\/semtepi\/"},{"@type":"ListItem","position":2,"name":"Prefeitura de Manaus promove \u2018Sine nos Bairros\u2019 em comemora\u00e7\u00e3o aos 53 anos do bairro Coroado"}]},{"@type":"WebSite","@id":"https:\/\/www.manaus.am.gov.br\/semtepi\/#website","url":"https:\/\/www.manaus.am.gov.br\/semtepi\/","name":"SEMTEPI","description":"Prefeitura de Manaus","publisher":{"@id":"https:\/\/www.manaus.am.gov.br\/semtepi\/#organization"},"alternateName":"Secretaria Municipal do Trabalho, Empreendedorismo e Inova\u00e7\u00e3o","potentialAction":[{"@type":"SearchAction","target":{"@type":"EntryPoint","urlTemplate":"https:\/\/www.manaus.am.gov.br\/semtepi\/?s={search_term_string}"},"query-input":"required name=search_term_string"}],"inLanguage":"pt-BR"},{"@type":"Organization","@id":"https:\/\/www.manaus.am.gov.br\/semtepi\/#organization","name":"Prefeitura Municipal de Manaus","alternateName":"Prefeitura de Manaus","url":"https:\/\/www.manaus.am.gov.br\/semtepi\/","logo":{"@type":"ImageObject","inLanguage":"pt-BR","@id":"https:\/\/www.manaus.am.gov.br\/semtepi\/#\/schema\/logo\/image\/","url":"https:\/\/www.manaus.am.gov.br\/semtepi\/wp-content\/uploads\/sites\/20\/2024\/07\/favicon.png","contentUrl":"https:\/\/www.manaus.am.gov.br\/semtepi\/wp-content\/uploads\/sites\/20\/2024\/07\/favicon.png","width":300,"height":300,"caption":"Prefeitura Municipal de Manaus"},"image":{"@id":"https:\/\/www.manaus.am.gov.br\/semtepi\/#\/schema\/logo\/image\/"}},{"@type":"Person","@id":"https:\/\/www.manaus.am.gov.br\/semtepi\/#\/schema\/person\/4e49f4e267757a06ca072ec61b2b9968","name":"Adriana Costa","image":{"@type":"ImageObject","inLanguage":"pt-BR","@id":"https:\/\/www.manaus.am.gov.br\/semtepi\/#\/schema\/person\/image\/","url":"https:\/\/secure.gravatar.com\/avatar\/576258617ef7194f718179e766d57bd4?s=96&d=mm&r=g","contentUrl":"https:\/\/secure.gravatar.com\/avatar\/576258617ef7194f718179e766d57bd4?s=96&d=mm&r=g","caption":"Adriana Costa"}}]}},"_links":{"self":[{"href":"https:\/\/www.manaus.am.gov.br\/semtepi\/wp-json\/wp\/v2\/posts\/2857"}],"collection":[{"href":"https:\/\/www.manaus.am.gov.br\/semtepi\/wp-json\/wp\/v2\/posts"}],"about":[{"href":"https:\/\/www.manaus.am.gov.br\/semtepi\/wp-json\/wp\/v2\/types\/post"}],"author":[{"embeddable":true,"href":"https:\/\/www.manaus.am.gov.br\/semtepi\/wp-json\/wp\/v2\/users\/23"}],"replies":[{"embeddable":true,"href":"https:\/\/www.manaus.am.gov.br\/semtepi\/wp-json\/wp\/v2\/comments?post=2857"}],"version-history":[{"count":1,"href":"https:\/\/www.manaus.am.gov.br\/semtepi\/wp-json\/wp\/v2\/posts\/2857\/revisions"}],"predecessor-version":[{"id":2859,"href":"https:\/\/www.manaus.am.gov.br\/semtepi\/wp-json\/wp\/v2\/posts\/2857\/revisions\/2859"}],"wp:featuredmedia":[{"embeddable":true,"href":"https:\/\/www.manaus.am.gov.br\/semtepi\/wp-json\/wp\/v2\/media\/2858"}],"wp:attachment":[{"href":"https:\/\/www.manaus.am.gov.br\/semtepi\/wp-json\/wp\/v2\/media?parent=2857"}],"wp:term":[{"taxonomy":"category","embeddable":true,"href":"https:\/\/www.manaus.am.gov.br\/semtepi\/wp-json\/wp\/v2\/categories?post=2857"},{"taxonomy":"post_tag","embeddable":true,"href":"https:\/\/www.manaus.am.gov.br\/semtepi\/wp-json\/wp\/v2\/tags?post=2857"}],"curies":[{"name":"wp","href":"https:\/\/api.w.org\/{rel}","templated":true}]}}