{"id":2845,"date":"2023-10-26T16:20:48","date_gmt":"2023-10-26T20:20:48","guid":{"rendered":"https:\/\/www.manaus.am.gov.br\/semtepi\/sem-categoria\/prefeitura-de-manaus-abre-inscricoes-para-a-2a-edicao-da-competicao-de-ideias-inovathon-2\/"},"modified":"2023-10-26T16:43:22","modified_gmt":"2023-10-26T20:43:22","slug":"prefeitura-de-manaus-abre-inscricoes-para-a-2a-edicao-da-competicao-de-ideias-inovathon-2","status":"publish","type":"post","link":"https:\/\/www.manaus.am.gov.br\/semtepi\/inscricoes\/prefeitura-de-manaus-abre-inscricoes-para-a-2a-edicao-da-competicao-de-ideias-inovathon-2\/","title":{"rendered":"<strong>Prefeitura de Manaus abre inscri\u00e7\u00f5es para a 2\u00aa edi\u00e7\u00e3o da competi\u00e7\u00e3o de ideias Inovathon<\/strong>"},"content":{"rendered":"\n<p>A Prefeitura de Manaus, por meio da Secretaria Municipal do Trabalho, Empreendedorismo e Inova\u00e7\u00e3o (Semtepi) e do Fundo Municipal de Empreendedorismo e Inova\u00e7\u00e3o (Fumipeq), abre, nesta quinta-feira, 26\/10, as inscri\u00e7\u00f5es para a 2\u00aa edi\u00e7\u00e3o da competi\u00e7\u00e3o de ideias \u201cInovathon Manaus 2023 \u2013 Inove, desafie-se e deixe sua marca no futuro\u201d, que acontecer\u00e1 nos dias 17, 18 e 19\/11 no Casar\u00e3o da Inova\u00e7\u00e3o Cassina, localizado no centro hist\u00f3rico.<\/p>\n\n\n\n<p>Com a oferta de 40 vagas, o hackathon ser\u00e1 executado pelo Servi\u00e7o Brasileiro de Apoio \u00e0s Micro e Pequenas Empresas (Sebrae), por meio do Edital Mais Inova\u00e7\u00e3o, com a finalidade de estabelecer um cen\u00e1rio favor\u00e1vel para a cria\u00e7\u00e3o de propostas criativas. Durante tr\u00eas dias, os participantes v\u00e3o participar de mentorias imersivas, afim de apresentar neg\u00f3cios de impacto para o ecossistema de inova\u00e7\u00e3o em Manaus.<\/p>\n\n\n\n<p>\u201cEsse \u00e9 mais um projeto que faz parte do edital Mais Inova\u00e7\u00e3o, que tanto contribui para a gera\u00e7\u00e3o de oportunidades e a cria\u00e7\u00e3o de novos neg\u00f3cios na nossa cidade. O Inovathon vai ajud\u00e1-los a criar um ambiente prop\u00edcio para o crescimento, o empreendedorismo e a melhoria da qualidade de vida em Manaus\u201d, afirmou o titular da Semtepi, Radyr J\u00fanior.<\/p>\n\n\n\n<p>Os interessados em participar devem se inscrever atrav\u00e9s do link:\u00a0<a href=\"https:\/\/bitly.ws\/YCBk\" target=\"_blank\" rel=\"noreferrer noopener\">https:\/\/bitly.ws\/YCBk<\/a>. O encerramento das inscri\u00e7\u00f5es e a previs\u00e3o para sair a lista de selecionados est\u00e3o previstos, respectivamente, para os dias 6 e 13\/11.<\/p>\n\n\n\n<p>A competi\u00e7\u00e3o \u00e9 destinada aos empreendedores, programadores, designers, especialistas em experi\u00eancia do usu\u00e1rio (UX\/UI), estudantes e pesquisadores que tenham concep\u00e7\u00f5es originais voltadas para o lan\u00e7amento de novas empresas ou tecnologias capazes de contribuir de maneira positiva para a economia e a sociedade.<\/p>\n\n\n\n<p>&#8212; &#8212; &#8212;<\/p>\n\n\n\n<p><strong>Texto \u2013 <\/strong>Fabiane Monteiro \/ Semtepi<\/p>\n\n\n\n<p><strong>Fotos \u2013 <\/strong>Phil Limma \/ Semcom<\/p>\n\n\n\n<p><strong>Dispon\u00edveis em &#8211; <\/strong><a href=\"https:\/\/flic.kr\/s\/aHBqjANfn9\" target=\"_blank\" rel=\"noreferrer noopener\">https:\/\/flic.kr\/s\/aHBqjANfn9<\/a><strong><\/strong><\/p>\n","protected":false},"excerpt":{"rendered":"","protected":false},"author":39,"featured_media":2846,"comment_status":"closed","ping_status":"closed","sticky":false,"template":"","format":"standard","meta":{"footnotes":""},"categories":[97],"tags":[689,655,690,253,691,8,9,692],"acf":[],"yoast_head":"<!-- This site is optimized with the Yoast SEO plugin v23.0 - https:\/\/yoast.com\/wordpress\/plugins\/seo\/ -->\n<title>Prefeitura de Manaus abre inscri\u00e7\u00f5es para a 2\u00aa edi\u00e7\u00e3o da competi\u00e7\u00e3o de ideias Inovathon<\/title>\n<meta name=\"description\" content=\"A Prefeitura de Manaus, por meio da Secretaria Municipal do Trabalho, Empreendedorismo e Inova\u00e7\u00e3o (Semtepi) e do Fundo Municipal de Empreendedorismo e Inova\u00e7\u00e3o (Fumipeq), abre, nesta quinta-feira, 26\/10, as inscri\u00e7\u00f5es para a 2\u00aa edi\u00e7\u00e3o da competi\u00e7\u00e3o de ideias \u201cInovathon Manaus 2023 \u2013 Inove, desafie-se e deixe sua marca no futuro\u201d, que acontecer\u00e1 nos dias 17, 18 e 19\/11 no Casar\u00e3o da Inova\u00e7\u00e3o Cassina, localizado no centro hist\u00f3rico.\" \/>\n<meta name=\"robots\" content=\"noindex, follow\" \/>\n<meta property=\"og:locale\" content=\"pt_BR\" \/>\n<meta property=\"og:type\" content=\"article\" \/>\n<meta property=\"og:title\" content=\"Prefeitura de Manaus abre inscri\u00e7\u00f5es para a 2\u00aa edi\u00e7\u00e3o da competi\u00e7\u00e3o de ideias Inovathon\" \/>\n<meta property=\"og:description\" content=\"A Prefeitura de Manaus, por meio da Secretaria Municipal do Trabalho, Empreendedorismo e Inova\u00e7\u00e3o (Semtepi) e do Fundo Municipal de Empreendedorismo e Inova\u00e7\u00e3o (Fumipeq), abre, nesta quinta-feira, 26\/10, as inscri\u00e7\u00f5es para a 2\u00aa edi\u00e7\u00e3o da competi\u00e7\u00e3o de ideias \u201cInovathon Manaus 2023 \u2013 Inove, desafie-se e deixe sua marca no futuro\u201d, que acontecer\u00e1 nos dias 17, 18 e 19\/11 no Casar\u00e3o da Inova\u00e7\u00e3o Cassina, localizado no centro hist\u00f3rico.\" \/>\n<meta property=\"og:url\" content=\"https:\/\/www.manaus.am.gov.br\/semtepi\/inscricoes\/prefeitura-de-manaus-abre-inscricoes-para-a-2a-edicao-da-competicao-de-ideias-inovathon-2\/\" \/>\n<meta property=\"og:site_name\" content=\"SEMTEPI\" \/>\n<meta property=\"article:published_time\" content=\"2023-10-26T20:20:48+00:00\" \/>\n<meta property=\"article:modified_time\" content=\"2023-10-26T20:43:22+00:00\" \/>\n<meta property=\"og:image\" content=\"https:\/\/www.manaus.am.gov.br\/semtepi\/wp-content\/uploads\/sites\/20\/2023\/10\/53062731155_43210d8a81_k.jpg\" \/>\n\t<meta property=\"og:image:width\" content=\"2047\" \/>\n\t<meta property=\"og:image:height\" content=\"1365\" \/>\n\t<meta property=\"og:image:type\" content=\"image\/jpeg\" \/>\n<meta name=\"author\" content=\"Bruna Greco\" \/>\n<meta name=\"twitter:card\" content=\"summary_large_image\" \/>\n<meta name=\"twitter:label1\" content=\"Written by\" \/>\n\t<meta name=\"twitter:data1\" content=\"Bruna Greco\" \/>\n\t<meta name=\"twitter:label2\" content=\"Est. reading time\" \/>\n\t<meta name=\"twitter:data2\" content=\"2 minutos\" \/>\n<script type=\"application\/ld+json\" class=\"yoast-schema-graph\">{\"@context\":\"https:\/\/schema.org\",\"@graph\":[{\"@type\":\"Article\",\"@id\":\"https:\/\/www.manaus.am.gov.br\/semtepi\/inscricoes\/prefeitura-de-manaus-abre-inscricoes-para-a-2a-edicao-da-competicao-de-ideias-inovathon-2\/#article\",\"isPartOf\":{\"@id\":\"https:\/\/www.manaus.am.gov.br\/semtepi\/inscricoes\/prefeitura-de-manaus-abre-inscricoes-para-a-2a-edicao-da-competicao-de-ideias-inovathon-2\/\"},\"author\":{\"name\":\"Bruna Greco\",\"@id\":\"https:\/\/www.manaus.am.gov.br\/semtepi\/#\/schema\/person\/05d223aea2bf115f9883a6ff3683d81b\"},\"headline\":\"Prefeitura de Manaus abre inscri\u00e7\u00f5es para a 2\u00aa edi\u00e7\u00e3o da competi\u00e7\u00e3o de ideias Inovathon\",\"datePublished\":\"2023-10-26T20:20:48+00:00\",\"dateModified\":\"2023-10-26T20:43:22+00:00\",\"mainEntityOfPage\":{\"@id\":\"https:\/\/www.manaus.am.gov.br\/semtepi\/inscricoes\/prefeitura-de-manaus-abre-inscricoes-para-a-2a-edicao-da-competicao-de-ideias-inovathon-2\/\"},\"wordCount\":326,\"publisher\":{\"@id\":\"https:\/\/www.manaus.am.gov.br\/semtepi\/#organization\"},\"image\":{\"@id\":\"https:\/\/www.manaus.am.gov.br\/semtepi\/inscricoes\/prefeitura-de-manaus-abre-inscricoes-para-a-2a-edicao-da-competicao-de-ideias-inovathon-2\/#primaryimage\"},\"thumbnailUrl\":\"https:\/\/www.manaus.am.gov.br\/semtepi\/wp-content\/uploads\/sites\/20\/2023\/10\/53062731155_43210d8a81_k.jpg\",\"keywords\":[\"2\u00aa edi\u00e7\u00e3o da competi\u00e7\u00e3o de ideias \u201cInovathon Manaus 2023 \u2013 Inove\",\"40 vagas\",\"desafie-se e deixe sua marca no futuro\u201d\",\"edital Mais Inova\u00e7\u00e3o\",\"Hackathon\",\"prefeitura de manaus\",\"Semtepi\",\"Servi\u00e7o Brasileiro de Apoio \u00e0s Micro e Pequenas Empresas (Sebrae)\"],\"articleSection\":[\"Inscri\u00e7\u00f5es\"],\"inLanguage\":\"pt-BR\"},{\"@type\":\"WebPage\",\"@id\":\"https:\/\/www.manaus.am.gov.br\/semtepi\/inscricoes\/prefeitura-de-manaus-abre-inscricoes-para-a-2a-edicao-da-competicao-de-ideias-inovathon-2\/\",\"url\":\"https:\/\/www.manaus.am.gov.br\/semtepi\/inscricoes\/prefeitura-de-manaus-abre-inscricoes-para-a-2a-edicao-da-competicao-de-ideias-inovathon-2\/\",\"name\":\"Prefeitura de Manaus abre inscri\u00e7\u00f5es para a 2\u00aa edi\u00e7\u00e3o da competi\u00e7\u00e3o de ideias Inovathon\",\"isPartOf\":{\"@id\":\"https:\/\/www.manaus.am.gov.br\/semtepi\/#website\"},\"primaryImageOfPage\":{\"@id\":\"https:\/\/www.manaus.am.gov.br\/semtepi\/inscricoes\/prefeitura-de-manaus-abre-inscricoes-para-a-2a-edicao-da-competicao-de-ideias-inovathon-2\/#primaryimage\"},\"image\":{\"@id\":\"https:\/\/www.manaus.am.gov.br\/semtepi\/inscricoes\/prefeitura-de-manaus-abre-inscricoes-para-a-2a-edicao-da-competicao-de-ideias-inovathon-2\/#primaryimage\"},\"thumbnailUrl\":\"https:\/\/www.manaus.am.gov.br\/semtepi\/wp-content\/uploads\/sites\/20\/2023\/10\/53062731155_43210d8a81_k.jpg\",\"datePublished\":\"2023-10-26T20:20:48+00:00\",\"dateModified\":\"2023-10-26T20:43:22+00:00\",\"description\":\"A Prefeitura de Manaus, por meio da Secretaria Municipal do Trabalho, Empreendedorismo e Inova\u00e7\u00e3o (Semtepi) e do Fundo Municipal de Empreendedorismo e Inova\u00e7\u00e3o (Fumipeq), abre, nesta quinta-feira, 26\/10, as inscri\u00e7\u00f5es para a 2\u00aa edi\u00e7\u00e3o da competi\u00e7\u00e3o de ideias \u201cInovathon Manaus 2023 \u2013 Inove, desafie-se e deixe sua marca no futuro\u201d, que acontecer\u00e1 nos dias 17, 18 e 19\/11 no Casar\u00e3o da Inova\u00e7\u00e3o Cassina, localizado no centro hist\u00f3rico.\",\"breadcrumb\":{\"@id\":\"https:\/\/www.manaus.am.gov.br\/semtepi\/inscricoes\/prefeitura-de-manaus-abre-inscricoes-para-a-2a-edicao-da-competicao-de-ideias-inovathon-2\/#breadcrumb\"},\"inLanguage\":\"pt-BR\",\"potentialAction\":[{\"@type\":\"ReadAction\",\"target\":[\"https:\/\/www.manaus.am.gov.br\/semtepi\/inscricoes\/prefeitura-de-manaus-abre-inscricoes-para-a-2a-edicao-da-competicao-de-ideias-inovathon-2\/\"]}]},{\"@type\":\"ImageObject\",\"inLanguage\":\"pt-BR\",\"@id\":\"https:\/\/www.manaus.am.gov.br\/semtepi\/inscricoes\/prefeitura-de-manaus-abre-inscricoes-para-a-2a-edicao-da-competicao-de-ideias-inovathon-2\/#primaryimage\",\"url\":\"https:\/\/www.manaus.am.gov.br\/semtepi\/wp-content\/uploads\/sites\/20\/2023\/10\/53062731155_43210d8a81_k.jpg\",\"contentUrl\":\"https:\/\/www.manaus.am.gov.br\/semtepi\/wp-content\/uploads\/sites\/20\/2023\/10\/53062731155_43210d8a81_k.jpg\",\"width\":2047,\"height\":1365},{\"@type\":\"BreadcrumbList\",\"@id\":\"https:\/\/www.manaus.am.gov.br\/semtepi\/inscricoes\/prefeitura-de-manaus-abre-inscricoes-para-a-2a-edicao-da-competicao-de-ideias-inovathon-2\/#breadcrumb\",\"itemListElement\":[{\"@type\":\"ListItem\",\"position\":1,\"name\":\"Home\",\"item\":\"https:\/\/www.manaus.am.gov.br\/semtepi\/\"},{\"@type\":\"ListItem\",\"position\":2,\"name\":\"Prefeitura de Manaus abre inscri\u00e7\u00f5es para a 2\u00aa edi\u00e7\u00e3o da competi\u00e7\u00e3o de ideias Inovathon\"}]},{\"@type\":\"WebSite\",\"@id\":\"https:\/\/www.manaus.am.gov.br\/semtepi\/#website\",\"url\":\"https:\/\/www.manaus.am.gov.br\/semtepi\/\",\"name\":\"SEMTEPI\",\"description\":\"Prefeitura de Manaus\",\"publisher\":{\"@id\":\"https:\/\/www.manaus.am.gov.br\/semtepi\/#organization\"},\"alternateName\":\"Secretaria Municipal do Trabalho, Empreendedorismo e Inova\u00e7\u00e3o\",\"potentialAction\":[{\"@type\":\"SearchAction\",\"target\":{\"@type\":\"EntryPoint\",\"urlTemplate\":\"https:\/\/www.manaus.am.gov.br\/semtepi\/?s={search_term_string}\"},\"query-input\":\"required name=search_term_string\"}],\"inLanguage\":\"pt-BR\"},{\"@type\":\"Organization\",\"@id\":\"https:\/\/www.manaus.am.gov.br\/semtepi\/#organization\",\"name\":\"Prefeitura Municipal de Manaus\",\"alternateName\":\"Prefeitura de Manaus\",\"url\":\"https:\/\/www.manaus.am.gov.br\/semtepi\/\",\"logo\":{\"@type\":\"ImageObject\",\"inLanguage\":\"pt-BR\",\"@id\":\"https:\/\/www.manaus.am.gov.br\/semtepi\/#\/schema\/logo\/image\/\",\"url\":\"https:\/\/www.manaus.am.gov.br\/semtepi\/wp-content\/uploads\/sites\/20\/2024\/07\/favicon.png\",\"contentUrl\":\"https:\/\/www.manaus.am.gov.br\/semtepi\/wp-content\/uploads\/sites\/20\/2024\/07\/favicon.png\",\"width\":300,\"height\":300,\"caption\":\"Prefeitura Municipal de Manaus\"},\"image\":{\"@id\":\"https:\/\/www.manaus.am.gov.br\/semtepi\/#\/schema\/logo\/image\/\"}},{\"@type\":\"Person\",\"@id\":\"https:\/\/www.manaus.am.gov.br\/semtepi\/#\/schema\/person\/05d223aea2bf115f9883a6ff3683d81b\",\"name\":\"Bruna Greco\",\"image\":{\"@type\":\"ImageObject\",\"inLanguage\":\"pt-BR\",\"@id\":\"https:\/\/www.manaus.am.gov.br\/semtepi\/#\/schema\/person\/image\/\",\"url\":\"https:\/\/secure.gravatar.com\/avatar\/9c877d1a6adc2a055330e5c09a8653ce?s=96&d=mm&r=g\",\"contentUrl\":\"https:\/\/secure.gravatar.com\/avatar\/9c877d1a6adc2a055330e5c09a8653ce?s=96&d=mm&r=g\",\"caption\":\"Bruna Greco\"}}]}<\/script>\n<!-- \/ Yoast SEO plugin. -->","yoast_head_json":{"title":"Prefeitura de Manaus abre inscri\u00e7\u00f5es para a 2\u00aa edi\u00e7\u00e3o da competi\u00e7\u00e3o de ideias Inovathon","description":"A Prefeitura de Manaus, por meio da Secretaria Municipal do Trabalho, Empreendedorismo e Inova\u00e7\u00e3o (Semtepi) e do Fundo Municipal de Empreendedorismo e Inova\u00e7\u00e3o (Fumipeq), abre, nesta quinta-feira, 26\/10, as inscri\u00e7\u00f5es para a 2\u00aa edi\u00e7\u00e3o da competi\u00e7\u00e3o de ideias \u201cInovathon Manaus 2023 \u2013 Inove, desafie-se e deixe sua marca no futuro\u201d, que acontecer\u00e1 nos dias 17, 18 e 19\/11 no Casar\u00e3o da Inova\u00e7\u00e3o Cassina, localizado no centro hist\u00f3rico.","robots":{"index":"noindex","follow":"follow"},"og_locale":"pt_BR","og_type":"article","og_title":"Prefeitura de Manaus abre inscri\u00e7\u00f5es para a 2\u00aa edi\u00e7\u00e3o da competi\u00e7\u00e3o de ideias Inovathon","og_description":"A Prefeitura de Manaus, por meio da Secretaria Municipal do Trabalho, Empreendedorismo e Inova\u00e7\u00e3o (Semtepi) e do Fundo Municipal de Empreendedorismo e Inova\u00e7\u00e3o (Fumipeq), abre, nesta quinta-feira, 26\/10, as inscri\u00e7\u00f5es para a 2\u00aa edi\u00e7\u00e3o da competi\u00e7\u00e3o de ideias \u201cInovathon Manaus 2023 \u2013 Inove, desafie-se e deixe sua marca no futuro\u201d, que acontecer\u00e1 nos dias 17, 18 e 19\/11 no Casar\u00e3o da Inova\u00e7\u00e3o Cassina, localizado no centro hist\u00f3rico.","og_url":"https:\/\/www.manaus.am.gov.br\/semtepi\/inscricoes\/prefeitura-de-manaus-abre-inscricoes-para-a-2a-edicao-da-competicao-de-ideias-inovathon-2\/","og_site_name":"SEMTEPI","article_published_time":"2023-10-26T20:20:48+00:00","article_modified_time":"2023-10-26T20:43:22+00:00","og_image":[{"width":2047,"height":1365,"url":"https:\/\/www.manaus.am.gov.br\/semtepi\/wp-content\/uploads\/sites\/20\/2023\/10\/53062731155_43210d8a81_k.jpg","type":"image\/jpeg"}],"author":"Bruna Greco","twitter_card":"summary_large_image","twitter_misc":{"Written by":"Bruna Greco","Est. reading time":"2 minutos"},"schema":{"@context":"https:\/\/schema.org","@graph":[{"@type":"Article","@id":"https:\/\/www.manaus.am.gov.br\/semtepi\/inscricoes\/prefeitura-de-manaus-abre-inscricoes-para-a-2a-edicao-da-competicao-de-ideias-inovathon-2\/#article","isPartOf":{"@id":"https:\/\/www.manaus.am.gov.br\/semtepi\/inscricoes\/prefeitura-de-manaus-abre-inscricoes-para-a-2a-edicao-da-competicao-de-ideias-inovathon-2\/"},"author":{"name":"Bruna Greco","@id":"https:\/\/www.manaus.am.gov.br\/semtepi\/#\/schema\/person\/05d223aea2bf115f9883a6ff3683d81b"},"headline":"Prefeitura de Manaus abre inscri\u00e7\u00f5es para a 2\u00aa edi\u00e7\u00e3o da competi\u00e7\u00e3o de ideias Inovathon","datePublished":"2023-10-26T20:20:48+00:00","dateModified":"2023-10-26T20:43:22+00:00","mainEntityOfPage":{"@id":"https:\/\/www.manaus.am.gov.br\/semtepi\/inscricoes\/prefeitura-de-manaus-abre-inscricoes-para-a-2a-edicao-da-competicao-de-ideias-inovathon-2\/"},"wordCount":326,"publisher":{"@id":"https:\/\/www.manaus.am.gov.br\/semtepi\/#organization"},"image":{"@id":"https:\/\/www.manaus.am.gov.br\/semtepi\/inscricoes\/prefeitura-de-manaus-abre-inscricoes-para-a-2a-edicao-da-competicao-de-ideias-inovathon-2\/#primaryimage"},"thumbnailUrl":"https:\/\/www.manaus.am.gov.br\/semtepi\/wp-content\/uploads\/sites\/20\/2023\/10\/53062731155_43210d8a81_k.jpg","keywords":["2\u00aa edi\u00e7\u00e3o da competi\u00e7\u00e3o de ideias \u201cInovathon Manaus 2023 \u2013 Inove","40 vagas","desafie-se e deixe sua marca no futuro\u201d","edital Mais Inova\u00e7\u00e3o","Hackathon","prefeitura de manaus","Semtepi","Servi\u00e7o Brasileiro de Apoio \u00e0s Micro e Pequenas Empresas (Sebrae)"],"articleSection":["Inscri\u00e7\u00f5es"],"inLanguage":"pt-BR"},{"@type":"WebPage","@id":"https:\/\/www.manaus.am.gov.br\/semtepi\/inscricoes\/prefeitura-de-manaus-abre-inscricoes-para-a-2a-edicao-da-competicao-de-ideias-inovathon-2\/","url":"https:\/\/www.manaus.am.gov.br\/semtepi\/inscricoes\/prefeitura-de-manaus-abre-inscricoes-para-a-2a-edicao-da-competicao-de-ideias-inovathon-2\/","name":"Prefeitura de Manaus abre inscri\u00e7\u00f5es para a 2\u00aa edi\u00e7\u00e3o da competi\u00e7\u00e3o de ideias Inovathon","isPartOf":{"@id":"https:\/\/www.manaus.am.gov.br\/semtepi\/#website"},"primaryImageOfPage":{"@id":"https:\/\/www.manaus.am.gov.br\/semtepi\/inscricoes\/prefeitura-de-manaus-abre-inscricoes-para-a-2a-edicao-da-competicao-de-ideias-inovathon-2\/#primaryimage"},"image":{"@id":"https:\/\/www.manaus.am.gov.br\/semtepi\/inscricoes\/prefeitura-de-manaus-abre-inscricoes-para-a-2a-edicao-da-competicao-de-ideias-inovathon-2\/#primaryimage"},"thumbnailUrl":"https:\/\/www.manaus.am.gov.br\/semtepi\/wp-content\/uploads\/sites\/20\/2023\/10\/53062731155_43210d8a81_k.jpg","datePublished":"2023-10-26T20:20:48+00:00","dateModified":"2023-10-26T20:43:22+00:00","description":"A Prefeitura de Manaus, por meio da Secretaria Municipal do Trabalho, Empreendedorismo e Inova\u00e7\u00e3o (Semtepi) e do Fundo Municipal de Empreendedorismo e Inova\u00e7\u00e3o (Fumipeq), abre, nesta quinta-feira, 26\/10, as inscri\u00e7\u00f5es para a 2\u00aa edi\u00e7\u00e3o da competi\u00e7\u00e3o de ideias \u201cInovathon Manaus 2023 \u2013 Inove, desafie-se e deixe sua marca no futuro\u201d, que acontecer\u00e1 nos dias 17, 18 e 19\/11 no Casar\u00e3o da Inova\u00e7\u00e3o Cassina, localizado no centro hist\u00f3rico.","breadcrumb":{"@id":"https:\/\/www.manaus.am.gov.br\/semtepi\/inscricoes\/prefeitura-de-manaus-abre-inscricoes-para-a-2a-edicao-da-competicao-de-ideias-inovathon-2\/#breadcrumb"},"inLanguage":"pt-BR","potentialAction":[{"@type":"ReadAction","target":["https:\/\/www.manaus.am.gov.br\/semtepi\/inscricoes\/prefeitura-de-manaus-abre-inscricoes-para-a-2a-edicao-da-competicao-de-ideias-inovathon-2\/"]}]},{"@type":"ImageObject","inLanguage":"pt-BR","@id":"https:\/\/www.manaus.am.gov.br\/semtepi\/inscricoes\/prefeitura-de-manaus-abre-inscricoes-para-a-2a-edicao-da-competicao-de-ideias-inovathon-2\/#primaryimage","url":"https:\/\/www.manaus.am.gov.br\/semtepi\/wp-content\/uploads\/sites\/20\/2023\/10\/53062731155_43210d8a81_k.jpg","contentUrl":"https:\/\/www.manaus.am.gov.br\/semtepi\/wp-content\/uploads\/sites\/20\/2023\/10\/53062731155_43210d8a81_k.jpg","width":2047,"height":1365},{"@type":"BreadcrumbList","@id":"https:\/\/www.manaus.am.gov.br\/semtepi\/inscricoes\/prefeitura-de-manaus-abre-inscricoes-para-a-2a-edicao-da-competicao-de-ideias-inovathon-2\/#breadcrumb","itemListElement":[{"@type":"ListItem","position":1,"name":"Home","item":"https:\/\/www.manaus.am.gov.br\/semtepi\/"},{"@type":"ListItem","position":2,"name":"Prefeitura de Manaus abre inscri\u00e7\u00f5es para a 2\u00aa edi\u00e7\u00e3o da competi\u00e7\u00e3o de ideias Inovathon"}]},{"@type":"WebSite","@id":"https:\/\/www.manaus.am.gov.br\/semtepi\/#website","url":"https:\/\/www.manaus.am.gov.br\/semtepi\/","name":"SEMTEPI","description":"Prefeitura de Manaus","publisher":{"@id":"https:\/\/www.manaus.am.gov.br\/semtepi\/#organization"},"alternateName":"Secretaria Municipal do Trabalho, Empreendedorismo e Inova\u00e7\u00e3o","potentialAction":[{"@type":"SearchAction","target":{"@type":"EntryPoint","urlTemplate":"https:\/\/www.manaus.am.gov.br\/semtepi\/?s={search_term_string}"},"query-input":"required name=search_term_string"}],"inLanguage":"pt-BR"},{"@type":"Organization","@id":"https:\/\/www.manaus.am.gov.br\/semtepi\/#organization","name":"Prefeitura Municipal de Manaus","alternateName":"Prefeitura de Manaus","url":"https:\/\/www.manaus.am.gov.br\/semtepi\/","logo":{"@type":"ImageObject","inLanguage":"pt-BR","@id":"https:\/\/www.manaus.am.gov.br\/semtepi\/#\/schema\/logo\/image\/","url":"https:\/\/www.manaus.am.gov.br\/semtepi\/wp-content\/uploads\/sites\/20\/2024\/07\/favicon.png","contentUrl":"https:\/\/www.manaus.am.gov.br\/semtepi\/wp-content\/uploads\/sites\/20\/2024\/07\/favicon.png","width":300,"height":300,"caption":"Prefeitura Municipal de Manaus"},"image":{"@id":"https:\/\/www.manaus.am.gov.br\/semtepi\/#\/schema\/logo\/image\/"}},{"@type":"Person","@id":"https:\/\/www.manaus.am.gov.br\/semtepi\/#\/schema\/person\/05d223aea2bf115f9883a6ff3683d81b","name":"Bruna Greco","image":{"@type":"ImageObject","inLanguage":"pt-BR","@id":"https:\/\/www.manaus.am.gov.br\/semtepi\/#\/schema\/person\/image\/","url":"https:\/\/secure.gravatar.com\/avatar\/9c877d1a6adc2a055330e5c09a8653ce?s=96&d=mm&r=g","contentUrl":"https:\/\/secure.gravatar.com\/avatar\/9c877d1a6adc2a055330e5c09a8653ce?s=96&d=mm&r=g","caption":"Bruna Greco"}}]}},"_links":{"self":[{"href":"https:\/\/www.manaus.am.gov.br\/semtepi\/wp-json\/wp\/v2\/posts\/2845"}],"collection":[{"href":"https:\/\/www.manaus.am.gov.br\/semtepi\/wp-json\/wp\/v2\/posts"}],"about":[{"href":"https:\/\/www.manaus.am.gov.br\/semtepi\/wp-json\/wp\/v2\/types\/post"}],"author":[{"embeddable":true,"href":"https:\/\/www.manaus.am.gov.br\/semtepi\/wp-json\/wp\/v2\/users\/39"}],"replies":[{"embeddable":true,"href":"https:\/\/www.manaus.am.gov.br\/semtepi\/wp-json\/wp\/v2\/comments?post=2845"}],"version-history":[{"count":2,"href":"https:\/\/www.manaus.am.gov.br\/semtepi\/wp-json\/wp\/v2\/posts\/2845\/revisions"}],"predecessor-version":[{"id":2849,"href":"https:\/\/www.manaus.am.gov.br\/semtepi\/wp-json\/wp\/v2\/posts\/2845\/revisions\/2849"}],"wp:featuredmedia":[{"embeddable":true,"href":"https:\/\/www.manaus.am.gov.br\/semtepi\/wp-json\/wp\/v2\/media\/2846"}],"wp:attachment":[{"href":"https:\/\/www.manaus.am.gov.br\/semtepi\/wp-json\/wp\/v2\/media?parent=2845"}],"wp:term":[{"taxonomy":"category","embeddable":true,"href":"https:\/\/www.manaus.am.gov.br\/semtepi\/wp-json\/wp\/v2\/categories?post=2845"},{"taxonomy":"post_tag","embeddable":true,"href":"https:\/\/www.manaus.am.gov.br\/semtepi\/wp-json\/wp\/v2\/tags?post=2845"}],"curies":[{"name":"wp","href":"https:\/\/api.w.org\/{rel}","templated":true}]}}