{"id":2817,"date":"2023-10-20T11:27:38","date_gmt":"2023-10-20T15:27:38","guid":{"rendered":"https:\/\/www.manaus.am.gov.br\/semtepi\/sem-categoria\/prefeitura-de-manaus-promove-workshop-para-mulheres-empreendedoras\/"},"modified":"2023-10-20T11:27:39","modified_gmt":"2023-10-20T15:27:39","slug":"prefeitura-de-manaus-promove-workshop-para-mulheres-empreendedoras","status":"publish","type":"post","link":"https:\/\/www.manaus.am.gov.br\/semtepi\/inscricoes\/prefeitura-de-manaus-promove-workshop-para-mulheres-empreendedoras\/","title":{"rendered":"<strong>Prefeitura de Manaus promove workshop para mulheres empreendedoras<\/strong>"},"content":{"rendered":"\n<p>A Prefeitura de Manaus, por meio da Secretaria Municipal do Trabalho, Empreendedorismo e Inova\u00e7\u00e3o (Semtepi),&nbsp;em parceria com as empresas Marcante e Hattori Tech, promove, na pr\u00f3xima quarta-feira, 25\/10, das 19h \u00e0s 22h, o workshop &#8220;Mulheres Empreendedoras&#8221;, no Casar\u00e3o da Inova\u00e7\u00e3o Cassina, localizado na rua Bernardo Ramos, bairro Centro, zona Sul da capital.<\/p>\n\n\n\n<p>O evento \u00e9 uma iniciativa do projeto &#8220;Qualificar \u00e9 o Caminho Certo para Empreender&#8221; e est\u00e1 disponibilizando 60 vagas com o objetivo de capacitar empreendedoras, fortalecendo a presen\u00e7a feminina no mundo dos neg\u00f3cios e contribuindo para o avan\u00e7o econ\u00f4mico e social.<\/p>\n\n\n\n<p>\u201cEsse workshop para mulheres que atuam no mercado empreendedor, \u00e9 uma fonte valiosa de recursos, apoio e oportunidades que podem ajudar as empreendedoras a alcan\u00e7arem o sucesso nos neg\u00f3cios e a superar desafios espec\u00edficos que possam enfrentar no futuro\u201d, afirmou o secret\u00e1rio da Semtepi, Radyr J\u00fanior.<\/p>\n\n\n\n<p>Conforme a programa\u00e7\u00e3o, a empresa Marcante ir\u00e1 ministrar o tema \u201cComo Construir uma Marca Forte e Diferenciada\u201d, com a fisioterapeuta e empreendedora, Mayara Fernandes. A segunda palestra, intitulada \u201cDomine as Redes Sociais: Torne-se Refer\u00eancia em Marketing Digital\u201d, ser\u00e1 promovida pela Hattori Tech. Durante os intervalos, a cantora e musicista Ewelin Vieira realizar\u00e1 uma apresenta\u00e7\u00e3o musical.<\/p>\n\n\n\n<p>As interessadas em participar do evento devem se inscrever pelo link&nbsp;<a href=\"https:\/\/abre.ai\/g3dt\" target=\"_blank\" rel=\"noreferrer noopener\">https:\/\/abre.ai\/g3dt<\/a>&nbsp;e se atentar \u00e0s regras do local, uma vez que \u00e9 proibida a entrada de pessoas vestindo bermuda, short, minissaia, camiseta regata ou chinelo. Al\u00e9m disso, as participantes podem, sugestivamente, usar roupas na paleta cor de rosa.<\/p>\n\n\n\n<p>&#8212; &#8212; &#8212;&nbsp;<\/p>\n\n\n\n<p><strong>Texto \u2013 <\/strong>Fabiane Monteiro \/ Semtepi<\/p>\n\n\n\n<p><strong>Foto \u2013 <\/strong>Divulga\u00e7\u00e3o \/ Arquivo Semcom<\/p>\n","protected":false},"excerpt":{"rendered":"","protected":false},"author":39,"featured_media":2818,"comment_status":"closed","ping_status":"closed","sticky":false,"template":"","format":"standard","meta":{"footnotes":""},"categories":[97],"tags":[475,106,8,672,9,673],"acf":[],"yoast_head":"<!-- This site is optimized with the Yoast SEO plugin v23.0 - https:\/\/yoast.com\/wordpress\/plugins\/seo\/ -->\n<title>Prefeitura de Manaus promove workshop para mulheres empreendedoras<\/title>\n<meta name=\"description\" content=\"A Prefeitura de Manaus, por meio da Secretaria Municipal do Trabalho, Empreendedorismo e Inova\u00e7\u00e3o (Semtepi),\u00a0em parceria com as empresas Marcante e Hattori Tech, promove, na pr\u00f3xima quarta-feira, 25\/10, das 19h \u00e0s 22h, o workshop &quot;Mulheres Empreendedoras&quot;, no Casar\u00e3o da Inova\u00e7\u00e3o Cassina, localizado na rua Bernardo Ramos, bairro Centro, zona Sul da capital.\" \/>\n<meta name=\"robots\" content=\"noindex, follow\" \/>\n<meta property=\"og:locale\" content=\"pt_BR\" \/>\n<meta property=\"og:type\" content=\"article\" \/>\n<meta property=\"og:title\" content=\"Prefeitura de Manaus promove workshop para mulheres empreendedoras\" \/>\n<meta property=\"og:description\" content=\"A Prefeitura de Manaus, por meio da Secretaria Municipal do Trabalho, Empreendedorismo e Inova\u00e7\u00e3o (Semtepi),\u00a0em parceria com as empresas Marcante e Hattori Tech, promove, na pr\u00f3xima quarta-feira, 25\/10, das 19h \u00e0s 22h, o workshop &quot;Mulheres Empreendedoras&quot;, no Casar\u00e3o da Inova\u00e7\u00e3o Cassina, localizado na rua Bernardo Ramos, bairro Centro, zona Sul da capital.\" \/>\n<meta property=\"og:url\" content=\"https:\/\/www.manaus.am.gov.br\/semtepi\/inscricoes\/prefeitura-de-manaus-promove-workshop-para-mulheres-empreendedoras\/\" \/>\n<meta property=\"og:site_name\" content=\"SEMTEPI\" \/>\n<meta property=\"article:published_time\" content=\"2023-10-20T15:27:38+00:00\" \/>\n<meta property=\"article:modified_time\" content=\"2023-10-20T15:27:39+00:00\" \/>\n<meta property=\"og:image\" content=\"https:\/\/www.manaus.am.gov.br\/semtepi\/wp-content\/uploads\/sites\/20\/2023\/10\/52405477064_64d043f378_k.jpg\" \/>\n\t<meta property=\"og:image:width\" content=\"2048\" \/>\n\t<meta property=\"og:image:height\" content=\"1365\" \/>\n\t<meta property=\"og:image:type\" content=\"image\/jpeg\" \/>\n<meta name=\"author\" content=\"Bruna Greco\" \/>\n<meta name=\"twitter:card\" content=\"summary_large_image\" \/>\n<meta name=\"twitter:label1\" content=\"Written by\" \/>\n\t<meta name=\"twitter:data1\" content=\"Bruna Greco\" \/>\n\t<meta name=\"twitter:label2\" content=\"Est. reading time\" \/>\n\t<meta name=\"twitter:data2\" content=\"2 minutos\" \/>\n<script type=\"application\/ld+json\" class=\"yoast-schema-graph\">{\"@context\":\"https:\/\/schema.org\",\"@graph\":[{\"@type\":\"Article\",\"@id\":\"https:\/\/www.manaus.am.gov.br\/semtepi\/inscricoes\/prefeitura-de-manaus-promove-workshop-para-mulheres-empreendedoras\/#article\",\"isPartOf\":{\"@id\":\"https:\/\/www.manaus.am.gov.br\/semtepi\/inscricoes\/prefeitura-de-manaus-promove-workshop-para-mulheres-empreendedoras\/\"},\"author\":{\"name\":\"Bruna Greco\",\"@id\":\"https:\/\/www.manaus.am.gov.br\/semtepi\/#\/schema\/person\/05d223aea2bf115f9883a6ff3683d81b\"},\"headline\":\"Prefeitura de Manaus promove workshop para mulheres empreendedoras\",\"datePublished\":\"2023-10-20T15:27:38+00:00\",\"dateModified\":\"2023-10-20T15:27:39+00:00\",\"mainEntityOfPage\":{\"@id\":\"https:\/\/www.manaus.am.gov.br\/semtepi\/inscricoes\/prefeitura-de-manaus-promove-workshop-para-mulheres-empreendedoras\/\"},\"wordCount\":283,\"publisher\":{\"@id\":\"https:\/\/www.manaus.am.gov.br\/semtepi\/#organization\"},\"image\":{\"@id\":\"https:\/\/www.manaus.am.gov.br\/semtepi\/inscricoes\/prefeitura-de-manaus-promove-workshop-para-mulheres-empreendedoras\/#primaryimage\"},\"thumbnailUrl\":\"https:\/\/www.manaus.am.gov.br\/semtepi\/wp-content\/uploads\/sites\/20\/2023\/10\/52405477064_64d043f378_k.jpg\",\"keywords\":[\"60 vagas\",\"Casar\u00e3o da Inova\u00e7\u00e3o Cassina\",\"prefeitura de manaus\",\"projeto &quot;Qualificar \u00e9 o Caminho Certo para Empreender&quot;\",\"Semtepi\",\"workshop para mulheres empreendedoras\"],\"articleSection\":[\"Inscri\u00e7\u00f5es\"],\"inLanguage\":\"pt-BR\"},{\"@type\":\"WebPage\",\"@id\":\"https:\/\/www.manaus.am.gov.br\/semtepi\/inscricoes\/prefeitura-de-manaus-promove-workshop-para-mulheres-empreendedoras\/\",\"url\":\"https:\/\/www.manaus.am.gov.br\/semtepi\/inscricoes\/prefeitura-de-manaus-promove-workshop-para-mulheres-empreendedoras\/\",\"name\":\"Prefeitura de Manaus promove workshop para mulheres empreendedoras\",\"isPartOf\":{\"@id\":\"https:\/\/www.manaus.am.gov.br\/semtepi\/#website\"},\"primaryImageOfPage\":{\"@id\":\"https:\/\/www.manaus.am.gov.br\/semtepi\/inscricoes\/prefeitura-de-manaus-promove-workshop-para-mulheres-empreendedoras\/#primaryimage\"},\"image\":{\"@id\":\"https:\/\/www.manaus.am.gov.br\/semtepi\/inscricoes\/prefeitura-de-manaus-promove-workshop-para-mulheres-empreendedoras\/#primaryimage\"},\"thumbnailUrl\":\"https:\/\/www.manaus.am.gov.br\/semtepi\/wp-content\/uploads\/sites\/20\/2023\/10\/52405477064_64d043f378_k.jpg\",\"datePublished\":\"2023-10-20T15:27:38+00:00\",\"dateModified\":\"2023-10-20T15:27:39+00:00\",\"description\":\"A Prefeitura de Manaus, por meio da Secretaria Municipal do Trabalho, Empreendedorismo e Inova\u00e7\u00e3o (Semtepi),\u00a0em parceria com as empresas Marcante e Hattori Tech, promove, na pr\u00f3xima quarta-feira, 25\/10, das 19h \u00e0s 22h, o workshop \\\"Mulheres Empreendedoras\\\", no Casar\u00e3o da Inova\u00e7\u00e3o Cassina, localizado na rua Bernardo Ramos, bairro Centro, zona Sul da capital.\",\"breadcrumb\":{\"@id\":\"https:\/\/www.manaus.am.gov.br\/semtepi\/inscricoes\/prefeitura-de-manaus-promove-workshop-para-mulheres-empreendedoras\/#breadcrumb\"},\"inLanguage\":\"pt-BR\",\"potentialAction\":[{\"@type\":\"ReadAction\",\"target\":[\"https:\/\/www.manaus.am.gov.br\/semtepi\/inscricoes\/prefeitura-de-manaus-promove-workshop-para-mulheres-empreendedoras\/\"]}]},{\"@type\":\"ImageObject\",\"inLanguage\":\"pt-BR\",\"@id\":\"https:\/\/www.manaus.am.gov.br\/semtepi\/inscricoes\/prefeitura-de-manaus-promove-workshop-para-mulheres-empreendedoras\/#primaryimage\",\"url\":\"https:\/\/www.manaus.am.gov.br\/semtepi\/wp-content\/uploads\/sites\/20\/2023\/10\/52405477064_64d043f378_k.jpg\",\"contentUrl\":\"https:\/\/www.manaus.am.gov.br\/semtepi\/wp-content\/uploads\/sites\/20\/2023\/10\/52405477064_64d043f378_k.jpg\",\"width\":2048,\"height\":1365},{\"@type\":\"BreadcrumbList\",\"@id\":\"https:\/\/www.manaus.am.gov.br\/semtepi\/inscricoes\/prefeitura-de-manaus-promove-workshop-para-mulheres-empreendedoras\/#breadcrumb\",\"itemListElement\":[{\"@type\":\"ListItem\",\"position\":1,\"name\":\"Home\",\"item\":\"https:\/\/www.manaus.am.gov.br\/semtepi\/\"},{\"@type\":\"ListItem\",\"position\":2,\"name\":\"Prefeitura de Manaus promove workshop para mulheres empreendedoras\"}]},{\"@type\":\"WebSite\",\"@id\":\"https:\/\/www.manaus.am.gov.br\/semtepi\/#website\",\"url\":\"https:\/\/www.manaus.am.gov.br\/semtepi\/\",\"name\":\"SEMTEPI\",\"description\":\"Prefeitura de Manaus\",\"publisher\":{\"@id\":\"https:\/\/www.manaus.am.gov.br\/semtepi\/#organization\"},\"alternateName\":\"Secretaria Municipal do Trabalho, Empreendedorismo e Inova\u00e7\u00e3o\",\"potentialAction\":[{\"@type\":\"SearchAction\",\"target\":{\"@type\":\"EntryPoint\",\"urlTemplate\":\"https:\/\/www.manaus.am.gov.br\/semtepi\/?s={search_term_string}\"},\"query-input\":\"required name=search_term_string\"}],\"inLanguage\":\"pt-BR\"},{\"@type\":\"Organization\",\"@id\":\"https:\/\/www.manaus.am.gov.br\/semtepi\/#organization\",\"name\":\"Prefeitura Municipal de Manaus\",\"alternateName\":\"Prefeitura de Manaus\",\"url\":\"https:\/\/www.manaus.am.gov.br\/semtepi\/\",\"logo\":{\"@type\":\"ImageObject\",\"inLanguage\":\"pt-BR\",\"@id\":\"https:\/\/www.manaus.am.gov.br\/semtepi\/#\/schema\/logo\/image\/\",\"url\":\"https:\/\/www.manaus.am.gov.br\/semtepi\/wp-content\/uploads\/sites\/20\/2024\/07\/favicon.png\",\"contentUrl\":\"https:\/\/www.manaus.am.gov.br\/semtepi\/wp-content\/uploads\/sites\/20\/2024\/07\/favicon.png\",\"width\":300,\"height\":300,\"caption\":\"Prefeitura Municipal de Manaus\"},\"image\":{\"@id\":\"https:\/\/www.manaus.am.gov.br\/semtepi\/#\/schema\/logo\/image\/\"}},{\"@type\":\"Person\",\"@id\":\"https:\/\/www.manaus.am.gov.br\/semtepi\/#\/schema\/person\/05d223aea2bf115f9883a6ff3683d81b\",\"name\":\"Bruna Greco\",\"image\":{\"@type\":\"ImageObject\",\"inLanguage\":\"pt-BR\",\"@id\":\"https:\/\/www.manaus.am.gov.br\/semtepi\/#\/schema\/person\/image\/\",\"url\":\"https:\/\/secure.gravatar.com\/avatar\/9c877d1a6adc2a055330e5c09a8653ce?s=96&d=mm&r=g\",\"contentUrl\":\"https:\/\/secure.gravatar.com\/avatar\/9c877d1a6adc2a055330e5c09a8653ce?s=96&d=mm&r=g\",\"caption\":\"Bruna Greco\"}}]}<\/script>\n<!-- \/ Yoast SEO plugin. -->","yoast_head_json":{"title":"Prefeitura de Manaus promove workshop para mulheres empreendedoras","description":"A Prefeitura de Manaus, por meio da Secretaria Municipal do Trabalho, Empreendedorismo e Inova\u00e7\u00e3o (Semtepi),\u00a0em parceria com as empresas Marcante e Hattori Tech, promove, na pr\u00f3xima quarta-feira, 25\/10, das 19h \u00e0s 22h, o workshop \"Mulheres Empreendedoras\", no Casar\u00e3o da Inova\u00e7\u00e3o Cassina, localizado na rua Bernardo Ramos, bairro Centro, zona Sul da capital.","robots":{"index":"noindex","follow":"follow"},"og_locale":"pt_BR","og_type":"article","og_title":"Prefeitura de Manaus promove workshop para mulheres empreendedoras","og_description":"A Prefeitura de Manaus, por meio da Secretaria Municipal do Trabalho, Empreendedorismo e Inova\u00e7\u00e3o (Semtepi),\u00a0em parceria com as empresas Marcante e Hattori Tech, promove, na pr\u00f3xima quarta-feira, 25\/10, das 19h \u00e0s 22h, o workshop \"Mulheres Empreendedoras\", no Casar\u00e3o da Inova\u00e7\u00e3o Cassina, localizado na rua Bernardo Ramos, bairro Centro, zona Sul da capital.","og_url":"https:\/\/www.manaus.am.gov.br\/semtepi\/inscricoes\/prefeitura-de-manaus-promove-workshop-para-mulheres-empreendedoras\/","og_site_name":"SEMTEPI","article_published_time":"2023-10-20T15:27:38+00:00","article_modified_time":"2023-10-20T15:27:39+00:00","og_image":[{"width":2048,"height":1365,"url":"https:\/\/www.manaus.am.gov.br\/semtepi\/wp-content\/uploads\/sites\/20\/2023\/10\/52405477064_64d043f378_k.jpg","type":"image\/jpeg"}],"author":"Bruna Greco","twitter_card":"summary_large_image","twitter_misc":{"Written by":"Bruna Greco","Est. reading time":"2 minutos"},"schema":{"@context":"https:\/\/schema.org","@graph":[{"@type":"Article","@id":"https:\/\/www.manaus.am.gov.br\/semtepi\/inscricoes\/prefeitura-de-manaus-promove-workshop-para-mulheres-empreendedoras\/#article","isPartOf":{"@id":"https:\/\/www.manaus.am.gov.br\/semtepi\/inscricoes\/prefeitura-de-manaus-promove-workshop-para-mulheres-empreendedoras\/"},"author":{"name":"Bruna Greco","@id":"https:\/\/www.manaus.am.gov.br\/semtepi\/#\/schema\/person\/05d223aea2bf115f9883a6ff3683d81b"},"headline":"Prefeitura de Manaus promove workshop para mulheres empreendedoras","datePublished":"2023-10-20T15:27:38+00:00","dateModified":"2023-10-20T15:27:39+00:00","mainEntityOfPage":{"@id":"https:\/\/www.manaus.am.gov.br\/semtepi\/inscricoes\/prefeitura-de-manaus-promove-workshop-para-mulheres-empreendedoras\/"},"wordCount":283,"publisher":{"@id":"https:\/\/www.manaus.am.gov.br\/semtepi\/#organization"},"image":{"@id":"https:\/\/www.manaus.am.gov.br\/semtepi\/inscricoes\/prefeitura-de-manaus-promove-workshop-para-mulheres-empreendedoras\/#primaryimage"},"thumbnailUrl":"https:\/\/www.manaus.am.gov.br\/semtepi\/wp-content\/uploads\/sites\/20\/2023\/10\/52405477064_64d043f378_k.jpg","keywords":["60 vagas","Casar\u00e3o da Inova\u00e7\u00e3o Cassina","prefeitura de manaus","projeto &quot;Qualificar \u00e9 o Caminho Certo para Empreender&quot;","Semtepi","workshop para mulheres empreendedoras"],"articleSection":["Inscri\u00e7\u00f5es"],"inLanguage":"pt-BR"},{"@type":"WebPage","@id":"https:\/\/www.manaus.am.gov.br\/semtepi\/inscricoes\/prefeitura-de-manaus-promove-workshop-para-mulheres-empreendedoras\/","url":"https:\/\/www.manaus.am.gov.br\/semtepi\/inscricoes\/prefeitura-de-manaus-promove-workshop-para-mulheres-empreendedoras\/","name":"Prefeitura de Manaus promove workshop para mulheres empreendedoras","isPartOf":{"@id":"https:\/\/www.manaus.am.gov.br\/semtepi\/#website"},"primaryImageOfPage":{"@id":"https:\/\/www.manaus.am.gov.br\/semtepi\/inscricoes\/prefeitura-de-manaus-promove-workshop-para-mulheres-empreendedoras\/#primaryimage"},"image":{"@id":"https:\/\/www.manaus.am.gov.br\/semtepi\/inscricoes\/prefeitura-de-manaus-promove-workshop-para-mulheres-empreendedoras\/#primaryimage"},"thumbnailUrl":"https:\/\/www.manaus.am.gov.br\/semtepi\/wp-content\/uploads\/sites\/20\/2023\/10\/52405477064_64d043f378_k.jpg","datePublished":"2023-10-20T15:27:38+00:00","dateModified":"2023-10-20T15:27:39+00:00","description":"A Prefeitura de Manaus, por meio da Secretaria Municipal do Trabalho, Empreendedorismo e Inova\u00e7\u00e3o (Semtepi),\u00a0em parceria com as empresas Marcante e Hattori Tech, promove, na pr\u00f3xima quarta-feira, 25\/10, das 19h \u00e0s 22h, o workshop \"Mulheres Empreendedoras\", no Casar\u00e3o da Inova\u00e7\u00e3o Cassina, localizado na rua Bernardo Ramos, bairro Centro, zona Sul da capital.","breadcrumb":{"@id":"https:\/\/www.manaus.am.gov.br\/semtepi\/inscricoes\/prefeitura-de-manaus-promove-workshop-para-mulheres-empreendedoras\/#breadcrumb"},"inLanguage":"pt-BR","potentialAction":[{"@type":"ReadAction","target":["https:\/\/www.manaus.am.gov.br\/semtepi\/inscricoes\/prefeitura-de-manaus-promove-workshop-para-mulheres-empreendedoras\/"]}]},{"@type":"ImageObject","inLanguage":"pt-BR","@id":"https:\/\/www.manaus.am.gov.br\/semtepi\/inscricoes\/prefeitura-de-manaus-promove-workshop-para-mulheres-empreendedoras\/#primaryimage","url":"https:\/\/www.manaus.am.gov.br\/semtepi\/wp-content\/uploads\/sites\/20\/2023\/10\/52405477064_64d043f378_k.jpg","contentUrl":"https:\/\/www.manaus.am.gov.br\/semtepi\/wp-content\/uploads\/sites\/20\/2023\/10\/52405477064_64d043f378_k.jpg","width":2048,"height":1365},{"@type":"BreadcrumbList","@id":"https:\/\/www.manaus.am.gov.br\/semtepi\/inscricoes\/prefeitura-de-manaus-promove-workshop-para-mulheres-empreendedoras\/#breadcrumb","itemListElement":[{"@type":"ListItem","position":1,"name":"Home","item":"https:\/\/www.manaus.am.gov.br\/semtepi\/"},{"@type":"ListItem","position":2,"name":"Prefeitura de Manaus promove workshop para mulheres empreendedoras"}]},{"@type":"WebSite","@id":"https:\/\/www.manaus.am.gov.br\/semtepi\/#website","url":"https:\/\/www.manaus.am.gov.br\/semtepi\/","name":"SEMTEPI","description":"Prefeitura de Manaus","publisher":{"@id":"https:\/\/www.manaus.am.gov.br\/semtepi\/#organization"},"alternateName":"Secretaria Municipal do Trabalho, Empreendedorismo e Inova\u00e7\u00e3o","potentialAction":[{"@type":"SearchAction","target":{"@type":"EntryPoint","urlTemplate":"https:\/\/www.manaus.am.gov.br\/semtepi\/?s={search_term_string}"},"query-input":"required name=search_term_string"}],"inLanguage":"pt-BR"},{"@type":"Organization","@id":"https:\/\/www.manaus.am.gov.br\/semtepi\/#organization","name":"Prefeitura Municipal de Manaus","alternateName":"Prefeitura de Manaus","url":"https:\/\/www.manaus.am.gov.br\/semtepi\/","logo":{"@type":"ImageObject","inLanguage":"pt-BR","@id":"https:\/\/www.manaus.am.gov.br\/semtepi\/#\/schema\/logo\/image\/","url":"https:\/\/www.manaus.am.gov.br\/semtepi\/wp-content\/uploads\/sites\/20\/2024\/07\/favicon.png","contentUrl":"https:\/\/www.manaus.am.gov.br\/semtepi\/wp-content\/uploads\/sites\/20\/2024\/07\/favicon.png","width":300,"height":300,"caption":"Prefeitura Municipal de Manaus"},"image":{"@id":"https:\/\/www.manaus.am.gov.br\/semtepi\/#\/schema\/logo\/image\/"}},{"@type":"Person","@id":"https:\/\/www.manaus.am.gov.br\/semtepi\/#\/schema\/person\/05d223aea2bf115f9883a6ff3683d81b","name":"Bruna Greco","image":{"@type":"ImageObject","inLanguage":"pt-BR","@id":"https:\/\/www.manaus.am.gov.br\/semtepi\/#\/schema\/person\/image\/","url":"https:\/\/secure.gravatar.com\/avatar\/9c877d1a6adc2a055330e5c09a8653ce?s=96&d=mm&r=g","contentUrl":"https:\/\/secure.gravatar.com\/avatar\/9c877d1a6adc2a055330e5c09a8653ce?s=96&d=mm&r=g","caption":"Bruna Greco"}}]}},"_links":{"self":[{"href":"https:\/\/www.manaus.am.gov.br\/semtepi\/wp-json\/wp\/v2\/posts\/2817"}],"collection":[{"href":"https:\/\/www.manaus.am.gov.br\/semtepi\/wp-json\/wp\/v2\/posts"}],"about":[{"href":"https:\/\/www.manaus.am.gov.br\/semtepi\/wp-json\/wp\/v2\/types\/post"}],"author":[{"embeddable":true,"href":"https:\/\/www.manaus.am.gov.br\/semtepi\/wp-json\/wp\/v2\/users\/39"}],"replies":[{"embeddable":true,"href":"https:\/\/www.manaus.am.gov.br\/semtepi\/wp-json\/wp\/v2\/comments?post=2817"}],"version-history":[{"count":0,"href":"https:\/\/www.manaus.am.gov.br\/semtepi\/wp-json\/wp\/v2\/posts\/2817\/revisions"}],"wp:featuredmedia":[{"embeddable":true,"href":"https:\/\/www.manaus.am.gov.br\/semtepi\/wp-json\/wp\/v2\/media\/2818"}],"wp:attachment":[{"href":"https:\/\/www.manaus.am.gov.br\/semtepi\/wp-json\/wp\/v2\/media?parent=2817"}],"wp:term":[{"taxonomy":"category","embeddable":true,"href":"https:\/\/www.manaus.am.gov.br\/semtepi\/wp-json\/wp\/v2\/categories?post=2817"},{"taxonomy":"post_tag","embeddable":true,"href":"https:\/\/www.manaus.am.gov.br\/semtepi\/wp-json\/wp\/v2\/tags?post=2817"}],"curies":[{"name":"wp","href":"https:\/\/api.w.org\/{rel}","templated":true}]}}