{"id":2808,"date":"2023-10-18T14:46:43","date_gmt":"2023-10-18T18:46:43","guid":{"rendered":"https:\/\/www.manaus.am.gov.br\/semtepi\/sem-categoria\/prefeitura-de-manaus-oferta-25-vagas-gratuitas-para-curso-de-cuidador-infantil\/"},"modified":"2023-10-18T14:46:44","modified_gmt":"2023-10-18T18:46:44","slug":"prefeitura-de-manaus-oferta-25-vagas-gratuitas-para-curso-de-cuidador-infantil","status":"publish","type":"post","link":"https:\/\/www.manaus.am.gov.br\/semtepi\/capacitacao\/prefeitura-de-manaus-oferta-25-vagas-gratuitas-para-curso-de-cuidador-infantil\/","title":{"rendered":"<strong>Prefeitura de Manaus oferta 25 vagas gratuitas para curso de \u2018Cuidador Infantil\u2019<\/strong>"},"content":{"rendered":"\n<p>A Prefeitura de Manaus, por meio da Secretaria Municipal do Trabalho, Empreendedorismo e Inova\u00e7\u00e3o (Semtepi), em parceria com o Servi\u00e7o Nacional de Aprendizagem do Com\u00e9rcio (Senac), oferta, nesta quarta-feira, 18\/10, 25 vagas gratuitas para o curso profissionalizante de \u201cCuidador Infantil\u201d,&nbsp;que faz parte do projeto \u201cQualificar \u00e9 o Caminho Certo para Empreender\u201d.<\/p>\n\n\n\n<p>Com carga hor\u00e1ria de 160 horas de dura\u00e7\u00e3o, o curso tem por objetivo capacitar os participantes para atender \u00e0s necessidades infantis espec\u00edficas que devem ser tratadas adequadamente. As aulas v\u00e3o acontecer de 23\/10 a 14\/12, das 13h \u00e0s 17h, no pr\u00e9dio do Senac, localizado na rua Saldanha Marinho, n\u00ba 410, bairro Centro, zona Sul.<\/p>\n\n\n\n<p>\u201cEsse treinamento n\u00e3o apenas garante a seguran\u00e7a e o bem-estar das crian\u00e7as, mas tamb\u00e9m permite que os cuidadores desempenhem um papel significativo no desenvolvimento infantil, al\u00e9m de abrir oportunidades de emprego na \u00e1rea de cuidados infantis\u201d, afirma o secret\u00e1rio da Semtepi, Radyr J\u00fanior.<\/p>\n\n\n\n<p>Os interessados devem ter a partir de 18 anos, ensino fundamental completo e realizar as inscri\u00e7\u00f5es, que se encerram dia 21\/10, por meio do link&nbsp;<a href=\"https:\/\/forms.gle\/swtuu8u1KLP1s4qL8\" target=\"_blank\" rel=\"noreferrer noopener\">https:\/\/forms.gle\/swtuu8u1KLP1s4qL8<\/a>. Ao final do curso, a startup Manas Hub indicar\u00e1 profissionais formados para trabalharem em casas de fam\u00edlias manauaras. A lista de selecionados ser\u00e1 divulgada nesta sexta-feira, 20\/10.<\/p>\n\n\n\n<p>&#8212; &#8212; &#8212;<\/p>\n\n\n\n<p><strong>Texto \u2013 <\/strong>Fabiane Monteiro \/ Semtepi<\/p>\n\n\n\n<p><strong>Foto \u2013 <\/strong>Divulga\u00e7\u00e3o \/ Semtepi<\/p>\n","protected":false},"excerpt":{"rendered":"","protected":false},"author":39,"featured_media":2809,"comment_status":"closed","ping_status":"closed","sticky":false,"template":"","format":"standard","meta":{"footnotes":""},"categories":[51],"tags":[666,53,667,8,9],"acf":[],"yoast_head":"<!-- This site is optimized with the Yoast SEO plugin v23.0 - https:\/\/yoast.com\/wordpress\/plugins\/seo\/ -->\n<title>Prefeitura de Manaus oferta 25 vagas gratuitas para curso de \u2018Cuidador Infantil\u2019<\/title>\n<meta name=\"description\" content=\"A Prefeitura de Manaus, por meio da Secretaria Municipal do Trabalho, Empreendedorismo e Inova\u00e7\u00e3o (Semtepi), em parceria com o Servi\u00e7o Nacional de Aprendizagem do Com\u00e9rcio (Senac), oferta, nesta quarta-feira, 18\/10, 25 vagas gratuitas para o curso profissionalizante de \u201cCuidador Infantil\u201d,\u00a0que faz parte do projeto \u201cQualificar \u00e9 o Caminho Certo para Empreender\u201d.\" \/>\n<meta name=\"robots\" content=\"noindex, follow\" \/>\n<meta property=\"og:locale\" content=\"pt_BR\" \/>\n<meta property=\"og:type\" content=\"article\" \/>\n<meta property=\"og:title\" content=\"Prefeitura de Manaus oferta 25 vagas gratuitas para curso de \u2018Cuidador Infantil\u2019\" \/>\n<meta property=\"og:description\" content=\"A Prefeitura de Manaus, por meio da Secretaria Municipal do Trabalho, Empreendedorismo e Inova\u00e7\u00e3o (Semtepi), em parceria com o Servi\u00e7o Nacional de Aprendizagem do Com\u00e9rcio (Senac), oferta, nesta quarta-feira, 18\/10, 25 vagas gratuitas para o curso profissionalizante de \u201cCuidador Infantil\u201d,\u00a0que faz parte do projeto \u201cQualificar \u00e9 o Caminho Certo para Empreender\u201d.\" \/>\n<meta property=\"og:url\" content=\"https:\/\/www.manaus.am.gov.br\/semtepi\/capacitacao\/prefeitura-de-manaus-oferta-25-vagas-gratuitas-para-curso-de-cuidador-infantil\/\" \/>\n<meta property=\"og:site_name\" content=\"SEMTEPI\" \/>\n<meta property=\"article:published_time\" content=\"2023-10-18T18:46:43+00:00\" \/>\n<meta property=\"article:modified_time\" content=\"2023-10-18T18:46:44+00:00\" \/>\n<meta property=\"og:image\" content=\"https:\/\/www.manaus.am.gov.br\/semtepi\/wp-content\/uploads\/sites\/20\/2023\/10\/Curso-Qualificacao-2-1.jpeg\" \/>\n\t<meta property=\"og:image:width\" content=\"990\" \/>\n\t<meta property=\"og:image:height\" content=\"576\" \/>\n\t<meta property=\"og:image:type\" content=\"image\/jpeg\" \/>\n<meta name=\"author\" content=\"Bruna Greco\" \/>\n<meta name=\"twitter:card\" content=\"summary_large_image\" \/>\n<meta name=\"twitter:label1\" content=\"Written by\" \/>\n\t<meta name=\"twitter:data1\" content=\"Bruna Greco\" \/>\n\t<meta name=\"twitter:label2\" content=\"Est. reading time\" \/>\n\t<meta name=\"twitter:data2\" content=\"2 minutos\" \/>\n<script type=\"application\/ld+json\" class=\"yoast-schema-graph\">{\"@context\":\"https:\/\/schema.org\",\"@graph\":[{\"@type\":\"Article\",\"@id\":\"https:\/\/www.manaus.am.gov.br\/semtepi\/capacitacao\/prefeitura-de-manaus-oferta-25-vagas-gratuitas-para-curso-de-cuidador-infantil\/#article\",\"isPartOf\":{\"@id\":\"https:\/\/www.manaus.am.gov.br\/semtepi\/capacitacao\/prefeitura-de-manaus-oferta-25-vagas-gratuitas-para-curso-de-cuidador-infantil\/\"},\"author\":{\"name\":\"Bruna Greco\",\"@id\":\"https:\/\/www.manaus.am.gov.br\/semtepi\/#\/schema\/person\/05d223aea2bf115f9883a6ff3683d81b\"},\"headline\":\"Prefeitura de Manaus oferta 25 vagas gratuitas para curso de \u2018Cuidador Infantil\u2019\",\"datePublished\":\"2023-10-18T18:46:43+00:00\",\"dateModified\":\"2023-10-18T18:46:44+00:00\",\"mainEntityOfPage\":{\"@id\":\"https:\/\/www.manaus.am.gov.br\/semtepi\/capacitacao\/prefeitura-de-manaus-oferta-25-vagas-gratuitas-para-curso-de-cuidador-infantil\/\"},\"wordCount\":240,\"publisher\":{\"@id\":\"https:\/\/www.manaus.am.gov.br\/semtepi\/#organization\"},\"image\":{\"@id\":\"https:\/\/www.manaus.am.gov.br\/semtepi\/capacitacao\/prefeitura-de-manaus-oferta-25-vagas-gratuitas-para-curso-de-cuidador-infantil\/#primaryimage\"},\"thumbnailUrl\":\"https:\/\/www.manaus.am.gov.br\/semtepi\/wp-content\/uploads\/sites\/20\/2023\/10\/Curso-Qualificacao-2-1.jpeg\",\"keywords\":[\"25 vagas gratuitas\",\"capacita\u00e7\u00e3o\",\"curso de \u2018Cuidador Infantil\u2019\",\"prefeitura de manaus\",\"Semtepi\"],\"articleSection\":[\"Capacita\u00e7\u00e3o\"],\"inLanguage\":\"pt-BR\"},{\"@type\":\"WebPage\",\"@id\":\"https:\/\/www.manaus.am.gov.br\/semtepi\/capacitacao\/prefeitura-de-manaus-oferta-25-vagas-gratuitas-para-curso-de-cuidador-infantil\/\",\"url\":\"https:\/\/www.manaus.am.gov.br\/semtepi\/capacitacao\/prefeitura-de-manaus-oferta-25-vagas-gratuitas-para-curso-de-cuidador-infantil\/\",\"name\":\"Prefeitura de Manaus oferta 25 vagas gratuitas para curso de \u2018Cuidador Infantil\u2019\",\"isPartOf\":{\"@id\":\"https:\/\/www.manaus.am.gov.br\/semtepi\/#website\"},\"primaryImageOfPage\":{\"@id\":\"https:\/\/www.manaus.am.gov.br\/semtepi\/capacitacao\/prefeitura-de-manaus-oferta-25-vagas-gratuitas-para-curso-de-cuidador-infantil\/#primaryimage\"},\"image\":{\"@id\":\"https:\/\/www.manaus.am.gov.br\/semtepi\/capacitacao\/prefeitura-de-manaus-oferta-25-vagas-gratuitas-para-curso-de-cuidador-infantil\/#primaryimage\"},\"thumbnailUrl\":\"https:\/\/www.manaus.am.gov.br\/semtepi\/wp-content\/uploads\/sites\/20\/2023\/10\/Curso-Qualificacao-2-1.jpeg\",\"datePublished\":\"2023-10-18T18:46:43+00:00\",\"dateModified\":\"2023-10-18T18:46:44+00:00\",\"description\":\"A Prefeitura de Manaus, por meio da Secretaria Municipal do Trabalho, Empreendedorismo e Inova\u00e7\u00e3o (Semtepi), em parceria com o Servi\u00e7o Nacional de Aprendizagem do Com\u00e9rcio (Senac), oferta, nesta quarta-feira, 18\/10, 25 vagas gratuitas para o curso profissionalizante de \u201cCuidador Infantil\u201d,\u00a0que faz parte do projeto \u201cQualificar \u00e9 o Caminho Certo para Empreender\u201d.\",\"breadcrumb\":{\"@id\":\"https:\/\/www.manaus.am.gov.br\/semtepi\/capacitacao\/prefeitura-de-manaus-oferta-25-vagas-gratuitas-para-curso-de-cuidador-infantil\/#breadcrumb\"},\"inLanguage\":\"pt-BR\",\"potentialAction\":[{\"@type\":\"ReadAction\",\"target\":[\"https:\/\/www.manaus.am.gov.br\/semtepi\/capacitacao\/prefeitura-de-manaus-oferta-25-vagas-gratuitas-para-curso-de-cuidador-infantil\/\"]}]},{\"@type\":\"ImageObject\",\"inLanguage\":\"pt-BR\",\"@id\":\"https:\/\/www.manaus.am.gov.br\/semtepi\/capacitacao\/prefeitura-de-manaus-oferta-25-vagas-gratuitas-para-curso-de-cuidador-infantil\/#primaryimage\",\"url\":\"https:\/\/www.manaus.am.gov.br\/semtepi\/wp-content\/uploads\/sites\/20\/2023\/10\/Curso-Qualificacao-2-1.jpeg\",\"contentUrl\":\"https:\/\/www.manaus.am.gov.br\/semtepi\/wp-content\/uploads\/sites\/20\/2023\/10\/Curso-Qualificacao-2-1.jpeg\",\"width\":990,\"height\":576},{\"@type\":\"BreadcrumbList\",\"@id\":\"https:\/\/www.manaus.am.gov.br\/semtepi\/capacitacao\/prefeitura-de-manaus-oferta-25-vagas-gratuitas-para-curso-de-cuidador-infantil\/#breadcrumb\",\"itemListElement\":[{\"@type\":\"ListItem\",\"position\":1,\"name\":\"Home\",\"item\":\"https:\/\/www.manaus.am.gov.br\/semtepi\/\"},{\"@type\":\"ListItem\",\"position\":2,\"name\":\"Prefeitura de Manaus oferta 25 vagas gratuitas para curso de \u2018Cuidador Infantil\u2019\"}]},{\"@type\":\"WebSite\",\"@id\":\"https:\/\/www.manaus.am.gov.br\/semtepi\/#website\",\"url\":\"https:\/\/www.manaus.am.gov.br\/semtepi\/\",\"name\":\"SEMTEPI\",\"description\":\"Prefeitura de Manaus\",\"publisher\":{\"@id\":\"https:\/\/www.manaus.am.gov.br\/semtepi\/#organization\"},\"alternateName\":\"Secretaria Municipal do Trabalho, Empreendedorismo e Inova\u00e7\u00e3o\",\"potentialAction\":[{\"@type\":\"SearchAction\",\"target\":{\"@type\":\"EntryPoint\",\"urlTemplate\":\"https:\/\/www.manaus.am.gov.br\/semtepi\/?s={search_term_string}\"},\"query-input\":\"required name=search_term_string\"}],\"inLanguage\":\"pt-BR\"},{\"@type\":\"Organization\",\"@id\":\"https:\/\/www.manaus.am.gov.br\/semtepi\/#organization\",\"name\":\"Prefeitura Municipal de Manaus\",\"alternateName\":\"Prefeitura de Manaus\",\"url\":\"https:\/\/www.manaus.am.gov.br\/semtepi\/\",\"logo\":{\"@type\":\"ImageObject\",\"inLanguage\":\"pt-BR\",\"@id\":\"https:\/\/www.manaus.am.gov.br\/semtepi\/#\/schema\/logo\/image\/\",\"url\":\"https:\/\/www.manaus.am.gov.br\/semtepi\/wp-content\/uploads\/sites\/20\/2024\/07\/favicon.png\",\"contentUrl\":\"https:\/\/www.manaus.am.gov.br\/semtepi\/wp-content\/uploads\/sites\/20\/2024\/07\/favicon.png\",\"width\":300,\"height\":300,\"caption\":\"Prefeitura Municipal de Manaus\"},\"image\":{\"@id\":\"https:\/\/www.manaus.am.gov.br\/semtepi\/#\/schema\/logo\/image\/\"}},{\"@type\":\"Person\",\"@id\":\"https:\/\/www.manaus.am.gov.br\/semtepi\/#\/schema\/person\/05d223aea2bf115f9883a6ff3683d81b\",\"name\":\"Bruna Greco\",\"image\":{\"@type\":\"ImageObject\",\"inLanguage\":\"pt-BR\",\"@id\":\"https:\/\/www.manaus.am.gov.br\/semtepi\/#\/schema\/person\/image\/\",\"url\":\"https:\/\/secure.gravatar.com\/avatar\/9c877d1a6adc2a055330e5c09a8653ce?s=96&d=mm&r=g\",\"contentUrl\":\"https:\/\/secure.gravatar.com\/avatar\/9c877d1a6adc2a055330e5c09a8653ce?s=96&d=mm&r=g\",\"caption\":\"Bruna Greco\"}}]}<\/script>\n<!-- \/ Yoast SEO plugin. -->","yoast_head_json":{"title":"Prefeitura de Manaus oferta 25 vagas gratuitas para curso de \u2018Cuidador Infantil\u2019","description":"A Prefeitura de Manaus, por meio da Secretaria Municipal do Trabalho, Empreendedorismo e Inova\u00e7\u00e3o (Semtepi), em parceria com o Servi\u00e7o Nacional de Aprendizagem do Com\u00e9rcio (Senac), oferta, nesta quarta-feira, 18\/10, 25 vagas gratuitas para o curso profissionalizante de \u201cCuidador Infantil\u201d,\u00a0que faz parte do projeto \u201cQualificar \u00e9 o Caminho Certo para Empreender\u201d.","robots":{"index":"noindex","follow":"follow"},"og_locale":"pt_BR","og_type":"article","og_title":"Prefeitura de Manaus oferta 25 vagas gratuitas para curso de \u2018Cuidador Infantil\u2019","og_description":"A Prefeitura de Manaus, por meio da Secretaria Municipal do Trabalho, Empreendedorismo e Inova\u00e7\u00e3o (Semtepi), em parceria com o Servi\u00e7o Nacional de Aprendizagem do Com\u00e9rcio (Senac), oferta, nesta quarta-feira, 18\/10, 25 vagas gratuitas para o curso profissionalizante de \u201cCuidador Infantil\u201d,\u00a0que faz parte do projeto \u201cQualificar \u00e9 o Caminho Certo para Empreender\u201d.","og_url":"https:\/\/www.manaus.am.gov.br\/semtepi\/capacitacao\/prefeitura-de-manaus-oferta-25-vagas-gratuitas-para-curso-de-cuidador-infantil\/","og_site_name":"SEMTEPI","article_published_time":"2023-10-18T18:46:43+00:00","article_modified_time":"2023-10-18T18:46:44+00:00","og_image":[{"width":990,"height":576,"url":"https:\/\/www.manaus.am.gov.br\/semtepi\/wp-content\/uploads\/sites\/20\/2023\/10\/Curso-Qualificacao-2-1.jpeg","type":"image\/jpeg"}],"author":"Bruna Greco","twitter_card":"summary_large_image","twitter_misc":{"Written by":"Bruna Greco","Est. reading time":"2 minutos"},"schema":{"@context":"https:\/\/schema.org","@graph":[{"@type":"Article","@id":"https:\/\/www.manaus.am.gov.br\/semtepi\/capacitacao\/prefeitura-de-manaus-oferta-25-vagas-gratuitas-para-curso-de-cuidador-infantil\/#article","isPartOf":{"@id":"https:\/\/www.manaus.am.gov.br\/semtepi\/capacitacao\/prefeitura-de-manaus-oferta-25-vagas-gratuitas-para-curso-de-cuidador-infantil\/"},"author":{"name":"Bruna Greco","@id":"https:\/\/www.manaus.am.gov.br\/semtepi\/#\/schema\/person\/05d223aea2bf115f9883a6ff3683d81b"},"headline":"Prefeitura de Manaus oferta 25 vagas gratuitas para curso de \u2018Cuidador Infantil\u2019","datePublished":"2023-10-18T18:46:43+00:00","dateModified":"2023-10-18T18:46:44+00:00","mainEntityOfPage":{"@id":"https:\/\/www.manaus.am.gov.br\/semtepi\/capacitacao\/prefeitura-de-manaus-oferta-25-vagas-gratuitas-para-curso-de-cuidador-infantil\/"},"wordCount":240,"publisher":{"@id":"https:\/\/www.manaus.am.gov.br\/semtepi\/#organization"},"image":{"@id":"https:\/\/www.manaus.am.gov.br\/semtepi\/capacitacao\/prefeitura-de-manaus-oferta-25-vagas-gratuitas-para-curso-de-cuidador-infantil\/#primaryimage"},"thumbnailUrl":"https:\/\/www.manaus.am.gov.br\/semtepi\/wp-content\/uploads\/sites\/20\/2023\/10\/Curso-Qualificacao-2-1.jpeg","keywords":["25 vagas gratuitas","capacita\u00e7\u00e3o","curso de \u2018Cuidador Infantil\u2019","prefeitura de manaus","Semtepi"],"articleSection":["Capacita\u00e7\u00e3o"],"inLanguage":"pt-BR"},{"@type":"WebPage","@id":"https:\/\/www.manaus.am.gov.br\/semtepi\/capacitacao\/prefeitura-de-manaus-oferta-25-vagas-gratuitas-para-curso-de-cuidador-infantil\/","url":"https:\/\/www.manaus.am.gov.br\/semtepi\/capacitacao\/prefeitura-de-manaus-oferta-25-vagas-gratuitas-para-curso-de-cuidador-infantil\/","name":"Prefeitura de Manaus oferta 25 vagas gratuitas para curso de \u2018Cuidador Infantil\u2019","isPartOf":{"@id":"https:\/\/www.manaus.am.gov.br\/semtepi\/#website"},"primaryImageOfPage":{"@id":"https:\/\/www.manaus.am.gov.br\/semtepi\/capacitacao\/prefeitura-de-manaus-oferta-25-vagas-gratuitas-para-curso-de-cuidador-infantil\/#primaryimage"},"image":{"@id":"https:\/\/www.manaus.am.gov.br\/semtepi\/capacitacao\/prefeitura-de-manaus-oferta-25-vagas-gratuitas-para-curso-de-cuidador-infantil\/#primaryimage"},"thumbnailUrl":"https:\/\/www.manaus.am.gov.br\/semtepi\/wp-content\/uploads\/sites\/20\/2023\/10\/Curso-Qualificacao-2-1.jpeg","datePublished":"2023-10-18T18:46:43+00:00","dateModified":"2023-10-18T18:46:44+00:00","description":"A Prefeitura de Manaus, por meio da Secretaria Municipal do Trabalho, Empreendedorismo e Inova\u00e7\u00e3o (Semtepi), em parceria com o Servi\u00e7o Nacional de Aprendizagem do Com\u00e9rcio (Senac), oferta, nesta quarta-feira, 18\/10, 25 vagas gratuitas para o curso profissionalizante de \u201cCuidador Infantil\u201d,\u00a0que faz parte do projeto \u201cQualificar \u00e9 o Caminho Certo para Empreender\u201d.","breadcrumb":{"@id":"https:\/\/www.manaus.am.gov.br\/semtepi\/capacitacao\/prefeitura-de-manaus-oferta-25-vagas-gratuitas-para-curso-de-cuidador-infantil\/#breadcrumb"},"inLanguage":"pt-BR","potentialAction":[{"@type":"ReadAction","target":["https:\/\/www.manaus.am.gov.br\/semtepi\/capacitacao\/prefeitura-de-manaus-oferta-25-vagas-gratuitas-para-curso-de-cuidador-infantil\/"]}]},{"@type":"ImageObject","inLanguage":"pt-BR","@id":"https:\/\/www.manaus.am.gov.br\/semtepi\/capacitacao\/prefeitura-de-manaus-oferta-25-vagas-gratuitas-para-curso-de-cuidador-infantil\/#primaryimage","url":"https:\/\/www.manaus.am.gov.br\/semtepi\/wp-content\/uploads\/sites\/20\/2023\/10\/Curso-Qualificacao-2-1.jpeg","contentUrl":"https:\/\/www.manaus.am.gov.br\/semtepi\/wp-content\/uploads\/sites\/20\/2023\/10\/Curso-Qualificacao-2-1.jpeg","width":990,"height":576},{"@type":"BreadcrumbList","@id":"https:\/\/www.manaus.am.gov.br\/semtepi\/capacitacao\/prefeitura-de-manaus-oferta-25-vagas-gratuitas-para-curso-de-cuidador-infantil\/#breadcrumb","itemListElement":[{"@type":"ListItem","position":1,"name":"Home","item":"https:\/\/www.manaus.am.gov.br\/semtepi\/"},{"@type":"ListItem","position":2,"name":"Prefeitura de Manaus oferta 25 vagas gratuitas para curso de \u2018Cuidador Infantil\u2019"}]},{"@type":"WebSite","@id":"https:\/\/www.manaus.am.gov.br\/semtepi\/#website","url":"https:\/\/www.manaus.am.gov.br\/semtepi\/","name":"SEMTEPI","description":"Prefeitura de Manaus","publisher":{"@id":"https:\/\/www.manaus.am.gov.br\/semtepi\/#organization"},"alternateName":"Secretaria Municipal do Trabalho, Empreendedorismo e Inova\u00e7\u00e3o","potentialAction":[{"@type":"SearchAction","target":{"@type":"EntryPoint","urlTemplate":"https:\/\/www.manaus.am.gov.br\/semtepi\/?s={search_term_string}"},"query-input":"required name=search_term_string"}],"inLanguage":"pt-BR"},{"@type":"Organization","@id":"https:\/\/www.manaus.am.gov.br\/semtepi\/#organization","name":"Prefeitura Municipal de Manaus","alternateName":"Prefeitura de Manaus","url":"https:\/\/www.manaus.am.gov.br\/semtepi\/","logo":{"@type":"ImageObject","inLanguage":"pt-BR","@id":"https:\/\/www.manaus.am.gov.br\/semtepi\/#\/schema\/logo\/image\/","url":"https:\/\/www.manaus.am.gov.br\/semtepi\/wp-content\/uploads\/sites\/20\/2024\/07\/favicon.png","contentUrl":"https:\/\/www.manaus.am.gov.br\/semtepi\/wp-content\/uploads\/sites\/20\/2024\/07\/favicon.png","width":300,"height":300,"caption":"Prefeitura Municipal de Manaus"},"image":{"@id":"https:\/\/www.manaus.am.gov.br\/semtepi\/#\/schema\/logo\/image\/"}},{"@type":"Person","@id":"https:\/\/www.manaus.am.gov.br\/semtepi\/#\/schema\/person\/05d223aea2bf115f9883a6ff3683d81b","name":"Bruna Greco","image":{"@type":"ImageObject","inLanguage":"pt-BR","@id":"https:\/\/www.manaus.am.gov.br\/semtepi\/#\/schema\/person\/image\/","url":"https:\/\/secure.gravatar.com\/avatar\/9c877d1a6adc2a055330e5c09a8653ce?s=96&d=mm&r=g","contentUrl":"https:\/\/secure.gravatar.com\/avatar\/9c877d1a6adc2a055330e5c09a8653ce?s=96&d=mm&r=g","caption":"Bruna Greco"}}]}},"_links":{"self":[{"href":"https:\/\/www.manaus.am.gov.br\/semtepi\/wp-json\/wp\/v2\/posts\/2808"}],"collection":[{"href":"https:\/\/www.manaus.am.gov.br\/semtepi\/wp-json\/wp\/v2\/posts"}],"about":[{"href":"https:\/\/www.manaus.am.gov.br\/semtepi\/wp-json\/wp\/v2\/types\/post"}],"author":[{"embeddable":true,"href":"https:\/\/www.manaus.am.gov.br\/semtepi\/wp-json\/wp\/v2\/users\/39"}],"replies":[{"embeddable":true,"href":"https:\/\/www.manaus.am.gov.br\/semtepi\/wp-json\/wp\/v2\/comments?post=2808"}],"version-history":[{"count":0,"href":"https:\/\/www.manaus.am.gov.br\/semtepi\/wp-json\/wp\/v2\/posts\/2808\/revisions"}],"wp:featuredmedia":[{"embeddable":true,"href":"https:\/\/www.manaus.am.gov.br\/semtepi\/wp-json\/wp\/v2\/media\/2809"}],"wp:attachment":[{"href":"https:\/\/www.manaus.am.gov.br\/semtepi\/wp-json\/wp\/v2\/media?parent=2808"}],"wp:term":[{"taxonomy":"category","embeddable":true,"href":"https:\/\/www.manaus.am.gov.br\/semtepi\/wp-json\/wp\/v2\/categories?post=2808"},{"taxonomy":"post_tag","embeddable":true,"href":"https:\/\/www.manaus.am.gov.br\/semtepi\/wp-json\/wp\/v2\/tags?post=2808"}],"curies":[{"name":"wp","href":"https:\/\/api.w.org\/{rel}","templated":true}]}}