{"id":2806,"date":"2023-10-17T15:30:11","date_gmt":"2023-10-17T19:30:11","guid":{"rendered":"https:\/\/www.manaus.am.gov.br\/semtepi\/sem-categoria\/sine-manaus-oferta-1-079-vagas-de-emprego-nesta-quarta-feira-18-10\/"},"modified":"2023-10-17T15:30:13","modified_gmt":"2023-10-17T19:30:13","slug":"sine-manaus-oferta-1-079-vagas-de-emprego-nesta-quarta-feira-18-10","status":"publish","type":"post","link":"https:\/\/www.manaus.am.gov.br\/semtepi\/oportunidade\/sine-manaus-oferta-1-079-vagas-de-emprego-nesta-quarta-feira-18-10\/","title":{"rendered":"<strong>Sine Manaus oferta 1.079 vagas de emprego nesta quarta-feira, 18\/10<\/strong>"},"content":{"rendered":"\n<p>A Prefeitura de Manaus, por meio do Sine Manaus, oferta 1.079 vagas de emprego em v\u00e1rias \u00e1reas de atua\u00e7\u00e3o, nesta quarta-feira, 18\/10,&nbsp;de 8h \u00e0s 16h. O candidato precisa validar a Carteira Digital e Previd\u00eancia Social (CTPS) no aplicativo \u201cCarteira de Trabalho Digital\u201d ou acessar o site&nbsp;<a href=\"http:\/\/gov.br\/trabalho\" target=\"_blank\" rel=\"noreferrer noopener\">http:\/\/gov.br\/trabalho<\/a>&nbsp;e para concorrer \u00e0s vagas, deve acessar o site&nbsp;<a href=\"http:\/\/empregabrasil.mte.gov.br\/\" target=\"_blank\" rel=\"noreferrer noopener\">http:\/\/empregabrasil.mte.gov.br<\/a>&nbsp;para fazer a solicita\u00e7\u00e3o de cadastro.<\/p>\n\n\n\n<p>Para participar da pr\u00e9-sele\u00e7\u00e3o e concorrer a uma das vagas dispon\u00edveis, ou receber orienta\u00e7\u00e3o de cadastro, Carteira de Trabalho Digital e seguro-desemprego, os candidatos devem comparecer a um dos postos do Sine Manaus: na avenida Constantino Nery, n\u00ba 1.272, bairro S\u00e3o Geraldo, zona Centro-Sul; ou no shopping Phelippe Daou, na avenida Camapu\u00e3, n\u00ba 2.939, bairro Cidade de Deus, zona Leste.<\/p>\n\n\n\n<p>A Semtepi informa que o atendimento no posto do shopping Phelippe Daou foi reduzido em virtude de reforma no espa\u00e7o, e orienta os cidad\u00e3os a comparecerem, preferencialmente, ao posto da avenida Constantino Nery.<\/p>\n\n\n\n<p>Os interessados devem estar munidos do comprovante de vacina\u00e7\u00e3o (Covid-19), curr\u00edculo e documentos pessoais (RG, CPF, PIS, CTPS, comprovante de escolaridade e resid\u00eancia). N\u00e3o \u00e9 necess\u00e1rio apresentar c\u00f3pias, somente os documentos originais.<\/p>\n\n\n\n<p><strong>Vagas Novas \u2013 565<\/strong><\/p>\n\n\n\n<p><strong>1 vaga \u2013 Promotor de Vendas<\/strong><\/p>\n\n\n\n<p>Escolaridade \u2013 ensino m\u00e9dio completo;<\/p>\n\n\n\n<p>Experi\u00eancia \u2013 tr\u00eas meses na Carteira de Trabalho;<\/p>\n\n\n\n<p>Atividades \u2013 realizar controle de estoque, posicionamento de produtos e organiza\u00e7\u00e3o do merchandising da empresa.<\/p>\n\n\n\n<p>Dispon\u00edvel at\u00e9 18\/10\/2023 ou encerramento da vaga.<\/p>\n\n\n\n<p><strong>10 vagas \u2013 Peixeiro<\/strong><\/p>\n\n\n\n<p>Escolaridade \u2013 ensino fundamental incompleto;<\/p>\n\n\n\n<p>Experi\u00eancia \u2013 seis meses na Carteira de Trabalho ou avulsa;<\/p>\n\n\n\n<p>Requisitos obrigat\u00f3rios \u2013 residir no bairro Alvorada ou adjac\u00eancias;<\/p>\n\n\n\n<p>Atividades \u2013 limpar e tratar peixes; atender \u00e0s solicita\u00e7\u00f5es dos clientes no balc\u00e3o, moendo, fatiando, pesando, precificando e embalando os pedidos.<\/p>\n\n\n\n<p>Dispon\u00edvel at\u00e9 18\/10\/2023 ou encerramento da vaga.<\/p>\n\n\n\n<p><strong>1 vaga \u2013 T\u00e9cnico de Engenharia Civil<\/strong><\/p>\n\n\n\n<p>Escolaridade \u2013 ensino t\u00e9cnico completo;<\/p>\n\n\n\n<p>Experi\u00eancia \u2013 registrada na Carteira de Trabalho;<\/p>\n\n\n\n<p>Requisitos obrigat\u00f3rios \u2013 ter conhecimento em processos licitat\u00f3rios, pacote Office avan\u00e7ado e Carteira Nacional de Habilita\u00e7\u00e3o categoria \u201cB\u201d dentro do prazo de validade;<\/p>\n\n\n\n<p>Atividades \u2013 desenvolver e legalizar projetos de edifica\u00e7\u00f5es sob supervis\u00e3o de um engenheiro civil; planejar a execu\u00e7\u00e3o, or\u00e7ar e providenciar suprimentos; supervisionar a execu\u00e7\u00e3o de obras e servi\u00e7os.<\/p>\n\n\n\n<p>Dispon\u00edvel at\u00e9 18\/10\/2023 ou encerramento da vaga.<\/p>\n\n\n\n<p><strong>1 vaga \u2013 Agente de Manuten\u00e7\u00e3o<\/strong><\/p>\n\n\n\n<p>Escolaridade \u2013 ensino fundamental completo;<\/p>\n\n\n\n<p>Experi\u00eancia \u2013 registrada na Carteira de Trabalho;<\/p>\n\n\n\n<p>Requisitos obrigat\u00f3rios \u2013 ter experi\u00eancia com instala\u00e7\u00f5es de c\u00e2meras em ve\u00edculos e sensor de r\u00e9; ter disponibilidade para viagens e trabalho sob escala 12&#215;8;<\/p>\n\n\n\n<p>Atividades \u2013 executar servi\u00e7os de manuten\u00e7\u00e3o el\u00e9trica, mec\u00e2nica, hidr\u00e1ulica, carpintaria e alvenaria, substituindo, trocando, limpando, reparando e instalando pe\u00e7as, componentes e equipamentos, entre outras atividades correlatas.<\/p>\n\n\n\n<p>Dispon\u00edvel at\u00e9 18\/10\/2023 ou encerramento da vaga.<\/p>\n\n\n\n<p><strong>500 vagas \u2013 Auxiliar Operacional<\/strong><\/p>\n\n\n\n<p>Escolaridade &#8211; ensino fundamental completo;<\/p>\n\n\n\n<p>Experi\u00eancia \u2013 n\u00e3o \u00e9 necess\u00e1rio;<\/p>\n\n\n\n<p>Requisitos obrigat\u00f3rios \u2013 vaga direcionada a candidatos que buscam novos desafios, com atua\u00e7\u00e3o na cidade de Nova Mutum (MT); a empresa arcar\u00e1 com os custos de transporte de ida para a cidade e disponibilizar\u00e1 alojamento para moradia;<\/p>\n\n\n\n<p>Atividades \u2013 atuar como operador de produ\u00e7\u00e3o; prestar aux\u00edlio na produ\u00e7\u00e3o de embutidos (salsicha, linguicinha, Bolonha e calabresa). Vaga estendida a Pessoas com Defici\u00eancia (PcD).<\/p>\n\n\n\n<p>Dispon\u00edvel at\u00e9 18\/10\/2023 ou encerramento da vaga.<\/p>\n\n\n\n<p><strong>2 vagas \u2013 Torneiro Mec\u00e2nico&nbsp;<\/strong><\/p>\n\n\n\n<p>Escolaridade \u2013 ensino m\u00e9dio completo;<\/p>\n\n\n\n<p>Experi\u00eancia \u2013 registrada na Carteira de Trabalho;<\/p>\n\n\n\n<p>Atividades \u2013 preparar, regular e operar m\u00e1quinas-ferramenta que usinam pe\u00e7as de metal e comp\u00f3sitos; controlar os par\u00e2metros e a qualidade das pe\u00e7as usinadas; aplicar procedimentos de seguran\u00e7a \u00e0s tarefas realizadas; planejar sequ\u00eancias de opera\u00e7\u00f5es e executar c\u00e1lculos t\u00e9cnicos; implementar a\u00e7\u00f5es de preserva\u00e7\u00e3o do meio ambiente; preparar ou operar as m\u00e1quinas-ferramenta.<\/p>\n\n\n\n<p>Dispon\u00edvel at\u00e9 18\/10\/2023 ou encerramento da vaga.<\/p>\n\n\n\n<p><strong>2 vagas \u2013 Soldador<\/strong><\/p>\n\n\n\n<p>Escolaridade \u2013 ensino m\u00e9dio completo;<\/p>\n\n\n\n<p>Experi\u00eancia \u2013 registrada na Carteira de Trabalho;<\/p>\n\n\n\n<p>Requisitos obrigat\u00f3rios \u2013 ter experi\u00eancia com MIG, MAG e Eletrodo;<\/p>\n\n\n\n<p>Atividades \u2013 unir e cortar pe\u00e7as de ligas met\u00e1licas usando processos de soldagem e corte, como eletrodo revestido, TIG, MIG, MAG, oxig\u00e1s, arco submerso, brasagem e plasma; preparar equipamentos, acess\u00f3rios, consum\u00edveis de soldagem e corte e pe\u00e7as a serem soldadas; aplicar estritas normas de seguran\u00e7a, organiza\u00e7\u00e3o do local de trabalho e meio ambiente.<\/p>\n\n\n\n<p>Dispon\u00edvel at\u00e9 18\/10\/2023 ou encerramento da vaga.<\/p>\n\n\n\n<p><strong>1 vaga \u2013 Auxiliar Administrativo<\/strong><\/p>\n\n\n\n<p>Escolaridade \u2013 ensino m\u00e9dio completo;<\/p>\n\n\n\n<p>Experi\u00eancia \u2013 registrada na Carteira de Trabalho;<\/p>\n\n\n\n<p>Requisitos obrigat\u00f3rios \u2013 ter disponibilidade de hor\u00e1rio, experi\u00eancia com recursos humanos e inform\u00e1tica avan\u00e7ada;<\/p>\n\n\n\n<p>Atividades \u2013 executar servi\u00e7os de apoio nas \u00e1reas de recursos humanos, administra\u00e7\u00e3o, finan\u00e7as e log\u00edstica; atender fornecedores e clientes; fornecer e receber informa\u00e7\u00f5es sobre produtos e servi\u00e7os; gerenciar documentos variados, cumprindo todo o procedimento necess\u00e1rio; preparar relat\u00f3rios e planilhas; executar servi\u00e7os gerais de escrit\u00f3rios.<\/p>\n\n\n\n<p>Dispon\u00edvel at\u00e9 18\/10\/2023 ou encerramento da vaga.<\/p>\n\n\n\n<p><strong>1 vaga \u2013 Agente de Portaria<\/strong><\/p>\n\n\n\n<p>Escolaridade \u2013 ensino m\u00e9dio completo;<\/p>\n\n\n\n<p>Experi\u00eancia \u2013 n\u00e3o \u00e9 necess\u00e1rio;<\/p>\n\n\n\n<p>Requisitos obrigat\u00f3rios \u2013 residir nos bairros Coroado, Aleixo ou Japiim; ter curso de Agente de Portaria atualizado;<\/p>\n\n\n\n<p>Atividades \u2013 zelar pela guarda do patrim\u00f4nio e exercer a vigil\u00e2ncia de f\u00e1bricas, armaz\u00e9ns, resid\u00eancias, estacionamentos, edif\u00edcios p\u00fablicos, privados e outros estabelecimentos, percorrendo-os sistematicamente e inspecionando suas depend\u00eancias, para evitar inc\u00eandios, roubos, entrada de pessoas estranhas e outras anormalidades; controlar fluxo de pessoas, identificando e encaminhando para os lugares desejados; escoltar pessoas e mercadorias; fazer manuten\u00e7\u00f5es simples nos locais de trabalho.<\/p>\n\n\n\n<p>Dispon\u00edvel at\u00e9 18\/10\/2023 ou encerramento da vaga.<\/p>\n\n\n\n<p><strong>10 vagas \u2013 Auxiliar de Produ\u00e7\u00e3o \u2013 vagas exclusivas para Pessoas com Defici\u00eancia (PcD)<\/strong><\/p>\n\n\n\n<p>Escolaridade \u2013 ensino m\u00e9dio completo;<\/p>\n\n\n\n<p>Experi\u00eancia \u2013 seis meses na Carteira de Trabalho;<\/p>\n\n\n\n<p>Atividades \u2013 preparar materiais para alimenta\u00e7\u00e3o de linhas de produ\u00e7\u00e3o; organizar a \u00e1rea de servi\u00e7o; abastecer linhas de produ\u00e7\u00e3o; alimentar m\u00e1quinas e separar materiais para reaproveitamento.<\/p>\n\n\n\n<p>Dispon\u00edvel at\u00e9 18\/10\/2023 ou encerramento da vaga.<\/p>\n\n\n\n<p><strong>1 vaga \u2013 Assistente T\u00e9cnico<\/strong><\/p>\n\n\n\n<p>Escolaridade \u2013 ensino t\u00e9cnico cursando em eletr\u00f4nica ou inform\u00e1tica;<\/p>\n\n\n\n<p>Experi\u00eancia \u2013 registrada na Carteira de Trabalho;<\/p>\n\n\n\n<p>Requisitos obrigat\u00f3rios \u2013 ter curso de planilha Excel avan\u00e7ado;<\/p>\n\n\n\n<p>Atividades \u2013 instalar aparelhos eletr\u00f4nicos; desenvolver dispositivos de circuitos eletr\u00f4nicos; fazer manuten\u00e7\u00f5es corretivas, preventivas e preditivas; sugerir mudan\u00e7as no processo de produ\u00e7\u00e3o; criar e implementar dispositivos de automa\u00e7\u00e3o.<\/p>\n\n\n\n<p><strong>1 vaga \u2013 Motorista Entregador&nbsp;&nbsp;<\/strong><\/p>\n\n\n\n<p>Escolaridade \u2013 ensino m\u00e9dio completo;<\/p>\n\n\n\n<p>Experi\u00eancia \u2013 registrada na Carteira de Trabalho;<\/p>\n\n\n\n<p>Requisitos obrigat\u00f3rios \u2013 ter curso de Inform\u00e1tica b\u00e1sica;<\/p>\n\n\n\n<p>Atividades \u2013 dirigir e manobrar motocicletas; transportar cargas; efetuar pagamentos e recebimentos no desempenho das atividades; trabalhar seguindo normas de seguran\u00e7a, higiene, qualidade e prote\u00e7\u00e3o ao meio ambiente.<\/p>\n\n\n\n<p>Dispon\u00edvel at\u00e9 18\/10\/2023 ou encerramento da vaga.<\/p>\n\n\n\n<p><strong>3 vagas \u2013 Servente de Obras<\/strong><\/p>\n\n\n\n<p>Escolaridade \u2013 ensino fundamental completo;<\/p>\n\n\n\n<p>Experi\u00eancia \u2013 seis meses na Carteira de Trabalho;<\/p>\n\n\n\n<p>Atividades \u2013 organizar e preparar o local de trabalho na obra; construir funda\u00e7\u00f5es e estruturas de alvenaria; aplicar revestimentos e contrapisos.<\/p>\n\n\n\n<p>Dispon\u00edvel at\u00e9 18\/10\/2023 ou encerramento da vaga.<\/p>\n\n\n\n<p><strong>1 vaga \u2013 Ajudante de Motorista&nbsp;<\/strong><\/p>\n\n\n\n<p>Escolaridade \u2013 ensino m\u00e9dio completo;<\/p>\n\n\n\n<p>Experi\u00eancia \u2013 registrada na Carteira de Trabalho;<\/p>\n\n\n\n<p>Atividades \u2013 preparar cargas e descargas de mercadorias; movimentar e fixar mercadorias e cargas em caminh\u00f5es e vag\u00f5es; entregar e coletar encomendas; manusear cargas especiais; reparar embalagens danificadas e controlar a qualidade dos servi\u00e7os prestados; operar equipamentos de carga e descarga; conectar tubula\u00e7\u00f5es \u00e0s instala\u00e7\u00f5es de embarque de cargas; estabelecer comunica\u00e7\u00e3o, emitir, receber e verificar mensagens, notificando e solicitando informa\u00e7\u00f5es, autoriza\u00e7\u00f5es e orienta\u00e7\u00f5es de transporte, embarque e desembarque de mercadorias.<\/p>\n\n\n\n<p>Dispon\u00edvel at\u00e9 18\/10\/2023 ou encerramento da vaga.<\/p>\n\n\n\n<p><strong>2 vagas \u2013 Vendedor Interno<\/strong><\/p>\n\n\n\n<p>Escolaridade \u2013 ensino m\u00e9dio completo;<\/p>\n\n\n\n<p>Experi\u00eancia \u2013 registrada na Carteira de Trabalho;<\/p>\n\n\n\n<p>Requisitos obrigat\u00f3rios \u2013 ter experi\u00eancia com materiais de constru\u00e7\u00e3o, disponibilidade de hor\u00e1rio e Inform\u00e1tica b\u00e1sica;<\/p>\n\n\n\n<p>Atividades \u2013 vender mercadorias em estabelecimentos do com\u00e9rcio varejista ou atacadista, auxiliando os clientes na escolha; registrar entrada e sa\u00edda de mercadorias; promover a venda de mercadorias e demonstrar seu funcionamento; informar sobre as qualidades e vantagens dos produtos; expor mercadorias de forma atrativa, em pontos estrat\u00e9gicos de vendas; prestar servi\u00e7os aos clientes, como troca de mercadorias, abastecimento de ve\u00edculos e outros servi\u00e7os correlatos; fazer invent\u00e1rio de mercadorias para reposi\u00e7\u00e3o; elaborar relat\u00f3rios de vendas, promo\u00e7\u00f5es, demonstra\u00e7\u00f5es e pesquisa de pre\u00e7os.<\/p>\n\n\n\n<p>Dispon\u00edvel at\u00e9 18\/10\/2023 ou encerramento da vaga.<\/p>\n\n\n\n<p><strong>1 vaga \u2013 Art\u00edfice de Manuten\u00e7\u00e3o&nbsp;<\/strong><\/p>\n\n\n\n<p>Escolaridade \u2013 ensino m\u00e9dio completo;<\/p>\n\n\n\n<p>Experi\u00eancia \u2013 seis meses na Carteira de Trabalho;<\/p>\n\n\n\n<p>Requisitos obrigat\u00f3rios \u2013 ter cursos de NR-10 ou 35;<\/p>\n\n\n\n<p>Atividades \u2013 identificar instala\u00e7\u00f5es hidrossanit\u00e1rias, esgoto a v\u00e1cuo e aquecedores a g\u00e1s; executar instala\u00e7\u00f5es hidrossanit\u00e1rias e de esgoto a v\u00e1cuo em PVC, CPVC, cobre e ferro, e de bombas do sistema hidrossanit\u00e1rias e esgoto a v\u00e1cuo; montar, instalar e reparar circuitos el\u00e9tricos de baixa tens\u00e3o em geral; consertar motores de bombas; avaliar e instalar equipamentos el\u00e9tricos; realizar manuten\u00e7\u00e3o preventiva em subesta\u00e7\u00f5es de m\u00e9dia tens\u00e3o; realizar testes para identificar e localizar defeitos na instala\u00e7\u00e3o e no funcionamento dos equipamentos; realizar inspe\u00e7\u00f5es rotineiras com elabora\u00e7\u00e3o de relat\u00f3rios; realizar outras atribui\u00e7\u00f5es inerentes \u00e0 fun\u00e7\u00e3o.<\/p>\n\n\n\n<p>Dispon\u00edvel at\u00e9 18\/10\/2023 ou encerramento da vaga.<\/p>\n\n\n\n<p><strong>1 vaga \u2013 Auxiliar de Limpeza<\/strong><\/p>\n\n\n\n<p>Escolaridade \u2013 ensino fundamental completo;<\/p>\n\n\n\n<p>Experi\u00eancia \u2013 seis meses na Carteira de Trabalho;<\/p>\n\n\n\n<p>Requisitos obrigat\u00f3rios \u2013 ter Carteira Nacional de Habilita\u00e7\u00e3o categoria \u201cA\u201d dentro do prazo de validade;<\/p>\n\n\n\n<p>Atividades \u2013 limpar e conservar banheiros e demais ambientes internos e externos, executando limpeza \u00famida e seca; realizar coleta de lixo comum e recicl\u00e1vel; limpar portas e janelas de vidro, paredes e teto; cuidar dos vasos de plantas internas; varrer ambientes externos, coletando folhas secas e buscando contribuir para manter o ambiente agrad\u00e1vel; limpar cozinhas, \u00e1rea de servi\u00e7o, garagens, p\u00e1tios, assoalhos, m\u00f3veis, carpetes e tapetes, abastecendo os ambientes com materiais; executar outras tarefas relacionadas \u00e0 \u00e1rea.<\/p>\n\n\n\n<p>Dispon\u00edvel at\u00e9 18\/10\/2023 ou encerramento da vaga.<\/p>\n\n\n\n<p><strong>1 vaga \u2013 Auxiliar de Limpeza<\/strong><\/p>\n\n\n\n<p>Escolaridade \u2013 ensino fundamental completo;<\/p>\n\n\n\n<p>Experi\u00eancia \u2013 seis meses na Carteira de Trabalho;<\/p>\n\n\n\n<p>Atividades \u2013 limpar e conservar banheiros e demais ambientes internos e externos, executando limpeza \u00famida e seca; realizar coleta de lixo comum e recicl\u00e1vel; limpar portas e janelas de vidro, paredes e teto; cuidar dos vasos de plantas internas; varrer ambientes externos, coletando folhas secas e buscando contribuir para manter o ambiente agrad\u00e1vel; limpar cozinhas, \u00e1rea de servi\u00e7o, garagens, p\u00e1tios, assoalhos, m\u00f3veis, carpetes e tapetes, abastecendo os ambientes com materiais; executar outras tarefas relacionadas \u00e0 \u00e1rea.<\/p>\n\n\n\n<p>Dispon\u00edvel at\u00e9 18\/10\/2023 ou encerramento da vaga.<\/p>\n\n\n\n<p><strong>1 vaga \u2013 A\u00e7ougueiro<\/strong><\/p>\n\n\n\n<p>Escolaridade \u2013 ensino fundamental completo;<\/p>\n\n\n\n<p>Experi\u00eancia \u2013 seis meses na Carteira de Trabalho ou avulso;<\/p>\n\n\n\n<p>Atividades \u2013 realizar atividades relacionadas ao recebimento de animais abatidos, como prepara\u00e7\u00e3o e conserva\u00e7\u00e3o para a utiliza\u00e7\u00e3o; realizar a desossa e limpeza de carnes vermelhas e brancas; preparar as pe\u00e7as de acordo com as instru\u00e7\u00f5es recebidas da cozinha.<\/p>\n\n\n\n<p>Dispon\u00edvel at\u00e9 18\/10\/2023 ou encerramento da vaga.<\/p>\n\n\n\n<p><strong>1 vaga \u2013 Peixeiro<\/strong><\/p>\n\n\n\n<p>Escolaridade \u2013 ensino fundamental completo;<\/p>\n\n\n\n<p>Experi\u00eancia \u2013 seis meses na Carteira de Trabalho ou avulso;<\/p>\n\n\n\n<p>Atividades \u2013 realizar venda de peixes, crust\u00e1ceos e mariscos; escolher, preparar e conservar peixes.<\/p>\n\n\n\n<p>Dispon\u00edvel at\u00e9 18\/10\/2023 ou encerramento da vaga.<\/p>\n\n\n\n<p><strong>1 vaga \u2013 Auxiliar de Departamento Pessoal<\/strong><\/p>\n\n\n\n<p>Escolaridade \u2013 ensino m\u00e9dio completo;<\/p>\n\n\n\n<p>Experi\u00eancia \u2013 seis meses na Carteira de Trabalho;<\/p>\n\n\n\n<p>Requisitos obrigat\u00f3rios \u2013 ter curso de Inform\u00e1tica avan\u00e7ada;<\/p>\n\n\n\n<p>Atividades \u2013 executar servi\u00e7os de apoio nas \u00e1reas de recursos humanos, administra\u00e7\u00e3o, finan\u00e7as e log\u00edstica; atender fornecedores e clientes; fornecer e receber informa\u00e7\u00f5es sobre produtos e servi\u00e7os; gerenciar variados, cumprindo todo o procedimento necess\u00e1rio.<\/p>\n\n\n\n<p>Dispon\u00edvel at\u00e9 18\/10\/2023 ou encerramento da vaga.<\/p>\n\n\n\n<p><strong>1 vaga \u2013 Auxiliar de Limpeza&nbsp;&nbsp;<\/strong><\/p>\n\n\n\n<p>Escolaridade \u2013 ensino m\u00e9dio completo;<\/p>\n\n\n\n<p>Experi\u00eancia \u2013 seis meses na Carteira de Trabalho;<\/p>\n\n\n\n<p>Requisitos obrigat\u00f3rios \u2013 residir no bairro Ponta Negra ou adjac\u00eancias;<\/p>\n\n\n\n<p>Atividades \u2013 executar trabalhos de limpeza em geral em edif\u00edcios e outros locais, para manuten\u00e7\u00e3o das condi\u00e7\u00f5es de higiene e conserva\u00e7\u00e3o do ambiente, coletando o lixo.<\/p>\n\n\n\n<p>Dispon\u00edvel at\u00e9 18\/10\/2023 ou encerramento da vaga.<\/p>\n\n\n\n<p><strong>1 vaga \u2013 Auxiliar de Limpeza&nbsp;&nbsp;<\/strong><\/p>\n\n\n\n<p>Escolaridade \u2013 ensino m\u00e9dio completo;<\/p>\n\n\n\n<p>Experi\u00eancia \u2013 seis meses na Carteira de Trabalho;<\/p>\n\n\n\n<p>Requisitos obrigat\u00f3rios \u2013 residir no bairro Ponta Negra ou adjac\u00eancias;<\/p>\n\n\n\n<p>Atividades \u2013 executar trabalhos de limpeza em geral em edif\u00edcios e outros locais, para manuten\u00e7\u00e3o das condi\u00e7\u00f5es de higiene e conserva\u00e7\u00e3o do ambiente, coletando o lixo.<\/p>\n\n\n\n<p>Dispon\u00edvel at\u00e9 18\/10\/2023 ou encerramento da vaga.<\/p>\n\n\n\n<p><strong>1 vaga \u2013 Motorista de Caminh\u00e3o&nbsp;<\/strong><\/p>\n\n\n\n<p>Escolaridade \u2013 ensino m\u00e9dio completo;<\/p>\n\n\n\n<p>Experi\u00eancia \u2013 registrada na Carteira de Trabalho;<\/p>\n\n\n\n<p>Requisitos obrigat\u00f3rios \u2013 ter Carteira Nacional de Habilita\u00e7\u00e3o categoria \u201cD\u201d dentro do prazo de validade;<\/p>\n\n\n\n<p>Atividades \u2013 transportar materiais e produtos para diversos itiner\u00e1rios; elaborar relat\u00f3rios de viagens e rotas; efetuar a presta\u00e7\u00e3o de contas das despesas realizadas com o ve\u00edculo; zelar pela conserva\u00e7\u00e3o e seguran\u00e7a dos ve\u00edculos.<\/p>\n\n\n\n<p>Dispon\u00edvel at\u00e9 18\/10\/2023 ou encerramento da vaga.<\/p>\n\n\n\n<p><strong>1 vaga \u2013 Motorista de Caminh\u00e3o&nbsp;<\/strong><\/p>\n\n\n\n<p>Escolaridade \u2013 ensino m\u00e9dio completo;<\/p>\n\n\n\n<p>Experi\u00eancia \u2013 registrada na Carteira de Trabalho;<\/p>\n\n\n\n<p>Requisitos obrigat\u00f3rios \u2013 ter Carteira Nacional de Habilita\u00e7\u00e3o categoria \u201cD\u201d dentro do prazo de validade;<\/p>\n\n\n\n<p>Atividades \u2013 transportar materiais e produtos para diversos itiner\u00e1rios; elaborar relat\u00f3rios de viagens e rotas; efetuar a presta\u00e7\u00e3o de contas das despesas realizadas com o ve\u00edculo; zelar pela conserva\u00e7\u00e3o e seguran\u00e7a dos ve\u00edculos.<\/p>\n\n\n\n<p>Dispon\u00edvel at\u00e9 18\/10\/2023 ou encerramento da vaga.<strong><\/strong><\/p>\n\n\n\n<p><strong>1 vaga \u2013 Auxiliar de Pessoal&nbsp;<\/strong><\/p>\n\n\n\n<p>Escolaridade \u2013 ensino superior cursando recursos humanos, contabilidade ou \u00e1reas afins;<\/p>\n\n\n\n<p>Experi\u00eancia \u2013 registrada na Carteira de Trabalho;<\/p>\n\n\n\n<p>Atividades \u2013 realizar c\u00e1lculos de folhas de pagamento, rescis\u00f5es, f\u00e9rias, 13\u00ba e demais pagamentos; fazer a emiss\u00e3o dos encargos que est\u00e3o sob a folha (FGTS, GPS, DARF, DAE e eSocial).<\/p>\n\n\n\n<p>Dispon\u00edvel at\u00e9 18\/10\/2023 ou encerramento da vaga.<\/p>\n\n\n\n<p><strong>17 vagas \u2013 Eletricista L\u00edder&nbsp;<\/strong><\/p>\n\n\n\n<p>Escolaridade \u2013 ensino m\u00e9dio completo;<\/p>\n\n\n\n<p>Experi\u00eancia \u2013 seis meses na Carteira de Trabalho;<\/p>\n\n\n\n<p>Requisitos obrigat\u00f3rios \u2013 ter cursos de Eletricista, NR-10 e SEP; ter disponibilidade para viajar \u00e0 trabalho para Santar\u00e9m (PA); ter experi\u00eancia em instala\u00e7\u00e3o de sistema fotovoltaico, manuten\u00e7\u00e3o de sistema fotovoltaico e operacionaliza\u00e7\u00e3o de sistema;<\/p>\n\n\n\n<p>Atividades \u2013 acompanhar a execu\u00e7\u00e3o das Ordens de Servi\u00e7o e inspe\u00e7\u00f5es de rota, conforme programa\u00e7\u00e3o; identificar a necessidade de contrata\u00e7\u00e3o de prestadora de servi\u00e7os; fazer calibra\u00e7\u00e3o, ajustes, limpeza de instrumentos de controle de processo, manuten\u00e7\u00e3o preventiva e corretiva; desej\u00e1vel ter Carteira Nacional de Habilita\u00e7\u00e3o categoria \u201cB\u201d dentro do prazo de validade.<\/p>\n\n\n\n<p>Dispon\u00edvel at\u00e9 18\/10\/2023 ou encerramento da vaga.<\/p>\n\n\n\n<p><strong>Vagas no Com\u00e9rcio \u2013 219<\/strong><\/p>\n\n\n\n<p><a><strong>40 vagas \u2013 Vendedor Interno<\/strong><\/a><\/p>\n\n\n\n<p>Escolaridade \u2013 ensino m\u00e9dio completo;<\/p>\n\n\n\n<p>Experi\u00eancia \u2013 seis meses na Carteira de Trabalho;<\/p>\n\n\n\n<p>Requisitos obrigat\u00f3rios \u2013 ter curso de Inform\u00e1tica b\u00e1sica;<\/p>\n\n\n\n<p>Atividades \u2013 respons\u00e1vel por qualificar poss\u00edveis clientes e vender produtos e servi\u00e7os.<\/p>\n\n\n\n<p>Dispon\u00edvel at\u00e9 18\/10\/2023 ou encerramento da vaga.<\/p>\n\n\n\n<p><strong>25 vagas \u2013 Repositor de Mercadorias<\/strong><\/p>\n\n\n\n<p>Escolaridade \u2013 ensino m\u00e9dio completo;<\/p>\n\n\n\n<p>Experi\u00eancia \u2013 seis meses na Carteira de Trabalho;<\/p>\n\n\n\n<p>Requisitos obrigat\u00f3rios \u2013 ter curso de Inform\u00e1tica b\u00e1sica;<\/p>\n\n\n\n<p>Atividades \u2013 organizar, repor, conservar e precifica os produtos de um estabelecimento.<\/p>\n\n\n\n<p>Dispon\u00edvel at\u00e9 18\/10\/2023 ou encerramento da vaga.<a><\/a><\/p>\n\n\n\n<p><strong>1 vaga \u2013 Coordenador de Restaurante<\/strong><\/p>\n\n\n\n<p>Escolaridade \u2013 ensino m\u00e9dio completo;<\/p>\n\n\n\n<p>Experi\u00eancia \u2013 seis meses na Carteira de Trabalho;<\/p>\n\n\n\n<p>Requisitos obrigat\u00f3rios \u2013 ter disponibilidade de hor\u00e1rio;<\/p>\n\n\n\n<p>Atividades \u2013 coordenar os funcion\u00e1rios na elabora\u00e7\u00e3o de refei\u00e7\u00f5es; administrar e controlar a reposi\u00e7\u00e3o e abastecimento de alimentos; acompanhar os recursos financeiros do restaurante.<\/p>\n\n\n\n<p>Dispon\u00edvel at\u00e9 18\/10\/2023 ou encerramento da vaga.<\/p>\n\n\n\n<p><a><strong>20 vagas \u2013 Operador de Caixa<\/strong><\/a><\/p>\n\n\n\n<p>Escolaridade \u2013 ensino m\u00e9dio completo;<\/p>\n\n\n\n<p>Experi\u00eancia \u2013 tr\u00eas meses na Carteira de Trabalho;<\/p>\n\n\n\n<p>Requisitos obrigat\u00f3rios \u2013 ter curso de Inform\u00e1tica b\u00e1sica;<\/p>\n\n\n\n<p>Atividades \u2013 prestar atendimento ao cliente; fazer abertura e fechamento de caixa, processar e receber pagamentos e emitir notas fiscais.<\/p>\n\n\n\n<p>Dispon\u00edvel at\u00e9 18\/10\/2023 ou encerramento da vaga.<\/p>\n\n\n\n<p><strong>1 vaga \u2013 Auxiliar de Manuten\u00e7\u00e3o El\u00e9trica e Hidr\u00e1ulica<\/strong><\/p>\n\n\n\n<p>Escolaridade \u2013 ensino m\u00e9dio completo;<\/p>\n\n\n\n<p>Experi\u00eancia \u2013 seis meses na Carteira de Trabalho;<\/p>\n\n\n\n<p>Requisitos obrigat\u00f3rios \u2013 ter experi\u00eancia na \u00e1rea do com\u00e9rcio;<\/p>\n\n\n\n<p>Atividades \u2013 auxiliar nas atividades de manuten\u00e7\u00e3o e conserva\u00e7\u00e3o das instala\u00e7\u00f5es de alvenaria, el\u00e9tricas, mec\u00e2nicas e hidr\u00e1ulicas; ajudar nos servi\u00e7os de reparos mec\u00e2nicos e el\u00e9tricos em equipamentos; realizar manuten\u00e7\u00f5es corretivas e preventivas.<\/p>\n\n\n\n<p>Dispon\u00edvel at\u00e9 18\/10\/2023 ou encerramento da vaga.<\/p>\n\n\n\n<p><strong>1 vaga \u2013 Pizzaiolo<\/strong><\/p>\n\n\n\n<p>Escolaridade \u2013 ensino m\u00e9dio completo;<\/p>\n\n\n\n<p>Experi\u00eancia \u2013 registrada na Carteira de Trabalho;<\/p>\n\n\n\n<p>Requisitos obrigat\u00f3rios \u2013 residir no bairro Jorge Teixeira ou adjac\u00eancias;<\/p>\n\n\n\n<p>Atividades \u2013 realizar produ\u00e7\u00e3o de massas de forma artesanal e recheio da massa para produ\u00e7\u00e3o final de pizzas; gerenciar e organizar o setor de produ\u00e7\u00e3o.<\/p>\n\n\n\n<p>Dispon\u00edvel at\u00e9 18\/10\/2023 ou encerramento da vaga.<\/p>\n\n\n\n<p><strong>2 vagas \u2013 A\u00e7ougueiro<\/strong><\/p>\n\n\n\n<p>Escolaridade \u2013 ensino fundamental completo;<\/p>\n\n\n\n<p>Experi\u00eancia \u2013 seis meses na Carteira de Trabalho;<\/p>\n\n\n\n<p>Requisitos obrigat\u00f3rios \u2013 residir nas proximidades do bairro L\u00edrio do Vale ou adjac\u00eancias;<\/p>\n\n\n\n<p>Atividades \u2013 realizar atividades relacionadas ao recebimento de animais abatidos, sua desossa, prepara\u00e7\u00e3o e conserva\u00e7\u00e3o para a utiliza\u00e7\u00e3o; realizar a desossa e limpeza de carnes vermelhas e brancas; preparar as pe\u00e7as de acordo com as instru\u00e7\u00f5es recebidas da cozinha.<\/p>\n\n\n\n<p>Dispon\u00edvel at\u00e9 18\/10\/2023 ou encerramento da vaga.<\/p>\n\n\n\n<p><strong>10 vagas \u2013 Est\u00e1gio em Educa\u00e7\u00e3o F\u00edsica<\/strong><\/p>\n\n\n\n<p>Escolaridade \u2013 ensino superior cursando educa\u00e7\u00e3o f\u00edsica;<\/p>\n\n\n\n<p>Experi\u00eancia \u2013 n\u00e3o \u00e9 necess\u00e1rio;<\/p>\n\n\n\n<p>Requisitos obrigat\u00f3rios \u2013 ter curso de Inform\u00e1tica b\u00e1sica;<\/p>\n\n\n\n<p>Atividades \u2013 ajudar nas rotinas de desenvolvimento de atividades f\u00edsicas e t\u00e9cnicas; acompanhar as pr\u00e1ticas desportivas; avaliar o preparo f\u00edsico de atletas; dar apoio e prestar orienta\u00e7\u00f5es em geral.<\/p>\n\n\n\n<p>Dispon\u00edvel at\u00e9 18\/10\/2023 ou encerramento da vaga.<\/p>\n\n\n\n<p><strong>2 vagas \u2013 Gerente de Loja<\/strong><\/p>\n\n\n\n<p>Escolaridade \u2013 ensino m\u00e9dio completo ou superior cursando ou completo;<\/p>\n\n\n\n<p>Experi\u00eancia \u2013 seis meses na Carteira de Trabalho;<\/p>\n\n\n\n<p>Requisitos obrigat\u00f3rios \u2013 ter experi\u00eancia no segmento de cosm\u00e9ticos;<\/p>\n\n\n\n<p>Atividades \u2013 gerenciar atividades exercidas com gest\u00e3o de pessoas, gest\u00e3o de vendas\/metas abertura\/fechamento de loja abertura\/fechamento de caixa, recrutamento e sele\u00e7\u00e3o de colaboradores.<\/p>\n\n\n\n<p>Dispon\u00edvel at\u00e9 18\/10\/2023 ou encerramento da vaga.<\/p>\n\n\n\n<p><strong>3 vagas \u2013 Vendedor Interno<\/strong><\/p>\n\n\n\n<p>Escolaridade \u2013 ensino m\u00e9dio completo;<\/p>\n\n\n\n<p>Experi\u00eancia \u2013 registrada na Carteira de Trabalho;<\/p>\n\n\n\n<p>Requisitos obrigat\u00f3rios \u2013 ter curso de Inform\u00e1tica b\u00e1sica;<\/p>\n\n\n\n<p>Atividades \u2013 realizar contatos comerciais diretamente do escrit\u00f3rio; utilizar telefone, e-mail e aplicativos de mensagens para fechar neg\u00f3cios.<\/p>\n\n\n\n<p>Dispon\u00edvel at\u00e9 18\/10\/2023 ou encerramento da vaga.<\/p>\n\n\n\n<p><strong>1 vaga \u2013 Auxiliar de Log\u00edstica<\/strong><\/p>\n\n\n\n<p>Escolaridade \u2013 ensino m\u00e9dio completo;<\/p>\n\n\n\n<p>Experi\u00eancia \u2013 seis meses na Carteira de Trabalho;<\/p>\n\n\n\n<p>Requisitos obrigat\u00f3rios \u2013 residir na zona Sul de Manaus; ter curso de Inform\u00e1tica avan\u00e7ada e no\u00e7\u00f5es de log\u00edstica;<\/p>\n\n\n\n<p>Atividades \u2013 auxiliar na embalagem e prepara\u00e7\u00e3o de produtos para envio, garantindo que estejam adequadamente protegidos e etiquetados; ajudar no carregamento e descarregamento de caminh\u00f5es ou cont\u00eaineres, utilizando equipamentos adequados, como empilhadeiras ou carrinhos.<\/p>\n\n\n\n<p>Dispon\u00edvel at\u00e9 18\/10\/2023 ou encerramento da vaga.<\/p>\n\n\n\n<p><strong>10 vagas \u2013 Repositor de Mercadorias<\/strong><\/p>\n\n\n\n<p>Escolaridade \u2013 ensino m\u00e9dio completo;<\/p>\n\n\n\n<p>Experi\u00eancia \u2013 seis meses na Carteira de Trabalho;<\/p>\n\n\n\n<p>Atividades \u2013 repor e arrumar mercadorias em prateleiras; organizar e abastecer g\u00f4ndolas de produtos; prestar atendimento aos clientes, indicando a posi\u00e7\u00e3o das mercadorias; selecionar os locais mais adequados para expor os produtos.<\/p>\n\n\n\n<p>Dispon\u00edvel at\u00e9 18\/10\/2023 ou encerramento da vaga.<\/p>\n\n\n\n<p><strong>2 vagas \u2013 Atendente de Telemarketing<\/strong><\/p>\n\n\n\n<p>Escolaridade \u2013 ensino m\u00e9dio completo;<\/p>\n\n\n\n<p>Experi\u00eancia \u2013 tr\u00eas meses na Carteira de Trabalho;<\/p>\n\n\n\n<p>Requisitos obrigat\u00f3rios \u2013 ter curso de Inform\u00e1tica b\u00e1sica;<\/p>\n\n\n\n<p>Atividades \u2013 atender e prospectar clientes em potencial; utilizar roteiros para fornecer informa\u00e7\u00f5es sobre produtos e apresentar seus benef\u00edcios, entre outras atividades correlatas.<\/p>\n\n\n\n<p>Dispon\u00edvel at\u00e9 18\/10\/2023 ou encerramento da vaga.<\/p>\n\n\n\n<p><strong>1 vaga \u2013 Motorista de Caminh\u00e3o<\/strong><\/p>\n\n\n\n<p>Escolaridade \u2013 ensino m\u00e9dio completo;<\/p>\n\n\n\n<p>Experi\u00eancia \u2013 seis meses na Carteira de Trabalho;<\/p>\n\n\n\n<p>Requisitos obrigat\u00f3rios \u2013 ter experi\u00eancia com Caminh\u00e3o Toco e Carteira Nacional de Habilita\u00e7\u00e3o categorias \u201cD\u201d ou \u201cE\u201d dentro do prazo de validade;<\/p>\n\n\n\n<p>Atividades \u2013 transportar materiais e produtos para diversos itiner\u00e1rios; elaborar relat\u00f3rios de viagens e rotas; efetuar a presta\u00e7\u00e3o de contas das despesas realizadas com o ve\u00edculo; zelar pela conserva\u00e7\u00e3o e seguran\u00e7a dos ve\u00edculos, providenciando limpeza, ajustes e pequenos reparos; desej\u00e1vel ter curso de MOPP.<\/p>\n\n\n\n<p>Dispon\u00edvel at\u00e9 18\/10\/2023 ou encerramento da vaga.<\/p>\n\n\n\n<p><strong>12 vagas \u2013 Auxiliar de A\u00e7ougue<\/strong><\/p>\n\n\n\n<p>Escolaridade \u2013 ensino fundamental incompleto;<\/p>\n\n\n\n<p>Experi\u00eancia \u2013 seis meses na Carteira de Trabalho ou avulsa;<\/p>\n\n\n\n<p>Requisitos obrigat\u00f3rios \u2013 residir no bairro Alvorada ou adjac\u00eancias;<\/p>\n\n\n\n<p>Atividades \u2013 tirar espinha, tratar e cortar carnes; reportar-se ao L\u00edder de A\u00e7ougue; atender \u00e0s solicita\u00e7\u00f5es dos clientes no balc\u00e3o, moendo, fatiando, pesando, precificando e embalando os pedidos.<\/p>\n\n\n\n<p>Dispon\u00edvel at\u00e9 18\/10\/2023 ou encerramento da vaga.<\/p>\n\n\n\n<p><strong>80 vagas \u2013 Operador de Caixa<\/strong><\/p>\n\n\n\n<p>Escolaridade \u2013 ensino m\u00e9dio completo;<\/p>\n\n\n\n<p>Experi\u00eancia \u2013 n\u00e3o \u00e9 necess\u00e1rio;<\/p>\n\n\n\n<p>Requisitos obrigat\u00f3rios \u2013 residir no bairro Alvorada ou adjac\u00eancias;<\/p>\n\n\n\n<p>Atividades \u2013 prestar atendimento aos clientes; realizar abertura e fechamento de caixa; processar e receber pagamentos; emitir notas fiscais.<\/p>\n\n\n\n<p>Dispon\u00edvel at\u00e9 18\/10\/2023 ou encerramento da vaga.<\/p>\n\n\n\n<p><strong>1 vaga \u2013 Instalador de Purificadores de \u00c1gua<\/strong><\/p>\n\n\n\n<p>Escolaridade \u2013 ensino m\u00e9dio completo;<\/p>\n\n\n\n<p>Experi\u00eancia \u2013 n\u00e3o \u00e9 necess\u00e1rio;<\/p>\n\n\n\n<p>Requisitos obrigat\u00f3rios \u2013 ter Carteira Nacional de Habilita\u00e7\u00e3o categoria \u201cAB\u201d dentro do prazo de validade;<\/p>\n\n\n\n<p>Atividades \u2013 prestar atendimento aos clientes; realizar manuten\u00e7\u00e3o de aparelhos e instala\u00e7\u00e3o de purificadores.<\/p>\n\n\n\n<p>Dispon\u00edvel at\u00e9 18\/10\/2023 ou encerramento da vaga.<\/p>\n\n\n\n<p><strong>1 vaga \u2013 Vendedor Interno<\/strong><\/p>\n\n\n\n<p>Escolaridade \u2013 ensino m\u00e9dio completo;<\/p>\n\n\n\n<p>Experi\u00eancia \u2013 seis meses na Carteira de Trabalho;<\/p>\n\n\n\n<p>Requisitos obrigat\u00f3rios \u2013 ter experi\u00eancia na \u00e1rea de vendas no com\u00e9rcio de motocicletas;<\/p>\n\n\n\n<p>Atividades \u2013 realizar organiza\u00e7\u00e3o da loja, auxiliar na venda de produtos e controle de estoque, entre outras atividades correlatas.<\/p>\n\n\n\n<p>Dispon\u00edvel at\u00e9 18\/10\/2023 ou encerramento da vaga.<\/p>\n\n\n\n<p><strong>2 vagas \u2013 Auxiliar de Servi\u00e7os Gerais<\/strong><\/p>\n\n\n\n<p>Escolaridade \u2013 ensino fundamental completo;<\/p>\n\n\n\n<p>Experi\u00eancia \u2013 seis meses na Carteira de Trabalho;<\/p>\n\n\n\n<p>Requisitos obrigat\u00f3rios \u2013 ter experi\u00eancia em Cozinha Industrial e disponibilidade para exercer a fun\u00e7\u00e3o em turnos;<\/p>\n\n\n\n<p>Atividades \u2013 executar servi\u00e7os de limpeza em geral (pisos, paredes, tetos, sanit\u00e1rios, pias, vidra\u00e7as, jardins), transporte de m\u00f3veis e objetos, servi\u00e7os de carga e descarga de materiais, servi\u00e7os de copa e cozinha (preparar e servir caf\u00e9, lanches, higienizar utens\u00edlios de cozinha, entre outros).<\/p>\n\n\n\n<p>Dispon\u00edvel at\u00e9 18\/10\/2023 ou encerramento da vaga.<\/p>\n\n\n\n<p><strong>3 vagas \u2013 Gar\u00e7om<\/strong><\/p>\n\n\n\n<p>Escolaridade \u2013 ensino m\u00e9dio completo;<\/p>\n\n\n\n<p>Experi\u00eancia \u2013 n\u00e3o \u00e9 necess\u00e1rio;<\/p>\n\n\n\n<p>Requisitos obrigat\u00f3rios \u2013 ter curso de Gar\u00e7om e disponibilidade para exercer a fun\u00e7\u00e3o em turnos;<\/p>\n\n\n\n<p>Atividades \u2013 servir alimentos e bebidas; recolher travessas, talheres e outros recipientes desocupados, encaminhando para lavagem e secagem; preparar mesa de refei\u00e7\u00f5es, dispondo em ordem pratos, copos, talheres e guardanapos.<\/p>\n\n\n\n<p>Dispon\u00edvel at\u00e9 18\/10\/2023 ou encerramento da vaga.<\/p>\n\n\n\n<p><strong>1 vaga \u2013 Chapista de Lanchonete<\/strong><\/p>\n\n\n\n<p>Escolaridade \u2013 ensino m\u00e9dio completo;<\/p>\n\n\n\n<p>Experi\u00eancia \u2013 seis meses na Carteira de Trabalho;<\/p>\n\n\n\n<p>Atividades \u2013 atuar no preparo de sandu\u00edches, lanches, tapiocas e prote\u00ednas grelhadas.<\/p>\n\n\n\n<p>Dispon\u00edvel at\u00e9 18\/10\/2023 ou encerramento da vaga.<\/p>\n\n\n\n<p><strong>Vagas na Ind\u00fastria \u2013 207<\/strong><\/p>\n\n\n\n<p><strong>200 vagas \u2013 Auxiliar Operacional<\/strong><\/p>\n\n\n\n<p>Escolaridade \u2013 ensino m\u00e9dio completo;<\/p>\n\n\n\n<p>Experi\u00eancia \u2013 n\u00e3o \u00e9 necess\u00e1rio;<\/p>\n\n\n\n<p>Requisitos obrigat\u00f3rios \u2013 vaga direcionada a candidatos que buscam novos desafios, com atua\u00e7\u00e3o na cidade de V\u00e1rzea Grande (MT);<\/p>\n\n\n\n<p>Atividades \u2013 respons\u00e1vel por executar atividades operacionais em setores de apoio ou produ\u00e7\u00e3o de frios, visando garantir a manuten\u00e7\u00e3o, organiza\u00e7\u00e3o, limpeza ou opera\u00e7\u00e3o de atividades na unidade.<\/p>\n\n\n\n<p>Dispon\u00edvel at\u00e9 18\/10\/2023 ou encerramento da vaga.<\/p>\n\n\n\n<p><strong>5 vagas \u2013 Motorista de Caminh\u00e3o<\/strong><\/p>\n\n\n\n<p>Escolaridade \u2013 ensino m\u00e9dio completo;<\/p>\n\n\n\n<p>Experi\u00eancia \u2013 registrada na Carteira de Trabalho;<\/p>\n\n\n\n<p>Requisitos obrigat\u00f3rios \u2013 ter curso de Dire\u00e7\u00e3o Defensiva e Carteira Nacional de Habilita\u00e7\u00e3o categoria \u201cD\u201d dentro do prazo de validade;<\/p>\n\n\n\n<p>Atividades \u2013 dirigir e manobrar ve\u00edculos; transportar pessoas, cargas ou valores; realizar verifica\u00e7\u00f5es e manuten\u00e7\u00f5es b\u00e1sicas do ve\u00edculo.<\/p>\n\n\n\n<p>Dispon\u00edvel at\u00e9 18\/10\/2023 ou encerramento da vaga.<\/p>\n\n\n\n<p><strong>2 vagas \u2013 Auxiliar Cont\u00e1bil&nbsp;&nbsp;<\/strong><\/p>\n\n\n\n<p>Escolaridade \u2013 ensino superior em contabilidade completo;<\/p>\n\n\n\n<p>Experi\u00eancia \u2013 seis meses na Carteira de Trabalho;<\/p>\n\n\n\n<p>Requisitos obrigat\u00f3rios \u2013 residir nos bairros Lago Azul, Tarum\u00e3, Manoa, Nova Cidade, Monte das Oliveiras, Col\u00f4nia Terra Nova, Santa Etelvina, Uni\u00e3o da Vit\u00f3ria ou Jo\u00e3o Paulo;<\/p>\n\n\n\n<p>Atividades \u2013 prestar assist\u00eancia cont\u00e1bil e administrativa ao departamento de contabilidade; digitar com precis\u00e3o; preparar e gerenciar documentos e registros cont\u00e1beis; preparar dep\u00f3sitos banc\u00e1rios, lan\u00e7amentos cont\u00e1beis e demonstrativos.<\/p>\n\n\n\n<p>Dispon\u00edvel at\u00e9 18\/10\/2023 ou encerramento da vaga.<\/p>\n\n\n\n<p><strong>Vagas em Servi\u00e7os \u2013 58<\/strong><\/p>\n\n\n\n<p><strong>6 vagas \u2013 Motorista de \u00d4nibus Especial<\/strong><\/p>\n\n\n\n<p>Escolaridade \u2013 ensino fundamental completo;<\/p>\n\n\n\n<p>Experi\u00eancia \u2013 tr\u00eas meses na Carteira de Trabalho;<\/p>\n\n\n\n<p>Requisitos obrigat\u00f3rios \u2013 ter Carteira Nacional de Habilita\u00e7\u00e3o categoria \u201cD\u201d remunerada, curso de TCP e Dire\u00e7\u00e3o Preventiva atualizado;<\/p>\n\n\n\n<p>Atividades \u2013 transportar ve\u00edculos com cargas ou pessoas, para itiner\u00e1rios definidos, podendo ser tamb\u00e9m o respons\u00e1vel por elaborar as rotas de transporte; vaga estendida para Pessoa com Defici\u00eancia (PcD).<\/p>\n\n\n\n<p>Dispon\u00edvel at\u00e9 18\/10\/2023 ou encerramento da vaga.<\/p>\n\n\n\n<p><strong>3 vagas \u2013 Motorista de Caminh\u00e3o<\/strong><\/p>\n\n\n\n<p>Escolaridade \u2013 ensino m\u00e9dio completo;<\/p>\n\n\n\n<p>Experi\u00eancia \u2013 seis meses na Carteira de Trabalho;<\/p>\n\n\n\n<p>Requisitos obrigat\u00f3rios \u2013 ter Carteira Nacional de Habilita\u00e7\u00e3o categoria \u201cD\u201d dentro do prazo de validade; residir nas proximidades ou na zona Leste de Manaus; ter curso de MOPP;<\/p>\n\n\n\n<p>Atividades \u2013 transportar, coletar e entregar cargas no Polo Industrial de Manaus.<\/p>\n\n\n\n<p>Dispon\u00edvel at\u00e9 18\/10\/2023 ou encerramento da vaga.<\/p>\n\n\n\n<p><strong>1 vaga \u2013 Atendente de Pista<\/strong><\/p>\n\n\n\n<p>Escolaridade \u2013 ensino m\u00e9dio completo;<\/p>\n\n\n\n<p>Experi\u00eancia \u2013 registrada na Carteira de Trabalho;<\/p>\n\n\n\n<p>Requisitos obrigat\u00f3rios \u2013 ter Carteira Nacional de Habilita\u00e7\u00e3o categorias \u201cB\u201d ou \u201cD\u201d dentro do prazo de validade; ter curso de ingl\u00eas avan\u00e7ado;<\/p>\n\n\n\n<p>Atividades \u2013 recepcionar clientes, tripula\u00e7\u00e3o e demais visitantes no balc\u00e3o de atendimento, hangar e aeronave, encaminhando-os para a sala vip; controlar os hor\u00e1rios de pousos e decolagens; gerir informa\u00e7\u00f5es sobre voos e passageiros; desej\u00e1vel estar cursando ensino superior.<\/p>\n\n\n\n<p>Dispon\u00edvel at\u00e9 18\/10\/2023 ou encerramento da vaga.<\/p>\n\n\n\n<p><strong>1 vaga \u2013 Auxiliar de Pista<\/strong><\/p>\n\n\n\n<p>Escolaridade \u2013 ensino m\u00e9dio completo;<\/p>\n\n\n\n<p>Experi\u00eancia \u2013 registrada na Carteira de Trabalho;<\/p>\n\n\n\n<p>Requisitos obrigat\u00f3rios \u2013 ter experi\u00eancia com manobra de equipamentos pesados e Carteira Nacional de Habilita\u00e7\u00e3o categorias \u201cD\u201d ou \u201cE\u201d dentro do prazo de validade;<\/p>\n\n\n\n<p>Atividades \u2013 realizar movimenta\u00e7\u00e3o de aeronaves em solo (reboque e pushback); receber, sinalizar e balizar aeronaves, com aux\u00edlio de raquete e lanterna; auxiliar no atendimento a passageiros e tripulantes.<\/p>\n\n\n\n<p>Dispon\u00edvel at\u00e9 18\/10\/2023 ou encerramento da vaga.<\/p>\n\n\n\n<p><strong>1 vaga \u2013 Oficial de Manuten\u00e7\u00e3o<\/strong><\/p>\n\n\n\n<p>Escolaridade \u2013 ensino m\u00e9dio completo;<\/p>\n\n\n\n<p>Experi\u00eancia \u2013 seis meses na Carteira de Trabalho;<\/p>\n\n\n\n<p>Requisitos obrigat\u00f3rios \u2013 ter Carteira Nacional de Habilita\u00e7\u00e3o categoria \u201cA\u201d dentro do prazo de validade;<\/p>\n\n\n\n<p>Atividades \u2013 realizar manuten\u00e7\u00e3o corretiva e preventiva, instala\u00e7\u00f5es el\u00e9tricas e hidr\u00e1ulicas de im\u00f3veis.<\/p>\n\n\n\n<p>Dispon\u00edvel at\u00e9 18\/10\/2023 ou encerramento da vaga.<\/p>\n\n\n\n<p><a><strong>2 vagas \u2013 Marceneiro<\/strong><\/a><\/p>\n\n\n\n<p>Escolaridade \u2013 ensino fundamental completo;<\/p>\n\n\n\n<p>Experi\u00eancia \u2013 seis meses na Carteira de Trabalho;<\/p>\n\n\n\n<p>Atividades \u2013 confeccionar e reparar m\u00f3veis e pe\u00e7as, dando-lhes o acabamento necess\u00e1rio, usando as ferramentas certas e seguindo desenhos e instru\u00e7\u00f5es; analisar a pe\u00e7a ser fabricada, consultando os desenhos, modelos, especifica\u00e7\u00f5es e outras instru\u00e7\u00f5es.<\/p>\n\n\n\n<p>Dispon\u00edvel at\u00e9 18\/10\/2023 ou encerramento da vaga.<\/p>\n\n\n\n<p><strong>1 vaga \u2013 Lavador de Ve\u00edculos<\/strong><\/p>\n\n\n\n<p>Escolaridade \u2013 ensino fundamental completo;<\/p>\n\n\n\n<p>Experi\u00eancia \u2013 seis meses na Carteira de Trabalho;<\/p>\n\n\n\n<p>Requisitos obrigat\u00f3rios \u2013 residir no bairro Cidade Nova ou Conjunto \u00c1guas Claras;<\/p>\n\n\n\n<p>Atividades \u2013 prestar servi\u00e7o de lavagem interna e externa de \u00f4nibus.<\/p>\n\n\n\n<p>Dispon\u00edvel at\u00e9 18\/10\/2023 ou encerramento da vaga.<\/p>\n\n\n\n<p><strong>1 vaga \u2013 Motorista de \u00d4nibus Rodovi\u00e1rio<\/strong><\/p>\n\n\n\n<p>Escolaridade \u2013 ensino fundamental completo;<\/p>\n\n\n\n<p>Experi\u00eancia \u2013 registrada na Carteira de Trabalho;<\/p>\n\n\n\n<p>Requisitos obrigat\u00f3rios \u2013 ter Carteira Nacional de Habilita\u00e7\u00e3o categorias \u201cD\u201d ou \u201cE\u201d dentro do prazo de validade; curso de transporte coletivo de passageiros atualizado; disponibilidade para viagens e trabalho em regime de escala 12&#215;8;<\/p>\n\n\n\n<p>Atividades \u2013 realizar transporte de passageiros.<\/p>\n\n\n\n<p>Dispon\u00edvel at\u00e9 18\/10\/2023 ou encerramento da vaga.<\/p>\n\n\n\n<p><strong>1 vaga \u2013 Recepcionista<\/strong><\/p>\n\n\n\n<p>Escolaridade \u2013 ensino m\u00e9dio completo;<\/p>\n\n\n\n<p>Experi\u00eancia \u2013 seis meses na Carteira de Trabalho;<\/p>\n\n\n\n<p>Requisitos obrigat\u00f3rios \u2013 residir no bairro Monte das Oliveiras ou adjac\u00eancias; ter experi\u00eancia com Hotelaria;<\/p>\n\n\n\n<p>Atividades \u2013 registrar h\u00f3spedes, gerenciar reservas, fornecer informa\u00e7\u00f5es sobre quartos, tarifas e conveni\u00eancias.<\/p>\n\n\n\n<p>Dispon\u00edvel at\u00e9 18\/10\/2023 ou encerramento da vaga.<\/p>\n\n\n\n<p><strong>1 vaga \u2013 Cumim<\/strong><\/p>\n\n\n\n<p>Escolaridade \u2013 ensino m\u00e9dio completo;<\/p>\n\n\n\n<p>Experi\u00eancia \u2013 seis meses na Carteira de Trabalho;<\/p>\n\n\n\n<p>Requisitos obrigat\u00f3rios \u2013 ter curso de gar\u00e7om;<\/p>\n\n\n\n<p>Atividades \u2013 prestar atendimento ao cliente na entrada de restaurantes, bares e demais estabelecimentos; notificar o pedido e servir refei\u00e7\u00f5es e bebidas.<\/p>\n\n\n\n<p>Dispon\u00edvel at\u00e9 18\/10\/2023 ou encerramento da vaga.<\/p>\n\n\n\n<p><strong>1 vaga \u2013 Recepcionista<\/strong><\/p>\n\n\n\n<p>Escolaridade \u2013 ensino m\u00e9dio completo;<\/p>\n\n\n\n<p>Experi\u00eancia \u2013 seis meses na Carteira de Trabalho;<\/p>\n\n\n\n<p>Requisitos obrigat\u00f3rios \u2013 ter disponibilidade para trabalhar em restaurante e exercer a fun\u00e7\u00e3o em turnos vespertinos e noturnos;<\/p>\n\n\n\n<p>Atividades \u2013 prestar atendimento ao cliente na entrada de restaurantes, bares e demais estabelecimentos; notificar o pedido e servir refei\u00e7\u00f5es e bebidas.<\/p>\n\n\n\n<p>Dispon\u00edvel at\u00e9 18\/10\/2023 ou encerramento da vaga.<\/p>\n\n\n\n<p><strong>3 vagas \u2013 Encarregado de Obras<\/strong><\/p>\n\n\n\n<p>Escolaridade \u2013 ensino m\u00e9dio completo;<\/p>\n\n\n\n<p>Experi\u00eancia \u2013 registrada na Carteira de Trabalho;<\/p>\n\n\n\n<p>Atividades \u2013 elaborar planos operacionais, colaborando com sugest\u00f5es, fazendo mudan\u00e7as de fun\u00e7\u00f5es, delegando atividades e supervisionando o trabalho das equipes, entre outras atividades correlatas.<\/p>\n\n\n\n<p>Dispon\u00edvel at\u00e9 18\/10\/2023 ou encerramento da vaga.<\/p>\n\n\n\n<p><strong>1 vaga \u2013 Recepcionista<\/strong><\/p>\n\n\n\n<p>Escolaridade \u2013 ensino m\u00e9dio completo;<\/p>\n\n\n\n<p>Experi\u00eancia \u2013 registrada na Carteira de Trabalho;<\/p>\n\n\n\n<p>Requisitos obrigat\u00f3rios \u2013 ter experi\u00eancia com atendimento ao p\u00fablico;<\/p>\n\n\n\n<p>Atividades \u2013 anotar recados e prestar informa\u00e7\u00f5es; registrar visitas e telefonemas recebidos; auxiliar em pequenas tarefas de apoio administrativo.<\/p>\n\n\n\n<p>Dispon\u00edvel at\u00e9 18\/10\/2023 ou encerramento da vaga.<\/p>\n\n\n\n<p><strong>1 vaga \u2013 Supervisor de Se\u00e7\u00e3o de Servi\u00e7os Gerais<\/strong><\/p>\n\n\n\n<p>Escolaridade \u2013 ensino m\u00e9dio completo;<\/p>\n\n\n\n<p>Experi\u00eancia \u2013 seis meses na Carteira de Trabalho;<\/p>\n\n\n\n<p>Atividades \u2013 acompanhar servi\u00e7os de limpeza; verificar se as equipes est\u00e3o dimensionadas para o volume de atividades, controlando assiduidade, pontualidade e reposi\u00e7\u00e3o de quadros; controlar estoque de equipamentos, uniformes e insumos; administrar processos de controle de ponto, atestados, afastamentos entre outras atividades administrativas; fazer o controle dos funcion\u00e1rios terceirizados, controle de pragas e retirada do lixo.<\/p>\n\n\n\n<p>Dispon\u00edvel at\u00e9 18\/10\/2023 ou encerramento da vaga.<\/p>\n\n\n\n<p><strong>1 vaga \u2013 Mec\u00e2nico Industrial<\/strong><\/p>\n\n\n\n<p>Escolaridade \u2013 ensino m\u00e9dio completo;<\/p>\n\n\n\n<p>Experi\u00eancia \u2013 registrada na Carteira de Trabalho;<\/p>\n\n\n\n<p>Atividades \u2013 realizar manuten\u00e7\u00e3o corretiva e preventiva em sistemas hidr\u00e1ulicos e pneum\u00e1ticos, desmontando, montando, recuperando ou substituindo pe\u00e7as e m\u00e1quinas.<\/p>\n\n\n\n<p>Dispon\u00edvel at\u00e9 18\/10\/2023 ou encerramento da vaga.<\/p>\n\n\n\n<p><strong>30 vagas \u2013 Ajudante Geral<\/strong><\/p>\n\n\n\n<p>Escolaridade \u2013 ensino fundamental completo;<\/p>\n\n\n\n<p>Experi\u00eancia \u2013 seis meses na Carteira de Trabalho;<\/p>\n\n\n\n<p>Requisitos obrigat\u00f3rios \u2013 ter conhecimento na \u00e1rea da Constru\u00e7\u00e3o Civil, em acabamento, carregamento e descarregamento de caminh\u00f5es, cortes de pain\u00e9is, montagens de produtos, instala\u00e7\u00e3o de dobradi\u00e7as e acess\u00f3rios em ponta; ter disponibilidade para in\u00edcio imediato;<\/p>\n\n\n\n<p>Atividades \u2013 respons\u00e1vel pelo aux\u00edlio imediato em diversas fun\u00e7\u00f5es da empresa; garantir suporte necess\u00e1rio ao cliente; esclarecer d\u00favidas, realizar carga e descarga de mercadorias, servi\u00e7os de manuten\u00e7\u00e3o e limpeza.<\/p>\n\n\n\n<p>Dispon\u00edvel at\u00e9 18\/10\/2023 ou encerramento da vaga.<\/p>\n\n\n\n<p><strong>2 vagas \u2013 Art\u00edfice de Manuten\u00e7\u00e3o Predial<\/strong><\/p>\n\n\n\n<p>Escolaridade \u2013 ensino fundamental completo;<\/p>\n\n\n\n<p>Experi\u00eancia \u2013 seis meses na Carteira de Trabalho;<\/p>\n\n\n\n<p>Atividades \u2013 respons\u00e1vel pelos servi\u00e7os de manuten\u00e7\u00e3o geral e pequenos reparos; contribuir com a limpeza, conserva\u00e7\u00e3o e organiza\u00e7\u00e3o do local; fornecer suporte t\u00e9cnico e operacional nas tarefas rotineiras.<\/p>\n\n\n\n<p>Dispon\u00edvel at\u00e9 18\/10\/2023 ou encerramento da vaga.<\/p>\n\n\n\n<p><strong>1 vaga \u2013 L\u00edder de Refrigera\u00e7\u00e3o<\/strong><\/p>\n\n\n\n<p>Escolaridade \u2013 ensino t\u00e9cnico em refrigera\u00e7\u00e3o completo;<\/p>\n\n\n\n<p>Experi\u00eancia \u2013 registrada na Carteira de Trabalho;<\/p>\n\n\n\n<p>Requisitos obrigat\u00f3rios \u2013 ter conhecimento em Plano de Manuten\u00e7\u00e3o, Opera\u00e7\u00e3o e Controle (PMOC);<\/p>\n\n\n\n<p>Atividades \u2013 liderar equipe na manuten\u00e7\u00e3o preventiva e corretiva; realizar instala\u00e7\u00e3o de equipamentos de refrigera\u00e7\u00e3o, como Chiller, Split\u00e3o, cassete, Fancol; desej\u00e1vel ter Carteira Nacional de Habilita\u00e7\u00e3o Categoria \u201cB\u201d dentro do prazo de validade e cursos de NR-10 e NR-35;<\/p>\n\n\n\n<p>Dispon\u00edvel at\u00e9 18\/10\/2023 ou encerramento da vaga.<\/p>\n\n\n\n<p><strong>Vagas Exclusivas para Pessoas com Defici\u00eancia (PcD) \u2013 30<\/strong><\/p>\n\n\n\n<p><strong>14 vagas \u2013 Repositor de Mercadorias \u2013 vagas exclusivas para Pessoas com Defici\u00eancia (PcD)<\/strong><\/p>\n\n\n\n<p>Escolaridade \u2013 ensino m\u00e9dio completo;<\/p>\n\n\n\n<p>Experi\u00eancia \u2013 n\u00e3o \u00e9 necess\u00e1rio;<\/p>\n\n\n\n<p>Atividades \u2013 organizar, repor, conservar e precificar os produtos; controlar os n\u00edveis de estoque, solicitando a compra dos materiais necess\u00e1rios.<\/p>\n\n\n\n<p>Dispon\u00edvel at\u00e9 18\/10\/2023 ou encerramento da vaga.<\/p>\n\n\n\n<p><strong>5 vagas \u2013 Repositor de Mercadorias \u2013 vagas exclusivas para Pessoas com Defici\u00eancia (PcD)<\/strong><\/p>\n\n\n\n<p>Escolaridade \u2013 ensino fundamental completo;<\/p>\n\n\n\n<p>Experi\u00eancia \u2013 n\u00e3o \u00e9 necess\u00e1rio;<\/p>\n\n\n\n<p>Atividades \u2013 conduzir clientes at\u00e9 a mercadoria desejada; fracionar, contar, pesar e embalar mercadorias; checar lista de mercadorias em promo\u00e7\u00e3o para planejamento de exposi\u00e7\u00f5es semanais; verificar a necessidade de abastecimento dos produtos promocionais na entrada da loja; realizar o abastecimento das g\u00f4ndolas e manter os produtos frenteados; verificar altera\u00e7\u00f5es de pre\u00e7o na lista de produtos di\u00e1rias e manter local de trabalho limpo e organizado.<\/p>\n\n\n\n<p>Dispon\u00edvel at\u00e9 18\/10\/2023 ou encerramento da vaga.<\/p>\n\n\n\n<p><strong>2 vagas \u2013 Assistente Administrativo \u2013 vagas exclusivas para Pessoas com Defici\u00eancia (PcD)<\/strong><\/p>\n\n\n\n<p>Escolaridade \u2013 ensino m\u00e9dio completo;<\/p>\n\n\n\n<p>Experi\u00eancia \u2013 seis meses na Carteira de Trabalho;<\/p>\n\n\n\n<p>Requisitos obrigat\u00f3rios \u2013 ter dom\u00ednio em Inform\u00e1tica b\u00e1sica e planilha Excel;<br>Atividades \u2013 realizar atendimento presencial (m\u00e9dico e cliente); repor e arrumar materiais no consult\u00f3rio; protocolar atendimentos; emitir solicita\u00e7\u00e3o de materiais para o setor; entre outras atividades correlatas.&nbsp;&nbsp;&nbsp;&nbsp;&nbsp;&nbsp;&nbsp;&nbsp;&nbsp;&nbsp;&nbsp;&nbsp;&nbsp;&nbsp;&nbsp;&nbsp;&nbsp;&nbsp;&nbsp;&nbsp;&nbsp;&nbsp;&nbsp;&nbsp;&nbsp;&nbsp;&nbsp;&nbsp;&nbsp;&nbsp;&nbsp;&nbsp;&nbsp;&nbsp;&nbsp;&nbsp;&nbsp;&nbsp;&nbsp;&nbsp;&nbsp;&nbsp; &nbsp;&nbsp;&nbsp;&nbsp;&nbsp;&nbsp;&nbsp;&nbsp;&nbsp;&nbsp;&nbsp;&nbsp;&nbsp;&nbsp;&nbsp;&nbsp;&nbsp;<\/p>\n\n\n\n<p>Dispon\u00edvel at\u00e9 18\/10\/2023 ou encerramento da vaga.<\/p>\n\n\n\n<p><strong>3 vagas \u2013 Auxiliar de Produ\u00e7\u00e3o \u2013 vagas exclusivas para Pessoas com Defici\u00eancia (PcD)<\/strong><\/p>\n\n\n\n<p>Escolaridade \u2013 ensino m\u00e9dio completo;<\/p>\n\n\n\n<p>Experi\u00eancia \u2013 n\u00e3o \u00e9 necess\u00e1rio;<\/p>\n\n\n\n<p>Requisitos obrigat\u00f3rios \u2013 residir nos bairros Santa Etelvina, Tarum\u00e3, Novo Israel, Viver Melhor ou Terra Nova;<\/p>\n\n\n\n<p>Atividades \u2013 atuar no processo final da elabora\u00e7\u00e3o de produtos.<\/p>\n\n\n\n<p>Dispon\u00edvel at\u00e9 18\/10\/2023 ou encerramento da vaga.<\/p>\n\n\n\n<p><strong>4 vagas \u2013 Auxiliar de Limpeza \u2013 vagas exclusivas para Pessoas com Defici\u00eancia (PcD)<\/strong><\/p>\n\n\n\n<p>Escolaridade \u2013 ensino fundamental completo;<\/p>\n\n\n\n<p>Experi\u00eancia \u2013 seis meses na Carteira de Trabalho;<\/p>\n\n\n\n<p>Requisitos obrigat\u00f3rios \u2013 ter conhecimento em lavagem, tratamento de pisos e limpezas em geral, manuseio de produtos qu\u00edmicos; ter disponibilidade de hor\u00e1rio;<\/p>\n\n\n\n<p>Atividades \u2013 varrer, aspirar, lavar e secar pisos, remover p\u00f3 e sujeiras de superf\u00edcies, limpar banheiros e sanit\u00e1rios, retirar o lixo e manter a organiza\u00e7\u00e3o dos ambientes.<\/p>\n\n\n\n<p>Dispon\u00edvel at\u00e9 18\/10\/2023 ou encerramento da vaga.<\/p>\n\n\n\n<p><strong>1 vaga \u2013 Atendente de Loja \u2013 vaga exclusiva para Pessoa com Defici\u00eancia (PcD)<\/strong><\/p>\n\n\n\n<p>Escolaridade \u2013 ensino m\u00e9dio completo;<\/p>\n\n\n\n<p>Experi\u00eancia \u2013 seis meses na Carteira de Trabalho;<\/p>\n\n\n\n<p>Atividades \u2013 receber e conferir produtos e mercadorias; prestar atendimento aos clientes, entre outras atividades correlatas.<\/p>\n\n\n\n<p>Dispon\u00edvel at\u00e9 18\/10\/2023 ou encerramento da vaga.<\/p>\n\n\n\n<p><strong>1 vaga \u2013 Estoquista \u2013 vaga exclusiva para Pessoa com Defici\u00eancia (PcD)<\/strong><\/p>\n\n\n\n<p>Escolaridade \u2013 ensino m\u00e9dio completo;<\/p>\n\n\n\n<p>Experi\u00eancia \u2013 seis meses na Carteira de Trabalho;<\/p>\n\n\n\n<p>Atividades \u2013 receber e conferir produtos e mercadorias; prestar atendimento aos clientes, entre outras atividades correlatas.<\/p>\n\n\n\n<p>Dispon\u00edvel at\u00e9 18\/10\/2023 ou encerramento da vaga.<\/p>\n\n\n\n<p>&#8212; &#8212; &#8212;<\/p>\n\n\n\n<p><strong>Texto \u2013&nbsp;<\/strong>Divulga\u00e7\u00e3o \/ Semtepi<\/p>\n\n\n\n<p><strong>Fotos \u2013&nbsp;<\/strong>Arquivo \/ Semcom<\/p>\n\n\n\n<p><strong>Dispon\u00edveis em \u2013&nbsp;<\/strong><a href=\"https:\/\/flic.kr\/s\/aHBqjzGRm9\">https:\/\/flic.kr\/s\/aHBqjzGRm9<\/a><\/p>\n","protected":false},"excerpt":{"rendered":"","protected":false},"author":39,"featured_media":2807,"comment_status":"closed","ping_status":"closed","sticky":false,"template":"","format":"standard","meta":{"footnotes":""},"categories":[5],"tags":[665,7,8,9,10],"acf":[],"yoast_head":"<!-- This site is optimized with the Yoast SEO plugin v23.0 - https:\/\/yoast.com\/wordpress\/plugins\/seo\/ -->\n<title>Sine Manaus oferta 1.079 vagas de emprego nesta quarta-feira, 18\/10<\/title>\n<meta name=\"description\" content=\"A Prefeitura de Manaus, por meio do Sine Manaus, oferta 1.079 vagas de emprego em v\u00e1rias \u00e1reas de atua\u00e7\u00e3o, nesta quarta-feira, 18\/10,\u00a0de 8h \u00e0s 16h.\" \/>\n<meta name=\"robots\" content=\"noindex, follow\" \/>\n<meta property=\"og:locale\" content=\"pt_BR\" \/>\n<meta property=\"og:type\" content=\"article\" \/>\n<meta property=\"og:title\" content=\"Sine Manaus oferta 1.079 vagas de emprego nesta quarta-feira, 18\/10\" \/>\n<meta property=\"og:description\" content=\"A Prefeitura de Manaus, por meio do Sine Manaus, oferta 1.079 vagas de emprego em v\u00e1rias \u00e1reas de atua\u00e7\u00e3o, nesta quarta-feira, 18\/10,\u00a0de 8h \u00e0s 16h.\" \/>\n<meta property=\"og:url\" content=\"https:\/\/www.manaus.am.gov.br\/semtepi\/oportunidade\/sine-manaus-oferta-1-079-vagas-de-emprego-nesta-quarta-feira-18-10\/\" \/>\n<meta property=\"og:site_name\" content=\"SEMTEPI\" \/>\n<meta property=\"article:published_time\" content=\"2023-10-17T19:30:11+00:00\" \/>\n<meta property=\"article:modified_time\" content=\"2023-10-17T19:30:13+00:00\" \/>\n<meta property=\"og:image\" content=\"https:\/\/www.manaus.am.gov.br\/semtepi\/wp-content\/uploads\/sites\/20\/2023\/10\/Oportunidade-3.jpg\" \/>\n\t<meta property=\"og:image:width\" content=\"2048\" \/>\n\t<meta property=\"og:image:height\" content=\"1365\" \/>\n\t<meta property=\"og:image:type\" content=\"image\/jpeg\" \/>\n<meta name=\"author\" content=\"Bruna Greco\" \/>\n<meta name=\"twitter:card\" content=\"summary_large_image\" \/>\n<meta name=\"twitter:label1\" content=\"Written by\" \/>\n\t<meta name=\"twitter:data1\" content=\"Bruna Greco\" \/>\n\t<meta name=\"twitter:label2\" content=\"Est. reading time\" \/>\n\t<meta name=\"twitter:data2\" content=\"28 minutos\" \/>\n<script type=\"application\/ld+json\" class=\"yoast-schema-graph\">{\"@context\":\"https:\/\/schema.org\",\"@graph\":[{\"@type\":\"Article\",\"@id\":\"https:\/\/www.manaus.am.gov.br\/semtepi\/oportunidade\/sine-manaus-oferta-1-079-vagas-de-emprego-nesta-quarta-feira-18-10\/#article\",\"isPartOf\":{\"@id\":\"https:\/\/www.manaus.am.gov.br\/semtepi\/oportunidade\/sine-manaus-oferta-1-079-vagas-de-emprego-nesta-quarta-feira-18-10\/\"},\"author\":{\"name\":\"Bruna Greco\",\"@id\":\"https:\/\/www.manaus.am.gov.br\/semtepi\/#\/schema\/person\/05d223aea2bf115f9883a6ff3683d81b\"},\"headline\":\"Sine Manaus oferta 1.079 vagas de emprego nesta quarta-feira, 18\/10\",\"datePublished\":\"2023-10-17T19:30:11+00:00\",\"dateModified\":\"2023-10-17T19:30:13+00:00\",\"mainEntityOfPage\":{\"@id\":\"https:\/\/www.manaus.am.gov.br\/semtepi\/oportunidade\/sine-manaus-oferta-1-079-vagas-de-emprego-nesta-quarta-feira-18-10\/\"},\"wordCount\":5765,\"publisher\":{\"@id\":\"https:\/\/www.manaus.am.gov.br\/semtepi\/#organization\"},\"image\":{\"@id\":\"https:\/\/www.manaus.am.gov.br\/semtepi\/oportunidade\/sine-manaus-oferta-1-079-vagas-de-emprego-nesta-quarta-feira-18-10\/#primaryimage\"},\"thumbnailUrl\":\"https:\/\/www.manaus.am.gov.br\/semtepi\/wp-content\/uploads\/sites\/20\/2023\/10\/Oportunidade-3.jpg\",\"keywords\":[\"1.079 vagas de emprego\",\"oportunidade\",\"prefeitura de manaus\",\"Semtepi\",\"sine manaus\"],\"articleSection\":[\"Oportunidade\"],\"inLanguage\":\"pt-BR\"},{\"@type\":\"WebPage\",\"@id\":\"https:\/\/www.manaus.am.gov.br\/semtepi\/oportunidade\/sine-manaus-oferta-1-079-vagas-de-emprego-nesta-quarta-feira-18-10\/\",\"url\":\"https:\/\/www.manaus.am.gov.br\/semtepi\/oportunidade\/sine-manaus-oferta-1-079-vagas-de-emprego-nesta-quarta-feira-18-10\/\",\"name\":\"Sine Manaus oferta 1.079 vagas de emprego nesta quarta-feira, 18\/10\",\"isPartOf\":{\"@id\":\"https:\/\/www.manaus.am.gov.br\/semtepi\/#website\"},\"primaryImageOfPage\":{\"@id\":\"https:\/\/www.manaus.am.gov.br\/semtepi\/oportunidade\/sine-manaus-oferta-1-079-vagas-de-emprego-nesta-quarta-feira-18-10\/#primaryimage\"},\"image\":{\"@id\":\"https:\/\/www.manaus.am.gov.br\/semtepi\/oportunidade\/sine-manaus-oferta-1-079-vagas-de-emprego-nesta-quarta-feira-18-10\/#primaryimage\"},\"thumbnailUrl\":\"https:\/\/www.manaus.am.gov.br\/semtepi\/wp-content\/uploads\/sites\/20\/2023\/10\/Oportunidade-3.jpg\",\"datePublished\":\"2023-10-17T19:30:11+00:00\",\"dateModified\":\"2023-10-17T19:30:13+00:00\",\"description\":\"A Prefeitura de Manaus, por meio do Sine Manaus, oferta 1.079 vagas de emprego em v\u00e1rias \u00e1reas de atua\u00e7\u00e3o, nesta quarta-feira, 18\/10,\u00a0de 8h \u00e0s 16h.\",\"breadcrumb\":{\"@id\":\"https:\/\/www.manaus.am.gov.br\/semtepi\/oportunidade\/sine-manaus-oferta-1-079-vagas-de-emprego-nesta-quarta-feira-18-10\/#breadcrumb\"},\"inLanguage\":\"pt-BR\",\"potentialAction\":[{\"@type\":\"ReadAction\",\"target\":[\"https:\/\/www.manaus.am.gov.br\/semtepi\/oportunidade\/sine-manaus-oferta-1-079-vagas-de-emprego-nesta-quarta-feira-18-10\/\"]}]},{\"@type\":\"ImageObject\",\"inLanguage\":\"pt-BR\",\"@id\":\"https:\/\/www.manaus.am.gov.br\/semtepi\/oportunidade\/sine-manaus-oferta-1-079-vagas-de-emprego-nesta-quarta-feira-18-10\/#primaryimage\",\"url\":\"https:\/\/www.manaus.am.gov.br\/semtepi\/wp-content\/uploads\/sites\/20\/2023\/10\/Oportunidade-3.jpg\",\"contentUrl\":\"https:\/\/www.manaus.am.gov.br\/semtepi\/wp-content\/uploads\/sites\/20\/2023\/10\/Oportunidade-3.jpg\",\"width\":2048,\"height\":1365},{\"@type\":\"BreadcrumbList\",\"@id\":\"https:\/\/www.manaus.am.gov.br\/semtepi\/oportunidade\/sine-manaus-oferta-1-079-vagas-de-emprego-nesta-quarta-feira-18-10\/#breadcrumb\",\"itemListElement\":[{\"@type\":\"ListItem\",\"position\":1,\"name\":\"Home\",\"item\":\"https:\/\/www.manaus.am.gov.br\/semtepi\/\"},{\"@type\":\"ListItem\",\"position\":2,\"name\":\"Sine Manaus oferta 1.079 vagas de emprego nesta quarta-feira, 18\/10\"}]},{\"@type\":\"WebSite\",\"@id\":\"https:\/\/www.manaus.am.gov.br\/semtepi\/#website\",\"url\":\"https:\/\/www.manaus.am.gov.br\/semtepi\/\",\"name\":\"SEMTEPI\",\"description\":\"Prefeitura de Manaus\",\"publisher\":{\"@id\":\"https:\/\/www.manaus.am.gov.br\/semtepi\/#organization\"},\"alternateName\":\"Secretaria Municipal do Trabalho, Empreendedorismo e Inova\u00e7\u00e3o\",\"potentialAction\":[{\"@type\":\"SearchAction\",\"target\":{\"@type\":\"EntryPoint\",\"urlTemplate\":\"https:\/\/www.manaus.am.gov.br\/semtepi\/?s={search_term_string}\"},\"query-input\":\"required name=search_term_string\"}],\"inLanguage\":\"pt-BR\"},{\"@type\":\"Organization\",\"@id\":\"https:\/\/www.manaus.am.gov.br\/semtepi\/#organization\",\"name\":\"Prefeitura Municipal de Manaus\",\"alternateName\":\"Prefeitura de Manaus\",\"url\":\"https:\/\/www.manaus.am.gov.br\/semtepi\/\",\"logo\":{\"@type\":\"ImageObject\",\"inLanguage\":\"pt-BR\",\"@id\":\"https:\/\/www.manaus.am.gov.br\/semtepi\/#\/schema\/logo\/image\/\",\"url\":\"https:\/\/www.manaus.am.gov.br\/semtepi\/wp-content\/uploads\/sites\/20\/2024\/07\/favicon.png\",\"contentUrl\":\"https:\/\/www.manaus.am.gov.br\/semtepi\/wp-content\/uploads\/sites\/20\/2024\/07\/favicon.png\",\"width\":300,\"height\":300,\"caption\":\"Prefeitura Municipal de Manaus\"},\"image\":{\"@id\":\"https:\/\/www.manaus.am.gov.br\/semtepi\/#\/schema\/logo\/image\/\"}},{\"@type\":\"Person\",\"@id\":\"https:\/\/www.manaus.am.gov.br\/semtepi\/#\/schema\/person\/05d223aea2bf115f9883a6ff3683d81b\",\"name\":\"Bruna Greco\",\"image\":{\"@type\":\"ImageObject\",\"inLanguage\":\"pt-BR\",\"@id\":\"https:\/\/www.manaus.am.gov.br\/semtepi\/#\/schema\/person\/image\/\",\"url\":\"https:\/\/secure.gravatar.com\/avatar\/9c877d1a6adc2a055330e5c09a8653ce?s=96&d=mm&r=g\",\"contentUrl\":\"https:\/\/secure.gravatar.com\/avatar\/9c877d1a6adc2a055330e5c09a8653ce?s=96&d=mm&r=g\",\"caption\":\"Bruna Greco\"}}]}<\/script>\n<!-- \/ Yoast SEO plugin. -->","yoast_head_json":{"title":"Sine Manaus oferta 1.079 vagas de emprego nesta quarta-feira, 18\/10","description":"A Prefeitura de Manaus, por meio do Sine Manaus, oferta 1.079 vagas de emprego em v\u00e1rias \u00e1reas de atua\u00e7\u00e3o, nesta quarta-feira, 18\/10,\u00a0de 8h \u00e0s 16h.","robots":{"index":"noindex","follow":"follow"},"og_locale":"pt_BR","og_type":"article","og_title":"Sine Manaus oferta 1.079 vagas de emprego nesta quarta-feira, 18\/10","og_description":"A Prefeitura de Manaus, por meio do Sine Manaus, oferta 1.079 vagas de emprego em v\u00e1rias \u00e1reas de atua\u00e7\u00e3o, nesta quarta-feira, 18\/10,\u00a0de 8h \u00e0s 16h.","og_url":"https:\/\/www.manaus.am.gov.br\/semtepi\/oportunidade\/sine-manaus-oferta-1-079-vagas-de-emprego-nesta-quarta-feira-18-10\/","og_site_name":"SEMTEPI","article_published_time":"2023-10-17T19:30:11+00:00","article_modified_time":"2023-10-17T19:30:13+00:00","og_image":[{"width":2048,"height":1365,"url":"https:\/\/www.manaus.am.gov.br\/semtepi\/wp-content\/uploads\/sites\/20\/2023\/10\/Oportunidade-3.jpg","type":"image\/jpeg"}],"author":"Bruna Greco","twitter_card":"summary_large_image","twitter_misc":{"Written by":"Bruna Greco","Est. reading time":"28 minutos"},"schema":{"@context":"https:\/\/schema.org","@graph":[{"@type":"Article","@id":"https:\/\/www.manaus.am.gov.br\/semtepi\/oportunidade\/sine-manaus-oferta-1-079-vagas-de-emprego-nesta-quarta-feira-18-10\/#article","isPartOf":{"@id":"https:\/\/www.manaus.am.gov.br\/semtepi\/oportunidade\/sine-manaus-oferta-1-079-vagas-de-emprego-nesta-quarta-feira-18-10\/"},"author":{"name":"Bruna Greco","@id":"https:\/\/www.manaus.am.gov.br\/semtepi\/#\/schema\/person\/05d223aea2bf115f9883a6ff3683d81b"},"headline":"Sine Manaus oferta 1.079 vagas de emprego nesta quarta-feira, 18\/10","datePublished":"2023-10-17T19:30:11+00:00","dateModified":"2023-10-17T19:30:13+00:00","mainEntityOfPage":{"@id":"https:\/\/www.manaus.am.gov.br\/semtepi\/oportunidade\/sine-manaus-oferta-1-079-vagas-de-emprego-nesta-quarta-feira-18-10\/"},"wordCount":5765,"publisher":{"@id":"https:\/\/www.manaus.am.gov.br\/semtepi\/#organization"},"image":{"@id":"https:\/\/www.manaus.am.gov.br\/semtepi\/oportunidade\/sine-manaus-oferta-1-079-vagas-de-emprego-nesta-quarta-feira-18-10\/#primaryimage"},"thumbnailUrl":"https:\/\/www.manaus.am.gov.br\/semtepi\/wp-content\/uploads\/sites\/20\/2023\/10\/Oportunidade-3.jpg","keywords":["1.079 vagas de emprego","oportunidade","prefeitura de manaus","Semtepi","sine manaus"],"articleSection":["Oportunidade"],"inLanguage":"pt-BR"},{"@type":"WebPage","@id":"https:\/\/www.manaus.am.gov.br\/semtepi\/oportunidade\/sine-manaus-oferta-1-079-vagas-de-emprego-nesta-quarta-feira-18-10\/","url":"https:\/\/www.manaus.am.gov.br\/semtepi\/oportunidade\/sine-manaus-oferta-1-079-vagas-de-emprego-nesta-quarta-feira-18-10\/","name":"Sine Manaus oferta 1.079 vagas de emprego nesta quarta-feira, 18\/10","isPartOf":{"@id":"https:\/\/www.manaus.am.gov.br\/semtepi\/#website"},"primaryImageOfPage":{"@id":"https:\/\/www.manaus.am.gov.br\/semtepi\/oportunidade\/sine-manaus-oferta-1-079-vagas-de-emprego-nesta-quarta-feira-18-10\/#primaryimage"},"image":{"@id":"https:\/\/www.manaus.am.gov.br\/semtepi\/oportunidade\/sine-manaus-oferta-1-079-vagas-de-emprego-nesta-quarta-feira-18-10\/#primaryimage"},"thumbnailUrl":"https:\/\/www.manaus.am.gov.br\/semtepi\/wp-content\/uploads\/sites\/20\/2023\/10\/Oportunidade-3.jpg","datePublished":"2023-10-17T19:30:11+00:00","dateModified":"2023-10-17T19:30:13+00:00","description":"A Prefeitura de Manaus, por meio do Sine Manaus, oferta 1.079 vagas de emprego em v\u00e1rias \u00e1reas de atua\u00e7\u00e3o, nesta quarta-feira, 18\/10,\u00a0de 8h \u00e0s 16h.","breadcrumb":{"@id":"https:\/\/www.manaus.am.gov.br\/semtepi\/oportunidade\/sine-manaus-oferta-1-079-vagas-de-emprego-nesta-quarta-feira-18-10\/#breadcrumb"},"inLanguage":"pt-BR","potentialAction":[{"@type":"ReadAction","target":["https:\/\/www.manaus.am.gov.br\/semtepi\/oportunidade\/sine-manaus-oferta-1-079-vagas-de-emprego-nesta-quarta-feira-18-10\/"]}]},{"@type":"ImageObject","inLanguage":"pt-BR","@id":"https:\/\/www.manaus.am.gov.br\/semtepi\/oportunidade\/sine-manaus-oferta-1-079-vagas-de-emprego-nesta-quarta-feira-18-10\/#primaryimage","url":"https:\/\/www.manaus.am.gov.br\/semtepi\/wp-content\/uploads\/sites\/20\/2023\/10\/Oportunidade-3.jpg","contentUrl":"https:\/\/www.manaus.am.gov.br\/semtepi\/wp-content\/uploads\/sites\/20\/2023\/10\/Oportunidade-3.jpg","width":2048,"height":1365},{"@type":"BreadcrumbList","@id":"https:\/\/www.manaus.am.gov.br\/semtepi\/oportunidade\/sine-manaus-oferta-1-079-vagas-de-emprego-nesta-quarta-feira-18-10\/#breadcrumb","itemListElement":[{"@type":"ListItem","position":1,"name":"Home","item":"https:\/\/www.manaus.am.gov.br\/semtepi\/"},{"@type":"ListItem","position":2,"name":"Sine Manaus oferta 1.079 vagas de emprego nesta quarta-feira, 18\/10"}]},{"@type":"WebSite","@id":"https:\/\/www.manaus.am.gov.br\/semtepi\/#website","url":"https:\/\/www.manaus.am.gov.br\/semtepi\/","name":"SEMTEPI","description":"Prefeitura de Manaus","publisher":{"@id":"https:\/\/www.manaus.am.gov.br\/semtepi\/#organization"},"alternateName":"Secretaria Municipal do Trabalho, Empreendedorismo e Inova\u00e7\u00e3o","potentialAction":[{"@type":"SearchAction","target":{"@type":"EntryPoint","urlTemplate":"https:\/\/www.manaus.am.gov.br\/semtepi\/?s={search_term_string}"},"query-input":"required name=search_term_string"}],"inLanguage":"pt-BR"},{"@type":"Organization","@id":"https:\/\/www.manaus.am.gov.br\/semtepi\/#organization","name":"Prefeitura Municipal de Manaus","alternateName":"Prefeitura de Manaus","url":"https:\/\/www.manaus.am.gov.br\/semtepi\/","logo":{"@type":"ImageObject","inLanguage":"pt-BR","@id":"https:\/\/www.manaus.am.gov.br\/semtepi\/#\/schema\/logo\/image\/","url":"https:\/\/www.manaus.am.gov.br\/semtepi\/wp-content\/uploads\/sites\/20\/2024\/07\/favicon.png","contentUrl":"https:\/\/www.manaus.am.gov.br\/semtepi\/wp-content\/uploads\/sites\/20\/2024\/07\/favicon.png","width":300,"height":300,"caption":"Prefeitura Municipal de Manaus"},"image":{"@id":"https:\/\/www.manaus.am.gov.br\/semtepi\/#\/schema\/logo\/image\/"}},{"@type":"Person","@id":"https:\/\/www.manaus.am.gov.br\/semtepi\/#\/schema\/person\/05d223aea2bf115f9883a6ff3683d81b","name":"Bruna Greco","image":{"@type":"ImageObject","inLanguage":"pt-BR","@id":"https:\/\/www.manaus.am.gov.br\/semtepi\/#\/schema\/person\/image\/","url":"https:\/\/secure.gravatar.com\/avatar\/9c877d1a6adc2a055330e5c09a8653ce?s=96&d=mm&r=g","contentUrl":"https:\/\/secure.gravatar.com\/avatar\/9c877d1a6adc2a055330e5c09a8653ce?s=96&d=mm&r=g","caption":"Bruna Greco"}}]}},"_links":{"self":[{"href":"https:\/\/www.manaus.am.gov.br\/semtepi\/wp-json\/wp\/v2\/posts\/2806"}],"collection":[{"href":"https:\/\/www.manaus.am.gov.br\/semtepi\/wp-json\/wp\/v2\/posts"}],"about":[{"href":"https:\/\/www.manaus.am.gov.br\/semtepi\/wp-json\/wp\/v2\/types\/post"}],"author":[{"embeddable":true,"href":"https:\/\/www.manaus.am.gov.br\/semtepi\/wp-json\/wp\/v2\/users\/39"}],"replies":[{"embeddable":true,"href":"https:\/\/www.manaus.am.gov.br\/semtepi\/wp-json\/wp\/v2\/comments?post=2806"}],"version-history":[{"count":0,"href":"https:\/\/www.manaus.am.gov.br\/semtepi\/wp-json\/wp\/v2\/posts\/2806\/revisions"}],"wp:featuredmedia":[{"embeddable":true,"href":"https:\/\/www.manaus.am.gov.br\/semtepi\/wp-json\/wp\/v2\/media\/2807"}],"wp:attachment":[{"href":"https:\/\/www.manaus.am.gov.br\/semtepi\/wp-json\/wp\/v2\/media?parent=2806"}],"wp:term":[{"taxonomy":"category","embeddable":true,"href":"https:\/\/www.manaus.am.gov.br\/semtepi\/wp-json\/wp\/v2\/categories?post=2806"},{"taxonomy":"post_tag","embeddable":true,"href":"https:\/\/www.manaus.am.gov.br\/semtepi\/wp-json\/wp\/v2\/tags?post=2806"}],"curies":[{"name":"wp","href":"https:\/\/api.w.org\/{rel}","templated":true}]}}