{"id":2804,"date":"2023-10-16T17:24:35","date_gmt":"2023-10-16T21:24:35","guid":{"rendered":"https:\/\/www.manaus.am.gov.br\/semtepi\/sem-categoria\/prefeitura-de-manaus-capacita-empreendedores-com-curso-de-higienizacao-a-seco\/"},"modified":"2023-10-16T17:24:35","modified_gmt":"2023-10-16T21:24:35","slug":"prefeitura-de-manaus-capacita-empreendedores-com-curso-de-higienizacao-a-seco","status":"publish","type":"post","link":"https:\/\/www.manaus.am.gov.br\/semtepi\/capacitacao\/prefeitura-de-manaus-capacita-empreendedores-com-curso-de-higienizacao-a-seco\/","title":{"rendered":"<strong>Prefeitura de Manaus capacita empreendedores com curso de &#8216;Higieniza\u00e7\u00e3o a Seco&#8217;<\/strong>"},"content":{"rendered":"\n<p>A Prefeitura de Manaus, por meio da Secretaria Municipal do Trabalho, Empreendedorismo e Inova\u00e7\u00e3o (Semtepi), em parceria com o Grupo de Neg\u00f3cios Amazonas (GNA), iniciou, nesta segunda-feira, 16\/10, o curso de &#8216;Higieniza\u00e7\u00e3o a Seco&#8217;, com a participa\u00e7\u00e3o de mais de 30 alunos. As aulas v\u00e3o at\u00e9 o dia 20\/10, no posto do Sine Manaus, localizado na avenida Constantino Nery, bairro S\u00e3o Geraldo, zona Centro-Sul.<\/p>\n\n\n\n<p>O&nbsp;curso faz parte do projeto \u201cQualificar \u00e9 o Caminho Certo para Empreender\u201d e tem o prop\u00f3sito de capacitar os participantes, proporcionando um conhecimento abrangente em t\u00e9cnicas de limpeza a seco, ao mesmo tempo em que explora oportunidades empreendedoras e aprimora compet\u00eancias profissionais, de modo a facilitar a inser\u00e7\u00e3o dos alunos no mercado de trabalho.<\/p>\n\n\n\n<p>\u201cO curso de higieniza\u00e7\u00e3o a seco fornece as habilidades, conhecimentos e credibilidade necess\u00e1rios para empreender com sucesso nesse campo, diversificando servi\u00e7os, explorando nichos de mercado e respondendo \u00e0s necessidades dos clientes, ao mesmo tempo em que promove pr\u00e1ticas de neg\u00f3cios sustent\u00e1veis&#8221;, destacou o titular da Semtepi, Radyr J\u00fanior.<\/p>\n\n\n\n<p>Durante a aula de hoje, os alunos aprenderam conceitos sobre os m\u00e9todos da higieniza\u00e7\u00e3o a seco e os est\u00e1gios de aprendizagem que se classificam em tr\u00eas etapas: &#8220;Captar Clientes&#8221;, &#8220;Fechar Or\u00e7amento&#8221; e &#8220;Realizar o Servi\u00e7o&#8221;.&nbsp;De acordo com o fundador do GNA, Jorge Ara\u00fajo, a parceria com o poder p\u00fablico fortalece os la\u00e7os de empreendedorismo na cidade.<\/p>\n\n\n\n<p>\u201cEsse curso \u00e9 \u00fanico e inovador, criado especialmente para fornecer conhecimento e firmar parcerias com o poder p\u00fablico. Nossa meta \u00e9 formar profissionais qualificados para atuar no mercado da higieniza\u00e7\u00e3o a seco. A metodologia que usamos tem as melhores t\u00e9cnicas que v\u00e3o desde os princ\u00edpios da higieniza\u00e7\u00e3o at\u00e9 os meios de seguran\u00e7a\u201d, explicou Jorge.<\/p>\n\n\n\n<p>Para o aluno Al\u00edpio Gama, que participa pela primeira vez do curso, essa \u00e9 a oportunidade ideal para que ele seja inserido no mercado como novo empreendedor manauara.<\/p>\n\n\n\n<p>\u201cO curso me dar\u00e1 uma nova vis\u00e3o do mercado empreendedor, pois j\u00e1 estou h\u00e1 seis anos desempregado e na tentativa de mudar de vida com essa oportunidade. Estou feliz em saber que a prefeitura nos concede a chance de receber esse ensino totalmente gratuito e necess\u00e1rio para crescer e criar minha pr\u00f3pria empresa\u201d, descreveu o participante.<\/p>\n\n\n\n<p>&#8212; &#8212; &#8212;<\/p>\n\n\n\n<p><strong>Texto e Foto &#8211;\u00a0<\/strong>Fabiane Monteiro\/ Semtepi<\/p>\n","protected":false},"excerpt":{"rendered":"","protected":false},"author":31,"featured_media":2805,"comment_status":"closed","ping_status":"closed","sticky":false,"template":"","format":"standard","meta":{"footnotes":""},"categories":[51],"tags":[664,53,252],"acf":[],"yoast_head":"<!-- This site is optimized with the Yoast SEO plugin v23.0 - https:\/\/yoast.com\/wordpress\/plugins\/seo\/ -->\n<title>Prefeitura de Manaus capacita empreendedores com curso de &#039;Higieniza\u00e7\u00e3o a Seco&#039; - SEMTEPI<\/title>\n<meta name=\"robots\" content=\"noindex, follow\" \/>\n<meta property=\"og:locale\" content=\"pt_BR\" \/>\n<meta property=\"og:type\" content=\"article\" \/>\n<meta property=\"og:title\" content=\"Prefeitura de Manaus capacita empreendedores com curso de &#039;Higieniza\u00e7\u00e3o a Seco&#039; - SEMTEPI\" \/>\n<meta property=\"og:url\" content=\"https:\/\/www.manaus.am.gov.br\/semtepi\/capacitacao\/prefeitura-de-manaus-capacita-empreendedores-com-curso-de-higienizacao-a-seco\/\" \/>\n<meta property=\"og:site_name\" content=\"SEMTEPI\" \/>\n<meta property=\"article:published_time\" content=\"2023-10-16T21:24:35+00:00\" \/>\n<meta property=\"og:image\" content=\"https:\/\/www.manaus.am.gov.br\/semtepi\/wp-content\/uploads\/sites\/20\/2023\/10\/Foto-3.jpeg\" \/>\n\t<meta property=\"og:image:width\" content=\"835\" \/>\n\t<meta property=\"og:image:height\" content=\"576\" \/>\n\t<meta property=\"og:image:type\" content=\"image\/jpeg\" \/>\n<meta name=\"author\" content=\"Renata Felix\" \/>\n<meta name=\"twitter:card\" content=\"summary_large_image\" \/>\n<meta name=\"twitter:label1\" content=\"Written by\" \/>\n\t<meta name=\"twitter:data1\" content=\"Renata Felix\" \/>\n\t<meta name=\"twitter:label2\" content=\"Est. reading time\" \/>\n\t<meta name=\"twitter:data2\" content=\"3 minutos\" \/>\n<script type=\"application\/ld+json\" class=\"yoast-schema-graph\">{\"@context\":\"https:\/\/schema.org\",\"@graph\":[{\"@type\":\"Article\",\"@id\":\"https:\/\/www.manaus.am.gov.br\/semtepi\/capacitacao\/prefeitura-de-manaus-capacita-empreendedores-com-curso-de-higienizacao-a-seco\/#article\",\"isPartOf\":{\"@id\":\"https:\/\/www.manaus.am.gov.br\/semtepi\/capacitacao\/prefeitura-de-manaus-capacita-empreendedores-com-curso-de-higienizacao-a-seco\/\"},\"author\":{\"name\":\"Renata Felix\",\"@id\":\"https:\/\/www.manaus.am.gov.br\/semtepi\/#\/schema\/person\/4eea2a8f78dc853097abb026f728aa06\"},\"headline\":\"Prefeitura de Manaus capacita empreendedores com curso de &#8216;Higieniza\u00e7\u00e3o a Seco&#8217;\",\"datePublished\":\"2023-10-16T21:24:35+00:00\",\"dateModified\":\"2023-10-16T21:24:35+00:00\",\"mainEntityOfPage\":{\"@id\":\"https:\/\/www.manaus.am.gov.br\/semtepi\/capacitacao\/prefeitura-de-manaus-capacita-empreendedores-com-curso-de-higienizacao-a-seco\/\"},\"wordCount\":416,\"publisher\":{\"@id\":\"https:\/\/www.manaus.am.gov.br\/semtepi\/#organization\"},\"image\":{\"@id\":\"https:\/\/www.manaus.am.gov.br\/semtepi\/capacitacao\/prefeitura-de-manaus-capacita-empreendedores-com-curso-de-higienizacao-a-seco\/#primaryimage\"},\"thumbnailUrl\":\"https:\/\/www.manaus.am.gov.br\/semtepi\/wp-content\/uploads\/sites\/20\/2023\/10\/Foto-3.jpeg\",\"keywords\":[\"&#039;Higieniza\u00e7\u00e3o a Seco\",\"capacita\u00e7\u00e3o\",\"curso\"],\"articleSection\":[\"Capacita\u00e7\u00e3o\"],\"inLanguage\":\"pt-BR\"},{\"@type\":\"WebPage\",\"@id\":\"https:\/\/www.manaus.am.gov.br\/semtepi\/capacitacao\/prefeitura-de-manaus-capacita-empreendedores-com-curso-de-higienizacao-a-seco\/\",\"url\":\"https:\/\/www.manaus.am.gov.br\/semtepi\/capacitacao\/prefeitura-de-manaus-capacita-empreendedores-com-curso-de-higienizacao-a-seco\/\",\"name\":\"Prefeitura de Manaus capacita empreendedores com curso de 'Higieniza\u00e7\u00e3o a Seco' - SEMTEPI\",\"isPartOf\":{\"@id\":\"https:\/\/www.manaus.am.gov.br\/semtepi\/#website\"},\"primaryImageOfPage\":{\"@id\":\"https:\/\/www.manaus.am.gov.br\/semtepi\/capacitacao\/prefeitura-de-manaus-capacita-empreendedores-com-curso-de-higienizacao-a-seco\/#primaryimage\"},\"image\":{\"@id\":\"https:\/\/www.manaus.am.gov.br\/semtepi\/capacitacao\/prefeitura-de-manaus-capacita-empreendedores-com-curso-de-higienizacao-a-seco\/#primaryimage\"},\"thumbnailUrl\":\"https:\/\/www.manaus.am.gov.br\/semtepi\/wp-content\/uploads\/sites\/20\/2023\/10\/Foto-3.jpeg\",\"datePublished\":\"2023-10-16T21:24:35+00:00\",\"dateModified\":\"2023-10-16T21:24:35+00:00\",\"breadcrumb\":{\"@id\":\"https:\/\/www.manaus.am.gov.br\/semtepi\/capacitacao\/prefeitura-de-manaus-capacita-empreendedores-com-curso-de-higienizacao-a-seco\/#breadcrumb\"},\"inLanguage\":\"pt-BR\",\"potentialAction\":[{\"@type\":\"ReadAction\",\"target\":[\"https:\/\/www.manaus.am.gov.br\/semtepi\/capacitacao\/prefeitura-de-manaus-capacita-empreendedores-com-curso-de-higienizacao-a-seco\/\"]}]},{\"@type\":\"ImageObject\",\"inLanguage\":\"pt-BR\",\"@id\":\"https:\/\/www.manaus.am.gov.br\/semtepi\/capacitacao\/prefeitura-de-manaus-capacita-empreendedores-com-curso-de-higienizacao-a-seco\/#primaryimage\",\"url\":\"https:\/\/www.manaus.am.gov.br\/semtepi\/wp-content\/uploads\/sites\/20\/2023\/10\/Foto-3.jpeg\",\"contentUrl\":\"https:\/\/www.manaus.am.gov.br\/semtepi\/wp-content\/uploads\/sites\/20\/2023\/10\/Foto-3.jpeg\",\"width\":835,\"height\":576},{\"@type\":\"BreadcrumbList\",\"@id\":\"https:\/\/www.manaus.am.gov.br\/semtepi\/capacitacao\/prefeitura-de-manaus-capacita-empreendedores-com-curso-de-higienizacao-a-seco\/#breadcrumb\",\"itemListElement\":[{\"@type\":\"ListItem\",\"position\":1,\"name\":\"Home\",\"item\":\"https:\/\/www.manaus.am.gov.br\/semtepi\/\"},{\"@type\":\"ListItem\",\"position\":2,\"name\":\"Prefeitura de Manaus capacita empreendedores com curso de &#8216;Higieniza\u00e7\u00e3o a Seco&#8217;\"}]},{\"@type\":\"WebSite\",\"@id\":\"https:\/\/www.manaus.am.gov.br\/semtepi\/#website\",\"url\":\"https:\/\/www.manaus.am.gov.br\/semtepi\/\",\"name\":\"SEMTEPI\",\"description\":\"Prefeitura de Manaus\",\"publisher\":{\"@id\":\"https:\/\/www.manaus.am.gov.br\/semtepi\/#organization\"},\"alternateName\":\"Secretaria Municipal do Trabalho, Empreendedorismo e Inova\u00e7\u00e3o\",\"potentialAction\":[{\"@type\":\"SearchAction\",\"target\":{\"@type\":\"EntryPoint\",\"urlTemplate\":\"https:\/\/www.manaus.am.gov.br\/semtepi\/?s={search_term_string}\"},\"query-input\":\"required name=search_term_string\"}],\"inLanguage\":\"pt-BR\"},{\"@type\":\"Organization\",\"@id\":\"https:\/\/www.manaus.am.gov.br\/semtepi\/#organization\",\"name\":\"Prefeitura Municipal de Manaus\",\"alternateName\":\"Prefeitura de Manaus\",\"url\":\"https:\/\/www.manaus.am.gov.br\/semtepi\/\",\"logo\":{\"@type\":\"ImageObject\",\"inLanguage\":\"pt-BR\",\"@id\":\"https:\/\/www.manaus.am.gov.br\/semtepi\/#\/schema\/logo\/image\/\",\"url\":\"https:\/\/www.manaus.am.gov.br\/semtepi\/wp-content\/uploads\/sites\/20\/2024\/07\/favicon.png\",\"contentUrl\":\"https:\/\/www.manaus.am.gov.br\/semtepi\/wp-content\/uploads\/sites\/20\/2024\/07\/favicon.png\",\"width\":300,\"height\":300,\"caption\":\"Prefeitura Municipal de Manaus\"},\"image\":{\"@id\":\"https:\/\/www.manaus.am.gov.br\/semtepi\/#\/schema\/logo\/image\/\"}},{\"@type\":\"Person\",\"@id\":\"https:\/\/www.manaus.am.gov.br\/semtepi\/#\/schema\/person\/4eea2a8f78dc853097abb026f728aa06\",\"name\":\"Renata Felix\",\"image\":{\"@type\":\"ImageObject\",\"inLanguage\":\"pt-BR\",\"@id\":\"https:\/\/www.manaus.am.gov.br\/semtepi\/#\/schema\/person\/image\/\",\"url\":\"https:\/\/secure.gravatar.com\/avatar\/3c196cf9d3b837b24c8edb2c50fd8f29?s=96&d=mm&r=g\",\"contentUrl\":\"https:\/\/secure.gravatar.com\/avatar\/3c196cf9d3b837b24c8edb2c50fd8f29?s=96&d=mm&r=g\",\"caption\":\"Renata Felix\"}}]}<\/script>\n<!-- \/ Yoast SEO plugin. -->","yoast_head_json":{"title":"Prefeitura de Manaus capacita empreendedores com curso de 'Higieniza\u00e7\u00e3o a Seco' - SEMTEPI","robots":{"index":"noindex","follow":"follow"},"og_locale":"pt_BR","og_type":"article","og_title":"Prefeitura de Manaus capacita empreendedores com curso de 'Higieniza\u00e7\u00e3o a Seco' - SEMTEPI","og_url":"https:\/\/www.manaus.am.gov.br\/semtepi\/capacitacao\/prefeitura-de-manaus-capacita-empreendedores-com-curso-de-higienizacao-a-seco\/","og_site_name":"SEMTEPI","article_published_time":"2023-10-16T21:24:35+00:00","og_image":[{"width":835,"height":576,"url":"https:\/\/www.manaus.am.gov.br\/semtepi\/wp-content\/uploads\/sites\/20\/2023\/10\/Foto-3.jpeg","type":"image\/jpeg"}],"author":"Renata Felix","twitter_card":"summary_large_image","twitter_misc":{"Written by":"Renata Felix","Est. reading time":"3 minutos"},"schema":{"@context":"https:\/\/schema.org","@graph":[{"@type":"Article","@id":"https:\/\/www.manaus.am.gov.br\/semtepi\/capacitacao\/prefeitura-de-manaus-capacita-empreendedores-com-curso-de-higienizacao-a-seco\/#article","isPartOf":{"@id":"https:\/\/www.manaus.am.gov.br\/semtepi\/capacitacao\/prefeitura-de-manaus-capacita-empreendedores-com-curso-de-higienizacao-a-seco\/"},"author":{"name":"Renata Felix","@id":"https:\/\/www.manaus.am.gov.br\/semtepi\/#\/schema\/person\/4eea2a8f78dc853097abb026f728aa06"},"headline":"Prefeitura de Manaus capacita empreendedores com curso de &#8216;Higieniza\u00e7\u00e3o a Seco&#8217;","datePublished":"2023-10-16T21:24:35+00:00","dateModified":"2023-10-16T21:24:35+00:00","mainEntityOfPage":{"@id":"https:\/\/www.manaus.am.gov.br\/semtepi\/capacitacao\/prefeitura-de-manaus-capacita-empreendedores-com-curso-de-higienizacao-a-seco\/"},"wordCount":416,"publisher":{"@id":"https:\/\/www.manaus.am.gov.br\/semtepi\/#organization"},"image":{"@id":"https:\/\/www.manaus.am.gov.br\/semtepi\/capacitacao\/prefeitura-de-manaus-capacita-empreendedores-com-curso-de-higienizacao-a-seco\/#primaryimage"},"thumbnailUrl":"https:\/\/www.manaus.am.gov.br\/semtepi\/wp-content\/uploads\/sites\/20\/2023\/10\/Foto-3.jpeg","keywords":["&#039;Higieniza\u00e7\u00e3o a Seco","capacita\u00e7\u00e3o","curso"],"articleSection":["Capacita\u00e7\u00e3o"],"inLanguage":"pt-BR"},{"@type":"WebPage","@id":"https:\/\/www.manaus.am.gov.br\/semtepi\/capacitacao\/prefeitura-de-manaus-capacita-empreendedores-com-curso-de-higienizacao-a-seco\/","url":"https:\/\/www.manaus.am.gov.br\/semtepi\/capacitacao\/prefeitura-de-manaus-capacita-empreendedores-com-curso-de-higienizacao-a-seco\/","name":"Prefeitura de Manaus capacita empreendedores com curso de 'Higieniza\u00e7\u00e3o a Seco' - SEMTEPI","isPartOf":{"@id":"https:\/\/www.manaus.am.gov.br\/semtepi\/#website"},"primaryImageOfPage":{"@id":"https:\/\/www.manaus.am.gov.br\/semtepi\/capacitacao\/prefeitura-de-manaus-capacita-empreendedores-com-curso-de-higienizacao-a-seco\/#primaryimage"},"image":{"@id":"https:\/\/www.manaus.am.gov.br\/semtepi\/capacitacao\/prefeitura-de-manaus-capacita-empreendedores-com-curso-de-higienizacao-a-seco\/#primaryimage"},"thumbnailUrl":"https:\/\/www.manaus.am.gov.br\/semtepi\/wp-content\/uploads\/sites\/20\/2023\/10\/Foto-3.jpeg","datePublished":"2023-10-16T21:24:35+00:00","dateModified":"2023-10-16T21:24:35+00:00","breadcrumb":{"@id":"https:\/\/www.manaus.am.gov.br\/semtepi\/capacitacao\/prefeitura-de-manaus-capacita-empreendedores-com-curso-de-higienizacao-a-seco\/#breadcrumb"},"inLanguage":"pt-BR","potentialAction":[{"@type":"ReadAction","target":["https:\/\/www.manaus.am.gov.br\/semtepi\/capacitacao\/prefeitura-de-manaus-capacita-empreendedores-com-curso-de-higienizacao-a-seco\/"]}]},{"@type":"ImageObject","inLanguage":"pt-BR","@id":"https:\/\/www.manaus.am.gov.br\/semtepi\/capacitacao\/prefeitura-de-manaus-capacita-empreendedores-com-curso-de-higienizacao-a-seco\/#primaryimage","url":"https:\/\/www.manaus.am.gov.br\/semtepi\/wp-content\/uploads\/sites\/20\/2023\/10\/Foto-3.jpeg","contentUrl":"https:\/\/www.manaus.am.gov.br\/semtepi\/wp-content\/uploads\/sites\/20\/2023\/10\/Foto-3.jpeg","width":835,"height":576},{"@type":"BreadcrumbList","@id":"https:\/\/www.manaus.am.gov.br\/semtepi\/capacitacao\/prefeitura-de-manaus-capacita-empreendedores-com-curso-de-higienizacao-a-seco\/#breadcrumb","itemListElement":[{"@type":"ListItem","position":1,"name":"Home","item":"https:\/\/www.manaus.am.gov.br\/semtepi\/"},{"@type":"ListItem","position":2,"name":"Prefeitura de Manaus capacita empreendedores com curso de &#8216;Higieniza\u00e7\u00e3o a Seco&#8217;"}]},{"@type":"WebSite","@id":"https:\/\/www.manaus.am.gov.br\/semtepi\/#website","url":"https:\/\/www.manaus.am.gov.br\/semtepi\/","name":"SEMTEPI","description":"Prefeitura de Manaus","publisher":{"@id":"https:\/\/www.manaus.am.gov.br\/semtepi\/#organization"},"alternateName":"Secretaria Municipal do Trabalho, Empreendedorismo e Inova\u00e7\u00e3o","potentialAction":[{"@type":"SearchAction","target":{"@type":"EntryPoint","urlTemplate":"https:\/\/www.manaus.am.gov.br\/semtepi\/?s={search_term_string}"},"query-input":"required name=search_term_string"}],"inLanguage":"pt-BR"},{"@type":"Organization","@id":"https:\/\/www.manaus.am.gov.br\/semtepi\/#organization","name":"Prefeitura Municipal de Manaus","alternateName":"Prefeitura de Manaus","url":"https:\/\/www.manaus.am.gov.br\/semtepi\/","logo":{"@type":"ImageObject","inLanguage":"pt-BR","@id":"https:\/\/www.manaus.am.gov.br\/semtepi\/#\/schema\/logo\/image\/","url":"https:\/\/www.manaus.am.gov.br\/semtepi\/wp-content\/uploads\/sites\/20\/2024\/07\/favicon.png","contentUrl":"https:\/\/www.manaus.am.gov.br\/semtepi\/wp-content\/uploads\/sites\/20\/2024\/07\/favicon.png","width":300,"height":300,"caption":"Prefeitura Municipal de Manaus"},"image":{"@id":"https:\/\/www.manaus.am.gov.br\/semtepi\/#\/schema\/logo\/image\/"}},{"@type":"Person","@id":"https:\/\/www.manaus.am.gov.br\/semtepi\/#\/schema\/person\/4eea2a8f78dc853097abb026f728aa06","name":"Renata Felix","image":{"@type":"ImageObject","inLanguage":"pt-BR","@id":"https:\/\/www.manaus.am.gov.br\/semtepi\/#\/schema\/person\/image\/","url":"https:\/\/secure.gravatar.com\/avatar\/3c196cf9d3b837b24c8edb2c50fd8f29?s=96&d=mm&r=g","contentUrl":"https:\/\/secure.gravatar.com\/avatar\/3c196cf9d3b837b24c8edb2c50fd8f29?s=96&d=mm&r=g","caption":"Renata Felix"}}]}},"_links":{"self":[{"href":"https:\/\/www.manaus.am.gov.br\/semtepi\/wp-json\/wp\/v2\/posts\/2804"}],"collection":[{"href":"https:\/\/www.manaus.am.gov.br\/semtepi\/wp-json\/wp\/v2\/posts"}],"about":[{"href":"https:\/\/www.manaus.am.gov.br\/semtepi\/wp-json\/wp\/v2\/types\/post"}],"author":[{"embeddable":true,"href":"https:\/\/www.manaus.am.gov.br\/semtepi\/wp-json\/wp\/v2\/users\/31"}],"replies":[{"embeddable":true,"href":"https:\/\/www.manaus.am.gov.br\/semtepi\/wp-json\/wp\/v2\/comments?post=2804"}],"version-history":[{"count":0,"href":"https:\/\/www.manaus.am.gov.br\/semtepi\/wp-json\/wp\/v2\/posts\/2804\/revisions"}],"wp:featuredmedia":[{"embeddable":true,"href":"https:\/\/www.manaus.am.gov.br\/semtepi\/wp-json\/wp\/v2\/media\/2805"}],"wp:attachment":[{"href":"https:\/\/www.manaus.am.gov.br\/semtepi\/wp-json\/wp\/v2\/media?parent=2804"}],"wp:term":[{"taxonomy":"category","embeddable":true,"href":"https:\/\/www.manaus.am.gov.br\/semtepi\/wp-json\/wp\/v2\/categories?post=2804"},{"taxonomy":"post_tag","embeddable":true,"href":"https:\/\/www.manaus.am.gov.br\/semtepi\/wp-json\/wp\/v2\/tags?post=2804"}],"curies":[{"name":"wp","href":"https:\/\/api.w.org\/{rel}","templated":true}]}}