{"id":2793,"date":"2023-10-16T09:19:25","date_gmt":"2023-10-16T13:19:25","guid":{"rendered":"https:\/\/www.manaus.am.gov.br\/semtepi\/sem-categoria\/prefeitura-de-manaus-divulga-lista-de-selecionados-para-novas-turmas-do-curso-de-programacao\/"},"modified":"2023-10-16T09:24:07","modified_gmt":"2023-10-16T13:24:07","slug":"prefeitura-de-manaus-divulga-lista-de-selecionados-para-novas-turmas-do-curso-de-programacao","status":"publish","type":"post","link":"https:\/\/www.manaus.am.gov.br\/semtepi\/inovacao\/prefeitura-de-manaus-divulga-lista-de-selecionados-para-novas-turmas-do-curso-de-programacao\/","title":{"rendered":"<strong>Prefeitura de Manaus divulga lista de selecionados para novas turmas do curso de programa\u00e7\u00e3o<\/strong>"},"content":{"rendered":"\n<p>A Prefeitura de Manaus, por meio da Secretaria Municipal do Trabalho, Empreendedorismo e Inova\u00e7\u00e3o (Semtepi), divulga, nesta segunda-feira, 16\/10, a lista completa de selecionados para as turmas seis e sete do curso \u201cB\u00e1sico de Programa\u00e7\u00e3o\u201d, do edital \u201cMais Inova\u00e7\u00e3o 2022\u201d.<\/p>\n\n\n\n<p>Executado pela Federa\u00e7\u00e3o Amazonense de E-Sports (Faesp), o projeto tem como objetivo principal estimular e capacitar os cidad\u00e3os a alcan\u00e7ar um desempenho mais s\u00f3lido no mercado da inova\u00e7\u00e3o, fornecendo conhecimentos essenciais para prepar\u00e1-los para o mundo profissional.<\/p>\n\n\n\n<p>\u201cA oferta de cursos na \u00e1rea de tecnologia tem crescido, significativamente, para atender \u00e0 demanda por habilidades digitais. Esses cursos visam capacitar os participantes com as habilidades necess\u00e1rias para carreiras em constante evolu\u00e7\u00e3o no setor de tecnologia, promovendo inova\u00e7\u00e3o e atendendo as necessidades do mercado de trabalho digital\u201d, frisou o titular da Semtepi, Radyr J\u00fanior.<\/p>\n\n\n\n<p>As aulas ser\u00e3o realizadas de 16\/10 a 13\/11, nos per\u00edodos vespertino (13h \u00e0s 17h) e noturno (18h \u00e0s 22h), na sede do Centro Universit\u00e1rio do Norte (Uninorte), na unidade 22, na avenida Djalma Batista, zona Centro-Sul. Os estudantes receber\u00e3o lanches gratuitos, durante os intervalos, e apoio com vale-transporte ao longo dos 20 dias de curso.<\/p>\n\n\n\n<p>&#8212; &#8212; &#8212;<\/p>\n\n\n\n<p><strong>Texto e Fotos \u2013&nbsp;<\/strong>Divulga\u00e7\u00e3o \/ Semtepi<\/p>\n\n\n\n<p>*Listas em anexo<\/p>\n\n\n\n<div data-wp-interactive=\"\" class=\"wp-block-file\"><object data-wp-bind--hidden=\"!selectors.core.file.hasPdfPreview\" hidden class=\"wp-block-file__embed\" data=\"https:\/\/www.manaus.am.gov.br\/semtepi\/wp-content\/uploads\/sites\/20\/2023\/10\/Turma-6-Programacao-Basica.pdf\" type=\"application\/pdf\" style=\"width:100%;height:600px\" aria-label=\"Incorporado de Turma 6 - Programa\u00e7\u00e3o B\u00e1sica.\"><\/object><a id=\"wp-block-file--media-112f2568-0d04-4785-acfa-8515702c81f3\" href=\"https:\/\/www.manaus.am.gov.br\/semtepi\/wp-content\/uploads\/sites\/20\/2023\/10\/Turma-6-Programacao-Basica.pdf\">Turma 6 &#8211; Programa\u00e7\u00e3o B\u00e1sica<\/a><a href=\"https:\/\/www.manaus.am.gov.br\/semtepi\/wp-content\/uploads\/sites\/20\/2023\/10\/Turma-6-Programacao-Basica.pdf\" class=\"wp-block-file__button wp-element-button\" download aria-describedby=\"wp-block-file--media-112f2568-0d04-4785-acfa-8515702c81f3\">Baixar<\/a><\/div>\n\n\n\n<div data-wp-interactive=\"\" class=\"wp-block-file\"><object data-wp-bind--hidden=\"!selectors.core.file.hasPdfPreview\" hidden class=\"wp-block-file__embed\" data=\"https:\/\/www.manaus.am.gov.br\/semtepi\/wp-content\/uploads\/sites\/20\/2023\/10\/Turma-7-Programacao-Basica.pdf\" type=\"application\/pdf\" style=\"width:100%;height:600px\" aria-label=\"Incorporado de Turma 7 - Programa\u00e7\u00e3o B\u00e1sica.\"><\/object><a id=\"wp-block-file--media-066bfb99-bc2e-4916-9363-49cc3c690baf\" href=\"https:\/\/www.manaus.am.gov.br\/semtepi\/wp-content\/uploads\/sites\/20\/2023\/10\/Turma-7-Programacao-Basica.pdf\">Turma 7 &#8211; Programa\u00e7\u00e3o B\u00e1sica<\/a><a href=\"https:\/\/www.manaus.am.gov.br\/semtepi\/wp-content\/uploads\/sites\/20\/2023\/10\/Turma-7-Programacao-Basica.pdf\" class=\"wp-block-file__button wp-element-button\" download aria-describedby=\"wp-block-file--media-066bfb99-bc2e-4916-9363-49cc3c690baf\">Baixar<\/a><\/div>\n","protected":false},"excerpt":{"rendered":"","protected":false},"author":23,"featured_media":2794,"comment_status":"closed","ping_status":"closed","sticky":false,"template":"","format":"standard","meta":{"footnotes":""},"categories":[149],"tags":[659,75,8,216,225,9],"acf":[],"yoast_head":"<!-- This site is optimized with the Yoast SEO plugin v23.0 - https:\/\/yoast.com\/wordpress\/plugins\/seo\/ -->\n<title>Prefeitura de Manaus divulga lista de selecionados para novas turmas do curso de programa\u00e7\u00e3o<\/title>\n<meta name=\"description\" content=\"A Prefeitura de Manaus, por meio da Secretaria Municipal do Trabalho, Empreendedorismo e Inova\u00e7\u00e3o (Semtepi), divulga, nesta segunda-feira, 16\/10, a lista completa de selecionados para as turmas seis e sete do curso \u201cB\u00e1sico de Programa\u00e7\u00e3o\u201d, do edital \u201cMais Inova\u00e7\u00e3o 2022\u201d.\" \/>\n<meta name=\"robots\" content=\"noindex, follow\" \/>\n<meta property=\"og:locale\" content=\"pt_BR\" \/>\n<meta property=\"og:type\" content=\"article\" \/>\n<meta property=\"og:title\" content=\"Prefeitura de Manaus divulga lista de selecionados para novas turmas do curso de programa\u00e7\u00e3o\" \/>\n<meta property=\"og:description\" content=\"A Prefeitura de Manaus, por meio da Secretaria Municipal do Trabalho, Empreendedorismo e Inova\u00e7\u00e3o (Semtepi), divulga, nesta segunda-feira, 16\/10, a lista completa de selecionados para as turmas seis e sete do curso \u201cB\u00e1sico de Programa\u00e7\u00e3o\u201d, do edital \u201cMais Inova\u00e7\u00e3o 2022\u201d.\" \/>\n<meta property=\"og:url\" content=\"https:\/\/www.manaus.am.gov.br\/semtepi\/inovacao\/prefeitura-de-manaus-divulga-lista-de-selecionados-para-novas-turmas-do-curso-de-programacao\/\" \/>\n<meta property=\"og:site_name\" content=\"SEMTEPI\" \/>\n<meta property=\"article:published_time\" content=\"2023-10-16T13:19:25+00:00\" \/>\n<meta property=\"article:modified_time\" content=\"2023-10-16T13:24:07+00:00\" \/>\n<meta property=\"og:image\" content=\"https:\/\/www.manaus.am.gov.br\/semtepi\/wp-content\/uploads\/sites\/20\/2023\/10\/IMG_6146_Original-1.jpg\" \/>\n\t<meta property=\"og:image:width\" content=\"4032\" \/>\n\t<meta property=\"og:image:height\" content=\"3024\" \/>\n\t<meta property=\"og:image:type\" content=\"image\/jpeg\" \/>\n<meta name=\"author\" content=\"Adriana Costa\" \/>\n<meta name=\"twitter:card\" content=\"summary_large_image\" \/>\n<meta name=\"twitter:label1\" content=\"Written by\" \/>\n\t<meta name=\"twitter:data1\" content=\"Adriana Costa\" \/>\n\t<meta name=\"twitter:label2\" content=\"Est. reading time\" \/>\n\t<meta name=\"twitter:data2\" content=\"2 minutos\" \/>\n<script type=\"application\/ld+json\" class=\"yoast-schema-graph\">{\"@context\":\"https:\/\/schema.org\",\"@graph\":[{\"@type\":\"Article\",\"@id\":\"https:\/\/www.manaus.am.gov.br\/semtepi\/inovacao\/prefeitura-de-manaus-divulga-lista-de-selecionados-para-novas-turmas-do-curso-de-programacao\/#article\",\"isPartOf\":{\"@id\":\"https:\/\/www.manaus.am.gov.br\/semtepi\/inovacao\/prefeitura-de-manaus-divulga-lista-de-selecionados-para-novas-turmas-do-curso-de-programacao\/\"},\"author\":{\"name\":\"Adriana Costa\",\"@id\":\"https:\/\/www.manaus.am.gov.br\/semtepi\/#\/schema\/person\/4e49f4e267757a06ca072ec61b2b9968\"},\"headline\":\"Prefeitura de Manaus divulga lista de selecionados para novas turmas do curso de programa\u00e7\u00e3o\",\"datePublished\":\"2023-10-16T13:19:25+00:00\",\"dateModified\":\"2023-10-16T13:24:07+00:00\",\"mainEntityOfPage\":{\"@id\":\"https:\/\/www.manaus.am.gov.br\/semtepi\/inovacao\/prefeitura-de-manaus-divulga-lista-de-selecionados-para-novas-turmas-do-curso-de-programacao\/\"},\"wordCount\":240,\"publisher\":{\"@id\":\"https:\/\/www.manaus.am.gov.br\/semtepi\/#organization\"},\"image\":{\"@id\":\"https:\/\/www.manaus.am.gov.br\/semtepi\/inovacao\/prefeitura-de-manaus-divulga-lista-de-selecionados-para-novas-turmas-do-curso-de-programacao\/#primaryimage\"},\"thumbnailUrl\":\"https:\/\/www.manaus.am.gov.br\/semtepi\/wp-content\/uploads\/sites\/20\/2023\/10\/IMG_6146_Original-1.jpg\",\"keywords\":[\"B\u00e1sico de Programa\u00e7\u00e3o\",\"cursos\",\"prefeitura de manaus\",\"programa\u00e7\u00e3o\",\"selecionados\",\"Semtepi\"],\"articleSection\":[\"Inova\u00e7\u00e3o\"],\"inLanguage\":\"pt-BR\"},{\"@type\":\"WebPage\",\"@id\":\"https:\/\/www.manaus.am.gov.br\/semtepi\/inovacao\/prefeitura-de-manaus-divulga-lista-de-selecionados-para-novas-turmas-do-curso-de-programacao\/\",\"url\":\"https:\/\/www.manaus.am.gov.br\/semtepi\/inovacao\/prefeitura-de-manaus-divulga-lista-de-selecionados-para-novas-turmas-do-curso-de-programacao\/\",\"name\":\"Prefeitura de Manaus divulga lista de selecionados para novas turmas do curso de programa\u00e7\u00e3o\",\"isPartOf\":{\"@id\":\"https:\/\/www.manaus.am.gov.br\/semtepi\/#website\"},\"primaryImageOfPage\":{\"@id\":\"https:\/\/www.manaus.am.gov.br\/semtepi\/inovacao\/prefeitura-de-manaus-divulga-lista-de-selecionados-para-novas-turmas-do-curso-de-programacao\/#primaryimage\"},\"image\":{\"@id\":\"https:\/\/www.manaus.am.gov.br\/semtepi\/inovacao\/prefeitura-de-manaus-divulga-lista-de-selecionados-para-novas-turmas-do-curso-de-programacao\/#primaryimage\"},\"thumbnailUrl\":\"https:\/\/www.manaus.am.gov.br\/semtepi\/wp-content\/uploads\/sites\/20\/2023\/10\/IMG_6146_Original-1.jpg\",\"datePublished\":\"2023-10-16T13:19:25+00:00\",\"dateModified\":\"2023-10-16T13:24:07+00:00\",\"description\":\"A Prefeitura de Manaus, por meio da Secretaria Municipal do Trabalho, Empreendedorismo e Inova\u00e7\u00e3o (Semtepi), divulga, nesta segunda-feira, 16\/10, a lista completa de selecionados para as turmas seis e sete do curso \u201cB\u00e1sico de Programa\u00e7\u00e3o\u201d, do edital \u201cMais Inova\u00e7\u00e3o 2022\u201d.\",\"breadcrumb\":{\"@id\":\"https:\/\/www.manaus.am.gov.br\/semtepi\/inovacao\/prefeitura-de-manaus-divulga-lista-de-selecionados-para-novas-turmas-do-curso-de-programacao\/#breadcrumb\"},\"inLanguage\":\"pt-BR\",\"potentialAction\":[{\"@type\":\"ReadAction\",\"target\":[\"https:\/\/www.manaus.am.gov.br\/semtepi\/inovacao\/prefeitura-de-manaus-divulga-lista-de-selecionados-para-novas-turmas-do-curso-de-programacao\/\"]}]},{\"@type\":\"ImageObject\",\"inLanguage\":\"pt-BR\",\"@id\":\"https:\/\/www.manaus.am.gov.br\/semtepi\/inovacao\/prefeitura-de-manaus-divulga-lista-de-selecionados-para-novas-turmas-do-curso-de-programacao\/#primaryimage\",\"url\":\"https:\/\/www.manaus.am.gov.br\/semtepi\/wp-content\/uploads\/sites\/20\/2023\/10\/IMG_6146_Original-1.jpg\",\"contentUrl\":\"https:\/\/www.manaus.am.gov.br\/semtepi\/wp-content\/uploads\/sites\/20\/2023\/10\/IMG_6146_Original-1.jpg\",\"width\":4032,\"height\":3024},{\"@type\":\"BreadcrumbList\",\"@id\":\"https:\/\/www.manaus.am.gov.br\/semtepi\/inovacao\/prefeitura-de-manaus-divulga-lista-de-selecionados-para-novas-turmas-do-curso-de-programacao\/#breadcrumb\",\"itemListElement\":[{\"@type\":\"ListItem\",\"position\":1,\"name\":\"Home\",\"item\":\"https:\/\/www.manaus.am.gov.br\/semtepi\/\"},{\"@type\":\"ListItem\",\"position\":2,\"name\":\"Prefeitura de Manaus divulga lista de selecionados para novas turmas do curso de programa\u00e7\u00e3o\"}]},{\"@type\":\"WebSite\",\"@id\":\"https:\/\/www.manaus.am.gov.br\/semtepi\/#website\",\"url\":\"https:\/\/www.manaus.am.gov.br\/semtepi\/\",\"name\":\"SEMTEPI\",\"description\":\"Prefeitura de Manaus\",\"publisher\":{\"@id\":\"https:\/\/www.manaus.am.gov.br\/semtepi\/#organization\"},\"alternateName\":\"Secretaria Municipal do Trabalho, Empreendedorismo e Inova\u00e7\u00e3o\",\"potentialAction\":[{\"@type\":\"SearchAction\",\"target\":{\"@type\":\"EntryPoint\",\"urlTemplate\":\"https:\/\/www.manaus.am.gov.br\/semtepi\/?s={search_term_string}\"},\"query-input\":\"required name=search_term_string\"}],\"inLanguage\":\"pt-BR\"},{\"@type\":\"Organization\",\"@id\":\"https:\/\/www.manaus.am.gov.br\/semtepi\/#organization\",\"name\":\"Prefeitura Municipal de Manaus\",\"alternateName\":\"Prefeitura de Manaus\",\"url\":\"https:\/\/www.manaus.am.gov.br\/semtepi\/\",\"logo\":{\"@type\":\"ImageObject\",\"inLanguage\":\"pt-BR\",\"@id\":\"https:\/\/www.manaus.am.gov.br\/semtepi\/#\/schema\/logo\/image\/\",\"url\":\"https:\/\/www.manaus.am.gov.br\/semtepi\/wp-content\/uploads\/sites\/20\/2024\/07\/favicon.png\",\"contentUrl\":\"https:\/\/www.manaus.am.gov.br\/semtepi\/wp-content\/uploads\/sites\/20\/2024\/07\/favicon.png\",\"width\":300,\"height\":300,\"caption\":\"Prefeitura Municipal de Manaus\"},\"image\":{\"@id\":\"https:\/\/www.manaus.am.gov.br\/semtepi\/#\/schema\/logo\/image\/\"}},{\"@type\":\"Person\",\"@id\":\"https:\/\/www.manaus.am.gov.br\/semtepi\/#\/schema\/person\/4e49f4e267757a06ca072ec61b2b9968\",\"name\":\"Adriana Costa\",\"image\":{\"@type\":\"ImageObject\",\"inLanguage\":\"pt-BR\",\"@id\":\"https:\/\/www.manaus.am.gov.br\/semtepi\/#\/schema\/person\/image\/\",\"url\":\"https:\/\/secure.gravatar.com\/avatar\/576258617ef7194f718179e766d57bd4?s=96&d=mm&r=g\",\"contentUrl\":\"https:\/\/secure.gravatar.com\/avatar\/576258617ef7194f718179e766d57bd4?s=96&d=mm&r=g\",\"caption\":\"Adriana Costa\"}}]}<\/script>\n<!-- \/ Yoast SEO plugin. -->","yoast_head_json":{"title":"Prefeitura de Manaus divulga lista de selecionados para novas turmas do curso de programa\u00e7\u00e3o","description":"A Prefeitura de Manaus, por meio da Secretaria Municipal do Trabalho, Empreendedorismo e Inova\u00e7\u00e3o (Semtepi), divulga, nesta segunda-feira, 16\/10, a lista completa de selecionados para as turmas seis e sete do curso \u201cB\u00e1sico de Programa\u00e7\u00e3o\u201d, do edital \u201cMais Inova\u00e7\u00e3o 2022\u201d.","robots":{"index":"noindex","follow":"follow"},"og_locale":"pt_BR","og_type":"article","og_title":"Prefeitura de Manaus divulga lista de selecionados para novas turmas do curso de programa\u00e7\u00e3o","og_description":"A Prefeitura de Manaus, por meio da Secretaria Municipal do Trabalho, Empreendedorismo e Inova\u00e7\u00e3o (Semtepi), divulga, nesta segunda-feira, 16\/10, a lista completa de selecionados para as turmas seis e sete do curso \u201cB\u00e1sico de Programa\u00e7\u00e3o\u201d, do edital \u201cMais Inova\u00e7\u00e3o 2022\u201d.","og_url":"https:\/\/www.manaus.am.gov.br\/semtepi\/inovacao\/prefeitura-de-manaus-divulga-lista-de-selecionados-para-novas-turmas-do-curso-de-programacao\/","og_site_name":"SEMTEPI","article_published_time":"2023-10-16T13:19:25+00:00","article_modified_time":"2023-10-16T13:24:07+00:00","og_image":[{"width":4032,"height":3024,"url":"https:\/\/www.manaus.am.gov.br\/semtepi\/wp-content\/uploads\/sites\/20\/2023\/10\/IMG_6146_Original-1.jpg","type":"image\/jpeg"}],"author":"Adriana Costa","twitter_card":"summary_large_image","twitter_misc":{"Written by":"Adriana Costa","Est. reading time":"2 minutos"},"schema":{"@context":"https:\/\/schema.org","@graph":[{"@type":"Article","@id":"https:\/\/www.manaus.am.gov.br\/semtepi\/inovacao\/prefeitura-de-manaus-divulga-lista-de-selecionados-para-novas-turmas-do-curso-de-programacao\/#article","isPartOf":{"@id":"https:\/\/www.manaus.am.gov.br\/semtepi\/inovacao\/prefeitura-de-manaus-divulga-lista-de-selecionados-para-novas-turmas-do-curso-de-programacao\/"},"author":{"name":"Adriana Costa","@id":"https:\/\/www.manaus.am.gov.br\/semtepi\/#\/schema\/person\/4e49f4e267757a06ca072ec61b2b9968"},"headline":"Prefeitura de Manaus divulga lista de selecionados para novas turmas do curso de programa\u00e7\u00e3o","datePublished":"2023-10-16T13:19:25+00:00","dateModified":"2023-10-16T13:24:07+00:00","mainEntityOfPage":{"@id":"https:\/\/www.manaus.am.gov.br\/semtepi\/inovacao\/prefeitura-de-manaus-divulga-lista-de-selecionados-para-novas-turmas-do-curso-de-programacao\/"},"wordCount":240,"publisher":{"@id":"https:\/\/www.manaus.am.gov.br\/semtepi\/#organization"},"image":{"@id":"https:\/\/www.manaus.am.gov.br\/semtepi\/inovacao\/prefeitura-de-manaus-divulga-lista-de-selecionados-para-novas-turmas-do-curso-de-programacao\/#primaryimage"},"thumbnailUrl":"https:\/\/www.manaus.am.gov.br\/semtepi\/wp-content\/uploads\/sites\/20\/2023\/10\/IMG_6146_Original-1.jpg","keywords":["B\u00e1sico de Programa\u00e7\u00e3o","cursos","prefeitura de manaus","programa\u00e7\u00e3o","selecionados","Semtepi"],"articleSection":["Inova\u00e7\u00e3o"],"inLanguage":"pt-BR"},{"@type":"WebPage","@id":"https:\/\/www.manaus.am.gov.br\/semtepi\/inovacao\/prefeitura-de-manaus-divulga-lista-de-selecionados-para-novas-turmas-do-curso-de-programacao\/","url":"https:\/\/www.manaus.am.gov.br\/semtepi\/inovacao\/prefeitura-de-manaus-divulga-lista-de-selecionados-para-novas-turmas-do-curso-de-programacao\/","name":"Prefeitura de Manaus divulga lista de selecionados para novas turmas do curso de programa\u00e7\u00e3o","isPartOf":{"@id":"https:\/\/www.manaus.am.gov.br\/semtepi\/#website"},"primaryImageOfPage":{"@id":"https:\/\/www.manaus.am.gov.br\/semtepi\/inovacao\/prefeitura-de-manaus-divulga-lista-de-selecionados-para-novas-turmas-do-curso-de-programacao\/#primaryimage"},"image":{"@id":"https:\/\/www.manaus.am.gov.br\/semtepi\/inovacao\/prefeitura-de-manaus-divulga-lista-de-selecionados-para-novas-turmas-do-curso-de-programacao\/#primaryimage"},"thumbnailUrl":"https:\/\/www.manaus.am.gov.br\/semtepi\/wp-content\/uploads\/sites\/20\/2023\/10\/IMG_6146_Original-1.jpg","datePublished":"2023-10-16T13:19:25+00:00","dateModified":"2023-10-16T13:24:07+00:00","description":"A Prefeitura de Manaus, por meio da Secretaria Municipal do Trabalho, Empreendedorismo e Inova\u00e7\u00e3o (Semtepi), divulga, nesta segunda-feira, 16\/10, a lista completa de selecionados para as turmas seis e sete do curso \u201cB\u00e1sico de Programa\u00e7\u00e3o\u201d, do edital \u201cMais Inova\u00e7\u00e3o 2022\u201d.","breadcrumb":{"@id":"https:\/\/www.manaus.am.gov.br\/semtepi\/inovacao\/prefeitura-de-manaus-divulga-lista-de-selecionados-para-novas-turmas-do-curso-de-programacao\/#breadcrumb"},"inLanguage":"pt-BR","potentialAction":[{"@type":"ReadAction","target":["https:\/\/www.manaus.am.gov.br\/semtepi\/inovacao\/prefeitura-de-manaus-divulga-lista-de-selecionados-para-novas-turmas-do-curso-de-programacao\/"]}]},{"@type":"ImageObject","inLanguage":"pt-BR","@id":"https:\/\/www.manaus.am.gov.br\/semtepi\/inovacao\/prefeitura-de-manaus-divulga-lista-de-selecionados-para-novas-turmas-do-curso-de-programacao\/#primaryimage","url":"https:\/\/www.manaus.am.gov.br\/semtepi\/wp-content\/uploads\/sites\/20\/2023\/10\/IMG_6146_Original-1.jpg","contentUrl":"https:\/\/www.manaus.am.gov.br\/semtepi\/wp-content\/uploads\/sites\/20\/2023\/10\/IMG_6146_Original-1.jpg","width":4032,"height":3024},{"@type":"BreadcrumbList","@id":"https:\/\/www.manaus.am.gov.br\/semtepi\/inovacao\/prefeitura-de-manaus-divulga-lista-de-selecionados-para-novas-turmas-do-curso-de-programacao\/#breadcrumb","itemListElement":[{"@type":"ListItem","position":1,"name":"Home","item":"https:\/\/www.manaus.am.gov.br\/semtepi\/"},{"@type":"ListItem","position":2,"name":"Prefeitura de Manaus divulga lista de selecionados para novas turmas do curso de programa\u00e7\u00e3o"}]},{"@type":"WebSite","@id":"https:\/\/www.manaus.am.gov.br\/semtepi\/#website","url":"https:\/\/www.manaus.am.gov.br\/semtepi\/","name":"SEMTEPI","description":"Prefeitura de Manaus","publisher":{"@id":"https:\/\/www.manaus.am.gov.br\/semtepi\/#organization"},"alternateName":"Secretaria Municipal do Trabalho, Empreendedorismo e Inova\u00e7\u00e3o","potentialAction":[{"@type":"SearchAction","target":{"@type":"EntryPoint","urlTemplate":"https:\/\/www.manaus.am.gov.br\/semtepi\/?s={search_term_string}"},"query-input":"required name=search_term_string"}],"inLanguage":"pt-BR"},{"@type":"Organization","@id":"https:\/\/www.manaus.am.gov.br\/semtepi\/#organization","name":"Prefeitura Municipal de Manaus","alternateName":"Prefeitura de Manaus","url":"https:\/\/www.manaus.am.gov.br\/semtepi\/","logo":{"@type":"ImageObject","inLanguage":"pt-BR","@id":"https:\/\/www.manaus.am.gov.br\/semtepi\/#\/schema\/logo\/image\/","url":"https:\/\/www.manaus.am.gov.br\/semtepi\/wp-content\/uploads\/sites\/20\/2024\/07\/favicon.png","contentUrl":"https:\/\/www.manaus.am.gov.br\/semtepi\/wp-content\/uploads\/sites\/20\/2024\/07\/favicon.png","width":300,"height":300,"caption":"Prefeitura Municipal de Manaus"},"image":{"@id":"https:\/\/www.manaus.am.gov.br\/semtepi\/#\/schema\/logo\/image\/"}},{"@type":"Person","@id":"https:\/\/www.manaus.am.gov.br\/semtepi\/#\/schema\/person\/4e49f4e267757a06ca072ec61b2b9968","name":"Adriana Costa","image":{"@type":"ImageObject","inLanguage":"pt-BR","@id":"https:\/\/www.manaus.am.gov.br\/semtepi\/#\/schema\/person\/image\/","url":"https:\/\/secure.gravatar.com\/avatar\/576258617ef7194f718179e766d57bd4?s=96&d=mm&r=g","contentUrl":"https:\/\/secure.gravatar.com\/avatar\/576258617ef7194f718179e766d57bd4?s=96&d=mm&r=g","caption":"Adriana Costa"}}]}},"_links":{"self":[{"href":"https:\/\/www.manaus.am.gov.br\/semtepi\/wp-json\/wp\/v2\/posts\/2793"}],"collection":[{"href":"https:\/\/www.manaus.am.gov.br\/semtepi\/wp-json\/wp\/v2\/posts"}],"about":[{"href":"https:\/\/www.manaus.am.gov.br\/semtepi\/wp-json\/wp\/v2\/types\/post"}],"author":[{"embeddable":true,"href":"https:\/\/www.manaus.am.gov.br\/semtepi\/wp-json\/wp\/v2\/users\/23"}],"replies":[{"embeddable":true,"href":"https:\/\/www.manaus.am.gov.br\/semtepi\/wp-json\/wp\/v2\/comments?post=2793"}],"version-history":[{"count":3,"href":"https:\/\/www.manaus.am.gov.br\/semtepi\/wp-json\/wp\/v2\/posts\/2793\/revisions"}],"predecessor-version":[{"id":2799,"href":"https:\/\/www.manaus.am.gov.br\/semtepi\/wp-json\/wp\/v2\/posts\/2793\/revisions\/2799"}],"wp:featuredmedia":[{"embeddable":true,"href":"https:\/\/www.manaus.am.gov.br\/semtepi\/wp-json\/wp\/v2\/media\/2794"}],"wp:attachment":[{"href":"https:\/\/www.manaus.am.gov.br\/semtepi\/wp-json\/wp\/v2\/media?parent=2793"}],"wp:term":[{"taxonomy":"category","embeddable":true,"href":"https:\/\/www.manaus.am.gov.br\/semtepi\/wp-json\/wp\/v2\/categories?post=2793"},{"taxonomy":"post_tag","embeddable":true,"href":"https:\/\/www.manaus.am.gov.br\/semtepi\/wp-json\/wp\/v2\/tags?post=2793"}],"curies":[{"name":"wp","href":"https:\/\/api.w.org\/{rel}","templated":true}]}}