{"id":2769,"date":"2023-10-10T11:22:10","date_gmt":"2023-10-10T15:22:10","guid":{"rendered":"https:\/\/www.manaus.am.gov.br\/semtepi\/sem-categoria\/prefeitura-de-manaus-abre-inscricoes-para-novas-turmas-do-curso-de-programacao-basica\/"},"modified":"2023-10-10T11:22:11","modified_gmt":"2023-10-10T15:22:11","slug":"prefeitura-de-manaus-abre-inscricoes-para-novas-turmas-do-curso-de-programacao-basica","status":"publish","type":"post","link":"https:\/\/www.manaus.am.gov.br\/semtepi\/inovacao\/prefeitura-de-manaus-abre-inscricoes-para-novas-turmas-do-curso-de-programacao-basica\/","title":{"rendered":"<strong>Prefeitura de Manaus abre inscri\u00e7\u00f5es para novas turmas do curso de programa\u00e7\u00e3o b\u00e1sica<\/strong>"},"content":{"rendered":"\n<p>A Prefeitura de Manaus, por meio da Secretaria Municipal do Trabalho, Empreendedorismo e Inova\u00e7\u00e3o (Semtepi), abre, nesta ter\u00e7a-feira, 10\/10, inscri\u00e7\u00f5es para as turmas seis e sete do curso \u201cB\u00e1sico de Programa\u00e7\u00e3o\u201d, que faz parte do edital \u201cMais Inova\u00e7\u00e3o 2022\u201d. As aulas ser\u00e3o ministradas na sede do Centro Universit\u00e1rio do Norte (Uninorte), na unidade 22, na avenida Djalma Batista, zona Centro-Sul.<\/p>\n\n\n\n<p>As inscri\u00e7\u00f5es encerram em 11\/10 e as aulas acontecem no per\u00edodo de 16\/10 a 10\/11. Os interessados em participar devem se inscrever pelo link:\u00a0<a href=\"https:\/\/bitly.ws\/WXAW\" target=\"_blank\" rel=\"noreferrer noopener\">https:\/\/bitly.ws\/WXAW<\/a>.<\/p>\n\n\n\n<p>Executado pela Federa\u00e7\u00e3o Amazonense de E-Sports (Faesp), o curso foi criado com o intuito de incentivar e qualificar a popula\u00e7\u00e3o para obter melhor rendimento do profissional do mercado da inova\u00e7\u00e3o, al\u00e9m de introduzir conceitos que ajudem a preparar os profissionais para o mercado de trabalho.<\/p>\n\n\n\n<p>\u201cUm curso de programa\u00e7\u00e3o b\u00e1sica em Manaus \u00e9 importante, porque capacita os indiv\u00edduos com habilidades valiosas que podem abrir portas para oportunidades de emprego, empreendedorismo e contribui\u00e7\u00e3o para o desenvolvimento tecnol\u00f3gico local. Essa oportunidade tamb\u00e9m os ajuda a se tornarem mais adapt\u00e1veis&nbsp;em um mundo cada vez mais digitalizado\u201d, destaca o secret\u00e1rio da Semtepi, Radyr J\u00fanior.<\/p>\n\n\n\n<p>A turma seis ocorre no per\u00edodo vespertino, das 13h \u00e0s 17h, e a turma sete, no per\u00edodo noturno, das 18h10 \u00e0s 22h10. Com 35 alunos por turma, caso um participante acumule duas faltas, um substituto ser\u00e1 convocado para participar das aulas. Al\u00e9m disso, os discentes receber\u00e3o lanche gratuito nos intervalos e vale-transporte durante os 20 dias de curso.<\/p>\n\n\n\n<p>Durante esse percurso, os alunos ir\u00e3o aprender sobre a linguagem das m\u00e1quinas e a arte de transformar ideias em c\u00f3digo funcional. A partir de projetos pr\u00e1ticos e desafios estimulantes, eles ganhar\u00e3o confian\u00e7a nas habilidades e estar\u00e3o preparados para enfrentar os desafios do mundo digital.<\/p>\n\n\n\n<p><\/p>\n\n\n\n<p>&#8212; &#8212; &#8212;<\/p>\n\n\n\n<p><strong>Texto \u2013&nbsp;<\/strong>Fabiane Monteiro \/ Semtepi<\/p>\n\n\n\n<p><strong>Fotos \u2013&nbsp;<\/strong>Divulga\u00e7\u00e3o \/ Semtepi<\/p>\n\n\n\n<p><\/p>\n","protected":false},"excerpt":{"rendered":"","protected":false},"author":23,"featured_media":2770,"comment_status":"closed","ping_status":"closed","sticky":false,"template":"","format":"standard","meta":{"footnotes":""},"categories":[149],"tags":[53,8,216,9,652],"acf":[],"yoast_head":"<!-- This site is optimized with the Yoast SEO plugin v23.0 - https:\/\/yoast.com\/wordpress\/plugins\/seo\/ -->\n<title>Prefeitura de Manaus abre inscri\u00e7\u00f5es para novas turmas do curso de programa\u00e7\u00e3o b\u00e1sica<\/title>\n<meta name=\"description\" content=\"A Prefeitura de Manaus, por meio da Secretaria Municipal do Trabalho, Empreendedorismo e Inova\u00e7\u00e3o (Semtepi), abre, nesta ter\u00e7a-feira, 10\/10, inscri\u00e7\u00f5es para as turmas seis e sete do curso \u201cB\u00e1sico de Programa\u00e7\u00e3o\u201d, que faz parte do edital \u201cMais Inova\u00e7\u00e3o 2022\u201d. As aulas ser\u00e3o ministradas na sede do Centro Universit\u00e1rio do Norte (Uninorte), na unidade 22, na avenida Djalma Batista, zona Centro-Sul.\" \/>\n<meta name=\"robots\" content=\"noindex, follow\" \/>\n<meta property=\"og:locale\" content=\"pt_BR\" \/>\n<meta property=\"og:type\" content=\"article\" \/>\n<meta property=\"og:title\" content=\"Prefeitura de Manaus abre inscri\u00e7\u00f5es para novas turmas do curso de programa\u00e7\u00e3o b\u00e1sica\" \/>\n<meta property=\"og:description\" content=\"A Prefeitura de Manaus, por meio da Secretaria Municipal do Trabalho, Empreendedorismo e Inova\u00e7\u00e3o (Semtepi), abre, nesta ter\u00e7a-feira, 10\/10, inscri\u00e7\u00f5es para as turmas seis e sete do curso \u201cB\u00e1sico de Programa\u00e7\u00e3o\u201d, que faz parte do edital \u201cMais Inova\u00e7\u00e3o 2022\u201d. As aulas ser\u00e3o ministradas na sede do Centro Universit\u00e1rio do Norte (Uninorte), na unidade 22, na avenida Djalma Batista, zona Centro-Sul.\" \/>\n<meta property=\"og:url\" content=\"https:\/\/www.manaus.am.gov.br\/semtepi\/inovacao\/prefeitura-de-manaus-abre-inscricoes-para-novas-turmas-do-curso-de-programacao-basica\/\" \/>\n<meta property=\"og:site_name\" content=\"SEMTEPI\" \/>\n<meta property=\"article:published_time\" content=\"2023-10-10T15:22:10+00:00\" \/>\n<meta property=\"article:modified_time\" content=\"2023-10-10T15:22:11+00:00\" \/>\n<meta property=\"og:image\" content=\"https:\/\/www.manaus.am.gov.br\/semtepi\/wp-content\/uploads\/sites\/20\/2023\/10\/IMG_6138_Original-1024x768.png\" \/>\n\t<meta property=\"og:image:width\" content=\"1024\" \/>\n\t<meta property=\"og:image:height\" content=\"768\" \/>\n\t<meta property=\"og:image:type\" content=\"image\/png\" \/>\n<meta name=\"author\" content=\"Adriana Costa\" \/>\n<meta name=\"twitter:card\" content=\"summary_large_image\" \/>\n<meta name=\"twitter:label1\" content=\"Written by\" \/>\n\t<meta name=\"twitter:data1\" content=\"Adriana Costa\" \/>\n\t<meta name=\"twitter:label2\" content=\"Est. reading time\" \/>\n\t<meta name=\"twitter:data2\" content=\"2 minutos\" \/>\n<script type=\"application\/ld+json\" class=\"yoast-schema-graph\">{\"@context\":\"https:\/\/schema.org\",\"@graph\":[{\"@type\":\"Article\",\"@id\":\"https:\/\/www.manaus.am.gov.br\/semtepi\/inovacao\/prefeitura-de-manaus-abre-inscricoes-para-novas-turmas-do-curso-de-programacao-basica\/#article\",\"isPartOf\":{\"@id\":\"https:\/\/www.manaus.am.gov.br\/semtepi\/inovacao\/prefeitura-de-manaus-abre-inscricoes-para-novas-turmas-do-curso-de-programacao-basica\/\"},\"author\":{\"name\":\"Adriana Costa\",\"@id\":\"https:\/\/www.manaus.am.gov.br\/semtepi\/#\/schema\/person\/4e49f4e267757a06ca072ec61b2b9968\"},\"headline\":\"Prefeitura de Manaus abre inscri\u00e7\u00f5es para novas turmas do curso de programa\u00e7\u00e3o b\u00e1sica\",\"datePublished\":\"2023-10-10T15:22:10+00:00\",\"dateModified\":\"2023-10-10T15:22:11+00:00\",\"mainEntityOfPage\":{\"@id\":\"https:\/\/www.manaus.am.gov.br\/semtepi\/inovacao\/prefeitura-de-manaus-abre-inscricoes-para-novas-turmas-do-curso-de-programacao-basica\/\"},\"wordCount\":346,\"publisher\":{\"@id\":\"https:\/\/www.manaus.am.gov.br\/semtepi\/#organization\"},\"image\":{\"@id\":\"https:\/\/www.manaus.am.gov.br\/semtepi\/inovacao\/prefeitura-de-manaus-abre-inscricoes-para-novas-turmas-do-curso-de-programacao-basica\/#primaryimage\"},\"thumbnailUrl\":\"https:\/\/www.manaus.am.gov.br\/semtepi\/wp-content\/uploads\/sites\/20\/2023\/10\/IMG_6138_Original.png\",\"keywords\":[\"capacita\u00e7\u00e3o\",\"prefeitura de manaus\",\"programa\u00e7\u00e3o\",\"Semtepi\",\"turmas seis e sete\"],\"articleSection\":[\"Inova\u00e7\u00e3o\"],\"inLanguage\":\"pt-BR\"},{\"@type\":\"WebPage\",\"@id\":\"https:\/\/www.manaus.am.gov.br\/semtepi\/inovacao\/prefeitura-de-manaus-abre-inscricoes-para-novas-turmas-do-curso-de-programacao-basica\/\",\"url\":\"https:\/\/www.manaus.am.gov.br\/semtepi\/inovacao\/prefeitura-de-manaus-abre-inscricoes-para-novas-turmas-do-curso-de-programacao-basica\/\",\"name\":\"Prefeitura de Manaus abre inscri\u00e7\u00f5es para novas turmas do curso de programa\u00e7\u00e3o b\u00e1sica\",\"isPartOf\":{\"@id\":\"https:\/\/www.manaus.am.gov.br\/semtepi\/#website\"},\"primaryImageOfPage\":{\"@id\":\"https:\/\/www.manaus.am.gov.br\/semtepi\/inovacao\/prefeitura-de-manaus-abre-inscricoes-para-novas-turmas-do-curso-de-programacao-basica\/#primaryimage\"},\"image\":{\"@id\":\"https:\/\/www.manaus.am.gov.br\/semtepi\/inovacao\/prefeitura-de-manaus-abre-inscricoes-para-novas-turmas-do-curso-de-programacao-basica\/#primaryimage\"},\"thumbnailUrl\":\"https:\/\/www.manaus.am.gov.br\/semtepi\/wp-content\/uploads\/sites\/20\/2023\/10\/IMG_6138_Original.png\",\"datePublished\":\"2023-10-10T15:22:10+00:00\",\"dateModified\":\"2023-10-10T15:22:11+00:00\",\"description\":\"A Prefeitura de Manaus, por meio da Secretaria Municipal do Trabalho, Empreendedorismo e Inova\u00e7\u00e3o (Semtepi), abre, nesta ter\u00e7a-feira, 10\/10, inscri\u00e7\u00f5es para as turmas seis e sete do curso \u201cB\u00e1sico de Programa\u00e7\u00e3o\u201d, que faz parte do edital \u201cMais Inova\u00e7\u00e3o 2022\u201d. As aulas ser\u00e3o ministradas na sede do Centro Universit\u00e1rio do Norte (Uninorte), na unidade 22, na avenida Djalma Batista, zona Centro-Sul.\",\"breadcrumb\":{\"@id\":\"https:\/\/www.manaus.am.gov.br\/semtepi\/inovacao\/prefeitura-de-manaus-abre-inscricoes-para-novas-turmas-do-curso-de-programacao-basica\/#breadcrumb\"},\"inLanguage\":\"pt-BR\",\"potentialAction\":[{\"@type\":\"ReadAction\",\"target\":[\"https:\/\/www.manaus.am.gov.br\/semtepi\/inovacao\/prefeitura-de-manaus-abre-inscricoes-para-novas-turmas-do-curso-de-programacao-basica\/\"]}]},{\"@type\":\"ImageObject\",\"inLanguage\":\"pt-BR\",\"@id\":\"https:\/\/www.manaus.am.gov.br\/semtepi\/inovacao\/prefeitura-de-manaus-abre-inscricoes-para-novas-turmas-do-curso-de-programacao-basica\/#primaryimage\",\"url\":\"https:\/\/www.manaus.am.gov.br\/semtepi\/wp-content\/uploads\/sites\/20\/2023\/10\/IMG_6138_Original.png\",\"contentUrl\":\"https:\/\/www.manaus.am.gov.br\/semtepi\/wp-content\/uploads\/sites\/20\/2023\/10\/IMG_6138_Original.png\",\"width\":4032,\"height\":3024},{\"@type\":\"BreadcrumbList\",\"@id\":\"https:\/\/www.manaus.am.gov.br\/semtepi\/inovacao\/prefeitura-de-manaus-abre-inscricoes-para-novas-turmas-do-curso-de-programacao-basica\/#breadcrumb\",\"itemListElement\":[{\"@type\":\"ListItem\",\"position\":1,\"name\":\"Home\",\"item\":\"https:\/\/www.manaus.am.gov.br\/semtepi\/\"},{\"@type\":\"ListItem\",\"position\":2,\"name\":\"Prefeitura de Manaus abre inscri\u00e7\u00f5es para novas turmas do curso de programa\u00e7\u00e3o b\u00e1sica\"}]},{\"@type\":\"WebSite\",\"@id\":\"https:\/\/www.manaus.am.gov.br\/semtepi\/#website\",\"url\":\"https:\/\/www.manaus.am.gov.br\/semtepi\/\",\"name\":\"SEMTEPI\",\"description\":\"Prefeitura de Manaus\",\"publisher\":{\"@id\":\"https:\/\/www.manaus.am.gov.br\/semtepi\/#organization\"},\"alternateName\":\"Secretaria Municipal do Trabalho, Empreendedorismo e Inova\u00e7\u00e3o\",\"potentialAction\":[{\"@type\":\"SearchAction\",\"target\":{\"@type\":\"EntryPoint\",\"urlTemplate\":\"https:\/\/www.manaus.am.gov.br\/semtepi\/?s={search_term_string}\"},\"query-input\":\"required name=search_term_string\"}],\"inLanguage\":\"pt-BR\"},{\"@type\":\"Organization\",\"@id\":\"https:\/\/www.manaus.am.gov.br\/semtepi\/#organization\",\"name\":\"Prefeitura Municipal de Manaus\",\"alternateName\":\"Prefeitura de Manaus\",\"url\":\"https:\/\/www.manaus.am.gov.br\/semtepi\/\",\"logo\":{\"@type\":\"ImageObject\",\"inLanguage\":\"pt-BR\",\"@id\":\"https:\/\/www.manaus.am.gov.br\/semtepi\/#\/schema\/logo\/image\/\",\"url\":\"https:\/\/www.manaus.am.gov.br\/semtepi\/wp-content\/uploads\/sites\/20\/2024\/07\/favicon.png\",\"contentUrl\":\"https:\/\/www.manaus.am.gov.br\/semtepi\/wp-content\/uploads\/sites\/20\/2024\/07\/favicon.png\",\"width\":300,\"height\":300,\"caption\":\"Prefeitura Municipal de Manaus\"},\"image\":{\"@id\":\"https:\/\/www.manaus.am.gov.br\/semtepi\/#\/schema\/logo\/image\/\"}},{\"@type\":\"Person\",\"@id\":\"https:\/\/www.manaus.am.gov.br\/semtepi\/#\/schema\/person\/4e49f4e267757a06ca072ec61b2b9968\",\"name\":\"Adriana Costa\",\"image\":{\"@type\":\"ImageObject\",\"inLanguage\":\"pt-BR\",\"@id\":\"https:\/\/www.manaus.am.gov.br\/semtepi\/#\/schema\/person\/image\/\",\"url\":\"https:\/\/secure.gravatar.com\/avatar\/576258617ef7194f718179e766d57bd4?s=96&d=mm&r=g\",\"contentUrl\":\"https:\/\/secure.gravatar.com\/avatar\/576258617ef7194f718179e766d57bd4?s=96&d=mm&r=g\",\"caption\":\"Adriana Costa\"}}]}<\/script>\n<!-- \/ Yoast SEO plugin. -->","yoast_head_json":{"title":"Prefeitura de Manaus abre inscri\u00e7\u00f5es para novas turmas do curso de programa\u00e7\u00e3o b\u00e1sica","description":"A Prefeitura de Manaus, por meio da Secretaria Municipal do Trabalho, Empreendedorismo e Inova\u00e7\u00e3o (Semtepi), abre, nesta ter\u00e7a-feira, 10\/10, inscri\u00e7\u00f5es para as turmas seis e sete do curso \u201cB\u00e1sico de Programa\u00e7\u00e3o\u201d, que faz parte do edital \u201cMais Inova\u00e7\u00e3o 2022\u201d. As aulas ser\u00e3o ministradas na sede do Centro Universit\u00e1rio do Norte (Uninorte), na unidade 22, na avenida Djalma Batista, zona Centro-Sul.","robots":{"index":"noindex","follow":"follow"},"og_locale":"pt_BR","og_type":"article","og_title":"Prefeitura de Manaus abre inscri\u00e7\u00f5es para novas turmas do curso de programa\u00e7\u00e3o b\u00e1sica","og_description":"A Prefeitura de Manaus, por meio da Secretaria Municipal do Trabalho, Empreendedorismo e Inova\u00e7\u00e3o (Semtepi), abre, nesta ter\u00e7a-feira, 10\/10, inscri\u00e7\u00f5es para as turmas seis e sete do curso \u201cB\u00e1sico de Programa\u00e7\u00e3o\u201d, que faz parte do edital \u201cMais Inova\u00e7\u00e3o 2022\u201d. As aulas ser\u00e3o ministradas na sede do Centro Universit\u00e1rio do Norte (Uninorte), na unidade 22, na avenida Djalma Batista, zona Centro-Sul.","og_url":"https:\/\/www.manaus.am.gov.br\/semtepi\/inovacao\/prefeitura-de-manaus-abre-inscricoes-para-novas-turmas-do-curso-de-programacao-basica\/","og_site_name":"SEMTEPI","article_published_time":"2023-10-10T15:22:10+00:00","article_modified_time":"2023-10-10T15:22:11+00:00","og_image":[{"width":1024,"height":768,"url":"https:\/\/www.manaus.am.gov.br\/semtepi\/wp-content\/uploads\/sites\/20\/2023\/10\/IMG_6138_Original-1024x768.png","type":"image\/png"}],"author":"Adriana Costa","twitter_card":"summary_large_image","twitter_misc":{"Written by":"Adriana Costa","Est. reading time":"2 minutos"},"schema":{"@context":"https:\/\/schema.org","@graph":[{"@type":"Article","@id":"https:\/\/www.manaus.am.gov.br\/semtepi\/inovacao\/prefeitura-de-manaus-abre-inscricoes-para-novas-turmas-do-curso-de-programacao-basica\/#article","isPartOf":{"@id":"https:\/\/www.manaus.am.gov.br\/semtepi\/inovacao\/prefeitura-de-manaus-abre-inscricoes-para-novas-turmas-do-curso-de-programacao-basica\/"},"author":{"name":"Adriana Costa","@id":"https:\/\/www.manaus.am.gov.br\/semtepi\/#\/schema\/person\/4e49f4e267757a06ca072ec61b2b9968"},"headline":"Prefeitura de Manaus abre inscri\u00e7\u00f5es para novas turmas do curso de programa\u00e7\u00e3o b\u00e1sica","datePublished":"2023-10-10T15:22:10+00:00","dateModified":"2023-10-10T15:22:11+00:00","mainEntityOfPage":{"@id":"https:\/\/www.manaus.am.gov.br\/semtepi\/inovacao\/prefeitura-de-manaus-abre-inscricoes-para-novas-turmas-do-curso-de-programacao-basica\/"},"wordCount":346,"publisher":{"@id":"https:\/\/www.manaus.am.gov.br\/semtepi\/#organization"},"image":{"@id":"https:\/\/www.manaus.am.gov.br\/semtepi\/inovacao\/prefeitura-de-manaus-abre-inscricoes-para-novas-turmas-do-curso-de-programacao-basica\/#primaryimage"},"thumbnailUrl":"https:\/\/www.manaus.am.gov.br\/semtepi\/wp-content\/uploads\/sites\/20\/2023\/10\/IMG_6138_Original.png","keywords":["capacita\u00e7\u00e3o","prefeitura de manaus","programa\u00e7\u00e3o","Semtepi","turmas seis e sete"],"articleSection":["Inova\u00e7\u00e3o"],"inLanguage":"pt-BR"},{"@type":"WebPage","@id":"https:\/\/www.manaus.am.gov.br\/semtepi\/inovacao\/prefeitura-de-manaus-abre-inscricoes-para-novas-turmas-do-curso-de-programacao-basica\/","url":"https:\/\/www.manaus.am.gov.br\/semtepi\/inovacao\/prefeitura-de-manaus-abre-inscricoes-para-novas-turmas-do-curso-de-programacao-basica\/","name":"Prefeitura de Manaus abre inscri\u00e7\u00f5es para novas turmas do curso de programa\u00e7\u00e3o b\u00e1sica","isPartOf":{"@id":"https:\/\/www.manaus.am.gov.br\/semtepi\/#website"},"primaryImageOfPage":{"@id":"https:\/\/www.manaus.am.gov.br\/semtepi\/inovacao\/prefeitura-de-manaus-abre-inscricoes-para-novas-turmas-do-curso-de-programacao-basica\/#primaryimage"},"image":{"@id":"https:\/\/www.manaus.am.gov.br\/semtepi\/inovacao\/prefeitura-de-manaus-abre-inscricoes-para-novas-turmas-do-curso-de-programacao-basica\/#primaryimage"},"thumbnailUrl":"https:\/\/www.manaus.am.gov.br\/semtepi\/wp-content\/uploads\/sites\/20\/2023\/10\/IMG_6138_Original.png","datePublished":"2023-10-10T15:22:10+00:00","dateModified":"2023-10-10T15:22:11+00:00","description":"A Prefeitura de Manaus, por meio da Secretaria Municipal do Trabalho, Empreendedorismo e Inova\u00e7\u00e3o (Semtepi), abre, nesta ter\u00e7a-feira, 10\/10, inscri\u00e7\u00f5es para as turmas seis e sete do curso \u201cB\u00e1sico de Programa\u00e7\u00e3o\u201d, que faz parte do edital \u201cMais Inova\u00e7\u00e3o 2022\u201d. As aulas ser\u00e3o ministradas na sede do Centro Universit\u00e1rio do Norte (Uninorte), na unidade 22, na avenida Djalma Batista, zona Centro-Sul.","breadcrumb":{"@id":"https:\/\/www.manaus.am.gov.br\/semtepi\/inovacao\/prefeitura-de-manaus-abre-inscricoes-para-novas-turmas-do-curso-de-programacao-basica\/#breadcrumb"},"inLanguage":"pt-BR","potentialAction":[{"@type":"ReadAction","target":["https:\/\/www.manaus.am.gov.br\/semtepi\/inovacao\/prefeitura-de-manaus-abre-inscricoes-para-novas-turmas-do-curso-de-programacao-basica\/"]}]},{"@type":"ImageObject","inLanguage":"pt-BR","@id":"https:\/\/www.manaus.am.gov.br\/semtepi\/inovacao\/prefeitura-de-manaus-abre-inscricoes-para-novas-turmas-do-curso-de-programacao-basica\/#primaryimage","url":"https:\/\/www.manaus.am.gov.br\/semtepi\/wp-content\/uploads\/sites\/20\/2023\/10\/IMG_6138_Original.png","contentUrl":"https:\/\/www.manaus.am.gov.br\/semtepi\/wp-content\/uploads\/sites\/20\/2023\/10\/IMG_6138_Original.png","width":4032,"height":3024},{"@type":"BreadcrumbList","@id":"https:\/\/www.manaus.am.gov.br\/semtepi\/inovacao\/prefeitura-de-manaus-abre-inscricoes-para-novas-turmas-do-curso-de-programacao-basica\/#breadcrumb","itemListElement":[{"@type":"ListItem","position":1,"name":"Home","item":"https:\/\/www.manaus.am.gov.br\/semtepi\/"},{"@type":"ListItem","position":2,"name":"Prefeitura de Manaus abre inscri\u00e7\u00f5es para novas turmas do curso de programa\u00e7\u00e3o b\u00e1sica"}]},{"@type":"WebSite","@id":"https:\/\/www.manaus.am.gov.br\/semtepi\/#website","url":"https:\/\/www.manaus.am.gov.br\/semtepi\/","name":"SEMTEPI","description":"Prefeitura de Manaus","publisher":{"@id":"https:\/\/www.manaus.am.gov.br\/semtepi\/#organization"},"alternateName":"Secretaria Municipal do Trabalho, Empreendedorismo e Inova\u00e7\u00e3o","potentialAction":[{"@type":"SearchAction","target":{"@type":"EntryPoint","urlTemplate":"https:\/\/www.manaus.am.gov.br\/semtepi\/?s={search_term_string}"},"query-input":"required name=search_term_string"}],"inLanguage":"pt-BR"},{"@type":"Organization","@id":"https:\/\/www.manaus.am.gov.br\/semtepi\/#organization","name":"Prefeitura Municipal de Manaus","alternateName":"Prefeitura de Manaus","url":"https:\/\/www.manaus.am.gov.br\/semtepi\/","logo":{"@type":"ImageObject","inLanguage":"pt-BR","@id":"https:\/\/www.manaus.am.gov.br\/semtepi\/#\/schema\/logo\/image\/","url":"https:\/\/www.manaus.am.gov.br\/semtepi\/wp-content\/uploads\/sites\/20\/2024\/07\/favicon.png","contentUrl":"https:\/\/www.manaus.am.gov.br\/semtepi\/wp-content\/uploads\/sites\/20\/2024\/07\/favicon.png","width":300,"height":300,"caption":"Prefeitura Municipal de Manaus"},"image":{"@id":"https:\/\/www.manaus.am.gov.br\/semtepi\/#\/schema\/logo\/image\/"}},{"@type":"Person","@id":"https:\/\/www.manaus.am.gov.br\/semtepi\/#\/schema\/person\/4e49f4e267757a06ca072ec61b2b9968","name":"Adriana Costa","image":{"@type":"ImageObject","inLanguage":"pt-BR","@id":"https:\/\/www.manaus.am.gov.br\/semtepi\/#\/schema\/person\/image\/","url":"https:\/\/secure.gravatar.com\/avatar\/576258617ef7194f718179e766d57bd4?s=96&d=mm&r=g","contentUrl":"https:\/\/secure.gravatar.com\/avatar\/576258617ef7194f718179e766d57bd4?s=96&d=mm&r=g","caption":"Adriana Costa"}}]}},"_links":{"self":[{"href":"https:\/\/www.manaus.am.gov.br\/semtepi\/wp-json\/wp\/v2\/posts\/2769"}],"collection":[{"href":"https:\/\/www.manaus.am.gov.br\/semtepi\/wp-json\/wp\/v2\/posts"}],"about":[{"href":"https:\/\/www.manaus.am.gov.br\/semtepi\/wp-json\/wp\/v2\/types\/post"}],"author":[{"embeddable":true,"href":"https:\/\/www.manaus.am.gov.br\/semtepi\/wp-json\/wp\/v2\/users\/23"}],"replies":[{"embeddable":true,"href":"https:\/\/www.manaus.am.gov.br\/semtepi\/wp-json\/wp\/v2\/comments?post=2769"}],"version-history":[{"count":0,"href":"https:\/\/www.manaus.am.gov.br\/semtepi\/wp-json\/wp\/v2\/posts\/2769\/revisions"}],"wp:featuredmedia":[{"embeddable":true,"href":"https:\/\/www.manaus.am.gov.br\/semtepi\/wp-json\/wp\/v2\/media\/2770"}],"wp:attachment":[{"href":"https:\/\/www.manaus.am.gov.br\/semtepi\/wp-json\/wp\/v2\/media?parent=2769"}],"wp:term":[{"taxonomy":"category","embeddable":true,"href":"https:\/\/www.manaus.am.gov.br\/semtepi\/wp-json\/wp\/v2\/categories?post=2769"},{"taxonomy":"post_tag","embeddable":true,"href":"https:\/\/www.manaus.am.gov.br\/semtepi\/wp-json\/wp\/v2\/tags?post=2769"}],"curies":[{"name":"wp","href":"https:\/\/api.w.org\/{rel}","templated":true}]}}