{"id":2759,"date":"2023-10-09T14:18:38","date_gmt":"2023-10-09T18:18:38","guid":{"rendered":"https:\/\/www.manaus.am.gov.br\/semtepi\/sem-categoria\/prefeitura-de-manaus-oferta-40-vagas-gratuitas-para-curso-de-higienizacao-a-seco\/"},"modified":"2023-10-10T10:36:06","modified_gmt":"2023-10-10T14:36:06","slug":"prefeitura-de-manaus-oferta-40-vagas-gratuitas-para-curso-de-higienizacao-a-seco","status":"publish","type":"post","link":"https:\/\/www.manaus.am.gov.br\/semtepi\/qualificacao\/prefeitura-de-manaus-oferta-40-vagas-gratuitas-para-curso-de-higienizacao-a-seco\/","title":{"rendered":"<strong>Prefeitura de Manaus oferta 40 vagas gratuitas para curso de \u2018Higieniza\u00e7\u00e3o a Seco\u2019\u00a0<\/strong>"},"content":{"rendered":"\n<p>A Prefeitura de Manaus, por meio da Secretaria Municipal do Trabalho, Empreendedorismo e Inova\u00e7\u00e3o (Semtepi), em parceria com o Grupo de Neg\u00f3cios Amazonas, oferta, nesta segunda-feira, 9\/10, 40 vagas gratuitas para curso profissionalizante de \u201cHigieniza\u00e7\u00e3o a Seco\u201d, voltado a empreendedores e potenciais empreendedores residentes em Manaus, que tenham a partir de 18 anos e ensino fundamental completo.<\/p>\n\n\n\n<p>A atividade faz parte do projeto \u201cQualificar \u00e9 o Caminho Certo para Empreender\u201d, cuja miss\u00e3o \u00e9 disseminar e promover pol\u00edticas p\u00fablicas voltadas \u00e0 gera\u00e7\u00e3o de emprego, renda, desenvolvimento social e econ\u00f4mico de empreendedores.<\/p>\n\n\n\n<p>\u201cEste \u00e9 mais um passo fundamental em nossa miss\u00e3o de promover pol\u00edticas p\u00fablicas que impulsionem o empreendedorismo, a gera\u00e7\u00e3o de emprego, renda e o desenvolvimento social e econ\u00f4mico em nossa cidade\u201d, destacou o titular da Semtepi, Radyr J\u00fanior.<\/p>\n\n\n\n<p>Os interessados devem ler integralmente o edital e realizar a pr\u00e9-inscri\u00e7\u00e3o no link (<a href=\"https:\/\/forms.gle\/aEfFAS9m6V6tx8ho7\" target=\"_blank\" rel=\"noreferrer noopener\">https:\/\/forms.gle\/aEfFAS9m6V6tx8ho7<\/a>). A realiza\u00e7\u00e3o da inscri\u00e7\u00e3o n\u00e3o garante ao candidato a participa\u00e7\u00e3o no curso escolhido, pois haver\u00e1 um processo seletivo conforme descrito no edital. O resultado dos selecionados ser\u00e1 divulgado na quarta-feira, 11\/10.<\/p>\n\n\n\n<p>O curso ser\u00e1 realizado presencialmente de 16 a 21\/10, das 13h \u00e0s 17h, no posto do Sine Manaus, localizado na avenida Constantino Nery, n\u00ba 1.272, bairro S\u00e3o Geraldo, zona Centro-Sul.<\/p>\n\n\n\n<p><strong><a href=\"https:\/\/www.manaus.am.gov.br\/semtepi\/wp-content\/uploads\/sites\/20\/2023\/10\/EDITAL-013.2023.pdf\">Confira o edital do curso de Higieniza\u00e7\u00e3o a Seco<\/a><\/strong><\/p>\n\n\n\n<p>&#8212; &#8212; &#8212;<\/p>\n\n\n\n<p><strong>Texto \u2013<\/strong>&nbsp;Divulga\u00e7\u00e3o \/ Semtepi<\/p>\n\n\n\n<p><strong>Foto&nbsp;\u2013 <\/strong>Divulga\u00e7\u00e3o \/ Semcom<\/p>\n","protected":false},"excerpt":{"rendered":"","protected":false},"author":39,"featured_media":2760,"comment_status":"closed","ping_status":"closed","sticky":false,"template":"","format":"standard","meta":{"footnotes":""},"categories":[82],"tags":[649,650,651,8,87,9],"acf":[],"yoast_head":"<!-- This site is optimized with the Yoast SEO plugin v23.0 - https:\/\/yoast.com\/wordpress\/plugins\/seo\/ -->\n<title>Prefeitura de Manaus oferta 40 vagas gratuitas para curso de \u2018Higieniza\u00e7\u00e3o a Seco\u2019<\/title>\n<meta name=\"description\" content=\"A Prefeitura de Manaus, por meio da Secretaria Municipal do Trabalho, Empreendedorismo e Inova\u00e7\u00e3o (Semtepi), em parceria com o Grupo de Neg\u00f3cios Amazonas, oferta, nesta segunda-feira, 9\/10, 40 vagas gratuitas para curso profissionalizante de \u201cHigieniza\u00e7\u00e3o a Seco\u201d, voltado a empreendedores e potenciais empreendedores residentes em Manaus, que tenham a partir de 18 anos e ensino fundamental completo.\" \/>\n<meta name=\"robots\" content=\"noindex, follow\" \/>\n<meta property=\"og:locale\" content=\"pt_BR\" \/>\n<meta property=\"og:type\" content=\"article\" \/>\n<meta property=\"og:title\" content=\"Prefeitura de Manaus oferta 40 vagas gratuitas para curso de \u2018Higieniza\u00e7\u00e3o a Seco\u2019\" \/>\n<meta property=\"og:description\" content=\"A Prefeitura de Manaus, por meio da Secretaria Municipal do Trabalho, Empreendedorismo e Inova\u00e7\u00e3o (Semtepi), em parceria com o Grupo de Neg\u00f3cios Amazonas, oferta, nesta segunda-feira, 9\/10, 40 vagas gratuitas para curso profissionalizante de \u201cHigieniza\u00e7\u00e3o a Seco\u201d, voltado a empreendedores e potenciais empreendedores residentes em Manaus, que tenham a partir de 18 anos e ensino fundamental completo.\" \/>\n<meta property=\"og:url\" content=\"https:\/\/www.manaus.am.gov.br\/semtepi\/qualificacao\/prefeitura-de-manaus-oferta-40-vagas-gratuitas-para-curso-de-higienizacao-a-seco\/\" \/>\n<meta property=\"og:site_name\" content=\"SEMTEPI\" \/>\n<meta property=\"article:published_time\" content=\"2023-10-09T18:18:38+00:00\" \/>\n<meta property=\"article:modified_time\" content=\"2023-10-10T14:36:06+00:00\" \/>\n<meta property=\"og:image\" content=\"https:\/\/www.manaus.am.gov.br\/semtepi\/wp-content\/uploads\/sites\/20\/2023\/10\/IMG_6149-1024x768.png\" \/>\n\t<meta property=\"og:image:width\" content=\"1024\" \/>\n\t<meta property=\"og:image:height\" content=\"768\" \/>\n\t<meta property=\"og:image:type\" content=\"image\/png\" \/>\n<meta name=\"author\" content=\"Bruna Greco\" \/>\n<meta name=\"twitter:card\" content=\"summary_large_image\" \/>\n<meta name=\"twitter:label1\" content=\"Written by\" \/>\n\t<meta name=\"twitter:data1\" content=\"Bruna Greco\" \/>\n\t<meta name=\"twitter:label2\" content=\"Est. reading time\" \/>\n\t<meta name=\"twitter:data2\" content=\"2 minutos\" \/>\n<script type=\"application\/ld+json\" class=\"yoast-schema-graph\">{\"@context\":\"https:\/\/schema.org\",\"@graph\":[{\"@type\":\"Article\",\"@id\":\"https:\/\/www.manaus.am.gov.br\/semtepi\/qualificacao\/prefeitura-de-manaus-oferta-40-vagas-gratuitas-para-curso-de-higienizacao-a-seco\/#article\",\"isPartOf\":{\"@id\":\"https:\/\/www.manaus.am.gov.br\/semtepi\/qualificacao\/prefeitura-de-manaus-oferta-40-vagas-gratuitas-para-curso-de-higienizacao-a-seco\/\"},\"author\":{\"name\":\"Bruna Greco\",\"@id\":\"https:\/\/www.manaus.am.gov.br\/semtepi\/#\/schema\/person\/05d223aea2bf115f9883a6ff3683d81b\"},\"headline\":\"Prefeitura de Manaus oferta 40 vagas gratuitas para curso de \u2018Higieniza\u00e7\u00e3o a Seco\u2019\u00a0\",\"datePublished\":\"2023-10-09T18:18:38+00:00\",\"dateModified\":\"2023-10-10T14:36:06+00:00\",\"mainEntityOfPage\":{\"@id\":\"https:\/\/www.manaus.am.gov.br\/semtepi\/qualificacao\/prefeitura-de-manaus-oferta-40-vagas-gratuitas-para-curso-de-higienizacao-a-seco\/\"},\"wordCount\":256,\"publisher\":{\"@id\":\"https:\/\/www.manaus.am.gov.br\/semtepi\/#organization\"},\"image\":{\"@id\":\"https:\/\/www.manaus.am.gov.br\/semtepi\/qualificacao\/prefeitura-de-manaus-oferta-40-vagas-gratuitas-para-curso-de-higienizacao-a-seco\/#primaryimage\"},\"thumbnailUrl\":\"https:\/\/www.manaus.am.gov.br\/semtepi\/wp-content\/uploads\/sites\/20\/2023\/10\/IMG_6149.png\",\"keywords\":[\"16 a 21\/10\",\"40 vagas gratuitas\",\"curso de \u2018Higieniza\u00e7\u00e3o a Seco\u2019\",\"prefeitura de manaus\",\"projeto \u201cQualificar \u00e9 o Caminho Certo para Empreender\u201d\",\"Semtepi\"],\"articleSection\":[\"Qualifica\u00e7\u00e3o\"],\"inLanguage\":\"pt-BR\"},{\"@type\":\"WebPage\",\"@id\":\"https:\/\/www.manaus.am.gov.br\/semtepi\/qualificacao\/prefeitura-de-manaus-oferta-40-vagas-gratuitas-para-curso-de-higienizacao-a-seco\/\",\"url\":\"https:\/\/www.manaus.am.gov.br\/semtepi\/qualificacao\/prefeitura-de-manaus-oferta-40-vagas-gratuitas-para-curso-de-higienizacao-a-seco\/\",\"name\":\"Prefeitura de Manaus oferta 40 vagas gratuitas para curso de \u2018Higieniza\u00e7\u00e3o a Seco\u2019\",\"isPartOf\":{\"@id\":\"https:\/\/www.manaus.am.gov.br\/semtepi\/#website\"},\"primaryImageOfPage\":{\"@id\":\"https:\/\/www.manaus.am.gov.br\/semtepi\/qualificacao\/prefeitura-de-manaus-oferta-40-vagas-gratuitas-para-curso-de-higienizacao-a-seco\/#primaryimage\"},\"image\":{\"@id\":\"https:\/\/www.manaus.am.gov.br\/semtepi\/qualificacao\/prefeitura-de-manaus-oferta-40-vagas-gratuitas-para-curso-de-higienizacao-a-seco\/#primaryimage\"},\"thumbnailUrl\":\"https:\/\/www.manaus.am.gov.br\/semtepi\/wp-content\/uploads\/sites\/20\/2023\/10\/IMG_6149.png\",\"datePublished\":\"2023-10-09T18:18:38+00:00\",\"dateModified\":\"2023-10-10T14:36:06+00:00\",\"description\":\"A Prefeitura de Manaus, por meio da Secretaria Municipal do Trabalho, Empreendedorismo e Inova\u00e7\u00e3o (Semtepi), em parceria com o Grupo de Neg\u00f3cios Amazonas, oferta, nesta segunda-feira, 9\/10, 40 vagas gratuitas para curso profissionalizante de \u201cHigieniza\u00e7\u00e3o a Seco\u201d, voltado a empreendedores e potenciais empreendedores residentes em Manaus, que tenham a partir de 18 anos e ensino fundamental completo.\",\"breadcrumb\":{\"@id\":\"https:\/\/www.manaus.am.gov.br\/semtepi\/qualificacao\/prefeitura-de-manaus-oferta-40-vagas-gratuitas-para-curso-de-higienizacao-a-seco\/#breadcrumb\"},\"inLanguage\":\"pt-BR\",\"potentialAction\":[{\"@type\":\"ReadAction\",\"target\":[\"https:\/\/www.manaus.am.gov.br\/semtepi\/qualificacao\/prefeitura-de-manaus-oferta-40-vagas-gratuitas-para-curso-de-higienizacao-a-seco\/\"]}]},{\"@type\":\"ImageObject\",\"inLanguage\":\"pt-BR\",\"@id\":\"https:\/\/www.manaus.am.gov.br\/semtepi\/qualificacao\/prefeitura-de-manaus-oferta-40-vagas-gratuitas-para-curso-de-higienizacao-a-seco\/#primaryimage\",\"url\":\"https:\/\/www.manaus.am.gov.br\/semtepi\/wp-content\/uploads\/sites\/20\/2023\/10\/IMG_6149.png\",\"contentUrl\":\"https:\/\/www.manaus.am.gov.br\/semtepi\/wp-content\/uploads\/sites\/20\/2023\/10\/IMG_6149.png\",\"width\":4032,\"height\":3024},{\"@type\":\"BreadcrumbList\",\"@id\":\"https:\/\/www.manaus.am.gov.br\/semtepi\/qualificacao\/prefeitura-de-manaus-oferta-40-vagas-gratuitas-para-curso-de-higienizacao-a-seco\/#breadcrumb\",\"itemListElement\":[{\"@type\":\"ListItem\",\"position\":1,\"name\":\"Home\",\"item\":\"https:\/\/www.manaus.am.gov.br\/semtepi\/\"},{\"@type\":\"ListItem\",\"position\":2,\"name\":\"Prefeitura de Manaus oferta 40 vagas gratuitas para curso de \u2018Higieniza\u00e7\u00e3o a Seco\u2019\u00a0\"}]},{\"@type\":\"WebSite\",\"@id\":\"https:\/\/www.manaus.am.gov.br\/semtepi\/#website\",\"url\":\"https:\/\/www.manaus.am.gov.br\/semtepi\/\",\"name\":\"SEMTEPI\",\"description\":\"Prefeitura de Manaus\",\"publisher\":{\"@id\":\"https:\/\/www.manaus.am.gov.br\/semtepi\/#organization\"},\"alternateName\":\"Secretaria Municipal do Trabalho, Empreendedorismo e Inova\u00e7\u00e3o\",\"potentialAction\":[{\"@type\":\"SearchAction\",\"target\":{\"@type\":\"EntryPoint\",\"urlTemplate\":\"https:\/\/www.manaus.am.gov.br\/semtepi\/?s={search_term_string}\"},\"query-input\":\"required name=search_term_string\"}],\"inLanguage\":\"pt-BR\"},{\"@type\":\"Organization\",\"@id\":\"https:\/\/www.manaus.am.gov.br\/semtepi\/#organization\",\"name\":\"Prefeitura Municipal de Manaus\",\"alternateName\":\"Prefeitura de Manaus\",\"url\":\"https:\/\/www.manaus.am.gov.br\/semtepi\/\",\"logo\":{\"@type\":\"ImageObject\",\"inLanguage\":\"pt-BR\",\"@id\":\"https:\/\/www.manaus.am.gov.br\/semtepi\/#\/schema\/logo\/image\/\",\"url\":\"https:\/\/www.manaus.am.gov.br\/semtepi\/wp-content\/uploads\/sites\/20\/2024\/07\/favicon.png\",\"contentUrl\":\"https:\/\/www.manaus.am.gov.br\/semtepi\/wp-content\/uploads\/sites\/20\/2024\/07\/favicon.png\",\"width\":300,\"height\":300,\"caption\":\"Prefeitura Municipal de Manaus\"},\"image\":{\"@id\":\"https:\/\/www.manaus.am.gov.br\/semtepi\/#\/schema\/logo\/image\/\"}},{\"@type\":\"Person\",\"@id\":\"https:\/\/www.manaus.am.gov.br\/semtepi\/#\/schema\/person\/05d223aea2bf115f9883a6ff3683d81b\",\"name\":\"Bruna Greco\",\"image\":{\"@type\":\"ImageObject\",\"inLanguage\":\"pt-BR\",\"@id\":\"https:\/\/www.manaus.am.gov.br\/semtepi\/#\/schema\/person\/image\/\",\"url\":\"https:\/\/secure.gravatar.com\/avatar\/9c877d1a6adc2a055330e5c09a8653ce?s=96&d=mm&r=g\",\"contentUrl\":\"https:\/\/secure.gravatar.com\/avatar\/9c877d1a6adc2a055330e5c09a8653ce?s=96&d=mm&r=g\",\"caption\":\"Bruna Greco\"}}]}<\/script>\n<!-- \/ Yoast SEO plugin. -->","yoast_head_json":{"title":"Prefeitura de Manaus oferta 40 vagas gratuitas para curso de \u2018Higieniza\u00e7\u00e3o a Seco\u2019","description":"A Prefeitura de Manaus, por meio da Secretaria Municipal do Trabalho, Empreendedorismo e Inova\u00e7\u00e3o (Semtepi), em parceria com o Grupo de Neg\u00f3cios Amazonas, oferta, nesta segunda-feira, 9\/10, 40 vagas gratuitas para curso profissionalizante de \u201cHigieniza\u00e7\u00e3o a Seco\u201d, voltado a empreendedores e potenciais empreendedores residentes em Manaus, que tenham a partir de 18 anos e ensino fundamental completo.","robots":{"index":"noindex","follow":"follow"},"og_locale":"pt_BR","og_type":"article","og_title":"Prefeitura de Manaus oferta 40 vagas gratuitas para curso de \u2018Higieniza\u00e7\u00e3o a Seco\u2019","og_description":"A Prefeitura de Manaus, por meio da Secretaria Municipal do Trabalho, Empreendedorismo e Inova\u00e7\u00e3o (Semtepi), em parceria com o Grupo de Neg\u00f3cios Amazonas, oferta, nesta segunda-feira, 9\/10, 40 vagas gratuitas para curso profissionalizante de \u201cHigieniza\u00e7\u00e3o a Seco\u201d, voltado a empreendedores e potenciais empreendedores residentes em Manaus, que tenham a partir de 18 anos e ensino fundamental completo.","og_url":"https:\/\/www.manaus.am.gov.br\/semtepi\/qualificacao\/prefeitura-de-manaus-oferta-40-vagas-gratuitas-para-curso-de-higienizacao-a-seco\/","og_site_name":"SEMTEPI","article_published_time":"2023-10-09T18:18:38+00:00","article_modified_time":"2023-10-10T14:36:06+00:00","og_image":[{"width":1024,"height":768,"url":"https:\/\/www.manaus.am.gov.br\/semtepi\/wp-content\/uploads\/sites\/20\/2023\/10\/IMG_6149-1024x768.png","type":"image\/png"}],"author":"Bruna Greco","twitter_card":"summary_large_image","twitter_misc":{"Written by":"Bruna Greco","Est. reading time":"2 minutos"},"schema":{"@context":"https:\/\/schema.org","@graph":[{"@type":"Article","@id":"https:\/\/www.manaus.am.gov.br\/semtepi\/qualificacao\/prefeitura-de-manaus-oferta-40-vagas-gratuitas-para-curso-de-higienizacao-a-seco\/#article","isPartOf":{"@id":"https:\/\/www.manaus.am.gov.br\/semtepi\/qualificacao\/prefeitura-de-manaus-oferta-40-vagas-gratuitas-para-curso-de-higienizacao-a-seco\/"},"author":{"name":"Bruna Greco","@id":"https:\/\/www.manaus.am.gov.br\/semtepi\/#\/schema\/person\/05d223aea2bf115f9883a6ff3683d81b"},"headline":"Prefeitura de Manaus oferta 40 vagas gratuitas para curso de \u2018Higieniza\u00e7\u00e3o a Seco\u2019\u00a0","datePublished":"2023-10-09T18:18:38+00:00","dateModified":"2023-10-10T14:36:06+00:00","mainEntityOfPage":{"@id":"https:\/\/www.manaus.am.gov.br\/semtepi\/qualificacao\/prefeitura-de-manaus-oferta-40-vagas-gratuitas-para-curso-de-higienizacao-a-seco\/"},"wordCount":256,"publisher":{"@id":"https:\/\/www.manaus.am.gov.br\/semtepi\/#organization"},"image":{"@id":"https:\/\/www.manaus.am.gov.br\/semtepi\/qualificacao\/prefeitura-de-manaus-oferta-40-vagas-gratuitas-para-curso-de-higienizacao-a-seco\/#primaryimage"},"thumbnailUrl":"https:\/\/www.manaus.am.gov.br\/semtepi\/wp-content\/uploads\/sites\/20\/2023\/10\/IMG_6149.png","keywords":["16 a 21\/10","40 vagas gratuitas","curso de \u2018Higieniza\u00e7\u00e3o a Seco\u2019","prefeitura de manaus","projeto \u201cQualificar \u00e9 o Caminho Certo para Empreender\u201d","Semtepi"],"articleSection":["Qualifica\u00e7\u00e3o"],"inLanguage":"pt-BR"},{"@type":"WebPage","@id":"https:\/\/www.manaus.am.gov.br\/semtepi\/qualificacao\/prefeitura-de-manaus-oferta-40-vagas-gratuitas-para-curso-de-higienizacao-a-seco\/","url":"https:\/\/www.manaus.am.gov.br\/semtepi\/qualificacao\/prefeitura-de-manaus-oferta-40-vagas-gratuitas-para-curso-de-higienizacao-a-seco\/","name":"Prefeitura de Manaus oferta 40 vagas gratuitas para curso de \u2018Higieniza\u00e7\u00e3o a Seco\u2019","isPartOf":{"@id":"https:\/\/www.manaus.am.gov.br\/semtepi\/#website"},"primaryImageOfPage":{"@id":"https:\/\/www.manaus.am.gov.br\/semtepi\/qualificacao\/prefeitura-de-manaus-oferta-40-vagas-gratuitas-para-curso-de-higienizacao-a-seco\/#primaryimage"},"image":{"@id":"https:\/\/www.manaus.am.gov.br\/semtepi\/qualificacao\/prefeitura-de-manaus-oferta-40-vagas-gratuitas-para-curso-de-higienizacao-a-seco\/#primaryimage"},"thumbnailUrl":"https:\/\/www.manaus.am.gov.br\/semtepi\/wp-content\/uploads\/sites\/20\/2023\/10\/IMG_6149.png","datePublished":"2023-10-09T18:18:38+00:00","dateModified":"2023-10-10T14:36:06+00:00","description":"A Prefeitura de Manaus, por meio da Secretaria Municipal do Trabalho, Empreendedorismo e Inova\u00e7\u00e3o (Semtepi), em parceria com o Grupo de Neg\u00f3cios Amazonas, oferta, nesta segunda-feira, 9\/10, 40 vagas gratuitas para curso profissionalizante de \u201cHigieniza\u00e7\u00e3o a Seco\u201d, voltado a empreendedores e potenciais empreendedores residentes em Manaus, que tenham a partir de 18 anos e ensino fundamental completo.","breadcrumb":{"@id":"https:\/\/www.manaus.am.gov.br\/semtepi\/qualificacao\/prefeitura-de-manaus-oferta-40-vagas-gratuitas-para-curso-de-higienizacao-a-seco\/#breadcrumb"},"inLanguage":"pt-BR","potentialAction":[{"@type":"ReadAction","target":["https:\/\/www.manaus.am.gov.br\/semtepi\/qualificacao\/prefeitura-de-manaus-oferta-40-vagas-gratuitas-para-curso-de-higienizacao-a-seco\/"]}]},{"@type":"ImageObject","inLanguage":"pt-BR","@id":"https:\/\/www.manaus.am.gov.br\/semtepi\/qualificacao\/prefeitura-de-manaus-oferta-40-vagas-gratuitas-para-curso-de-higienizacao-a-seco\/#primaryimage","url":"https:\/\/www.manaus.am.gov.br\/semtepi\/wp-content\/uploads\/sites\/20\/2023\/10\/IMG_6149.png","contentUrl":"https:\/\/www.manaus.am.gov.br\/semtepi\/wp-content\/uploads\/sites\/20\/2023\/10\/IMG_6149.png","width":4032,"height":3024},{"@type":"BreadcrumbList","@id":"https:\/\/www.manaus.am.gov.br\/semtepi\/qualificacao\/prefeitura-de-manaus-oferta-40-vagas-gratuitas-para-curso-de-higienizacao-a-seco\/#breadcrumb","itemListElement":[{"@type":"ListItem","position":1,"name":"Home","item":"https:\/\/www.manaus.am.gov.br\/semtepi\/"},{"@type":"ListItem","position":2,"name":"Prefeitura de Manaus oferta 40 vagas gratuitas para curso de \u2018Higieniza\u00e7\u00e3o a Seco\u2019\u00a0"}]},{"@type":"WebSite","@id":"https:\/\/www.manaus.am.gov.br\/semtepi\/#website","url":"https:\/\/www.manaus.am.gov.br\/semtepi\/","name":"SEMTEPI","description":"Prefeitura de Manaus","publisher":{"@id":"https:\/\/www.manaus.am.gov.br\/semtepi\/#organization"},"alternateName":"Secretaria Municipal do Trabalho, Empreendedorismo e Inova\u00e7\u00e3o","potentialAction":[{"@type":"SearchAction","target":{"@type":"EntryPoint","urlTemplate":"https:\/\/www.manaus.am.gov.br\/semtepi\/?s={search_term_string}"},"query-input":"required name=search_term_string"}],"inLanguage":"pt-BR"},{"@type":"Organization","@id":"https:\/\/www.manaus.am.gov.br\/semtepi\/#organization","name":"Prefeitura Municipal de Manaus","alternateName":"Prefeitura de Manaus","url":"https:\/\/www.manaus.am.gov.br\/semtepi\/","logo":{"@type":"ImageObject","inLanguage":"pt-BR","@id":"https:\/\/www.manaus.am.gov.br\/semtepi\/#\/schema\/logo\/image\/","url":"https:\/\/www.manaus.am.gov.br\/semtepi\/wp-content\/uploads\/sites\/20\/2024\/07\/favicon.png","contentUrl":"https:\/\/www.manaus.am.gov.br\/semtepi\/wp-content\/uploads\/sites\/20\/2024\/07\/favicon.png","width":300,"height":300,"caption":"Prefeitura Municipal de Manaus"},"image":{"@id":"https:\/\/www.manaus.am.gov.br\/semtepi\/#\/schema\/logo\/image\/"}},{"@type":"Person","@id":"https:\/\/www.manaus.am.gov.br\/semtepi\/#\/schema\/person\/05d223aea2bf115f9883a6ff3683d81b","name":"Bruna Greco","image":{"@type":"ImageObject","inLanguage":"pt-BR","@id":"https:\/\/www.manaus.am.gov.br\/semtepi\/#\/schema\/person\/image\/","url":"https:\/\/secure.gravatar.com\/avatar\/9c877d1a6adc2a055330e5c09a8653ce?s=96&d=mm&r=g","contentUrl":"https:\/\/secure.gravatar.com\/avatar\/9c877d1a6adc2a055330e5c09a8653ce?s=96&d=mm&r=g","caption":"Bruna Greco"}}]}},"_links":{"self":[{"href":"https:\/\/www.manaus.am.gov.br\/semtepi\/wp-json\/wp\/v2\/posts\/2759"}],"collection":[{"href":"https:\/\/www.manaus.am.gov.br\/semtepi\/wp-json\/wp\/v2\/posts"}],"about":[{"href":"https:\/\/www.manaus.am.gov.br\/semtepi\/wp-json\/wp\/v2\/types\/post"}],"author":[{"embeddable":true,"href":"https:\/\/www.manaus.am.gov.br\/semtepi\/wp-json\/wp\/v2\/users\/39"}],"replies":[{"embeddable":true,"href":"https:\/\/www.manaus.am.gov.br\/semtepi\/wp-json\/wp\/v2\/comments?post=2759"}],"version-history":[{"count":4,"href":"https:\/\/www.manaus.am.gov.br\/semtepi\/wp-json\/wp\/v2\/posts\/2759\/revisions"}],"predecessor-version":[{"id":2768,"href":"https:\/\/www.manaus.am.gov.br\/semtepi\/wp-json\/wp\/v2\/posts\/2759\/revisions\/2768"}],"wp:featuredmedia":[{"embeddable":true,"href":"https:\/\/www.manaus.am.gov.br\/semtepi\/wp-json\/wp\/v2\/media\/2760"}],"wp:attachment":[{"href":"https:\/\/www.manaus.am.gov.br\/semtepi\/wp-json\/wp\/v2\/media?parent=2759"}],"wp:term":[{"taxonomy":"category","embeddable":true,"href":"https:\/\/www.manaus.am.gov.br\/semtepi\/wp-json\/wp\/v2\/categories?post=2759"},{"taxonomy":"post_tag","embeddable":true,"href":"https:\/\/www.manaus.am.gov.br\/semtepi\/wp-json\/wp\/v2\/tags?post=2759"}],"curies":[{"name":"wp","href":"https:\/\/api.w.org\/{rel}","templated":true}]}}