{"id":2755,"date":"2023-10-09T13:48:19","date_gmt":"2023-10-09T17:48:19","guid":{"rendered":"https:\/\/www.manaus.am.gov.br\/semtepi\/sem-categoria\/prefeitura-divulga-lista-de-selecionados-para-nova-turma-do-programa-english-manaus\/"},"modified":"2023-10-09T13:48:19","modified_gmt":"2023-10-09T17:48:19","slug":"prefeitura-divulga-lista-de-selecionados-para-nova-turma-do-programa-english-manaus","status":"publish","type":"post","link":"https:\/\/www.manaus.am.gov.br\/semtepi\/capacitacao\/prefeitura-divulga-lista-de-selecionados-para-nova-turma-do-programa-english-manaus\/","title":{"rendered":"<strong>Prefeitura divulga lista de selecionados para nova turma do programa \u2018English Manaus\u2019<\/strong>"},"content":{"rendered":"\n<p>A Prefeitura de Manaus, por meio da Secretaria Municipal do Trabalho, Empreendedorismo e Inova\u00e7\u00e3o (Semtepi), e do Fundo Municipal de Empreendedorismo e Inova\u00e7\u00e3o, divulga, nesta segunda-feira, 9\/10, a lista de selecionados da nova turma do programa \u201cEnglish Manaus\u201d, que vai beneficiar empreendedores e permission\u00e1rios com aulas de ingl\u00eas, em formato on-line.<\/p>\n\n\n\n<p>A a\u00e7\u00e3o tem como objetivo capacitar empreendedores, visando a recep\u00e7\u00e3o e a comunica\u00e7\u00e3o com os turistas na regi\u00e3o, al\u00e9m de fortalecer o empreendedorismo no setor tur\u00edstico. Executado pela Federa\u00e7\u00e3o Amazonense de E-Sports (Faesp), o programa permite que os permission\u00e1rios facilitem o di\u00e1logo com os clientes e reforcem a import\u00e2ncia do idioma como uma ferramenta de neg\u00f3cios.<\/p>\n\n\n\n<p>\u201cUm curso de ingl\u00eas pode ser uma ferramenta poderosa para os empreendedores de Manaus, ajudando-os a se conectar com o mundo dos neg\u00f3cios globalizado, a expandir seus horizontes comerciais e a se manterem atualizados com as tend\u00eancias e inova\u00e7\u00f5es em seus setores. Isso pode contribuir significativamente para o sucesso e o crescimento de seus neg\u00f3cios\u201d, salientou o titular da Semtepi, Radyr J\u00fanior.<\/p>\n\n\n\n<p>O pr\u00f3ximo aul\u00e3o presencial do English Manaus est\u00e1 previsto para o dia 17 de outubro. As aulas j\u00e1 est\u00e3o liberadas para os alunos selecionados e devem ser acessadas pela plataforma\u00a0<a href=\"http:\/\/englishmanaus.com.br\/\" target=\"_blank\" rel=\"noreferrer noopener\">englishmanaus.com.br<\/a>.<\/p>\n\n\n\n<p><strong><a href=\"https:\/\/www.manaus.am.gov.br\/semtepi\/wp-content\/uploads\/sites\/20\/2023\/10\/Selecionados-English-Manaus.pdf\">Confira a lista de selecionados<\/a><\/strong><\/p>\n\n\n\n<p>&#8212; &#8212; &#8212;<\/p>\n\n\n\n<p><strong>Texto \u2013 <\/strong>Fabiane Monteiro \/ Semtepi<\/p>\n\n\n\n<p><strong>Fotos \u2013&nbsp;<\/strong>Cl\u00f3vis Miranda \/ Semcom<\/p>\n\n\n\n<p><strong>Dispon\u00edveis em &#8211; <\/strong><a href=\"https:\/\/flic.kr\/s\/aHBqjAGQFt\">https:\/\/flic.kr\/s\/aHBqjAGQFt<\/a> e <a href=\"https:\/\/flic.kr\/s\/aHBqjAy4HP\">https:\/\/flic.kr\/s\/aHBqjAy4HP<\/a><\/p>\n","protected":false},"excerpt":{"rendered":"","protected":false},"author":39,"featured_media":2757,"comment_status":"closed","ping_status":"closed","sticky":false,"template":"","format":"standard","meta":{"footnotes":""},"categories":[51],"tags":[53,647,77,648,8,567,9],"acf":[],"yoast_head":"<!-- This site is optimized with the Yoast SEO plugin v23.0 - https:\/\/yoast.com\/wordpress\/plugins\/seo\/ -->\n<title>Prefeitura divulga lista de selecionados para nova turma do programa \u2018English Manaus\u2019<\/title>\n<meta name=\"description\" content=\"A Prefeitura de Manaus, por meio da Secretaria Municipal do Trabalho, Empreendedorismo e Inova\u00e7\u00e3o (Semtepi), e do Fundo Municipal de Empreendedorismo e Inova\u00e7\u00e3o, divulga, nesta segunda-feira, 9\/10, a lista de selecionados da nova turma do programa \u201cEnglish Manaus\u201d, que vai beneficiar empreendedores e permission\u00e1rios com aulas de ingl\u00eas, em formato on-line.\" \/>\n<meta name=\"robots\" content=\"noindex, follow\" \/>\n<meta property=\"og:locale\" content=\"pt_BR\" \/>\n<meta property=\"og:type\" content=\"article\" \/>\n<meta property=\"og:title\" content=\"Prefeitura divulga lista de selecionados para nova turma do programa \u2018English Manaus\u2019\" \/>\n<meta property=\"og:description\" content=\"A Prefeitura de Manaus, por meio da Secretaria Municipal do Trabalho, Empreendedorismo e Inova\u00e7\u00e3o (Semtepi), e do Fundo Municipal de Empreendedorismo e Inova\u00e7\u00e3o, divulga, nesta segunda-feira, 9\/10, a lista de selecionados da nova turma do programa \u201cEnglish Manaus\u201d, que vai beneficiar empreendedores e permission\u00e1rios com aulas de ingl\u00eas, em formato on-line.\" \/>\n<meta property=\"og:url\" content=\"https:\/\/www.manaus.am.gov.br\/semtepi\/capacitacao\/prefeitura-divulga-lista-de-selecionados-para-nova-turma-do-programa-english-manaus\/\" \/>\n<meta property=\"og:site_name\" content=\"SEMTEPI\" \/>\n<meta property=\"article:published_time\" content=\"2023-10-09T17:48:19+00:00\" \/>\n<meta property=\"og:image\" content=\"https:\/\/www.manaus.am.gov.br\/semtepi\/wp-content\/uploads\/sites\/20\/2023\/10\/English-Manaus-2.jpg\" \/>\n\t<meta property=\"og:image:width\" content=\"2048\" \/>\n\t<meta property=\"og:image:height\" content=\"1397\" \/>\n\t<meta property=\"og:image:type\" content=\"image\/jpeg\" \/>\n<meta name=\"author\" content=\"Bruna Greco\" \/>\n<meta name=\"twitter:card\" content=\"summary_large_image\" \/>\n<meta name=\"twitter:label1\" content=\"Written by\" \/>\n\t<meta name=\"twitter:data1\" content=\"Bruna Greco\" \/>\n\t<meta name=\"twitter:label2\" content=\"Est. reading time\" \/>\n\t<meta name=\"twitter:data2\" content=\"2 minutos\" \/>\n<script type=\"application\/ld+json\" class=\"yoast-schema-graph\">{\"@context\":\"https:\/\/schema.org\",\"@graph\":[{\"@type\":\"Article\",\"@id\":\"https:\/\/www.manaus.am.gov.br\/semtepi\/capacitacao\/prefeitura-divulga-lista-de-selecionados-para-nova-turma-do-programa-english-manaus\/#article\",\"isPartOf\":{\"@id\":\"https:\/\/www.manaus.am.gov.br\/semtepi\/capacitacao\/prefeitura-divulga-lista-de-selecionados-para-nova-turma-do-programa-english-manaus\/\"},\"author\":{\"name\":\"Bruna Greco\",\"@id\":\"https:\/\/www.manaus.am.gov.br\/semtepi\/#\/schema\/person\/05d223aea2bf115f9883a6ff3683d81b\"},\"headline\":\"Prefeitura divulga lista de selecionados para nova turma do programa \u2018English Manaus\u2019\",\"datePublished\":\"2023-10-09T17:48:19+00:00\",\"dateModified\":\"2023-10-09T17:48:19+00:00\",\"mainEntityOfPage\":{\"@id\":\"https:\/\/www.manaus.am.gov.br\/semtepi\/capacitacao\/prefeitura-divulga-lista-de-selecionados-para-nova-turma-do-programa-english-manaus\/\"},\"wordCount\":270,\"publisher\":{\"@id\":\"https:\/\/www.manaus.am.gov.br\/semtepi\/#organization\"},\"image\":{\"@id\":\"https:\/\/www.manaus.am.gov.br\/semtepi\/capacitacao\/prefeitura-divulga-lista-de-selecionados-para-nova-turma-do-programa-english-manaus\/#primaryimage\"},\"thumbnailUrl\":\"https:\/\/www.manaus.am.gov.br\/semtepi\/wp-content\/uploads\/sites\/20\/2023\/10\/English-Manaus-2.jpg\",\"keywords\":[\"capacita\u00e7\u00e3o\",\"formato on-line\",\"lista de selecionados\",\"nova turma\",\"prefeitura de manaus\",\"programa \u2018English Manaus\u2019\",\"Semtepi\"],\"articleSection\":[\"Capacita\u00e7\u00e3o\"],\"inLanguage\":\"pt-BR\"},{\"@type\":\"WebPage\",\"@id\":\"https:\/\/www.manaus.am.gov.br\/semtepi\/capacitacao\/prefeitura-divulga-lista-de-selecionados-para-nova-turma-do-programa-english-manaus\/\",\"url\":\"https:\/\/www.manaus.am.gov.br\/semtepi\/capacitacao\/prefeitura-divulga-lista-de-selecionados-para-nova-turma-do-programa-english-manaus\/\",\"name\":\"Prefeitura divulga lista de selecionados para nova turma do programa \u2018English Manaus\u2019\",\"isPartOf\":{\"@id\":\"https:\/\/www.manaus.am.gov.br\/semtepi\/#website\"},\"primaryImageOfPage\":{\"@id\":\"https:\/\/www.manaus.am.gov.br\/semtepi\/capacitacao\/prefeitura-divulga-lista-de-selecionados-para-nova-turma-do-programa-english-manaus\/#primaryimage\"},\"image\":{\"@id\":\"https:\/\/www.manaus.am.gov.br\/semtepi\/capacitacao\/prefeitura-divulga-lista-de-selecionados-para-nova-turma-do-programa-english-manaus\/#primaryimage\"},\"thumbnailUrl\":\"https:\/\/www.manaus.am.gov.br\/semtepi\/wp-content\/uploads\/sites\/20\/2023\/10\/English-Manaus-2.jpg\",\"datePublished\":\"2023-10-09T17:48:19+00:00\",\"dateModified\":\"2023-10-09T17:48:19+00:00\",\"description\":\"A Prefeitura de Manaus, por meio da Secretaria Municipal do Trabalho, Empreendedorismo e Inova\u00e7\u00e3o (Semtepi), e do Fundo Municipal de Empreendedorismo e Inova\u00e7\u00e3o, divulga, nesta segunda-feira, 9\/10, a lista de selecionados da nova turma do programa \u201cEnglish Manaus\u201d, que vai beneficiar empreendedores e permission\u00e1rios com aulas de ingl\u00eas, em formato on-line.\",\"breadcrumb\":{\"@id\":\"https:\/\/www.manaus.am.gov.br\/semtepi\/capacitacao\/prefeitura-divulga-lista-de-selecionados-para-nova-turma-do-programa-english-manaus\/#breadcrumb\"},\"inLanguage\":\"pt-BR\",\"potentialAction\":[{\"@type\":\"ReadAction\",\"target\":[\"https:\/\/www.manaus.am.gov.br\/semtepi\/capacitacao\/prefeitura-divulga-lista-de-selecionados-para-nova-turma-do-programa-english-manaus\/\"]}]},{\"@type\":\"ImageObject\",\"inLanguage\":\"pt-BR\",\"@id\":\"https:\/\/www.manaus.am.gov.br\/semtepi\/capacitacao\/prefeitura-divulga-lista-de-selecionados-para-nova-turma-do-programa-english-manaus\/#primaryimage\",\"url\":\"https:\/\/www.manaus.am.gov.br\/semtepi\/wp-content\/uploads\/sites\/20\/2023\/10\/English-Manaus-2.jpg\",\"contentUrl\":\"https:\/\/www.manaus.am.gov.br\/semtepi\/wp-content\/uploads\/sites\/20\/2023\/10\/English-Manaus-2.jpg\",\"width\":2048,\"height\":1397},{\"@type\":\"BreadcrumbList\",\"@id\":\"https:\/\/www.manaus.am.gov.br\/semtepi\/capacitacao\/prefeitura-divulga-lista-de-selecionados-para-nova-turma-do-programa-english-manaus\/#breadcrumb\",\"itemListElement\":[{\"@type\":\"ListItem\",\"position\":1,\"name\":\"Home\",\"item\":\"https:\/\/www.manaus.am.gov.br\/semtepi\/\"},{\"@type\":\"ListItem\",\"position\":2,\"name\":\"Prefeitura divulga lista de selecionados para nova turma do programa \u2018English Manaus\u2019\"}]},{\"@type\":\"WebSite\",\"@id\":\"https:\/\/www.manaus.am.gov.br\/semtepi\/#website\",\"url\":\"https:\/\/www.manaus.am.gov.br\/semtepi\/\",\"name\":\"SEMTEPI\",\"description\":\"Prefeitura de Manaus\",\"publisher\":{\"@id\":\"https:\/\/www.manaus.am.gov.br\/semtepi\/#organization\"},\"alternateName\":\"Secretaria Municipal do Trabalho, Empreendedorismo e Inova\u00e7\u00e3o\",\"potentialAction\":[{\"@type\":\"SearchAction\",\"target\":{\"@type\":\"EntryPoint\",\"urlTemplate\":\"https:\/\/www.manaus.am.gov.br\/semtepi\/?s={search_term_string}\"},\"query-input\":\"required name=search_term_string\"}],\"inLanguage\":\"pt-BR\"},{\"@type\":\"Organization\",\"@id\":\"https:\/\/www.manaus.am.gov.br\/semtepi\/#organization\",\"name\":\"Prefeitura Municipal de Manaus\",\"alternateName\":\"Prefeitura de Manaus\",\"url\":\"https:\/\/www.manaus.am.gov.br\/semtepi\/\",\"logo\":{\"@type\":\"ImageObject\",\"inLanguage\":\"pt-BR\",\"@id\":\"https:\/\/www.manaus.am.gov.br\/semtepi\/#\/schema\/logo\/image\/\",\"url\":\"https:\/\/www.manaus.am.gov.br\/semtepi\/wp-content\/uploads\/sites\/20\/2024\/07\/favicon.png\",\"contentUrl\":\"https:\/\/www.manaus.am.gov.br\/semtepi\/wp-content\/uploads\/sites\/20\/2024\/07\/favicon.png\",\"width\":300,\"height\":300,\"caption\":\"Prefeitura Municipal de Manaus\"},\"image\":{\"@id\":\"https:\/\/www.manaus.am.gov.br\/semtepi\/#\/schema\/logo\/image\/\"}},{\"@type\":\"Person\",\"@id\":\"https:\/\/www.manaus.am.gov.br\/semtepi\/#\/schema\/person\/05d223aea2bf115f9883a6ff3683d81b\",\"name\":\"Bruna Greco\",\"image\":{\"@type\":\"ImageObject\",\"inLanguage\":\"pt-BR\",\"@id\":\"https:\/\/www.manaus.am.gov.br\/semtepi\/#\/schema\/person\/image\/\",\"url\":\"https:\/\/secure.gravatar.com\/avatar\/9c877d1a6adc2a055330e5c09a8653ce?s=96&d=mm&r=g\",\"contentUrl\":\"https:\/\/secure.gravatar.com\/avatar\/9c877d1a6adc2a055330e5c09a8653ce?s=96&d=mm&r=g\",\"caption\":\"Bruna Greco\"}}]}<\/script>\n<!-- \/ Yoast SEO plugin. -->","yoast_head_json":{"title":"Prefeitura divulga lista de selecionados para nova turma do programa \u2018English Manaus\u2019","description":"A Prefeitura de Manaus, por meio da Secretaria Municipal do Trabalho, Empreendedorismo e Inova\u00e7\u00e3o (Semtepi), e do Fundo Municipal de Empreendedorismo e Inova\u00e7\u00e3o, divulga, nesta segunda-feira, 9\/10, a lista de selecionados da nova turma do programa \u201cEnglish Manaus\u201d, que vai beneficiar empreendedores e permission\u00e1rios com aulas de ingl\u00eas, em formato on-line.","robots":{"index":"noindex","follow":"follow"},"og_locale":"pt_BR","og_type":"article","og_title":"Prefeitura divulga lista de selecionados para nova turma do programa \u2018English Manaus\u2019","og_description":"A Prefeitura de Manaus, por meio da Secretaria Municipal do Trabalho, Empreendedorismo e Inova\u00e7\u00e3o (Semtepi), e do Fundo Municipal de Empreendedorismo e Inova\u00e7\u00e3o, divulga, nesta segunda-feira, 9\/10, a lista de selecionados da nova turma do programa \u201cEnglish Manaus\u201d, que vai beneficiar empreendedores e permission\u00e1rios com aulas de ingl\u00eas, em formato on-line.","og_url":"https:\/\/www.manaus.am.gov.br\/semtepi\/capacitacao\/prefeitura-divulga-lista-de-selecionados-para-nova-turma-do-programa-english-manaus\/","og_site_name":"SEMTEPI","article_published_time":"2023-10-09T17:48:19+00:00","og_image":[{"width":2048,"height":1397,"url":"https:\/\/www.manaus.am.gov.br\/semtepi\/wp-content\/uploads\/sites\/20\/2023\/10\/English-Manaus-2.jpg","type":"image\/jpeg"}],"author":"Bruna Greco","twitter_card":"summary_large_image","twitter_misc":{"Written by":"Bruna Greco","Est. reading time":"2 minutos"},"schema":{"@context":"https:\/\/schema.org","@graph":[{"@type":"Article","@id":"https:\/\/www.manaus.am.gov.br\/semtepi\/capacitacao\/prefeitura-divulga-lista-de-selecionados-para-nova-turma-do-programa-english-manaus\/#article","isPartOf":{"@id":"https:\/\/www.manaus.am.gov.br\/semtepi\/capacitacao\/prefeitura-divulga-lista-de-selecionados-para-nova-turma-do-programa-english-manaus\/"},"author":{"name":"Bruna Greco","@id":"https:\/\/www.manaus.am.gov.br\/semtepi\/#\/schema\/person\/05d223aea2bf115f9883a6ff3683d81b"},"headline":"Prefeitura divulga lista de selecionados para nova turma do programa \u2018English Manaus\u2019","datePublished":"2023-10-09T17:48:19+00:00","dateModified":"2023-10-09T17:48:19+00:00","mainEntityOfPage":{"@id":"https:\/\/www.manaus.am.gov.br\/semtepi\/capacitacao\/prefeitura-divulga-lista-de-selecionados-para-nova-turma-do-programa-english-manaus\/"},"wordCount":270,"publisher":{"@id":"https:\/\/www.manaus.am.gov.br\/semtepi\/#organization"},"image":{"@id":"https:\/\/www.manaus.am.gov.br\/semtepi\/capacitacao\/prefeitura-divulga-lista-de-selecionados-para-nova-turma-do-programa-english-manaus\/#primaryimage"},"thumbnailUrl":"https:\/\/www.manaus.am.gov.br\/semtepi\/wp-content\/uploads\/sites\/20\/2023\/10\/English-Manaus-2.jpg","keywords":["capacita\u00e7\u00e3o","formato on-line","lista de selecionados","nova turma","prefeitura de manaus","programa \u2018English Manaus\u2019","Semtepi"],"articleSection":["Capacita\u00e7\u00e3o"],"inLanguage":"pt-BR"},{"@type":"WebPage","@id":"https:\/\/www.manaus.am.gov.br\/semtepi\/capacitacao\/prefeitura-divulga-lista-de-selecionados-para-nova-turma-do-programa-english-manaus\/","url":"https:\/\/www.manaus.am.gov.br\/semtepi\/capacitacao\/prefeitura-divulga-lista-de-selecionados-para-nova-turma-do-programa-english-manaus\/","name":"Prefeitura divulga lista de selecionados para nova turma do programa \u2018English Manaus\u2019","isPartOf":{"@id":"https:\/\/www.manaus.am.gov.br\/semtepi\/#website"},"primaryImageOfPage":{"@id":"https:\/\/www.manaus.am.gov.br\/semtepi\/capacitacao\/prefeitura-divulga-lista-de-selecionados-para-nova-turma-do-programa-english-manaus\/#primaryimage"},"image":{"@id":"https:\/\/www.manaus.am.gov.br\/semtepi\/capacitacao\/prefeitura-divulga-lista-de-selecionados-para-nova-turma-do-programa-english-manaus\/#primaryimage"},"thumbnailUrl":"https:\/\/www.manaus.am.gov.br\/semtepi\/wp-content\/uploads\/sites\/20\/2023\/10\/English-Manaus-2.jpg","datePublished":"2023-10-09T17:48:19+00:00","dateModified":"2023-10-09T17:48:19+00:00","description":"A Prefeitura de Manaus, por meio da Secretaria Municipal do Trabalho, Empreendedorismo e Inova\u00e7\u00e3o (Semtepi), e do Fundo Municipal de Empreendedorismo e Inova\u00e7\u00e3o, divulga, nesta segunda-feira, 9\/10, a lista de selecionados da nova turma do programa \u201cEnglish Manaus\u201d, que vai beneficiar empreendedores e permission\u00e1rios com aulas de ingl\u00eas, em formato on-line.","breadcrumb":{"@id":"https:\/\/www.manaus.am.gov.br\/semtepi\/capacitacao\/prefeitura-divulga-lista-de-selecionados-para-nova-turma-do-programa-english-manaus\/#breadcrumb"},"inLanguage":"pt-BR","potentialAction":[{"@type":"ReadAction","target":["https:\/\/www.manaus.am.gov.br\/semtepi\/capacitacao\/prefeitura-divulga-lista-de-selecionados-para-nova-turma-do-programa-english-manaus\/"]}]},{"@type":"ImageObject","inLanguage":"pt-BR","@id":"https:\/\/www.manaus.am.gov.br\/semtepi\/capacitacao\/prefeitura-divulga-lista-de-selecionados-para-nova-turma-do-programa-english-manaus\/#primaryimage","url":"https:\/\/www.manaus.am.gov.br\/semtepi\/wp-content\/uploads\/sites\/20\/2023\/10\/English-Manaus-2.jpg","contentUrl":"https:\/\/www.manaus.am.gov.br\/semtepi\/wp-content\/uploads\/sites\/20\/2023\/10\/English-Manaus-2.jpg","width":2048,"height":1397},{"@type":"BreadcrumbList","@id":"https:\/\/www.manaus.am.gov.br\/semtepi\/capacitacao\/prefeitura-divulga-lista-de-selecionados-para-nova-turma-do-programa-english-manaus\/#breadcrumb","itemListElement":[{"@type":"ListItem","position":1,"name":"Home","item":"https:\/\/www.manaus.am.gov.br\/semtepi\/"},{"@type":"ListItem","position":2,"name":"Prefeitura divulga lista de selecionados para nova turma do programa \u2018English Manaus\u2019"}]},{"@type":"WebSite","@id":"https:\/\/www.manaus.am.gov.br\/semtepi\/#website","url":"https:\/\/www.manaus.am.gov.br\/semtepi\/","name":"SEMTEPI","description":"Prefeitura de Manaus","publisher":{"@id":"https:\/\/www.manaus.am.gov.br\/semtepi\/#organization"},"alternateName":"Secretaria Municipal do Trabalho, Empreendedorismo e Inova\u00e7\u00e3o","potentialAction":[{"@type":"SearchAction","target":{"@type":"EntryPoint","urlTemplate":"https:\/\/www.manaus.am.gov.br\/semtepi\/?s={search_term_string}"},"query-input":"required name=search_term_string"}],"inLanguage":"pt-BR"},{"@type":"Organization","@id":"https:\/\/www.manaus.am.gov.br\/semtepi\/#organization","name":"Prefeitura Municipal de Manaus","alternateName":"Prefeitura de Manaus","url":"https:\/\/www.manaus.am.gov.br\/semtepi\/","logo":{"@type":"ImageObject","inLanguage":"pt-BR","@id":"https:\/\/www.manaus.am.gov.br\/semtepi\/#\/schema\/logo\/image\/","url":"https:\/\/www.manaus.am.gov.br\/semtepi\/wp-content\/uploads\/sites\/20\/2024\/07\/favicon.png","contentUrl":"https:\/\/www.manaus.am.gov.br\/semtepi\/wp-content\/uploads\/sites\/20\/2024\/07\/favicon.png","width":300,"height":300,"caption":"Prefeitura Municipal de Manaus"},"image":{"@id":"https:\/\/www.manaus.am.gov.br\/semtepi\/#\/schema\/logo\/image\/"}},{"@type":"Person","@id":"https:\/\/www.manaus.am.gov.br\/semtepi\/#\/schema\/person\/05d223aea2bf115f9883a6ff3683d81b","name":"Bruna Greco","image":{"@type":"ImageObject","inLanguage":"pt-BR","@id":"https:\/\/www.manaus.am.gov.br\/semtepi\/#\/schema\/person\/image\/","url":"https:\/\/secure.gravatar.com\/avatar\/9c877d1a6adc2a055330e5c09a8653ce?s=96&d=mm&r=g","contentUrl":"https:\/\/secure.gravatar.com\/avatar\/9c877d1a6adc2a055330e5c09a8653ce?s=96&d=mm&r=g","caption":"Bruna Greco"}}]}},"_links":{"self":[{"href":"https:\/\/www.manaus.am.gov.br\/semtepi\/wp-json\/wp\/v2\/posts\/2755"}],"collection":[{"href":"https:\/\/www.manaus.am.gov.br\/semtepi\/wp-json\/wp\/v2\/posts"}],"about":[{"href":"https:\/\/www.manaus.am.gov.br\/semtepi\/wp-json\/wp\/v2\/types\/post"}],"author":[{"embeddable":true,"href":"https:\/\/www.manaus.am.gov.br\/semtepi\/wp-json\/wp\/v2\/users\/39"}],"replies":[{"embeddable":true,"href":"https:\/\/www.manaus.am.gov.br\/semtepi\/wp-json\/wp\/v2\/comments?post=2755"}],"version-history":[{"count":1,"href":"https:\/\/www.manaus.am.gov.br\/semtepi\/wp-json\/wp\/v2\/posts\/2755\/revisions"}],"predecessor-version":[{"id":2758,"href":"https:\/\/www.manaus.am.gov.br\/semtepi\/wp-json\/wp\/v2\/posts\/2755\/revisions\/2758"}],"wp:featuredmedia":[{"embeddable":true,"href":"https:\/\/www.manaus.am.gov.br\/semtepi\/wp-json\/wp\/v2\/media\/2757"}],"wp:attachment":[{"href":"https:\/\/www.manaus.am.gov.br\/semtepi\/wp-json\/wp\/v2\/media?parent=2755"}],"wp:term":[{"taxonomy":"category","embeddable":true,"href":"https:\/\/www.manaus.am.gov.br\/semtepi\/wp-json\/wp\/v2\/categories?post=2755"},{"taxonomy":"post_tag","embeddable":true,"href":"https:\/\/www.manaus.am.gov.br\/semtepi\/wp-json\/wp\/v2\/tags?post=2755"}],"curies":[{"name":"wp","href":"https:\/\/api.w.org\/{rel}","templated":true}]}}